{"id":4651,"date":"2025-02-03T09:00:12","date_gmt":"2025-02-03T12:00:12","guid":{"rendered":"https:\/\/transamerica93.com.br\/home\/?p=4651"},"modified":"2025-01-24T23:07:19","modified_gmt":"2025-01-25T02:07:19","slug":"certidao-de-obito-de-rubens-paiva-agora-informa-que-morte-foi-violenta","status":"publish","type":"post","link":"https:\/\/transamerica93.com.br\/home\/certidao-de-obito-de-rubens-paiva-agora-informa-que-morte-foi-violenta\/","title":{"rendered":"Certid\u00e3o de \u00f3bito de Rubens Paiva agora informa que morte foi violenta"},"content":{"rendered":"<div class=\"conteudo-noticia\">\n<p>A certid\u00e3o de \u00f3bito de Rubens Paiva, torturado e morto durante a ditadura militar no Brasil, foi retificada e a partir de agora fica reconhecido que a morte do ex-deputado foi violenta e causada pelo estado brasileiro\u00a0<img decoding=\"async\" data-src=\"https:\/\/agenciabrasil.ebc.com.br\/ebc.png?id=1627862&amp;o=node\" src=\"data:image\/svg+xml;base64,PHN2ZyB3aWR0aD0iMSIgaGVpZ2h0PSIxIiB4bWxucz0iaHR0cDovL3d3dy53My5vcmcvMjAwMC9zdmciPjwvc3ZnPg==\" class=\"lazyload\" \/><img decoding=\"async\" data-src=\"https:\/\/agenciabrasil.ebc.com.br\/ebc.gif?id=1627862&amp;o=node\" src=\"data:image\/svg+xml;base64,PHN2ZyB3aWR0aD0iMSIgaGVpZ2h0PSIxIiB4bWxucz0iaHR0cDovL3d3dy53My5vcmcvMjAwMC9zdmciPjwvc3ZnPg==\" class=\"lazyload\" \/><\/p>\n<p>O documento foi alterado\u00a0depois que\u00a0<a href=\"https:\/\/atos.cnj.jus.br\/files\/original215956202412166760a2dc481d0.pdf\" target=\"_blank\" rel=\"noopener\">resolu\u00e7\u00e3o do Conselho Nacional de Justi\u00e7a<\/a>\u00a0passou a obrigar o estado brasileiro a reconhecer e retificar os registros de mortos e desaparecidos na ditadura. A mudan\u00e7a deve ser feita pelos pr\u00f3prios cart\u00f3rios.<\/p>\n<p>O documento entregue \u00e0 fam\u00edlia de Rubens Paiva diz que a morte foi por causa \u201cn\u00e3o natural; violenta; causada pelo Estado brasileiro no contexto da persegui\u00e7\u00e3o sistem\u00e1tica \u00e0 popula\u00e7\u00e3o identificada como dissidente pol\u00edtica do regime ditatorial instaurado em 1964\u201d.<\/p>\n<p>Para Rog\u00e9rio Sottili, diretor do Instituto Vladimir Herzog,\u00a0 a altera\u00e7\u00e3o da certid\u00e3o\u00a0 de \u00f3bito atende a luta por justi\u00e7a dos familiares dos mortos e desaparecidos da ditadura brasileira. \u201cIsso demonstra que as mulheres desses familiares s\u00e3o as grandes hero\u00ednas, Clarisse Herzog, Eunice Paiva, Ana Dias, e tantas outras Marias e Clarisses e Eunices, que fazem dessa luta uma luta fundamental por justi\u00e7a e que \u00e9 o fundamento para a democracia brasileira\u201d<\/p>\n<h2>Desaparecido<\/h2>\n<p>Em 20 de janeiro de 1971, o ex-parlamentar\u00a0<a href=\"https:\/\/agenciabrasil.ebc.com.br\/direitos-humanos\/noticia\/2025-01\/morte-de-rubens-paiva-completa-54-anos-com-legado-de-luta-reconhecido\" target=\"_blank\" rel=\"noopener\">foi levado da casa dele<\/a>, no Rio de Janeiro, por agentes da ditadura militar brasileira e nunca mais retornou. O atestado de \u00f3bito de Rubens Paiva s\u00f3 foi entregue \u00e0 fam\u00edlia em 1996, 25 anos depois do desaparecimento, sem a causa da morte.<\/p>\n<p>A hist\u00f3ria da fam\u00edlia Paiva \u00e9 o enredo do filme Ainda Estou Aqui, que\u00a0<a href=\"https:\/\/agenciabrasil.ebc.com.br\/cultura\/noticia\/2025-01\/fernanda-torres-e-ainda-estou-aqui-sao-indicados-ao-oscar-2025\" target=\"_blank\" rel=\"noopener\">esta semana recebeu<\/a> tr\u00eas indica\u00e7\u00f5es ao Oscar 2025.<\/p>\n<\/div>\n<div class=\"footer-noticia\">\n<div class=\"editor rowflex\">Edi\u00e7\u00e3o: Aline Leal<\/div>\n<\/div>\n","protected":false},"excerpt":{"rendered":"<p>A certid\u00e3o de \u00f3bito de Rubens Paiva, torturado e morto durante a ditadura militar no Brasil, foi retificada e a partir de agora fica reconhecido que a morte do ex-deputado foi violenta e causada pelo estado brasileiro\u00a0 O documento foi alterado\u00a0depois que\u00a0resolu\u00e7\u00e3o do Conselho Nacional de Justi\u00e7a\u00a0passou a obrigar o estado brasileiro a reconhecer e &hellip;<\/p>\n","protected":false},"author":1,"featured_media":4652,"comment_status":"closed","ping_status":"closed","sticky":false,"template":"","format":"standard","meta":{"footnotes":""},"categories":[30],"tags":[],"class_list":["post-4651","post","type-post","status-publish","format-standard","has-post-thumbnail","hentry","category-geral"],"yoast_head":"<!-- This site is optimized with the Yoast SEO plugin v27.4 - https:\/\/yoast.com\/product\/yoast-seo-wordpress\/ -->\n<title>Certid\u00e3o de \u00f3bito de Rubens Paiva agora informa que morte foi violenta - Transam\u00e9rica Mococa 93,3<\/title>\n<meta name=\"robots\" content=\"index, follow, max-snippet:-1, max-image-preview:large, max-video-preview:-1\" \/>\n<link rel=\"canonical\" href=\"https:\/\/transamerica93.com.br\/home\/certidao-de-obito-de-rubens-paiva-agora-informa-que-morte-foi-violenta\/\" \/>\n<meta property=\"og:locale\" content=\"pt_BR\" \/>\n<meta property=\"og:type\" content=\"article\" \/>\n<meta property=\"og:title\" content=\"Certid\u00e3o de \u00f3bito de Rubens Paiva agora informa que morte foi violenta - Transam\u00e9rica Mococa 93,3\" \/>\n<meta property=\"og:description\" content=\"A certid\u00e3o de \u00f3bito de Rubens Paiva, torturado e morto durante a ditadura militar no Brasil, foi retificada e a partir de agora fica reconhecido que a morte do ex-deputado foi violenta e causada pelo estado brasileiro\u00a0 O documento foi alterado\u00a0depois que\u00a0resolu\u00e7\u00e3o do Conselho Nacional de Justi\u00e7a\u00a0passou a obrigar o estado brasileiro a reconhecer e &hellip;\" \/>\n<meta property=\"og:url\" content=\"https:\/\/transamerica93.com.br\/home\/certidao-de-obito-de-rubens-paiva-agora-informa-que-morte-foi-violenta\/\" \/>\n<meta property=\"og:site_name\" content=\"Transam\u00e9rica Mococa 93,3\" \/>\n<meta property=\"article:publisher\" content=\"https:\/\/www.facebook.com\/transamericamococa\" \/>\n<meta property=\"article:published_time\" content=\"2025-02-03T12:00:12+00:00\" \/>\n<meta property=\"og:image\" content=\"https:\/\/transamerica93.com.br\/home\/wp-content\/uploads\/2025\/01\/1-6.jpg\" \/>\n\t<meta property=\"og:image:width\" content=\"1170\" \/>\n\t<meta property=\"og:image:height\" content=\"761\" \/>\n\t<meta property=\"og:image:type\" content=\"image\/jpeg\" \/>\n<meta name=\"author\" content=\"Reda\u00e7\u00e3o\" \/>\n<meta name=\"twitter:card\" content=\"summary_large_image\" \/>\n<meta name=\"twitter:creator\" content=\"@transamerica933\" \/>\n<meta name=\"twitter:site\" content=\"@transamerica933\" \/>\n<meta name=\"twitter:label1\" content=\"Escrito por\" \/>\n\t<meta name=\"twitter:data1\" content=\"Reda\u00e7\u00e3o\" \/>\n\t<meta name=\"twitter:label2\" content=\"Est. tempo de leitura\" \/>\n\t<meta name=\"twitter:data2\" content=\"3 minutos\" \/>\n<script type=\"application\/ld+json\" class=\"yoast-schema-graph\">{\"@context\":\"https:\\\/\\\/schema.org\",\"@graph\":[{\"@type\":\"Article\",\"@id\":\"https:\\\/\\\/transamerica93.com.br\\\/home\\\/certidao-de-obito-de-rubens-paiva-agora-informa-que-morte-foi-violenta\\\/#article\",\"isPartOf\":{\"@id\":\"https:\\\/\\\/transamerica93.com.br\\\/home\\\/certidao-de-obito-de-rubens-paiva-agora-informa-que-morte-foi-violenta\\\/\"},\"author\":{\"name\":\"Reda\u00e7\u00e3o\",\"@id\":\"https:\\\/\\\/transamerica93.com.br\\\/home\\\/#\\\/schema\\\/person\\\/7fed7c99c0d4562efa8561bc0f543172\"},\"headline\":\"Certid\u00e3o de \u00f3bito de Rubens Paiva agora informa que morte foi violenta\",\"datePublished\":\"2025-02-03T12:00:12+00:00\",\"mainEntityOfPage\":{\"@id\":\"https:\\\/\\\/transamerica93.com.br\\\/home\\\/certidao-de-obito-de-rubens-paiva-agora-informa-que-morte-foi-violenta\\\/\"},\"wordCount\":289,\"publisher\":{\"@id\":\"https:\\\/\\\/transamerica93.com.br\\\/home\\\/#organization\"},\"image\":{\"@id\":\"https:\\\/\\\/transamerica93.com.br\\\/home\\\/certidao-de-obito-de-rubens-paiva-agora-informa-que-morte-foi-violenta\\\/#primaryimage\"},\"thumbnailUrl\":\"https:\\\/\\\/transamerica93.com.br\\\/home\\\/wp-content\\\/uploads\\\/2025\\\/01\\\/1-6.jpg\",\"articleSection\":[\"Geral\"],\"inLanguage\":\"pt-BR\"},{\"@type\":\"WebPage\",\"@id\":\"https:\\\/\\\/transamerica93.com.br\\\/home\\\/certidao-de-obito-de-rubens-paiva-agora-informa-que-morte-foi-violenta\\\/\",\"url\":\"https:\\\/\\\/transamerica93.com.br\\\/home\\\/certidao-de-obito-de-rubens-paiva-agora-informa-que-morte-foi-violenta\\\/\",\"name\":\"Certid\u00e3o de \u00f3bito de Rubens Paiva agora informa que morte foi violenta - Transam\u00e9rica Mococa 93,3\",\"isPartOf\":{\"@id\":\"https:\\\/\\\/transamerica93.com.br\\\/home\\\/#website\"},\"primaryImageOfPage\":{\"@id\":\"https:\\\/\\\/transamerica93.com.br\\\/home\\\/certidao-de-obito-de-rubens-paiva-agora-informa-que-morte-foi-violenta\\\/#primaryimage\"},\"image\":{\"@id\":\"https:\\\/\\\/transamerica93.com.br\\\/home\\\/certidao-de-obito-de-rubens-paiva-agora-informa-que-morte-foi-violenta\\\/#primaryimage\"},\"thumbnailUrl\":\"https:\\\/\\\/transamerica93.com.br\\\/home\\\/wp-content\\\/uploads\\\/2025\\\/01\\\/1-6.jpg\",\"datePublished\":\"2025-02-03T12:00:12+00:00\",\"breadcrumb\":{\"@id\":\"https:\\\/\\\/transamerica93.com.br\\\/home\\\/certidao-de-obito-de-rubens-paiva-agora-informa-que-morte-foi-violenta\\\/#breadcrumb\"},\"inLanguage\":\"pt-BR\",\"potentialAction\":[{\"@type\":\"ReadAction\",\"target\":[\"https:\\\/\\\/transamerica93.com.br\\\/home\\\/certidao-de-obito-de-rubens-paiva-agora-informa-que-morte-foi-violenta\\\/\"]}]},{\"@type\":\"ImageObject\",\"inLanguage\":\"pt-BR\",\"@id\":\"https:\\\/\\\/transamerica93.com.br\\\/home\\\/certidao-de-obito-de-rubens-paiva-agora-informa-que-morte-foi-violenta\\\/#primaryimage\",\"url\":\"https:\\\/\\\/transamerica93.com.br\\\/home\\\/wp-content\\\/uploads\\\/2025\\\/01\\\/1-6.jpg\",\"contentUrl\":\"https:\\\/\\\/transamerica93.com.br\\\/home\\\/wp-content\\\/uploads\\\/2025\\\/01\\\/1-6.jpg\",\"width\":1170,\"height\":761,\"caption\":\"\u00a9 Acervo Fam\u00edlia Rubens Paiva\\\/Divulga\u00e7\u00e3o\"},{\"@type\":\"BreadcrumbList\",\"@id\":\"https:\\\/\\\/transamerica93.com.br\\\/home\\\/certidao-de-obito-de-rubens-paiva-agora-informa-que-morte-foi-violenta\\\/#breadcrumb\",\"itemListElement\":[{\"@type\":\"ListItem\",\"position\":1,\"name\":\"In\u00edcio\",\"item\":\"https:\\\/\\\/transamerica93.com.br\\\/home\\\/\"},{\"@type\":\"ListItem\",\"position\":2,\"name\":\"Certid\u00e3o de \u00f3bito de Rubens Paiva agora informa que morte foi violenta\"}]},{\"@type\":\"WebSite\",\"@id\":\"https:\\\/\\\/transamerica93.com.br\\\/home\\\/#website\",\"url\":\"https:\\\/\\\/transamerica93.com.br\\\/home\\\/\",\"name\":\"Transam\u00e9rica Mococa 93,3\",\"description\":\"\",\"publisher\":{\"@id\":\"https:\\\/\\\/transamerica93.com.br\\\/home\\\/#organization\"},\"potentialAction\":[{\"@type\":\"SearchAction\",\"target\":{\"@type\":\"EntryPoint\",\"urlTemplate\":\"https:\\\/\\\/transamerica93.com.br\\\/home\\\/?s={search_term_string}\"},\"query-input\":{\"@type\":\"PropertyValueSpecification\",\"valueRequired\":true,\"valueName\":\"search_term_string\"}}],\"inLanguage\":\"pt-BR\"},{\"@type\":\"Organization\",\"@id\":\"https:\\\/\\\/transamerica93.com.br\\\/home\\\/#organization\",\"name\":\"Transam\u00e9rica Mococa 93,3\",\"url\":\"https:\\\/\\\/transamerica93.com.br\\\/home\\\/\",\"logo\":{\"@type\":\"ImageObject\",\"inLanguage\":\"pt-BR\",\"@id\":\"https:\\\/\\\/transamerica93.com.br\\\/home\\\/#\\\/schema\\\/logo\\\/image\\\/\",\"url\":\"https:\\\/\\\/transamerica93.com.br\\\/home\\\/wp-content\\\/uploads\\\/2023\\\/10\\\/logo2.png\",\"contentUrl\":\"https:\\\/\\\/transamerica93.com.br\\\/home\\\/wp-content\\\/uploads\\\/2023\\\/10\\\/logo2.png\",\"width\":800,\"height\":500,\"caption\":\"Transam\u00e9rica Mococa 93,3\"},\"image\":{\"@id\":\"https:\\\/\\\/transamerica93.com.br\\\/home\\\/#\\\/schema\\\/logo\\\/image\\\/\"},\"sameAs\":[\"https:\\\/\\\/www.facebook.com\\\/transamericamococa\",\"https:\\\/\\\/x.com\\\/transamerica933\",\"https:\\\/\\\/www.instagram.com\\\/transamericamococa\"]},{\"@type\":\"Person\",\"@id\":\"https:\\\/\\\/transamerica93.com.br\\\/home\\\/#\\\/schema\\\/person\\\/7fed7c99c0d4562efa8561bc0f543172\",\"name\":\"Reda\u00e7\u00e3o\",\"image\":{\"@type\":\"ImageObject\",\"inLanguage\":\"pt-BR\",\"@id\":\"https:\\\/\\\/secure.gravatar.com\\\/avatar\\\/1072c6b775fb02ef8506ce967551d95926669a6b7d2c2147b42eea4d7c68395e?s=96&d=mm&r=g\",\"url\":\"https:\\\/\\\/secure.gravatar.com\\\/avatar\\\/1072c6b775fb02ef8506ce967551d95926669a6b7d2c2147b42eea4d7c68395e?s=96&d=mm&r=g\",\"contentUrl\":\"https:\\\/\\\/secure.gravatar.com\\\/avatar\\\/1072c6b775fb02ef8506ce967551d95926669a6b7d2c2147b42eea4d7c68395e?s=96&d=mm&r=g\",\"caption\":\"Reda\u00e7\u00e3o\"},\"sameAs\":[\"https:\\\/\\\/transamerica93.com.br\\\/home\"],\"url\":\"https:\\\/\\\/transamerica93.com.br\\\/home\\\/author\\\/william\\\/\"}]}<\/script>\n<!-- \/ Yoast SEO plugin. -->","yoast_head_json":{"title":"Certid\u00e3o de \u00f3bito de Rubens Paiva agora informa que morte foi violenta - Transam\u00e9rica Mococa 93,3","robots":{"index":"index","follow":"follow","max-snippet":"max-snippet:-1","max-image-preview":"max-image-preview:large","max-video-preview":"max-video-preview:-1"},"canonical":"https:\/\/transamerica93.com.br\/home\/certidao-de-obito-de-rubens-paiva-agora-informa-que-morte-foi-violenta\/","og_locale":"pt_BR","og_type":"article","og_title":"Certid\u00e3o de \u00f3bito de Rubens Paiva agora informa que morte foi violenta - Transam\u00e9rica Mococa 93,3","og_description":"A certid\u00e3o de \u00f3bito de Rubens Paiva, torturado e morto durante a ditadura militar no Brasil, foi retificada e a partir de agora fica reconhecido que a morte do ex-deputado foi violenta e causada pelo estado brasileiro\u00a0 O documento foi alterado\u00a0depois que\u00a0resolu\u00e7\u00e3o do Conselho Nacional de Justi\u00e7a\u00a0passou a obrigar o estado brasileiro a reconhecer e &hellip;","og_url":"https:\/\/transamerica93.com.br\/home\/certidao-de-obito-de-rubens-paiva-agora-informa-que-morte-foi-violenta\/","og_site_name":"Transam\u00e9rica Mococa 93,3","article_publisher":"https:\/\/www.facebook.com\/transamericamococa","article_published_time":"2025-02-03T12:00:12+00:00","og_image":[{"width":1170,"height":761,"url":"https:\/\/transamerica93.com.br\/home\/wp-content\/uploads\/2025\/01\/1-6.jpg","type":"image\/jpeg"}],"author":"Reda\u00e7\u00e3o","twitter_card":"summary_large_image","twitter_creator":"@transamerica933","twitter_site":"@transamerica933","twitter_misc":{"Escrito por":"Reda\u00e7\u00e3o","Est. tempo de leitura":"3 minutos"},"schema":{"@context":"https:\/\/schema.org","@graph":[{"@type":"Article","@id":"https:\/\/transamerica93.com.br\/home\/certidao-de-obito-de-rubens-paiva-agora-informa-que-morte-foi-violenta\/#article","isPartOf":{"@id":"https:\/\/transamerica93.com.br\/home\/certidao-de-obito-de-rubens-paiva-agora-informa-que-morte-foi-violenta\/"},"author":{"name":"Reda\u00e7\u00e3o","@id":"https:\/\/transamerica93.com.br\/home\/#\/schema\/person\/7fed7c99c0d4562efa8561bc0f543172"},"headline":"Certid\u00e3o de \u00f3bito de Rubens Paiva agora informa que morte foi violenta","datePublished":"2025-02-03T12:00:12+00:00","mainEntityOfPage":{"@id":"https:\/\/transamerica93.com.br\/home\/certidao-de-obito-de-rubens-paiva-agora-informa-que-morte-foi-violenta\/"},"wordCount":289,"publisher":{"@id":"https:\/\/transamerica93.com.br\/home\/#organization"},"image":{"@id":"https:\/\/transamerica93.com.br\/home\/certidao-de-obito-de-rubens-paiva-agora-informa-que-morte-foi-violenta\/#primaryimage"},"thumbnailUrl":"https:\/\/transamerica93.com.br\/home\/wp-content\/uploads\/2025\/01\/1-6.jpg","articleSection":["Geral"],"inLanguage":"pt-BR"},{"@type":"WebPage","@id":"https:\/\/transamerica93.com.br\/home\/certidao-de-obito-de-rubens-paiva-agora-informa-que-morte-foi-violenta\/","url":"https:\/\/transamerica93.com.br\/home\/certidao-de-obito-de-rubens-paiva-agora-informa-que-morte-foi-violenta\/","name":"Certid\u00e3o de \u00f3bito de Rubens Paiva agora informa que morte foi violenta - Transam\u00e9rica Mococa 93,3","isPartOf":{"@id":"https:\/\/transamerica93.com.br\/home\/#website"},"primaryImageOfPage":{"@id":"https:\/\/transamerica93.com.br\/home\/certidao-de-obito-de-rubens-paiva-agora-informa-que-morte-foi-violenta\/#primaryimage"},"image":{"@id":"https:\/\/transamerica93.com.br\/home\/certidao-de-obito-de-rubens-paiva-agora-informa-que-morte-foi-violenta\/#primaryimage"},"thumbnailUrl":"https:\/\/transamerica93.com.br\/home\/wp-content\/uploads\/2025\/01\/1-6.jpg","datePublished":"2025-02-03T12:00:12+00:00","breadcrumb":{"@id":"https:\/\/transamerica93.com.br\/home\/certidao-de-obito-de-rubens-paiva-agora-informa-que-morte-foi-violenta\/#breadcrumb"},"inLanguage":"pt-BR","potentialAction":[{"@type":"ReadAction","target":["https:\/\/transamerica93.com.br\/home\/certidao-de-obito-de-rubens-paiva-agora-informa-que-morte-foi-violenta\/"]}]},{"@type":"ImageObject","inLanguage":"pt-BR","@id":"https:\/\/transamerica93.com.br\/home\/certidao-de-obito-de-rubens-paiva-agora-informa-que-morte-foi-violenta\/#primaryimage","url":"https:\/\/transamerica93.com.br\/home\/wp-content\/uploads\/2025\/01\/1-6.jpg","contentUrl":"https:\/\/transamerica93.com.br\/home\/wp-content\/uploads\/2025\/01\/1-6.jpg","width":1170,"height":761,"caption":"\u00a9 Acervo Fam\u00edlia Rubens Paiva\/Divulga\u00e7\u00e3o"},{"@type":"BreadcrumbList","@id":"https:\/\/transamerica93.com.br\/home\/certidao-de-obito-de-rubens-paiva-agora-informa-que-morte-foi-violenta\/#breadcrumb","itemListElement":[{"@type":"ListItem","position":1,"name":"In\u00edcio","item":"https:\/\/transamerica93.com.br\/home\/"},{"@type":"ListItem","position":2,"name":"Certid\u00e3o de \u00f3bito de Rubens Paiva agora informa que morte foi violenta"}]},{"@type":"WebSite","@id":"https:\/\/transamerica93.com.br\/home\/#website","url":"https:\/\/transamerica93.com.br\/home\/","name":"Transam\u00e9rica Mococa 93,3","description":"","publisher":{"@id":"https:\/\/transamerica93.com.br\/home\/#organization"},"potentialAction":[{"@type":"SearchAction","target":{"@type":"EntryPoint","urlTemplate":"https:\/\/transamerica93.com.br\/home\/?s={search_term_string}"},"query-input":{"@type":"PropertyValueSpecification","valueRequired":true,"valueName":"search_term_string"}}],"inLanguage":"pt-BR"},{"@type":"Organization","@id":"https:\/\/transamerica93.com.br\/home\/#organization","name":"Transam\u00e9rica Mococa 93,3","url":"https:\/\/transamerica93.com.br\/home\/","logo":{"@type":"ImageObject","inLanguage":"pt-BR","@id":"https:\/\/transamerica93.com.br\/home\/#\/schema\/logo\/image\/","url":"https:\/\/transamerica93.com.br\/home\/wp-content\/uploads\/2023\/10\/logo2.png","contentUrl":"https:\/\/transamerica93.com.br\/home\/wp-content\/uploads\/2023\/10\/logo2.png","width":800,"height":500,"caption":"Transam\u00e9rica Mococa 93,3"},"image":{"@id":"https:\/\/transamerica93.com.br\/home\/#\/schema\/logo\/image\/"},"sameAs":["https:\/\/www.facebook.com\/transamericamococa","https:\/\/x.com\/transamerica933","https:\/\/www.instagram.com\/transamericamococa"]},{"@type":"Person","@id":"https:\/\/transamerica93.com.br\/home\/#\/schema\/person\/7fed7c99c0d4562efa8561bc0f543172","name":"Reda\u00e7\u00e3o","image":{"@type":"ImageObject","inLanguage":"pt-BR","@id":"https:\/\/secure.gravatar.com\/avatar\/1072c6b775fb02ef8506ce967551d95926669a6b7d2c2147b42eea4d7c68395e?s=96&d=mm&r=g","url":"https:\/\/secure.gravatar.com\/avatar\/1072c6b775fb02ef8506ce967551d95926669a6b7d2c2147b42eea4d7c68395e?s=96&d=mm&r=g","contentUrl":"https:\/\/secure.gravatar.com\/avatar\/1072c6b775fb02ef8506ce967551d95926669a6b7d2c2147b42eea4d7c68395e?s=96&d=mm&r=g","caption":"Reda\u00e7\u00e3o"},"sameAs":["https:\/\/transamerica93.com.br\/home"],"url":"https:\/\/transamerica93.com.br\/home\/author\/william\/"}]}},"_links":{"self":[{"href":"https:\/\/transamerica93.com.br\/home\/wp-json\/wp\/v2\/posts\/4651","targetHints":{"allow":["GET"]}}],"collection":[{"href":"https:\/\/transamerica93.com.br\/home\/wp-json\/wp\/v2\/posts"}],"about":[{"href":"https:\/\/transamerica93.com.br\/home\/wp-json\/wp\/v2\/types\/post"}],"author":[{"embeddable":true,"href":"https:\/\/transamerica93.com.br\/home\/wp-json\/wp\/v2\/users\/1"}],"replies":[{"embeddable":true,"href":"https:\/\/transamerica93.com.br\/home\/wp-json\/wp\/v2\/comments?post=4651"}],"version-history":[{"count":1,"href":"https:\/\/transamerica93.com.br\/home\/wp-json\/wp\/v2\/posts\/4651\/revisions"}],"predecessor-version":[{"id":4657,"href":"https:\/\/transamerica93.com.br\/home\/wp-json\/wp\/v2\/posts\/4651\/revisions\/4657"}],"wp:featuredmedia":[{"embeddable":true,"href":"https:\/\/transamerica93.com.br\/home\/wp-json\/wp\/v2\/media\/4652"}],"wp:attachment":[{"href":"https:\/\/transamerica93.com.br\/home\/wp-json\/wp\/v2\/media?parent=4651"}],"wp:term":[{"taxonomy":"category","embeddable":true,"href":"https:\/\/transamerica93.com.br\/home\/wp-json\/wp\/v2\/categories?post=4651"},{"taxonomy":"post_tag","embeddable":true,"href":"https:\/\/transamerica93.com.br\/home\/wp-json\/wp\/v2\/tags?post=4651"}],"curies":[{"name":"wp","href":"https:\/\/api.w.org\/{rel}","templated":true}]}}