{"id":4660,"date":"2025-02-05T09:00:58","date_gmt":"2025-02-05T12:00:58","guid":{"rendered":"https:\/\/transamerica93.com.br\/home\/?p=4660"},"modified":"2025-01-24T23:09:54","modified_gmt":"2025-01-25T02:09:54","slug":"saiba-o-que-e-o-bonus-na-conta-de-luz-que-ajudou-a-segurar-a-inflacao","status":"publish","type":"post","link":"https:\/\/transamerica93.com.br\/home\/saiba-o-que-e-o-bonus-na-conta-de-luz-que-ajudou-a-segurar-a-inflacao\/","title":{"rendered":"Saiba o que \u00e9 o b\u00f4nus na conta de luz que ajudou a segurar a infla\u00e7\u00e3o"},"content":{"rendered":"<div class=\"conteudo-noticia\">\n<p>A\u00a0<a href=\"https:\/\/agenciabrasil.ebc.com.br\/economia\/noticia\/2025-01\/previa-da-inflacao-desacelera-e-fica-em-011-em-janeiro-diz-ibge\">pr\u00e9via da infla\u00e7\u00e3o oficial de janeiro<\/a> apurada pelo \u00cdndice Nacional de Pre\u00e7os ao Consumidor Amplo 15 (IPCA-15) ficou em 0,11%.\u00a0O dado foi divulgado pelo Instituto Brasileiro de Geografia e Estat\u00edstica (IBGE) e representa o menor valor mensal desde julho de 2023, quando houve infla\u00e7\u00e3o negativa (-0,07).<img decoding=\"async\" data-src=\"https:\/\/agenciabrasil.ebc.com.br\/ebc.png?id=1627838&amp;o=node\" src=\"data:image\/svg+xml;base64,PHN2ZyB3aWR0aD0iMSIgaGVpZ2h0PSIxIiB4bWxucz0iaHR0cDovL3d3dy53My5vcmcvMjAwMC9zdmciPjwvc3ZnPg==\" class=\"lazyload\" \/><img decoding=\"async\" data-src=\"https:\/\/agenciabrasil.ebc.com.br\/ebc.gif?id=1627838&amp;o=node\" src=\"data:image\/svg+xml;base64,PHN2ZyB3aWR0aD0iMSIgaGVpZ2h0PSIxIiB4bWxucz0iaHR0cDovL3d3dy53My5vcmcvMjAwMC9zdmciPjwvc3ZnPg==\" class=\"lazyload\" \/><\/p>\n<p>A taxa \u00e9 tamb\u00e9m a menor para um m\u00eas de janeiro de todo o plano Real, iniciado em 1994. Os pesquisadores do IBGE identificaram que o custo de vida no m\u00eas foi puxado para cima por itens ligados aos grupos de alimentos e bebidas (1,06%) e transportes (1,01%).<\/p>\n<p>No entanto, o item que mais impactou o IPCA-15 individualmente foi a conta de luz, que regrediu 15,46%, ajudando a segurar a infla\u00e7\u00e3o. Essa varia\u00e7\u00e3o significou diminui\u00e7\u00e3o de 0,6 ponto percentual no IPCA-15.<\/p>\n<h2>B\u00f4nus de Itaipu<\/h2>\n<p>A explica\u00e7\u00e3o para esse al\u00edvio no custo da conta de luz \u00e9 o chamado B\u00f4nus de Itaipu, que beneficiou em janeiro mais de 78,3 milh\u00f5es de consumidores. Isso representa 97% do total de unidades residenciais e rurais no pa\u00eds em 31 de dezembro de 2023.<\/p>\n<p>Esses clientes de companhias el\u00e9tricas recebem na conta deste m\u00eas descontos na tarifa de energia.<\/p>\n<p>No total, o valor do desconto chega a R$ 1,3 bilh\u00e3o. Esse dinheiro representa o saldo positivo na Conta de Comercializa\u00e7\u00e3o de Energia El\u00e9trica da Itaipu, a Conta Itaipu. Esse dinheiro \u00e9 arrecadado pela Itaipu Binacional, que gera energia a partir da usina localizada na fronteira entre o Brasil e o Paraguai, ao longo do rio Paran\u00e1.<\/p>\n<p>Recebem esse dinheiro rateado em forma de descontos os consumidores brasileiros residenciais e rurais que tiveram consumo inferior a 350 quilowatts-hora (kWh) em ao menos um m\u00eas de 2023.<\/p>\n<h2>C\u00e1lculo<\/h2>\n<p>A Tarifa-B\u00f4nus de Itaipu referente a 2023 foi aprovada pela Ag\u00eancia Nacional de Energia El\u00e9trica (Aneel) com o valor de R$ 0,011648844 por kWh.<\/p>\n<p>Para entender quanto vai receber, o consumidor deve multiplicar o valor da Tarifa-B\u00f4nus pelo quantitativo em kWh informado na fatura de energia em cada m\u00eas de 2023 em que o consumo tenha sido inferior a 350 kWh \u2013 o valor do b\u00f4nus para o consumidor ser\u00e1 a soma desses resultados mensais.<\/p>\n<p>Exemplo, se uma fam\u00edlia consumiu exatamente 100 kWh por m\u00eas nos 12 meses do ano, o c\u00e1lculo ser\u00e1 de R$ 0,011648844 (tarifa-b\u00f4nus) x 100 (consumo mensal em kWh) x 12 (meses), totalizando R$ 13,98.<\/p>\n<p>Como a m\u00e9dia de consumo em 2023 entre os 78,3 milh\u00f5es de unidades beneficiadas foi de 119 kWh por m\u00eas, uma fam\u00edlia com esse consumo receberia o b\u00f4nus de R$ 16,66.<\/p>\n<h2>Discrimina\u00e7\u00e3o na conta<\/h2>\n<p>Para saber se foi beneficiado, o consumidor precisa observar a conta de luz emitida pelas distribuidoras. Est\u00e1 discriminado na aba \u201citens da fatura\u201d, como \u201cb\u00f4nus Itaipu art.21, Lei n. 10438\/02\u201d. No mesmo campo, \u00e9 poss\u00edvel verificar exatamente qual o valor do abatimento.<\/p>\n<p>O diretor-geral brasileiro da Itaipu, Enio Verri, comenta que o al\u00edvio na conta \u00e9 um instrumento a mais de combate \u00e0 infla\u00e7\u00e3o. \u201cO c\u00e1lculo da energia el\u00e9trica entra na cesta b\u00e1sica da infla\u00e7\u00e3o, ou seja, quando baixamos o valor da energia el\u00e9trica, a infla\u00e7\u00e3o baixa tamb\u00e9m, e isso ajuda todo o pa\u00eds\u201d, diz.<\/p>\n<h2>Aprova\u00e7\u00e3o<\/h2>\n<p>A conta Itaipu tem apresentado resultado positivo desde 2018. A distribui\u00e7\u00e3o do saldo aos consumidores \u00e9 uma determina\u00e7\u00e3o do Decreto 11.027\/2022.<\/p>\n<p>A distribui\u00e7\u00e3o do saldo de R$ 1,3 bilh\u00e3o foi aprovada em 26 de novembro de 2024 pela Ag\u00eancia Nacional de Energia El\u00e9trica (Aneel) e anunciada pelo Minist\u00e9rio de Minas e Energia (MME).<\/p>\n<p>A decis\u00e3o \u00e9 uma forma de distribuir o lucro de estatais diretamente para a sociedade.<\/p>\n<p>A Empresa Brasileira de Participa\u00e7\u00f5es em Energia Nuclear e Binacional S.A. (ENBPar) \u00e9 a respons\u00e1vel pela gest\u00e3o da Conta de Itaipu e tem a atribui\u00e7\u00e3o de repassar o montante do b\u00f4nus \u00e0s distribuidoras do Sistema Interligado Nacional, para que efetuem o cr\u00e9dito nas faturas dos consumidores.<\/p>\n<\/div>\n<div class=\"footer-noticia\">\n<div class=\"editor rowflex\">Edi\u00e7\u00e3o: Sabrina Craide<\/div>\n<\/div>\n","protected":false},"excerpt":{"rendered":"<p>A\u00a0pr\u00e9via da infla\u00e7\u00e3o oficial de janeiro apurada pelo \u00cdndice Nacional de Pre\u00e7os ao Consumidor Amplo 15 (IPCA-15) ficou em 0,11%.\u00a0O dado foi divulgado pelo Instituto Brasileiro de Geografia e Estat\u00edstica (IBGE) e representa o menor valor mensal desde julho de 2023, quando houve infla\u00e7\u00e3o negativa (-0,07). A taxa \u00e9 tamb\u00e9m a menor para um m\u00eas &hellip;<\/p>\n","protected":false},"author":1,"featured_media":4654,"comment_status":"closed","ping_status":"closed","sticky":false,"template":"","format":"standard","meta":{"footnotes":""},"categories":[30],"tags":[],"class_list":["post-4660","post","type-post","status-publish","format-standard","has-post-thumbnail","hentry","category-geral"],"yoast_head":"<!-- This site is optimized with the Yoast SEO plugin v27.4 - https:\/\/yoast.com\/product\/yoast-seo-wordpress\/ -->\n<title>Saiba o que \u00e9 o b\u00f4nus na conta de luz que ajudou a segurar a infla\u00e7\u00e3o - Transam\u00e9rica Mococa 93,3<\/title>\n<meta name=\"robots\" content=\"index, follow, max-snippet:-1, max-image-preview:large, max-video-preview:-1\" \/>\n<link rel=\"canonical\" href=\"https:\/\/transamerica93.com.br\/home\/saiba-o-que-e-o-bonus-na-conta-de-luz-que-ajudou-a-segurar-a-inflacao\/\" \/>\n<meta property=\"og:locale\" content=\"pt_BR\" \/>\n<meta property=\"og:type\" content=\"article\" \/>\n<meta property=\"og:title\" content=\"Saiba o que \u00e9 o b\u00f4nus na conta de luz que ajudou a segurar a infla\u00e7\u00e3o - Transam\u00e9rica Mococa 93,3\" \/>\n<meta property=\"og:description\" content=\"A\u00a0pr\u00e9via da infla\u00e7\u00e3o oficial de janeiro apurada pelo \u00cdndice Nacional de Pre\u00e7os ao Consumidor Amplo 15 (IPCA-15) ficou em 0,11%.\u00a0O dado foi divulgado pelo Instituto Brasileiro de Geografia e Estat\u00edstica (IBGE) e representa o menor valor mensal desde julho de 2023, quando houve infla\u00e7\u00e3o negativa (-0,07). A taxa \u00e9 tamb\u00e9m a menor para um m\u00eas &hellip;\" \/>\n<meta property=\"og:url\" content=\"https:\/\/transamerica93.com.br\/home\/saiba-o-que-e-o-bonus-na-conta-de-luz-que-ajudou-a-segurar-a-inflacao\/\" \/>\n<meta property=\"og:site_name\" content=\"Transam\u00e9rica Mococa 93,3\" \/>\n<meta property=\"article:publisher\" content=\"https:\/\/www.facebook.com\/transamericamococa\" \/>\n<meta property=\"article:published_time\" content=\"2025-02-05T12:00:58+00:00\" \/>\n<meta property=\"og:image\" content=\"https:\/\/transamerica93.com.br\/home\/wp-content\/uploads\/2025\/01\/3-1.jpg\" \/>\n\t<meta property=\"og:image:width\" content=\"1170\" \/>\n\t<meta property=\"og:image:height\" content=\"700\" \/>\n\t<meta property=\"og:image:type\" content=\"image\/jpeg\" \/>\n<meta name=\"author\" content=\"Reda\u00e7\u00e3o\" \/>\n<meta name=\"twitter:card\" content=\"summary_large_image\" \/>\n<meta name=\"twitter:creator\" content=\"@transamerica933\" \/>\n<meta name=\"twitter:site\" content=\"@transamerica933\" \/>\n<meta name=\"twitter:label1\" content=\"Escrito por\" \/>\n\t<meta name=\"twitter:data1\" content=\"Reda\u00e7\u00e3o\" \/>\n\t<meta name=\"twitter:label2\" content=\"Est. tempo de leitura\" \/>\n\t<meta name=\"twitter:data2\" content=\"5 minutos\" \/>\n<script type=\"application\/ld+json\" class=\"yoast-schema-graph\">{\"@context\":\"https:\\\/\\\/schema.org\",\"@graph\":[{\"@type\":\"Article\",\"@id\":\"https:\\\/\\\/transamerica93.com.br\\\/home\\\/saiba-o-que-e-o-bonus-na-conta-de-luz-que-ajudou-a-segurar-a-inflacao\\\/#article\",\"isPartOf\":{\"@id\":\"https:\\\/\\\/transamerica93.com.br\\\/home\\\/saiba-o-que-e-o-bonus-na-conta-de-luz-que-ajudou-a-segurar-a-inflacao\\\/\"},\"author\":{\"name\":\"Reda\u00e7\u00e3o\",\"@id\":\"https:\\\/\\\/transamerica93.com.br\\\/home\\\/#\\\/schema\\\/person\\\/7fed7c99c0d4562efa8561bc0f543172\"},\"headline\":\"Saiba o que \u00e9 o b\u00f4nus na conta de luz que ajudou a segurar a infla\u00e7\u00e3o\",\"datePublished\":\"2025-02-05T12:00:58+00:00\",\"mainEntityOfPage\":{\"@id\":\"https:\\\/\\\/transamerica93.com.br\\\/home\\\/saiba-o-que-e-o-bonus-na-conta-de-luz-que-ajudou-a-segurar-a-inflacao\\\/\"},\"wordCount\":676,\"publisher\":{\"@id\":\"https:\\\/\\\/transamerica93.com.br\\\/home\\\/#organization\"},\"image\":{\"@id\":\"https:\\\/\\\/transamerica93.com.br\\\/home\\\/saiba-o-que-e-o-bonus-na-conta-de-luz-que-ajudou-a-segurar-a-inflacao\\\/#primaryimage\"},\"thumbnailUrl\":\"https:\\\/\\\/transamerica93.com.br\\\/home\\\/wp-content\\\/uploads\\\/2025\\\/01\\\/3-1.jpg\",\"articleSection\":[\"Geral\"],\"inLanguage\":\"pt-BR\"},{\"@type\":\"WebPage\",\"@id\":\"https:\\\/\\\/transamerica93.com.br\\\/home\\\/saiba-o-que-e-o-bonus-na-conta-de-luz-que-ajudou-a-segurar-a-inflacao\\\/\",\"url\":\"https:\\\/\\\/transamerica93.com.br\\\/home\\\/saiba-o-que-e-o-bonus-na-conta-de-luz-que-ajudou-a-segurar-a-inflacao\\\/\",\"name\":\"Saiba o que \u00e9 o b\u00f4nus na conta de luz que ajudou a segurar a infla\u00e7\u00e3o - Transam\u00e9rica Mococa 93,3\",\"isPartOf\":{\"@id\":\"https:\\\/\\\/transamerica93.com.br\\\/home\\\/#website\"},\"primaryImageOfPage\":{\"@id\":\"https:\\\/\\\/transamerica93.com.br\\\/home\\\/saiba-o-que-e-o-bonus-na-conta-de-luz-que-ajudou-a-segurar-a-inflacao\\\/#primaryimage\"},\"image\":{\"@id\":\"https:\\\/\\\/transamerica93.com.br\\\/home\\\/saiba-o-que-e-o-bonus-na-conta-de-luz-que-ajudou-a-segurar-a-inflacao\\\/#primaryimage\"},\"thumbnailUrl\":\"https:\\\/\\\/transamerica93.com.br\\\/home\\\/wp-content\\\/uploads\\\/2025\\\/01\\\/3-1.jpg\",\"datePublished\":\"2025-02-05T12:00:58+00:00\",\"breadcrumb\":{\"@id\":\"https:\\\/\\\/transamerica93.com.br\\\/home\\\/saiba-o-que-e-o-bonus-na-conta-de-luz-que-ajudou-a-segurar-a-inflacao\\\/#breadcrumb\"},\"inLanguage\":\"pt-BR\",\"potentialAction\":[{\"@type\":\"ReadAction\",\"target\":[\"https:\\\/\\\/transamerica93.com.br\\\/home\\\/saiba-o-que-e-o-bonus-na-conta-de-luz-que-ajudou-a-segurar-a-inflacao\\\/\"]}]},{\"@type\":\"ImageObject\",\"inLanguage\":\"pt-BR\",\"@id\":\"https:\\\/\\\/transamerica93.com.br\\\/home\\\/saiba-o-que-e-o-bonus-na-conta-de-luz-que-ajudou-a-segurar-a-inflacao\\\/#primaryimage\",\"url\":\"https:\\\/\\\/transamerica93.com.br\\\/home\\\/wp-content\\\/uploads\\\/2025\\\/01\\\/3-1.jpg\",\"contentUrl\":\"https:\\\/\\\/transamerica93.com.br\\\/home\\\/wp-content\\\/uploads\\\/2025\\\/01\\\/3-1.jpg\",\"width\":1170,\"height\":700,\"caption\":\"\u00a9 ARTE CONTA DE LUZ\\\/ITAIPU BINACIO\"},{\"@type\":\"BreadcrumbList\",\"@id\":\"https:\\\/\\\/transamerica93.com.br\\\/home\\\/saiba-o-que-e-o-bonus-na-conta-de-luz-que-ajudou-a-segurar-a-inflacao\\\/#breadcrumb\",\"itemListElement\":[{\"@type\":\"ListItem\",\"position\":1,\"name\":\"In\u00edcio\",\"item\":\"https:\\\/\\\/transamerica93.com.br\\\/home\\\/\"},{\"@type\":\"ListItem\",\"position\":2,\"name\":\"Saiba o que \u00e9 o b\u00f4nus na conta de luz que ajudou a segurar a infla\u00e7\u00e3o\"}]},{\"@type\":\"WebSite\",\"@id\":\"https:\\\/\\\/transamerica93.com.br\\\/home\\\/#website\",\"url\":\"https:\\\/\\\/transamerica93.com.br\\\/home\\\/\",\"name\":\"Transam\u00e9rica Mococa 93,3\",\"description\":\"\",\"publisher\":{\"@id\":\"https:\\\/\\\/transamerica93.com.br\\\/home\\\/#organization\"},\"potentialAction\":[{\"@type\":\"SearchAction\",\"target\":{\"@type\":\"EntryPoint\",\"urlTemplate\":\"https:\\\/\\\/transamerica93.com.br\\\/home\\\/?s={search_term_string}\"},\"query-input\":{\"@type\":\"PropertyValueSpecification\",\"valueRequired\":true,\"valueName\":\"search_term_string\"}}],\"inLanguage\":\"pt-BR\"},{\"@type\":\"Organization\",\"@id\":\"https:\\\/\\\/transamerica93.com.br\\\/home\\\/#organization\",\"name\":\"Transam\u00e9rica Mococa 93,3\",\"url\":\"https:\\\/\\\/transamerica93.com.br\\\/home\\\/\",\"logo\":{\"@type\":\"ImageObject\",\"inLanguage\":\"pt-BR\",\"@id\":\"https:\\\/\\\/transamerica93.com.br\\\/home\\\/#\\\/schema\\\/logo\\\/image\\\/\",\"url\":\"https:\\\/\\\/transamerica93.com.br\\\/home\\\/wp-content\\\/uploads\\\/2023\\\/10\\\/logo2.png\",\"contentUrl\":\"https:\\\/\\\/transamerica93.com.br\\\/home\\\/wp-content\\\/uploads\\\/2023\\\/10\\\/logo2.png\",\"width\":800,\"height\":500,\"caption\":\"Transam\u00e9rica Mococa 93,3\"},\"image\":{\"@id\":\"https:\\\/\\\/transamerica93.com.br\\\/home\\\/#\\\/schema\\\/logo\\\/image\\\/\"},\"sameAs\":[\"https:\\\/\\\/www.facebook.com\\\/transamericamococa\",\"https:\\\/\\\/x.com\\\/transamerica933\",\"https:\\\/\\\/www.instagram.com\\\/transamericamococa\"]},{\"@type\":\"Person\",\"@id\":\"https:\\\/\\\/transamerica93.com.br\\\/home\\\/#\\\/schema\\\/person\\\/7fed7c99c0d4562efa8561bc0f543172\",\"name\":\"Reda\u00e7\u00e3o\",\"image\":{\"@type\":\"ImageObject\",\"inLanguage\":\"pt-BR\",\"@id\":\"https:\\\/\\\/secure.gravatar.com\\\/avatar\\\/1072c6b775fb02ef8506ce967551d95926669a6b7d2c2147b42eea4d7c68395e?s=96&d=mm&r=g\",\"url\":\"https:\\\/\\\/secure.gravatar.com\\\/avatar\\\/1072c6b775fb02ef8506ce967551d95926669a6b7d2c2147b42eea4d7c68395e?s=96&d=mm&r=g\",\"contentUrl\":\"https:\\\/\\\/secure.gravatar.com\\\/avatar\\\/1072c6b775fb02ef8506ce967551d95926669a6b7d2c2147b42eea4d7c68395e?s=96&d=mm&r=g\",\"caption\":\"Reda\u00e7\u00e3o\"},\"sameAs\":[\"https:\\\/\\\/transamerica93.com.br\\\/home\"],\"url\":\"https:\\\/\\\/transamerica93.com.br\\\/home\\\/author\\\/william\\\/\"}]}<\/script>\n<!-- \/ Yoast SEO plugin. -->","yoast_head_json":{"title":"Saiba o que \u00e9 o b\u00f4nus na conta de luz que ajudou a segurar a infla\u00e7\u00e3o - Transam\u00e9rica Mococa 93,3","robots":{"index":"index","follow":"follow","max-snippet":"max-snippet:-1","max-image-preview":"max-image-preview:large","max-video-preview":"max-video-preview:-1"},"canonical":"https:\/\/transamerica93.com.br\/home\/saiba-o-que-e-o-bonus-na-conta-de-luz-que-ajudou-a-segurar-a-inflacao\/","og_locale":"pt_BR","og_type":"article","og_title":"Saiba o que \u00e9 o b\u00f4nus na conta de luz que ajudou a segurar a infla\u00e7\u00e3o - Transam\u00e9rica Mococa 93,3","og_description":"A\u00a0pr\u00e9via da infla\u00e7\u00e3o oficial de janeiro apurada pelo \u00cdndice Nacional de Pre\u00e7os ao Consumidor Amplo 15 (IPCA-15) ficou em 0,11%.\u00a0O dado foi divulgado pelo Instituto Brasileiro de Geografia e Estat\u00edstica (IBGE) e representa o menor valor mensal desde julho de 2023, quando houve infla\u00e7\u00e3o negativa (-0,07). A taxa \u00e9 tamb\u00e9m a menor para um m\u00eas &hellip;","og_url":"https:\/\/transamerica93.com.br\/home\/saiba-o-que-e-o-bonus-na-conta-de-luz-que-ajudou-a-segurar-a-inflacao\/","og_site_name":"Transam\u00e9rica Mococa 93,3","article_publisher":"https:\/\/www.facebook.com\/transamericamococa","article_published_time":"2025-02-05T12:00:58+00:00","og_image":[{"width":1170,"height":700,"url":"https:\/\/transamerica93.com.br\/home\/wp-content\/uploads\/2025\/01\/3-1.jpg","type":"image\/jpeg"}],"author":"Reda\u00e7\u00e3o","twitter_card":"summary_large_image","twitter_creator":"@transamerica933","twitter_site":"@transamerica933","twitter_misc":{"Escrito por":"Reda\u00e7\u00e3o","Est. tempo de leitura":"5 minutos"},"schema":{"@context":"https:\/\/schema.org","@graph":[{"@type":"Article","@id":"https:\/\/transamerica93.com.br\/home\/saiba-o-que-e-o-bonus-na-conta-de-luz-que-ajudou-a-segurar-a-inflacao\/#article","isPartOf":{"@id":"https:\/\/transamerica93.com.br\/home\/saiba-o-que-e-o-bonus-na-conta-de-luz-que-ajudou-a-segurar-a-inflacao\/"},"author":{"name":"Reda\u00e7\u00e3o","@id":"https:\/\/transamerica93.com.br\/home\/#\/schema\/person\/7fed7c99c0d4562efa8561bc0f543172"},"headline":"Saiba o que \u00e9 o b\u00f4nus na conta de luz que ajudou a segurar a infla\u00e7\u00e3o","datePublished":"2025-02-05T12:00:58+00:00","mainEntityOfPage":{"@id":"https:\/\/transamerica93.com.br\/home\/saiba-o-que-e-o-bonus-na-conta-de-luz-que-ajudou-a-segurar-a-inflacao\/"},"wordCount":676,"publisher":{"@id":"https:\/\/transamerica93.com.br\/home\/#organization"},"image":{"@id":"https:\/\/transamerica93.com.br\/home\/saiba-o-que-e-o-bonus-na-conta-de-luz-que-ajudou-a-segurar-a-inflacao\/#primaryimage"},"thumbnailUrl":"https:\/\/transamerica93.com.br\/home\/wp-content\/uploads\/2025\/01\/3-1.jpg","articleSection":["Geral"],"inLanguage":"pt-BR"},{"@type":"WebPage","@id":"https:\/\/transamerica93.com.br\/home\/saiba-o-que-e-o-bonus-na-conta-de-luz-que-ajudou-a-segurar-a-inflacao\/","url":"https:\/\/transamerica93.com.br\/home\/saiba-o-que-e-o-bonus-na-conta-de-luz-que-ajudou-a-segurar-a-inflacao\/","name":"Saiba o que \u00e9 o b\u00f4nus na conta de luz que ajudou a segurar a infla\u00e7\u00e3o - Transam\u00e9rica Mococa 93,3","isPartOf":{"@id":"https:\/\/transamerica93.com.br\/home\/#website"},"primaryImageOfPage":{"@id":"https:\/\/transamerica93.com.br\/home\/saiba-o-que-e-o-bonus-na-conta-de-luz-que-ajudou-a-segurar-a-inflacao\/#primaryimage"},"image":{"@id":"https:\/\/transamerica93.com.br\/home\/saiba-o-que-e-o-bonus-na-conta-de-luz-que-ajudou-a-segurar-a-inflacao\/#primaryimage"},"thumbnailUrl":"https:\/\/transamerica93.com.br\/home\/wp-content\/uploads\/2025\/01\/3-1.jpg","datePublished":"2025-02-05T12:00:58+00:00","breadcrumb":{"@id":"https:\/\/transamerica93.com.br\/home\/saiba-o-que-e-o-bonus-na-conta-de-luz-que-ajudou-a-segurar-a-inflacao\/#breadcrumb"},"inLanguage":"pt-BR","potentialAction":[{"@type":"ReadAction","target":["https:\/\/transamerica93.com.br\/home\/saiba-o-que-e-o-bonus-na-conta-de-luz-que-ajudou-a-segurar-a-inflacao\/"]}]},{"@type":"ImageObject","inLanguage":"pt-BR","@id":"https:\/\/transamerica93.com.br\/home\/saiba-o-que-e-o-bonus-na-conta-de-luz-que-ajudou-a-segurar-a-inflacao\/#primaryimage","url":"https:\/\/transamerica93.com.br\/home\/wp-content\/uploads\/2025\/01\/3-1.jpg","contentUrl":"https:\/\/transamerica93.com.br\/home\/wp-content\/uploads\/2025\/01\/3-1.jpg","width":1170,"height":700,"caption":"\u00a9 ARTE CONTA DE LUZ\/ITAIPU BINACIO"},{"@type":"BreadcrumbList","@id":"https:\/\/transamerica93.com.br\/home\/saiba-o-que-e-o-bonus-na-conta-de-luz-que-ajudou-a-segurar-a-inflacao\/#breadcrumb","itemListElement":[{"@type":"ListItem","position":1,"name":"In\u00edcio","item":"https:\/\/transamerica93.com.br\/home\/"},{"@type":"ListItem","position":2,"name":"Saiba o que \u00e9 o b\u00f4nus na conta de luz que ajudou a segurar a infla\u00e7\u00e3o"}]},{"@type":"WebSite","@id":"https:\/\/transamerica93.com.br\/home\/#website","url":"https:\/\/transamerica93.com.br\/home\/","name":"Transam\u00e9rica Mococa 93,3","description":"","publisher":{"@id":"https:\/\/transamerica93.com.br\/home\/#organization"},"potentialAction":[{"@type":"SearchAction","target":{"@type":"EntryPoint","urlTemplate":"https:\/\/transamerica93.com.br\/home\/?s={search_term_string}"},"query-input":{"@type":"PropertyValueSpecification","valueRequired":true,"valueName":"search_term_string"}}],"inLanguage":"pt-BR"},{"@type":"Organization","@id":"https:\/\/transamerica93.com.br\/home\/#organization","name":"Transam\u00e9rica Mococa 93,3","url":"https:\/\/transamerica93.com.br\/home\/","logo":{"@type":"ImageObject","inLanguage":"pt-BR","@id":"https:\/\/transamerica93.com.br\/home\/#\/schema\/logo\/image\/","url":"https:\/\/transamerica93.com.br\/home\/wp-content\/uploads\/2023\/10\/logo2.png","contentUrl":"https:\/\/transamerica93.com.br\/home\/wp-content\/uploads\/2023\/10\/logo2.png","width":800,"height":500,"caption":"Transam\u00e9rica Mococa 93,3"},"image":{"@id":"https:\/\/transamerica93.com.br\/home\/#\/schema\/logo\/image\/"},"sameAs":["https:\/\/www.facebook.com\/transamericamococa","https:\/\/x.com\/transamerica933","https:\/\/www.instagram.com\/transamericamococa"]},{"@type":"Person","@id":"https:\/\/transamerica93.com.br\/home\/#\/schema\/person\/7fed7c99c0d4562efa8561bc0f543172","name":"Reda\u00e7\u00e3o","image":{"@type":"ImageObject","inLanguage":"pt-BR","@id":"https:\/\/secure.gravatar.com\/avatar\/1072c6b775fb02ef8506ce967551d95926669a6b7d2c2147b42eea4d7c68395e?s=96&d=mm&r=g","url":"https:\/\/secure.gravatar.com\/avatar\/1072c6b775fb02ef8506ce967551d95926669a6b7d2c2147b42eea4d7c68395e?s=96&d=mm&r=g","contentUrl":"https:\/\/secure.gravatar.com\/avatar\/1072c6b775fb02ef8506ce967551d95926669a6b7d2c2147b42eea4d7c68395e?s=96&d=mm&r=g","caption":"Reda\u00e7\u00e3o"},"sameAs":["https:\/\/transamerica93.com.br\/home"],"url":"https:\/\/transamerica93.com.br\/home\/author\/william\/"}]}},"_links":{"self":[{"href":"https:\/\/transamerica93.com.br\/home\/wp-json\/wp\/v2\/posts\/4660","targetHints":{"allow":["GET"]}}],"collection":[{"href":"https:\/\/transamerica93.com.br\/home\/wp-json\/wp\/v2\/posts"}],"about":[{"href":"https:\/\/transamerica93.com.br\/home\/wp-json\/wp\/v2\/types\/post"}],"author":[{"embeddable":true,"href":"https:\/\/transamerica93.com.br\/home\/wp-json\/wp\/v2\/users\/1"}],"replies":[{"embeddable":true,"href":"https:\/\/transamerica93.com.br\/home\/wp-json\/wp\/v2\/comments?post=4660"}],"version-history":[{"count":1,"href":"https:\/\/transamerica93.com.br\/home\/wp-json\/wp\/v2\/posts\/4660\/revisions"}],"predecessor-version":[{"id":4661,"href":"https:\/\/transamerica93.com.br\/home\/wp-json\/wp\/v2\/posts\/4660\/revisions\/4661"}],"wp:featuredmedia":[{"embeddable":true,"href":"https:\/\/transamerica93.com.br\/home\/wp-json\/wp\/v2\/media\/4654"}],"wp:attachment":[{"href":"https:\/\/transamerica93.com.br\/home\/wp-json\/wp\/v2\/media?parent=4660"}],"wp:term":[{"taxonomy":"category","embeddable":true,"href":"https:\/\/transamerica93.com.br\/home\/wp-json\/wp\/v2\/categories?post=4660"},{"taxonomy":"post_tag","embeddable":true,"href":"https:\/\/transamerica93.com.br\/home\/wp-json\/wp\/v2\/tags?post=4660"}],"curies":[{"name":"wp","href":"https:\/\/api.w.org\/{rel}","templated":true}]}}