{"id":4662,"date":"2025-02-06T09:00:16","date_gmt":"2025-02-06T12:00:16","guid":{"rendered":"https:\/\/transamerica93.com.br\/home\/?p=4662"},"modified":"2025-01-24T23:11:30","modified_gmt":"2025-01-25T02:11:30","slug":"sociedade-medica-alerta-para-baixa-procura-da-vacina-contra-a-dengue","status":"publish","type":"post","link":"https:\/\/transamerica93.com.br\/home\/sociedade-medica-alerta-para-baixa-procura-da-vacina-contra-a-dengue\/","title":{"rendered":"Sociedade m\u00e9dica alerta para baixa procura da vacina contra a dengue"},"content":{"rendered":"<div class=\"conteudo-noticia\">\n<p>A Sociedade Brasileira de Imuniza\u00e7\u00f5es (SBIm) emitiu um alerta sobre a baixa procura por vacina contra a dengue. O imunizante est\u00e1 dispon\u00edvel para um grupo restrito de pessoas em 1,9 mil cidades nas quais a doen\u00e7a \u00e9 mais frequente. Apenas metade das doses distribu\u00eddas pelo Minist\u00e9rio da Sa\u00fade para estados e munic\u00edpios foi aplicada.<img decoding=\"async\" data-src=\"https:\/\/agenciabrasil.ebc.com.br\/ebc.png?id=1627830&amp;o=node\" src=\"data:image\/svg+xml;base64,PHN2ZyB3aWR0aD0iMSIgaGVpZ2h0PSIxIiB4bWxucz0iaHR0cDovL3d3dy53My5vcmcvMjAwMC9zdmciPjwvc3ZnPg==\" class=\"lazyload\" \/><img decoding=\"async\" data-src=\"https:\/\/agenciabrasil.ebc.com.br\/ebc.gif?id=1627830&amp;o=node\" src=\"data:image\/svg+xml;base64,PHN2ZyB3aWR0aD0iMSIgaGVpZ2h0PSIxIiB4bWxucz0iaHR0cDovL3d3dy53My5vcmcvMjAwMC9zdmciPjwvc3ZnPg==\" class=\"lazyload\" \/><\/p>\n<p>De acordo com a pasta, de 2024 a 20 de janeiro de 2025, foram distribu\u00eddas 6.370.966 doses. A Rede Nacional de Dados em Sa\u00fade (RNDS) indica que 3.205.625 foram aplicadas at\u00e9 o momento.<\/p>\n<p>Em 2024, o pa\u00eds teve registro recorde de dengue: 6.629.595 casos prov\u00e1veis e 6.103 mortes. Est\u00e3o ainda em investiga\u00e7\u00e3o 761 \u00f3bitos. Os dados fazem parte do painel de monitoramento do Minist\u00e9rio da Sa\u00fade e traz informa\u00e7\u00f5es at\u00e9 28 de dezembro de 2024. Em 2025, s\u00e3o 101.485 casos prov\u00e1veis e 15 mortes confirmadas.<\/p>\n<h2>A vacina<\/h2>\n<p>A vacina contra a dengue, Qdenga, produzida pelo laborat\u00f3rio japon\u00eas Takeda Pharma e aprovada pela Ag\u00eancia Nacional de Vigil\u00e2ncia Sanit\u00e1ria (Anvisa), come\u00e7ou a ser distribu\u00edda no pa\u00eds em fevereiro de 2024.<\/p>\n<p>Por causa da capacidade limitada do fabricante, a quantidade de doses adquiridas pelo governo brasileiro precisou ser restrita ao p\u00fablico-alvo de crian\u00e7as de 10 a 14 anos, faixa et\u00e1ria que concentra o maior n\u00famero de hospitaliza\u00e7\u00e3o por dengue, depois de pessoas idosas, grupo para o qual a vacina n\u00e3o foi liberada pela Anvisa.<\/p>\n<p>A Qdenga \u00e9 aplicada em duas doses com intervalo de 90 dias.<\/p>\n<p>A presidente da SBIm, M\u00f4nica Levi, destaca que o Brasil foi o primeiro pa\u00eds a oferecer a vacina contra a dengue na rede p\u00fablica. No entanto, lamenta o que classifica como \u201cbaixa procura\u201d. Ela ressalta que a Qdenga \u00e9 um imunizante seguro e eficaz.<\/p>\n<p>\u201cQualquer vacina para ser aprovada e licenciada no pa\u00eds passa por uma s\u00e9rie de crit\u00e9rios de aprova\u00e7\u00e3o, e essa vacina Qdenga, do laborat\u00f3rio Takeda, foi aprovada no Brasil, na Europa, na Argentina, em v\u00e1rios da \u00c1sia, em v\u00e1rios pa\u00edses do mundo\u201d, afirmou \u00e0\u00a0<strong>Ag\u00eancia Brasil<\/strong>.<\/p>\n<p>Ela refor\u00e7a o benef\u00edcio de completar o ciclo de duas aplica\u00e7\u00f5es. \u201cA segunda dose \u00e9 respons\u00e1vel, principalmente, pela prote\u00e7\u00e3o de mais longa dura\u00e7\u00e3o, de pelo menos mais quatro anos e meio\u201d, explica.<\/p>\n<p>M\u00f4nica Levi orienta que quem perdeu o prazo de 90 dias pode tomar a dose adicional normalmente. A cidade do Rio de Janeiro, por exemplo,\u00a0<a href=\"https:\/\/agenciabrasil.ebc.com.br\/saude\/noticia\/2025-01\/rio-alerta-para-2a-dose-da-vacina-contra-dengue-em-criancas\">convocou crian\u00e7as e adolescentes para receberem a dose adicional<\/a>.<\/p>\n<p>\u201cSe houver atraso do esquema, a primeira dose continua v\u00e1lida, jamais [deve] recome\u00e7ar. Dose dada \u00e9 dose computada no nosso sistema imunol\u00f3gico, e o resultado final n\u00e3o tem nenhum preju\u00edzo em um alargamento do intervalo entre as doses. Mas a gente sempre recomenda, dentro do poss\u00edvel, fazer as doses no esquema recomendado\u201d, completa.<\/p>\n<p>O Instituto Butantan, ligado ao governo de S\u00e3o Paulo, anunciou no \u00faltimo dia 22 o in\u00edcio da produ\u00e7\u00e3o dos imunizantes contra a dengue. A vacina se chamar\u00e1 Butantan-DV. Mas ainda \u00e9 preciso aprova\u00e7\u00e3o da Anvisa. A\u00a0<a href=\"https:\/\/agenciabrasil.ebc.com.br\/saude\/noticia\/2025-01\/vacinacao-em-massa-contra-dengue-nao-ocorrera-em-2025\">ministra da Sa\u00fade, N\u00edsia Trindade, n\u00e3o acredita que o pa\u00eds ter\u00e1 vacina\u00e7\u00e3o em massa em 2025.<\/a><\/p>\n<h2>Preven\u00e7\u00e3o e monitoramento<\/h2>\n<p>O alerta da sociedade m\u00e9dica acompanha a<a href=\"https:\/\/agenciabrasil.ebc.com.br\/radioagencia-nacional\/saude\/audio\/2025-01\/ministerio-reforca-acoes-contra-dengue-zika-e-chikungunya\">\u00e7\u00f5es recentes de preven\u00e7\u00e3o e monitoramento do Minist\u00e9rio da Sa\u00fade<\/a>\u00a0e chega em um momento de preocupa\u00e7\u00e3o crescente por causa da detec\u00e7\u00e3o do sorotipo 3 (DENV-3) do v\u00edrus da dengue. Esse tipo n\u00e3o circula de forma predominante no pa\u00eds desde 2008, e grande parte da popula\u00e7\u00e3o est\u00e1 suscet\u00edvel ao DENV-3.<\/p>\n<p><a href=\"https:\/\/agenciabrasil.ebc.com.br\/saude\/noticia\/2025-01\/entenda-o-que-sao-sorotipos-da-dengue-e-por-que-o-tipo-3-preocupa\"><strong>Entenda o que s\u00e3o sorotipos da dengue e por que o tipo 3 preocupa<\/strong><\/a><\/p>\n<p>Procurado pela\u00a0<strong>Ag\u00eancia Brasil<\/strong>, o Minist\u00e9rio da Sa\u00fade explicou que a lista dos 1.921 munic\u00edpios que receberam a Qdenga foi elaborada justamente com o Conselho Nacional de Secret\u00e1rios de Sa\u00fade (Conass) e o Conselho Nacional de Secretarias Municipais de Sa\u00fade (Conasems), ou seja, de acordo com estados e munic\u00edpios.<\/p>\n<p>\u201cAs vacinas s\u00e3o destinadas a regi\u00f5es de sa\u00fade com munic\u00edpios de grande porte, com alta transmiss\u00e3o nos \u00faltimos dez anos e popula\u00e7\u00e3o residente igual ou maior a 100 mil habitantes, levando tamb\u00e9m em conta altas taxas nos \u00faltimos meses\u201d, apontou a pasta. Veja a lista de munic\u00edpios<a href=\"https:\/\/www.gov.br\/saude\/pt-br\/assuntos\/saude-de-a-a-z\/d\/dengue\/vacinacao\">aqui<\/a><\/p>\n<p>O minist\u00e9rio afirma que a baixa disponibilidade para aquisi\u00e7\u00e3o do imunizante faz com que a vacina\u00e7\u00e3o n\u00e3o seja a principal estrat\u00e9gia do governo contra a dengue. Por isso, \u00e9 mantida \u00eanfase na preven\u00e7\u00e3o.<\/p>\n<p>O \u00f3rg\u00e3o destaca que lan\u00e7ou o Plano de A\u00e7\u00e3o para Redu\u00e7\u00e3o da Dengue e Outras Arboviroses (doen\u00e7as transmitidas por insetos, como mosquitos), em parceria com estados, munic\u00edpios e organiza\u00e7\u00f5es.<\/p>\n<p>A iniciativa prev\u00ea a intensifica\u00e7\u00e3o do controle vetorial do Aedes aegypti, o mosquito transmissor da doen\u00e7a, com tecnologias como o m\u00e9todo\u00a0<a href=\"https:\/\/agenciabrasil.ebc.com.br\/saude\/noticia\/2024-04\/dengue-minas-inaugura-biofabrica-do-metodo-wolbachia\">Wolbachia<\/a>, Esta\u00e7\u00f5es Disseminadoras de Larvicidas (EDLs) em \u00e1reas de dif\u00edcil acesso e a T\u00e9cnica do Inseto Est\u00e9ril por Irradia\u00e7\u00e3o (TIE-Irradiado) em aldeias ind\u00edgenas, al\u00e9m da borrifa\u00e7\u00e3o residual em im\u00f3veis p\u00fablicos com grande circula\u00e7\u00e3o de pessoas.<\/p>\n<p>O minist\u00e9rio lembra ainda que instalou, no \u00faltimo dia 9, o Centro de Opera\u00e7\u00f5es de Emerg\u00eancia em Sa\u00fade (COE) para ampliar o\u00a0<a href=\"https:\/\/agenciabrasil.ebc.com.br\/saude\/noticia\/2025-01\/governo-lanca-acoes-para-se-antecipar-periodo-de-alta-da-dengue\">monitoramento de arboviroses<\/a>.<\/p>\n<\/div>\n<div class=\"conteudo-noticia\">\n<div class=\"noticias-relacionadas rel-position rowflex\">\n<div class=\"titulo-noticia-relacionada\"><\/div>\n<\/div>\n<\/div>\n<div class=\"footer-noticia\">\n<div class=\"editor rowflex\">Edi\u00e7\u00e3o: \u00c9rica Santana<\/div>\n<\/div>\n","protected":false},"excerpt":{"rendered":"<p>A Sociedade Brasileira de Imuniza\u00e7\u00f5es (SBIm) emitiu um alerta sobre a baixa procura por vacina contra a dengue. O imunizante est\u00e1 dispon\u00edvel para um grupo restrito de pessoas em 1,9 mil cidades nas quais a doen\u00e7a \u00e9 mais frequente. Apenas metade das doses distribu\u00eddas pelo Minist\u00e9rio da Sa\u00fade para estados e munic\u00edpios foi aplicada. De &hellip;<\/p>\n","protected":false},"author":1,"featured_media":4655,"comment_status":"closed","ping_status":"closed","sticky":false,"template":"","format":"standard","meta":{"footnotes":""},"categories":[30],"tags":[],"class_list":["post-4662","post","type-post","status-publish","format-standard","has-post-thumbnail","hentry","category-geral"],"yoast_head":"<!-- This site is optimized with the Yoast SEO plugin v27.4 - https:\/\/yoast.com\/product\/yoast-seo-wordpress\/ -->\n<title>Sociedade m\u00e9dica alerta para baixa procura da vacina contra a dengue - Transam\u00e9rica Mococa 93,3<\/title>\n<meta name=\"robots\" content=\"index, follow, max-snippet:-1, max-image-preview:large, max-video-preview:-1\" \/>\n<link rel=\"canonical\" href=\"https:\/\/transamerica93.com.br\/home\/sociedade-medica-alerta-para-baixa-procura-da-vacina-contra-a-dengue\/\" \/>\n<meta property=\"og:locale\" content=\"pt_BR\" \/>\n<meta property=\"og:type\" content=\"article\" \/>\n<meta property=\"og:title\" content=\"Sociedade m\u00e9dica alerta para baixa procura da vacina contra a dengue - Transam\u00e9rica Mococa 93,3\" \/>\n<meta property=\"og:description\" content=\"A Sociedade Brasileira de Imuniza\u00e7\u00f5es (SBIm) emitiu um alerta sobre a baixa procura por vacina contra a dengue. O imunizante est\u00e1 dispon\u00edvel para um grupo restrito de pessoas em 1,9 mil cidades nas quais a doen\u00e7a \u00e9 mais frequente. Apenas metade das doses distribu\u00eddas pelo Minist\u00e9rio da Sa\u00fade para estados e munic\u00edpios foi aplicada. De &hellip;\" \/>\n<meta property=\"og:url\" content=\"https:\/\/transamerica93.com.br\/home\/sociedade-medica-alerta-para-baixa-procura-da-vacina-contra-a-dengue\/\" \/>\n<meta property=\"og:site_name\" content=\"Transam\u00e9rica Mococa 93,3\" \/>\n<meta property=\"article:publisher\" content=\"https:\/\/www.facebook.com\/transamericamococa\" \/>\n<meta property=\"article:published_time\" content=\"2025-02-06T12:00:16+00:00\" \/>\n<meta property=\"og:image\" content=\"https:\/\/transamerica93.com.br\/home\/wp-content\/uploads\/2025\/01\/4-1.jpg\" \/>\n\t<meta property=\"og:image:width\" content=\"1170\" \/>\n\t<meta property=\"og:image:height\" content=\"700\" \/>\n\t<meta property=\"og:image:type\" content=\"image\/jpeg\" \/>\n<meta name=\"author\" content=\"Reda\u00e7\u00e3o\" \/>\n<meta name=\"twitter:card\" content=\"summary_large_image\" \/>\n<meta name=\"twitter:creator\" content=\"@transamerica933\" \/>\n<meta name=\"twitter:site\" content=\"@transamerica933\" \/>\n<meta name=\"twitter:label1\" content=\"Escrito por\" \/>\n\t<meta name=\"twitter:data1\" content=\"Reda\u00e7\u00e3o\" \/>\n\t<meta name=\"twitter:label2\" content=\"Est. tempo de leitura\" \/>\n\t<meta name=\"twitter:data2\" content=\"6 minutos\" \/>\n<script type=\"application\/ld+json\" class=\"yoast-schema-graph\">{\"@context\":\"https:\\\/\\\/schema.org\",\"@graph\":[{\"@type\":\"Article\",\"@id\":\"https:\\\/\\\/transamerica93.com.br\\\/home\\\/sociedade-medica-alerta-para-baixa-procura-da-vacina-contra-a-dengue\\\/#article\",\"isPartOf\":{\"@id\":\"https:\\\/\\\/transamerica93.com.br\\\/home\\\/sociedade-medica-alerta-para-baixa-procura-da-vacina-contra-a-dengue\\\/\"},\"author\":{\"name\":\"Reda\u00e7\u00e3o\",\"@id\":\"https:\\\/\\\/transamerica93.com.br\\\/home\\\/#\\\/schema\\\/person\\\/7fed7c99c0d4562efa8561bc0f543172\"},\"headline\":\"Sociedade m\u00e9dica alerta para baixa procura da vacina contra a dengue\",\"datePublished\":\"2025-02-06T12:00:16+00:00\",\"mainEntityOfPage\":{\"@id\":\"https:\\\/\\\/transamerica93.com.br\\\/home\\\/sociedade-medica-alerta-para-baixa-procura-da-vacina-contra-a-dengue\\\/\"},\"wordCount\":917,\"publisher\":{\"@id\":\"https:\\\/\\\/transamerica93.com.br\\\/home\\\/#organization\"},\"image\":{\"@id\":\"https:\\\/\\\/transamerica93.com.br\\\/home\\\/sociedade-medica-alerta-para-baixa-procura-da-vacina-contra-a-dengue\\\/#primaryimage\"},\"thumbnailUrl\":\"https:\\\/\\\/transamerica93.com.br\\\/home\\\/wp-content\\\/uploads\\\/2025\\\/01\\\/4-1.jpg\",\"articleSection\":[\"Geral\"],\"inLanguage\":\"pt-BR\"},{\"@type\":\"WebPage\",\"@id\":\"https:\\\/\\\/transamerica93.com.br\\\/home\\\/sociedade-medica-alerta-para-baixa-procura-da-vacina-contra-a-dengue\\\/\",\"url\":\"https:\\\/\\\/transamerica93.com.br\\\/home\\\/sociedade-medica-alerta-para-baixa-procura-da-vacina-contra-a-dengue\\\/\",\"name\":\"Sociedade m\u00e9dica alerta para baixa procura da vacina contra a dengue - Transam\u00e9rica Mococa 93,3\",\"isPartOf\":{\"@id\":\"https:\\\/\\\/transamerica93.com.br\\\/home\\\/#website\"},\"primaryImageOfPage\":{\"@id\":\"https:\\\/\\\/transamerica93.com.br\\\/home\\\/sociedade-medica-alerta-para-baixa-procura-da-vacina-contra-a-dengue\\\/#primaryimage\"},\"image\":{\"@id\":\"https:\\\/\\\/transamerica93.com.br\\\/home\\\/sociedade-medica-alerta-para-baixa-procura-da-vacina-contra-a-dengue\\\/#primaryimage\"},\"thumbnailUrl\":\"https:\\\/\\\/transamerica93.com.br\\\/home\\\/wp-content\\\/uploads\\\/2025\\\/01\\\/4-1.jpg\",\"datePublished\":\"2025-02-06T12:00:16+00:00\",\"breadcrumb\":{\"@id\":\"https:\\\/\\\/transamerica93.com.br\\\/home\\\/sociedade-medica-alerta-para-baixa-procura-da-vacina-contra-a-dengue\\\/#breadcrumb\"},\"inLanguage\":\"pt-BR\",\"potentialAction\":[{\"@type\":\"ReadAction\",\"target\":[\"https:\\\/\\\/transamerica93.com.br\\\/home\\\/sociedade-medica-alerta-para-baixa-procura-da-vacina-contra-a-dengue\\\/\"]}]},{\"@type\":\"ImageObject\",\"inLanguage\":\"pt-BR\",\"@id\":\"https:\\\/\\\/transamerica93.com.br\\\/home\\\/sociedade-medica-alerta-para-baixa-procura-da-vacina-contra-a-dengue\\\/#primaryimage\",\"url\":\"https:\\\/\\\/transamerica93.com.br\\\/home\\\/wp-content\\\/uploads\\\/2025\\\/01\\\/4-1.jpg\",\"contentUrl\":\"https:\\\/\\\/transamerica93.com.br\\\/home\\\/wp-content\\\/uploads\\\/2025\\\/01\\\/4-1.jpg\",\"width\":1170,\"height\":700,\"caption\":\"\u00a9 Fabio Rodrigues-Pozzebom\\\/ Ag\u00eancia Brasil\"},{\"@type\":\"BreadcrumbList\",\"@id\":\"https:\\\/\\\/transamerica93.com.br\\\/home\\\/sociedade-medica-alerta-para-baixa-procura-da-vacina-contra-a-dengue\\\/#breadcrumb\",\"itemListElement\":[{\"@type\":\"ListItem\",\"position\":1,\"name\":\"In\u00edcio\",\"item\":\"https:\\\/\\\/transamerica93.com.br\\\/home\\\/\"},{\"@type\":\"ListItem\",\"position\":2,\"name\":\"Sociedade m\u00e9dica alerta para baixa procura da vacina contra a dengue\"}]},{\"@type\":\"WebSite\",\"@id\":\"https:\\\/\\\/transamerica93.com.br\\\/home\\\/#website\",\"url\":\"https:\\\/\\\/transamerica93.com.br\\\/home\\\/\",\"name\":\"Transam\u00e9rica Mococa 93,3\",\"description\":\"\",\"publisher\":{\"@id\":\"https:\\\/\\\/transamerica93.com.br\\\/home\\\/#organization\"},\"potentialAction\":[{\"@type\":\"SearchAction\",\"target\":{\"@type\":\"EntryPoint\",\"urlTemplate\":\"https:\\\/\\\/transamerica93.com.br\\\/home\\\/?s={search_term_string}\"},\"query-input\":{\"@type\":\"PropertyValueSpecification\",\"valueRequired\":true,\"valueName\":\"search_term_string\"}}],\"inLanguage\":\"pt-BR\"},{\"@type\":\"Organization\",\"@id\":\"https:\\\/\\\/transamerica93.com.br\\\/home\\\/#organization\",\"name\":\"Transam\u00e9rica Mococa 93,3\",\"url\":\"https:\\\/\\\/transamerica93.com.br\\\/home\\\/\",\"logo\":{\"@type\":\"ImageObject\",\"inLanguage\":\"pt-BR\",\"@id\":\"https:\\\/\\\/transamerica93.com.br\\\/home\\\/#\\\/schema\\\/logo\\\/image\\\/\",\"url\":\"https:\\\/\\\/transamerica93.com.br\\\/home\\\/wp-content\\\/uploads\\\/2023\\\/10\\\/logo2.png\",\"contentUrl\":\"https:\\\/\\\/transamerica93.com.br\\\/home\\\/wp-content\\\/uploads\\\/2023\\\/10\\\/logo2.png\",\"width\":800,\"height\":500,\"caption\":\"Transam\u00e9rica Mococa 93,3\"},\"image\":{\"@id\":\"https:\\\/\\\/transamerica93.com.br\\\/home\\\/#\\\/schema\\\/logo\\\/image\\\/\"},\"sameAs\":[\"https:\\\/\\\/www.facebook.com\\\/transamericamococa\",\"https:\\\/\\\/x.com\\\/transamerica933\",\"https:\\\/\\\/www.instagram.com\\\/transamericamococa\"]},{\"@type\":\"Person\",\"@id\":\"https:\\\/\\\/transamerica93.com.br\\\/home\\\/#\\\/schema\\\/person\\\/7fed7c99c0d4562efa8561bc0f543172\",\"name\":\"Reda\u00e7\u00e3o\",\"image\":{\"@type\":\"ImageObject\",\"inLanguage\":\"pt-BR\",\"@id\":\"https:\\\/\\\/secure.gravatar.com\\\/avatar\\\/1072c6b775fb02ef8506ce967551d95926669a6b7d2c2147b42eea4d7c68395e?s=96&d=mm&r=g\",\"url\":\"https:\\\/\\\/secure.gravatar.com\\\/avatar\\\/1072c6b775fb02ef8506ce967551d95926669a6b7d2c2147b42eea4d7c68395e?s=96&d=mm&r=g\",\"contentUrl\":\"https:\\\/\\\/secure.gravatar.com\\\/avatar\\\/1072c6b775fb02ef8506ce967551d95926669a6b7d2c2147b42eea4d7c68395e?s=96&d=mm&r=g\",\"caption\":\"Reda\u00e7\u00e3o\"},\"sameAs\":[\"https:\\\/\\\/transamerica93.com.br\\\/home\"],\"url\":\"https:\\\/\\\/transamerica93.com.br\\\/home\\\/author\\\/william\\\/\"}]}<\/script>\n<!-- \/ Yoast SEO plugin. -->","yoast_head_json":{"title":"Sociedade m\u00e9dica alerta para baixa procura da vacina contra a dengue - Transam\u00e9rica Mococa 93,3","robots":{"index":"index","follow":"follow","max-snippet":"max-snippet:-1","max-image-preview":"max-image-preview:large","max-video-preview":"max-video-preview:-1"},"canonical":"https:\/\/transamerica93.com.br\/home\/sociedade-medica-alerta-para-baixa-procura-da-vacina-contra-a-dengue\/","og_locale":"pt_BR","og_type":"article","og_title":"Sociedade m\u00e9dica alerta para baixa procura da vacina contra a dengue - Transam\u00e9rica Mococa 93,3","og_description":"A Sociedade Brasileira de Imuniza\u00e7\u00f5es (SBIm) emitiu um alerta sobre a baixa procura por vacina contra a dengue. O imunizante est\u00e1 dispon\u00edvel para um grupo restrito de pessoas em 1,9 mil cidades nas quais a doen\u00e7a \u00e9 mais frequente. Apenas metade das doses distribu\u00eddas pelo Minist\u00e9rio da Sa\u00fade para estados e munic\u00edpios foi aplicada. De &hellip;","og_url":"https:\/\/transamerica93.com.br\/home\/sociedade-medica-alerta-para-baixa-procura-da-vacina-contra-a-dengue\/","og_site_name":"Transam\u00e9rica Mococa 93,3","article_publisher":"https:\/\/www.facebook.com\/transamericamococa","article_published_time":"2025-02-06T12:00:16+00:00","og_image":[{"width":1170,"height":700,"url":"https:\/\/transamerica93.com.br\/home\/wp-content\/uploads\/2025\/01\/4-1.jpg","type":"image\/jpeg"}],"author":"Reda\u00e7\u00e3o","twitter_card":"summary_large_image","twitter_creator":"@transamerica933","twitter_site":"@transamerica933","twitter_misc":{"Escrito por":"Reda\u00e7\u00e3o","Est. tempo de leitura":"6 minutos"},"schema":{"@context":"https:\/\/schema.org","@graph":[{"@type":"Article","@id":"https:\/\/transamerica93.com.br\/home\/sociedade-medica-alerta-para-baixa-procura-da-vacina-contra-a-dengue\/#article","isPartOf":{"@id":"https:\/\/transamerica93.com.br\/home\/sociedade-medica-alerta-para-baixa-procura-da-vacina-contra-a-dengue\/"},"author":{"name":"Reda\u00e7\u00e3o","@id":"https:\/\/transamerica93.com.br\/home\/#\/schema\/person\/7fed7c99c0d4562efa8561bc0f543172"},"headline":"Sociedade m\u00e9dica alerta para baixa procura da vacina contra a dengue","datePublished":"2025-02-06T12:00:16+00:00","mainEntityOfPage":{"@id":"https:\/\/transamerica93.com.br\/home\/sociedade-medica-alerta-para-baixa-procura-da-vacina-contra-a-dengue\/"},"wordCount":917,"publisher":{"@id":"https:\/\/transamerica93.com.br\/home\/#organization"},"image":{"@id":"https:\/\/transamerica93.com.br\/home\/sociedade-medica-alerta-para-baixa-procura-da-vacina-contra-a-dengue\/#primaryimage"},"thumbnailUrl":"https:\/\/transamerica93.com.br\/home\/wp-content\/uploads\/2025\/01\/4-1.jpg","articleSection":["Geral"],"inLanguage":"pt-BR"},{"@type":"WebPage","@id":"https:\/\/transamerica93.com.br\/home\/sociedade-medica-alerta-para-baixa-procura-da-vacina-contra-a-dengue\/","url":"https:\/\/transamerica93.com.br\/home\/sociedade-medica-alerta-para-baixa-procura-da-vacina-contra-a-dengue\/","name":"Sociedade m\u00e9dica alerta para baixa procura da vacina contra a dengue - Transam\u00e9rica Mococa 93,3","isPartOf":{"@id":"https:\/\/transamerica93.com.br\/home\/#website"},"primaryImageOfPage":{"@id":"https:\/\/transamerica93.com.br\/home\/sociedade-medica-alerta-para-baixa-procura-da-vacina-contra-a-dengue\/#primaryimage"},"image":{"@id":"https:\/\/transamerica93.com.br\/home\/sociedade-medica-alerta-para-baixa-procura-da-vacina-contra-a-dengue\/#primaryimage"},"thumbnailUrl":"https:\/\/transamerica93.com.br\/home\/wp-content\/uploads\/2025\/01\/4-1.jpg","datePublished":"2025-02-06T12:00:16+00:00","breadcrumb":{"@id":"https:\/\/transamerica93.com.br\/home\/sociedade-medica-alerta-para-baixa-procura-da-vacina-contra-a-dengue\/#breadcrumb"},"inLanguage":"pt-BR","potentialAction":[{"@type":"ReadAction","target":["https:\/\/transamerica93.com.br\/home\/sociedade-medica-alerta-para-baixa-procura-da-vacina-contra-a-dengue\/"]}]},{"@type":"ImageObject","inLanguage":"pt-BR","@id":"https:\/\/transamerica93.com.br\/home\/sociedade-medica-alerta-para-baixa-procura-da-vacina-contra-a-dengue\/#primaryimage","url":"https:\/\/transamerica93.com.br\/home\/wp-content\/uploads\/2025\/01\/4-1.jpg","contentUrl":"https:\/\/transamerica93.com.br\/home\/wp-content\/uploads\/2025\/01\/4-1.jpg","width":1170,"height":700,"caption":"\u00a9 Fabio Rodrigues-Pozzebom\/ Ag\u00eancia Brasil"},{"@type":"BreadcrumbList","@id":"https:\/\/transamerica93.com.br\/home\/sociedade-medica-alerta-para-baixa-procura-da-vacina-contra-a-dengue\/#breadcrumb","itemListElement":[{"@type":"ListItem","position":1,"name":"In\u00edcio","item":"https:\/\/transamerica93.com.br\/home\/"},{"@type":"ListItem","position":2,"name":"Sociedade m\u00e9dica alerta para baixa procura da vacina contra a dengue"}]},{"@type":"WebSite","@id":"https:\/\/transamerica93.com.br\/home\/#website","url":"https:\/\/transamerica93.com.br\/home\/","name":"Transam\u00e9rica Mococa 93,3","description":"","publisher":{"@id":"https:\/\/transamerica93.com.br\/home\/#organization"},"potentialAction":[{"@type":"SearchAction","target":{"@type":"EntryPoint","urlTemplate":"https:\/\/transamerica93.com.br\/home\/?s={search_term_string}"},"query-input":{"@type":"PropertyValueSpecification","valueRequired":true,"valueName":"search_term_string"}}],"inLanguage":"pt-BR"},{"@type":"Organization","@id":"https:\/\/transamerica93.com.br\/home\/#organization","name":"Transam\u00e9rica Mococa 93,3","url":"https:\/\/transamerica93.com.br\/home\/","logo":{"@type":"ImageObject","inLanguage":"pt-BR","@id":"https:\/\/transamerica93.com.br\/home\/#\/schema\/logo\/image\/","url":"https:\/\/transamerica93.com.br\/home\/wp-content\/uploads\/2023\/10\/logo2.png","contentUrl":"https:\/\/transamerica93.com.br\/home\/wp-content\/uploads\/2023\/10\/logo2.png","width":800,"height":500,"caption":"Transam\u00e9rica Mococa 93,3"},"image":{"@id":"https:\/\/transamerica93.com.br\/home\/#\/schema\/logo\/image\/"},"sameAs":["https:\/\/www.facebook.com\/transamericamococa","https:\/\/x.com\/transamerica933","https:\/\/www.instagram.com\/transamericamococa"]},{"@type":"Person","@id":"https:\/\/transamerica93.com.br\/home\/#\/schema\/person\/7fed7c99c0d4562efa8561bc0f543172","name":"Reda\u00e7\u00e3o","image":{"@type":"ImageObject","inLanguage":"pt-BR","@id":"https:\/\/secure.gravatar.com\/avatar\/1072c6b775fb02ef8506ce967551d95926669a6b7d2c2147b42eea4d7c68395e?s=96&d=mm&r=g","url":"https:\/\/secure.gravatar.com\/avatar\/1072c6b775fb02ef8506ce967551d95926669a6b7d2c2147b42eea4d7c68395e?s=96&d=mm&r=g","contentUrl":"https:\/\/secure.gravatar.com\/avatar\/1072c6b775fb02ef8506ce967551d95926669a6b7d2c2147b42eea4d7c68395e?s=96&d=mm&r=g","caption":"Reda\u00e7\u00e3o"},"sameAs":["https:\/\/transamerica93.com.br\/home"],"url":"https:\/\/transamerica93.com.br\/home\/author\/william\/"}]}},"_links":{"self":[{"href":"https:\/\/transamerica93.com.br\/home\/wp-json\/wp\/v2\/posts\/4662","targetHints":{"allow":["GET"]}}],"collection":[{"href":"https:\/\/transamerica93.com.br\/home\/wp-json\/wp\/v2\/posts"}],"about":[{"href":"https:\/\/transamerica93.com.br\/home\/wp-json\/wp\/v2\/types\/post"}],"author":[{"embeddable":true,"href":"https:\/\/transamerica93.com.br\/home\/wp-json\/wp\/v2\/users\/1"}],"replies":[{"embeddable":true,"href":"https:\/\/transamerica93.com.br\/home\/wp-json\/wp\/v2\/comments?post=4662"}],"version-history":[{"count":1,"href":"https:\/\/transamerica93.com.br\/home\/wp-json\/wp\/v2\/posts\/4662\/revisions"}],"predecessor-version":[{"id":4663,"href":"https:\/\/transamerica93.com.br\/home\/wp-json\/wp\/v2\/posts\/4662\/revisions\/4663"}],"wp:featuredmedia":[{"embeddable":true,"href":"https:\/\/transamerica93.com.br\/home\/wp-json\/wp\/v2\/media\/4655"}],"wp:attachment":[{"href":"https:\/\/transamerica93.com.br\/home\/wp-json\/wp\/v2\/media?parent=4662"}],"wp:term":[{"taxonomy":"category","embeddable":true,"href":"https:\/\/transamerica93.com.br\/home\/wp-json\/wp\/v2\/categories?post=4662"},{"taxonomy":"post_tag","embeddable":true,"href":"https:\/\/transamerica93.com.br\/home\/wp-json\/wp\/v2\/tags?post=4662"}],"curies":[{"name":"wp","href":"https:\/\/api.w.org\/{rel}","templated":true}]}}