{"id":4675,"date":"2025-02-06T15:00:09","date_gmt":"2025-02-06T18:00:09","guid":{"rendered":"https:\/\/transamerica93.com.br\/home\/?p=4675"},"modified":"2025-01-24T23:24:42","modified_gmt":"2025-01-25T02:24:42","slug":"lexa-e-internada-com-quadro-de-pre-eclampsia-e-mae-pede-oracoes-nas-redes","status":"publish","type":"post","link":"https:\/\/transamerica93.com.br\/home\/lexa-e-internada-com-quadro-de-pre-eclampsia-e-mae-pede-oracoes-nas-redes\/","title":{"rendered":"Lexa \u00e9 internada com quadro de pr\u00e9-ecl\u00e2mpsia e m\u00e3e pede ora\u00e7\u00f5es nas redes"},"content":{"rendered":"<h6 class=\"Assina\">Por Reda\u00e7\u00e3o O Estado de S. Paulo<\/h6>\n<p>Lexa relatou que n\u00e3o ser\u00e1 Rainha de Bateria para a Unidos da Tijuca no carnaval de 2025. O motivo \u00e9 sua sa\u00fade: ela foi internada com pr\u00e9-ecl\u00e2mpsia em no hospital Santa Joana. Ap\u00f3s a confirma\u00e7\u00e3o do diagn\u00f3stico, sua m\u00e3e, Darlin Ferrattry, pediu ora\u00e7\u00f5es nas redes sociais.<\/p>\n<p>&#8220;Quero pedir a todos que est\u00e3o preocupados com esse momento t\u00e3o delicado que a minha fam\u00edlia est\u00e1 enfrentado: Orem por n\u00f3s&#8221;, pediu Darlin, nos stories do Instagram. Ela tamb\u00e9m revelou um comunicado oficial sobre a condi\u00e7\u00e3o da filha.<\/p>\n<p>Em outra postagem, Lexa explicou que sua prioridade maior \u00e9 a filha, que se chamar\u00e1 Sofia. &#8220;S\u00e3o muitos anos como rainha de bateria, e acho que imaginam a minha dor\u2026 meu maior sonho era passar barriguda na avenida, mas hoje, o meu maior sonho \u00e9 ter a minha filha em seguran\u00e7a&#8221;, escreveu.<\/p>\n<p>Ela completa que seguir\u00e1 as orienta\u00e7\u00f5es m\u00e9dicas: Eu sempre fiz o que estava liberada pra fazer. Quando nos tornamos m\u00e3e, tudo se faz novo! Eu louvo a Deus pela d\u00e1diva da vida, por me fazer m\u00e3e da Sofia, e agora\u2026esse \u00e9 o meu maior foco&#8221;.<\/p>\n<p>Lexa anunciou a gravidez em outubro de 2024, junto do noivo Ricardo Vianna. Ambos revelaram que o beb\u00ea ser\u00e1 uma menina de nome Sofia.<\/p>\n<p>A pr\u00e9-ecl\u00e2mpsia \u00e9 um quadro de hipertens\u00e3o arterial que atinge gr\u00e1vidas a partir da 20\u00aa semana e que pode afetar tanto a m\u00e3e quanto o beb\u00ea. Os sintomas s\u00e3o sutis e variam de acordo com a gravidade da doen\u00e7a.<\/p>\n","protected":false},"excerpt":{"rendered":"<p>Por Reda\u00e7\u00e3o O Estado de S. Paulo Lexa relatou que n\u00e3o ser\u00e1 Rainha de Bateria para a Unidos da Tijuca no carnaval de 2025. O motivo \u00e9 sua sa\u00fade: ela foi internada com pr\u00e9-ecl\u00e2mpsia em no hospital Santa Joana. Ap\u00f3s a confirma\u00e7\u00e3o do diagn\u00f3stico, sua m\u00e3e, Darlin Ferrattry, pediu ora\u00e7\u00f5es nas redes sociais. &#8220;Quero pedir &hellip;<\/p>\n","protected":false},"author":1,"featured_media":4676,"comment_status":"closed","ping_status":"closed","sticky":false,"template":"","format":"standard","meta":{"footnotes":""},"categories":[25],"tags":[],"class_list":["post-4675","post","type-post","status-publish","format-standard","has-post-thumbnail","hentry","category-musica"],"yoast_head":"<!-- This site is optimized with the Yoast SEO plugin v27.4 - https:\/\/yoast.com\/product\/yoast-seo-wordpress\/ -->\n<title>Lexa \u00e9 internada com quadro de pr\u00e9-ecl\u00e2mpsia e m\u00e3e pede ora\u00e7\u00f5es nas redes - Transam\u00e9rica Mococa 93,3<\/title>\n<meta name=\"robots\" content=\"index, follow, max-snippet:-1, max-image-preview:large, max-video-preview:-1\" \/>\n<link rel=\"canonical\" href=\"https:\/\/transamerica93.com.br\/home\/lexa-e-internada-com-quadro-de-pre-eclampsia-e-mae-pede-oracoes-nas-redes\/\" \/>\n<meta property=\"og:locale\" content=\"pt_BR\" \/>\n<meta property=\"og:type\" content=\"article\" \/>\n<meta property=\"og:title\" content=\"Lexa \u00e9 internada com quadro de pr\u00e9-ecl\u00e2mpsia e m\u00e3e pede ora\u00e7\u00f5es nas redes - Transam\u00e9rica Mococa 93,3\" \/>\n<meta property=\"og:description\" content=\"Por Reda\u00e7\u00e3o O Estado de S. Paulo Lexa relatou que n\u00e3o ser\u00e1 Rainha de Bateria para a Unidos da Tijuca no carnaval de 2025. O motivo \u00e9 sua sa\u00fade: ela foi internada com pr\u00e9-ecl\u00e2mpsia em no hospital Santa Joana. Ap\u00f3s a confirma\u00e7\u00e3o do diagn\u00f3stico, sua m\u00e3e, Darlin Ferrattry, pediu ora\u00e7\u00f5es nas redes sociais. &#8220;Quero pedir &hellip;\" \/>\n<meta property=\"og:url\" content=\"https:\/\/transamerica93.com.br\/home\/lexa-e-internada-com-quadro-de-pre-eclampsia-e-mae-pede-oracoes-nas-redes\/\" \/>\n<meta property=\"og:site_name\" content=\"Transam\u00e9rica Mococa 93,3\" \/>\n<meta property=\"article:publisher\" content=\"https:\/\/www.facebook.com\/transamericamococa\" \/>\n<meta property=\"article:published_time\" content=\"2025-02-06T18:00:09+00:00\" \/>\n<meta property=\"og:image\" content=\"https:\/\/transamerica93.com.br\/home\/wp-content\/uploads\/2025\/01\/5-4.jpg\" \/>\n\t<meta property=\"og:image:width\" content=\"1070\" \/>\n\t<meta property=\"og:image:height\" content=\"625\" \/>\n\t<meta property=\"og:image:type\" content=\"image\/jpeg\" \/>\n<meta name=\"author\" content=\"Reda\u00e7\u00e3o\" \/>\n<meta name=\"twitter:card\" content=\"summary_large_image\" \/>\n<meta name=\"twitter:creator\" content=\"@transamerica933\" \/>\n<meta name=\"twitter:site\" content=\"@transamerica933\" \/>\n<meta name=\"twitter:label1\" content=\"Escrito por\" \/>\n\t<meta name=\"twitter:data1\" content=\"Reda\u00e7\u00e3o\" \/>\n\t<meta name=\"twitter:label2\" content=\"Est. tempo de leitura\" \/>\n\t<meta name=\"twitter:data2\" content=\"2 minutos\" \/>\n<script type=\"application\/ld+json\" class=\"yoast-schema-graph\">{\"@context\":\"https:\\\/\\\/schema.org\",\"@graph\":[{\"@type\":\"Article\",\"@id\":\"https:\\\/\\\/transamerica93.com.br\\\/home\\\/lexa-e-internada-com-quadro-de-pre-eclampsia-e-mae-pede-oracoes-nas-redes\\\/#article\",\"isPartOf\":{\"@id\":\"https:\\\/\\\/transamerica93.com.br\\\/home\\\/lexa-e-internada-com-quadro-de-pre-eclampsia-e-mae-pede-oracoes-nas-redes\\\/\"},\"author\":{\"name\":\"Reda\u00e7\u00e3o\",\"@id\":\"https:\\\/\\\/transamerica93.com.br\\\/home\\\/#\\\/schema\\\/person\\\/7fed7c99c0d4562efa8561bc0f543172\"},\"headline\":\"Lexa \u00e9 internada com quadro de pr\u00e9-ecl\u00e2mpsia e m\u00e3e pede ora\u00e7\u00f5es nas redes\",\"datePublished\":\"2025-02-06T18:00:09+00:00\",\"mainEntityOfPage\":{\"@id\":\"https:\\\/\\\/transamerica93.com.br\\\/home\\\/lexa-e-internada-com-quadro-de-pre-eclampsia-e-mae-pede-oracoes-nas-redes\\\/\"},\"wordCount\":290,\"publisher\":{\"@id\":\"https:\\\/\\\/transamerica93.com.br\\\/home\\\/#organization\"},\"image\":{\"@id\":\"https:\\\/\\\/transamerica93.com.br\\\/home\\\/lexa-e-internada-com-quadro-de-pre-eclampsia-e-mae-pede-oracoes-nas-redes\\\/#primaryimage\"},\"thumbnailUrl\":\"https:\\\/\\\/transamerica93.com.br\\\/home\\\/wp-content\\\/uploads\\\/2025\\\/01\\\/5-4.jpg\",\"articleSection\":[\"M\u00fasica\"],\"inLanguage\":\"pt-BR\"},{\"@type\":\"WebPage\",\"@id\":\"https:\\\/\\\/transamerica93.com.br\\\/home\\\/lexa-e-internada-com-quadro-de-pre-eclampsia-e-mae-pede-oracoes-nas-redes\\\/\",\"url\":\"https:\\\/\\\/transamerica93.com.br\\\/home\\\/lexa-e-internada-com-quadro-de-pre-eclampsia-e-mae-pede-oracoes-nas-redes\\\/\",\"name\":\"Lexa \u00e9 internada com quadro de pr\u00e9-ecl\u00e2mpsia e m\u00e3e pede ora\u00e7\u00f5es nas redes - Transam\u00e9rica Mococa 93,3\",\"isPartOf\":{\"@id\":\"https:\\\/\\\/transamerica93.com.br\\\/home\\\/#website\"},\"primaryImageOfPage\":{\"@id\":\"https:\\\/\\\/transamerica93.com.br\\\/home\\\/lexa-e-internada-com-quadro-de-pre-eclampsia-e-mae-pede-oracoes-nas-redes\\\/#primaryimage\"},\"image\":{\"@id\":\"https:\\\/\\\/transamerica93.com.br\\\/home\\\/lexa-e-internada-com-quadro-de-pre-eclampsia-e-mae-pede-oracoes-nas-redes\\\/#primaryimage\"},\"thumbnailUrl\":\"https:\\\/\\\/transamerica93.com.br\\\/home\\\/wp-content\\\/uploads\\\/2025\\\/01\\\/5-4.jpg\",\"datePublished\":\"2025-02-06T18:00:09+00:00\",\"breadcrumb\":{\"@id\":\"https:\\\/\\\/transamerica93.com.br\\\/home\\\/lexa-e-internada-com-quadro-de-pre-eclampsia-e-mae-pede-oracoes-nas-redes\\\/#breadcrumb\"},\"inLanguage\":\"pt-BR\",\"potentialAction\":[{\"@type\":\"ReadAction\",\"target\":[\"https:\\\/\\\/transamerica93.com.br\\\/home\\\/lexa-e-internada-com-quadro-de-pre-eclampsia-e-mae-pede-oracoes-nas-redes\\\/\"]}]},{\"@type\":\"ImageObject\",\"inLanguage\":\"pt-BR\",\"@id\":\"https:\\\/\\\/transamerica93.com.br\\\/home\\\/lexa-e-internada-com-quadro-de-pre-eclampsia-e-mae-pede-oracoes-nas-redes\\\/#primaryimage\",\"url\":\"https:\\\/\\\/transamerica93.com.br\\\/home\\\/wp-content\\\/uploads\\\/2025\\\/01\\\/5-4.jpg\",\"contentUrl\":\"https:\\\/\\\/transamerica93.com.br\\\/home\\\/wp-content\\\/uploads\\\/2025\\\/01\\\/5-4.jpg\",\"width\":1070,\"height\":625,\"caption\":\"Foto: Reprodu\u00e7\u00e3o\\\/Instagram\"},{\"@type\":\"BreadcrumbList\",\"@id\":\"https:\\\/\\\/transamerica93.com.br\\\/home\\\/lexa-e-internada-com-quadro-de-pre-eclampsia-e-mae-pede-oracoes-nas-redes\\\/#breadcrumb\",\"itemListElement\":[{\"@type\":\"ListItem\",\"position\":1,\"name\":\"In\u00edcio\",\"item\":\"https:\\\/\\\/transamerica93.com.br\\\/home\\\/\"},{\"@type\":\"ListItem\",\"position\":2,\"name\":\"Lexa \u00e9 internada com quadro de pr\u00e9-ecl\u00e2mpsia e m\u00e3e pede ora\u00e7\u00f5es nas redes\"}]},{\"@type\":\"WebSite\",\"@id\":\"https:\\\/\\\/transamerica93.com.br\\\/home\\\/#website\",\"url\":\"https:\\\/\\\/transamerica93.com.br\\\/home\\\/\",\"name\":\"Transam\u00e9rica Mococa 93,3\",\"description\":\"\",\"publisher\":{\"@id\":\"https:\\\/\\\/transamerica93.com.br\\\/home\\\/#organization\"},\"potentialAction\":[{\"@type\":\"SearchAction\",\"target\":{\"@type\":\"EntryPoint\",\"urlTemplate\":\"https:\\\/\\\/transamerica93.com.br\\\/home\\\/?s={search_term_string}\"},\"query-input\":{\"@type\":\"PropertyValueSpecification\",\"valueRequired\":true,\"valueName\":\"search_term_string\"}}],\"inLanguage\":\"pt-BR\"},{\"@type\":\"Organization\",\"@id\":\"https:\\\/\\\/transamerica93.com.br\\\/home\\\/#organization\",\"name\":\"Transam\u00e9rica Mococa 93,3\",\"url\":\"https:\\\/\\\/transamerica93.com.br\\\/home\\\/\",\"logo\":{\"@type\":\"ImageObject\",\"inLanguage\":\"pt-BR\",\"@id\":\"https:\\\/\\\/transamerica93.com.br\\\/home\\\/#\\\/schema\\\/logo\\\/image\\\/\",\"url\":\"https:\\\/\\\/transamerica93.com.br\\\/home\\\/wp-content\\\/uploads\\\/2023\\\/10\\\/logo2.png\",\"contentUrl\":\"https:\\\/\\\/transamerica93.com.br\\\/home\\\/wp-content\\\/uploads\\\/2023\\\/10\\\/logo2.png\",\"width\":800,\"height\":500,\"caption\":\"Transam\u00e9rica Mococa 93,3\"},\"image\":{\"@id\":\"https:\\\/\\\/transamerica93.com.br\\\/home\\\/#\\\/schema\\\/logo\\\/image\\\/\"},\"sameAs\":[\"https:\\\/\\\/www.facebook.com\\\/transamericamococa\",\"https:\\\/\\\/x.com\\\/transamerica933\",\"https:\\\/\\\/www.instagram.com\\\/transamericamococa\"]},{\"@type\":\"Person\",\"@id\":\"https:\\\/\\\/transamerica93.com.br\\\/home\\\/#\\\/schema\\\/person\\\/7fed7c99c0d4562efa8561bc0f543172\",\"name\":\"Reda\u00e7\u00e3o\",\"image\":{\"@type\":\"ImageObject\",\"inLanguage\":\"pt-BR\",\"@id\":\"https:\\\/\\\/secure.gravatar.com\\\/avatar\\\/1072c6b775fb02ef8506ce967551d95926669a6b7d2c2147b42eea4d7c68395e?s=96&d=mm&r=g\",\"url\":\"https:\\\/\\\/secure.gravatar.com\\\/avatar\\\/1072c6b775fb02ef8506ce967551d95926669a6b7d2c2147b42eea4d7c68395e?s=96&d=mm&r=g\",\"contentUrl\":\"https:\\\/\\\/secure.gravatar.com\\\/avatar\\\/1072c6b775fb02ef8506ce967551d95926669a6b7d2c2147b42eea4d7c68395e?s=96&d=mm&r=g\",\"caption\":\"Reda\u00e7\u00e3o\"},\"sameAs\":[\"https:\\\/\\\/transamerica93.com.br\\\/home\"],\"url\":\"https:\\\/\\\/transamerica93.com.br\\\/home\\\/author\\\/william\\\/\"}]}<\/script>\n<!-- \/ Yoast SEO plugin. -->","yoast_head_json":{"title":"Lexa \u00e9 internada com quadro de pr\u00e9-ecl\u00e2mpsia e m\u00e3e pede ora\u00e7\u00f5es nas redes - Transam\u00e9rica Mococa 93,3","robots":{"index":"index","follow":"follow","max-snippet":"max-snippet:-1","max-image-preview":"max-image-preview:large","max-video-preview":"max-video-preview:-1"},"canonical":"https:\/\/transamerica93.com.br\/home\/lexa-e-internada-com-quadro-de-pre-eclampsia-e-mae-pede-oracoes-nas-redes\/","og_locale":"pt_BR","og_type":"article","og_title":"Lexa \u00e9 internada com quadro de pr\u00e9-ecl\u00e2mpsia e m\u00e3e pede ora\u00e7\u00f5es nas redes - Transam\u00e9rica Mococa 93,3","og_description":"Por Reda\u00e7\u00e3o O Estado de S. Paulo Lexa relatou que n\u00e3o ser\u00e1 Rainha de Bateria para a Unidos da Tijuca no carnaval de 2025. O motivo \u00e9 sua sa\u00fade: ela foi internada com pr\u00e9-ecl\u00e2mpsia em no hospital Santa Joana. Ap\u00f3s a confirma\u00e7\u00e3o do diagn\u00f3stico, sua m\u00e3e, Darlin Ferrattry, pediu ora\u00e7\u00f5es nas redes sociais. &#8220;Quero pedir &hellip;","og_url":"https:\/\/transamerica93.com.br\/home\/lexa-e-internada-com-quadro-de-pre-eclampsia-e-mae-pede-oracoes-nas-redes\/","og_site_name":"Transam\u00e9rica Mococa 93,3","article_publisher":"https:\/\/www.facebook.com\/transamericamococa","article_published_time":"2025-02-06T18:00:09+00:00","og_image":[{"width":1070,"height":625,"url":"https:\/\/transamerica93.com.br\/home\/wp-content\/uploads\/2025\/01\/5-4.jpg","type":"image\/jpeg"}],"author":"Reda\u00e7\u00e3o","twitter_card":"summary_large_image","twitter_creator":"@transamerica933","twitter_site":"@transamerica933","twitter_misc":{"Escrito por":"Reda\u00e7\u00e3o","Est. tempo de leitura":"2 minutos"},"schema":{"@context":"https:\/\/schema.org","@graph":[{"@type":"Article","@id":"https:\/\/transamerica93.com.br\/home\/lexa-e-internada-com-quadro-de-pre-eclampsia-e-mae-pede-oracoes-nas-redes\/#article","isPartOf":{"@id":"https:\/\/transamerica93.com.br\/home\/lexa-e-internada-com-quadro-de-pre-eclampsia-e-mae-pede-oracoes-nas-redes\/"},"author":{"name":"Reda\u00e7\u00e3o","@id":"https:\/\/transamerica93.com.br\/home\/#\/schema\/person\/7fed7c99c0d4562efa8561bc0f543172"},"headline":"Lexa \u00e9 internada com quadro de pr\u00e9-ecl\u00e2mpsia e m\u00e3e pede ora\u00e7\u00f5es nas redes","datePublished":"2025-02-06T18:00:09+00:00","mainEntityOfPage":{"@id":"https:\/\/transamerica93.com.br\/home\/lexa-e-internada-com-quadro-de-pre-eclampsia-e-mae-pede-oracoes-nas-redes\/"},"wordCount":290,"publisher":{"@id":"https:\/\/transamerica93.com.br\/home\/#organization"},"image":{"@id":"https:\/\/transamerica93.com.br\/home\/lexa-e-internada-com-quadro-de-pre-eclampsia-e-mae-pede-oracoes-nas-redes\/#primaryimage"},"thumbnailUrl":"https:\/\/transamerica93.com.br\/home\/wp-content\/uploads\/2025\/01\/5-4.jpg","articleSection":["M\u00fasica"],"inLanguage":"pt-BR"},{"@type":"WebPage","@id":"https:\/\/transamerica93.com.br\/home\/lexa-e-internada-com-quadro-de-pre-eclampsia-e-mae-pede-oracoes-nas-redes\/","url":"https:\/\/transamerica93.com.br\/home\/lexa-e-internada-com-quadro-de-pre-eclampsia-e-mae-pede-oracoes-nas-redes\/","name":"Lexa \u00e9 internada com quadro de pr\u00e9-ecl\u00e2mpsia e m\u00e3e pede ora\u00e7\u00f5es nas redes - Transam\u00e9rica Mococa 93,3","isPartOf":{"@id":"https:\/\/transamerica93.com.br\/home\/#website"},"primaryImageOfPage":{"@id":"https:\/\/transamerica93.com.br\/home\/lexa-e-internada-com-quadro-de-pre-eclampsia-e-mae-pede-oracoes-nas-redes\/#primaryimage"},"image":{"@id":"https:\/\/transamerica93.com.br\/home\/lexa-e-internada-com-quadro-de-pre-eclampsia-e-mae-pede-oracoes-nas-redes\/#primaryimage"},"thumbnailUrl":"https:\/\/transamerica93.com.br\/home\/wp-content\/uploads\/2025\/01\/5-4.jpg","datePublished":"2025-02-06T18:00:09+00:00","breadcrumb":{"@id":"https:\/\/transamerica93.com.br\/home\/lexa-e-internada-com-quadro-de-pre-eclampsia-e-mae-pede-oracoes-nas-redes\/#breadcrumb"},"inLanguage":"pt-BR","potentialAction":[{"@type":"ReadAction","target":["https:\/\/transamerica93.com.br\/home\/lexa-e-internada-com-quadro-de-pre-eclampsia-e-mae-pede-oracoes-nas-redes\/"]}]},{"@type":"ImageObject","inLanguage":"pt-BR","@id":"https:\/\/transamerica93.com.br\/home\/lexa-e-internada-com-quadro-de-pre-eclampsia-e-mae-pede-oracoes-nas-redes\/#primaryimage","url":"https:\/\/transamerica93.com.br\/home\/wp-content\/uploads\/2025\/01\/5-4.jpg","contentUrl":"https:\/\/transamerica93.com.br\/home\/wp-content\/uploads\/2025\/01\/5-4.jpg","width":1070,"height":625,"caption":"Foto: Reprodu\u00e7\u00e3o\/Instagram"},{"@type":"BreadcrumbList","@id":"https:\/\/transamerica93.com.br\/home\/lexa-e-internada-com-quadro-de-pre-eclampsia-e-mae-pede-oracoes-nas-redes\/#breadcrumb","itemListElement":[{"@type":"ListItem","position":1,"name":"In\u00edcio","item":"https:\/\/transamerica93.com.br\/home\/"},{"@type":"ListItem","position":2,"name":"Lexa \u00e9 internada com quadro de pr\u00e9-ecl\u00e2mpsia e m\u00e3e pede ora\u00e7\u00f5es nas redes"}]},{"@type":"WebSite","@id":"https:\/\/transamerica93.com.br\/home\/#website","url":"https:\/\/transamerica93.com.br\/home\/","name":"Transam\u00e9rica Mococa 93,3","description":"","publisher":{"@id":"https:\/\/transamerica93.com.br\/home\/#organization"},"potentialAction":[{"@type":"SearchAction","target":{"@type":"EntryPoint","urlTemplate":"https:\/\/transamerica93.com.br\/home\/?s={search_term_string}"},"query-input":{"@type":"PropertyValueSpecification","valueRequired":true,"valueName":"search_term_string"}}],"inLanguage":"pt-BR"},{"@type":"Organization","@id":"https:\/\/transamerica93.com.br\/home\/#organization","name":"Transam\u00e9rica Mococa 93,3","url":"https:\/\/transamerica93.com.br\/home\/","logo":{"@type":"ImageObject","inLanguage":"pt-BR","@id":"https:\/\/transamerica93.com.br\/home\/#\/schema\/logo\/image\/","url":"https:\/\/transamerica93.com.br\/home\/wp-content\/uploads\/2023\/10\/logo2.png","contentUrl":"https:\/\/transamerica93.com.br\/home\/wp-content\/uploads\/2023\/10\/logo2.png","width":800,"height":500,"caption":"Transam\u00e9rica Mococa 93,3"},"image":{"@id":"https:\/\/transamerica93.com.br\/home\/#\/schema\/logo\/image\/"},"sameAs":["https:\/\/www.facebook.com\/transamericamococa","https:\/\/x.com\/transamerica933","https:\/\/www.instagram.com\/transamericamococa"]},{"@type":"Person","@id":"https:\/\/transamerica93.com.br\/home\/#\/schema\/person\/7fed7c99c0d4562efa8561bc0f543172","name":"Reda\u00e7\u00e3o","image":{"@type":"ImageObject","inLanguage":"pt-BR","@id":"https:\/\/secure.gravatar.com\/avatar\/1072c6b775fb02ef8506ce967551d95926669a6b7d2c2147b42eea4d7c68395e?s=96&d=mm&r=g","url":"https:\/\/secure.gravatar.com\/avatar\/1072c6b775fb02ef8506ce967551d95926669a6b7d2c2147b42eea4d7c68395e?s=96&d=mm&r=g","contentUrl":"https:\/\/secure.gravatar.com\/avatar\/1072c6b775fb02ef8506ce967551d95926669a6b7d2c2147b42eea4d7c68395e?s=96&d=mm&r=g","caption":"Reda\u00e7\u00e3o"},"sameAs":["https:\/\/transamerica93.com.br\/home"],"url":"https:\/\/transamerica93.com.br\/home\/author\/william\/"}]}},"_links":{"self":[{"href":"https:\/\/transamerica93.com.br\/home\/wp-json\/wp\/v2\/posts\/4675","targetHints":{"allow":["GET"]}}],"collection":[{"href":"https:\/\/transamerica93.com.br\/home\/wp-json\/wp\/v2\/posts"}],"about":[{"href":"https:\/\/transamerica93.com.br\/home\/wp-json\/wp\/v2\/types\/post"}],"author":[{"embeddable":true,"href":"https:\/\/transamerica93.com.br\/home\/wp-json\/wp\/v2\/users\/1"}],"replies":[{"embeddable":true,"href":"https:\/\/transamerica93.com.br\/home\/wp-json\/wp\/v2\/comments?post=4675"}],"version-history":[{"count":1,"href":"https:\/\/transamerica93.com.br\/home\/wp-json\/wp\/v2\/posts\/4675\/revisions"}],"predecessor-version":[{"id":4677,"href":"https:\/\/transamerica93.com.br\/home\/wp-json\/wp\/v2\/posts\/4675\/revisions\/4677"}],"wp:featuredmedia":[{"embeddable":true,"href":"https:\/\/transamerica93.com.br\/home\/wp-json\/wp\/v2\/media\/4676"}],"wp:attachment":[{"href":"https:\/\/transamerica93.com.br\/home\/wp-json\/wp\/v2\/media?parent=4675"}],"wp:term":[{"taxonomy":"category","embeddable":true,"href":"https:\/\/transamerica93.com.br\/home\/wp-json\/wp\/v2\/categories?post=4675"},{"taxonomy":"post_tag","embeddable":true,"href":"https:\/\/transamerica93.com.br\/home\/wp-json\/wp\/v2\/tags?post=4675"}],"curies":[{"name":"wp","href":"https:\/\/api.w.org\/{rel}","templated":true}]}}