{"id":4693,"date":"2025-02-07T15:00:38","date_gmt":"2025-02-07T18:00:38","guid":{"rendered":"https:\/\/transamerica93.com.br\/home\/?p=4693"},"modified":"2025-01-25T20:06:47","modified_gmt":"2025-01-25T23:06:47","slug":"musica-gospel-mobiliza-periferias-e-ganha-data-nacional","status":"publish","type":"post","link":"https:\/\/transamerica93.com.br\/home\/musica-gospel-mobiliza-periferias-e-ganha-data-nacional\/","title":{"rendered":"M\u00fasica gospel mobiliza periferias e ganha data nacional"},"content":{"rendered":"<div class=\"conteudo-noticia\">\n<p>Na caixa de isopor que Samuel Silva carregava havia mais do que trufas de chocolate para vender na porta da igreja. A m\u00e3e dele preparava o doce durante a noite.<img decoding=\"async\" data-src=\"https:\/\/agenciabrasil.ebc.com.br\/ebc.png?id=1616101&amp;o=node\" src=\"data:image\/svg+xml;base64,PHN2ZyB3aWR0aD0iMSIgaGVpZ2h0PSIxIiB4bWxucz0iaHR0cDovL3d3dy53My5vcmcvMjAwMC9zdmciPjwvc3ZnPg==\" class=\"lazyload\" \/><img decoding=\"async\" data-src=\"https:\/\/agenciabrasil.ebc.com.br\/ebc.gif?id=1616101&amp;o=node\" src=\"data:image\/svg+xml;base64,PHN2ZyB3aWR0aD0iMSIgaGVpZ2h0PSIxIiB4bWxucz0iaHR0cDovL3d3dy53My5vcmcvMjAwMC9zdmciPjwvc3ZnPg==\" class=\"lazyload\" \/><\/p>\n<p>Naquele caminho de quase dois quil\u00f4metros de casa, no bairro de Vasco da Gama, at\u00e9 a Assembleia de Deus, na comunidade da Linha do Tiro, na zona norte do Recife, o rapaz de 18 anos andava, pensava e \u2018ouvia\u2019 os sons que poderiam surgir. Sons do contrabaixo que ele sonhava em comprar, por R$ 800, se vendesse todas as trufas depois do culto, a R$ 2. \u201cEu n\u00e3o podia adiar meu sonho\u201d.<\/p>\n<div class=\"dnd-widget-wrapper context-grande_6colunas type-image atom-align-left\">\n<div class=\"dnd-atom-rendered\"><img decoding=\"async\" class=\"alignleft lazyload\" title=\"Jefferson D. Modesto\/Divulga\u00e7\u00e3o\" data-src=\"https:\/\/imagens.ebc.com.br\/1j5ij8iE_bIrQsO_iUwtYnVdLDI=\/463x0\/smart\/https:\/\/agenciabrasil.ebc.com.br\/sites\/default\/files\/thumbnails\/image\/2024\/10\/19\/rivas_-_00382.jpg?itok=wIb0CUdB\" alt=\"Bras\u00edlia (DF) 19\/10\/2024 - Rivanilson Alves, o Rivas, em periferias, evang\u00e9licos dizem que \u201cgospel\u201d tem m\u00faltiplos significados\nFoto: Jefferson D. Modesto\/Divulga\u00e7\u00e3o\" width=\"295\" height=\"415\" src=\"data:image\/svg+xml;base64,PHN2ZyB3aWR0aD0iMSIgaGVpZ2h0PSIxIiB4bWxucz0iaHR0cDovL3d3dy53My5vcmcvMjAwMC9zdmciPjwvc3ZnPg==\" style=\"--smush-placeholder-width: 295px; --smush-placeholder-aspect-ratio: 295\/415;\" \/><\/div>\n<div class=\"dnd-caption-wrapper\">\n<h6 class=\"meta\">Rivanilson Alves, o Rivas, toca na banda Bethel Band &#8211;\u00a0<strong>Jefferson D. Modesto\/Divulga\u00e7\u00e3o<\/strong><\/h6>\n<\/div>\n<\/div>\n<p>Depois de dois anos, ele conseguiu adquirir o instrumento. A igreja evang\u00e9lica foi o lugar em que ele cresceu, aprendeu a tocar, ouvir e cantar as m\u00fasicas crist\u00e3s no domingo, o dia mais esperado da semana.<\/p>\n<p>Dez anos depois, Samuel entende que a &#8220;m\u00fasica de louvor&#8221; o transformou. Tanto que tamb\u00e9m aprendeu o viol\u00e3o.<\/p>\n<p>Na \u00faltima semana, ele classificou como \u201creconhecimento\u201d \u2013 ideia que n\u00e3o \u00e9 unanimidade entre os evang\u00e9licos \u2013 a\u00a0<a href=\"http:\/\/www.planalto.gov.br\/ccivil_03\/_ato2023-2026\/2024\/lei\/L14998.htm\" target=\"_blank\" rel=\"noopener\">lei que instituiu o Dia da M\u00fasica Gospel<\/a>\u00a0no Brasil, em 9 de junho: \u201c\u00e9 bom ter um dia em homenagem. Essa m\u00fasica me traz paz\u201d.<\/p>\n<p>Samuel espera ansiosamente cada domingo para tocar e cantar tamb\u00e9m como al\u00edvio depois de longas jornadas como operador de loja em um supermercado no Recife.<\/p>\n<blockquote><p>\u201cNo meu tempinho livre, eu re\u00fano o pessoal da igreja para a gente ensaiar. A m\u00fasica tem um significado muito grande para a gente\u201d.<\/p><\/blockquote>\n<p>Hoje, ele ensina o g\u00eanero musical a crian\u00e7as e adolescentes, assim como um dia aprendeu. \u201cQuando os mais novos nos veem com instrumentos, perguntam como que faz para tocar.\u201d<\/p>\n<h2>Visibilidade<\/h2>\n<p>Segundo explica o professor de sociologia Paulo Gracino de Souza Junior, pesquisador da Universidade de Bras\u00edlia (UnB), a m\u00fasica ocupa um lugar central no pertencimento do evang\u00e9lico: \u201ca m\u00fasica chamada gospel \u00e9 ouvida em igrejas e doutrinas diferentes. \u00c9 bastante importante n\u00e3o s\u00f3 para o segmento evang\u00e9lico\u201d.<\/p>\n<p>O professor entende que o Dia da M\u00fasica Gospel,\u00a0<a href=\"https:\/\/agenciabrasil.ebc.com.br\/politica\/noticia\/2024-10\/lula-sanciona-leis-que-reconhecem-gospel-grafite-e-Festa-do-Sair%C3%A9\" target=\"_blank\" rel=\"noopener\">sancionado pelo presidente Lula<\/a>\u00a0na \u00faltima ter\u00e7a-feira (15), \u00e9 uma forma de contrabalancear a visibilidade dada pelo Estado \u00e0s representa\u00e7\u00f5es culturais que foram majoritariamente ligadas \u00e0 cren\u00e7a cat\u00f3lica.<\/p>\n<blockquote><p>\u201cO segmento evang\u00e9lico tem uma m\u00e1quina midi\u00e1tica pr\u00f3pria que consegue, por exemplo, construir visibilidade p\u00fablica. A m\u00fasica gospel, por exemplo, tem chegado al\u00e9m do p\u00fablico evang\u00e9lico.\u201d<\/p><\/blockquote>\n<p>Ele exemplifica que artistas e atletas exp\u00f5em can\u00e7\u00f5es gospel n\u00e3o necessariamente ligadas \u00e0 cren\u00e7a pessoal e esse tipo de m\u00fasica j\u00e1 adentrou todos os espa\u00e7os. \u201cVoc\u00ea entra no supermercado, por exemplo, na periferia do Rio de Janeiro, e escuta m\u00fasica gospel tocando no r\u00e1dio\u201d.<\/p>\n<h2>Cen\u00e1rio de desassist\u00eancia<\/h2>\n<p>O pesquisador contextualiza que as igrejas exercem um papel importante na periferia, em espa\u00e7os de menos lazer, e s\u00e3o centrais para a discuss\u00e3o de problemas da comunidade, de problemas pessoais e tamb\u00e9m de aprendizagem de uma profiss\u00e3o e de uma pr\u00e1tica cultural nova.<\/p>\n<p>Outra rela\u00e7\u00e3o que o pesquisador estabelece \u00e9 que a m\u00fasica na igreja representa o local de aprendizado de instrumentos. \u201cNos Estados Unidos, por exemplo, tamb\u00e9m existe o fen\u00f4meno de pessoas que passaram pela igreja, pelos corais e acabaram depois seguindo carreira art\u00edstica\u201d.<\/p>\n<div class=\"dnd-widget-wrapper context-grande_6colunas type-image atom-align-right\">\n<div class=\"dnd-atom-rendered\"><img decoding=\"async\" title=\"Thiago Mesquita\/Divulga\u00e7\u00e3o\" data-src=\"https:\/\/agenciabrasil.ebc.com.br\/sites\/default\/files\/thumbnails\/image\/loading_v2.gif\" alt=\"Bras\u00edlia (DF) 19\/10\/2024 - Samuel Silva, em periferias, evang\u00e9licos dizem que \u201cgospel\u201d tem m\u00faltiplos significados\nFoto: Thiago Mesquita\/Divulga\u00e7\u00e3o\" data-echo=\"https:\/\/imagens.ebc.com.br\/QiceQ6j-4AY4INCGl4p9nJYLxIw=\/463x0\/smart\/https:\/\/agenciabrasil.ebc.com.br\/sites\/default\/files\/thumbnails\/image\/2024\/10\/19\/samuel.jpg?itok=9uGZsNeF\" src=\"data:image\/svg+xml;base64,PHN2ZyB3aWR0aD0iMSIgaGVpZ2h0PSIxIiB4bWxucz0iaHR0cDovL3d3dy53My5vcmcvMjAwMC9zdmciPjwvc3ZnPg==\" class=\"lazyload\" \/><\/div>\n<div class=\"dnd-caption-wrapper\">\n<h6 class=\"meta\">Samuel Silva\u00a0 \u00e9 operador de loja em supermercado do Recife e cantor de m\u00fasica gospel \u2013\u00a0<strong>Arquivo Pessoal\/Divulga\u00e7\u00e3o<\/strong><\/h6>\n<\/div>\n<\/div>\n<p>O m\u00fasico brasiliense Rivanilson Alves, o Rivas, de 55 anos, \u00e9 compositor de\u00a0<em>hip hop<\/em>\u00a0e se converteu \u00e0 igreja evang\u00e9lica (Sal da Terra) no in\u00edcio dos anos 2000. Ele entende que ter um dia da m\u00fasica gospel \u00e9 importante, mas chama a aten\u00e7\u00e3o para o fato de que h\u00e1 diferentes ramifica\u00e7\u00f5es do estilo e, por isso, deve ser visto de forma ampla.<\/p>\n<blockquote><p>\u201cHoje a gente j\u00e1 tem v\u00e1rios estilos. Todos os estilos de m\u00fasicas negras, o gospel j\u00e1 alcan\u00e7ou, como o pagode, o samba. S\u00e3o m\u00fasicas que trazem a realidade da periferia. Quando a gente fala da m\u00fasica gospel, pensamos em algo mais espiritual\u201d.<\/p><\/blockquote>\n<p>Ele vive na regi\u00e3o do Sol Nascente, no Distrito Federal e toca na Bethel Band. \u201cTraz mais funk e soul\u201d. Foi a m\u00fasica e as suas reflex\u00f5es que o levaram para a igreja. Ele garante que, dentro da igreja, teve apoio e n\u00e3o sentiu olhos enviesados para o\u00a0<em>hip hop<\/em>\u00a0gospel. \u201cA gente mant\u00e9m essa linha mais black music e tratando de periferia\u201d.<\/p>\n<h2>&#8220;Apelo comercial&#8221;<\/h2>\n<p>O carioca Isaias Campos, de 59 anos, da Igreja do Senhor, no bairro de Bento Ribeiro, na zona norte, aprendeu a tocar o pandeiro na igreja na adolesc\u00eancia e afirma que as igrejas devem vencer o preconceito contra estilos musicais perif\u00e9ricos.<\/p>\n<p>\u201cEu descobri o cantar. A minha voz tem uma tonalidade rar\u00edssima, que \u00e9 o baixo profundo\u201d. Ele considera que a denomina\u00e7\u00e3o gospel tem apelo comercial e as gravadoras descobriram esse fil\u00e3o promissor.<\/p>\n<p>O m\u00fasico evang\u00e9lico avalia que a data nacional pode ser utilizada pelas empresas para finalidade comercial. \u201cEu n\u00e3o diferencio m\u00fasicas crist\u00e3s de profanas, mas se s\u00e3o boas ou ruins. S\u00e3o da m\u00fasica popular brasileira\u201d.<\/p>\n<p>Da mesma forma, tamb\u00e9m do Rio de Janeiro, o professor evang\u00e9lico Samuel Gomes de Souza, de 59 anos, das \u00e1reas de geografia e sociologia, avalia que o Dia da M\u00fasica Gospel tem caracter\u00edsticas de um ato pol\u00edtico de concilia\u00e7\u00e3o ou aproxima\u00e7\u00e3o com as lideran\u00e7as evang\u00e9licas. \u201cEu n\u00e3o gosto do termo gospel porque ele n\u00e3o tem nada com a nossa realidade\u201d.<\/p>\n<div class=\"dnd-widget-wrapper context-cheio_8colunas type-image\">\n<div class=\"dnd-atom-rendered\"><img decoding=\"async\" title=\"Ricardo Stuckert\" data-src=\"https:\/\/agenciabrasil.ebc.com.br\/sites\/default\/files\/thumbnails\/image\/loading_v2.gif\" alt=\"15.10.2024 - Presidente da Rep\u00fablica, Luiz In\u00e1cio Lula da Silva, durante a san\u00e7\u00e3o do Projeto de Lei n\u00b0 3090\/ 2023, que institui o Dia Nacional da M\u00fasica Gospel, em cerim\u00f4nia no Pal\u00e1cio do Planalto. Bras\u00edlia - DF.\u2028Foto: Ricardo Stuckert \/ PR\" data-echo=\"https:\/\/imagens.ebc.com.br\/6aao_WddM5ACXTpWYnA2_tcSE8g=\/754x0\/smart\/https:\/\/agenciabrasil.ebc.com.br\/sites\/default\/files\/thumbnails\/image\/2024\/10\/15\/54068379137_3efffa3714_o.jpg?itok=5X69t8UC\" src=\"data:image\/svg+xml;base64,PHN2ZyB3aWR0aD0iMSIgaGVpZ2h0PSIxIiB4bWxucz0iaHR0cDovL3d3dy53My5vcmcvMjAwMC9zdmciPjwvc3ZnPg==\" class=\"lazyload\" \/><\/div>\n<div class=\"dnd-caption-wrapper\">\n<h6 class=\"meta\">Presidente Lula durante a san\u00e7\u00e3o do Projeto de Lei n\u00b0 3090\/ 2023, que institui o Dia Nacional da M\u00fasica Gospel, em cerim\u00f4nia no Pal\u00e1cio do Planalto &#8211;\u00a0<strong>Ricardo Stuckert\/PR<\/strong><\/h6>\n<\/div>\n<\/div>\n<h2>Na bateria&#8230;<\/h2>\n<p>Seja como for a denomina\u00e7\u00e3o, a enfermeira Ang\u00e9lica dos Santos, de 45 anos \u2013 que tamb\u00e9m \u00e9 cantora e compositora na igreja \u2013, diz que resolveu usar a m\u00fasica para servir a uma igreja na comunidade de C\u00e9u Azul, na cidade de Valpara\u00edso de Goi\u00e1s (GO), na Igreja de Cristo.<\/p>\n<p>Foi a m\u00fasica que tamb\u00e9m a comoveu para ingressar na igreja, na adolesc\u00eancia. Hoje quer ensinar e encantar outros jovens com a m\u00fasica, como um dia ocorreu com ela, nos tempos em que aprendeu a cantar e tocar viol\u00e3o.<\/p>\n<blockquote><p>\u201cA gente nem chamava de gospel antes. A m\u00fasica est\u00e1 ligada, para crist\u00e3os em geral, em primeiro lugar, como um v\u00ednculo de adora\u00e7\u00e3o a Deus. Depois, quando ela te aproxima de Deus, ela tamb\u00e9m te aproxima de outras pessoas. E assim criamos la\u00e7os.\u201d<\/p><\/blockquote>\n<p>Entre os la\u00e7os, ela testemunhou hist\u00f3rias que aprendeu a admirar, como a do servente de pedreiro Denilson Pereira, de 34 anos, morador de Jardim Ing\u00e1, na cidade de Luzi\u00e2nia (GO). Depois de perder os pais e se encontrar em situa\u00e7\u00e3o de maior vulnerabilidade social, ficou desesperan\u00e7oso chamado para \u201ccaminhos errados\u201d. Na igreja, encontrou o som que fez a diferen\u00e7a, o da bateria. \u201cAprendi at\u00e9 que r\u00e1pido. Posso dizer que foi a m\u00fasica que me deu esperan\u00e7a\u201d.<\/p>\n<\/div>\n<div class=\"footer-noticia\">\n<div class=\"editor rowflex\">Edi\u00e7\u00e3o: Denise Griesinger<\/div>\n<\/div>\n","protected":false},"excerpt":{"rendered":"<p>Na caixa de isopor que Samuel Silva carregava havia mais do que trufas de chocolate para vender na porta da igreja. A m\u00e3e dele preparava o doce durante a noite. Naquele caminho de quase dois quil\u00f4metros de casa, no bairro de Vasco da Gama, at\u00e9 a Assembleia de Deus, na comunidade da Linha do Tiro, &hellip;<\/p>\n","protected":false},"author":1,"featured_media":4694,"comment_status":"closed","ping_status":"closed","sticky":false,"template":"","format":"standard","meta":{"footnotes":""},"categories":[25],"tags":[],"class_list":["post-4693","post","type-post","status-publish","format-standard","has-post-thumbnail","hentry","category-musica"],"yoast_head":"<!-- This site is optimized with the Yoast SEO plugin v27.4 - https:\/\/yoast.com\/product\/yoast-seo-wordpress\/ -->\n<title>M\u00fasica gospel mobiliza periferias e ganha data nacional - Transam\u00e9rica Mococa 93,3<\/title>\n<meta name=\"robots\" content=\"index, follow, max-snippet:-1, max-image-preview:large, max-video-preview:-1\" \/>\n<link rel=\"canonical\" href=\"https:\/\/transamerica93.com.br\/home\/musica-gospel-mobiliza-periferias-e-ganha-data-nacional\/\" \/>\n<meta property=\"og:locale\" content=\"pt_BR\" \/>\n<meta property=\"og:type\" content=\"article\" \/>\n<meta property=\"og:title\" content=\"M\u00fasica gospel mobiliza periferias e ganha data nacional - Transam\u00e9rica Mococa 93,3\" \/>\n<meta property=\"og:description\" content=\"Na caixa de isopor que Samuel Silva carregava havia mais do que trufas de chocolate para vender na porta da igreja. A m\u00e3e dele preparava o doce durante a noite. Naquele caminho de quase dois quil\u00f4metros de casa, no bairro de Vasco da Gama, at\u00e9 a Assembleia de Deus, na comunidade da Linha do Tiro, &hellip;\" \/>\n<meta property=\"og:url\" content=\"https:\/\/transamerica93.com.br\/home\/musica-gospel-mobiliza-periferias-e-ganha-data-nacional\/\" \/>\n<meta property=\"og:site_name\" content=\"Transam\u00e9rica Mococa 93,3\" \/>\n<meta property=\"article:publisher\" content=\"https:\/\/www.facebook.com\/transamericamococa\" \/>\n<meta property=\"article:published_time\" content=\"2025-02-07T18:00:38+00:00\" \/>\n<meta property=\"og:image\" content=\"https:\/\/transamerica93.com.br\/home\/wp-content\/uploads\/2025\/01\/Sem-titulo-10.png\" \/>\n\t<meta property=\"og:image:width\" content=\"1170\" \/>\n\t<meta property=\"og:image:height\" content=\"700\" \/>\n\t<meta property=\"og:image:type\" content=\"image\/png\" \/>\n<meta name=\"author\" content=\"Reda\u00e7\u00e3o\" \/>\n<meta name=\"twitter:card\" content=\"summary_large_image\" \/>\n<meta name=\"twitter:creator\" content=\"@transamerica933\" \/>\n<meta name=\"twitter:site\" content=\"@transamerica933\" \/>\n<meta name=\"twitter:label1\" content=\"Escrito por\" \/>\n\t<meta name=\"twitter:data1\" content=\"Reda\u00e7\u00e3o\" \/>\n\t<meta name=\"twitter:label2\" content=\"Est. tempo de leitura\" \/>\n\t<meta name=\"twitter:data2\" content=\"7 minutos\" \/>\n<script type=\"application\/ld+json\" class=\"yoast-schema-graph\">{\"@context\":\"https:\\\/\\\/schema.org\",\"@graph\":[{\"@type\":\"Article\",\"@id\":\"https:\\\/\\\/transamerica93.com.br\\\/home\\\/musica-gospel-mobiliza-periferias-e-ganha-data-nacional\\\/#article\",\"isPartOf\":{\"@id\":\"https:\\\/\\\/transamerica93.com.br\\\/home\\\/musica-gospel-mobiliza-periferias-e-ganha-data-nacional\\\/\"},\"author\":{\"name\":\"Reda\u00e7\u00e3o\",\"@id\":\"https:\\\/\\\/transamerica93.com.br\\\/home\\\/#\\\/schema\\\/person\\\/7fed7c99c0d4562efa8561bc0f543172\"},\"headline\":\"M\u00fasica gospel mobiliza periferias e ganha data nacional\",\"datePublished\":\"2025-02-07T18:00:38+00:00\",\"mainEntityOfPage\":{\"@id\":\"https:\\\/\\\/transamerica93.com.br\\\/home\\\/musica-gospel-mobiliza-periferias-e-ganha-data-nacional\\\/\"},\"wordCount\":1247,\"publisher\":{\"@id\":\"https:\\\/\\\/transamerica93.com.br\\\/home\\\/#organization\"},\"image\":{\"@id\":\"https:\\\/\\\/transamerica93.com.br\\\/home\\\/musica-gospel-mobiliza-periferias-e-ganha-data-nacional\\\/#primaryimage\"},\"thumbnailUrl\":\"https:\\\/\\\/transamerica93.com.br\\\/home\\\/wp-content\\\/uploads\\\/2025\\\/01\\\/Sem-titulo-10.png\",\"articleSection\":[\"M\u00fasica\"],\"inLanguage\":\"pt-BR\"},{\"@type\":\"WebPage\",\"@id\":\"https:\\\/\\\/transamerica93.com.br\\\/home\\\/musica-gospel-mobiliza-periferias-e-ganha-data-nacional\\\/\",\"url\":\"https:\\\/\\\/transamerica93.com.br\\\/home\\\/musica-gospel-mobiliza-periferias-e-ganha-data-nacional\\\/\",\"name\":\"M\u00fasica gospel mobiliza periferias e ganha data nacional - Transam\u00e9rica Mococa 93,3\",\"isPartOf\":{\"@id\":\"https:\\\/\\\/transamerica93.com.br\\\/home\\\/#website\"},\"primaryImageOfPage\":{\"@id\":\"https:\\\/\\\/transamerica93.com.br\\\/home\\\/musica-gospel-mobiliza-periferias-e-ganha-data-nacional\\\/#primaryimage\"},\"image\":{\"@id\":\"https:\\\/\\\/transamerica93.com.br\\\/home\\\/musica-gospel-mobiliza-periferias-e-ganha-data-nacional\\\/#primaryimage\"},\"thumbnailUrl\":\"https:\\\/\\\/transamerica93.com.br\\\/home\\\/wp-content\\\/uploads\\\/2025\\\/01\\\/Sem-titulo-10.png\",\"datePublished\":\"2025-02-07T18:00:38+00:00\",\"breadcrumb\":{\"@id\":\"https:\\\/\\\/transamerica93.com.br\\\/home\\\/musica-gospel-mobiliza-periferias-e-ganha-data-nacional\\\/#breadcrumb\"},\"inLanguage\":\"pt-BR\",\"potentialAction\":[{\"@type\":\"ReadAction\",\"target\":[\"https:\\\/\\\/transamerica93.com.br\\\/home\\\/musica-gospel-mobiliza-periferias-e-ganha-data-nacional\\\/\"]}]},{\"@type\":\"ImageObject\",\"inLanguage\":\"pt-BR\",\"@id\":\"https:\\\/\\\/transamerica93.com.br\\\/home\\\/musica-gospel-mobiliza-periferias-e-ganha-data-nacional\\\/#primaryimage\",\"url\":\"https:\\\/\\\/transamerica93.com.br\\\/home\\\/wp-content\\\/uploads\\\/2025\\\/01\\\/Sem-titulo-10.png\",\"contentUrl\":\"https:\\\/\\\/transamerica93.com.br\\\/home\\\/wp-content\\\/uploads\\\/2025\\\/01\\\/Sem-titulo-10.png\",\"width\":1170,\"height\":700,\"caption\":\"\u00a9 Thiago Mesquita\\\/Divulga\u00e7\u00e3o\"},{\"@type\":\"BreadcrumbList\",\"@id\":\"https:\\\/\\\/transamerica93.com.br\\\/home\\\/musica-gospel-mobiliza-periferias-e-ganha-data-nacional\\\/#breadcrumb\",\"itemListElement\":[{\"@type\":\"ListItem\",\"position\":1,\"name\":\"In\u00edcio\",\"item\":\"https:\\\/\\\/transamerica93.com.br\\\/home\\\/\"},{\"@type\":\"ListItem\",\"position\":2,\"name\":\"M\u00fasica gospel mobiliza periferias e ganha data nacional\"}]},{\"@type\":\"WebSite\",\"@id\":\"https:\\\/\\\/transamerica93.com.br\\\/home\\\/#website\",\"url\":\"https:\\\/\\\/transamerica93.com.br\\\/home\\\/\",\"name\":\"Transam\u00e9rica Mococa 93,3\",\"description\":\"\",\"publisher\":{\"@id\":\"https:\\\/\\\/transamerica93.com.br\\\/home\\\/#organization\"},\"potentialAction\":[{\"@type\":\"SearchAction\",\"target\":{\"@type\":\"EntryPoint\",\"urlTemplate\":\"https:\\\/\\\/transamerica93.com.br\\\/home\\\/?s={search_term_string}\"},\"query-input\":{\"@type\":\"PropertyValueSpecification\",\"valueRequired\":true,\"valueName\":\"search_term_string\"}}],\"inLanguage\":\"pt-BR\"},{\"@type\":\"Organization\",\"@id\":\"https:\\\/\\\/transamerica93.com.br\\\/home\\\/#organization\",\"name\":\"Transam\u00e9rica Mococa 93,3\",\"url\":\"https:\\\/\\\/transamerica93.com.br\\\/home\\\/\",\"logo\":{\"@type\":\"ImageObject\",\"inLanguage\":\"pt-BR\",\"@id\":\"https:\\\/\\\/transamerica93.com.br\\\/home\\\/#\\\/schema\\\/logo\\\/image\\\/\",\"url\":\"https:\\\/\\\/transamerica93.com.br\\\/home\\\/wp-content\\\/uploads\\\/2023\\\/10\\\/logo2.png\",\"contentUrl\":\"https:\\\/\\\/transamerica93.com.br\\\/home\\\/wp-content\\\/uploads\\\/2023\\\/10\\\/logo2.png\",\"width\":800,\"height\":500,\"caption\":\"Transam\u00e9rica Mococa 93,3\"},\"image\":{\"@id\":\"https:\\\/\\\/transamerica93.com.br\\\/home\\\/#\\\/schema\\\/logo\\\/image\\\/\"},\"sameAs\":[\"https:\\\/\\\/www.facebook.com\\\/transamericamococa\",\"https:\\\/\\\/x.com\\\/transamerica933\",\"https:\\\/\\\/www.instagram.com\\\/transamericamococa\"]},{\"@type\":\"Person\",\"@id\":\"https:\\\/\\\/transamerica93.com.br\\\/home\\\/#\\\/schema\\\/person\\\/7fed7c99c0d4562efa8561bc0f543172\",\"name\":\"Reda\u00e7\u00e3o\",\"image\":{\"@type\":\"ImageObject\",\"inLanguage\":\"pt-BR\",\"@id\":\"https:\\\/\\\/secure.gravatar.com\\\/avatar\\\/1072c6b775fb02ef8506ce967551d95926669a6b7d2c2147b42eea4d7c68395e?s=96&d=mm&r=g\",\"url\":\"https:\\\/\\\/secure.gravatar.com\\\/avatar\\\/1072c6b775fb02ef8506ce967551d95926669a6b7d2c2147b42eea4d7c68395e?s=96&d=mm&r=g\",\"contentUrl\":\"https:\\\/\\\/secure.gravatar.com\\\/avatar\\\/1072c6b775fb02ef8506ce967551d95926669a6b7d2c2147b42eea4d7c68395e?s=96&d=mm&r=g\",\"caption\":\"Reda\u00e7\u00e3o\"},\"sameAs\":[\"https:\\\/\\\/transamerica93.com.br\\\/home\"],\"url\":\"https:\\\/\\\/transamerica93.com.br\\\/home\\\/author\\\/william\\\/\"}]}<\/script>\n<!-- \/ Yoast SEO plugin. -->","yoast_head_json":{"title":"M\u00fasica gospel mobiliza periferias e ganha data nacional - Transam\u00e9rica Mococa 93,3","robots":{"index":"index","follow":"follow","max-snippet":"max-snippet:-1","max-image-preview":"max-image-preview:large","max-video-preview":"max-video-preview:-1"},"canonical":"https:\/\/transamerica93.com.br\/home\/musica-gospel-mobiliza-periferias-e-ganha-data-nacional\/","og_locale":"pt_BR","og_type":"article","og_title":"M\u00fasica gospel mobiliza periferias e ganha data nacional - Transam\u00e9rica Mococa 93,3","og_description":"Na caixa de isopor que Samuel Silva carregava havia mais do que trufas de chocolate para vender na porta da igreja. A m\u00e3e dele preparava o doce durante a noite. Naquele caminho de quase dois quil\u00f4metros de casa, no bairro de Vasco da Gama, at\u00e9 a Assembleia de Deus, na comunidade da Linha do Tiro, &hellip;","og_url":"https:\/\/transamerica93.com.br\/home\/musica-gospel-mobiliza-periferias-e-ganha-data-nacional\/","og_site_name":"Transam\u00e9rica Mococa 93,3","article_publisher":"https:\/\/www.facebook.com\/transamericamococa","article_published_time":"2025-02-07T18:00:38+00:00","og_image":[{"width":1170,"height":700,"url":"https:\/\/transamerica93.com.br\/home\/wp-content\/uploads\/2025\/01\/Sem-titulo-10.png","type":"image\/png"}],"author":"Reda\u00e7\u00e3o","twitter_card":"summary_large_image","twitter_creator":"@transamerica933","twitter_site":"@transamerica933","twitter_misc":{"Escrito por":"Reda\u00e7\u00e3o","Est. tempo de leitura":"7 minutos"},"schema":{"@context":"https:\/\/schema.org","@graph":[{"@type":"Article","@id":"https:\/\/transamerica93.com.br\/home\/musica-gospel-mobiliza-periferias-e-ganha-data-nacional\/#article","isPartOf":{"@id":"https:\/\/transamerica93.com.br\/home\/musica-gospel-mobiliza-periferias-e-ganha-data-nacional\/"},"author":{"name":"Reda\u00e7\u00e3o","@id":"https:\/\/transamerica93.com.br\/home\/#\/schema\/person\/7fed7c99c0d4562efa8561bc0f543172"},"headline":"M\u00fasica gospel mobiliza periferias e ganha data nacional","datePublished":"2025-02-07T18:00:38+00:00","mainEntityOfPage":{"@id":"https:\/\/transamerica93.com.br\/home\/musica-gospel-mobiliza-periferias-e-ganha-data-nacional\/"},"wordCount":1247,"publisher":{"@id":"https:\/\/transamerica93.com.br\/home\/#organization"},"image":{"@id":"https:\/\/transamerica93.com.br\/home\/musica-gospel-mobiliza-periferias-e-ganha-data-nacional\/#primaryimage"},"thumbnailUrl":"https:\/\/transamerica93.com.br\/home\/wp-content\/uploads\/2025\/01\/Sem-titulo-10.png","articleSection":["M\u00fasica"],"inLanguage":"pt-BR"},{"@type":"WebPage","@id":"https:\/\/transamerica93.com.br\/home\/musica-gospel-mobiliza-periferias-e-ganha-data-nacional\/","url":"https:\/\/transamerica93.com.br\/home\/musica-gospel-mobiliza-periferias-e-ganha-data-nacional\/","name":"M\u00fasica gospel mobiliza periferias e ganha data nacional - Transam\u00e9rica Mococa 93,3","isPartOf":{"@id":"https:\/\/transamerica93.com.br\/home\/#website"},"primaryImageOfPage":{"@id":"https:\/\/transamerica93.com.br\/home\/musica-gospel-mobiliza-periferias-e-ganha-data-nacional\/#primaryimage"},"image":{"@id":"https:\/\/transamerica93.com.br\/home\/musica-gospel-mobiliza-periferias-e-ganha-data-nacional\/#primaryimage"},"thumbnailUrl":"https:\/\/transamerica93.com.br\/home\/wp-content\/uploads\/2025\/01\/Sem-titulo-10.png","datePublished":"2025-02-07T18:00:38+00:00","breadcrumb":{"@id":"https:\/\/transamerica93.com.br\/home\/musica-gospel-mobiliza-periferias-e-ganha-data-nacional\/#breadcrumb"},"inLanguage":"pt-BR","potentialAction":[{"@type":"ReadAction","target":["https:\/\/transamerica93.com.br\/home\/musica-gospel-mobiliza-periferias-e-ganha-data-nacional\/"]}]},{"@type":"ImageObject","inLanguage":"pt-BR","@id":"https:\/\/transamerica93.com.br\/home\/musica-gospel-mobiliza-periferias-e-ganha-data-nacional\/#primaryimage","url":"https:\/\/transamerica93.com.br\/home\/wp-content\/uploads\/2025\/01\/Sem-titulo-10.png","contentUrl":"https:\/\/transamerica93.com.br\/home\/wp-content\/uploads\/2025\/01\/Sem-titulo-10.png","width":1170,"height":700,"caption":"\u00a9 Thiago Mesquita\/Divulga\u00e7\u00e3o"},{"@type":"BreadcrumbList","@id":"https:\/\/transamerica93.com.br\/home\/musica-gospel-mobiliza-periferias-e-ganha-data-nacional\/#breadcrumb","itemListElement":[{"@type":"ListItem","position":1,"name":"In\u00edcio","item":"https:\/\/transamerica93.com.br\/home\/"},{"@type":"ListItem","position":2,"name":"M\u00fasica gospel mobiliza periferias e ganha data nacional"}]},{"@type":"WebSite","@id":"https:\/\/transamerica93.com.br\/home\/#website","url":"https:\/\/transamerica93.com.br\/home\/","name":"Transam\u00e9rica Mococa 93,3","description":"","publisher":{"@id":"https:\/\/transamerica93.com.br\/home\/#organization"},"potentialAction":[{"@type":"SearchAction","target":{"@type":"EntryPoint","urlTemplate":"https:\/\/transamerica93.com.br\/home\/?s={search_term_string}"},"query-input":{"@type":"PropertyValueSpecification","valueRequired":true,"valueName":"search_term_string"}}],"inLanguage":"pt-BR"},{"@type":"Organization","@id":"https:\/\/transamerica93.com.br\/home\/#organization","name":"Transam\u00e9rica Mococa 93,3","url":"https:\/\/transamerica93.com.br\/home\/","logo":{"@type":"ImageObject","inLanguage":"pt-BR","@id":"https:\/\/transamerica93.com.br\/home\/#\/schema\/logo\/image\/","url":"https:\/\/transamerica93.com.br\/home\/wp-content\/uploads\/2023\/10\/logo2.png","contentUrl":"https:\/\/transamerica93.com.br\/home\/wp-content\/uploads\/2023\/10\/logo2.png","width":800,"height":500,"caption":"Transam\u00e9rica Mococa 93,3"},"image":{"@id":"https:\/\/transamerica93.com.br\/home\/#\/schema\/logo\/image\/"},"sameAs":["https:\/\/www.facebook.com\/transamericamococa","https:\/\/x.com\/transamerica933","https:\/\/www.instagram.com\/transamericamococa"]},{"@type":"Person","@id":"https:\/\/transamerica93.com.br\/home\/#\/schema\/person\/7fed7c99c0d4562efa8561bc0f543172","name":"Reda\u00e7\u00e3o","image":{"@type":"ImageObject","inLanguage":"pt-BR","@id":"https:\/\/secure.gravatar.com\/avatar\/1072c6b775fb02ef8506ce967551d95926669a6b7d2c2147b42eea4d7c68395e?s=96&d=mm&r=g","url":"https:\/\/secure.gravatar.com\/avatar\/1072c6b775fb02ef8506ce967551d95926669a6b7d2c2147b42eea4d7c68395e?s=96&d=mm&r=g","contentUrl":"https:\/\/secure.gravatar.com\/avatar\/1072c6b775fb02ef8506ce967551d95926669a6b7d2c2147b42eea4d7c68395e?s=96&d=mm&r=g","caption":"Reda\u00e7\u00e3o"},"sameAs":["https:\/\/transamerica93.com.br\/home"],"url":"https:\/\/transamerica93.com.br\/home\/author\/william\/"}]}},"_links":{"self":[{"href":"https:\/\/transamerica93.com.br\/home\/wp-json\/wp\/v2\/posts\/4693","targetHints":{"allow":["GET"]}}],"collection":[{"href":"https:\/\/transamerica93.com.br\/home\/wp-json\/wp\/v2\/posts"}],"about":[{"href":"https:\/\/transamerica93.com.br\/home\/wp-json\/wp\/v2\/types\/post"}],"author":[{"embeddable":true,"href":"https:\/\/transamerica93.com.br\/home\/wp-json\/wp\/v2\/users\/1"}],"replies":[{"embeddable":true,"href":"https:\/\/transamerica93.com.br\/home\/wp-json\/wp\/v2\/comments?post=4693"}],"version-history":[{"count":1,"href":"https:\/\/transamerica93.com.br\/home\/wp-json\/wp\/v2\/posts\/4693\/revisions"}],"predecessor-version":[{"id":4695,"href":"https:\/\/transamerica93.com.br\/home\/wp-json\/wp\/v2\/posts\/4693\/revisions\/4695"}],"wp:featuredmedia":[{"embeddable":true,"href":"https:\/\/transamerica93.com.br\/home\/wp-json\/wp\/v2\/media\/4694"}],"wp:attachment":[{"href":"https:\/\/transamerica93.com.br\/home\/wp-json\/wp\/v2\/media?parent=4693"}],"wp:term":[{"taxonomy":"category","embeddable":true,"href":"https:\/\/transamerica93.com.br\/home\/wp-json\/wp\/v2\/categories?post=4693"},{"taxonomy":"post_tag","embeddable":true,"href":"https:\/\/transamerica93.com.br\/home\/wp-json\/wp\/v2\/tags?post=4693"}],"curies":[{"name":"wp","href":"https:\/\/api.w.org\/{rel}","templated":true}]}}