{"id":4700,"date":"2025-02-17T09:31:37","date_gmt":"2025-02-17T12:31:37","guid":{"rendered":"https:\/\/transamerica93.com.br\/home\/?p=4700"},"modified":"2025-02-17T09:32:15","modified_gmt":"2025-02-17T12:32:15","slug":"4700-2","status":"publish","type":"post","link":"https:\/\/transamerica93.com.br\/home\/4700-2\/","title":{"rendered":"Cerca de 1,8 milh\u00e3o de trabalhadores com carteira assinada nascidos em janeiro podem sacar, a partir desta segunda-feira (17)"},"content":{"rendered":"<div class=\"capa-materia rel-position\"><\/div>\n<div id=\"block-tts-block-tts\" class=\"block block-tts\">\n<div class=\"content\">\n<div id=\"tts-container\" class=\"container-audio rel-position\">\n<div class=\"title abs-position\"><\/div>\n<\/div>\n<\/div>\n<\/div>\n<div class=\"conteudo-noticia\">\n<p>Cerca de 1,8 milh\u00e3o de trabalhadores com carteira assinada nascidos em janeiro podem sacar, a partir desta segunda-feira (17), o valor do abono salarial do Programa de Integra\u00e7\u00e3o Social (PIS) e do Programa de Forma\u00e7\u00e3o do Patrim\u00f4nio do Servidor P\u00fablico (Pasep) em 2025 (ano-base 2023). A quantia est\u00e1 dispon\u00edvel no aplicativo da Carteira de Trabalho Digital e no Portal Gov.br.<img decoding=\"async\" data-src=\"https:\/\/agenciabrasil.ebc.com.br\/ebc.png?id=1630601&amp;o=node\" src=\"data:image\/svg+xml;base64,PHN2ZyB3aWR0aD0iMSIgaGVpZ2h0PSIxIiB4bWxucz0iaHR0cDovL3d3dy53My5vcmcvMjAwMC9zdmciPjwvc3ZnPg==\" class=\"lazyload\" \/><img decoding=\"async\" data-src=\"https:\/\/agenciabrasil.ebc.com.br\/ebc.gif?id=1630601&amp;o=node\" src=\"data:image\/svg+xml;base64,PHN2ZyB3aWR0aD0iMSIgaGVpZ2h0PSIxIiB4bWxucz0iaHR0cDovL3d3dy53My5vcmcvMjAwMC9zdmciPjwvc3ZnPg==\" class=\"lazyload\" \/><\/p>\n<p>Ao todo, a Caixa Econ\u00f4mica Federal vai liberar\u00a0R$ 2,1 bilh\u00f5es neste m\u00eas. Aprovado no fim do ano passado, o\u00a0<a href=\"https:\/\/agenciabrasil.ebc.com.br\/economia\/noticia\/2024-12\/governo-aprova-calendario-do-pagamento-do-abono-salarial-2025\" target=\"_blank\" rel=\"noopener\">calend\u00e1rio de libera\u00e7\u00f5es<\/a>\u00a0segue o m\u00eas de nascimento do trabalhador. Os pagamentos ocorrem de 17 de fevereiro a 15 de agosto.<\/p>\n<p>Neste ano, R$ 30,7 bilh\u00f5es poder\u00e3o ser sacados. Segundo o Conselho Deliberativo do Fundo de Amparo ao Trabalhador (Codefat), o abono salarial de 2025 ser\u00e1 pago a 25,8 milh\u00f5es de trabalhadores em todo o pa\u00eds. Desse total, cerca de 22 milh\u00f5es que trabalham na iniciativa privada receber\u00e3o o PIS e 3,8 milh\u00f5es de servidores p\u00fablicos, empregados de estatais e militares t\u00eam direito ao Pasep.<\/p>\n<p>O PIS \u00e9 pago pela Caixa Econ\u00f4mica Federal\u00a0e o Pasep, pelo Banco do Brasil. Como ocorre tradicionalmente, os pagamentos ser\u00e3o divididos em seis lotes, baseados no m\u00eas de nascimento. O saque come\u00e7ar\u00e1\u00a0nas datas de libera\u00e7\u00e3o dos lotes e acabar\u00e1\u00a0em 29 de dezembro de 2025. Ap\u00f3s esse prazo, ser\u00e1 necess\u00e1rio aguardar convoca\u00e7\u00e3o especial do Minist\u00e9rio do Trabalho.<\/p>\n<table border=\"1\" cellspacing=\"1\" cellpadding=\"1\">\n<caption><strong>Calend\u00e1rio de pagamento<\/strong><\/caption>\n<tbody>\n<tr>\n<td class=\"rtecenter\"><strong>Nascidos em<\/strong><\/td>\n<td class=\"rtecenter\"><strong>Recebem a partir de<\/strong><\/td>\n<\/tr>\n<tr>\n<td>Janeiro<\/td>\n<td>17 de fevereiro<\/td>\n<\/tr>\n<tr>\n<td>Fevereiro<\/td>\n<td>17 de mar\u00e7o<\/td>\n<\/tr>\n<tr>\n<td>Mar\u00e7o e Abril<\/td>\n<td>15 de abril<\/td>\n<\/tr>\n<tr>\n<td>Maio e Junho<\/td>\n<td>15 de maio<\/td>\n<\/tr>\n<tr>\n<td>Julho e Agosto<\/td>\n<td>16 de junho<\/td>\n<\/tr>\n<tr>\n<td>Setembro e Outubro<\/td>\n<td>15 de julho<\/td>\n<\/tr>\n<tr>\n<td>Novembro e Dezembro<\/td>\n<td>15 de agosto<\/td>\n<\/tr>\n<\/tbody>\n<\/table>\n<h2>Quem tem direito<\/h2>\n<p>Tem direito ao benef\u00edcio o trabalhador inscrito no PIS\/Pasep h\u00e1\u00a0pelo menos\u00a0cinco anos\u00a0e que tenha trabalhado formalmente por, no m\u00ednimo, 30 dias no ano-base considerado para a apura\u00e7\u00e3o, com remunera\u00e7\u00e3o mensal m\u00e9dia de at\u00e9 dois sal\u00e1rios m\u00ednimos. Tamb\u00e9m \u00e9 necess\u00e1rio que os dados tenham sido informados corretamente pelo empregador na Rela\u00e7\u00e3o Anual de Informa\u00e7\u00f5es Sociais (Rais).<\/p>\n<p>O valor do abono \u00e9 proporcional ao per\u00edodo em que o empregado trabalhou com carteira assinada em 2023. Cada m\u00eas trabalhado equivale a um benef\u00edcio de R$ 126,50, com per\u00edodos iguais ou superiores a 15 dias contados como m\u00eas cheio. Quem trabalhou 12 meses com carteira assinada receber\u00e1 o sal\u00e1rio m\u00ednimo cheio, de R$ 1.518.<\/p>\n<h2>Pagamento<\/h2>\n<p>Trabalhadores da iniciativa privada com conta corrente ou poupan\u00e7a na Caixa receber\u00e3o o cr\u00e9dito automaticamente no banco, de acordo com o m\u00eas de seu nascimento.<\/p>\n<p>Os demais benefici\u00e1rios receber\u00e3o os valores por meio da poupan\u00e7a social digital, que pode ser movimentada pelo aplicativo Caixa Tem. Caso n\u00e3o seja poss\u00edvel a abertura da conta digital, o saque poder\u00e1 ser feito\u00a0com o Cart\u00e3o do Cidad\u00e3o e senha nos terminais de autoatendimento, unidades lot\u00e9ricas, Caixa Aqui ou ag\u00eancias, tamb\u00e9m de acordo com o calend\u00e1rio de pagamento escalonado por m\u00eas de nascimento.<\/p>\n<p>O pagamento do abono do Pasep ocorre por meio de\u00a0cr\u00e9dito em conta para quem \u00e9 correntista ou tem poupan\u00e7a no Banco do Brasil. O trabalhador que n\u00e3o \u00e9 correntista do BB pode fazer\u00a0a transfer\u00eancia por\u00a0TED para conta de sua titularidade em\u00a0terminais de autoatendimento, no portal www.bb.com.br\/pasep ou no guich\u00ea de caixa das ag\u00eancias, mediante apresenta\u00e7\u00e3o de documento oficial de identidade.<\/p>\n<p>At\u00e9 2020, o abono salarial do ano anterior era pago de julho do ano corrente a junho do ano seguinte. No in\u00edcio de 2021, o Codefat atendeu recomenda\u00e7\u00e3o da Controladoria-Geral da Uni\u00e3o (CGU) e passou a depositar o dinheiro somente\u00a0<a href=\"https:\/\/agenciabrasil.ebc.com.br\/economia\/noticia\/2021-03\/pagamento-do-abono-salarial-de-2020-e-adiado-para-2022\" target=\"_blank\" rel=\"noopener\">dois anos ap\u00f3s o trabalho<\/a> com carteira assinadada<\/p>\n<\/div>\n<div class=\"footer-noticia\">\n<div class=\"editor rowflex\">Edi\u00e7\u00e3o: Gra\u00e7a Adjuto<\/div>\n<\/div>\n","protected":false},"excerpt":{"rendered":"<p>Cerca de 1,8 milh\u00e3o de trabalhadores com carteira assinada nascidos em janeiro podem sacar, a partir desta segunda-feira (17), o valor do abono salarial do Programa de Integra\u00e7\u00e3o Social (PIS) e do Programa de Forma\u00e7\u00e3o do Patrim\u00f4nio do Servidor P\u00fablico (Pasep) em 2025 (ano-base 2023). A quantia est\u00e1 dispon\u00edvel no aplicativo da Carteira de Trabalho &hellip;<\/p>\n","protected":false},"author":1,"featured_media":4701,"comment_status":"closed","ping_status":"closed","sticky":false,"template":"","format":"standard","meta":{"footnotes":""},"categories":[30],"tags":[],"class_list":["post-4700","post","type-post","status-publish","format-standard","has-post-thumbnail","hentry","category-geral"],"yoast_head":"<!-- This site is optimized with the Yoast SEO plugin v27.4 - https:\/\/yoast.com\/product\/yoast-seo-wordpress\/ -->\n<title>Cerca de 1,8 milh\u00e3o de trabalhadores com carteira assinada nascidos em janeiro podem sacar, a partir desta segunda-feira (17) - Transam\u00e9rica Mococa 93,3<\/title>\n<meta name=\"robots\" content=\"index, follow, max-snippet:-1, max-image-preview:large, max-video-preview:-1\" \/>\n<link rel=\"canonical\" href=\"https:\/\/transamerica93.com.br\/home\/4700-2\/\" \/>\n<meta property=\"og:locale\" content=\"pt_BR\" \/>\n<meta property=\"og:type\" content=\"article\" \/>\n<meta property=\"og:title\" content=\"Cerca de 1,8 milh\u00e3o de trabalhadores com carteira assinada nascidos em janeiro podem sacar, a partir desta segunda-feira (17) - Transam\u00e9rica Mococa 93,3\" \/>\n<meta property=\"og:description\" content=\"Cerca de 1,8 milh\u00e3o de trabalhadores com carteira assinada nascidos em janeiro podem sacar, a partir desta segunda-feira (17), o valor do abono salarial do Programa de Integra\u00e7\u00e3o Social (PIS) e do Programa de Forma\u00e7\u00e3o do Patrim\u00f4nio do Servidor P\u00fablico (Pasep) em 2025 (ano-base 2023). A quantia est\u00e1 dispon\u00edvel no aplicativo da Carteira de Trabalho &hellip;\" \/>\n<meta property=\"og:url\" content=\"https:\/\/transamerica93.com.br\/home\/4700-2\/\" \/>\n<meta property=\"og:site_name\" content=\"Transam\u00e9rica Mococa 93,3\" \/>\n<meta property=\"article:publisher\" content=\"https:\/\/www.facebook.com\/transamericamococa\" \/>\n<meta property=\"article:published_time\" content=\"2025-02-17T12:31:37+00:00\" \/>\n<meta property=\"article:modified_time\" content=\"2025-02-17T12:32:15+00:00\" \/>\n<meta property=\"og:image\" content=\"https:\/\/transamerica93.com.br\/home\/wp-content\/uploads\/2025\/02\/1.png\" \/>\n\t<meta property=\"og:image:width\" content=\"1170\" \/>\n\t<meta property=\"og:image:height\" content=\"724\" \/>\n\t<meta property=\"og:image:type\" content=\"image\/png\" \/>\n<meta name=\"author\" content=\"Reda\u00e7\u00e3o\" \/>\n<meta name=\"twitter:card\" content=\"summary_large_image\" \/>\n<meta name=\"twitter:creator\" content=\"@transamerica933\" \/>\n<meta name=\"twitter:site\" content=\"@transamerica933\" \/>\n<meta name=\"twitter:label1\" content=\"Escrito por\" \/>\n\t<meta name=\"twitter:data1\" content=\"Reda\u00e7\u00e3o\" \/>\n\t<meta name=\"twitter:label2\" content=\"Est. tempo de leitura\" \/>\n\t<meta name=\"twitter:data2\" content=\"4 minutos\" \/>\n<script type=\"application\/ld+json\" class=\"yoast-schema-graph\">{\"@context\":\"https:\\\/\\\/schema.org\",\"@graph\":[{\"@type\":\"Article\",\"@id\":\"https:\\\/\\\/transamerica93.com.br\\\/home\\\/4700-2\\\/#article\",\"isPartOf\":{\"@id\":\"https:\\\/\\\/transamerica93.com.br\\\/home\\\/4700-2\\\/\"},\"author\":{\"name\":\"Reda\u00e7\u00e3o\",\"@id\":\"https:\\\/\\\/transamerica93.com.br\\\/home\\\/#\\\/schema\\\/person\\\/7fed7c99c0d4562efa8561bc0f543172\"},\"headline\":\"Cerca de 1,8 milh\u00e3o de trabalhadores com carteira assinada nascidos em janeiro podem sacar, a partir desta segunda-feira (17)\",\"datePublished\":\"2025-02-17T12:31:37+00:00\",\"dateModified\":\"2025-02-17T12:32:15+00:00\",\"mainEntityOfPage\":{\"@id\":\"https:\\\/\\\/transamerica93.com.br\\\/home\\\/4700-2\\\/\"},\"wordCount\":661,\"publisher\":{\"@id\":\"https:\\\/\\\/transamerica93.com.br\\\/home\\\/#organization\"},\"image\":{\"@id\":\"https:\\\/\\\/transamerica93.com.br\\\/home\\\/4700-2\\\/#primaryimage\"},\"thumbnailUrl\":\"https:\\\/\\\/transamerica93.com.br\\\/home\\\/wp-content\\\/uploads\\\/2025\\\/02\\\/1.png\",\"articleSection\":[\"Geral\"],\"inLanguage\":\"pt-BR\"},{\"@type\":\"WebPage\",\"@id\":\"https:\\\/\\\/transamerica93.com.br\\\/home\\\/4700-2\\\/\",\"url\":\"https:\\\/\\\/transamerica93.com.br\\\/home\\\/4700-2\\\/\",\"name\":\"Cerca de 1,8 milh\u00e3o de trabalhadores com carteira assinada nascidos em janeiro podem sacar, a partir desta segunda-feira (17) - Transam\u00e9rica Mococa 93,3\",\"isPartOf\":{\"@id\":\"https:\\\/\\\/transamerica93.com.br\\\/home\\\/#website\"},\"primaryImageOfPage\":{\"@id\":\"https:\\\/\\\/transamerica93.com.br\\\/home\\\/4700-2\\\/#primaryimage\"},\"image\":{\"@id\":\"https:\\\/\\\/transamerica93.com.br\\\/home\\\/4700-2\\\/#primaryimage\"},\"thumbnailUrl\":\"https:\\\/\\\/transamerica93.com.br\\\/home\\\/wp-content\\\/uploads\\\/2025\\\/02\\\/1.png\",\"datePublished\":\"2025-02-17T12:31:37+00:00\",\"dateModified\":\"2025-02-17T12:32:15+00:00\",\"breadcrumb\":{\"@id\":\"https:\\\/\\\/transamerica93.com.br\\\/home\\\/4700-2\\\/#breadcrumb\"},\"inLanguage\":\"pt-BR\",\"potentialAction\":[{\"@type\":\"ReadAction\",\"target\":[\"https:\\\/\\\/transamerica93.com.br\\\/home\\\/4700-2\\\/\"]}]},{\"@type\":\"ImageObject\",\"inLanguage\":\"pt-BR\",\"@id\":\"https:\\\/\\\/transamerica93.com.br\\\/home\\\/4700-2\\\/#primaryimage\",\"url\":\"https:\\\/\\\/transamerica93.com.br\\\/home\\\/wp-content\\\/uploads\\\/2025\\\/02\\\/1.png\",\"contentUrl\":\"https:\\\/\\\/transamerica93.com.br\\\/home\\\/wp-content\\\/uploads\\\/2025\\\/02\\\/1.png\",\"width\":1170,\"height\":724,\"caption\":\"\u00a9 Maria Sem vergonha\\\/Divulga\u00e7\u00e3o\"},{\"@type\":\"BreadcrumbList\",\"@id\":\"https:\\\/\\\/transamerica93.com.br\\\/home\\\/4700-2\\\/#breadcrumb\",\"itemListElement\":[{\"@type\":\"ListItem\",\"position\":1,\"name\":\"In\u00edcio\",\"item\":\"https:\\\/\\\/transamerica93.com.br\\\/home\\\/\"},{\"@type\":\"ListItem\",\"position\":2,\"name\":\"Cerca de 1,8 milh\u00e3o de trabalhadores com carteira assinada nascidos em janeiro podem sacar, a partir desta segunda-feira (17)\"}]},{\"@type\":\"WebSite\",\"@id\":\"https:\\\/\\\/transamerica93.com.br\\\/home\\\/#website\",\"url\":\"https:\\\/\\\/transamerica93.com.br\\\/home\\\/\",\"name\":\"Transam\u00e9rica Mococa 93,3\",\"description\":\"\",\"publisher\":{\"@id\":\"https:\\\/\\\/transamerica93.com.br\\\/home\\\/#organization\"},\"potentialAction\":[{\"@type\":\"SearchAction\",\"target\":{\"@type\":\"EntryPoint\",\"urlTemplate\":\"https:\\\/\\\/transamerica93.com.br\\\/home\\\/?s={search_term_string}\"},\"query-input\":{\"@type\":\"PropertyValueSpecification\",\"valueRequired\":true,\"valueName\":\"search_term_string\"}}],\"inLanguage\":\"pt-BR\"},{\"@type\":\"Organization\",\"@id\":\"https:\\\/\\\/transamerica93.com.br\\\/home\\\/#organization\",\"name\":\"Transam\u00e9rica Mococa 93,3\",\"url\":\"https:\\\/\\\/transamerica93.com.br\\\/home\\\/\",\"logo\":{\"@type\":\"ImageObject\",\"inLanguage\":\"pt-BR\",\"@id\":\"https:\\\/\\\/transamerica93.com.br\\\/home\\\/#\\\/schema\\\/logo\\\/image\\\/\",\"url\":\"https:\\\/\\\/transamerica93.com.br\\\/home\\\/wp-content\\\/uploads\\\/2023\\\/10\\\/logo2.png\",\"contentUrl\":\"https:\\\/\\\/transamerica93.com.br\\\/home\\\/wp-content\\\/uploads\\\/2023\\\/10\\\/logo2.png\",\"width\":800,\"height\":500,\"caption\":\"Transam\u00e9rica Mococa 93,3\"},\"image\":{\"@id\":\"https:\\\/\\\/transamerica93.com.br\\\/home\\\/#\\\/schema\\\/logo\\\/image\\\/\"},\"sameAs\":[\"https:\\\/\\\/www.facebook.com\\\/transamericamococa\",\"https:\\\/\\\/x.com\\\/transamerica933\",\"https:\\\/\\\/www.instagram.com\\\/transamericamococa\"]},{\"@type\":\"Person\",\"@id\":\"https:\\\/\\\/transamerica93.com.br\\\/home\\\/#\\\/schema\\\/person\\\/7fed7c99c0d4562efa8561bc0f543172\",\"name\":\"Reda\u00e7\u00e3o\",\"image\":{\"@type\":\"ImageObject\",\"inLanguage\":\"pt-BR\",\"@id\":\"https:\\\/\\\/secure.gravatar.com\\\/avatar\\\/1072c6b775fb02ef8506ce967551d95926669a6b7d2c2147b42eea4d7c68395e?s=96&d=mm&r=g\",\"url\":\"https:\\\/\\\/secure.gravatar.com\\\/avatar\\\/1072c6b775fb02ef8506ce967551d95926669a6b7d2c2147b42eea4d7c68395e?s=96&d=mm&r=g\",\"contentUrl\":\"https:\\\/\\\/secure.gravatar.com\\\/avatar\\\/1072c6b775fb02ef8506ce967551d95926669a6b7d2c2147b42eea4d7c68395e?s=96&d=mm&r=g\",\"caption\":\"Reda\u00e7\u00e3o\"},\"sameAs\":[\"https:\\\/\\\/transamerica93.com.br\\\/home\"],\"url\":\"https:\\\/\\\/transamerica93.com.br\\\/home\\\/author\\\/william\\\/\"}]}<\/script>\n<!-- \/ Yoast SEO plugin. -->","yoast_head_json":{"title":"Cerca de 1,8 milh\u00e3o de trabalhadores com carteira assinada nascidos em janeiro podem sacar, a partir desta segunda-feira (17) - Transam\u00e9rica Mococa 93,3","robots":{"index":"index","follow":"follow","max-snippet":"max-snippet:-1","max-image-preview":"max-image-preview:large","max-video-preview":"max-video-preview:-1"},"canonical":"https:\/\/transamerica93.com.br\/home\/4700-2\/","og_locale":"pt_BR","og_type":"article","og_title":"Cerca de 1,8 milh\u00e3o de trabalhadores com carteira assinada nascidos em janeiro podem sacar, a partir desta segunda-feira (17) - Transam\u00e9rica Mococa 93,3","og_description":"Cerca de 1,8 milh\u00e3o de trabalhadores com carteira assinada nascidos em janeiro podem sacar, a partir desta segunda-feira (17), o valor do abono salarial do Programa de Integra\u00e7\u00e3o Social (PIS) e do Programa de Forma\u00e7\u00e3o do Patrim\u00f4nio do Servidor P\u00fablico (Pasep) em 2025 (ano-base 2023). A quantia est\u00e1 dispon\u00edvel no aplicativo da Carteira de Trabalho &hellip;","og_url":"https:\/\/transamerica93.com.br\/home\/4700-2\/","og_site_name":"Transam\u00e9rica Mococa 93,3","article_publisher":"https:\/\/www.facebook.com\/transamericamococa","article_published_time":"2025-02-17T12:31:37+00:00","article_modified_time":"2025-02-17T12:32:15+00:00","og_image":[{"width":1170,"height":724,"url":"https:\/\/transamerica93.com.br\/home\/wp-content\/uploads\/2025\/02\/1.png","type":"image\/png"}],"author":"Reda\u00e7\u00e3o","twitter_card":"summary_large_image","twitter_creator":"@transamerica933","twitter_site":"@transamerica933","twitter_misc":{"Escrito por":"Reda\u00e7\u00e3o","Est. tempo de leitura":"4 minutos"},"schema":{"@context":"https:\/\/schema.org","@graph":[{"@type":"Article","@id":"https:\/\/transamerica93.com.br\/home\/4700-2\/#article","isPartOf":{"@id":"https:\/\/transamerica93.com.br\/home\/4700-2\/"},"author":{"name":"Reda\u00e7\u00e3o","@id":"https:\/\/transamerica93.com.br\/home\/#\/schema\/person\/7fed7c99c0d4562efa8561bc0f543172"},"headline":"Cerca de 1,8 milh\u00e3o de trabalhadores com carteira assinada nascidos em janeiro podem sacar, a partir desta segunda-feira (17)","datePublished":"2025-02-17T12:31:37+00:00","dateModified":"2025-02-17T12:32:15+00:00","mainEntityOfPage":{"@id":"https:\/\/transamerica93.com.br\/home\/4700-2\/"},"wordCount":661,"publisher":{"@id":"https:\/\/transamerica93.com.br\/home\/#organization"},"image":{"@id":"https:\/\/transamerica93.com.br\/home\/4700-2\/#primaryimage"},"thumbnailUrl":"https:\/\/transamerica93.com.br\/home\/wp-content\/uploads\/2025\/02\/1.png","articleSection":["Geral"],"inLanguage":"pt-BR"},{"@type":"WebPage","@id":"https:\/\/transamerica93.com.br\/home\/4700-2\/","url":"https:\/\/transamerica93.com.br\/home\/4700-2\/","name":"Cerca de 1,8 milh\u00e3o de trabalhadores com carteira assinada nascidos em janeiro podem sacar, a partir desta segunda-feira (17) - Transam\u00e9rica Mococa 93,3","isPartOf":{"@id":"https:\/\/transamerica93.com.br\/home\/#website"},"primaryImageOfPage":{"@id":"https:\/\/transamerica93.com.br\/home\/4700-2\/#primaryimage"},"image":{"@id":"https:\/\/transamerica93.com.br\/home\/4700-2\/#primaryimage"},"thumbnailUrl":"https:\/\/transamerica93.com.br\/home\/wp-content\/uploads\/2025\/02\/1.png","datePublished":"2025-02-17T12:31:37+00:00","dateModified":"2025-02-17T12:32:15+00:00","breadcrumb":{"@id":"https:\/\/transamerica93.com.br\/home\/4700-2\/#breadcrumb"},"inLanguage":"pt-BR","potentialAction":[{"@type":"ReadAction","target":["https:\/\/transamerica93.com.br\/home\/4700-2\/"]}]},{"@type":"ImageObject","inLanguage":"pt-BR","@id":"https:\/\/transamerica93.com.br\/home\/4700-2\/#primaryimage","url":"https:\/\/transamerica93.com.br\/home\/wp-content\/uploads\/2025\/02\/1.png","contentUrl":"https:\/\/transamerica93.com.br\/home\/wp-content\/uploads\/2025\/02\/1.png","width":1170,"height":724,"caption":"\u00a9 Maria Sem vergonha\/Divulga\u00e7\u00e3o"},{"@type":"BreadcrumbList","@id":"https:\/\/transamerica93.com.br\/home\/4700-2\/#breadcrumb","itemListElement":[{"@type":"ListItem","position":1,"name":"In\u00edcio","item":"https:\/\/transamerica93.com.br\/home\/"},{"@type":"ListItem","position":2,"name":"Cerca de 1,8 milh\u00e3o de trabalhadores com carteira assinada nascidos em janeiro podem sacar, a partir desta segunda-feira (17)"}]},{"@type":"WebSite","@id":"https:\/\/transamerica93.com.br\/home\/#website","url":"https:\/\/transamerica93.com.br\/home\/","name":"Transam\u00e9rica Mococa 93,3","description":"","publisher":{"@id":"https:\/\/transamerica93.com.br\/home\/#organization"},"potentialAction":[{"@type":"SearchAction","target":{"@type":"EntryPoint","urlTemplate":"https:\/\/transamerica93.com.br\/home\/?s={search_term_string}"},"query-input":{"@type":"PropertyValueSpecification","valueRequired":true,"valueName":"search_term_string"}}],"inLanguage":"pt-BR"},{"@type":"Organization","@id":"https:\/\/transamerica93.com.br\/home\/#organization","name":"Transam\u00e9rica Mococa 93,3","url":"https:\/\/transamerica93.com.br\/home\/","logo":{"@type":"ImageObject","inLanguage":"pt-BR","@id":"https:\/\/transamerica93.com.br\/home\/#\/schema\/logo\/image\/","url":"https:\/\/transamerica93.com.br\/home\/wp-content\/uploads\/2023\/10\/logo2.png","contentUrl":"https:\/\/transamerica93.com.br\/home\/wp-content\/uploads\/2023\/10\/logo2.png","width":800,"height":500,"caption":"Transam\u00e9rica Mococa 93,3"},"image":{"@id":"https:\/\/transamerica93.com.br\/home\/#\/schema\/logo\/image\/"},"sameAs":["https:\/\/www.facebook.com\/transamericamococa","https:\/\/x.com\/transamerica933","https:\/\/www.instagram.com\/transamericamococa"]},{"@type":"Person","@id":"https:\/\/transamerica93.com.br\/home\/#\/schema\/person\/7fed7c99c0d4562efa8561bc0f543172","name":"Reda\u00e7\u00e3o","image":{"@type":"ImageObject","inLanguage":"pt-BR","@id":"https:\/\/secure.gravatar.com\/avatar\/1072c6b775fb02ef8506ce967551d95926669a6b7d2c2147b42eea4d7c68395e?s=96&d=mm&r=g","url":"https:\/\/secure.gravatar.com\/avatar\/1072c6b775fb02ef8506ce967551d95926669a6b7d2c2147b42eea4d7c68395e?s=96&d=mm&r=g","contentUrl":"https:\/\/secure.gravatar.com\/avatar\/1072c6b775fb02ef8506ce967551d95926669a6b7d2c2147b42eea4d7c68395e?s=96&d=mm&r=g","caption":"Reda\u00e7\u00e3o"},"sameAs":["https:\/\/transamerica93.com.br\/home"],"url":"https:\/\/transamerica93.com.br\/home\/author\/william\/"}]}},"_links":{"self":[{"href":"https:\/\/transamerica93.com.br\/home\/wp-json\/wp\/v2\/posts\/4700","targetHints":{"allow":["GET"]}}],"collection":[{"href":"https:\/\/transamerica93.com.br\/home\/wp-json\/wp\/v2\/posts"}],"about":[{"href":"https:\/\/transamerica93.com.br\/home\/wp-json\/wp\/v2\/types\/post"}],"author":[{"embeddable":true,"href":"https:\/\/transamerica93.com.br\/home\/wp-json\/wp\/v2\/users\/1"}],"replies":[{"embeddable":true,"href":"https:\/\/transamerica93.com.br\/home\/wp-json\/wp\/v2\/comments?post=4700"}],"version-history":[{"count":2,"href":"https:\/\/transamerica93.com.br\/home\/wp-json\/wp\/v2\/posts\/4700\/revisions"}],"predecessor-version":[{"id":4710,"href":"https:\/\/transamerica93.com.br\/home\/wp-json\/wp\/v2\/posts\/4700\/revisions\/4710"}],"wp:featuredmedia":[{"embeddable":true,"href":"https:\/\/transamerica93.com.br\/home\/wp-json\/wp\/v2\/media\/4701"}],"wp:attachment":[{"href":"https:\/\/transamerica93.com.br\/home\/wp-json\/wp\/v2\/media?parent=4700"}],"wp:term":[{"taxonomy":"category","embeddable":true,"href":"https:\/\/transamerica93.com.br\/home\/wp-json\/wp\/v2\/categories?post=4700"},{"taxonomy":"post_tag","embeddable":true,"href":"https:\/\/transamerica93.com.br\/home\/wp-json\/wp\/v2\/tags?post=4700"}],"curies":[{"name":"wp","href":"https:\/\/api.w.org\/{rel}","templated":true}]}}