{"id":4711,"date":"2025-02-18T09:00:36","date_gmt":"2025-02-18T12:00:36","guid":{"rendered":"https:\/\/transamerica93.com.br\/home\/?p=4711"},"modified":"2025-02-17T09:34:55","modified_gmt":"2025-02-17T12:34:55","slug":"filme-que-conta-historia-de-contorcionista-debate-abuso-infantil","status":"publish","type":"post","link":"https:\/\/transamerica93.com.br\/home\/filme-que-conta-historia-de-contorcionista-debate-abuso-infantil\/","title":{"rendered":"Filme que conta hist\u00f3ria de contorcionista debate abuso infantil"},"content":{"rendered":"<div class=\"conteudo-noticia\">\n<p>Est\u00e1 dispon\u00edvel em cinco plataformas de streaming (NOW, Vivo Play, Microsoft, Google Play e iTunes) o document\u00e1rio nacional\u00a0<a href=\"https:\/\/youtu.be\/vcaxFn83800?si=6BHOk54i72w3PJVe\">&#8220;Apesar de&#8221;<\/a>, que aborda a tem\u00e1tica da viol\u00eancia sexual contra meninas. O filme narra a hist\u00f3ria da contorcionista Georgia Bergamim, abusada sexualmente pelo padrasto dos 8 aos 11 anos de idade.<\/p>\n<p>O t\u00edtulo do longa \u00e9 inspirado no trecho da obra \u201cUma aprendizagem ou O livro dos prazeres\u201d de Clarice Lispector. No livro, a autora discorre sobre a necessidade de seguir em frente. \u201cUma das coisas que aprendi \u00e9 que se deve viver apesar de. Apesar de, se deve comer. Apesar de, se deve amar. Apesar de, se deve morrer. Inclusive muitas vezes \u00e9 o pr\u00f3prio apesar de que nos empurra para a frente\u201d.<img decoding=\"async\" data-src=\"https:\/\/agenciabrasil.ebc.com.br\/ebc.png?id=1630584&amp;o=node\" src=\"data:image\/svg+xml;base64,PHN2ZyB3aWR0aD0iMSIgaGVpZ2h0PSIxIiB4bWxucz0iaHR0cDovL3d3dy53My5vcmcvMjAwMC9zdmciPjwvc3ZnPg==\" class=\"lazyload\" \/><img decoding=\"async\" data-src=\"https:\/\/agenciabrasil.ebc.com.br\/ebc.gif?id=1630584&amp;o=node\" src=\"data:image\/svg+xml;base64,PHN2ZyB3aWR0aD0iMSIgaGVpZ2h0PSIxIiB4bWxucz0iaHR0cDovL3d3dy53My5vcmcvMjAwMC9zdmciPjwvc3ZnPg==\" class=\"lazyload\" \/><\/p>\n<p>Georgia, hoje com 33 anos, conta que reconheceu sua condi\u00e7\u00e3o de v\u00edtima de viol\u00eancia ap\u00f3s escutar um relato compartilhado em uma roda de conversa, dez anos atr\u00e1s. &#8220;Nunca me sentia por inteiro nos lugares, com as pessoas. Sempre sentia aquela coisa, um sil\u00eancio mesmo, que era um peso gigante&#8221;, diz.<\/p>\n<p>Nessa roda, me veio um gatilho muito forte e decidi que tinha que cavoucar aquilo para cicatrizar.\u00a0 N\u00e3o queria mais ficar escondendo debaixo do tapete&#8221;, explica.<\/p>\n<p>A sensa\u00e7\u00e3o de deslocamento constante acabou sendo amainada \u00e0 medida em que ela foi narrando as pr\u00f3prias experi\u00eancias. Primeiro, para pessoas mais pr\u00f3ximas, at\u00e9 chegar ao compartilhamento p\u00fablico, na internet. No filme, ela destaca que a\u00a0arte circense mudou a rela\u00e7\u00e3o dela com o mundo. &#8220;Eu vejo a contor\u00e7\u00e3o como o auge do controle do corpo&#8221;.<\/p>\n<p>Uma das cenas de &#8220;Apesar de&#8221;, mostra a contorcionista gravando um v\u00eddeo para as redes sociais no qual ela questiona: \u201cA cada hora, duas crian\u00e7as com menos de 13 anos s\u00e3o abusadas sexualmente no Brasil. O que que a gente vai fazer com isso?\u201d<\/p>\n<p>O aceite do convite para rodar o filme teve rela\u00e7\u00e3o com o modo como Georgia entende que deve reagir. &#8220;\u00c9 como se sentisse que posso colaborar um pouco com o combate, a luta e ser um tipo de inspira\u00e7\u00e3o para as pessoas quebrarem o sil\u00eancio.&#8221;<\/p>\n<p>A diretora Beatriz Prates lembra que conheceu Georgia por meio da produtora executiva do filme, Luciana Festi. Como mat\u00e9ria-prima do document\u00e1rio, Beatriz reuniu diversas fotos, v\u00eddeos e escritos de Georgia, que, segundo ela, deixam transparecer como a viol\u00eancia a que foi reiteradamente submetida mudou at\u00e9 mesmo sua express\u00e3o no rosto. &#8220;Tem v\u00e1rios v\u00eddeos de anivers\u00e1rios, dos 8 aos 11 anos. D\u00e1 para voc\u00ea sentir, vendo o document\u00e1rio, como o abuso vai mudando a vida daquela crian\u00e7a, o jeitinho de falar. \u00c9 muito visual, voc\u00ea consegue perceber&#8221;, destaca.<\/p>\n<p>Para a diretora, \u00e9 necess\u00e1rio haver o comprometimento de todos na educa\u00e7\u00e3o e prote\u00e7\u00e3o de crian\u00e7as e adolescentes, o que inclui orient\u00e1-los sobre viol\u00eancias sexuais, para que consigam ser capazes de discernir sobre abusos e de denunci\u00e1-lo caso se vejam diante de algu\u00e9m que tenta pratic\u00e1-los.<\/p>\n<p>A produ\u00e7\u00e3o foi realizada com o apoio da Cinemateca Brasileira. As fontes de financiamento s\u00e3o o Instituto Beja e o escrit\u00f3rio Daniel Law. O document\u00e1rio contou tamb\u00e9m com o apoio institucional de organiza\u00e7\u00f5es como Childhood Brasil, Instituto Liberta e a Coaliz\u00e3o pelo Fim da Viol\u00eancia contra Crian\u00e7as e Adolescentes.<\/p>\n<p>O F\u00f3rum Brasileiro de Seguran\u00e7a P\u00fablica (FBSP) indica que, ao se analisar o per\u00edodo de 2019 a 2022, o \u00faltimo ano examinado foi o que registrou mais casos de estupro de vulner\u00e1vel, foram quase 49 mil. Segundo o C\u00f3digo Penal, a pena prevista, para quem tiver conjun\u00e7\u00e3o carnal ou praticar outro ato libidinoso com menores de 14 anos \u00e9 de 8 a 15 anos de reclus\u00e3o.<\/p>\n<p>&#8220;Apesar de&#8221; j\u00e1 foi selecionado para a 8\u00aa Edi\u00e7\u00e3o do Festival Internacional de Document\u00e1rios mujerDOC, que ocorrer\u00e1 na cidade de S\u00f3ria, na Espanha, a partir de 9 de mar\u00e7o, antes mesmo de estrear no Brasil. O festival, promovido pela ONG Mulheres do Mundo, destaca produ\u00e7\u00f5es que abordam quest\u00f5es de g\u00eanero e o papel da mulher na sociedade. O document\u00e1rio tamb\u00e9m foi exibido nos festivais\u00a0 &#8220;Bread and R18oses&#8221;, nos Estados Unidos, e o CineFem, no Uruguai<\/p>\n<\/div>\n<div class=\"footer-noticia\">\n<div class=\"editor rowflex\">Edi\u00e7\u00e3o:<\/p>\n<div class=\"nome-editor\">\u00c9rica Santana<\/div>\n<\/div>\n<\/div>\n","protected":false},"excerpt":{"rendered":"<p>Est\u00e1 dispon\u00edvel em cinco plataformas de streaming (NOW, Vivo Play, Microsoft, Google Play e iTunes) o document\u00e1rio nacional\u00a0&#8220;Apesar de&#8221;, que aborda a tem\u00e1tica da viol\u00eancia sexual contra meninas. O filme narra a hist\u00f3ria da contorcionista Georgia Bergamim, abusada sexualmente pelo padrasto dos 8 aos 11 anos de idade. O t\u00edtulo do longa \u00e9 inspirado no &hellip;<\/p>\n","protected":false},"author":1,"featured_media":4702,"comment_status":"closed","ping_status":"closed","sticky":false,"template":"","format":"standard","meta":{"footnotes":""},"categories":[30],"tags":[],"class_list":["post-4711","post","type-post","status-publish","format-standard","has-post-thumbnail","hentry","category-geral"],"yoast_head":"<!-- This site is optimized with the Yoast SEO plugin v27.4 - https:\/\/yoast.com\/product\/yoast-seo-wordpress\/ -->\n<title>Filme que conta hist\u00f3ria de contorcionista debate abuso infantil - Transam\u00e9rica Mococa 93,3<\/title>\n<meta name=\"robots\" content=\"index, follow, max-snippet:-1, max-image-preview:large, max-video-preview:-1\" \/>\n<link rel=\"canonical\" href=\"https:\/\/transamerica93.com.br\/home\/filme-que-conta-historia-de-contorcionista-debate-abuso-infantil\/\" \/>\n<meta property=\"og:locale\" content=\"pt_BR\" \/>\n<meta property=\"og:type\" content=\"article\" \/>\n<meta property=\"og:title\" content=\"Filme que conta hist\u00f3ria de contorcionista debate abuso infantil - Transam\u00e9rica Mococa 93,3\" \/>\n<meta property=\"og:description\" content=\"Est\u00e1 dispon\u00edvel em cinco plataformas de streaming (NOW, Vivo Play, Microsoft, Google Play e iTunes) o document\u00e1rio nacional\u00a0&#8220;Apesar de&#8221;, que aborda a tem\u00e1tica da viol\u00eancia sexual contra meninas. O filme narra a hist\u00f3ria da contorcionista Georgia Bergamim, abusada sexualmente pelo padrasto dos 8 aos 11 anos de idade. O t\u00edtulo do longa \u00e9 inspirado no &hellip;\" \/>\n<meta property=\"og:url\" content=\"https:\/\/transamerica93.com.br\/home\/filme-que-conta-historia-de-contorcionista-debate-abuso-infantil\/\" \/>\n<meta property=\"og:site_name\" content=\"Transam\u00e9rica Mococa 93,3\" \/>\n<meta property=\"article:publisher\" content=\"https:\/\/www.facebook.com\/transamericamococa\" \/>\n<meta property=\"article:published_time\" content=\"2025-02-18T12:00:36+00:00\" \/>\n<meta property=\"og:image\" content=\"https:\/\/transamerica93.com.br\/home\/wp-content\/uploads\/2025\/02\/2.jpg\" \/>\n\t<meta property=\"og:image:width\" content=\"1170\" \/>\n\t<meta property=\"og:image:height\" content=\"698\" \/>\n\t<meta property=\"og:image:type\" content=\"image\/jpeg\" \/>\n<meta name=\"author\" content=\"Reda\u00e7\u00e3o\" \/>\n<meta name=\"twitter:card\" content=\"summary_large_image\" \/>\n<meta name=\"twitter:creator\" content=\"@transamerica933\" \/>\n<meta name=\"twitter:site\" content=\"@transamerica933\" \/>\n<meta name=\"twitter:label1\" content=\"Escrito por\" \/>\n\t<meta name=\"twitter:data1\" content=\"Reda\u00e7\u00e3o\" \/>\n\t<meta name=\"twitter:label2\" content=\"Est. tempo de leitura\" \/>\n\t<meta name=\"twitter:data2\" content=\"5 minutos\" \/>\n<script type=\"application\/ld+json\" class=\"yoast-schema-graph\">{\"@context\":\"https:\\\/\\\/schema.org\",\"@graph\":[{\"@type\":\"Article\",\"@id\":\"https:\\\/\\\/transamerica93.com.br\\\/home\\\/filme-que-conta-historia-de-contorcionista-debate-abuso-infantil\\\/#article\",\"isPartOf\":{\"@id\":\"https:\\\/\\\/transamerica93.com.br\\\/home\\\/filme-que-conta-historia-de-contorcionista-debate-abuso-infantil\\\/\"},\"author\":{\"name\":\"Reda\u00e7\u00e3o\",\"@id\":\"https:\\\/\\\/transamerica93.com.br\\\/home\\\/#\\\/schema\\\/person\\\/7fed7c99c0d4562efa8561bc0f543172\"},\"headline\":\"Filme que conta hist\u00f3ria de contorcionista debate abuso infantil\",\"datePublished\":\"2025-02-18T12:00:36+00:00\",\"mainEntityOfPage\":{\"@id\":\"https:\\\/\\\/transamerica93.com.br\\\/home\\\/filme-que-conta-historia-de-contorcionista-debate-abuso-infantil\\\/\"},\"wordCount\":731,\"publisher\":{\"@id\":\"https:\\\/\\\/transamerica93.com.br\\\/home\\\/#organization\"},\"image\":{\"@id\":\"https:\\\/\\\/transamerica93.com.br\\\/home\\\/filme-que-conta-historia-de-contorcionista-debate-abuso-infantil\\\/#primaryimage\"},\"thumbnailUrl\":\"https:\\\/\\\/transamerica93.com.br\\\/home\\\/wp-content\\\/uploads\\\/2025\\\/02\\\/2.jpg\",\"articleSection\":[\"Geral\"],\"inLanguage\":\"pt-BR\"},{\"@type\":\"WebPage\",\"@id\":\"https:\\\/\\\/transamerica93.com.br\\\/home\\\/filme-que-conta-historia-de-contorcionista-debate-abuso-infantil\\\/\",\"url\":\"https:\\\/\\\/transamerica93.com.br\\\/home\\\/filme-que-conta-historia-de-contorcionista-debate-abuso-infantil\\\/\",\"name\":\"Filme que conta hist\u00f3ria de contorcionista debate abuso infantil - Transam\u00e9rica Mococa 93,3\",\"isPartOf\":{\"@id\":\"https:\\\/\\\/transamerica93.com.br\\\/home\\\/#website\"},\"primaryImageOfPage\":{\"@id\":\"https:\\\/\\\/transamerica93.com.br\\\/home\\\/filme-que-conta-historia-de-contorcionista-debate-abuso-infantil\\\/#primaryimage\"},\"image\":{\"@id\":\"https:\\\/\\\/transamerica93.com.br\\\/home\\\/filme-que-conta-historia-de-contorcionista-debate-abuso-infantil\\\/#primaryimage\"},\"thumbnailUrl\":\"https:\\\/\\\/transamerica93.com.br\\\/home\\\/wp-content\\\/uploads\\\/2025\\\/02\\\/2.jpg\",\"datePublished\":\"2025-02-18T12:00:36+00:00\",\"breadcrumb\":{\"@id\":\"https:\\\/\\\/transamerica93.com.br\\\/home\\\/filme-que-conta-historia-de-contorcionista-debate-abuso-infantil\\\/#breadcrumb\"},\"inLanguage\":\"pt-BR\",\"potentialAction\":[{\"@type\":\"ReadAction\",\"target\":[\"https:\\\/\\\/transamerica93.com.br\\\/home\\\/filme-que-conta-historia-de-contorcionista-debate-abuso-infantil\\\/\"]}]},{\"@type\":\"ImageObject\",\"inLanguage\":\"pt-BR\",\"@id\":\"https:\\\/\\\/transamerica93.com.br\\\/home\\\/filme-que-conta-historia-de-contorcionista-debate-abuso-infantil\\\/#primaryimage\",\"url\":\"https:\\\/\\\/transamerica93.com.br\\\/home\\\/wp-content\\\/uploads\\\/2025\\\/02\\\/2.jpg\",\"contentUrl\":\"https:\\\/\\\/transamerica93.com.br\\\/home\\\/wp-content\\\/uploads\\\/2025\\\/02\\\/2.jpg\",\"width\":1170,\"height\":698},{\"@type\":\"BreadcrumbList\",\"@id\":\"https:\\\/\\\/transamerica93.com.br\\\/home\\\/filme-que-conta-historia-de-contorcionista-debate-abuso-infantil\\\/#breadcrumb\",\"itemListElement\":[{\"@type\":\"ListItem\",\"position\":1,\"name\":\"In\u00edcio\",\"item\":\"https:\\\/\\\/transamerica93.com.br\\\/home\\\/\"},{\"@type\":\"ListItem\",\"position\":2,\"name\":\"Filme que conta hist\u00f3ria de contorcionista debate abuso infantil\"}]},{\"@type\":\"WebSite\",\"@id\":\"https:\\\/\\\/transamerica93.com.br\\\/home\\\/#website\",\"url\":\"https:\\\/\\\/transamerica93.com.br\\\/home\\\/\",\"name\":\"Transam\u00e9rica Mococa 93,3\",\"description\":\"\",\"publisher\":{\"@id\":\"https:\\\/\\\/transamerica93.com.br\\\/home\\\/#organization\"},\"potentialAction\":[{\"@type\":\"SearchAction\",\"target\":{\"@type\":\"EntryPoint\",\"urlTemplate\":\"https:\\\/\\\/transamerica93.com.br\\\/home\\\/?s={search_term_string}\"},\"query-input\":{\"@type\":\"PropertyValueSpecification\",\"valueRequired\":true,\"valueName\":\"search_term_string\"}}],\"inLanguage\":\"pt-BR\"},{\"@type\":\"Organization\",\"@id\":\"https:\\\/\\\/transamerica93.com.br\\\/home\\\/#organization\",\"name\":\"Transam\u00e9rica Mococa 93,3\",\"url\":\"https:\\\/\\\/transamerica93.com.br\\\/home\\\/\",\"logo\":{\"@type\":\"ImageObject\",\"inLanguage\":\"pt-BR\",\"@id\":\"https:\\\/\\\/transamerica93.com.br\\\/home\\\/#\\\/schema\\\/logo\\\/image\\\/\",\"url\":\"https:\\\/\\\/transamerica93.com.br\\\/home\\\/wp-content\\\/uploads\\\/2023\\\/10\\\/logo2.png\",\"contentUrl\":\"https:\\\/\\\/transamerica93.com.br\\\/home\\\/wp-content\\\/uploads\\\/2023\\\/10\\\/logo2.png\",\"width\":800,\"height\":500,\"caption\":\"Transam\u00e9rica Mococa 93,3\"},\"image\":{\"@id\":\"https:\\\/\\\/transamerica93.com.br\\\/home\\\/#\\\/schema\\\/logo\\\/image\\\/\"},\"sameAs\":[\"https:\\\/\\\/www.facebook.com\\\/transamericamococa\",\"https:\\\/\\\/x.com\\\/transamerica933\",\"https:\\\/\\\/www.instagram.com\\\/transamericamococa\"]},{\"@type\":\"Person\",\"@id\":\"https:\\\/\\\/transamerica93.com.br\\\/home\\\/#\\\/schema\\\/person\\\/7fed7c99c0d4562efa8561bc0f543172\",\"name\":\"Reda\u00e7\u00e3o\",\"image\":{\"@type\":\"ImageObject\",\"inLanguage\":\"pt-BR\",\"@id\":\"https:\\\/\\\/secure.gravatar.com\\\/avatar\\\/1072c6b775fb02ef8506ce967551d95926669a6b7d2c2147b42eea4d7c68395e?s=96&d=mm&r=g\",\"url\":\"https:\\\/\\\/secure.gravatar.com\\\/avatar\\\/1072c6b775fb02ef8506ce967551d95926669a6b7d2c2147b42eea4d7c68395e?s=96&d=mm&r=g\",\"contentUrl\":\"https:\\\/\\\/secure.gravatar.com\\\/avatar\\\/1072c6b775fb02ef8506ce967551d95926669a6b7d2c2147b42eea4d7c68395e?s=96&d=mm&r=g\",\"caption\":\"Reda\u00e7\u00e3o\"},\"sameAs\":[\"https:\\\/\\\/transamerica93.com.br\\\/home\"],\"url\":\"https:\\\/\\\/transamerica93.com.br\\\/home\\\/author\\\/william\\\/\"}]}<\/script>\n<!-- \/ Yoast SEO plugin. -->","yoast_head_json":{"title":"Filme que conta hist\u00f3ria de contorcionista debate abuso infantil - Transam\u00e9rica Mococa 93,3","robots":{"index":"index","follow":"follow","max-snippet":"max-snippet:-1","max-image-preview":"max-image-preview:large","max-video-preview":"max-video-preview:-1"},"canonical":"https:\/\/transamerica93.com.br\/home\/filme-que-conta-historia-de-contorcionista-debate-abuso-infantil\/","og_locale":"pt_BR","og_type":"article","og_title":"Filme que conta hist\u00f3ria de contorcionista debate abuso infantil - Transam\u00e9rica Mococa 93,3","og_description":"Est\u00e1 dispon\u00edvel em cinco plataformas de streaming (NOW, Vivo Play, Microsoft, Google Play e iTunes) o document\u00e1rio nacional\u00a0&#8220;Apesar de&#8221;, que aborda a tem\u00e1tica da viol\u00eancia sexual contra meninas. O filme narra a hist\u00f3ria da contorcionista Georgia Bergamim, abusada sexualmente pelo padrasto dos 8 aos 11 anos de idade. O t\u00edtulo do longa \u00e9 inspirado no &hellip;","og_url":"https:\/\/transamerica93.com.br\/home\/filme-que-conta-historia-de-contorcionista-debate-abuso-infantil\/","og_site_name":"Transam\u00e9rica Mococa 93,3","article_publisher":"https:\/\/www.facebook.com\/transamericamococa","article_published_time":"2025-02-18T12:00:36+00:00","og_image":[{"width":1170,"height":698,"url":"https:\/\/transamerica93.com.br\/home\/wp-content\/uploads\/2025\/02\/2.jpg","type":"image\/jpeg"}],"author":"Reda\u00e7\u00e3o","twitter_card":"summary_large_image","twitter_creator":"@transamerica933","twitter_site":"@transamerica933","twitter_misc":{"Escrito por":"Reda\u00e7\u00e3o","Est. tempo de leitura":"5 minutos"},"schema":{"@context":"https:\/\/schema.org","@graph":[{"@type":"Article","@id":"https:\/\/transamerica93.com.br\/home\/filme-que-conta-historia-de-contorcionista-debate-abuso-infantil\/#article","isPartOf":{"@id":"https:\/\/transamerica93.com.br\/home\/filme-que-conta-historia-de-contorcionista-debate-abuso-infantil\/"},"author":{"name":"Reda\u00e7\u00e3o","@id":"https:\/\/transamerica93.com.br\/home\/#\/schema\/person\/7fed7c99c0d4562efa8561bc0f543172"},"headline":"Filme que conta hist\u00f3ria de contorcionista debate abuso infantil","datePublished":"2025-02-18T12:00:36+00:00","mainEntityOfPage":{"@id":"https:\/\/transamerica93.com.br\/home\/filme-que-conta-historia-de-contorcionista-debate-abuso-infantil\/"},"wordCount":731,"publisher":{"@id":"https:\/\/transamerica93.com.br\/home\/#organization"},"image":{"@id":"https:\/\/transamerica93.com.br\/home\/filme-que-conta-historia-de-contorcionista-debate-abuso-infantil\/#primaryimage"},"thumbnailUrl":"https:\/\/transamerica93.com.br\/home\/wp-content\/uploads\/2025\/02\/2.jpg","articleSection":["Geral"],"inLanguage":"pt-BR"},{"@type":"WebPage","@id":"https:\/\/transamerica93.com.br\/home\/filme-que-conta-historia-de-contorcionista-debate-abuso-infantil\/","url":"https:\/\/transamerica93.com.br\/home\/filme-que-conta-historia-de-contorcionista-debate-abuso-infantil\/","name":"Filme que conta hist\u00f3ria de contorcionista debate abuso infantil - Transam\u00e9rica Mococa 93,3","isPartOf":{"@id":"https:\/\/transamerica93.com.br\/home\/#website"},"primaryImageOfPage":{"@id":"https:\/\/transamerica93.com.br\/home\/filme-que-conta-historia-de-contorcionista-debate-abuso-infantil\/#primaryimage"},"image":{"@id":"https:\/\/transamerica93.com.br\/home\/filme-que-conta-historia-de-contorcionista-debate-abuso-infantil\/#primaryimage"},"thumbnailUrl":"https:\/\/transamerica93.com.br\/home\/wp-content\/uploads\/2025\/02\/2.jpg","datePublished":"2025-02-18T12:00:36+00:00","breadcrumb":{"@id":"https:\/\/transamerica93.com.br\/home\/filme-que-conta-historia-de-contorcionista-debate-abuso-infantil\/#breadcrumb"},"inLanguage":"pt-BR","potentialAction":[{"@type":"ReadAction","target":["https:\/\/transamerica93.com.br\/home\/filme-que-conta-historia-de-contorcionista-debate-abuso-infantil\/"]}]},{"@type":"ImageObject","inLanguage":"pt-BR","@id":"https:\/\/transamerica93.com.br\/home\/filme-que-conta-historia-de-contorcionista-debate-abuso-infantil\/#primaryimage","url":"https:\/\/transamerica93.com.br\/home\/wp-content\/uploads\/2025\/02\/2.jpg","contentUrl":"https:\/\/transamerica93.com.br\/home\/wp-content\/uploads\/2025\/02\/2.jpg","width":1170,"height":698},{"@type":"BreadcrumbList","@id":"https:\/\/transamerica93.com.br\/home\/filme-que-conta-historia-de-contorcionista-debate-abuso-infantil\/#breadcrumb","itemListElement":[{"@type":"ListItem","position":1,"name":"In\u00edcio","item":"https:\/\/transamerica93.com.br\/home\/"},{"@type":"ListItem","position":2,"name":"Filme que conta hist\u00f3ria de contorcionista debate abuso infantil"}]},{"@type":"WebSite","@id":"https:\/\/transamerica93.com.br\/home\/#website","url":"https:\/\/transamerica93.com.br\/home\/","name":"Transam\u00e9rica Mococa 93,3","description":"","publisher":{"@id":"https:\/\/transamerica93.com.br\/home\/#organization"},"potentialAction":[{"@type":"SearchAction","target":{"@type":"EntryPoint","urlTemplate":"https:\/\/transamerica93.com.br\/home\/?s={search_term_string}"},"query-input":{"@type":"PropertyValueSpecification","valueRequired":true,"valueName":"search_term_string"}}],"inLanguage":"pt-BR"},{"@type":"Organization","@id":"https:\/\/transamerica93.com.br\/home\/#organization","name":"Transam\u00e9rica Mococa 93,3","url":"https:\/\/transamerica93.com.br\/home\/","logo":{"@type":"ImageObject","inLanguage":"pt-BR","@id":"https:\/\/transamerica93.com.br\/home\/#\/schema\/logo\/image\/","url":"https:\/\/transamerica93.com.br\/home\/wp-content\/uploads\/2023\/10\/logo2.png","contentUrl":"https:\/\/transamerica93.com.br\/home\/wp-content\/uploads\/2023\/10\/logo2.png","width":800,"height":500,"caption":"Transam\u00e9rica Mococa 93,3"},"image":{"@id":"https:\/\/transamerica93.com.br\/home\/#\/schema\/logo\/image\/"},"sameAs":["https:\/\/www.facebook.com\/transamericamococa","https:\/\/x.com\/transamerica933","https:\/\/www.instagram.com\/transamericamococa"]},{"@type":"Person","@id":"https:\/\/transamerica93.com.br\/home\/#\/schema\/person\/7fed7c99c0d4562efa8561bc0f543172","name":"Reda\u00e7\u00e3o","image":{"@type":"ImageObject","inLanguage":"pt-BR","@id":"https:\/\/secure.gravatar.com\/avatar\/1072c6b775fb02ef8506ce967551d95926669a6b7d2c2147b42eea4d7c68395e?s=96&d=mm&r=g","url":"https:\/\/secure.gravatar.com\/avatar\/1072c6b775fb02ef8506ce967551d95926669a6b7d2c2147b42eea4d7c68395e?s=96&d=mm&r=g","contentUrl":"https:\/\/secure.gravatar.com\/avatar\/1072c6b775fb02ef8506ce967551d95926669a6b7d2c2147b42eea4d7c68395e?s=96&d=mm&r=g","caption":"Reda\u00e7\u00e3o"},"sameAs":["https:\/\/transamerica93.com.br\/home"],"url":"https:\/\/transamerica93.com.br\/home\/author\/william\/"}]}},"_links":{"self":[{"href":"https:\/\/transamerica93.com.br\/home\/wp-json\/wp\/v2\/posts\/4711","targetHints":{"allow":["GET"]}}],"collection":[{"href":"https:\/\/transamerica93.com.br\/home\/wp-json\/wp\/v2\/posts"}],"about":[{"href":"https:\/\/transamerica93.com.br\/home\/wp-json\/wp\/v2\/types\/post"}],"author":[{"embeddable":true,"href":"https:\/\/transamerica93.com.br\/home\/wp-json\/wp\/v2\/users\/1"}],"replies":[{"embeddable":true,"href":"https:\/\/transamerica93.com.br\/home\/wp-json\/wp\/v2\/comments?post=4711"}],"version-history":[{"count":1,"href":"https:\/\/transamerica93.com.br\/home\/wp-json\/wp\/v2\/posts\/4711\/revisions"}],"predecessor-version":[{"id":4712,"href":"https:\/\/transamerica93.com.br\/home\/wp-json\/wp\/v2\/posts\/4711\/revisions\/4712"}],"wp:featuredmedia":[{"embeddable":true,"href":"https:\/\/transamerica93.com.br\/home\/wp-json\/wp\/v2\/media\/4702"}],"wp:attachment":[{"href":"https:\/\/transamerica93.com.br\/home\/wp-json\/wp\/v2\/media?parent=4711"}],"wp:term":[{"taxonomy":"category","embeddable":true,"href":"https:\/\/transamerica93.com.br\/home\/wp-json\/wp\/v2\/categories?post=4711"},{"taxonomy":"post_tag","embeddable":true,"href":"https:\/\/transamerica93.com.br\/home\/wp-json\/wp\/v2\/tags?post=4711"}],"curies":[{"name":"wp","href":"https:\/\/api.w.org\/{rel}","templated":true}]}}