{"id":4718,"date":"2025-02-20T09:00:42","date_gmt":"2025-02-20T12:00:42","guid":{"rendered":"https:\/\/transamerica93.com.br\/home\/?p=4718"},"modified":"2025-02-19T06:11:31","modified_gmt":"2025-02-19T09:11:31","slug":"dengue-pelo-menos-11-capitais-nao-vao-ampliar-faixa-etaria-de-vacina","status":"publish","type":"post","link":"https:\/\/transamerica93.com.br\/home\/dengue-pelo-menos-11-capitais-nao-vao-ampliar-faixa-etaria-de-vacina\/","title":{"rendered":"Dengue: pelo menos 11 capitais n\u00e3o v\u00e3o ampliar faixa et\u00e1ria de vacina"},"content":{"rendered":"<div class=\"conteudo-noticia\">\n<p>Apesar de o Minist\u00e9rio da Sa\u00fade ter autorizado a\u00a0<a href=\"https:\/\/agenciabrasil.ebc.com.br\/saude\/noticia\/2025-02\/ministerio-da-saude-amplia-idade-para-receber-vacina-contra-dengue\" target=\"_blank\" rel=\"noopener\">amplia\u00e7\u00e3o da faixa et\u00e1ria<\/a>\u00a0para o uso de vacinas contra a dengue pr\u00f3ximas ao vencimento,\u00a0<strong>pelo menos 11\u00a0capitais<\/strong>\u00a0v\u00e3o manter o esquema priorit\u00e1rio de vacina\u00e7\u00e3o. S\u00e3o elas: Aracaju, Bel\u00e9m, Belo Horizonte,\u00a0<a href=\"https:\/\/agenciabrasil.ebc.com.br\/saude\/noticia\/2025-02\/df-nao-vai-ampliar-faixa-etaria-para-vacinacao-contra-dengue#:~:text=A%20Secretaria%20de%20Sa%C3%BAde%20do,a%20vacina%C3%A7%C3%A3o%20contra%20a%20dengue.\" target=\"_blank\" rel=\"noopener\">Bras\u00edlia<\/a>, Manaus, Natal, Porto Velho, Recife,\u00a0S\u00e3o Paulo, Salvador e Vit\u00f3ria.<img decoding=\"async\" data-src=\"https:\/\/agenciabrasil.ebc.com.br\/ebc.png?id=1630892&amp;o=node\" src=\"data:image\/svg+xml;base64,PHN2ZyB3aWR0aD0iMSIgaGVpZ2h0PSIxIiB4bWxucz0iaHR0cDovL3d3dy53My5vcmcvMjAwMC9zdmciPjwvc3ZnPg==\" class=\"lazyload\" \/><img decoding=\"async\" data-src=\"https:\/\/agenciabrasil.ebc.com.br\/ebc.gif?id=1630892&amp;o=node\" src=\"data:image\/svg+xml;base64,PHN2ZyB3aWR0aD0iMSIgaGVpZ2h0PSIxIiB4bWxucz0iaHR0cDovL3d3dy53My5vcmcvMjAwMC9zdmciPjwvc3ZnPg==\" class=\"lazyload\" \/><\/p>\n<p>A justificativa das prefeituras e do Distrito Federal \u00e9 que\u00a0<strong>n\u00e3o h\u00e1 doses a vencer nas pr\u00f3ximas semanas<\/strong>. Desta forma,\u00a0a vacina continuar\u00e1 sendo aplicada apenas em adolescentes de 10 a 14 anos nestas capitais.<\/p>\n<p>O\u00a0<strong>Rio de Janeiro<\/strong>\u00a0j\u00e1 havia\u00a0<strong>ampliado a faixa et\u00e1ria<\/strong>\u00a0em janeiro e vai manter o esquema, com\u00a0<a href=\"https:\/\/agenciabrasil.ebc.com.br\/saude\/noticia\/2025-01\/rio-vai-ampliar-faixa-etaria-para-vacinacao-da-dengue-para-16-anos\" target=\"_blank\" rel=\"noopener\">vacina\u00e7\u00e3o para quem tem de 10 a\u00a016 anos<\/a>.<\/p>\n<h2>Demais cidades<\/h2>\n<div class=\"dnd-widget-wrapper context-cheio_8colunas type-image atom-align-center\">\n<div class=\"dnd-atom-rendered\"><img decoding=\"async\" title=\"Tony Oliveira\/ AG Brasilia\" data-src=\"https:\/\/imagens.ebc.com.br\/8tK8QT1k4RHzysaMKKd1l3Mtw9g=\/754x0\/smart\/https:\/\/agenciabrasil.ebc.com.br\/sites\/default\/files\/thumbnails\/image\/2024\/03\/21\/53602327519_59c50d0798_o.jpg?itok=Mf7kJfXP\" alt=\"Vacina Qdenga usada para casas de Dengue. Vacina contra Dengue. Foto: Tony Oliveira\/ AG Brasilia\" src=\"data:image\/svg+xml;base64,PHN2ZyB3aWR0aD0iMSIgaGVpZ2h0PSIxIiB4bWxucz0iaHR0cDovL3d3dy53My5vcmcvMjAwMC9zdmciPjwvc3ZnPg==\" class=\"lazyload\" \/><\/div>\n<div class=\"dnd-caption-wrapper\">\n<h6 class=\"meta rtecenter\">Vacina Qdenga. Foto:\u00a0\u00a0<strong>Tony Oliveira\/ AG Brasilia<\/strong><\/h6>\n<p>&nbsp;<\/p>\n<\/div>\n<\/div>\n<p>Em\u00a0<strong>Porto Velho<\/strong>, capital de Rond\u00f4nia,\u00a0<strong>todas as doses<\/strong>\u00a0recebidas j\u00e1\u00a0<strong>foram aplicadas<\/strong>. De acordo com a prefeitura, a falta de estoque foi comunicada ao Minist\u00e9rio da Sa\u00fade, &#8220;que prometeu reabastecimento em breve&#8221;.<\/p>\n<p>Em\u00a0<strong>Aracaju<\/strong>, no Sergipe, restam poucas vacinas. A cidade j\u00e1\u00a0<strong>aplicou 19.488 doses<\/strong>, das 20.327. Restam, portanto, cerca de 800 doses dispon\u00edveis nos postos de sa\u00fade. Com isso, a cidade tem hoje a maior cobertura entre as capitais que enviaram informa\u00e7\u00f5es \u00e0\u00a0<strong>Ag\u00eancia Brasil<\/strong>: 69,9%, considerando apenas a primeira dose.<\/p>\n<p>Em\u00a0<strong>Vit\u00f3ria<\/strong>, no Esp\u00edrito Santo, a\u00a0<strong>primeira etapa<\/strong>\u00a0da imuniza\u00e7\u00e3o\u00a0<strong>superou 66% do p\u00fablico-alvo<\/strong>. Por outro lado, em Bel\u00e9m, no Par\u00e1, apenas 10,63% do p\u00fablico-alvo recebeu a primeira dose, o que representa menos de 9 mil pessoas.<\/p>\n<p>O esquema de vacina\u00e7\u00e3o contra a dengue prev\u00ea a aplica\u00e7\u00e3o de duas doses, com intervalo de tr\u00eas meses entre a primeira e a segunda, o que tem sido um desafio em v\u00e1rias capitais. \u00a0Em\u00a0<strong>Salvador<\/strong>, mais de\u00a0<strong>95 mil vacinas<\/strong>\u00a0foram administradas, mas menos de 27 mil crian\u00e7as e adolescentes tomaram as duas doses, o que corresponde a cerca de apenas 12% do p\u00fablico-alvo.<\/p>\n<p>Situa\u00e7\u00e3o semelhante \u00e9 vista em\u00a0<strong>Natal<\/strong>, no Rio Grande do Norte, onde\u00a0<strong>quase 20 mil pessoas receberam a primeira dose<\/strong>\u00a0do imunizante, sendo que mais de 10 mil j\u00e1 deveriam ter recebido a segunda, mas ainda n\u00e3o compareceram ao posto de sa\u00fade. Em\u00a0<strong>Belo Horizonte<\/strong>, Minas Gerais, a diferen\u00e7a \u00e9 ainda maior:\u00a0<strong>mais de 100 mil vacinas foram aplicadas como primeira dose<\/strong>\u00a0e menos de 37 mil como segunda. Atualmente, a cobertura vacinal est\u00e1 em 45% considerando a primeira dose e 16,35% na segunda dose.<\/p>\n<p>Tamb\u00e9m chama a aten\u00e7\u00e3o a disparidade no\u00a0<strong>Recife<\/strong>, onde a\u00a0<strong>cobertura continua muito abaixo do ideal\u00a0<\/strong>mesmo na primeira dose (24,8%)\u00a0e est\u00e1 em apenas 6,5%, considerando o esquema vacinal completo.<\/p>\n<p>As duas maiores cidades do pa\u00eds apresentam n\u00fameros parecidos. No\u00a0<strong>Rio de Janeiro, quase 240 mil doses\u00a0foram aplicadas<\/strong>, mas apenas 68 mil crian\u00e7as e adolescentes, aproximadamente, est\u00e3o completamente imunizados, o que corresponde a 20% do p\u00fablico-alvo total. A propor\u00e7\u00e3o \u00e9 semelhante em\u00a0<strong>S\u00e3o Paulo<\/strong>, que<strong>\u00a0j\u00e1 aplicou mais de 274 mil primeiras doses<\/strong>, ou 40,91% da meta, mas menos de 140 mil pessoas receberam o esquema completo.<\/p>\n<div class=\"noticias-relacionadas rel-position rowflex\">\n<div class=\"titulo-noticia-relacionada\"><\/div>\n<\/div>\n<\/div>\n<div class=\"footer-noticia\">\n<div class=\"editor rowflex\">Edi\u00e7\u00e3o: Aline Leal<\/div>\n<\/div>\n","protected":false},"excerpt":{"rendered":"<p>Apesar de o Minist\u00e9rio da Sa\u00fade ter autorizado a\u00a0amplia\u00e7\u00e3o da faixa et\u00e1ria\u00a0para o uso de vacinas contra a dengue pr\u00f3ximas ao vencimento,\u00a0pelo menos 11\u00a0capitais\u00a0v\u00e3o manter o esquema priorit\u00e1rio de vacina\u00e7\u00e3o. S\u00e3o elas: Aracaju, Bel\u00e9m, Belo Horizonte,\u00a0Bras\u00edlia, Manaus, Natal, Porto Velho, Recife,\u00a0S\u00e3o Paulo, Salvador e Vit\u00f3ria. A justificativa das prefeituras e do Distrito Federal \u00e9 que\u00a0n\u00e3o &hellip;<\/p>\n","protected":false},"author":1,"featured_media":4719,"comment_status":"closed","ping_status":"closed","sticky":false,"template":"","format":"standard","meta":{"footnotes":""},"categories":[30],"tags":[],"class_list":["post-4718","post","type-post","status-publish","format-standard","has-post-thumbnail","hentry","category-geral"],"yoast_head":"<!-- This site is optimized with the Yoast SEO plugin v27.4 - https:\/\/yoast.com\/product\/yoast-seo-wordpress\/ -->\n<title>Dengue: pelo menos 11 capitais n\u00e3o v\u00e3o ampliar faixa et\u00e1ria de vacina - Transam\u00e9rica Mococa 93,3<\/title>\n<meta name=\"robots\" content=\"index, follow, max-snippet:-1, max-image-preview:large, max-video-preview:-1\" \/>\n<link rel=\"canonical\" href=\"https:\/\/transamerica93.com.br\/home\/dengue-pelo-menos-11-capitais-nao-vao-ampliar-faixa-etaria-de-vacina\/\" \/>\n<meta property=\"og:locale\" content=\"pt_BR\" \/>\n<meta property=\"og:type\" content=\"article\" \/>\n<meta property=\"og:title\" content=\"Dengue: pelo menos 11 capitais n\u00e3o v\u00e3o ampliar faixa et\u00e1ria de vacina - Transam\u00e9rica Mococa 93,3\" \/>\n<meta property=\"og:description\" content=\"Apesar de o Minist\u00e9rio da Sa\u00fade ter autorizado a\u00a0amplia\u00e7\u00e3o da faixa et\u00e1ria\u00a0para o uso de vacinas contra a dengue pr\u00f3ximas ao vencimento,\u00a0pelo menos 11\u00a0capitais\u00a0v\u00e3o manter o esquema priorit\u00e1rio de vacina\u00e7\u00e3o. S\u00e3o elas: Aracaju, Bel\u00e9m, Belo Horizonte,\u00a0Bras\u00edlia, Manaus, Natal, Porto Velho, Recife,\u00a0S\u00e3o Paulo, Salvador e Vit\u00f3ria. A justificativa das prefeituras e do Distrito Federal \u00e9 que\u00a0n\u00e3o &hellip;\" \/>\n<meta property=\"og:url\" content=\"https:\/\/transamerica93.com.br\/home\/dengue-pelo-menos-11-capitais-nao-vao-ampliar-faixa-etaria-de-vacina\/\" \/>\n<meta property=\"og:site_name\" content=\"Transam\u00e9rica Mococa 93,3\" \/>\n<meta property=\"article:publisher\" content=\"https:\/\/www.facebook.com\/transamericamococa\" \/>\n<meta property=\"article:published_time\" content=\"2025-02-20T12:00:42+00:00\" \/>\n<meta property=\"og:image\" content=\"https:\/\/transamerica93.com.br\/home\/wp-content\/uploads\/2025\/02\/Sem-titulo-1.png\" \/>\n\t<meta property=\"og:image:width\" content=\"1170\" \/>\n\t<meta property=\"og:image:height\" content=\"700\" \/>\n\t<meta property=\"og:image:type\" content=\"image\/png\" \/>\n<meta name=\"author\" content=\"Reda\u00e7\u00e3o\" \/>\n<meta name=\"twitter:card\" content=\"summary_large_image\" \/>\n<meta name=\"twitter:creator\" content=\"@transamerica933\" \/>\n<meta name=\"twitter:site\" content=\"@transamerica933\" \/>\n<meta name=\"twitter:label1\" content=\"Escrito por\" \/>\n\t<meta name=\"twitter:data1\" content=\"Reda\u00e7\u00e3o\" \/>\n\t<meta name=\"twitter:label2\" content=\"Est. tempo de leitura\" \/>\n\t<meta name=\"twitter:data2\" content=\"4 minutos\" \/>\n<script type=\"application\/ld+json\" class=\"yoast-schema-graph\">{\"@context\":\"https:\\\/\\\/schema.org\",\"@graph\":[{\"@type\":\"Article\",\"@id\":\"https:\\\/\\\/transamerica93.com.br\\\/home\\\/dengue-pelo-menos-11-capitais-nao-vao-ampliar-faixa-etaria-de-vacina\\\/#article\",\"isPartOf\":{\"@id\":\"https:\\\/\\\/transamerica93.com.br\\\/home\\\/dengue-pelo-menos-11-capitais-nao-vao-ampliar-faixa-etaria-de-vacina\\\/\"},\"author\":{\"name\":\"Reda\u00e7\u00e3o\",\"@id\":\"https:\\\/\\\/transamerica93.com.br\\\/home\\\/#\\\/schema\\\/person\\\/7fed7c99c0d4562efa8561bc0f543172\"},\"headline\":\"Dengue: pelo menos 11 capitais n\u00e3o v\u00e3o ampliar faixa et\u00e1ria de vacina\",\"datePublished\":\"2025-02-20T12:00:42+00:00\",\"mainEntityOfPage\":{\"@id\":\"https:\\\/\\\/transamerica93.com.br\\\/home\\\/dengue-pelo-menos-11-capitais-nao-vao-ampliar-faixa-etaria-de-vacina\\\/\"},\"wordCount\":525,\"publisher\":{\"@id\":\"https:\\\/\\\/transamerica93.com.br\\\/home\\\/#organization\"},\"image\":{\"@id\":\"https:\\\/\\\/transamerica93.com.br\\\/home\\\/dengue-pelo-menos-11-capitais-nao-vao-ampliar-faixa-etaria-de-vacina\\\/#primaryimage\"},\"thumbnailUrl\":\"https:\\\/\\\/transamerica93.com.br\\\/home\\\/wp-content\\\/uploads\\\/2025\\\/02\\\/Sem-titulo-1.png\",\"articleSection\":[\"Geral\"],\"inLanguage\":\"pt-BR\"},{\"@type\":\"WebPage\",\"@id\":\"https:\\\/\\\/transamerica93.com.br\\\/home\\\/dengue-pelo-menos-11-capitais-nao-vao-ampliar-faixa-etaria-de-vacina\\\/\",\"url\":\"https:\\\/\\\/transamerica93.com.br\\\/home\\\/dengue-pelo-menos-11-capitais-nao-vao-ampliar-faixa-etaria-de-vacina\\\/\",\"name\":\"Dengue: pelo menos 11 capitais n\u00e3o v\u00e3o ampliar faixa et\u00e1ria de vacina - Transam\u00e9rica Mococa 93,3\",\"isPartOf\":{\"@id\":\"https:\\\/\\\/transamerica93.com.br\\\/home\\\/#website\"},\"primaryImageOfPage\":{\"@id\":\"https:\\\/\\\/transamerica93.com.br\\\/home\\\/dengue-pelo-menos-11-capitais-nao-vao-ampliar-faixa-etaria-de-vacina\\\/#primaryimage\"},\"image\":{\"@id\":\"https:\\\/\\\/transamerica93.com.br\\\/home\\\/dengue-pelo-menos-11-capitais-nao-vao-ampliar-faixa-etaria-de-vacina\\\/#primaryimage\"},\"thumbnailUrl\":\"https:\\\/\\\/transamerica93.com.br\\\/home\\\/wp-content\\\/uploads\\\/2025\\\/02\\\/Sem-titulo-1.png\",\"datePublished\":\"2025-02-20T12:00:42+00:00\",\"breadcrumb\":{\"@id\":\"https:\\\/\\\/transamerica93.com.br\\\/home\\\/dengue-pelo-menos-11-capitais-nao-vao-ampliar-faixa-etaria-de-vacina\\\/#breadcrumb\"},\"inLanguage\":\"pt-BR\",\"potentialAction\":[{\"@type\":\"ReadAction\",\"target\":[\"https:\\\/\\\/transamerica93.com.br\\\/home\\\/dengue-pelo-menos-11-capitais-nao-vao-ampliar-faixa-etaria-de-vacina\\\/\"]}]},{\"@type\":\"ImageObject\",\"inLanguage\":\"pt-BR\",\"@id\":\"https:\\\/\\\/transamerica93.com.br\\\/home\\\/dengue-pelo-menos-11-capitais-nao-vao-ampliar-faixa-etaria-de-vacina\\\/#primaryimage\",\"url\":\"https:\\\/\\\/transamerica93.com.br\\\/home\\\/wp-content\\\/uploads\\\/2025\\\/02\\\/Sem-titulo-1.png\",\"contentUrl\":\"https:\\\/\\\/transamerica93.com.br\\\/home\\\/wp-content\\\/uploads\\\/2025\\\/02\\\/Sem-titulo-1.png\",\"width\":1170,\"height\":700,\"caption\":\"\u00a9 Rovena Rosa\\\/Ag\u00eancia Brasil\"},{\"@type\":\"BreadcrumbList\",\"@id\":\"https:\\\/\\\/transamerica93.com.br\\\/home\\\/dengue-pelo-menos-11-capitais-nao-vao-ampliar-faixa-etaria-de-vacina\\\/#breadcrumb\",\"itemListElement\":[{\"@type\":\"ListItem\",\"position\":1,\"name\":\"In\u00edcio\",\"item\":\"https:\\\/\\\/transamerica93.com.br\\\/home\\\/\"},{\"@type\":\"ListItem\",\"position\":2,\"name\":\"Dengue: pelo menos 11 capitais n\u00e3o v\u00e3o ampliar faixa et\u00e1ria de vacina\"}]},{\"@type\":\"WebSite\",\"@id\":\"https:\\\/\\\/transamerica93.com.br\\\/home\\\/#website\",\"url\":\"https:\\\/\\\/transamerica93.com.br\\\/home\\\/\",\"name\":\"Transam\u00e9rica Mococa 93,3\",\"description\":\"\",\"publisher\":{\"@id\":\"https:\\\/\\\/transamerica93.com.br\\\/home\\\/#organization\"},\"potentialAction\":[{\"@type\":\"SearchAction\",\"target\":{\"@type\":\"EntryPoint\",\"urlTemplate\":\"https:\\\/\\\/transamerica93.com.br\\\/home\\\/?s={search_term_string}\"},\"query-input\":{\"@type\":\"PropertyValueSpecification\",\"valueRequired\":true,\"valueName\":\"search_term_string\"}}],\"inLanguage\":\"pt-BR\"},{\"@type\":\"Organization\",\"@id\":\"https:\\\/\\\/transamerica93.com.br\\\/home\\\/#organization\",\"name\":\"Transam\u00e9rica Mococa 93,3\",\"url\":\"https:\\\/\\\/transamerica93.com.br\\\/home\\\/\",\"logo\":{\"@type\":\"ImageObject\",\"inLanguage\":\"pt-BR\",\"@id\":\"https:\\\/\\\/transamerica93.com.br\\\/home\\\/#\\\/schema\\\/logo\\\/image\\\/\",\"url\":\"https:\\\/\\\/transamerica93.com.br\\\/home\\\/wp-content\\\/uploads\\\/2023\\\/10\\\/logo2.png\",\"contentUrl\":\"https:\\\/\\\/transamerica93.com.br\\\/home\\\/wp-content\\\/uploads\\\/2023\\\/10\\\/logo2.png\",\"width\":800,\"height\":500,\"caption\":\"Transam\u00e9rica Mococa 93,3\"},\"image\":{\"@id\":\"https:\\\/\\\/transamerica93.com.br\\\/home\\\/#\\\/schema\\\/logo\\\/image\\\/\"},\"sameAs\":[\"https:\\\/\\\/www.facebook.com\\\/transamericamococa\",\"https:\\\/\\\/x.com\\\/transamerica933\",\"https:\\\/\\\/www.instagram.com\\\/transamericamococa\"]},{\"@type\":\"Person\",\"@id\":\"https:\\\/\\\/transamerica93.com.br\\\/home\\\/#\\\/schema\\\/person\\\/7fed7c99c0d4562efa8561bc0f543172\",\"name\":\"Reda\u00e7\u00e3o\",\"image\":{\"@type\":\"ImageObject\",\"inLanguage\":\"pt-BR\",\"@id\":\"https:\\\/\\\/secure.gravatar.com\\\/avatar\\\/1072c6b775fb02ef8506ce967551d95926669a6b7d2c2147b42eea4d7c68395e?s=96&d=mm&r=g\",\"url\":\"https:\\\/\\\/secure.gravatar.com\\\/avatar\\\/1072c6b775fb02ef8506ce967551d95926669a6b7d2c2147b42eea4d7c68395e?s=96&d=mm&r=g\",\"contentUrl\":\"https:\\\/\\\/secure.gravatar.com\\\/avatar\\\/1072c6b775fb02ef8506ce967551d95926669a6b7d2c2147b42eea4d7c68395e?s=96&d=mm&r=g\",\"caption\":\"Reda\u00e7\u00e3o\"},\"sameAs\":[\"https:\\\/\\\/transamerica93.com.br\\\/home\"],\"url\":\"https:\\\/\\\/transamerica93.com.br\\\/home\\\/author\\\/william\\\/\"}]}<\/script>\n<!-- \/ Yoast SEO plugin. -->","yoast_head_json":{"title":"Dengue: pelo menos 11 capitais n\u00e3o v\u00e3o ampliar faixa et\u00e1ria de vacina - Transam\u00e9rica Mococa 93,3","robots":{"index":"index","follow":"follow","max-snippet":"max-snippet:-1","max-image-preview":"max-image-preview:large","max-video-preview":"max-video-preview:-1"},"canonical":"https:\/\/transamerica93.com.br\/home\/dengue-pelo-menos-11-capitais-nao-vao-ampliar-faixa-etaria-de-vacina\/","og_locale":"pt_BR","og_type":"article","og_title":"Dengue: pelo menos 11 capitais n\u00e3o v\u00e3o ampliar faixa et\u00e1ria de vacina - Transam\u00e9rica Mococa 93,3","og_description":"Apesar de o Minist\u00e9rio da Sa\u00fade ter autorizado a\u00a0amplia\u00e7\u00e3o da faixa et\u00e1ria\u00a0para o uso de vacinas contra a dengue pr\u00f3ximas ao vencimento,\u00a0pelo menos 11\u00a0capitais\u00a0v\u00e3o manter o esquema priorit\u00e1rio de vacina\u00e7\u00e3o. S\u00e3o elas: Aracaju, Bel\u00e9m, Belo Horizonte,\u00a0Bras\u00edlia, Manaus, Natal, Porto Velho, Recife,\u00a0S\u00e3o Paulo, Salvador e Vit\u00f3ria. A justificativa das prefeituras e do Distrito Federal \u00e9 que\u00a0n\u00e3o &hellip;","og_url":"https:\/\/transamerica93.com.br\/home\/dengue-pelo-menos-11-capitais-nao-vao-ampliar-faixa-etaria-de-vacina\/","og_site_name":"Transam\u00e9rica Mococa 93,3","article_publisher":"https:\/\/www.facebook.com\/transamericamococa","article_published_time":"2025-02-20T12:00:42+00:00","og_image":[{"width":1170,"height":700,"url":"https:\/\/transamerica93.com.br\/home\/wp-content\/uploads\/2025\/02\/Sem-titulo-1.png","type":"image\/png"}],"author":"Reda\u00e7\u00e3o","twitter_card":"summary_large_image","twitter_creator":"@transamerica933","twitter_site":"@transamerica933","twitter_misc":{"Escrito por":"Reda\u00e7\u00e3o","Est. tempo de leitura":"4 minutos"},"schema":{"@context":"https:\/\/schema.org","@graph":[{"@type":"Article","@id":"https:\/\/transamerica93.com.br\/home\/dengue-pelo-menos-11-capitais-nao-vao-ampliar-faixa-etaria-de-vacina\/#article","isPartOf":{"@id":"https:\/\/transamerica93.com.br\/home\/dengue-pelo-menos-11-capitais-nao-vao-ampliar-faixa-etaria-de-vacina\/"},"author":{"name":"Reda\u00e7\u00e3o","@id":"https:\/\/transamerica93.com.br\/home\/#\/schema\/person\/7fed7c99c0d4562efa8561bc0f543172"},"headline":"Dengue: pelo menos 11 capitais n\u00e3o v\u00e3o ampliar faixa et\u00e1ria de vacina","datePublished":"2025-02-20T12:00:42+00:00","mainEntityOfPage":{"@id":"https:\/\/transamerica93.com.br\/home\/dengue-pelo-menos-11-capitais-nao-vao-ampliar-faixa-etaria-de-vacina\/"},"wordCount":525,"publisher":{"@id":"https:\/\/transamerica93.com.br\/home\/#organization"},"image":{"@id":"https:\/\/transamerica93.com.br\/home\/dengue-pelo-menos-11-capitais-nao-vao-ampliar-faixa-etaria-de-vacina\/#primaryimage"},"thumbnailUrl":"https:\/\/transamerica93.com.br\/home\/wp-content\/uploads\/2025\/02\/Sem-titulo-1.png","articleSection":["Geral"],"inLanguage":"pt-BR"},{"@type":"WebPage","@id":"https:\/\/transamerica93.com.br\/home\/dengue-pelo-menos-11-capitais-nao-vao-ampliar-faixa-etaria-de-vacina\/","url":"https:\/\/transamerica93.com.br\/home\/dengue-pelo-menos-11-capitais-nao-vao-ampliar-faixa-etaria-de-vacina\/","name":"Dengue: pelo menos 11 capitais n\u00e3o v\u00e3o ampliar faixa et\u00e1ria de vacina - Transam\u00e9rica Mococa 93,3","isPartOf":{"@id":"https:\/\/transamerica93.com.br\/home\/#website"},"primaryImageOfPage":{"@id":"https:\/\/transamerica93.com.br\/home\/dengue-pelo-menos-11-capitais-nao-vao-ampliar-faixa-etaria-de-vacina\/#primaryimage"},"image":{"@id":"https:\/\/transamerica93.com.br\/home\/dengue-pelo-menos-11-capitais-nao-vao-ampliar-faixa-etaria-de-vacina\/#primaryimage"},"thumbnailUrl":"https:\/\/transamerica93.com.br\/home\/wp-content\/uploads\/2025\/02\/Sem-titulo-1.png","datePublished":"2025-02-20T12:00:42+00:00","breadcrumb":{"@id":"https:\/\/transamerica93.com.br\/home\/dengue-pelo-menos-11-capitais-nao-vao-ampliar-faixa-etaria-de-vacina\/#breadcrumb"},"inLanguage":"pt-BR","potentialAction":[{"@type":"ReadAction","target":["https:\/\/transamerica93.com.br\/home\/dengue-pelo-menos-11-capitais-nao-vao-ampliar-faixa-etaria-de-vacina\/"]}]},{"@type":"ImageObject","inLanguage":"pt-BR","@id":"https:\/\/transamerica93.com.br\/home\/dengue-pelo-menos-11-capitais-nao-vao-ampliar-faixa-etaria-de-vacina\/#primaryimage","url":"https:\/\/transamerica93.com.br\/home\/wp-content\/uploads\/2025\/02\/Sem-titulo-1.png","contentUrl":"https:\/\/transamerica93.com.br\/home\/wp-content\/uploads\/2025\/02\/Sem-titulo-1.png","width":1170,"height":700,"caption":"\u00a9 Rovena Rosa\/Ag\u00eancia Brasil"},{"@type":"BreadcrumbList","@id":"https:\/\/transamerica93.com.br\/home\/dengue-pelo-menos-11-capitais-nao-vao-ampliar-faixa-etaria-de-vacina\/#breadcrumb","itemListElement":[{"@type":"ListItem","position":1,"name":"In\u00edcio","item":"https:\/\/transamerica93.com.br\/home\/"},{"@type":"ListItem","position":2,"name":"Dengue: pelo menos 11 capitais n\u00e3o v\u00e3o ampliar faixa et\u00e1ria de vacina"}]},{"@type":"WebSite","@id":"https:\/\/transamerica93.com.br\/home\/#website","url":"https:\/\/transamerica93.com.br\/home\/","name":"Transam\u00e9rica Mococa 93,3","description":"","publisher":{"@id":"https:\/\/transamerica93.com.br\/home\/#organization"},"potentialAction":[{"@type":"SearchAction","target":{"@type":"EntryPoint","urlTemplate":"https:\/\/transamerica93.com.br\/home\/?s={search_term_string}"},"query-input":{"@type":"PropertyValueSpecification","valueRequired":true,"valueName":"search_term_string"}}],"inLanguage":"pt-BR"},{"@type":"Organization","@id":"https:\/\/transamerica93.com.br\/home\/#organization","name":"Transam\u00e9rica Mococa 93,3","url":"https:\/\/transamerica93.com.br\/home\/","logo":{"@type":"ImageObject","inLanguage":"pt-BR","@id":"https:\/\/transamerica93.com.br\/home\/#\/schema\/logo\/image\/","url":"https:\/\/transamerica93.com.br\/home\/wp-content\/uploads\/2023\/10\/logo2.png","contentUrl":"https:\/\/transamerica93.com.br\/home\/wp-content\/uploads\/2023\/10\/logo2.png","width":800,"height":500,"caption":"Transam\u00e9rica Mococa 93,3"},"image":{"@id":"https:\/\/transamerica93.com.br\/home\/#\/schema\/logo\/image\/"},"sameAs":["https:\/\/www.facebook.com\/transamericamococa","https:\/\/x.com\/transamerica933","https:\/\/www.instagram.com\/transamericamococa"]},{"@type":"Person","@id":"https:\/\/transamerica93.com.br\/home\/#\/schema\/person\/7fed7c99c0d4562efa8561bc0f543172","name":"Reda\u00e7\u00e3o","image":{"@type":"ImageObject","inLanguage":"pt-BR","@id":"https:\/\/secure.gravatar.com\/avatar\/1072c6b775fb02ef8506ce967551d95926669a6b7d2c2147b42eea4d7c68395e?s=96&d=mm&r=g","url":"https:\/\/secure.gravatar.com\/avatar\/1072c6b775fb02ef8506ce967551d95926669a6b7d2c2147b42eea4d7c68395e?s=96&d=mm&r=g","contentUrl":"https:\/\/secure.gravatar.com\/avatar\/1072c6b775fb02ef8506ce967551d95926669a6b7d2c2147b42eea4d7c68395e?s=96&d=mm&r=g","caption":"Reda\u00e7\u00e3o"},"sameAs":["https:\/\/transamerica93.com.br\/home"],"url":"https:\/\/transamerica93.com.br\/home\/author\/william\/"}]}},"_links":{"self":[{"href":"https:\/\/transamerica93.com.br\/home\/wp-json\/wp\/v2\/posts\/4718","targetHints":{"allow":["GET"]}}],"collection":[{"href":"https:\/\/transamerica93.com.br\/home\/wp-json\/wp\/v2\/posts"}],"about":[{"href":"https:\/\/transamerica93.com.br\/home\/wp-json\/wp\/v2\/types\/post"}],"author":[{"embeddable":true,"href":"https:\/\/transamerica93.com.br\/home\/wp-json\/wp\/v2\/users\/1"}],"replies":[{"embeddable":true,"href":"https:\/\/transamerica93.com.br\/home\/wp-json\/wp\/v2\/comments?post=4718"}],"version-history":[{"count":1,"href":"https:\/\/transamerica93.com.br\/home\/wp-json\/wp\/v2\/posts\/4718\/revisions"}],"predecessor-version":[{"id":4720,"href":"https:\/\/transamerica93.com.br\/home\/wp-json\/wp\/v2\/posts\/4718\/revisions\/4720"}],"wp:featuredmedia":[{"embeddable":true,"href":"https:\/\/transamerica93.com.br\/home\/wp-json\/wp\/v2\/media\/4719"}],"wp:attachment":[{"href":"https:\/\/transamerica93.com.br\/home\/wp-json\/wp\/v2\/media?parent=4718"}],"wp:term":[{"taxonomy":"category","embeddable":true,"href":"https:\/\/transamerica93.com.br\/home\/wp-json\/wp\/v2\/categories?post=4718"},{"taxonomy":"post_tag","embeddable":true,"href":"https:\/\/transamerica93.com.br\/home\/wp-json\/wp\/v2\/tags?post=4718"}],"curies":[{"name":"wp","href":"https:\/\/api.w.org\/{rel}","templated":true}]}}