{"id":4721,"date":"2025-02-21T09:00:14","date_gmt":"2025-02-21T12:00:14","guid":{"rendered":"https:\/\/transamerica93.com.br\/home\/?p=4721"},"modified":"2025-02-19T06:13:47","modified_gmt":"2025-02-19T09:13:47","slug":"governo-inicia-compra-para-o-programa-de-aquisicao-de-alimentos","status":"publish","type":"post","link":"https:\/\/transamerica93.com.br\/home\/governo-inicia-compra-para-o-programa-de-aquisicao-de-alimentos\/","title":{"rendered":"Governo inicia compra para o Programa de Aquisi\u00e7\u00e3o de Alimentos"},"content":{"rendered":"<div class=\"conteudo-noticia\">\n<p>O Programa de Aquisi\u00e7\u00e3o de Alimentos (PAA) passa a receber, a partir desta ter\u00e7a-feira (18), propostas de compra de alimentos de agricultores e agricultoras familiares. As propostas devem ser encaminhadas at\u00e9 o dia 20 de mar\u00e7o para a Companhia Nacional de Abastecimento (Conab) por meio do sistema PAANet. Os recursos para compra totalizam R$ 500 milh\u00f5es.<img decoding=\"async\" data-src=\"https:\/\/agenciabrasil.ebc.com.br\/ebc.png?id=1630871&amp;o=node\" src=\"data:image\/svg+xml;base64,PHN2ZyB3aWR0aD0iMSIgaGVpZ2h0PSIxIiB4bWxucz0iaHR0cDovL3d3dy53My5vcmcvMjAwMC9zdmciPjwvc3ZnPg==\" class=\"lazyload\" \/><img decoding=\"async\" data-src=\"https:\/\/agenciabrasil.ebc.com.br\/ebc.gif?id=1630871&amp;o=node\" src=\"data:image\/svg+xml;base64,PHN2ZyB3aWR0aD0iMSIgaGVpZ2h0PSIxIiB4bWxucz0iaHR0cDovL3d3dy53My5vcmcvMjAwMC9zdmciPjwvc3ZnPg==\" class=\"lazyload\" \/><\/p>\n<p>As aquisi\u00e7\u00f5es ser\u00e3o feitas na modalidade Compra com Doa\u00e7\u00e3o Simult\u00e2nea (CDS), onde os alimentos ser\u00e3o destinados ao abastecimento de restaurantes populares e cozinhas solid\u00e1rias, bem como outros equipamentos da rede socioassistencial e de Equipamentos P\u00fablicos de Seguran\u00e7a Alimentar e Nutricional.<\/p>\n<p>As propostas encaminhadas ao PAA devem contar com no m\u00ednimo 50% de participa\u00e7\u00e3o feminina. Al\u00e9m disso, ser\u00e1 dada prioridade para os projetos agroecol\u00f3gicos e org\u00e2nicos, assim como as propostas com participa\u00e7\u00e3o de ind\u00edgenas, comunidades quilombolas e povos e comunidades tradicionais (PCTs) e de assentados da reforma agr\u00e1ria.<\/p>\n<p>Cada organiza\u00e7\u00e3o fornecedora poder\u00e1 atingir o limite de R$ 1,5 milh\u00e3o por ano, sendo que o limite por agricultor familiar \u00e9 de R$ 15 mil.<\/p>\n<p>A iniciativa \u00e9 do Minist\u00e9rio do Desenvolvimento e Assist\u00eancia Social, Fam\u00edlia e Combate \u00e0 Fome (MDS) e conta com apoio do Minist\u00e9rio do Desenvolvimento Agr\u00e1rio e Agricultura Familiar (MDA).<\/p>\n<p>\u201cDe um lado a transfer\u00eancia de renda e do outro o complemento alimentar, com alimento saud\u00e1vel da agricultura familiar\u201d, disse o ministro do Desenvolvimento e Assist\u00eancia Social, Fam\u00edlia e Combate \u00e0 Fome, Wellington Dias, durante o lan\u00e7amento do programa deste ano, em Bras\u00edlia.<\/p>\n<p>Durante o evento, Teixeira lembrou que os programas de compras de alimentos foram praticamente extintos no governo anterior, o que foi um dos elementos que contribu\u00edram para que o pa\u00eds voltasse ao mapa da fome da Organiza\u00e7\u00e3o das Na\u00e7\u00f5es Unidas para a Alimenta\u00e7\u00e3o e Agricultura (FAO).<\/p>\n<p>\u201cEles acabaram com o programa de aquisi\u00e7\u00e3o de alimentos. O presidente Lula assumiu com 33 milh\u00f5es de brasileiros no mapa da fome, porque n\u00e3o s\u00e3o pol\u00edticas de governo, s\u00e3o pol\u00edticas de Estado que foram desarticuladas, e isso resultou na inclus\u00e3o do Brasil no mapa da fome da FAO\u201d, apontou.<\/p>\n<p>O ministro disse que uma das estrat\u00e9gias do governo federal foi recuperar os programas de compras p\u00fablicas que, aliados a outras pol\u00edticas p\u00fablicas, como o microcr\u00e9dito, o financiamento de m\u00e1quinas agr\u00edcolas e o incremento do Programa Nacional de Agricultura Familiar (Pronaf), ajudaram na retomada da pol\u00edtica p\u00fablica.<\/p>\n<p>\u201cOs programas de compras p\u00fablicas t\u00eam a virtude de aumentar a produ\u00e7\u00e3o de alimentos, ao mesmo tempo em que estimula os agricultores a produzir e faz com que consigamos realizar um ciclo curto de alimenta\u00e7\u00e3o e consumo, j\u00e1 que esses alimentos ser\u00e3o produzidos e consumidos nas mesmas regi\u00f5es onde esses agricultores est\u00e3o\u201d, afirmou. \u201cA gente quer ampliar quem produz alimentos no Brasil\u201d, resumiu.<\/p>\n<p>O PAA \u00e9 uma das estrat\u00e9gias da Conab para a promo\u00e7\u00e3o da seguran\u00e7a alimentar e nutricional, com vistas a promover a agricultura familiar, o desenvolvimento rural com a gera\u00e7\u00e3o de renda e emprego, contribuindo para a redu\u00e7\u00e3o do \u00eaxodo rural e para a gera\u00e7\u00e3o de capital no setor agropecu\u00e1rio.<\/p>\n<p>O presidente da Conab, Edegar Pretto, lembrou que o programa \u00e9 um importante instrumento para a erradica\u00e7\u00e3o da fome no pa\u00eds.<\/p>\n<p>A \u00faltima chamada do programa adquiriu e distribuiu 1.132 toneladas de alimentos. Desse total, 40% das compras foram de agricultores familiares da Regi\u00e3o Nordeste; 19% da Regi\u00e3o Norte; no Sudeste foram 13%; no Sul, 21% e 7% no Centro-Oeste.<\/p>\n<p>\u201cEstamos consolidando a volta do PAA. Estamos aqui para dizer que o programa de aquisi\u00e7\u00e3o de alimentos n\u00e3o s\u00f3 \u00e9 uma realidade, mas um grande instrumento para ajudar a produzir mais comida no nosso pa\u00eds\u201d, disse Pretto.<\/p>\n<\/div>\n<div class=\"footer-noticia\">\n<div class=\"editor rowflex\">\n<div class=\"nome-editor\">Fernando Fraga<\/div>\n<\/div>\n<\/div>\n","protected":false},"excerpt":{"rendered":"<p>O Programa de Aquisi\u00e7\u00e3o de Alimentos (PAA) passa a receber, a partir desta ter\u00e7a-feira (18), propostas de compra de alimentos de agricultores e agricultoras familiares. As propostas devem ser encaminhadas at\u00e9 o dia 20 de mar\u00e7o para a Companhia Nacional de Abastecimento (Conab) por meio do sistema PAANet. Os recursos para compra totalizam R$ 500 &hellip;<\/p>\n","protected":false},"author":1,"featured_media":4722,"comment_status":"closed","ping_status":"closed","sticky":false,"template":"","format":"standard","meta":{"footnotes":""},"categories":[30],"tags":[],"class_list":["post-4721","post","type-post","status-publish","format-standard","has-post-thumbnail","hentry","category-geral"],"yoast_head":"<!-- This site is optimized with the Yoast SEO plugin v27.4 - https:\/\/yoast.com\/product\/yoast-seo-wordpress\/ -->\n<title>Governo inicia compra para o Programa de Aquisi\u00e7\u00e3o de Alimentos - Transam\u00e9rica Mococa 93,3<\/title>\n<meta name=\"robots\" content=\"index, follow, max-snippet:-1, max-image-preview:large, max-video-preview:-1\" \/>\n<link rel=\"canonical\" href=\"https:\/\/transamerica93.com.br\/home\/governo-inicia-compra-para-o-programa-de-aquisicao-de-alimentos\/\" \/>\n<meta property=\"og:locale\" content=\"pt_BR\" \/>\n<meta property=\"og:type\" content=\"article\" \/>\n<meta property=\"og:title\" content=\"Governo inicia compra para o Programa de Aquisi\u00e7\u00e3o de Alimentos - Transam\u00e9rica Mococa 93,3\" \/>\n<meta property=\"og:description\" content=\"O Programa de Aquisi\u00e7\u00e3o de Alimentos (PAA) passa a receber, a partir desta ter\u00e7a-feira (18), propostas de compra de alimentos de agricultores e agricultoras familiares. As propostas devem ser encaminhadas at\u00e9 o dia 20 de mar\u00e7o para a Companhia Nacional de Abastecimento (Conab) por meio do sistema PAANet. Os recursos para compra totalizam R$ 500 &hellip;\" \/>\n<meta property=\"og:url\" content=\"https:\/\/transamerica93.com.br\/home\/governo-inicia-compra-para-o-programa-de-aquisicao-de-alimentos\/\" \/>\n<meta property=\"og:site_name\" content=\"Transam\u00e9rica Mococa 93,3\" \/>\n<meta property=\"article:publisher\" content=\"https:\/\/www.facebook.com\/transamericamococa\" \/>\n<meta property=\"article:published_time\" content=\"2025-02-21T12:00:14+00:00\" \/>\n<meta property=\"og:image\" content=\"https:\/\/transamerica93.com.br\/home\/wp-content\/uploads\/2025\/02\/Sem-titulo-2.png\" \/>\n\t<meta property=\"og:image:width\" content=\"1170\" \/>\n\t<meta property=\"og:image:height\" content=\"700\" \/>\n\t<meta property=\"og:image:type\" content=\"image\/png\" \/>\n<meta name=\"author\" content=\"Reda\u00e7\u00e3o\" \/>\n<meta name=\"twitter:card\" content=\"summary_large_image\" \/>\n<meta name=\"twitter:creator\" content=\"@transamerica933\" \/>\n<meta name=\"twitter:site\" content=\"@transamerica933\" \/>\n<meta name=\"twitter:label1\" content=\"Escrito por\" \/>\n\t<meta name=\"twitter:data1\" content=\"Reda\u00e7\u00e3o\" \/>\n\t<meta name=\"twitter:label2\" content=\"Est. tempo de leitura\" \/>\n\t<meta name=\"twitter:data2\" content=\"4 minutos\" \/>\n<script type=\"application\/ld+json\" class=\"yoast-schema-graph\">{\"@context\":\"https:\\\/\\\/schema.org\",\"@graph\":[{\"@type\":\"Article\",\"@id\":\"https:\\\/\\\/transamerica93.com.br\\\/home\\\/governo-inicia-compra-para-o-programa-de-aquisicao-de-alimentos\\\/#article\",\"isPartOf\":{\"@id\":\"https:\\\/\\\/transamerica93.com.br\\\/home\\\/governo-inicia-compra-para-o-programa-de-aquisicao-de-alimentos\\\/\"},\"author\":{\"name\":\"Reda\u00e7\u00e3o\",\"@id\":\"https:\\\/\\\/transamerica93.com.br\\\/home\\\/#\\\/schema\\\/person\\\/7fed7c99c0d4562efa8561bc0f543172\"},\"headline\":\"Governo inicia compra para o Programa de Aquisi\u00e7\u00e3o de Alimentos\",\"datePublished\":\"2025-02-21T12:00:14+00:00\",\"mainEntityOfPage\":{\"@id\":\"https:\\\/\\\/transamerica93.com.br\\\/home\\\/governo-inicia-compra-para-o-programa-de-aquisicao-de-alimentos\\\/\"},\"wordCount\":660,\"publisher\":{\"@id\":\"https:\\\/\\\/transamerica93.com.br\\\/home\\\/#organization\"},\"image\":{\"@id\":\"https:\\\/\\\/transamerica93.com.br\\\/home\\\/governo-inicia-compra-para-o-programa-de-aquisicao-de-alimentos\\\/#primaryimage\"},\"thumbnailUrl\":\"https:\\\/\\\/transamerica93.com.br\\\/home\\\/wp-content\\\/uploads\\\/2025\\\/02\\\/Sem-titulo-2.png\",\"articleSection\":[\"Geral\"],\"inLanguage\":\"pt-BR\"},{\"@type\":\"WebPage\",\"@id\":\"https:\\\/\\\/transamerica93.com.br\\\/home\\\/governo-inicia-compra-para-o-programa-de-aquisicao-de-alimentos\\\/\",\"url\":\"https:\\\/\\\/transamerica93.com.br\\\/home\\\/governo-inicia-compra-para-o-programa-de-aquisicao-de-alimentos\\\/\",\"name\":\"Governo inicia compra para o Programa de Aquisi\u00e7\u00e3o de Alimentos - Transam\u00e9rica Mococa 93,3\",\"isPartOf\":{\"@id\":\"https:\\\/\\\/transamerica93.com.br\\\/home\\\/#website\"},\"primaryImageOfPage\":{\"@id\":\"https:\\\/\\\/transamerica93.com.br\\\/home\\\/governo-inicia-compra-para-o-programa-de-aquisicao-de-alimentos\\\/#primaryimage\"},\"image\":{\"@id\":\"https:\\\/\\\/transamerica93.com.br\\\/home\\\/governo-inicia-compra-para-o-programa-de-aquisicao-de-alimentos\\\/#primaryimage\"},\"thumbnailUrl\":\"https:\\\/\\\/transamerica93.com.br\\\/home\\\/wp-content\\\/uploads\\\/2025\\\/02\\\/Sem-titulo-2.png\",\"datePublished\":\"2025-02-21T12:00:14+00:00\",\"breadcrumb\":{\"@id\":\"https:\\\/\\\/transamerica93.com.br\\\/home\\\/governo-inicia-compra-para-o-programa-de-aquisicao-de-alimentos\\\/#breadcrumb\"},\"inLanguage\":\"pt-BR\",\"potentialAction\":[{\"@type\":\"ReadAction\",\"target\":[\"https:\\\/\\\/transamerica93.com.br\\\/home\\\/governo-inicia-compra-para-o-programa-de-aquisicao-de-alimentos\\\/\"]}]},{\"@type\":\"ImageObject\",\"inLanguage\":\"pt-BR\",\"@id\":\"https:\\\/\\\/transamerica93.com.br\\\/home\\\/governo-inicia-compra-para-o-programa-de-aquisicao-de-alimentos\\\/#primaryimage\",\"url\":\"https:\\\/\\\/transamerica93.com.br\\\/home\\\/wp-content\\\/uploads\\\/2025\\\/02\\\/Sem-titulo-2.png\",\"contentUrl\":\"https:\\\/\\\/transamerica93.com.br\\\/home\\\/wp-content\\\/uploads\\\/2025\\\/02\\\/Sem-titulo-2.png\",\"width\":1170,\"height\":700,\"caption\":\"\u00a9 MDA\\\/Divulga\u00e7\u00e3o\"},{\"@type\":\"BreadcrumbList\",\"@id\":\"https:\\\/\\\/transamerica93.com.br\\\/home\\\/governo-inicia-compra-para-o-programa-de-aquisicao-de-alimentos\\\/#breadcrumb\",\"itemListElement\":[{\"@type\":\"ListItem\",\"position\":1,\"name\":\"In\u00edcio\",\"item\":\"https:\\\/\\\/transamerica93.com.br\\\/home\\\/\"},{\"@type\":\"ListItem\",\"position\":2,\"name\":\"Governo inicia compra para o Programa de Aquisi\u00e7\u00e3o de Alimentos\"}]},{\"@type\":\"WebSite\",\"@id\":\"https:\\\/\\\/transamerica93.com.br\\\/home\\\/#website\",\"url\":\"https:\\\/\\\/transamerica93.com.br\\\/home\\\/\",\"name\":\"Transam\u00e9rica Mococa 93,3\",\"description\":\"\",\"publisher\":{\"@id\":\"https:\\\/\\\/transamerica93.com.br\\\/home\\\/#organization\"},\"potentialAction\":[{\"@type\":\"SearchAction\",\"target\":{\"@type\":\"EntryPoint\",\"urlTemplate\":\"https:\\\/\\\/transamerica93.com.br\\\/home\\\/?s={search_term_string}\"},\"query-input\":{\"@type\":\"PropertyValueSpecification\",\"valueRequired\":true,\"valueName\":\"search_term_string\"}}],\"inLanguage\":\"pt-BR\"},{\"@type\":\"Organization\",\"@id\":\"https:\\\/\\\/transamerica93.com.br\\\/home\\\/#organization\",\"name\":\"Transam\u00e9rica Mococa 93,3\",\"url\":\"https:\\\/\\\/transamerica93.com.br\\\/home\\\/\",\"logo\":{\"@type\":\"ImageObject\",\"inLanguage\":\"pt-BR\",\"@id\":\"https:\\\/\\\/transamerica93.com.br\\\/home\\\/#\\\/schema\\\/logo\\\/image\\\/\",\"url\":\"https:\\\/\\\/transamerica93.com.br\\\/home\\\/wp-content\\\/uploads\\\/2023\\\/10\\\/logo2.png\",\"contentUrl\":\"https:\\\/\\\/transamerica93.com.br\\\/home\\\/wp-content\\\/uploads\\\/2023\\\/10\\\/logo2.png\",\"width\":800,\"height\":500,\"caption\":\"Transam\u00e9rica Mococa 93,3\"},\"image\":{\"@id\":\"https:\\\/\\\/transamerica93.com.br\\\/home\\\/#\\\/schema\\\/logo\\\/image\\\/\"},\"sameAs\":[\"https:\\\/\\\/www.facebook.com\\\/transamericamococa\",\"https:\\\/\\\/x.com\\\/transamerica933\",\"https:\\\/\\\/www.instagram.com\\\/transamericamococa\"]},{\"@type\":\"Person\",\"@id\":\"https:\\\/\\\/transamerica93.com.br\\\/home\\\/#\\\/schema\\\/person\\\/7fed7c99c0d4562efa8561bc0f543172\",\"name\":\"Reda\u00e7\u00e3o\",\"image\":{\"@type\":\"ImageObject\",\"inLanguage\":\"pt-BR\",\"@id\":\"https:\\\/\\\/secure.gravatar.com\\\/avatar\\\/1072c6b775fb02ef8506ce967551d95926669a6b7d2c2147b42eea4d7c68395e?s=96&d=mm&r=g\",\"url\":\"https:\\\/\\\/secure.gravatar.com\\\/avatar\\\/1072c6b775fb02ef8506ce967551d95926669a6b7d2c2147b42eea4d7c68395e?s=96&d=mm&r=g\",\"contentUrl\":\"https:\\\/\\\/secure.gravatar.com\\\/avatar\\\/1072c6b775fb02ef8506ce967551d95926669a6b7d2c2147b42eea4d7c68395e?s=96&d=mm&r=g\",\"caption\":\"Reda\u00e7\u00e3o\"},\"sameAs\":[\"https:\\\/\\\/transamerica93.com.br\\\/home\"],\"url\":\"https:\\\/\\\/transamerica93.com.br\\\/home\\\/author\\\/william\\\/\"}]}<\/script>\n<!-- \/ Yoast SEO plugin. -->","yoast_head_json":{"title":"Governo inicia compra para o Programa de Aquisi\u00e7\u00e3o de Alimentos - Transam\u00e9rica Mococa 93,3","robots":{"index":"index","follow":"follow","max-snippet":"max-snippet:-1","max-image-preview":"max-image-preview:large","max-video-preview":"max-video-preview:-1"},"canonical":"https:\/\/transamerica93.com.br\/home\/governo-inicia-compra-para-o-programa-de-aquisicao-de-alimentos\/","og_locale":"pt_BR","og_type":"article","og_title":"Governo inicia compra para o Programa de Aquisi\u00e7\u00e3o de Alimentos - Transam\u00e9rica Mococa 93,3","og_description":"O Programa de Aquisi\u00e7\u00e3o de Alimentos (PAA) passa a receber, a partir desta ter\u00e7a-feira (18), propostas de compra de alimentos de agricultores e agricultoras familiares. As propostas devem ser encaminhadas at\u00e9 o dia 20 de mar\u00e7o para a Companhia Nacional de Abastecimento (Conab) por meio do sistema PAANet. Os recursos para compra totalizam R$ 500 &hellip;","og_url":"https:\/\/transamerica93.com.br\/home\/governo-inicia-compra-para-o-programa-de-aquisicao-de-alimentos\/","og_site_name":"Transam\u00e9rica Mococa 93,3","article_publisher":"https:\/\/www.facebook.com\/transamericamococa","article_published_time":"2025-02-21T12:00:14+00:00","og_image":[{"width":1170,"height":700,"url":"https:\/\/transamerica93.com.br\/home\/wp-content\/uploads\/2025\/02\/Sem-titulo-2.png","type":"image\/png"}],"author":"Reda\u00e7\u00e3o","twitter_card":"summary_large_image","twitter_creator":"@transamerica933","twitter_site":"@transamerica933","twitter_misc":{"Escrito por":"Reda\u00e7\u00e3o","Est. tempo de leitura":"4 minutos"},"schema":{"@context":"https:\/\/schema.org","@graph":[{"@type":"Article","@id":"https:\/\/transamerica93.com.br\/home\/governo-inicia-compra-para-o-programa-de-aquisicao-de-alimentos\/#article","isPartOf":{"@id":"https:\/\/transamerica93.com.br\/home\/governo-inicia-compra-para-o-programa-de-aquisicao-de-alimentos\/"},"author":{"name":"Reda\u00e7\u00e3o","@id":"https:\/\/transamerica93.com.br\/home\/#\/schema\/person\/7fed7c99c0d4562efa8561bc0f543172"},"headline":"Governo inicia compra para o Programa de Aquisi\u00e7\u00e3o de Alimentos","datePublished":"2025-02-21T12:00:14+00:00","mainEntityOfPage":{"@id":"https:\/\/transamerica93.com.br\/home\/governo-inicia-compra-para-o-programa-de-aquisicao-de-alimentos\/"},"wordCount":660,"publisher":{"@id":"https:\/\/transamerica93.com.br\/home\/#organization"},"image":{"@id":"https:\/\/transamerica93.com.br\/home\/governo-inicia-compra-para-o-programa-de-aquisicao-de-alimentos\/#primaryimage"},"thumbnailUrl":"https:\/\/transamerica93.com.br\/home\/wp-content\/uploads\/2025\/02\/Sem-titulo-2.png","articleSection":["Geral"],"inLanguage":"pt-BR"},{"@type":"WebPage","@id":"https:\/\/transamerica93.com.br\/home\/governo-inicia-compra-para-o-programa-de-aquisicao-de-alimentos\/","url":"https:\/\/transamerica93.com.br\/home\/governo-inicia-compra-para-o-programa-de-aquisicao-de-alimentos\/","name":"Governo inicia compra para o Programa de Aquisi\u00e7\u00e3o de Alimentos - Transam\u00e9rica Mococa 93,3","isPartOf":{"@id":"https:\/\/transamerica93.com.br\/home\/#website"},"primaryImageOfPage":{"@id":"https:\/\/transamerica93.com.br\/home\/governo-inicia-compra-para-o-programa-de-aquisicao-de-alimentos\/#primaryimage"},"image":{"@id":"https:\/\/transamerica93.com.br\/home\/governo-inicia-compra-para-o-programa-de-aquisicao-de-alimentos\/#primaryimage"},"thumbnailUrl":"https:\/\/transamerica93.com.br\/home\/wp-content\/uploads\/2025\/02\/Sem-titulo-2.png","datePublished":"2025-02-21T12:00:14+00:00","breadcrumb":{"@id":"https:\/\/transamerica93.com.br\/home\/governo-inicia-compra-para-o-programa-de-aquisicao-de-alimentos\/#breadcrumb"},"inLanguage":"pt-BR","potentialAction":[{"@type":"ReadAction","target":["https:\/\/transamerica93.com.br\/home\/governo-inicia-compra-para-o-programa-de-aquisicao-de-alimentos\/"]}]},{"@type":"ImageObject","inLanguage":"pt-BR","@id":"https:\/\/transamerica93.com.br\/home\/governo-inicia-compra-para-o-programa-de-aquisicao-de-alimentos\/#primaryimage","url":"https:\/\/transamerica93.com.br\/home\/wp-content\/uploads\/2025\/02\/Sem-titulo-2.png","contentUrl":"https:\/\/transamerica93.com.br\/home\/wp-content\/uploads\/2025\/02\/Sem-titulo-2.png","width":1170,"height":700,"caption":"\u00a9 MDA\/Divulga\u00e7\u00e3o"},{"@type":"BreadcrumbList","@id":"https:\/\/transamerica93.com.br\/home\/governo-inicia-compra-para-o-programa-de-aquisicao-de-alimentos\/#breadcrumb","itemListElement":[{"@type":"ListItem","position":1,"name":"In\u00edcio","item":"https:\/\/transamerica93.com.br\/home\/"},{"@type":"ListItem","position":2,"name":"Governo inicia compra para o Programa de Aquisi\u00e7\u00e3o de Alimentos"}]},{"@type":"WebSite","@id":"https:\/\/transamerica93.com.br\/home\/#website","url":"https:\/\/transamerica93.com.br\/home\/","name":"Transam\u00e9rica Mococa 93,3","description":"","publisher":{"@id":"https:\/\/transamerica93.com.br\/home\/#organization"},"potentialAction":[{"@type":"SearchAction","target":{"@type":"EntryPoint","urlTemplate":"https:\/\/transamerica93.com.br\/home\/?s={search_term_string}"},"query-input":{"@type":"PropertyValueSpecification","valueRequired":true,"valueName":"search_term_string"}}],"inLanguage":"pt-BR"},{"@type":"Organization","@id":"https:\/\/transamerica93.com.br\/home\/#organization","name":"Transam\u00e9rica Mococa 93,3","url":"https:\/\/transamerica93.com.br\/home\/","logo":{"@type":"ImageObject","inLanguage":"pt-BR","@id":"https:\/\/transamerica93.com.br\/home\/#\/schema\/logo\/image\/","url":"https:\/\/transamerica93.com.br\/home\/wp-content\/uploads\/2023\/10\/logo2.png","contentUrl":"https:\/\/transamerica93.com.br\/home\/wp-content\/uploads\/2023\/10\/logo2.png","width":800,"height":500,"caption":"Transam\u00e9rica Mococa 93,3"},"image":{"@id":"https:\/\/transamerica93.com.br\/home\/#\/schema\/logo\/image\/"},"sameAs":["https:\/\/www.facebook.com\/transamericamococa","https:\/\/x.com\/transamerica933","https:\/\/www.instagram.com\/transamericamococa"]},{"@type":"Person","@id":"https:\/\/transamerica93.com.br\/home\/#\/schema\/person\/7fed7c99c0d4562efa8561bc0f543172","name":"Reda\u00e7\u00e3o","image":{"@type":"ImageObject","inLanguage":"pt-BR","@id":"https:\/\/secure.gravatar.com\/avatar\/1072c6b775fb02ef8506ce967551d95926669a6b7d2c2147b42eea4d7c68395e?s=96&d=mm&r=g","url":"https:\/\/secure.gravatar.com\/avatar\/1072c6b775fb02ef8506ce967551d95926669a6b7d2c2147b42eea4d7c68395e?s=96&d=mm&r=g","contentUrl":"https:\/\/secure.gravatar.com\/avatar\/1072c6b775fb02ef8506ce967551d95926669a6b7d2c2147b42eea4d7c68395e?s=96&d=mm&r=g","caption":"Reda\u00e7\u00e3o"},"sameAs":["https:\/\/transamerica93.com.br\/home"],"url":"https:\/\/transamerica93.com.br\/home\/author\/william\/"}]}},"_links":{"self":[{"href":"https:\/\/transamerica93.com.br\/home\/wp-json\/wp\/v2\/posts\/4721","targetHints":{"allow":["GET"]}}],"collection":[{"href":"https:\/\/transamerica93.com.br\/home\/wp-json\/wp\/v2\/posts"}],"about":[{"href":"https:\/\/transamerica93.com.br\/home\/wp-json\/wp\/v2\/types\/post"}],"author":[{"embeddable":true,"href":"https:\/\/transamerica93.com.br\/home\/wp-json\/wp\/v2\/users\/1"}],"replies":[{"embeddable":true,"href":"https:\/\/transamerica93.com.br\/home\/wp-json\/wp\/v2\/comments?post=4721"}],"version-history":[{"count":1,"href":"https:\/\/transamerica93.com.br\/home\/wp-json\/wp\/v2\/posts\/4721\/revisions"}],"predecessor-version":[{"id":4723,"href":"https:\/\/transamerica93.com.br\/home\/wp-json\/wp\/v2\/posts\/4721\/revisions\/4723"}],"wp:featuredmedia":[{"embeddable":true,"href":"https:\/\/transamerica93.com.br\/home\/wp-json\/wp\/v2\/media\/4722"}],"wp:attachment":[{"href":"https:\/\/transamerica93.com.br\/home\/wp-json\/wp\/v2\/media?parent=4721"}],"wp:term":[{"taxonomy":"category","embeddable":true,"href":"https:\/\/transamerica93.com.br\/home\/wp-json\/wp\/v2\/categories?post=4721"},{"taxonomy":"post_tag","embeddable":true,"href":"https:\/\/transamerica93.com.br\/home\/wp-json\/wp\/v2\/tags?post=4721"}],"curies":[{"name":"wp","href":"https:\/\/api.w.org\/{rel}","templated":true}]}}