{"id":4724,"date":"2025-02-19T12:00:58","date_gmt":"2025-02-19T15:00:58","guid":{"rendered":"https:\/\/transamerica93.com.br\/home\/?p=4724"},"modified":"2025-02-19T06:18:08","modified_gmt":"2025-02-19T09:18:08","slug":"joao-fonseca-diz-que-muita-coisa-mudou-apos-titulo-na-argentina","status":"publish","type":"post","link":"https:\/\/transamerica93.com.br\/home\/joao-fonseca-diz-que-muita-coisa-mudou-apos-titulo-na-argentina\/","title":{"rendered":"Jo\u00e3o Fonseca diz que muita coisa mudou ap\u00f3s t\u00edtulo na Argentina"},"content":{"rendered":"<div class=\"conteudo-noticia\">\n<p>Jo\u00e3o Fonseca afirmou, nesta segunda-feira (17), que muita coisa mudou ap\u00f3s a conquista, no \u00faltimo domingo (16), do ATP 250 de Buenos Aires (Argentina), o primeiro t\u00edtulo do brasileiro no circuito profissional de t\u00eanis.<img decoding=\"async\" data-src=\"https:\/\/agenciabrasil.ebc.com.br\/ebc.png?id=1630748&amp;o=node\" src=\"data:image\/svg+xml;base64,PHN2ZyB3aWR0aD0iMSIgaGVpZ2h0PSIxIiB4bWxucz0iaHR0cDovL3d3dy53My5vcmcvMjAwMC9zdmciPjwvc3ZnPg==\" class=\"lazyload\" \/><img decoding=\"async\" data-src=\"https:\/\/agenciabrasil.ebc.com.br\/ebc.gif?id=1630748&amp;o=node\" src=\"data:image\/svg+xml;base64,PHN2ZyB3aWR0aD0iMSIgaGVpZ2h0PSIxIiB4bWxucz0iaHR0cDovL3d3dy53My5vcmcvMjAwMC9zdmciPjwvc3ZnPg==\" class=\"lazyload\" \/><\/p>\n<p>\u201cMuita coisa mudou. Foi um t\u00edtulo muito especial. O primeiro t\u00edtulo \u00e9 sempre inesquec\u00edvel. O conquistei na Argentina. Obviamente que gostaria que fosse aqui no Rio, mas foi especial do mesmo jeito\u201d, declarou o tenista de 18 anos de idade em entrevista coletiva antes da sua estreia no Rio Open, que ser\u00e1 na pr\u00f3xima ter\u00e7a-feira (18) contra o franc\u00eas Alexandre M\u00fcller.<\/p>\n<p>Segundo Jo\u00e3o Fonseca, o momento de celebra\u00e7\u00e3o passou, e agora \u00e9 necess\u00e1rio se concentrar na disputa daquele que \u00e9 considerado o maior torneio de t\u00eanis da Am\u00e9rica do Sul: \u201cO que aconteceu \u00e9 passado, e agora \u00e9 focar no presente, no futuro, no que pode acontecer no Rio Open\u201d.<\/p>\n<p>Por\u00e9m, ap\u00f3s se tornar o brasileiro mais jovem a faturar um trof\u00e9u no circuito da Associa\u00e7\u00e3o de Tenistas Profissionais (ATP), o carioca assumiu maior protagonismo entre os tenistas do Brasil: \u201cEstou muito feliz e orgulhoso de mim. E quero ver mais crian\u00e7as me olhando como exemplo e inspira\u00e7\u00e3o. Isso me d\u00e1 for\u00e7a para seguir querendo ser o n\u00famero um do mundo\u201d.<\/p>\n<p>Na entrevista, Jo\u00e3o Fonseca admitiu que toda a repercuss\u00e3o em torno do seu nome tr\u00e1s um certo peso, mas tamb\u00e9m serve como combust\u00edvel para buscar novas conquistas: \u201c\u00c9 um sonho jogar t\u00eanis. \u00c9 uma honra representar o Brasil. E estou fazendo o que gosto, o que amo. E ver pessoas se inspirarem em mim, me d\u00e1 combust\u00edvel para seguir lutando, seguir trabalhando cada vez mais duro, obter t\u00edtulos. Acho que as coisas acontecer\u00e3o naturalmente, junto com trabalho duro. N\u00e3o posso dizer que, diante de tudo o que est\u00e1 acontecendo, vou ser uma estrela do t\u00eanis, pois n\u00e3o \u00e9 assim que funciona. O tempo dir\u00e1. Mas garanto que trabalho muito para chegar l\u00e1\u201d<\/p>\n<\/div>\n<div class=\"footer-noticia\">\n<div class=\"editor rowflex\">Edi\u00e7\u00e3o: F\u00e1bio Lisboa<\/div>\n<\/div>\n","protected":false},"excerpt":{"rendered":"<p>Jo\u00e3o Fonseca afirmou, nesta segunda-feira (17), que muita coisa mudou ap\u00f3s a conquista, no \u00faltimo domingo (16), do ATP 250 de Buenos Aires (Argentina), o primeiro t\u00edtulo do brasileiro no circuito profissional de t\u00eanis. \u201cMuita coisa mudou. Foi um t\u00edtulo muito especial. O primeiro t\u00edtulo \u00e9 sempre inesquec\u00edvel. O conquistei na Argentina. Obviamente que gostaria &hellip;<\/p>\n","protected":false},"author":1,"featured_media":4725,"comment_status":"closed","ping_status":"closed","sticky":false,"template":"","format":"standard","meta":{"footnotes":""},"categories":[31],"tags":[],"class_list":["post-4724","post","type-post","status-publish","format-standard","has-post-thumbnail","hentry","category-esportes"],"yoast_head":"<!-- This site is optimized with the Yoast SEO plugin v27.4 - https:\/\/yoast.com\/product\/yoast-seo-wordpress\/ -->\n<title>Jo\u00e3o Fonseca diz que muita coisa mudou ap\u00f3s t\u00edtulo na Argentina - Transam\u00e9rica Mococa 93,3<\/title>\n<meta name=\"robots\" content=\"index, follow, max-snippet:-1, max-image-preview:large, max-video-preview:-1\" \/>\n<link rel=\"canonical\" href=\"https:\/\/transamerica93.com.br\/home\/joao-fonseca-diz-que-muita-coisa-mudou-apos-titulo-na-argentina\/\" \/>\n<meta property=\"og:locale\" content=\"pt_BR\" \/>\n<meta property=\"og:type\" content=\"article\" \/>\n<meta property=\"og:title\" content=\"Jo\u00e3o Fonseca diz que muita coisa mudou ap\u00f3s t\u00edtulo na Argentina - Transam\u00e9rica Mococa 93,3\" \/>\n<meta property=\"og:description\" content=\"Jo\u00e3o Fonseca afirmou, nesta segunda-feira (17), que muita coisa mudou ap\u00f3s a conquista, no \u00faltimo domingo (16), do ATP 250 de Buenos Aires (Argentina), o primeiro t\u00edtulo do brasileiro no circuito profissional de t\u00eanis. \u201cMuita coisa mudou. Foi um t\u00edtulo muito especial. O primeiro t\u00edtulo \u00e9 sempre inesquec\u00edvel. O conquistei na Argentina. Obviamente que gostaria &hellip;\" \/>\n<meta property=\"og:url\" content=\"https:\/\/transamerica93.com.br\/home\/joao-fonseca-diz-que-muita-coisa-mudou-apos-titulo-na-argentina\/\" \/>\n<meta property=\"og:site_name\" content=\"Transam\u00e9rica Mococa 93,3\" \/>\n<meta property=\"article:publisher\" content=\"https:\/\/www.facebook.com\/transamericamococa\" \/>\n<meta property=\"article:published_time\" content=\"2025-02-19T15:00:58+00:00\" \/>\n<meta property=\"og:image\" content=\"https:\/\/transamerica93.com.br\/home\/wp-content\/uploads\/2025\/02\/Sem-titulo-3.png\" \/>\n\t<meta property=\"og:image:width\" content=\"1170\" \/>\n\t<meta property=\"og:image:height\" content=\"700\" \/>\n\t<meta property=\"og:image:type\" content=\"image\/png\" \/>\n<meta name=\"author\" content=\"Reda\u00e7\u00e3o\" \/>\n<meta name=\"twitter:card\" content=\"summary_large_image\" \/>\n<meta name=\"twitter:creator\" content=\"@transamerica933\" \/>\n<meta name=\"twitter:site\" content=\"@transamerica933\" \/>\n<meta name=\"twitter:label1\" content=\"Escrito por\" \/>\n\t<meta name=\"twitter:data1\" content=\"Reda\u00e7\u00e3o\" \/>\n\t<meta name=\"twitter:label2\" content=\"Est. tempo de leitura\" \/>\n\t<meta name=\"twitter:data2\" content=\"3 minutos\" \/>\n<script type=\"application\/ld+json\" class=\"yoast-schema-graph\">{\"@context\":\"https:\\\/\\\/schema.org\",\"@graph\":[{\"@type\":\"Article\",\"@id\":\"https:\\\/\\\/transamerica93.com.br\\\/home\\\/joao-fonseca-diz-que-muita-coisa-mudou-apos-titulo-na-argentina\\\/#article\",\"isPartOf\":{\"@id\":\"https:\\\/\\\/transamerica93.com.br\\\/home\\\/joao-fonseca-diz-que-muita-coisa-mudou-apos-titulo-na-argentina\\\/\"},\"author\":{\"name\":\"Reda\u00e7\u00e3o\",\"@id\":\"https:\\\/\\\/transamerica93.com.br\\\/home\\\/#\\\/schema\\\/person\\\/7fed7c99c0d4562efa8561bc0f543172\"},\"headline\":\"Jo\u00e3o Fonseca diz que muita coisa mudou ap\u00f3s t\u00edtulo na Argentina\",\"datePublished\":\"2025-02-19T15:00:58+00:00\",\"mainEntityOfPage\":{\"@id\":\"https:\\\/\\\/transamerica93.com.br\\\/home\\\/joao-fonseca-diz-que-muita-coisa-mudou-apos-titulo-na-argentina\\\/\"},\"wordCount\":359,\"publisher\":{\"@id\":\"https:\\\/\\\/transamerica93.com.br\\\/home\\\/#organization\"},\"image\":{\"@id\":\"https:\\\/\\\/transamerica93.com.br\\\/home\\\/joao-fonseca-diz-que-muita-coisa-mudou-apos-titulo-na-argentina\\\/#primaryimage\"},\"thumbnailUrl\":\"https:\\\/\\\/transamerica93.com.br\\\/home\\\/wp-content\\\/uploads\\\/2025\\\/02\\\/Sem-titulo-3.png\",\"articleSection\":[\"Esportes\"],\"inLanguage\":\"pt-BR\"},{\"@type\":\"WebPage\",\"@id\":\"https:\\\/\\\/transamerica93.com.br\\\/home\\\/joao-fonseca-diz-que-muita-coisa-mudou-apos-titulo-na-argentina\\\/\",\"url\":\"https:\\\/\\\/transamerica93.com.br\\\/home\\\/joao-fonseca-diz-que-muita-coisa-mudou-apos-titulo-na-argentina\\\/\",\"name\":\"Jo\u00e3o Fonseca diz que muita coisa mudou ap\u00f3s t\u00edtulo na Argentina - Transam\u00e9rica Mococa 93,3\",\"isPartOf\":{\"@id\":\"https:\\\/\\\/transamerica93.com.br\\\/home\\\/#website\"},\"primaryImageOfPage\":{\"@id\":\"https:\\\/\\\/transamerica93.com.br\\\/home\\\/joao-fonseca-diz-que-muita-coisa-mudou-apos-titulo-na-argentina\\\/#primaryimage\"},\"image\":{\"@id\":\"https:\\\/\\\/transamerica93.com.br\\\/home\\\/joao-fonseca-diz-que-muita-coisa-mudou-apos-titulo-na-argentina\\\/#primaryimage\"},\"thumbnailUrl\":\"https:\\\/\\\/transamerica93.com.br\\\/home\\\/wp-content\\\/uploads\\\/2025\\\/02\\\/Sem-titulo-3.png\",\"datePublished\":\"2025-02-19T15:00:58+00:00\",\"breadcrumb\":{\"@id\":\"https:\\\/\\\/transamerica93.com.br\\\/home\\\/joao-fonseca-diz-que-muita-coisa-mudou-apos-titulo-na-argentina\\\/#breadcrumb\"},\"inLanguage\":\"pt-BR\",\"potentialAction\":[{\"@type\":\"ReadAction\",\"target\":[\"https:\\\/\\\/transamerica93.com.br\\\/home\\\/joao-fonseca-diz-que-muita-coisa-mudou-apos-titulo-na-argentina\\\/\"]}]},{\"@type\":\"ImageObject\",\"inLanguage\":\"pt-BR\",\"@id\":\"https:\\\/\\\/transamerica93.com.br\\\/home\\\/joao-fonseca-diz-que-muita-coisa-mudou-apos-titulo-na-argentina\\\/#primaryimage\",\"url\":\"https:\\\/\\\/transamerica93.com.br\\\/home\\\/wp-content\\\/uploads\\\/2025\\\/02\\\/Sem-titulo-3.png\",\"contentUrl\":\"https:\\\/\\\/transamerica93.com.br\\\/home\\\/wp-content\\\/uploads\\\/2025\\\/02\\\/Sem-titulo-3.png\",\"width\":1170,\"height\":700,\"caption\":\"\u00a9 Reuters\\\/Benoit Tessier\\\/Direitos Reservados\"},{\"@type\":\"BreadcrumbList\",\"@id\":\"https:\\\/\\\/transamerica93.com.br\\\/home\\\/joao-fonseca-diz-que-muita-coisa-mudou-apos-titulo-na-argentina\\\/#breadcrumb\",\"itemListElement\":[{\"@type\":\"ListItem\",\"position\":1,\"name\":\"In\u00edcio\",\"item\":\"https:\\\/\\\/transamerica93.com.br\\\/home\\\/\"},{\"@type\":\"ListItem\",\"position\":2,\"name\":\"Jo\u00e3o Fonseca diz que muita coisa mudou ap\u00f3s t\u00edtulo na Argentina\"}]},{\"@type\":\"WebSite\",\"@id\":\"https:\\\/\\\/transamerica93.com.br\\\/home\\\/#website\",\"url\":\"https:\\\/\\\/transamerica93.com.br\\\/home\\\/\",\"name\":\"Transam\u00e9rica Mococa 93,3\",\"description\":\"\",\"publisher\":{\"@id\":\"https:\\\/\\\/transamerica93.com.br\\\/home\\\/#organization\"},\"potentialAction\":[{\"@type\":\"SearchAction\",\"target\":{\"@type\":\"EntryPoint\",\"urlTemplate\":\"https:\\\/\\\/transamerica93.com.br\\\/home\\\/?s={search_term_string}\"},\"query-input\":{\"@type\":\"PropertyValueSpecification\",\"valueRequired\":true,\"valueName\":\"search_term_string\"}}],\"inLanguage\":\"pt-BR\"},{\"@type\":\"Organization\",\"@id\":\"https:\\\/\\\/transamerica93.com.br\\\/home\\\/#organization\",\"name\":\"Transam\u00e9rica Mococa 93,3\",\"url\":\"https:\\\/\\\/transamerica93.com.br\\\/home\\\/\",\"logo\":{\"@type\":\"ImageObject\",\"inLanguage\":\"pt-BR\",\"@id\":\"https:\\\/\\\/transamerica93.com.br\\\/home\\\/#\\\/schema\\\/logo\\\/image\\\/\",\"url\":\"https:\\\/\\\/transamerica93.com.br\\\/home\\\/wp-content\\\/uploads\\\/2023\\\/10\\\/logo2.png\",\"contentUrl\":\"https:\\\/\\\/transamerica93.com.br\\\/home\\\/wp-content\\\/uploads\\\/2023\\\/10\\\/logo2.png\",\"width\":800,\"height\":500,\"caption\":\"Transam\u00e9rica Mococa 93,3\"},\"image\":{\"@id\":\"https:\\\/\\\/transamerica93.com.br\\\/home\\\/#\\\/schema\\\/logo\\\/image\\\/\"},\"sameAs\":[\"https:\\\/\\\/www.facebook.com\\\/transamericamococa\",\"https:\\\/\\\/x.com\\\/transamerica933\",\"https:\\\/\\\/www.instagram.com\\\/transamericamococa\"]},{\"@type\":\"Person\",\"@id\":\"https:\\\/\\\/transamerica93.com.br\\\/home\\\/#\\\/schema\\\/person\\\/7fed7c99c0d4562efa8561bc0f543172\",\"name\":\"Reda\u00e7\u00e3o\",\"image\":{\"@type\":\"ImageObject\",\"inLanguage\":\"pt-BR\",\"@id\":\"https:\\\/\\\/secure.gravatar.com\\\/avatar\\\/1072c6b775fb02ef8506ce967551d95926669a6b7d2c2147b42eea4d7c68395e?s=96&d=mm&r=g\",\"url\":\"https:\\\/\\\/secure.gravatar.com\\\/avatar\\\/1072c6b775fb02ef8506ce967551d95926669a6b7d2c2147b42eea4d7c68395e?s=96&d=mm&r=g\",\"contentUrl\":\"https:\\\/\\\/secure.gravatar.com\\\/avatar\\\/1072c6b775fb02ef8506ce967551d95926669a6b7d2c2147b42eea4d7c68395e?s=96&d=mm&r=g\",\"caption\":\"Reda\u00e7\u00e3o\"},\"sameAs\":[\"https:\\\/\\\/transamerica93.com.br\\\/home\"],\"url\":\"https:\\\/\\\/transamerica93.com.br\\\/home\\\/author\\\/william\\\/\"}]}<\/script>\n<!-- \/ Yoast SEO plugin. -->","yoast_head_json":{"title":"Jo\u00e3o Fonseca diz que muita coisa mudou ap\u00f3s t\u00edtulo na Argentina - Transam\u00e9rica Mococa 93,3","robots":{"index":"index","follow":"follow","max-snippet":"max-snippet:-1","max-image-preview":"max-image-preview:large","max-video-preview":"max-video-preview:-1"},"canonical":"https:\/\/transamerica93.com.br\/home\/joao-fonseca-diz-que-muita-coisa-mudou-apos-titulo-na-argentina\/","og_locale":"pt_BR","og_type":"article","og_title":"Jo\u00e3o Fonseca diz que muita coisa mudou ap\u00f3s t\u00edtulo na Argentina - Transam\u00e9rica Mococa 93,3","og_description":"Jo\u00e3o Fonseca afirmou, nesta segunda-feira (17), que muita coisa mudou ap\u00f3s a conquista, no \u00faltimo domingo (16), do ATP 250 de Buenos Aires (Argentina), o primeiro t\u00edtulo do brasileiro no circuito profissional de t\u00eanis. \u201cMuita coisa mudou. Foi um t\u00edtulo muito especial. O primeiro t\u00edtulo \u00e9 sempre inesquec\u00edvel. O conquistei na Argentina. Obviamente que gostaria &hellip;","og_url":"https:\/\/transamerica93.com.br\/home\/joao-fonseca-diz-que-muita-coisa-mudou-apos-titulo-na-argentina\/","og_site_name":"Transam\u00e9rica Mococa 93,3","article_publisher":"https:\/\/www.facebook.com\/transamericamococa","article_published_time":"2025-02-19T15:00:58+00:00","og_image":[{"width":1170,"height":700,"url":"https:\/\/transamerica93.com.br\/home\/wp-content\/uploads\/2025\/02\/Sem-titulo-3.png","type":"image\/png"}],"author":"Reda\u00e7\u00e3o","twitter_card":"summary_large_image","twitter_creator":"@transamerica933","twitter_site":"@transamerica933","twitter_misc":{"Escrito por":"Reda\u00e7\u00e3o","Est. tempo de leitura":"3 minutos"},"schema":{"@context":"https:\/\/schema.org","@graph":[{"@type":"Article","@id":"https:\/\/transamerica93.com.br\/home\/joao-fonseca-diz-que-muita-coisa-mudou-apos-titulo-na-argentina\/#article","isPartOf":{"@id":"https:\/\/transamerica93.com.br\/home\/joao-fonseca-diz-que-muita-coisa-mudou-apos-titulo-na-argentina\/"},"author":{"name":"Reda\u00e7\u00e3o","@id":"https:\/\/transamerica93.com.br\/home\/#\/schema\/person\/7fed7c99c0d4562efa8561bc0f543172"},"headline":"Jo\u00e3o Fonseca diz que muita coisa mudou ap\u00f3s t\u00edtulo na Argentina","datePublished":"2025-02-19T15:00:58+00:00","mainEntityOfPage":{"@id":"https:\/\/transamerica93.com.br\/home\/joao-fonseca-diz-que-muita-coisa-mudou-apos-titulo-na-argentina\/"},"wordCount":359,"publisher":{"@id":"https:\/\/transamerica93.com.br\/home\/#organization"},"image":{"@id":"https:\/\/transamerica93.com.br\/home\/joao-fonseca-diz-que-muita-coisa-mudou-apos-titulo-na-argentina\/#primaryimage"},"thumbnailUrl":"https:\/\/transamerica93.com.br\/home\/wp-content\/uploads\/2025\/02\/Sem-titulo-3.png","articleSection":["Esportes"],"inLanguage":"pt-BR"},{"@type":"WebPage","@id":"https:\/\/transamerica93.com.br\/home\/joao-fonseca-diz-que-muita-coisa-mudou-apos-titulo-na-argentina\/","url":"https:\/\/transamerica93.com.br\/home\/joao-fonseca-diz-que-muita-coisa-mudou-apos-titulo-na-argentina\/","name":"Jo\u00e3o Fonseca diz que muita coisa mudou ap\u00f3s t\u00edtulo na Argentina - Transam\u00e9rica Mococa 93,3","isPartOf":{"@id":"https:\/\/transamerica93.com.br\/home\/#website"},"primaryImageOfPage":{"@id":"https:\/\/transamerica93.com.br\/home\/joao-fonseca-diz-que-muita-coisa-mudou-apos-titulo-na-argentina\/#primaryimage"},"image":{"@id":"https:\/\/transamerica93.com.br\/home\/joao-fonseca-diz-que-muita-coisa-mudou-apos-titulo-na-argentina\/#primaryimage"},"thumbnailUrl":"https:\/\/transamerica93.com.br\/home\/wp-content\/uploads\/2025\/02\/Sem-titulo-3.png","datePublished":"2025-02-19T15:00:58+00:00","breadcrumb":{"@id":"https:\/\/transamerica93.com.br\/home\/joao-fonseca-diz-que-muita-coisa-mudou-apos-titulo-na-argentina\/#breadcrumb"},"inLanguage":"pt-BR","potentialAction":[{"@type":"ReadAction","target":["https:\/\/transamerica93.com.br\/home\/joao-fonseca-diz-que-muita-coisa-mudou-apos-titulo-na-argentina\/"]}]},{"@type":"ImageObject","inLanguage":"pt-BR","@id":"https:\/\/transamerica93.com.br\/home\/joao-fonseca-diz-que-muita-coisa-mudou-apos-titulo-na-argentina\/#primaryimage","url":"https:\/\/transamerica93.com.br\/home\/wp-content\/uploads\/2025\/02\/Sem-titulo-3.png","contentUrl":"https:\/\/transamerica93.com.br\/home\/wp-content\/uploads\/2025\/02\/Sem-titulo-3.png","width":1170,"height":700,"caption":"\u00a9 Reuters\/Benoit Tessier\/Direitos Reservados"},{"@type":"BreadcrumbList","@id":"https:\/\/transamerica93.com.br\/home\/joao-fonseca-diz-que-muita-coisa-mudou-apos-titulo-na-argentina\/#breadcrumb","itemListElement":[{"@type":"ListItem","position":1,"name":"In\u00edcio","item":"https:\/\/transamerica93.com.br\/home\/"},{"@type":"ListItem","position":2,"name":"Jo\u00e3o Fonseca diz que muita coisa mudou ap\u00f3s t\u00edtulo na Argentina"}]},{"@type":"WebSite","@id":"https:\/\/transamerica93.com.br\/home\/#website","url":"https:\/\/transamerica93.com.br\/home\/","name":"Transam\u00e9rica Mococa 93,3","description":"","publisher":{"@id":"https:\/\/transamerica93.com.br\/home\/#organization"},"potentialAction":[{"@type":"SearchAction","target":{"@type":"EntryPoint","urlTemplate":"https:\/\/transamerica93.com.br\/home\/?s={search_term_string}"},"query-input":{"@type":"PropertyValueSpecification","valueRequired":true,"valueName":"search_term_string"}}],"inLanguage":"pt-BR"},{"@type":"Organization","@id":"https:\/\/transamerica93.com.br\/home\/#organization","name":"Transam\u00e9rica Mococa 93,3","url":"https:\/\/transamerica93.com.br\/home\/","logo":{"@type":"ImageObject","inLanguage":"pt-BR","@id":"https:\/\/transamerica93.com.br\/home\/#\/schema\/logo\/image\/","url":"https:\/\/transamerica93.com.br\/home\/wp-content\/uploads\/2023\/10\/logo2.png","contentUrl":"https:\/\/transamerica93.com.br\/home\/wp-content\/uploads\/2023\/10\/logo2.png","width":800,"height":500,"caption":"Transam\u00e9rica Mococa 93,3"},"image":{"@id":"https:\/\/transamerica93.com.br\/home\/#\/schema\/logo\/image\/"},"sameAs":["https:\/\/www.facebook.com\/transamericamococa","https:\/\/x.com\/transamerica933","https:\/\/www.instagram.com\/transamericamococa"]},{"@type":"Person","@id":"https:\/\/transamerica93.com.br\/home\/#\/schema\/person\/7fed7c99c0d4562efa8561bc0f543172","name":"Reda\u00e7\u00e3o","image":{"@type":"ImageObject","inLanguage":"pt-BR","@id":"https:\/\/secure.gravatar.com\/avatar\/1072c6b775fb02ef8506ce967551d95926669a6b7d2c2147b42eea4d7c68395e?s=96&d=mm&r=g","url":"https:\/\/secure.gravatar.com\/avatar\/1072c6b775fb02ef8506ce967551d95926669a6b7d2c2147b42eea4d7c68395e?s=96&d=mm&r=g","contentUrl":"https:\/\/secure.gravatar.com\/avatar\/1072c6b775fb02ef8506ce967551d95926669a6b7d2c2147b42eea4d7c68395e?s=96&d=mm&r=g","caption":"Reda\u00e7\u00e3o"},"sameAs":["https:\/\/transamerica93.com.br\/home"],"url":"https:\/\/transamerica93.com.br\/home\/author\/william\/"}]}},"_links":{"self":[{"href":"https:\/\/transamerica93.com.br\/home\/wp-json\/wp\/v2\/posts\/4724","targetHints":{"allow":["GET"]}}],"collection":[{"href":"https:\/\/transamerica93.com.br\/home\/wp-json\/wp\/v2\/posts"}],"about":[{"href":"https:\/\/transamerica93.com.br\/home\/wp-json\/wp\/v2\/types\/post"}],"author":[{"embeddable":true,"href":"https:\/\/transamerica93.com.br\/home\/wp-json\/wp\/v2\/users\/1"}],"replies":[{"embeddable":true,"href":"https:\/\/transamerica93.com.br\/home\/wp-json\/wp\/v2\/comments?post=4724"}],"version-history":[{"count":1,"href":"https:\/\/transamerica93.com.br\/home\/wp-json\/wp\/v2\/posts\/4724\/revisions"}],"predecessor-version":[{"id":4726,"href":"https:\/\/transamerica93.com.br\/home\/wp-json\/wp\/v2\/posts\/4724\/revisions\/4726"}],"wp:featuredmedia":[{"embeddable":true,"href":"https:\/\/transamerica93.com.br\/home\/wp-json\/wp\/v2\/media\/4725"}],"wp:attachment":[{"href":"https:\/\/transamerica93.com.br\/home\/wp-json\/wp\/v2\/media?parent=4724"}],"wp:term":[{"taxonomy":"category","embeddable":true,"href":"https:\/\/transamerica93.com.br\/home\/wp-json\/wp\/v2\/categories?post=4724"},{"taxonomy":"post_tag","embeddable":true,"href":"https:\/\/transamerica93.com.br\/home\/wp-json\/wp\/v2\/tags?post=4724"}],"curies":[{"name":"wp","href":"https:\/\/api.w.org\/{rel}","templated":true}]}}