{"id":4727,"date":"2025-02-20T12:00:17","date_gmt":"2025-02-20T15:00:17","guid":{"rendered":"https:\/\/transamerica93.com.br\/home\/?p=4727"},"modified":"2025-02-19T06:20:08","modified_gmt":"2025-02-19T09:20:08","slug":"jogadores-fazem-campanha-nas-redes-sociais-contra-gramados-sinteticos","status":"publish","type":"post","link":"https:\/\/transamerica93.com.br\/home\/jogadores-fazem-campanha-nas-redes-sociais-contra-gramados-sinteticos\/","title":{"rendered":"Jogadores fazem campanha nas redes sociais contra gramados sint\u00e9ticos"},"content":{"rendered":"<div class=\"conteudo-noticia\">\n<p>O fim do gramado sint\u00e9tico nos est\u00e1dios de futebol do Brasil \u00e9 o mote da campanha protagonizada\u00a0nas redes sociais por grandes nomes do futebol, como Neymar, Bruno Henrique, Lucas Moura, Philippe Coutinho, Thiago Silva e Gabigol, entre outros. Nesta ter\u00e7a-feira (18), eles publicaram um comunicado em rede social, em que dizem estar preocupados com \u201co rumo que o futebol brasileiro est\u00e1 tomando\u201d e classificam como \u201cabsurdo o gramado sint\u00e9tico nos campos\u201d.<img decoding=\"async\" data-src=\"https:\/\/agenciabrasil.ebc.com.br\/ebc.png?id=1630891&amp;o=node\" src=\"data:image\/svg+xml;base64,PHN2ZyB3aWR0aD0iMSIgaGVpZ2h0PSIxIiB4bWxucz0iaHR0cDovL3d3dy53My5vcmcvMjAwMC9zdmciPjwvc3ZnPg==\" class=\"lazyload\" \/><img decoding=\"async\" data-src=\"https:\/\/agenciabrasil.ebc.com.br\/ebc.gif?id=1630891&amp;o=node\" src=\"data:image\/svg+xml;base64,PHN2ZyB3aWR0aD0iMSIgaGVpZ2h0PSIxIiB4bWxucz0iaHR0cDovL3d3dy53My5vcmcvMjAwMC9zdmciPjwvc3ZnPg==\" class=\"lazyload\" \/><\/p>\n<p>A nota reivindica que os jogadores brasileiros sejam mais ouvidos sobre a qualidade dos gramados, assim como ocorrer em ligas no exterior.<\/p>\n<div class=\"dnd-widget-wrapper context-cheio_8colunas type-image\">\n<div class=\"dnd-atom-rendered\"><img decoding=\"async\" title=\"Reprodu\u00e7\u00e3o Instagram\/Neymar Jr\" data-src=\"https:\/\/imagens.ebc.com.br\/ch3AkGp_S2uTl4mWemt1ojh-2bQ=\/754x0\/smart\/https:\/\/agenciabrasil.ebc.com.br\/sites\/default\/files\/thumbnails\/image\/2025\/02\/18\/gramado_sintetico_jogadores_campanha.jpg?itok=Nve7poEP\" alt=\"campanha fora gramado sint\u00e9tico - jogadores brasileiros - imagem instagram\" src=\"data:image\/svg+xml;base64,PHN2ZyB3aWR0aD0iMSIgaGVpZ2h0PSIxIiB4bWxucz0iaHR0cDovL3d3dy53My5vcmcvMjAwMC9zdmciPjwvc3ZnPg==\" class=\"lazyload\" \/><\/div>\n<div class=\"dnd-caption-wrapper\">\n<div class=\"meta\"><strong>Reprodu\u00e7\u00e3o Instagram\/Neymar Jr<\/strong><\/div>\n<div><\/div>\n<\/div>\n<\/div>\n<p>O primeiro clube a aderir ao campo sint\u00e9tico foi o Athletico Paranaense, que em 2016 instalou o piso artificial na Arena da Baixada, em Curitiba. Naquele ano, o Furac\u00e3o teve aproveitamento de 80% nos jogos disputados em casa, conquistando vaga na Copa Libertadores em 2017.<\/p>\n<p>Outros clubes seguiram o mesmo caminho: o Palmeiras mudou o gramado do Allianz Park em 2020, e tr\u00eas\u00a0anos depois foi a vez do Botafogo adotar o piso artificial no Est\u00e1dio Nilton Santos (Engenh\u00e3o), apelidado de &#8220;tapetinho&#8221;.. Nesta temporada, o Atl\u00e9tico Mineiro anunciou a troca do gramado natural pelo sint\u00e9tico na Arena MRV.<\/p>\n<p>No final de 2023, em meio \u00e0 onda de calor que atingiu o Rio de Janeiro, o Flamengo mediu a temperatura em quatro campos de futebol no Centro de Treinamento (CT) em Vargem Grande, na zona oeste, conhecido como Ninho do Urubu. Na \u00e9poca, os term\u00f4metros chegaram a marcar 70 graus Celsius nos campos de grama sint\u00e9tica.<\/p>\n<h2>\u00cdntegra do comunicado<\/h2>\n<p><em>&#8220;Preocupante ver o rumo que o futebol brasileiro est\u00e1 tomando. \u00c9 um absurdo a gente ter que discutir gramado sint\u00e9tico em nossos campos.<\/em><\/p>\n<p><em>Objetivamente, com tamanho e representatividade que tem o nosso futebol, isso n\u00e3o deveria nem ser uma op\u00e7\u00e3o. A solu\u00e7\u00e3o para um gramado ruim \u00e9 fazer um gramado bom, simples assim.<\/em><\/p>\n<p><em>Nas ligas mais respeitadas do mundo os jogadores s\u00e3o ouvidos e investimentos s\u00e3o feitos para assegurar a qualidade do gramado nos est\u00e1dios. Trata-se de oferecer qualidade para quem joga e assiste.<\/em><\/p>\n<p><em>Se o Brasil deseja definitivamente estar inserido como protagonista no mercado do futebol mundial, a primeira medida deveria ser exigir qualidade do piso que os atletas jogam e treinam.<\/em><\/p>\n<p><em>FUTEBOL PROFISSIONAL N\u00c3O SE JOGA EM GRAMADO SINT\u00c9TICO!&#8221;<\/em><\/p>\n<\/div>\n<div class=\"titulo-noticia-relacionada\"><\/div>\n<div class=\"footer-noticia\">\n<div class=\"editor rowflex\">Edi\u00e7\u00e3o: Cl\u00e1udia Soares Rodrigues<\/div>\n<\/div>\n","protected":false},"excerpt":{"rendered":"<p>O fim do gramado sint\u00e9tico nos est\u00e1dios de futebol do Brasil \u00e9 o mote da campanha protagonizada\u00a0nas redes sociais por grandes nomes do futebol, como Neymar, Bruno Henrique, Lucas Moura, Philippe Coutinho, Thiago Silva e Gabigol, entre outros. Nesta ter\u00e7a-feira (18), eles publicaram um comunicado em rede social, em que dizem estar preocupados com \u201co &hellip;<\/p>\n","protected":false},"author":1,"featured_media":4728,"comment_status":"closed","ping_status":"closed","sticky":false,"template":"","format":"standard","meta":{"footnotes":""},"categories":[31],"tags":[],"class_list":["post-4727","post","type-post","status-publish","format-standard","has-post-thumbnail","hentry","category-esportes"],"yoast_head":"<!-- This site is optimized with the Yoast SEO plugin v27.4 - https:\/\/yoast.com\/product\/yoast-seo-wordpress\/ -->\n<title>Jogadores fazem campanha nas redes sociais contra gramados sint\u00e9ticos - Transam\u00e9rica Mococa 93,3<\/title>\n<meta name=\"robots\" content=\"index, follow, max-snippet:-1, max-image-preview:large, max-video-preview:-1\" \/>\n<link rel=\"canonical\" href=\"https:\/\/transamerica93.com.br\/home\/jogadores-fazem-campanha-nas-redes-sociais-contra-gramados-sinteticos\/\" \/>\n<meta property=\"og:locale\" content=\"pt_BR\" \/>\n<meta property=\"og:type\" content=\"article\" \/>\n<meta property=\"og:title\" content=\"Jogadores fazem campanha nas redes sociais contra gramados sint\u00e9ticos - Transam\u00e9rica Mococa 93,3\" \/>\n<meta property=\"og:description\" content=\"O fim do gramado sint\u00e9tico nos est\u00e1dios de futebol do Brasil \u00e9 o mote da campanha protagonizada\u00a0nas redes sociais por grandes nomes do futebol, como Neymar, Bruno Henrique, Lucas Moura, Philippe Coutinho, Thiago Silva e Gabigol, entre outros. Nesta ter\u00e7a-feira (18), eles publicaram um comunicado em rede social, em que dizem estar preocupados com \u201co &hellip;\" \/>\n<meta property=\"og:url\" content=\"https:\/\/transamerica93.com.br\/home\/jogadores-fazem-campanha-nas-redes-sociais-contra-gramados-sinteticos\/\" \/>\n<meta property=\"og:site_name\" content=\"Transam\u00e9rica Mococa 93,3\" \/>\n<meta property=\"article:publisher\" content=\"https:\/\/www.facebook.com\/transamericamococa\" \/>\n<meta property=\"article:published_time\" content=\"2025-02-20T15:00:17+00:00\" \/>\n<meta property=\"og:image\" content=\"https:\/\/transamerica93.com.br\/home\/wp-content\/uploads\/2025\/02\/Sem-titulo-4.png\" \/>\n\t<meta property=\"og:image:width\" content=\"1170\" \/>\n\t<meta property=\"og:image:height\" content=\"700\" \/>\n\t<meta property=\"og:image:type\" content=\"image\/png\" \/>\n<meta name=\"author\" content=\"Reda\u00e7\u00e3o\" \/>\n<meta name=\"twitter:card\" content=\"summary_large_image\" \/>\n<meta name=\"twitter:creator\" content=\"@transamerica933\" \/>\n<meta name=\"twitter:site\" content=\"@transamerica933\" \/>\n<meta name=\"twitter:label1\" content=\"Escrito por\" \/>\n\t<meta name=\"twitter:data1\" content=\"Reda\u00e7\u00e3o\" \/>\n\t<meta name=\"twitter:label2\" content=\"Est. tempo de leitura\" \/>\n\t<meta name=\"twitter:data2\" content=\"3 minutos\" \/>\n<script type=\"application\/ld+json\" class=\"yoast-schema-graph\">{\"@context\":\"https:\\\/\\\/schema.org\",\"@graph\":[{\"@type\":\"Article\",\"@id\":\"https:\\\/\\\/transamerica93.com.br\\\/home\\\/jogadores-fazem-campanha-nas-redes-sociais-contra-gramados-sinteticos\\\/#article\",\"isPartOf\":{\"@id\":\"https:\\\/\\\/transamerica93.com.br\\\/home\\\/jogadores-fazem-campanha-nas-redes-sociais-contra-gramados-sinteticos\\\/\"},\"author\":{\"name\":\"Reda\u00e7\u00e3o\",\"@id\":\"https:\\\/\\\/transamerica93.com.br\\\/home\\\/#\\\/schema\\\/person\\\/7fed7c99c0d4562efa8561bc0f543172\"},\"headline\":\"Jogadores fazem campanha nas redes sociais contra gramados sint\u00e9ticos\",\"datePublished\":\"2025-02-20T15:00:17+00:00\",\"mainEntityOfPage\":{\"@id\":\"https:\\\/\\\/transamerica93.com.br\\\/home\\\/jogadores-fazem-campanha-nas-redes-sociais-contra-gramados-sinteticos\\\/\"},\"wordCount\":405,\"publisher\":{\"@id\":\"https:\\\/\\\/transamerica93.com.br\\\/home\\\/#organization\"},\"image\":{\"@id\":\"https:\\\/\\\/transamerica93.com.br\\\/home\\\/jogadores-fazem-campanha-nas-redes-sociais-contra-gramados-sinteticos\\\/#primaryimage\"},\"thumbnailUrl\":\"https:\\\/\\\/transamerica93.com.br\\\/home\\\/wp-content\\\/uploads\\\/2025\\\/02\\\/Sem-titulo-4.png\",\"articleSection\":[\"Esportes\"],\"inLanguage\":\"pt-BR\"},{\"@type\":\"WebPage\",\"@id\":\"https:\\\/\\\/transamerica93.com.br\\\/home\\\/jogadores-fazem-campanha-nas-redes-sociais-contra-gramados-sinteticos\\\/\",\"url\":\"https:\\\/\\\/transamerica93.com.br\\\/home\\\/jogadores-fazem-campanha-nas-redes-sociais-contra-gramados-sinteticos\\\/\",\"name\":\"Jogadores fazem campanha nas redes sociais contra gramados sint\u00e9ticos - Transam\u00e9rica Mococa 93,3\",\"isPartOf\":{\"@id\":\"https:\\\/\\\/transamerica93.com.br\\\/home\\\/#website\"},\"primaryImageOfPage\":{\"@id\":\"https:\\\/\\\/transamerica93.com.br\\\/home\\\/jogadores-fazem-campanha-nas-redes-sociais-contra-gramados-sinteticos\\\/#primaryimage\"},\"image\":{\"@id\":\"https:\\\/\\\/transamerica93.com.br\\\/home\\\/jogadores-fazem-campanha-nas-redes-sociais-contra-gramados-sinteticos\\\/#primaryimage\"},\"thumbnailUrl\":\"https:\\\/\\\/transamerica93.com.br\\\/home\\\/wp-content\\\/uploads\\\/2025\\\/02\\\/Sem-titulo-4.png\",\"datePublished\":\"2025-02-20T15:00:17+00:00\",\"breadcrumb\":{\"@id\":\"https:\\\/\\\/transamerica93.com.br\\\/home\\\/jogadores-fazem-campanha-nas-redes-sociais-contra-gramados-sinteticos\\\/#breadcrumb\"},\"inLanguage\":\"pt-BR\",\"potentialAction\":[{\"@type\":\"ReadAction\",\"target\":[\"https:\\\/\\\/transamerica93.com.br\\\/home\\\/jogadores-fazem-campanha-nas-redes-sociais-contra-gramados-sinteticos\\\/\"]}]},{\"@type\":\"ImageObject\",\"inLanguage\":\"pt-BR\",\"@id\":\"https:\\\/\\\/transamerica93.com.br\\\/home\\\/jogadores-fazem-campanha-nas-redes-sociais-contra-gramados-sinteticos\\\/#primaryimage\",\"url\":\"https:\\\/\\\/transamerica93.com.br\\\/home\\\/wp-content\\\/uploads\\\/2025\\\/02\\\/Sem-titulo-4.png\",\"contentUrl\":\"https:\\\/\\\/transamerica93.com.br\\\/home\\\/wp-content\\\/uploads\\\/2025\\\/02\\\/Sem-titulo-4.png\",\"width\":1170,\"height\":700,\"caption\":\"\u00a9 V\u00edtor Silva\\\/Botafogo\\\/Direitos reservados\"},{\"@type\":\"BreadcrumbList\",\"@id\":\"https:\\\/\\\/transamerica93.com.br\\\/home\\\/jogadores-fazem-campanha-nas-redes-sociais-contra-gramados-sinteticos\\\/#breadcrumb\",\"itemListElement\":[{\"@type\":\"ListItem\",\"position\":1,\"name\":\"In\u00edcio\",\"item\":\"https:\\\/\\\/transamerica93.com.br\\\/home\\\/\"},{\"@type\":\"ListItem\",\"position\":2,\"name\":\"Jogadores fazem campanha nas redes sociais contra gramados sint\u00e9ticos\"}]},{\"@type\":\"WebSite\",\"@id\":\"https:\\\/\\\/transamerica93.com.br\\\/home\\\/#website\",\"url\":\"https:\\\/\\\/transamerica93.com.br\\\/home\\\/\",\"name\":\"Transam\u00e9rica Mococa 93,3\",\"description\":\"\",\"publisher\":{\"@id\":\"https:\\\/\\\/transamerica93.com.br\\\/home\\\/#organization\"},\"potentialAction\":[{\"@type\":\"SearchAction\",\"target\":{\"@type\":\"EntryPoint\",\"urlTemplate\":\"https:\\\/\\\/transamerica93.com.br\\\/home\\\/?s={search_term_string}\"},\"query-input\":{\"@type\":\"PropertyValueSpecification\",\"valueRequired\":true,\"valueName\":\"search_term_string\"}}],\"inLanguage\":\"pt-BR\"},{\"@type\":\"Organization\",\"@id\":\"https:\\\/\\\/transamerica93.com.br\\\/home\\\/#organization\",\"name\":\"Transam\u00e9rica Mococa 93,3\",\"url\":\"https:\\\/\\\/transamerica93.com.br\\\/home\\\/\",\"logo\":{\"@type\":\"ImageObject\",\"inLanguage\":\"pt-BR\",\"@id\":\"https:\\\/\\\/transamerica93.com.br\\\/home\\\/#\\\/schema\\\/logo\\\/image\\\/\",\"url\":\"https:\\\/\\\/transamerica93.com.br\\\/home\\\/wp-content\\\/uploads\\\/2023\\\/10\\\/logo2.png\",\"contentUrl\":\"https:\\\/\\\/transamerica93.com.br\\\/home\\\/wp-content\\\/uploads\\\/2023\\\/10\\\/logo2.png\",\"width\":800,\"height\":500,\"caption\":\"Transam\u00e9rica Mococa 93,3\"},\"image\":{\"@id\":\"https:\\\/\\\/transamerica93.com.br\\\/home\\\/#\\\/schema\\\/logo\\\/image\\\/\"},\"sameAs\":[\"https:\\\/\\\/www.facebook.com\\\/transamericamococa\",\"https:\\\/\\\/x.com\\\/transamerica933\",\"https:\\\/\\\/www.instagram.com\\\/transamericamococa\"]},{\"@type\":\"Person\",\"@id\":\"https:\\\/\\\/transamerica93.com.br\\\/home\\\/#\\\/schema\\\/person\\\/7fed7c99c0d4562efa8561bc0f543172\",\"name\":\"Reda\u00e7\u00e3o\",\"image\":{\"@type\":\"ImageObject\",\"inLanguage\":\"pt-BR\",\"@id\":\"https:\\\/\\\/secure.gravatar.com\\\/avatar\\\/1072c6b775fb02ef8506ce967551d95926669a6b7d2c2147b42eea4d7c68395e?s=96&d=mm&r=g\",\"url\":\"https:\\\/\\\/secure.gravatar.com\\\/avatar\\\/1072c6b775fb02ef8506ce967551d95926669a6b7d2c2147b42eea4d7c68395e?s=96&d=mm&r=g\",\"contentUrl\":\"https:\\\/\\\/secure.gravatar.com\\\/avatar\\\/1072c6b775fb02ef8506ce967551d95926669a6b7d2c2147b42eea4d7c68395e?s=96&d=mm&r=g\",\"caption\":\"Reda\u00e7\u00e3o\"},\"sameAs\":[\"https:\\\/\\\/transamerica93.com.br\\\/home\"],\"url\":\"https:\\\/\\\/transamerica93.com.br\\\/home\\\/author\\\/william\\\/\"}]}<\/script>\n<!-- \/ Yoast SEO plugin. -->","yoast_head_json":{"title":"Jogadores fazem campanha nas redes sociais contra gramados sint\u00e9ticos - Transam\u00e9rica Mococa 93,3","robots":{"index":"index","follow":"follow","max-snippet":"max-snippet:-1","max-image-preview":"max-image-preview:large","max-video-preview":"max-video-preview:-1"},"canonical":"https:\/\/transamerica93.com.br\/home\/jogadores-fazem-campanha-nas-redes-sociais-contra-gramados-sinteticos\/","og_locale":"pt_BR","og_type":"article","og_title":"Jogadores fazem campanha nas redes sociais contra gramados sint\u00e9ticos - Transam\u00e9rica Mococa 93,3","og_description":"O fim do gramado sint\u00e9tico nos est\u00e1dios de futebol do Brasil \u00e9 o mote da campanha protagonizada\u00a0nas redes sociais por grandes nomes do futebol, como Neymar, Bruno Henrique, Lucas Moura, Philippe Coutinho, Thiago Silva e Gabigol, entre outros. Nesta ter\u00e7a-feira (18), eles publicaram um comunicado em rede social, em que dizem estar preocupados com \u201co &hellip;","og_url":"https:\/\/transamerica93.com.br\/home\/jogadores-fazem-campanha-nas-redes-sociais-contra-gramados-sinteticos\/","og_site_name":"Transam\u00e9rica Mococa 93,3","article_publisher":"https:\/\/www.facebook.com\/transamericamococa","article_published_time":"2025-02-20T15:00:17+00:00","og_image":[{"width":1170,"height":700,"url":"https:\/\/transamerica93.com.br\/home\/wp-content\/uploads\/2025\/02\/Sem-titulo-4.png","type":"image\/png"}],"author":"Reda\u00e7\u00e3o","twitter_card":"summary_large_image","twitter_creator":"@transamerica933","twitter_site":"@transamerica933","twitter_misc":{"Escrito por":"Reda\u00e7\u00e3o","Est. tempo de leitura":"3 minutos"},"schema":{"@context":"https:\/\/schema.org","@graph":[{"@type":"Article","@id":"https:\/\/transamerica93.com.br\/home\/jogadores-fazem-campanha-nas-redes-sociais-contra-gramados-sinteticos\/#article","isPartOf":{"@id":"https:\/\/transamerica93.com.br\/home\/jogadores-fazem-campanha-nas-redes-sociais-contra-gramados-sinteticos\/"},"author":{"name":"Reda\u00e7\u00e3o","@id":"https:\/\/transamerica93.com.br\/home\/#\/schema\/person\/7fed7c99c0d4562efa8561bc0f543172"},"headline":"Jogadores fazem campanha nas redes sociais contra gramados sint\u00e9ticos","datePublished":"2025-02-20T15:00:17+00:00","mainEntityOfPage":{"@id":"https:\/\/transamerica93.com.br\/home\/jogadores-fazem-campanha-nas-redes-sociais-contra-gramados-sinteticos\/"},"wordCount":405,"publisher":{"@id":"https:\/\/transamerica93.com.br\/home\/#organization"},"image":{"@id":"https:\/\/transamerica93.com.br\/home\/jogadores-fazem-campanha-nas-redes-sociais-contra-gramados-sinteticos\/#primaryimage"},"thumbnailUrl":"https:\/\/transamerica93.com.br\/home\/wp-content\/uploads\/2025\/02\/Sem-titulo-4.png","articleSection":["Esportes"],"inLanguage":"pt-BR"},{"@type":"WebPage","@id":"https:\/\/transamerica93.com.br\/home\/jogadores-fazem-campanha-nas-redes-sociais-contra-gramados-sinteticos\/","url":"https:\/\/transamerica93.com.br\/home\/jogadores-fazem-campanha-nas-redes-sociais-contra-gramados-sinteticos\/","name":"Jogadores fazem campanha nas redes sociais contra gramados sint\u00e9ticos - Transam\u00e9rica Mococa 93,3","isPartOf":{"@id":"https:\/\/transamerica93.com.br\/home\/#website"},"primaryImageOfPage":{"@id":"https:\/\/transamerica93.com.br\/home\/jogadores-fazem-campanha-nas-redes-sociais-contra-gramados-sinteticos\/#primaryimage"},"image":{"@id":"https:\/\/transamerica93.com.br\/home\/jogadores-fazem-campanha-nas-redes-sociais-contra-gramados-sinteticos\/#primaryimage"},"thumbnailUrl":"https:\/\/transamerica93.com.br\/home\/wp-content\/uploads\/2025\/02\/Sem-titulo-4.png","datePublished":"2025-02-20T15:00:17+00:00","breadcrumb":{"@id":"https:\/\/transamerica93.com.br\/home\/jogadores-fazem-campanha-nas-redes-sociais-contra-gramados-sinteticos\/#breadcrumb"},"inLanguage":"pt-BR","potentialAction":[{"@type":"ReadAction","target":["https:\/\/transamerica93.com.br\/home\/jogadores-fazem-campanha-nas-redes-sociais-contra-gramados-sinteticos\/"]}]},{"@type":"ImageObject","inLanguage":"pt-BR","@id":"https:\/\/transamerica93.com.br\/home\/jogadores-fazem-campanha-nas-redes-sociais-contra-gramados-sinteticos\/#primaryimage","url":"https:\/\/transamerica93.com.br\/home\/wp-content\/uploads\/2025\/02\/Sem-titulo-4.png","contentUrl":"https:\/\/transamerica93.com.br\/home\/wp-content\/uploads\/2025\/02\/Sem-titulo-4.png","width":1170,"height":700,"caption":"\u00a9 V\u00edtor Silva\/Botafogo\/Direitos reservados"},{"@type":"BreadcrumbList","@id":"https:\/\/transamerica93.com.br\/home\/jogadores-fazem-campanha-nas-redes-sociais-contra-gramados-sinteticos\/#breadcrumb","itemListElement":[{"@type":"ListItem","position":1,"name":"In\u00edcio","item":"https:\/\/transamerica93.com.br\/home\/"},{"@type":"ListItem","position":2,"name":"Jogadores fazem campanha nas redes sociais contra gramados sint\u00e9ticos"}]},{"@type":"WebSite","@id":"https:\/\/transamerica93.com.br\/home\/#website","url":"https:\/\/transamerica93.com.br\/home\/","name":"Transam\u00e9rica Mococa 93,3","description":"","publisher":{"@id":"https:\/\/transamerica93.com.br\/home\/#organization"},"potentialAction":[{"@type":"SearchAction","target":{"@type":"EntryPoint","urlTemplate":"https:\/\/transamerica93.com.br\/home\/?s={search_term_string}"},"query-input":{"@type":"PropertyValueSpecification","valueRequired":true,"valueName":"search_term_string"}}],"inLanguage":"pt-BR"},{"@type":"Organization","@id":"https:\/\/transamerica93.com.br\/home\/#organization","name":"Transam\u00e9rica Mococa 93,3","url":"https:\/\/transamerica93.com.br\/home\/","logo":{"@type":"ImageObject","inLanguage":"pt-BR","@id":"https:\/\/transamerica93.com.br\/home\/#\/schema\/logo\/image\/","url":"https:\/\/transamerica93.com.br\/home\/wp-content\/uploads\/2023\/10\/logo2.png","contentUrl":"https:\/\/transamerica93.com.br\/home\/wp-content\/uploads\/2023\/10\/logo2.png","width":800,"height":500,"caption":"Transam\u00e9rica Mococa 93,3"},"image":{"@id":"https:\/\/transamerica93.com.br\/home\/#\/schema\/logo\/image\/"},"sameAs":["https:\/\/www.facebook.com\/transamericamococa","https:\/\/x.com\/transamerica933","https:\/\/www.instagram.com\/transamericamococa"]},{"@type":"Person","@id":"https:\/\/transamerica93.com.br\/home\/#\/schema\/person\/7fed7c99c0d4562efa8561bc0f543172","name":"Reda\u00e7\u00e3o","image":{"@type":"ImageObject","inLanguage":"pt-BR","@id":"https:\/\/secure.gravatar.com\/avatar\/1072c6b775fb02ef8506ce967551d95926669a6b7d2c2147b42eea4d7c68395e?s=96&d=mm&r=g","url":"https:\/\/secure.gravatar.com\/avatar\/1072c6b775fb02ef8506ce967551d95926669a6b7d2c2147b42eea4d7c68395e?s=96&d=mm&r=g","contentUrl":"https:\/\/secure.gravatar.com\/avatar\/1072c6b775fb02ef8506ce967551d95926669a6b7d2c2147b42eea4d7c68395e?s=96&d=mm&r=g","caption":"Reda\u00e7\u00e3o"},"sameAs":["https:\/\/transamerica93.com.br\/home"],"url":"https:\/\/transamerica93.com.br\/home\/author\/william\/"}]}},"_links":{"self":[{"href":"https:\/\/transamerica93.com.br\/home\/wp-json\/wp\/v2\/posts\/4727","targetHints":{"allow":["GET"]}}],"collection":[{"href":"https:\/\/transamerica93.com.br\/home\/wp-json\/wp\/v2\/posts"}],"about":[{"href":"https:\/\/transamerica93.com.br\/home\/wp-json\/wp\/v2\/types\/post"}],"author":[{"embeddable":true,"href":"https:\/\/transamerica93.com.br\/home\/wp-json\/wp\/v2\/users\/1"}],"replies":[{"embeddable":true,"href":"https:\/\/transamerica93.com.br\/home\/wp-json\/wp\/v2\/comments?post=4727"}],"version-history":[{"count":1,"href":"https:\/\/transamerica93.com.br\/home\/wp-json\/wp\/v2\/posts\/4727\/revisions"}],"predecessor-version":[{"id":4729,"href":"https:\/\/transamerica93.com.br\/home\/wp-json\/wp\/v2\/posts\/4727\/revisions\/4729"}],"wp:featuredmedia":[{"embeddable":true,"href":"https:\/\/transamerica93.com.br\/home\/wp-json\/wp\/v2\/media\/4728"}],"wp:attachment":[{"href":"https:\/\/transamerica93.com.br\/home\/wp-json\/wp\/v2\/media?parent=4727"}],"wp:term":[{"taxonomy":"category","embeddable":true,"href":"https:\/\/transamerica93.com.br\/home\/wp-json\/wp\/v2\/categories?post=4727"},{"taxonomy":"post_tag","embeddable":true,"href":"https:\/\/transamerica93.com.br\/home\/wp-json\/wp\/v2\/tags?post=4727"}],"curies":[{"name":"wp","href":"https:\/\/api.w.org\/{rel}","templated":true}]}}