{"id":4730,"date":"2025-02-21T12:00:32","date_gmt":"2025-02-21T15:00:32","guid":{"rendered":"https:\/\/transamerica93.com.br\/home\/?p=4730"},"modified":"2025-02-19T06:22:07","modified_gmt":"2025-02-19T09:22:07","slug":"ramon-menezes-celebra-titulo-do-sul-americano-sub-20","status":"publish","type":"post","link":"https:\/\/transamerica93.com.br\/home\/ramon-menezes-celebra-titulo-do-sul-americano-sub-20\/","title":{"rendered":"Ramon Menezes celebra t\u00edtulo do Sul-Americano Sub-20"},"content":{"rendered":"<div class=\"conteudo-noticia\">\n<p>O t\u00e9cnico Ramon Menezes celebrou a conquista do t\u00edtulo da edi\u00e7\u00e3o 2025 do Sul-Americano Sub-20, que foi alcan\u00e7ado no \u00faltimo domingo (16) ap\u00f3s a vit\u00f3ria do Brasil sobre o Chile e a derrota da Argentina para o Paraguai.<img decoding=\"async\" data-src=\"https:\/\/agenciabrasil.ebc.com.br\/ebc.png?id=1630717&amp;o=node\" src=\"data:image\/svg+xml;base64,PHN2ZyB3aWR0aD0iMSIgaGVpZ2h0PSIxIiB4bWxucz0iaHR0cDovL3d3dy53My5vcmcvMjAwMC9zdmciPjwvc3ZnPg==\" class=\"lazyload\" \/><img decoding=\"async\" data-src=\"https:\/\/agenciabrasil.ebc.com.br\/ebc.gif?id=1630717&amp;o=node\" src=\"data:image\/svg+xml;base64,PHN2ZyB3aWR0aD0iMSIgaGVpZ2h0PSIxIiB4bWxucz0iaHR0cDovL3d3dy53My5vcmcvMjAwMC9zdmciPjwvc3ZnPg==\" class=\"lazyload\" \/><\/p>\n<p>\u201cPara chegar a esse momento, tendo a felicidade de levantar um t\u00edtulo t\u00e3o importante como esse, depende de v\u00e1rios departamentos. Um agradecimento e uma gratid\u00e3o a esses atletas, porque essa gera\u00e7\u00e3o vai ficar marcada, \u00e9 uma gera\u00e7\u00e3o muito especial. Eu disse para eles desde o come\u00e7o que era a competi\u00e7\u00e3o das nossas vidas. Para todos n\u00f3s, foi o maior desafio vestindo a camisa da sele\u00e7\u00e3o brasileira\u201d, declarou o comandante do Brasil ap\u00f3s a vit\u00f3ria de 3 a 0 sobre os chilenos em Caracas (Venezuela).<\/p>\n<p>Esta \u00e9 a 13\u00aa oportunidade na qual a sele\u00e7\u00e3o brasileira conquista uma edi\u00e7\u00e3o do Sul-Americano Sub-20, ap\u00f3s os t\u00edtulos de 1974, 1983, 1985, 1988, 1991, 1992, 1995, 2001, 2007, 2009, 2011, 2023 e 2025.<\/p>\n<p>Brasil e Argentina chegaram \u00e0 \u00faltima rodada do hexagonal final da competi\u00e7\u00e3o empatados em n\u00famero de pontos (ambos com 10), mas os hermanos trope\u00e7aram diante do Paraguai, enquanto os brasileiros somaram mais tr\u00eas pontos para garantirem o t\u00edtulo.<\/p>\n<p>Al\u00e9m do t\u00edtulo, o Brasil confirmou presen\u00e7a no pr\u00f3ximo Mundial da categoria, que ser\u00e1 disputado entre os dias 27 de setembro e 19 de outubro no Chile.<\/p>\n<p>E o t\u00e9cnico Ramon Menezes deixou claro, ap\u00f3s a conquista do Sul-Americano, que o t\u00edtulo do Mundial \u00e9 o pr\u00f3ximo alvo da equipe: \u201cAgora \u00e9 comemorar, mas j\u00e1 come\u00e7o a pensar na Copa, pois tenho um sonho aqui de ser campe\u00f5es mundiais&#8221;.<\/p>\n<\/div>\n<div class=\"footer-noticia\">\n<div class=\"editor rowflex\">Edi\u00e7\u00e3o: F\u00e1bio Lisboa<\/div>\n<\/div>\n","protected":false},"excerpt":{"rendered":"<p>O t\u00e9cnico Ramon Menezes celebrou a conquista do t\u00edtulo da edi\u00e7\u00e3o 2025 do Sul-Americano Sub-20, que foi alcan\u00e7ado no \u00faltimo domingo (16) ap\u00f3s a vit\u00f3ria do Brasil sobre o Chile e a derrota da Argentina para o Paraguai. \u201cPara chegar a esse momento, tendo a felicidade de levantar um t\u00edtulo t\u00e3o importante como esse, depende &hellip;<\/p>\n","protected":false},"author":1,"featured_media":4731,"comment_status":"closed","ping_status":"closed","sticky":false,"template":"","format":"standard","meta":{"footnotes":""},"categories":[31],"tags":[],"class_list":["post-4730","post","type-post","status-publish","format-standard","has-post-thumbnail","hentry","category-esportes"],"yoast_head":"<!-- This site is optimized with the Yoast SEO plugin v27.4 - https:\/\/yoast.com\/product\/yoast-seo-wordpress\/ -->\n<title>Ramon Menezes celebra t\u00edtulo do Sul-Americano Sub-20 - Transam\u00e9rica Mococa 93,3<\/title>\n<meta name=\"robots\" content=\"index, follow, max-snippet:-1, max-image-preview:large, max-video-preview:-1\" \/>\n<link rel=\"canonical\" href=\"https:\/\/transamerica93.com.br\/home\/ramon-menezes-celebra-titulo-do-sul-americano-sub-20\/\" \/>\n<meta property=\"og:locale\" content=\"pt_BR\" \/>\n<meta property=\"og:type\" content=\"article\" \/>\n<meta property=\"og:title\" content=\"Ramon Menezes celebra t\u00edtulo do Sul-Americano Sub-20 - Transam\u00e9rica Mococa 93,3\" \/>\n<meta property=\"og:description\" content=\"O t\u00e9cnico Ramon Menezes celebrou a conquista do t\u00edtulo da edi\u00e7\u00e3o 2025 do Sul-Americano Sub-20, que foi alcan\u00e7ado no \u00faltimo domingo (16) ap\u00f3s a vit\u00f3ria do Brasil sobre o Chile e a derrota da Argentina para o Paraguai. \u201cPara chegar a esse momento, tendo a felicidade de levantar um t\u00edtulo t\u00e3o importante como esse, depende &hellip;\" \/>\n<meta property=\"og:url\" content=\"https:\/\/transamerica93.com.br\/home\/ramon-menezes-celebra-titulo-do-sul-americano-sub-20\/\" \/>\n<meta property=\"og:site_name\" content=\"Transam\u00e9rica Mococa 93,3\" \/>\n<meta property=\"article:publisher\" content=\"https:\/\/www.facebook.com\/transamericamococa\" \/>\n<meta property=\"article:published_time\" content=\"2025-02-21T15:00:32+00:00\" \/>\n<meta property=\"og:image\" content=\"https:\/\/transamerica93.com.br\/home\/wp-content\/uploads\/2025\/02\/Sem-titulo-5.png\" \/>\n\t<meta property=\"og:image:width\" content=\"1170\" \/>\n\t<meta property=\"og:image:height\" content=\"700\" \/>\n\t<meta property=\"og:image:type\" content=\"image\/png\" \/>\n<meta name=\"author\" content=\"Reda\u00e7\u00e3o\" \/>\n<meta name=\"twitter:card\" content=\"summary_large_image\" \/>\n<meta name=\"twitter:creator\" content=\"@transamerica933\" \/>\n<meta name=\"twitter:site\" content=\"@transamerica933\" \/>\n<meta name=\"twitter:label1\" content=\"Escrito por\" \/>\n\t<meta name=\"twitter:data1\" content=\"Reda\u00e7\u00e3o\" \/>\n\t<meta name=\"twitter:label2\" content=\"Est. tempo de leitura\" \/>\n\t<meta name=\"twitter:data2\" content=\"3 minutos\" \/>\n<script type=\"application\/ld+json\" class=\"yoast-schema-graph\">{\"@context\":\"https:\\\/\\\/schema.org\",\"@graph\":[{\"@type\":\"Article\",\"@id\":\"https:\\\/\\\/transamerica93.com.br\\\/home\\\/ramon-menezes-celebra-titulo-do-sul-americano-sub-20\\\/#article\",\"isPartOf\":{\"@id\":\"https:\\\/\\\/transamerica93.com.br\\\/home\\\/ramon-menezes-celebra-titulo-do-sul-americano-sub-20\\\/\"},\"author\":{\"name\":\"Reda\u00e7\u00e3o\",\"@id\":\"https:\\\/\\\/transamerica93.com.br\\\/home\\\/#\\\/schema\\\/person\\\/7fed7c99c0d4562efa8561bc0f543172\"},\"headline\":\"Ramon Menezes celebra t\u00edtulo do Sul-Americano Sub-20\",\"datePublished\":\"2025-02-21T15:00:32+00:00\",\"mainEntityOfPage\":{\"@id\":\"https:\\\/\\\/transamerica93.com.br\\\/home\\\/ramon-menezes-celebra-titulo-do-sul-americano-sub-20\\\/\"},\"wordCount\":287,\"publisher\":{\"@id\":\"https:\\\/\\\/transamerica93.com.br\\\/home\\\/#organization\"},\"image\":{\"@id\":\"https:\\\/\\\/transamerica93.com.br\\\/home\\\/ramon-menezes-celebra-titulo-do-sul-americano-sub-20\\\/#primaryimage\"},\"thumbnailUrl\":\"https:\\\/\\\/transamerica93.com.br\\\/home\\\/wp-content\\\/uploads\\\/2025\\\/02\\\/Sem-titulo-5.png\",\"articleSection\":[\"Esportes\"],\"inLanguage\":\"pt-BR\"},{\"@type\":\"WebPage\",\"@id\":\"https:\\\/\\\/transamerica93.com.br\\\/home\\\/ramon-menezes-celebra-titulo-do-sul-americano-sub-20\\\/\",\"url\":\"https:\\\/\\\/transamerica93.com.br\\\/home\\\/ramon-menezes-celebra-titulo-do-sul-americano-sub-20\\\/\",\"name\":\"Ramon Menezes celebra t\u00edtulo do Sul-Americano Sub-20 - Transam\u00e9rica Mococa 93,3\",\"isPartOf\":{\"@id\":\"https:\\\/\\\/transamerica93.com.br\\\/home\\\/#website\"},\"primaryImageOfPage\":{\"@id\":\"https:\\\/\\\/transamerica93.com.br\\\/home\\\/ramon-menezes-celebra-titulo-do-sul-americano-sub-20\\\/#primaryimage\"},\"image\":{\"@id\":\"https:\\\/\\\/transamerica93.com.br\\\/home\\\/ramon-menezes-celebra-titulo-do-sul-americano-sub-20\\\/#primaryimage\"},\"thumbnailUrl\":\"https:\\\/\\\/transamerica93.com.br\\\/home\\\/wp-content\\\/uploads\\\/2025\\\/02\\\/Sem-titulo-5.png\",\"datePublished\":\"2025-02-21T15:00:32+00:00\",\"breadcrumb\":{\"@id\":\"https:\\\/\\\/transamerica93.com.br\\\/home\\\/ramon-menezes-celebra-titulo-do-sul-americano-sub-20\\\/#breadcrumb\"},\"inLanguage\":\"pt-BR\",\"potentialAction\":[{\"@type\":\"ReadAction\",\"target\":[\"https:\\\/\\\/transamerica93.com.br\\\/home\\\/ramon-menezes-celebra-titulo-do-sul-americano-sub-20\\\/\"]}]},{\"@type\":\"ImageObject\",\"inLanguage\":\"pt-BR\",\"@id\":\"https:\\\/\\\/transamerica93.com.br\\\/home\\\/ramon-menezes-celebra-titulo-do-sul-americano-sub-20\\\/#primaryimage\",\"url\":\"https:\\\/\\\/transamerica93.com.br\\\/home\\\/wp-content\\\/uploads\\\/2025\\\/02\\\/Sem-titulo-5.png\",\"contentUrl\":\"https:\\\/\\\/transamerica93.com.br\\\/home\\\/wp-content\\\/uploads\\\/2025\\\/02\\\/Sem-titulo-5.png\",\"width\":1170,\"height\":700,\"caption\":\"\u00a9 Rafael Ribeiro\\\/CBF\\\/Direitos Reservados\"},{\"@type\":\"BreadcrumbList\",\"@id\":\"https:\\\/\\\/transamerica93.com.br\\\/home\\\/ramon-menezes-celebra-titulo-do-sul-americano-sub-20\\\/#breadcrumb\",\"itemListElement\":[{\"@type\":\"ListItem\",\"position\":1,\"name\":\"In\u00edcio\",\"item\":\"https:\\\/\\\/transamerica93.com.br\\\/home\\\/\"},{\"@type\":\"ListItem\",\"position\":2,\"name\":\"Ramon Menezes celebra t\u00edtulo do Sul-Americano Sub-20\"}]},{\"@type\":\"WebSite\",\"@id\":\"https:\\\/\\\/transamerica93.com.br\\\/home\\\/#website\",\"url\":\"https:\\\/\\\/transamerica93.com.br\\\/home\\\/\",\"name\":\"Transam\u00e9rica Mococa 93,3\",\"description\":\"\",\"publisher\":{\"@id\":\"https:\\\/\\\/transamerica93.com.br\\\/home\\\/#organization\"},\"potentialAction\":[{\"@type\":\"SearchAction\",\"target\":{\"@type\":\"EntryPoint\",\"urlTemplate\":\"https:\\\/\\\/transamerica93.com.br\\\/home\\\/?s={search_term_string}\"},\"query-input\":{\"@type\":\"PropertyValueSpecification\",\"valueRequired\":true,\"valueName\":\"search_term_string\"}}],\"inLanguage\":\"pt-BR\"},{\"@type\":\"Organization\",\"@id\":\"https:\\\/\\\/transamerica93.com.br\\\/home\\\/#organization\",\"name\":\"Transam\u00e9rica Mococa 93,3\",\"url\":\"https:\\\/\\\/transamerica93.com.br\\\/home\\\/\",\"logo\":{\"@type\":\"ImageObject\",\"inLanguage\":\"pt-BR\",\"@id\":\"https:\\\/\\\/transamerica93.com.br\\\/home\\\/#\\\/schema\\\/logo\\\/image\\\/\",\"url\":\"https:\\\/\\\/transamerica93.com.br\\\/home\\\/wp-content\\\/uploads\\\/2023\\\/10\\\/logo2.png\",\"contentUrl\":\"https:\\\/\\\/transamerica93.com.br\\\/home\\\/wp-content\\\/uploads\\\/2023\\\/10\\\/logo2.png\",\"width\":800,\"height\":500,\"caption\":\"Transam\u00e9rica Mococa 93,3\"},\"image\":{\"@id\":\"https:\\\/\\\/transamerica93.com.br\\\/home\\\/#\\\/schema\\\/logo\\\/image\\\/\"},\"sameAs\":[\"https:\\\/\\\/www.facebook.com\\\/transamericamococa\",\"https:\\\/\\\/x.com\\\/transamerica933\",\"https:\\\/\\\/www.instagram.com\\\/transamericamococa\"]},{\"@type\":\"Person\",\"@id\":\"https:\\\/\\\/transamerica93.com.br\\\/home\\\/#\\\/schema\\\/person\\\/7fed7c99c0d4562efa8561bc0f543172\",\"name\":\"Reda\u00e7\u00e3o\",\"image\":{\"@type\":\"ImageObject\",\"inLanguage\":\"pt-BR\",\"@id\":\"https:\\\/\\\/secure.gravatar.com\\\/avatar\\\/1072c6b775fb02ef8506ce967551d95926669a6b7d2c2147b42eea4d7c68395e?s=96&d=mm&r=g\",\"url\":\"https:\\\/\\\/secure.gravatar.com\\\/avatar\\\/1072c6b775fb02ef8506ce967551d95926669a6b7d2c2147b42eea4d7c68395e?s=96&d=mm&r=g\",\"contentUrl\":\"https:\\\/\\\/secure.gravatar.com\\\/avatar\\\/1072c6b775fb02ef8506ce967551d95926669a6b7d2c2147b42eea4d7c68395e?s=96&d=mm&r=g\",\"caption\":\"Reda\u00e7\u00e3o\"},\"sameAs\":[\"https:\\\/\\\/transamerica93.com.br\\\/home\"],\"url\":\"https:\\\/\\\/transamerica93.com.br\\\/home\\\/author\\\/william\\\/\"}]}<\/script>\n<!-- \/ Yoast SEO plugin. -->","yoast_head_json":{"title":"Ramon Menezes celebra t\u00edtulo do Sul-Americano Sub-20 - Transam\u00e9rica Mococa 93,3","robots":{"index":"index","follow":"follow","max-snippet":"max-snippet:-1","max-image-preview":"max-image-preview:large","max-video-preview":"max-video-preview:-1"},"canonical":"https:\/\/transamerica93.com.br\/home\/ramon-menezes-celebra-titulo-do-sul-americano-sub-20\/","og_locale":"pt_BR","og_type":"article","og_title":"Ramon Menezes celebra t\u00edtulo do Sul-Americano Sub-20 - Transam\u00e9rica Mococa 93,3","og_description":"O t\u00e9cnico Ramon Menezes celebrou a conquista do t\u00edtulo da edi\u00e7\u00e3o 2025 do Sul-Americano Sub-20, que foi alcan\u00e7ado no \u00faltimo domingo (16) ap\u00f3s a vit\u00f3ria do Brasil sobre o Chile e a derrota da Argentina para o Paraguai. \u201cPara chegar a esse momento, tendo a felicidade de levantar um t\u00edtulo t\u00e3o importante como esse, depende &hellip;","og_url":"https:\/\/transamerica93.com.br\/home\/ramon-menezes-celebra-titulo-do-sul-americano-sub-20\/","og_site_name":"Transam\u00e9rica Mococa 93,3","article_publisher":"https:\/\/www.facebook.com\/transamericamococa","article_published_time":"2025-02-21T15:00:32+00:00","og_image":[{"width":1170,"height":700,"url":"https:\/\/transamerica93.com.br\/home\/wp-content\/uploads\/2025\/02\/Sem-titulo-5.png","type":"image\/png"}],"author":"Reda\u00e7\u00e3o","twitter_card":"summary_large_image","twitter_creator":"@transamerica933","twitter_site":"@transamerica933","twitter_misc":{"Escrito por":"Reda\u00e7\u00e3o","Est. tempo de leitura":"3 minutos"},"schema":{"@context":"https:\/\/schema.org","@graph":[{"@type":"Article","@id":"https:\/\/transamerica93.com.br\/home\/ramon-menezes-celebra-titulo-do-sul-americano-sub-20\/#article","isPartOf":{"@id":"https:\/\/transamerica93.com.br\/home\/ramon-menezes-celebra-titulo-do-sul-americano-sub-20\/"},"author":{"name":"Reda\u00e7\u00e3o","@id":"https:\/\/transamerica93.com.br\/home\/#\/schema\/person\/7fed7c99c0d4562efa8561bc0f543172"},"headline":"Ramon Menezes celebra t\u00edtulo do Sul-Americano Sub-20","datePublished":"2025-02-21T15:00:32+00:00","mainEntityOfPage":{"@id":"https:\/\/transamerica93.com.br\/home\/ramon-menezes-celebra-titulo-do-sul-americano-sub-20\/"},"wordCount":287,"publisher":{"@id":"https:\/\/transamerica93.com.br\/home\/#organization"},"image":{"@id":"https:\/\/transamerica93.com.br\/home\/ramon-menezes-celebra-titulo-do-sul-americano-sub-20\/#primaryimage"},"thumbnailUrl":"https:\/\/transamerica93.com.br\/home\/wp-content\/uploads\/2025\/02\/Sem-titulo-5.png","articleSection":["Esportes"],"inLanguage":"pt-BR"},{"@type":"WebPage","@id":"https:\/\/transamerica93.com.br\/home\/ramon-menezes-celebra-titulo-do-sul-americano-sub-20\/","url":"https:\/\/transamerica93.com.br\/home\/ramon-menezes-celebra-titulo-do-sul-americano-sub-20\/","name":"Ramon Menezes celebra t\u00edtulo do Sul-Americano Sub-20 - Transam\u00e9rica Mococa 93,3","isPartOf":{"@id":"https:\/\/transamerica93.com.br\/home\/#website"},"primaryImageOfPage":{"@id":"https:\/\/transamerica93.com.br\/home\/ramon-menezes-celebra-titulo-do-sul-americano-sub-20\/#primaryimage"},"image":{"@id":"https:\/\/transamerica93.com.br\/home\/ramon-menezes-celebra-titulo-do-sul-americano-sub-20\/#primaryimage"},"thumbnailUrl":"https:\/\/transamerica93.com.br\/home\/wp-content\/uploads\/2025\/02\/Sem-titulo-5.png","datePublished":"2025-02-21T15:00:32+00:00","breadcrumb":{"@id":"https:\/\/transamerica93.com.br\/home\/ramon-menezes-celebra-titulo-do-sul-americano-sub-20\/#breadcrumb"},"inLanguage":"pt-BR","potentialAction":[{"@type":"ReadAction","target":["https:\/\/transamerica93.com.br\/home\/ramon-menezes-celebra-titulo-do-sul-americano-sub-20\/"]}]},{"@type":"ImageObject","inLanguage":"pt-BR","@id":"https:\/\/transamerica93.com.br\/home\/ramon-menezes-celebra-titulo-do-sul-americano-sub-20\/#primaryimage","url":"https:\/\/transamerica93.com.br\/home\/wp-content\/uploads\/2025\/02\/Sem-titulo-5.png","contentUrl":"https:\/\/transamerica93.com.br\/home\/wp-content\/uploads\/2025\/02\/Sem-titulo-5.png","width":1170,"height":700,"caption":"\u00a9 Rafael Ribeiro\/CBF\/Direitos Reservados"},{"@type":"BreadcrumbList","@id":"https:\/\/transamerica93.com.br\/home\/ramon-menezes-celebra-titulo-do-sul-americano-sub-20\/#breadcrumb","itemListElement":[{"@type":"ListItem","position":1,"name":"In\u00edcio","item":"https:\/\/transamerica93.com.br\/home\/"},{"@type":"ListItem","position":2,"name":"Ramon Menezes celebra t\u00edtulo do Sul-Americano Sub-20"}]},{"@type":"WebSite","@id":"https:\/\/transamerica93.com.br\/home\/#website","url":"https:\/\/transamerica93.com.br\/home\/","name":"Transam\u00e9rica Mococa 93,3","description":"","publisher":{"@id":"https:\/\/transamerica93.com.br\/home\/#organization"},"potentialAction":[{"@type":"SearchAction","target":{"@type":"EntryPoint","urlTemplate":"https:\/\/transamerica93.com.br\/home\/?s={search_term_string}"},"query-input":{"@type":"PropertyValueSpecification","valueRequired":true,"valueName":"search_term_string"}}],"inLanguage":"pt-BR"},{"@type":"Organization","@id":"https:\/\/transamerica93.com.br\/home\/#organization","name":"Transam\u00e9rica Mococa 93,3","url":"https:\/\/transamerica93.com.br\/home\/","logo":{"@type":"ImageObject","inLanguage":"pt-BR","@id":"https:\/\/transamerica93.com.br\/home\/#\/schema\/logo\/image\/","url":"https:\/\/transamerica93.com.br\/home\/wp-content\/uploads\/2023\/10\/logo2.png","contentUrl":"https:\/\/transamerica93.com.br\/home\/wp-content\/uploads\/2023\/10\/logo2.png","width":800,"height":500,"caption":"Transam\u00e9rica Mococa 93,3"},"image":{"@id":"https:\/\/transamerica93.com.br\/home\/#\/schema\/logo\/image\/"},"sameAs":["https:\/\/www.facebook.com\/transamericamococa","https:\/\/x.com\/transamerica933","https:\/\/www.instagram.com\/transamericamococa"]},{"@type":"Person","@id":"https:\/\/transamerica93.com.br\/home\/#\/schema\/person\/7fed7c99c0d4562efa8561bc0f543172","name":"Reda\u00e7\u00e3o","image":{"@type":"ImageObject","inLanguage":"pt-BR","@id":"https:\/\/secure.gravatar.com\/avatar\/1072c6b775fb02ef8506ce967551d95926669a6b7d2c2147b42eea4d7c68395e?s=96&d=mm&r=g","url":"https:\/\/secure.gravatar.com\/avatar\/1072c6b775fb02ef8506ce967551d95926669a6b7d2c2147b42eea4d7c68395e?s=96&d=mm&r=g","contentUrl":"https:\/\/secure.gravatar.com\/avatar\/1072c6b775fb02ef8506ce967551d95926669a6b7d2c2147b42eea4d7c68395e?s=96&d=mm&r=g","caption":"Reda\u00e7\u00e3o"},"sameAs":["https:\/\/transamerica93.com.br\/home"],"url":"https:\/\/transamerica93.com.br\/home\/author\/william\/"}]}},"_links":{"self":[{"href":"https:\/\/transamerica93.com.br\/home\/wp-json\/wp\/v2\/posts\/4730","targetHints":{"allow":["GET"]}}],"collection":[{"href":"https:\/\/transamerica93.com.br\/home\/wp-json\/wp\/v2\/posts"}],"about":[{"href":"https:\/\/transamerica93.com.br\/home\/wp-json\/wp\/v2\/types\/post"}],"author":[{"embeddable":true,"href":"https:\/\/transamerica93.com.br\/home\/wp-json\/wp\/v2\/users\/1"}],"replies":[{"embeddable":true,"href":"https:\/\/transamerica93.com.br\/home\/wp-json\/wp\/v2\/comments?post=4730"}],"version-history":[{"count":1,"href":"https:\/\/transamerica93.com.br\/home\/wp-json\/wp\/v2\/posts\/4730\/revisions"}],"predecessor-version":[{"id":4732,"href":"https:\/\/transamerica93.com.br\/home\/wp-json\/wp\/v2\/posts\/4730\/revisions\/4732"}],"wp:featuredmedia":[{"embeddable":true,"href":"https:\/\/transamerica93.com.br\/home\/wp-json\/wp\/v2\/media\/4731"}],"wp:attachment":[{"href":"https:\/\/transamerica93.com.br\/home\/wp-json\/wp\/v2\/media?parent=4730"}],"wp:term":[{"taxonomy":"category","embeddable":true,"href":"https:\/\/transamerica93.com.br\/home\/wp-json\/wp\/v2\/categories?post=4730"},{"taxonomy":"post_tag","embeddable":true,"href":"https:\/\/transamerica93.com.br\/home\/wp-json\/wp\/v2\/tags?post=4730"}],"curies":[{"name":"wp","href":"https:\/\/api.w.org\/{rel}","templated":true}]}}