{"id":4736,"date":"2025-02-19T18:00:02","date_gmt":"2025-02-19T21:00:02","guid":{"rendered":"https:\/\/transamerica93.com.br\/home\/?p=4736"},"modified":"2025-02-19T06:28:13","modified_gmt":"2025-02-19T09:28:13","slug":"zoe-saldana-lembra-jornada-em-avatar-comecei-com-28-e-vou-terminar-com-53","status":"publish","type":"post","link":"https:\/\/transamerica93.com.br\/home\/zoe-saldana-lembra-jornada-em-avatar-comecei-com-28-e-vou-terminar-com-53\/","title":{"rendered":"Zoe Salda\u00f1a lembra jornada em &#8216;Avatar&#8217;: &#8216;Comecei com 28 e vou terminar com 53&#8217;"},"content":{"rendered":"<h6 class=\"Assina\">Por Laysa Zanetti<\/h6>\n<p>O terceiro filme da franquia\u00a0<i>Avatar<\/i>\u00a0tem previs\u00e3o de lan\u00e7amento para dezembro deste ano, tr\u00eas anos ap\u00f3s o segundo, e Zoe Salda\u00f1a n\u00e3o esconde que fica emocionada ao refletir sobre sua trajet\u00f3ria na saga de James Cameron. &#8220;Eu tinha 28 anos quando fiz o primeiro e, se tudo ocorrer dentro dos planos, estarei com 53 ou 54 no quinto e \u00faltimo&#8221;, declarou a atriz, em entrevista ao programa The Actor\u2019s Side, do portal Deadline.<\/p>\n<p>Atualmente favorita para o pr\u00eamio de Melhor Atriz Coadjuvante no Oscar 2025, por sua atua\u00e7\u00e3o em\u00a0<i>Emilia P\u00e9rez<\/i>, Salda\u00f1a tem uma vasta carreira em filmes campe\u00f5es de bilheteria, de\u00a0<i>Avatar<\/i>\u00a0a\u00a0<i>Vingadores<\/i>\u00a0e\u00a0<i>Star Trek<\/i>, e declarou ficar lisonjeada ao ser cotada por cineastas como Cameron. No pr\u00f3ximo retorno de Pandora aos cinemas, em\u00a0<i>Avatar: Fogo e Cinzas<\/i>, Jake (Sam Worthington) e Neytiri (Salda\u00f1a) precisar\u00e3o lidar com o luto e tomar decis\u00f5es dif\u00edceis pensando nos filhos.<\/p>\n<p>&#8220;O desafio para Jake e Neytiri no pr\u00f3ximo filme \u00e9 [gigante]&#8221;, adianta a atriz. &#8220;Eles ser\u00e3o testados de uma forma inimagin\u00e1vel como pais. Eles precisar\u00e3o tomar decis\u00f5es dif\u00edceis pelos filhos [&#8230;] Mesmo que eles estejam nesse lugar incr\u00edvel que \u00e9 Pandora, eles ainda s\u00e3o uma fam\u00edlia universal, que est\u00e1 tentando entender como as coisas funcionam.&#8221;<\/p>\n<p>Quanto ao comprometimento a longo prazo com os gigantes azuis, Salda\u00f1a prefere destacar o que considera mais relevante na trama ambientalista.<\/p>\n<p>&#8220;Eu tinha 28 anos quando fiz o primeiro [filme] e, se tudo ocorrer dentro dos planos, estarei com 53 ou 54 no quinto e \u00faltimo&#8221;, riu. &#8220;\u00c9 um presente poder visitar uma personagem que me possibilitou tanto, e revisitar um lugar que \u00e9 t\u00e3o m\u00e1gico para mim e tantas pessoas. Falamos sobre comunidades da Amaz\u00f4nia que puderam ver\u00a0<i>Avatar<\/i>\u00a0e ficaram encantadas com a hist\u00f3ria, se viram representadas. \u00c9 lindo fazer parte de algo t\u00e3o impactante.&#8221;<\/p>\n<p><i>Avatar: Fogo e Cinzas<\/i>, o terceiro filme, tem lan\u00e7amento agendado para dezembro deste ano, nos cinemas.\u00a0<i>Avatar 4<\/i>\u00a0est\u00e1 planejado para 2029, e Avatar 5, o cap\u00edtulo final da hist\u00f3ria, para 2031. Os dois primeiros filmes est\u00e3o dispon\u00edveis para streaming no Disney+.<\/p>\n","protected":false},"excerpt":{"rendered":"<p>Por Laysa Zanetti O terceiro filme da franquia\u00a0Avatar\u00a0tem previs\u00e3o de lan\u00e7amento para dezembro deste ano, tr\u00eas anos ap\u00f3s o segundo, e Zoe Salda\u00f1a n\u00e3o esconde que fica emocionada ao refletir sobre sua trajet\u00f3ria na saga de James Cameron. &#8220;Eu tinha 28 anos quando fiz o primeiro e, se tudo ocorrer dentro dos planos, estarei com &hellip;<\/p>\n","protected":false},"author":1,"featured_media":4737,"comment_status":"closed","ping_status":"closed","sticky":false,"template":"","format":"standard","meta":{"footnotes":""},"categories":[24],"tags":[],"class_list":["post-4736","post","type-post","status-publish","format-standard","has-post-thumbnail","hentry","category-entretenimento"],"yoast_head":"<!-- This site is optimized with the Yoast SEO plugin v27.4 - https:\/\/yoast.com\/product\/yoast-seo-wordpress\/ -->\n<title>Zoe Salda\u00f1a lembra jornada em &#039;Avatar&#039;: &#039;Comecei com 28 e vou terminar com 53&#039; - Transam\u00e9rica Mococa 93,3<\/title>\n<meta name=\"robots\" content=\"index, follow, max-snippet:-1, max-image-preview:large, max-video-preview:-1\" \/>\n<link rel=\"canonical\" href=\"https:\/\/transamerica93.com.br\/home\/zoe-saldana-lembra-jornada-em-avatar-comecei-com-28-e-vou-terminar-com-53\/\" \/>\n<meta property=\"og:locale\" content=\"pt_BR\" \/>\n<meta property=\"og:type\" content=\"article\" \/>\n<meta property=\"og:title\" content=\"Zoe Salda\u00f1a lembra jornada em &#039;Avatar&#039;: &#039;Comecei com 28 e vou terminar com 53&#039; - Transam\u00e9rica Mococa 93,3\" \/>\n<meta property=\"og:description\" content=\"Por Laysa Zanetti O terceiro filme da franquia\u00a0Avatar\u00a0tem previs\u00e3o de lan\u00e7amento para dezembro deste ano, tr\u00eas anos ap\u00f3s o segundo, e Zoe Salda\u00f1a n\u00e3o esconde que fica emocionada ao refletir sobre sua trajet\u00f3ria na saga de James Cameron. &#8220;Eu tinha 28 anos quando fiz o primeiro e, se tudo ocorrer dentro dos planos, estarei com &hellip;\" \/>\n<meta property=\"og:url\" content=\"https:\/\/transamerica93.com.br\/home\/zoe-saldana-lembra-jornada-em-avatar-comecei-com-28-e-vou-terminar-com-53\/\" \/>\n<meta property=\"og:site_name\" content=\"Transam\u00e9rica Mococa 93,3\" \/>\n<meta property=\"article:publisher\" content=\"https:\/\/www.facebook.com\/transamericamococa\" \/>\n<meta property=\"article:published_time\" content=\"2025-02-19T21:00:02+00:00\" \/>\n<meta property=\"og:image\" content=\"https:\/\/transamerica93.com.br\/home\/wp-content\/uploads\/2025\/02\/Zoe-Sandana-Neytiri-Avatar-1.jpg\" \/>\n\t<meta property=\"og:image:width\" content=\"1366\" \/>\n\t<meta property=\"og:image:height\" content=\"768\" \/>\n\t<meta property=\"og:image:type\" content=\"image\/jpeg\" \/>\n<meta name=\"author\" content=\"Reda\u00e7\u00e3o\" \/>\n<meta name=\"twitter:card\" content=\"summary_large_image\" \/>\n<meta name=\"twitter:creator\" content=\"@transamerica933\" \/>\n<meta name=\"twitter:site\" content=\"@transamerica933\" \/>\n<meta name=\"twitter:label1\" content=\"Escrito por\" \/>\n\t<meta name=\"twitter:data1\" content=\"Reda\u00e7\u00e3o\" \/>\n\t<meta name=\"twitter:label2\" content=\"Est. tempo de leitura\" \/>\n\t<meta name=\"twitter:data2\" content=\"2 minutos\" \/>\n<script type=\"application\/ld+json\" class=\"yoast-schema-graph\">{\"@context\":\"https:\\\/\\\/schema.org\",\"@graph\":[{\"@type\":\"Article\",\"@id\":\"https:\\\/\\\/transamerica93.com.br\\\/home\\\/zoe-saldana-lembra-jornada-em-avatar-comecei-com-28-e-vou-terminar-com-53\\\/#article\",\"isPartOf\":{\"@id\":\"https:\\\/\\\/transamerica93.com.br\\\/home\\\/zoe-saldana-lembra-jornada-em-avatar-comecei-com-28-e-vou-terminar-com-53\\\/\"},\"author\":{\"name\":\"Reda\u00e7\u00e3o\",\"@id\":\"https:\\\/\\\/transamerica93.com.br\\\/home\\\/#\\\/schema\\\/person\\\/7fed7c99c0d4562efa8561bc0f543172\"},\"headline\":\"Zoe Salda\u00f1a lembra jornada em &#8216;Avatar&#8217;: &#8216;Comecei com 28 e vou terminar com 53&#8217;\",\"datePublished\":\"2025-02-19T21:00:02+00:00\",\"mainEntityOfPage\":{\"@id\":\"https:\\\/\\\/transamerica93.com.br\\\/home\\\/zoe-saldana-lembra-jornada-em-avatar-comecei-com-28-e-vou-terminar-com-53\\\/\"},\"wordCount\":381,\"publisher\":{\"@id\":\"https:\\\/\\\/transamerica93.com.br\\\/home\\\/#organization\"},\"image\":{\"@id\":\"https:\\\/\\\/transamerica93.com.br\\\/home\\\/zoe-saldana-lembra-jornada-em-avatar-comecei-com-28-e-vou-terminar-com-53\\\/#primaryimage\"},\"thumbnailUrl\":\"https:\\\/\\\/transamerica93.com.br\\\/home\\\/wp-content\\\/uploads\\\/2025\\\/02\\\/Zoe-Sandana-Neytiri-Avatar-1.jpg\",\"articleSection\":[\"Entretenimento\"],\"inLanguage\":\"pt-BR\"},{\"@type\":\"WebPage\",\"@id\":\"https:\\\/\\\/transamerica93.com.br\\\/home\\\/zoe-saldana-lembra-jornada-em-avatar-comecei-com-28-e-vou-terminar-com-53\\\/\",\"url\":\"https:\\\/\\\/transamerica93.com.br\\\/home\\\/zoe-saldana-lembra-jornada-em-avatar-comecei-com-28-e-vou-terminar-com-53\\\/\",\"name\":\"Zoe Salda\u00f1a lembra jornada em 'Avatar': 'Comecei com 28 e vou terminar com 53' - Transam\u00e9rica Mococa 93,3\",\"isPartOf\":{\"@id\":\"https:\\\/\\\/transamerica93.com.br\\\/home\\\/#website\"},\"primaryImageOfPage\":{\"@id\":\"https:\\\/\\\/transamerica93.com.br\\\/home\\\/zoe-saldana-lembra-jornada-em-avatar-comecei-com-28-e-vou-terminar-com-53\\\/#primaryimage\"},\"image\":{\"@id\":\"https:\\\/\\\/transamerica93.com.br\\\/home\\\/zoe-saldana-lembra-jornada-em-avatar-comecei-com-28-e-vou-terminar-com-53\\\/#primaryimage\"},\"thumbnailUrl\":\"https:\\\/\\\/transamerica93.com.br\\\/home\\\/wp-content\\\/uploads\\\/2025\\\/02\\\/Zoe-Sandana-Neytiri-Avatar-1.jpg\",\"datePublished\":\"2025-02-19T21:00:02+00:00\",\"breadcrumb\":{\"@id\":\"https:\\\/\\\/transamerica93.com.br\\\/home\\\/zoe-saldana-lembra-jornada-em-avatar-comecei-com-28-e-vou-terminar-com-53\\\/#breadcrumb\"},\"inLanguage\":\"pt-BR\",\"potentialAction\":[{\"@type\":\"ReadAction\",\"target\":[\"https:\\\/\\\/transamerica93.com.br\\\/home\\\/zoe-saldana-lembra-jornada-em-avatar-comecei-com-28-e-vou-terminar-com-53\\\/\"]}]},{\"@type\":\"ImageObject\",\"inLanguage\":\"pt-BR\",\"@id\":\"https:\\\/\\\/transamerica93.com.br\\\/home\\\/zoe-saldana-lembra-jornada-em-avatar-comecei-com-28-e-vou-terminar-com-53\\\/#primaryimage\",\"url\":\"https:\\\/\\\/transamerica93.com.br\\\/home\\\/wp-content\\\/uploads\\\/2025\\\/02\\\/Zoe-Sandana-Neytiri-Avatar-1.jpg\",\"contentUrl\":\"https:\\\/\\\/transamerica93.com.br\\\/home\\\/wp-content\\\/uploads\\\/2025\\\/02\\\/Zoe-Sandana-Neytiri-Avatar-1.jpg\",\"width\":1366,\"height\":768},{\"@type\":\"BreadcrumbList\",\"@id\":\"https:\\\/\\\/transamerica93.com.br\\\/home\\\/zoe-saldana-lembra-jornada-em-avatar-comecei-com-28-e-vou-terminar-com-53\\\/#breadcrumb\",\"itemListElement\":[{\"@type\":\"ListItem\",\"position\":1,\"name\":\"In\u00edcio\",\"item\":\"https:\\\/\\\/transamerica93.com.br\\\/home\\\/\"},{\"@type\":\"ListItem\",\"position\":2,\"name\":\"Zoe Salda\u00f1a lembra jornada em &#8216;Avatar&#8217;: &#8216;Comecei com 28 e vou terminar com 53&#8217;\"}]},{\"@type\":\"WebSite\",\"@id\":\"https:\\\/\\\/transamerica93.com.br\\\/home\\\/#website\",\"url\":\"https:\\\/\\\/transamerica93.com.br\\\/home\\\/\",\"name\":\"Transam\u00e9rica Mococa 93,3\",\"description\":\"\",\"publisher\":{\"@id\":\"https:\\\/\\\/transamerica93.com.br\\\/home\\\/#organization\"},\"potentialAction\":[{\"@type\":\"SearchAction\",\"target\":{\"@type\":\"EntryPoint\",\"urlTemplate\":\"https:\\\/\\\/transamerica93.com.br\\\/home\\\/?s={search_term_string}\"},\"query-input\":{\"@type\":\"PropertyValueSpecification\",\"valueRequired\":true,\"valueName\":\"search_term_string\"}}],\"inLanguage\":\"pt-BR\"},{\"@type\":\"Organization\",\"@id\":\"https:\\\/\\\/transamerica93.com.br\\\/home\\\/#organization\",\"name\":\"Transam\u00e9rica Mococa 93,3\",\"url\":\"https:\\\/\\\/transamerica93.com.br\\\/home\\\/\",\"logo\":{\"@type\":\"ImageObject\",\"inLanguage\":\"pt-BR\",\"@id\":\"https:\\\/\\\/transamerica93.com.br\\\/home\\\/#\\\/schema\\\/logo\\\/image\\\/\",\"url\":\"https:\\\/\\\/transamerica93.com.br\\\/home\\\/wp-content\\\/uploads\\\/2023\\\/10\\\/logo2.png\",\"contentUrl\":\"https:\\\/\\\/transamerica93.com.br\\\/home\\\/wp-content\\\/uploads\\\/2023\\\/10\\\/logo2.png\",\"width\":800,\"height\":500,\"caption\":\"Transam\u00e9rica Mococa 93,3\"},\"image\":{\"@id\":\"https:\\\/\\\/transamerica93.com.br\\\/home\\\/#\\\/schema\\\/logo\\\/image\\\/\"},\"sameAs\":[\"https:\\\/\\\/www.facebook.com\\\/transamericamococa\",\"https:\\\/\\\/x.com\\\/transamerica933\",\"https:\\\/\\\/www.instagram.com\\\/transamericamococa\"]},{\"@type\":\"Person\",\"@id\":\"https:\\\/\\\/transamerica93.com.br\\\/home\\\/#\\\/schema\\\/person\\\/7fed7c99c0d4562efa8561bc0f543172\",\"name\":\"Reda\u00e7\u00e3o\",\"image\":{\"@type\":\"ImageObject\",\"inLanguage\":\"pt-BR\",\"@id\":\"https:\\\/\\\/secure.gravatar.com\\\/avatar\\\/1072c6b775fb02ef8506ce967551d95926669a6b7d2c2147b42eea4d7c68395e?s=96&d=mm&r=g\",\"url\":\"https:\\\/\\\/secure.gravatar.com\\\/avatar\\\/1072c6b775fb02ef8506ce967551d95926669a6b7d2c2147b42eea4d7c68395e?s=96&d=mm&r=g\",\"contentUrl\":\"https:\\\/\\\/secure.gravatar.com\\\/avatar\\\/1072c6b775fb02ef8506ce967551d95926669a6b7d2c2147b42eea4d7c68395e?s=96&d=mm&r=g\",\"caption\":\"Reda\u00e7\u00e3o\"},\"sameAs\":[\"https:\\\/\\\/transamerica93.com.br\\\/home\"],\"url\":\"https:\\\/\\\/transamerica93.com.br\\\/home\\\/author\\\/william\\\/\"}]}<\/script>\n<!-- \/ Yoast SEO plugin. -->","yoast_head_json":{"title":"Zoe Salda\u00f1a lembra jornada em 'Avatar': 'Comecei com 28 e vou terminar com 53' - Transam\u00e9rica Mococa 93,3","robots":{"index":"index","follow":"follow","max-snippet":"max-snippet:-1","max-image-preview":"max-image-preview:large","max-video-preview":"max-video-preview:-1"},"canonical":"https:\/\/transamerica93.com.br\/home\/zoe-saldana-lembra-jornada-em-avatar-comecei-com-28-e-vou-terminar-com-53\/","og_locale":"pt_BR","og_type":"article","og_title":"Zoe Salda\u00f1a lembra jornada em 'Avatar': 'Comecei com 28 e vou terminar com 53' - Transam\u00e9rica Mococa 93,3","og_description":"Por Laysa Zanetti O terceiro filme da franquia\u00a0Avatar\u00a0tem previs\u00e3o de lan\u00e7amento para dezembro deste ano, tr\u00eas anos ap\u00f3s o segundo, e Zoe Salda\u00f1a n\u00e3o esconde que fica emocionada ao refletir sobre sua trajet\u00f3ria na saga de James Cameron. &#8220;Eu tinha 28 anos quando fiz o primeiro e, se tudo ocorrer dentro dos planos, estarei com &hellip;","og_url":"https:\/\/transamerica93.com.br\/home\/zoe-saldana-lembra-jornada-em-avatar-comecei-com-28-e-vou-terminar-com-53\/","og_site_name":"Transam\u00e9rica Mococa 93,3","article_publisher":"https:\/\/www.facebook.com\/transamericamococa","article_published_time":"2025-02-19T21:00:02+00:00","og_image":[{"width":1366,"height":768,"url":"https:\/\/transamerica93.com.br\/home\/wp-content\/uploads\/2025\/02\/Zoe-Sandana-Neytiri-Avatar-1.jpg","type":"image\/jpeg"}],"author":"Reda\u00e7\u00e3o","twitter_card":"summary_large_image","twitter_creator":"@transamerica933","twitter_site":"@transamerica933","twitter_misc":{"Escrito por":"Reda\u00e7\u00e3o","Est. tempo de leitura":"2 minutos"},"schema":{"@context":"https:\/\/schema.org","@graph":[{"@type":"Article","@id":"https:\/\/transamerica93.com.br\/home\/zoe-saldana-lembra-jornada-em-avatar-comecei-com-28-e-vou-terminar-com-53\/#article","isPartOf":{"@id":"https:\/\/transamerica93.com.br\/home\/zoe-saldana-lembra-jornada-em-avatar-comecei-com-28-e-vou-terminar-com-53\/"},"author":{"name":"Reda\u00e7\u00e3o","@id":"https:\/\/transamerica93.com.br\/home\/#\/schema\/person\/7fed7c99c0d4562efa8561bc0f543172"},"headline":"Zoe Salda\u00f1a lembra jornada em &#8216;Avatar&#8217;: &#8216;Comecei com 28 e vou terminar com 53&#8217;","datePublished":"2025-02-19T21:00:02+00:00","mainEntityOfPage":{"@id":"https:\/\/transamerica93.com.br\/home\/zoe-saldana-lembra-jornada-em-avatar-comecei-com-28-e-vou-terminar-com-53\/"},"wordCount":381,"publisher":{"@id":"https:\/\/transamerica93.com.br\/home\/#organization"},"image":{"@id":"https:\/\/transamerica93.com.br\/home\/zoe-saldana-lembra-jornada-em-avatar-comecei-com-28-e-vou-terminar-com-53\/#primaryimage"},"thumbnailUrl":"https:\/\/transamerica93.com.br\/home\/wp-content\/uploads\/2025\/02\/Zoe-Sandana-Neytiri-Avatar-1.jpg","articleSection":["Entretenimento"],"inLanguage":"pt-BR"},{"@type":"WebPage","@id":"https:\/\/transamerica93.com.br\/home\/zoe-saldana-lembra-jornada-em-avatar-comecei-com-28-e-vou-terminar-com-53\/","url":"https:\/\/transamerica93.com.br\/home\/zoe-saldana-lembra-jornada-em-avatar-comecei-com-28-e-vou-terminar-com-53\/","name":"Zoe Salda\u00f1a lembra jornada em 'Avatar': 'Comecei com 28 e vou terminar com 53' - Transam\u00e9rica Mococa 93,3","isPartOf":{"@id":"https:\/\/transamerica93.com.br\/home\/#website"},"primaryImageOfPage":{"@id":"https:\/\/transamerica93.com.br\/home\/zoe-saldana-lembra-jornada-em-avatar-comecei-com-28-e-vou-terminar-com-53\/#primaryimage"},"image":{"@id":"https:\/\/transamerica93.com.br\/home\/zoe-saldana-lembra-jornada-em-avatar-comecei-com-28-e-vou-terminar-com-53\/#primaryimage"},"thumbnailUrl":"https:\/\/transamerica93.com.br\/home\/wp-content\/uploads\/2025\/02\/Zoe-Sandana-Neytiri-Avatar-1.jpg","datePublished":"2025-02-19T21:00:02+00:00","breadcrumb":{"@id":"https:\/\/transamerica93.com.br\/home\/zoe-saldana-lembra-jornada-em-avatar-comecei-com-28-e-vou-terminar-com-53\/#breadcrumb"},"inLanguage":"pt-BR","potentialAction":[{"@type":"ReadAction","target":["https:\/\/transamerica93.com.br\/home\/zoe-saldana-lembra-jornada-em-avatar-comecei-com-28-e-vou-terminar-com-53\/"]}]},{"@type":"ImageObject","inLanguage":"pt-BR","@id":"https:\/\/transamerica93.com.br\/home\/zoe-saldana-lembra-jornada-em-avatar-comecei-com-28-e-vou-terminar-com-53\/#primaryimage","url":"https:\/\/transamerica93.com.br\/home\/wp-content\/uploads\/2025\/02\/Zoe-Sandana-Neytiri-Avatar-1.jpg","contentUrl":"https:\/\/transamerica93.com.br\/home\/wp-content\/uploads\/2025\/02\/Zoe-Sandana-Neytiri-Avatar-1.jpg","width":1366,"height":768},{"@type":"BreadcrumbList","@id":"https:\/\/transamerica93.com.br\/home\/zoe-saldana-lembra-jornada-em-avatar-comecei-com-28-e-vou-terminar-com-53\/#breadcrumb","itemListElement":[{"@type":"ListItem","position":1,"name":"In\u00edcio","item":"https:\/\/transamerica93.com.br\/home\/"},{"@type":"ListItem","position":2,"name":"Zoe Salda\u00f1a lembra jornada em &#8216;Avatar&#8217;: &#8216;Comecei com 28 e vou terminar com 53&#8217;"}]},{"@type":"WebSite","@id":"https:\/\/transamerica93.com.br\/home\/#website","url":"https:\/\/transamerica93.com.br\/home\/","name":"Transam\u00e9rica Mococa 93,3","description":"","publisher":{"@id":"https:\/\/transamerica93.com.br\/home\/#organization"},"potentialAction":[{"@type":"SearchAction","target":{"@type":"EntryPoint","urlTemplate":"https:\/\/transamerica93.com.br\/home\/?s={search_term_string}"},"query-input":{"@type":"PropertyValueSpecification","valueRequired":true,"valueName":"search_term_string"}}],"inLanguage":"pt-BR"},{"@type":"Organization","@id":"https:\/\/transamerica93.com.br\/home\/#organization","name":"Transam\u00e9rica Mococa 93,3","url":"https:\/\/transamerica93.com.br\/home\/","logo":{"@type":"ImageObject","inLanguage":"pt-BR","@id":"https:\/\/transamerica93.com.br\/home\/#\/schema\/logo\/image\/","url":"https:\/\/transamerica93.com.br\/home\/wp-content\/uploads\/2023\/10\/logo2.png","contentUrl":"https:\/\/transamerica93.com.br\/home\/wp-content\/uploads\/2023\/10\/logo2.png","width":800,"height":500,"caption":"Transam\u00e9rica Mococa 93,3"},"image":{"@id":"https:\/\/transamerica93.com.br\/home\/#\/schema\/logo\/image\/"},"sameAs":["https:\/\/www.facebook.com\/transamericamococa","https:\/\/x.com\/transamerica933","https:\/\/www.instagram.com\/transamericamococa"]},{"@type":"Person","@id":"https:\/\/transamerica93.com.br\/home\/#\/schema\/person\/7fed7c99c0d4562efa8561bc0f543172","name":"Reda\u00e7\u00e3o","image":{"@type":"ImageObject","inLanguage":"pt-BR","@id":"https:\/\/secure.gravatar.com\/avatar\/1072c6b775fb02ef8506ce967551d95926669a6b7d2c2147b42eea4d7c68395e?s=96&d=mm&r=g","url":"https:\/\/secure.gravatar.com\/avatar\/1072c6b775fb02ef8506ce967551d95926669a6b7d2c2147b42eea4d7c68395e?s=96&d=mm&r=g","contentUrl":"https:\/\/secure.gravatar.com\/avatar\/1072c6b775fb02ef8506ce967551d95926669a6b7d2c2147b42eea4d7c68395e?s=96&d=mm&r=g","caption":"Reda\u00e7\u00e3o"},"sameAs":["https:\/\/transamerica93.com.br\/home"],"url":"https:\/\/transamerica93.com.br\/home\/author\/william\/"}]}},"_links":{"self":[{"href":"https:\/\/transamerica93.com.br\/home\/wp-json\/wp\/v2\/posts\/4736","targetHints":{"allow":["GET"]}}],"collection":[{"href":"https:\/\/transamerica93.com.br\/home\/wp-json\/wp\/v2\/posts"}],"about":[{"href":"https:\/\/transamerica93.com.br\/home\/wp-json\/wp\/v2\/types\/post"}],"author":[{"embeddable":true,"href":"https:\/\/transamerica93.com.br\/home\/wp-json\/wp\/v2\/users\/1"}],"replies":[{"embeddable":true,"href":"https:\/\/transamerica93.com.br\/home\/wp-json\/wp\/v2\/comments?post=4736"}],"version-history":[{"count":1,"href":"https:\/\/transamerica93.com.br\/home\/wp-json\/wp\/v2\/posts\/4736\/revisions"}],"predecessor-version":[{"id":4738,"href":"https:\/\/transamerica93.com.br\/home\/wp-json\/wp\/v2\/posts\/4736\/revisions\/4738"}],"wp:featuredmedia":[{"embeddable":true,"href":"https:\/\/transamerica93.com.br\/home\/wp-json\/wp\/v2\/media\/4737"}],"wp:attachment":[{"href":"https:\/\/transamerica93.com.br\/home\/wp-json\/wp\/v2\/media?parent=4736"}],"wp:term":[{"taxonomy":"category","embeddable":true,"href":"https:\/\/transamerica93.com.br\/home\/wp-json\/wp\/v2\/categories?post=4736"},{"taxonomy":"post_tag","embeddable":true,"href":"https:\/\/transamerica93.com.br\/home\/wp-json\/wp\/v2\/tags?post=4736"}],"curies":[{"name":"wp","href":"https:\/\/api.w.org\/{rel}","templated":true}]}}