{"id":4747,"date":"2025-02-21T18:00:13","date_gmt":"2025-02-21T21:00:13","guid":{"rendered":"https:\/\/transamerica93.com.br\/home\/?p=4747"},"modified":"2025-02-19T07:17:16","modified_gmt":"2025-02-19T10:17:16","slug":"danni-suzuki-diz-que-levou-tapa-na-cara-de-diretor-da-globo-e-que-isso-a-fortaleceu","status":"publish","type":"post","link":"https:\/\/transamerica93.com.br\/home\/danni-suzuki-diz-que-levou-tapa-na-cara-de-diretor-da-globo-e-que-isso-a-fortaleceu\/","title":{"rendered":"Danni Suzuki diz que levou tapa na cara de diretor da Globo e que isso a fortaleceu"},"content":{"rendered":"<div id=\"Corpo\">Por Reda\u00e7\u00e3o E+<\/p>\n<p>Danni Suzuki revelou ter sido v\u00edtima de uma agress\u00e3o f\u00edsica no in\u00edcio de sua carreira na TV. Em entrevista ao podcast\u00a0<i>Papagaio Falante<\/i>, a atriz, hoje com 47 anos, contou que levou um tapa no rosto do diretor Carlos Manga (1928-2015) durante sua passagem pelo seriado\u00a0<i>Sandy &amp; J\u00fanior<\/i>, exibido em 2002 pela TV Globo.<\/p>\n<p>Segundo Danni, o epis\u00f3dio aconteceu quando o diretor se apresentou ao elenco. Na ocasi\u00e3o, ela interpretava uma personagem que ensinava artes marciais e, ao ser questionada sobre seu treinamento, recebeu o tapa como uma esp\u00e9cie de teste<\/p>\n<p>&#8220;Ele deu um tap\u00e3o na minha cara! Sabe quando a bola bate e o rosto fica queimado? Na hora, eu fiquei em choque, o elenco todo ficou em choque. E eu, com minha cara pegando fogo, tentando entender por que ele me deu esse tap\u00e3o na cara. Ele falou: &#8216;Olha, n\u00e3o t\u00e1 treinando\u2026 Cad\u00ea o reflexo?'&#8221;, relembrou a atriz.<\/p>\n<p>Apesar do impacto do momento, a artista disse que, posteriormente, teve uma conversa com o diretor, na qual ele destacou a import\u00e2ncia da disciplina no meio art\u00edstico. &#8220;Aquele tapa me botou com o p\u00e9 no ch\u00e3o. Eu estava chegando na TV, primeira oportunidade, novela\u2026 Demorei um pouquinho, mas entendi que, de uma certa forma, mesmo que de um jeito que hoje a gente n\u00e3o aprovaria tanto\u2026 Ele me tirou da desilus\u00e3o. Acabou a m\u00e1gica e eu me situei.&#8221;<\/p><\/div>\n<div class=\"tarjaN\"><\/div>\n","protected":false},"excerpt":{"rendered":"<p>Por Reda\u00e7\u00e3o E+ Danni Suzuki revelou ter sido v\u00edtima de uma agress\u00e3o f\u00edsica no in\u00edcio de sua carreira na TV. Em entrevista ao podcast\u00a0Papagaio Falante, a atriz, hoje com 47 anos, contou que levou um tapa no rosto do diretor Carlos Manga (1928-2015) durante sua passagem pelo seriado\u00a0Sandy &amp; J\u00fanior, exibido em 2002 pela TV &hellip;<\/p>\n","protected":false},"author":1,"featured_media":4748,"comment_status":"closed","ping_status":"closed","sticky":false,"template":"","format":"standard","meta":{"footnotes":""},"categories":[24],"tags":[],"class_list":["post-4747","post","type-post","status-publish","format-standard","has-post-thumbnail","hentry","category-entretenimento"],"yoast_head":"<!-- This site is optimized with the Yoast SEO plugin v27.4 - https:\/\/yoast.com\/product\/yoast-seo-wordpress\/ -->\n<title>Danni Suzuki diz que levou tapa na cara de diretor da Globo e que isso a fortaleceu - Transam\u00e9rica Mococa 93,3<\/title>\n<meta name=\"robots\" content=\"index, follow, max-snippet:-1, max-image-preview:large, max-video-preview:-1\" \/>\n<link rel=\"canonical\" href=\"https:\/\/transamerica93.com.br\/home\/danni-suzuki-diz-que-levou-tapa-na-cara-de-diretor-da-globo-e-que-isso-a-fortaleceu\/\" \/>\n<meta property=\"og:locale\" content=\"pt_BR\" \/>\n<meta property=\"og:type\" content=\"article\" \/>\n<meta property=\"og:title\" content=\"Danni Suzuki diz que levou tapa na cara de diretor da Globo e que isso a fortaleceu - Transam\u00e9rica Mococa 93,3\" \/>\n<meta property=\"og:description\" content=\"Por Reda\u00e7\u00e3o E+ Danni Suzuki revelou ter sido v\u00edtima de uma agress\u00e3o f\u00edsica no in\u00edcio de sua carreira na TV. Em entrevista ao podcast\u00a0Papagaio Falante, a atriz, hoje com 47 anos, contou que levou um tapa no rosto do diretor Carlos Manga (1928-2015) durante sua passagem pelo seriado\u00a0Sandy &amp; J\u00fanior, exibido em 2002 pela TV &hellip;\" \/>\n<meta property=\"og:url\" content=\"https:\/\/transamerica93.com.br\/home\/danni-suzuki-diz-que-levou-tapa-na-cara-de-diretor-da-globo-e-que-isso-a-fortaleceu\/\" \/>\n<meta property=\"og:site_name\" content=\"Transam\u00e9rica Mococa 93,3\" \/>\n<meta property=\"article:publisher\" content=\"https:\/\/www.facebook.com\/transamericamococa\" \/>\n<meta property=\"article:published_time\" content=\"2025-02-21T21:00:13+00:00\" \/>\n<meta property=\"og:image\" content=\"https:\/\/transamerica93.com.br\/home\/wp-content\/uploads\/2025\/02\/Sem-titulo-8.png\" \/>\n\t<meta property=\"og:image:width\" content=\"749\" \/>\n\t<meta property=\"og:image:height\" content=\"497\" \/>\n\t<meta property=\"og:image:type\" content=\"image\/png\" \/>\n<meta name=\"author\" content=\"Reda\u00e7\u00e3o\" \/>\n<meta name=\"twitter:card\" content=\"summary_large_image\" \/>\n<meta name=\"twitter:creator\" content=\"@transamerica933\" \/>\n<meta name=\"twitter:site\" content=\"@transamerica933\" \/>\n<meta name=\"twitter:label1\" content=\"Escrito por\" \/>\n\t<meta name=\"twitter:data1\" content=\"Reda\u00e7\u00e3o\" \/>\n\t<meta name=\"twitter:label2\" content=\"Est. tempo de leitura\" \/>\n\t<meta name=\"twitter:data2\" content=\"2 minutos\" \/>\n<script type=\"application\/ld+json\" class=\"yoast-schema-graph\">{\"@context\":\"https:\\\/\\\/schema.org\",\"@graph\":[{\"@type\":\"Article\",\"@id\":\"https:\\\/\\\/transamerica93.com.br\\\/home\\\/danni-suzuki-diz-que-levou-tapa-na-cara-de-diretor-da-globo-e-que-isso-a-fortaleceu\\\/#article\",\"isPartOf\":{\"@id\":\"https:\\\/\\\/transamerica93.com.br\\\/home\\\/danni-suzuki-diz-que-levou-tapa-na-cara-de-diretor-da-globo-e-que-isso-a-fortaleceu\\\/\"},\"author\":{\"name\":\"Reda\u00e7\u00e3o\",\"@id\":\"https:\\\/\\\/transamerica93.com.br\\\/home\\\/#\\\/schema\\\/person\\\/7fed7c99c0d4562efa8561bc0f543172\"},\"headline\":\"Danni Suzuki diz que levou tapa na cara de diretor da Globo e que isso a fortaleceu\",\"datePublished\":\"2025-02-21T21:00:13+00:00\",\"mainEntityOfPage\":{\"@id\":\"https:\\\/\\\/transamerica93.com.br\\\/home\\\/danni-suzuki-diz-que-levou-tapa-na-cara-de-diretor-da-globo-e-que-isso-a-fortaleceu\\\/\"},\"wordCount\":265,\"publisher\":{\"@id\":\"https:\\\/\\\/transamerica93.com.br\\\/home\\\/#organization\"},\"image\":{\"@id\":\"https:\\\/\\\/transamerica93.com.br\\\/home\\\/danni-suzuki-diz-que-levou-tapa-na-cara-de-diretor-da-globo-e-que-isso-a-fortaleceu\\\/#primaryimage\"},\"thumbnailUrl\":\"https:\\\/\\\/transamerica93.com.br\\\/home\\\/wp-content\\\/uploads\\\/2025\\\/02\\\/Sem-titulo-8.png\",\"articleSection\":[\"Entretenimento\"],\"inLanguage\":\"pt-BR\"},{\"@type\":\"WebPage\",\"@id\":\"https:\\\/\\\/transamerica93.com.br\\\/home\\\/danni-suzuki-diz-que-levou-tapa-na-cara-de-diretor-da-globo-e-que-isso-a-fortaleceu\\\/\",\"url\":\"https:\\\/\\\/transamerica93.com.br\\\/home\\\/danni-suzuki-diz-que-levou-tapa-na-cara-de-diretor-da-globo-e-que-isso-a-fortaleceu\\\/\",\"name\":\"Danni Suzuki diz que levou tapa na cara de diretor da Globo e que isso a fortaleceu - Transam\u00e9rica Mococa 93,3\",\"isPartOf\":{\"@id\":\"https:\\\/\\\/transamerica93.com.br\\\/home\\\/#website\"},\"primaryImageOfPage\":{\"@id\":\"https:\\\/\\\/transamerica93.com.br\\\/home\\\/danni-suzuki-diz-que-levou-tapa-na-cara-de-diretor-da-globo-e-que-isso-a-fortaleceu\\\/#primaryimage\"},\"image\":{\"@id\":\"https:\\\/\\\/transamerica93.com.br\\\/home\\\/danni-suzuki-diz-que-levou-tapa-na-cara-de-diretor-da-globo-e-que-isso-a-fortaleceu\\\/#primaryimage\"},\"thumbnailUrl\":\"https:\\\/\\\/transamerica93.com.br\\\/home\\\/wp-content\\\/uploads\\\/2025\\\/02\\\/Sem-titulo-8.png\",\"datePublished\":\"2025-02-21T21:00:13+00:00\",\"breadcrumb\":{\"@id\":\"https:\\\/\\\/transamerica93.com.br\\\/home\\\/danni-suzuki-diz-que-levou-tapa-na-cara-de-diretor-da-globo-e-que-isso-a-fortaleceu\\\/#breadcrumb\"},\"inLanguage\":\"pt-BR\",\"potentialAction\":[{\"@type\":\"ReadAction\",\"target\":[\"https:\\\/\\\/transamerica93.com.br\\\/home\\\/danni-suzuki-diz-que-levou-tapa-na-cara-de-diretor-da-globo-e-que-isso-a-fortaleceu\\\/\"]}]},{\"@type\":\"ImageObject\",\"inLanguage\":\"pt-BR\",\"@id\":\"https:\\\/\\\/transamerica93.com.br\\\/home\\\/danni-suzuki-diz-que-levou-tapa-na-cara-de-diretor-da-globo-e-que-isso-a-fortaleceu\\\/#primaryimage\",\"url\":\"https:\\\/\\\/transamerica93.com.br\\\/home\\\/wp-content\\\/uploads\\\/2025\\\/02\\\/Sem-titulo-8.png\",\"contentUrl\":\"https:\\\/\\\/transamerica93.com.br\\\/home\\\/wp-content\\\/uploads\\\/2025\\\/02\\\/Sem-titulo-8.png\",\"width\":749,\"height\":497},{\"@type\":\"BreadcrumbList\",\"@id\":\"https:\\\/\\\/transamerica93.com.br\\\/home\\\/danni-suzuki-diz-que-levou-tapa-na-cara-de-diretor-da-globo-e-que-isso-a-fortaleceu\\\/#breadcrumb\",\"itemListElement\":[{\"@type\":\"ListItem\",\"position\":1,\"name\":\"In\u00edcio\",\"item\":\"https:\\\/\\\/transamerica93.com.br\\\/home\\\/\"},{\"@type\":\"ListItem\",\"position\":2,\"name\":\"Danni Suzuki diz que levou tapa na cara de diretor da Globo e que isso a fortaleceu\"}]},{\"@type\":\"WebSite\",\"@id\":\"https:\\\/\\\/transamerica93.com.br\\\/home\\\/#website\",\"url\":\"https:\\\/\\\/transamerica93.com.br\\\/home\\\/\",\"name\":\"Transam\u00e9rica Mococa 93,3\",\"description\":\"\",\"publisher\":{\"@id\":\"https:\\\/\\\/transamerica93.com.br\\\/home\\\/#organization\"},\"potentialAction\":[{\"@type\":\"SearchAction\",\"target\":{\"@type\":\"EntryPoint\",\"urlTemplate\":\"https:\\\/\\\/transamerica93.com.br\\\/home\\\/?s={search_term_string}\"},\"query-input\":{\"@type\":\"PropertyValueSpecification\",\"valueRequired\":true,\"valueName\":\"search_term_string\"}}],\"inLanguage\":\"pt-BR\"},{\"@type\":\"Organization\",\"@id\":\"https:\\\/\\\/transamerica93.com.br\\\/home\\\/#organization\",\"name\":\"Transam\u00e9rica Mococa 93,3\",\"url\":\"https:\\\/\\\/transamerica93.com.br\\\/home\\\/\",\"logo\":{\"@type\":\"ImageObject\",\"inLanguage\":\"pt-BR\",\"@id\":\"https:\\\/\\\/transamerica93.com.br\\\/home\\\/#\\\/schema\\\/logo\\\/image\\\/\",\"url\":\"https:\\\/\\\/transamerica93.com.br\\\/home\\\/wp-content\\\/uploads\\\/2023\\\/10\\\/logo2.png\",\"contentUrl\":\"https:\\\/\\\/transamerica93.com.br\\\/home\\\/wp-content\\\/uploads\\\/2023\\\/10\\\/logo2.png\",\"width\":800,\"height\":500,\"caption\":\"Transam\u00e9rica Mococa 93,3\"},\"image\":{\"@id\":\"https:\\\/\\\/transamerica93.com.br\\\/home\\\/#\\\/schema\\\/logo\\\/image\\\/\"},\"sameAs\":[\"https:\\\/\\\/www.facebook.com\\\/transamericamococa\",\"https:\\\/\\\/x.com\\\/transamerica933\",\"https:\\\/\\\/www.instagram.com\\\/transamericamococa\"]},{\"@type\":\"Person\",\"@id\":\"https:\\\/\\\/transamerica93.com.br\\\/home\\\/#\\\/schema\\\/person\\\/7fed7c99c0d4562efa8561bc0f543172\",\"name\":\"Reda\u00e7\u00e3o\",\"image\":{\"@type\":\"ImageObject\",\"inLanguage\":\"pt-BR\",\"@id\":\"https:\\\/\\\/secure.gravatar.com\\\/avatar\\\/1072c6b775fb02ef8506ce967551d95926669a6b7d2c2147b42eea4d7c68395e?s=96&d=mm&r=g\",\"url\":\"https:\\\/\\\/secure.gravatar.com\\\/avatar\\\/1072c6b775fb02ef8506ce967551d95926669a6b7d2c2147b42eea4d7c68395e?s=96&d=mm&r=g\",\"contentUrl\":\"https:\\\/\\\/secure.gravatar.com\\\/avatar\\\/1072c6b775fb02ef8506ce967551d95926669a6b7d2c2147b42eea4d7c68395e?s=96&d=mm&r=g\",\"caption\":\"Reda\u00e7\u00e3o\"},\"sameAs\":[\"https:\\\/\\\/transamerica93.com.br\\\/home\"],\"url\":\"https:\\\/\\\/transamerica93.com.br\\\/home\\\/author\\\/william\\\/\"}]}<\/script>\n<!-- \/ Yoast SEO plugin. -->","yoast_head_json":{"title":"Danni Suzuki diz que levou tapa na cara de diretor da Globo e que isso a fortaleceu - Transam\u00e9rica Mococa 93,3","robots":{"index":"index","follow":"follow","max-snippet":"max-snippet:-1","max-image-preview":"max-image-preview:large","max-video-preview":"max-video-preview:-1"},"canonical":"https:\/\/transamerica93.com.br\/home\/danni-suzuki-diz-que-levou-tapa-na-cara-de-diretor-da-globo-e-que-isso-a-fortaleceu\/","og_locale":"pt_BR","og_type":"article","og_title":"Danni Suzuki diz que levou tapa na cara de diretor da Globo e que isso a fortaleceu - Transam\u00e9rica Mococa 93,3","og_description":"Por Reda\u00e7\u00e3o E+ Danni Suzuki revelou ter sido v\u00edtima de uma agress\u00e3o f\u00edsica no in\u00edcio de sua carreira na TV. Em entrevista ao podcast\u00a0Papagaio Falante, a atriz, hoje com 47 anos, contou que levou um tapa no rosto do diretor Carlos Manga (1928-2015) durante sua passagem pelo seriado\u00a0Sandy &amp; J\u00fanior, exibido em 2002 pela TV &hellip;","og_url":"https:\/\/transamerica93.com.br\/home\/danni-suzuki-diz-que-levou-tapa-na-cara-de-diretor-da-globo-e-que-isso-a-fortaleceu\/","og_site_name":"Transam\u00e9rica Mococa 93,3","article_publisher":"https:\/\/www.facebook.com\/transamericamococa","article_published_time":"2025-02-21T21:00:13+00:00","og_image":[{"width":749,"height":497,"url":"https:\/\/transamerica93.com.br\/home\/wp-content\/uploads\/2025\/02\/Sem-titulo-8.png","type":"image\/png"}],"author":"Reda\u00e7\u00e3o","twitter_card":"summary_large_image","twitter_creator":"@transamerica933","twitter_site":"@transamerica933","twitter_misc":{"Escrito por":"Reda\u00e7\u00e3o","Est. tempo de leitura":"2 minutos"},"schema":{"@context":"https:\/\/schema.org","@graph":[{"@type":"Article","@id":"https:\/\/transamerica93.com.br\/home\/danni-suzuki-diz-que-levou-tapa-na-cara-de-diretor-da-globo-e-que-isso-a-fortaleceu\/#article","isPartOf":{"@id":"https:\/\/transamerica93.com.br\/home\/danni-suzuki-diz-que-levou-tapa-na-cara-de-diretor-da-globo-e-que-isso-a-fortaleceu\/"},"author":{"name":"Reda\u00e7\u00e3o","@id":"https:\/\/transamerica93.com.br\/home\/#\/schema\/person\/7fed7c99c0d4562efa8561bc0f543172"},"headline":"Danni Suzuki diz que levou tapa na cara de diretor da Globo e que isso a fortaleceu","datePublished":"2025-02-21T21:00:13+00:00","mainEntityOfPage":{"@id":"https:\/\/transamerica93.com.br\/home\/danni-suzuki-diz-que-levou-tapa-na-cara-de-diretor-da-globo-e-que-isso-a-fortaleceu\/"},"wordCount":265,"publisher":{"@id":"https:\/\/transamerica93.com.br\/home\/#organization"},"image":{"@id":"https:\/\/transamerica93.com.br\/home\/danni-suzuki-diz-que-levou-tapa-na-cara-de-diretor-da-globo-e-que-isso-a-fortaleceu\/#primaryimage"},"thumbnailUrl":"https:\/\/transamerica93.com.br\/home\/wp-content\/uploads\/2025\/02\/Sem-titulo-8.png","articleSection":["Entretenimento"],"inLanguage":"pt-BR"},{"@type":"WebPage","@id":"https:\/\/transamerica93.com.br\/home\/danni-suzuki-diz-que-levou-tapa-na-cara-de-diretor-da-globo-e-que-isso-a-fortaleceu\/","url":"https:\/\/transamerica93.com.br\/home\/danni-suzuki-diz-que-levou-tapa-na-cara-de-diretor-da-globo-e-que-isso-a-fortaleceu\/","name":"Danni Suzuki diz que levou tapa na cara de diretor da Globo e que isso a fortaleceu - Transam\u00e9rica Mococa 93,3","isPartOf":{"@id":"https:\/\/transamerica93.com.br\/home\/#website"},"primaryImageOfPage":{"@id":"https:\/\/transamerica93.com.br\/home\/danni-suzuki-diz-que-levou-tapa-na-cara-de-diretor-da-globo-e-que-isso-a-fortaleceu\/#primaryimage"},"image":{"@id":"https:\/\/transamerica93.com.br\/home\/danni-suzuki-diz-que-levou-tapa-na-cara-de-diretor-da-globo-e-que-isso-a-fortaleceu\/#primaryimage"},"thumbnailUrl":"https:\/\/transamerica93.com.br\/home\/wp-content\/uploads\/2025\/02\/Sem-titulo-8.png","datePublished":"2025-02-21T21:00:13+00:00","breadcrumb":{"@id":"https:\/\/transamerica93.com.br\/home\/danni-suzuki-diz-que-levou-tapa-na-cara-de-diretor-da-globo-e-que-isso-a-fortaleceu\/#breadcrumb"},"inLanguage":"pt-BR","potentialAction":[{"@type":"ReadAction","target":["https:\/\/transamerica93.com.br\/home\/danni-suzuki-diz-que-levou-tapa-na-cara-de-diretor-da-globo-e-que-isso-a-fortaleceu\/"]}]},{"@type":"ImageObject","inLanguage":"pt-BR","@id":"https:\/\/transamerica93.com.br\/home\/danni-suzuki-diz-que-levou-tapa-na-cara-de-diretor-da-globo-e-que-isso-a-fortaleceu\/#primaryimage","url":"https:\/\/transamerica93.com.br\/home\/wp-content\/uploads\/2025\/02\/Sem-titulo-8.png","contentUrl":"https:\/\/transamerica93.com.br\/home\/wp-content\/uploads\/2025\/02\/Sem-titulo-8.png","width":749,"height":497},{"@type":"BreadcrumbList","@id":"https:\/\/transamerica93.com.br\/home\/danni-suzuki-diz-que-levou-tapa-na-cara-de-diretor-da-globo-e-que-isso-a-fortaleceu\/#breadcrumb","itemListElement":[{"@type":"ListItem","position":1,"name":"In\u00edcio","item":"https:\/\/transamerica93.com.br\/home\/"},{"@type":"ListItem","position":2,"name":"Danni Suzuki diz que levou tapa na cara de diretor da Globo e que isso a fortaleceu"}]},{"@type":"WebSite","@id":"https:\/\/transamerica93.com.br\/home\/#website","url":"https:\/\/transamerica93.com.br\/home\/","name":"Transam\u00e9rica Mococa 93,3","description":"","publisher":{"@id":"https:\/\/transamerica93.com.br\/home\/#organization"},"potentialAction":[{"@type":"SearchAction","target":{"@type":"EntryPoint","urlTemplate":"https:\/\/transamerica93.com.br\/home\/?s={search_term_string}"},"query-input":{"@type":"PropertyValueSpecification","valueRequired":true,"valueName":"search_term_string"}}],"inLanguage":"pt-BR"},{"@type":"Organization","@id":"https:\/\/transamerica93.com.br\/home\/#organization","name":"Transam\u00e9rica Mococa 93,3","url":"https:\/\/transamerica93.com.br\/home\/","logo":{"@type":"ImageObject","inLanguage":"pt-BR","@id":"https:\/\/transamerica93.com.br\/home\/#\/schema\/logo\/image\/","url":"https:\/\/transamerica93.com.br\/home\/wp-content\/uploads\/2023\/10\/logo2.png","contentUrl":"https:\/\/transamerica93.com.br\/home\/wp-content\/uploads\/2023\/10\/logo2.png","width":800,"height":500,"caption":"Transam\u00e9rica Mococa 93,3"},"image":{"@id":"https:\/\/transamerica93.com.br\/home\/#\/schema\/logo\/image\/"},"sameAs":["https:\/\/www.facebook.com\/transamericamococa","https:\/\/x.com\/transamerica933","https:\/\/www.instagram.com\/transamericamococa"]},{"@type":"Person","@id":"https:\/\/transamerica93.com.br\/home\/#\/schema\/person\/7fed7c99c0d4562efa8561bc0f543172","name":"Reda\u00e7\u00e3o","image":{"@type":"ImageObject","inLanguage":"pt-BR","@id":"https:\/\/secure.gravatar.com\/avatar\/1072c6b775fb02ef8506ce967551d95926669a6b7d2c2147b42eea4d7c68395e?s=96&d=mm&r=g","url":"https:\/\/secure.gravatar.com\/avatar\/1072c6b775fb02ef8506ce967551d95926669a6b7d2c2147b42eea4d7c68395e?s=96&d=mm&r=g","contentUrl":"https:\/\/secure.gravatar.com\/avatar\/1072c6b775fb02ef8506ce967551d95926669a6b7d2c2147b42eea4d7c68395e?s=96&d=mm&r=g","caption":"Reda\u00e7\u00e3o"},"sameAs":["https:\/\/transamerica93.com.br\/home"],"url":"https:\/\/transamerica93.com.br\/home\/author\/william\/"}]}},"_links":{"self":[{"href":"https:\/\/transamerica93.com.br\/home\/wp-json\/wp\/v2\/posts\/4747","targetHints":{"allow":["GET"]}}],"collection":[{"href":"https:\/\/transamerica93.com.br\/home\/wp-json\/wp\/v2\/posts"}],"about":[{"href":"https:\/\/transamerica93.com.br\/home\/wp-json\/wp\/v2\/types\/post"}],"author":[{"embeddable":true,"href":"https:\/\/transamerica93.com.br\/home\/wp-json\/wp\/v2\/users\/1"}],"replies":[{"embeddable":true,"href":"https:\/\/transamerica93.com.br\/home\/wp-json\/wp\/v2\/comments?post=4747"}],"version-history":[{"count":1,"href":"https:\/\/transamerica93.com.br\/home\/wp-json\/wp\/v2\/posts\/4747\/revisions"}],"predecessor-version":[{"id":4749,"href":"https:\/\/transamerica93.com.br\/home\/wp-json\/wp\/v2\/posts\/4747\/revisions\/4749"}],"wp:featuredmedia":[{"embeddable":true,"href":"https:\/\/transamerica93.com.br\/home\/wp-json\/wp\/v2\/media\/4748"}],"wp:attachment":[{"href":"https:\/\/transamerica93.com.br\/home\/wp-json\/wp\/v2\/media?parent=4747"}],"wp:term":[{"taxonomy":"category","embeddable":true,"href":"https:\/\/transamerica93.com.br\/home\/wp-json\/wp\/v2\/categories?post=4747"},{"taxonomy":"post_tag","embeddable":true,"href":"https:\/\/transamerica93.com.br\/home\/wp-json\/wp\/v2\/tags?post=4747"}],"curies":[{"name":"wp","href":"https:\/\/api.w.org\/{rel}","templated":true}]}}