{"id":4757,"date":"2025-02-25T09:00:34","date_gmt":"2025-02-25T12:00:34","guid":{"rendered":"https:\/\/transamerica93.com.br\/home\/?p=4757"},"modified":"2025-02-23T06:22:52","modified_gmt":"2025-02-23T09:22:52","slug":"com-300-casos-por-100-mil-habitantes-sp-entra-em-epidemia-de-dengue","status":"publish","type":"post","link":"https:\/\/transamerica93.com.br\/home\/com-300-casos-por-100-mil-habitantes-sp-entra-em-epidemia-de-dengue\/","title":{"rendered":"Com 300 casos por 100 mil habitantes, SP entra em epidemia de dengue"},"content":{"rendered":"<div class=\"conteudo-noticia\">\n<p>O estado de S\u00e3o Paulo atingiu nesta sexta-feira (21)\u00a0o marco\u00a0de 300 casos de dengue para cada 100 mil habitantes, n\u00edvel considerado de\u00a0situa\u00e7\u00e3o de epidemia.<img decoding=\"async\" data-src=\"https:\/\/agenciabrasil.ebc.com.br\/ebc.png?id=1631502&amp;o=node\" src=\"data:image\/svg+xml;base64,PHN2ZyB3aWR0aD0iMSIgaGVpZ2h0PSIxIiB4bWxucz0iaHR0cDovL3d3dy53My5vcmcvMjAwMC9zdmciPjwvc3ZnPg==\" class=\"lazyload\" \/><img decoding=\"async\" data-src=\"https:\/\/agenciabrasil.ebc.com.br\/ebc.gif?id=1631502&amp;o=node\" src=\"data:image\/svg+xml;base64,PHN2ZyB3aWR0aD0iMSIgaGVpZ2h0PSIxIiB4bWxucz0iaHR0cDovL3d3dy53My5vcmcvMjAwMC9zdmciPjwvc3ZnPg==\" class=\"lazyload\" \/><\/p>\n<p>Foram\u00a0contabilizados 134 mil casos e 126 mortes\u00a0este ano. Outras 252 mortes est\u00e3o sob investiga\u00e7\u00e3o. O governo estadual decretou\u00a0<a href=\"https:\/\/agenciabrasil.ebc.com.br\/saude\/noticia\/2025-02\/sao-paulo-decreta-emergencia-em-saude-publica-por-causa-da-dengue\" target=\"_blank\" rel=\"noopener\">emerg\u00eancia sanit\u00e1ria no estado<\/a>\u00a0na \u00faltima quarta-feira (19).<\/p>\n<p>Em 2024, na compara\u00e7\u00e3o com o mesmo per\u00edodo deste ano (8\u00aa semana epidemiol\u00f3gica), foram registrados 198 mil casos e 159 \u00f3bitos, com\u00a0incid\u00eancia de 446,3 casos para 100 mil habitantes.<\/p>\n<h2>For\u00e7a-tarefa<\/h2>\n<p>A secretaria estadual de Sa\u00fade\u00a0realiza uma for\u00e7a-tarefa nas cidades com maior incid\u00eancia, e passar\u00e1\u00a0pelas regi\u00f5es de Bauru, Ara\u00e7atuba, Mar\u00edlia e S\u00e3o Jos\u00e9 do Rio Preto. As equipes\u00a0estiveram\u00a0hoje na cidade de Conchas, que\u00a0est\u00e1 entre os munic\u00edpios\u00a0com o maior n\u00famero de casos do estado, equivalente a\u00a09,9 mil casos para 100 mil habitantes.<\/p>\n<p>\u201cTrouxemos nossa equipe de vigil\u00e2ncia em sa\u00fade e epidemiol\u00f3gica para apoiar os servi\u00e7os municipais. Alinhamos com a aten\u00e7\u00e3o b\u00e1sica local o apoio necess\u00e1rio para as tendas de hidrata\u00e7\u00e3o e regula\u00e7\u00e3o de casos mais graves de pacientes\u201d, declarou a secret\u00e1ria-executiva da pasta, Priscilla Perdicaris.<\/p>\n<p>As a\u00e7\u00f5es s\u00e3o\u00a0voltadas para o combate ao mosquito transmissor\u00a0e alerta para a\u00a0popula\u00e7\u00e3o sobre situa\u00e7\u00f5es de risco.<\/p>\n<p>Na \u00faltima quinta-feira (20), representantes do\u00a0Minist\u00e9rio da Sa\u00fade foram a\u00a0S\u00e3o Jos\u00e9 do Rio Preto, onde a For\u00e7a Nacional do SUS atua h\u00e1 duas semanas com 27 profissionais.<\/p>\n<p>Outros dez m\u00e9dicos, 22 enfermeiros, 18 t\u00e9cnicos de enfermagem e quatro farmac\u00eauticos se unir\u00e3o ao grupo nos pr\u00f3ximos 15 dias e ir\u00e3o apoiar a rede de atendimento do munic\u00edpio.<\/p>\n<div class=\"noticias-relacionadas rel-position rowflex\">\n<div class=\"capa-noticia-relacionada\"><\/div>\n<\/div>\n<\/div>\n<div class=\"footer-noticia\">\n<div class=\"editor rowflex\">Edi\u00e7\u00e3o: Carolina Pimentel<\/div>\n<\/div>\n","protected":false},"excerpt":{"rendered":"<p>O estado de S\u00e3o Paulo atingiu nesta sexta-feira (21)\u00a0o marco\u00a0de 300 casos de dengue para cada 100 mil habitantes, n\u00edvel considerado de\u00a0situa\u00e7\u00e3o de epidemia. Foram\u00a0contabilizados 134 mil casos e 126 mortes\u00a0este ano. Outras 252 mortes est\u00e3o sob investiga\u00e7\u00e3o. O governo estadual decretou\u00a0emerg\u00eancia sanit\u00e1ria no estado\u00a0na \u00faltima quarta-feira (19). Em 2024, na compara\u00e7\u00e3o com o mesmo &hellip;<\/p>\n","protected":false},"author":1,"featured_media":4752,"comment_status":"closed","ping_status":"closed","sticky":false,"template":"","format":"standard","meta":{"footnotes":""},"categories":[30],"tags":[],"class_list":["post-4757","post","type-post","status-publish","format-standard","has-post-thumbnail","hentry","category-geral"],"yoast_head":"<!-- This site is optimized with the Yoast SEO plugin v27.4 - https:\/\/yoast.com\/product\/yoast-seo-wordpress\/ -->\n<title>Com 300 casos por 100 mil habitantes, SP entra em epidemia de dengue - Transam\u00e9rica Mococa 93,3<\/title>\n<meta name=\"robots\" content=\"index, follow, max-snippet:-1, max-image-preview:large, max-video-preview:-1\" \/>\n<link rel=\"canonical\" href=\"https:\/\/transamerica93.com.br\/home\/com-300-casos-por-100-mil-habitantes-sp-entra-em-epidemia-de-dengue\/\" \/>\n<meta property=\"og:locale\" content=\"pt_BR\" \/>\n<meta property=\"og:type\" content=\"article\" \/>\n<meta property=\"og:title\" content=\"Com 300 casos por 100 mil habitantes, SP entra em epidemia de dengue - Transam\u00e9rica Mococa 93,3\" \/>\n<meta property=\"og:description\" content=\"O estado de S\u00e3o Paulo atingiu nesta sexta-feira (21)\u00a0o marco\u00a0de 300 casos de dengue para cada 100 mil habitantes, n\u00edvel considerado de\u00a0situa\u00e7\u00e3o de epidemia. Foram\u00a0contabilizados 134 mil casos e 126 mortes\u00a0este ano. Outras 252 mortes est\u00e3o sob investiga\u00e7\u00e3o. O governo estadual decretou\u00a0emerg\u00eancia sanit\u00e1ria no estado\u00a0na \u00faltima quarta-feira (19). Em 2024, na compara\u00e7\u00e3o com o mesmo &hellip;\" \/>\n<meta property=\"og:url\" content=\"https:\/\/transamerica93.com.br\/home\/com-300-casos-por-100-mil-habitantes-sp-entra-em-epidemia-de-dengue\/\" \/>\n<meta property=\"og:site_name\" content=\"Transam\u00e9rica Mococa 93,3\" \/>\n<meta property=\"article:publisher\" content=\"https:\/\/www.facebook.com\/transamericamococa\" \/>\n<meta property=\"article:published_time\" content=\"2025-02-25T12:00:34+00:00\" \/>\n<meta property=\"og:image\" content=\"https:\/\/transamerica93.com.br\/home\/wp-content\/uploads\/2025\/02\/2-1.jpg\" \/>\n\t<meta property=\"og:image:width\" content=\"1170\" \/>\n\t<meta property=\"og:image:height\" content=\"700\" \/>\n\t<meta property=\"og:image:type\" content=\"image\/jpeg\" \/>\n<meta name=\"author\" content=\"Reda\u00e7\u00e3o\" \/>\n<meta name=\"twitter:card\" content=\"summary_large_image\" \/>\n<meta name=\"twitter:creator\" content=\"@transamerica933\" \/>\n<meta name=\"twitter:site\" content=\"@transamerica933\" \/>\n<meta name=\"twitter:label1\" content=\"Escrito por\" \/>\n\t<meta name=\"twitter:data1\" content=\"Reda\u00e7\u00e3o\" \/>\n\t<meta name=\"twitter:label2\" content=\"Est. tempo de leitura\" \/>\n\t<meta name=\"twitter:data2\" content=\"3 minutos\" \/>\n<script type=\"application\/ld+json\" class=\"yoast-schema-graph\">{\"@context\":\"https:\\\/\\\/schema.org\",\"@graph\":[{\"@type\":\"Article\",\"@id\":\"https:\\\/\\\/transamerica93.com.br\\\/home\\\/com-300-casos-por-100-mil-habitantes-sp-entra-em-epidemia-de-dengue\\\/#article\",\"isPartOf\":{\"@id\":\"https:\\\/\\\/transamerica93.com.br\\\/home\\\/com-300-casos-por-100-mil-habitantes-sp-entra-em-epidemia-de-dengue\\\/\"},\"author\":{\"name\":\"Reda\u00e7\u00e3o\",\"@id\":\"https:\\\/\\\/transamerica93.com.br\\\/home\\\/#\\\/schema\\\/person\\\/7fed7c99c0d4562efa8561bc0f543172\"},\"headline\":\"Com 300 casos por 100 mil habitantes, SP entra em epidemia de dengue\",\"datePublished\":\"2025-02-25T12:00:34+00:00\",\"mainEntityOfPage\":{\"@id\":\"https:\\\/\\\/transamerica93.com.br\\\/home\\\/com-300-casos-por-100-mil-habitantes-sp-entra-em-epidemia-de-dengue\\\/\"},\"wordCount\":304,\"publisher\":{\"@id\":\"https:\\\/\\\/transamerica93.com.br\\\/home\\\/#organization\"},\"image\":{\"@id\":\"https:\\\/\\\/transamerica93.com.br\\\/home\\\/com-300-casos-por-100-mil-habitantes-sp-entra-em-epidemia-de-dengue\\\/#primaryimage\"},\"thumbnailUrl\":\"https:\\\/\\\/transamerica93.com.br\\\/home\\\/wp-content\\\/uploads\\\/2025\\\/02\\\/2-1.jpg\",\"articleSection\":[\"Geral\"],\"inLanguage\":\"pt-BR\"},{\"@type\":\"WebPage\",\"@id\":\"https:\\\/\\\/transamerica93.com.br\\\/home\\\/com-300-casos-por-100-mil-habitantes-sp-entra-em-epidemia-de-dengue\\\/\",\"url\":\"https:\\\/\\\/transamerica93.com.br\\\/home\\\/com-300-casos-por-100-mil-habitantes-sp-entra-em-epidemia-de-dengue\\\/\",\"name\":\"Com 300 casos por 100 mil habitantes, SP entra em epidemia de dengue - Transam\u00e9rica Mococa 93,3\",\"isPartOf\":{\"@id\":\"https:\\\/\\\/transamerica93.com.br\\\/home\\\/#website\"},\"primaryImageOfPage\":{\"@id\":\"https:\\\/\\\/transamerica93.com.br\\\/home\\\/com-300-casos-por-100-mil-habitantes-sp-entra-em-epidemia-de-dengue\\\/#primaryimage\"},\"image\":{\"@id\":\"https:\\\/\\\/transamerica93.com.br\\\/home\\\/com-300-casos-por-100-mil-habitantes-sp-entra-em-epidemia-de-dengue\\\/#primaryimage\"},\"thumbnailUrl\":\"https:\\\/\\\/transamerica93.com.br\\\/home\\\/wp-content\\\/uploads\\\/2025\\\/02\\\/2-1.jpg\",\"datePublished\":\"2025-02-25T12:00:34+00:00\",\"breadcrumb\":{\"@id\":\"https:\\\/\\\/transamerica93.com.br\\\/home\\\/com-300-casos-por-100-mil-habitantes-sp-entra-em-epidemia-de-dengue\\\/#breadcrumb\"},\"inLanguage\":\"pt-BR\",\"potentialAction\":[{\"@type\":\"ReadAction\",\"target\":[\"https:\\\/\\\/transamerica93.com.br\\\/home\\\/com-300-casos-por-100-mil-habitantes-sp-entra-em-epidemia-de-dengue\\\/\"]}]},{\"@type\":\"ImageObject\",\"inLanguage\":\"pt-BR\",\"@id\":\"https:\\\/\\\/transamerica93.com.br\\\/home\\\/com-300-casos-por-100-mil-habitantes-sp-entra-em-epidemia-de-dengue\\\/#primaryimage\",\"url\":\"https:\\\/\\\/transamerica93.com.br\\\/home\\\/wp-content\\\/uploads\\\/2025\\\/02\\\/2-1.jpg\",\"contentUrl\":\"https:\\\/\\\/transamerica93.com.br\\\/home\\\/wp-content\\\/uploads\\\/2025\\\/02\\\/2-1.jpg\",\"width\":1170,\"height\":700,\"caption\":\"\u00a9 Fernando Fraz\u00e3o\\\/Ag\u00eancia Brasil\"},{\"@type\":\"BreadcrumbList\",\"@id\":\"https:\\\/\\\/transamerica93.com.br\\\/home\\\/com-300-casos-por-100-mil-habitantes-sp-entra-em-epidemia-de-dengue\\\/#breadcrumb\",\"itemListElement\":[{\"@type\":\"ListItem\",\"position\":1,\"name\":\"In\u00edcio\",\"item\":\"https:\\\/\\\/transamerica93.com.br\\\/home\\\/\"},{\"@type\":\"ListItem\",\"position\":2,\"name\":\"Com 300 casos por 100 mil habitantes, SP entra em epidemia de dengue\"}]},{\"@type\":\"WebSite\",\"@id\":\"https:\\\/\\\/transamerica93.com.br\\\/home\\\/#website\",\"url\":\"https:\\\/\\\/transamerica93.com.br\\\/home\\\/\",\"name\":\"Transam\u00e9rica Mococa 93,3\",\"description\":\"\",\"publisher\":{\"@id\":\"https:\\\/\\\/transamerica93.com.br\\\/home\\\/#organization\"},\"potentialAction\":[{\"@type\":\"SearchAction\",\"target\":{\"@type\":\"EntryPoint\",\"urlTemplate\":\"https:\\\/\\\/transamerica93.com.br\\\/home\\\/?s={search_term_string}\"},\"query-input\":{\"@type\":\"PropertyValueSpecification\",\"valueRequired\":true,\"valueName\":\"search_term_string\"}}],\"inLanguage\":\"pt-BR\"},{\"@type\":\"Organization\",\"@id\":\"https:\\\/\\\/transamerica93.com.br\\\/home\\\/#organization\",\"name\":\"Transam\u00e9rica Mococa 93,3\",\"url\":\"https:\\\/\\\/transamerica93.com.br\\\/home\\\/\",\"logo\":{\"@type\":\"ImageObject\",\"inLanguage\":\"pt-BR\",\"@id\":\"https:\\\/\\\/transamerica93.com.br\\\/home\\\/#\\\/schema\\\/logo\\\/image\\\/\",\"url\":\"https:\\\/\\\/transamerica93.com.br\\\/home\\\/wp-content\\\/uploads\\\/2023\\\/10\\\/logo2.png\",\"contentUrl\":\"https:\\\/\\\/transamerica93.com.br\\\/home\\\/wp-content\\\/uploads\\\/2023\\\/10\\\/logo2.png\",\"width\":800,\"height\":500,\"caption\":\"Transam\u00e9rica Mococa 93,3\"},\"image\":{\"@id\":\"https:\\\/\\\/transamerica93.com.br\\\/home\\\/#\\\/schema\\\/logo\\\/image\\\/\"},\"sameAs\":[\"https:\\\/\\\/www.facebook.com\\\/transamericamococa\",\"https:\\\/\\\/x.com\\\/transamerica933\",\"https:\\\/\\\/www.instagram.com\\\/transamericamococa\"]},{\"@type\":\"Person\",\"@id\":\"https:\\\/\\\/transamerica93.com.br\\\/home\\\/#\\\/schema\\\/person\\\/7fed7c99c0d4562efa8561bc0f543172\",\"name\":\"Reda\u00e7\u00e3o\",\"image\":{\"@type\":\"ImageObject\",\"inLanguage\":\"pt-BR\",\"@id\":\"https:\\\/\\\/secure.gravatar.com\\\/avatar\\\/1072c6b775fb02ef8506ce967551d95926669a6b7d2c2147b42eea4d7c68395e?s=96&d=mm&r=g\",\"url\":\"https:\\\/\\\/secure.gravatar.com\\\/avatar\\\/1072c6b775fb02ef8506ce967551d95926669a6b7d2c2147b42eea4d7c68395e?s=96&d=mm&r=g\",\"contentUrl\":\"https:\\\/\\\/secure.gravatar.com\\\/avatar\\\/1072c6b775fb02ef8506ce967551d95926669a6b7d2c2147b42eea4d7c68395e?s=96&d=mm&r=g\",\"caption\":\"Reda\u00e7\u00e3o\"},\"sameAs\":[\"https:\\\/\\\/transamerica93.com.br\\\/home\"],\"url\":\"https:\\\/\\\/transamerica93.com.br\\\/home\\\/author\\\/william\\\/\"}]}<\/script>\n<!-- \/ Yoast SEO plugin. -->","yoast_head_json":{"title":"Com 300 casos por 100 mil habitantes, SP entra em epidemia de dengue - Transam\u00e9rica Mococa 93,3","robots":{"index":"index","follow":"follow","max-snippet":"max-snippet:-1","max-image-preview":"max-image-preview:large","max-video-preview":"max-video-preview:-1"},"canonical":"https:\/\/transamerica93.com.br\/home\/com-300-casos-por-100-mil-habitantes-sp-entra-em-epidemia-de-dengue\/","og_locale":"pt_BR","og_type":"article","og_title":"Com 300 casos por 100 mil habitantes, SP entra em epidemia de dengue - Transam\u00e9rica Mococa 93,3","og_description":"O estado de S\u00e3o Paulo atingiu nesta sexta-feira (21)\u00a0o marco\u00a0de 300 casos de dengue para cada 100 mil habitantes, n\u00edvel considerado de\u00a0situa\u00e7\u00e3o de epidemia. Foram\u00a0contabilizados 134 mil casos e 126 mortes\u00a0este ano. Outras 252 mortes est\u00e3o sob investiga\u00e7\u00e3o. O governo estadual decretou\u00a0emerg\u00eancia sanit\u00e1ria no estado\u00a0na \u00faltima quarta-feira (19). Em 2024, na compara\u00e7\u00e3o com o mesmo &hellip;","og_url":"https:\/\/transamerica93.com.br\/home\/com-300-casos-por-100-mil-habitantes-sp-entra-em-epidemia-de-dengue\/","og_site_name":"Transam\u00e9rica Mococa 93,3","article_publisher":"https:\/\/www.facebook.com\/transamericamococa","article_published_time":"2025-02-25T12:00:34+00:00","og_image":[{"width":1170,"height":700,"url":"https:\/\/transamerica93.com.br\/home\/wp-content\/uploads\/2025\/02\/2-1.jpg","type":"image\/jpeg"}],"author":"Reda\u00e7\u00e3o","twitter_card":"summary_large_image","twitter_creator":"@transamerica933","twitter_site":"@transamerica933","twitter_misc":{"Escrito por":"Reda\u00e7\u00e3o","Est. tempo de leitura":"3 minutos"},"schema":{"@context":"https:\/\/schema.org","@graph":[{"@type":"Article","@id":"https:\/\/transamerica93.com.br\/home\/com-300-casos-por-100-mil-habitantes-sp-entra-em-epidemia-de-dengue\/#article","isPartOf":{"@id":"https:\/\/transamerica93.com.br\/home\/com-300-casos-por-100-mil-habitantes-sp-entra-em-epidemia-de-dengue\/"},"author":{"name":"Reda\u00e7\u00e3o","@id":"https:\/\/transamerica93.com.br\/home\/#\/schema\/person\/7fed7c99c0d4562efa8561bc0f543172"},"headline":"Com 300 casos por 100 mil habitantes, SP entra em epidemia de dengue","datePublished":"2025-02-25T12:00:34+00:00","mainEntityOfPage":{"@id":"https:\/\/transamerica93.com.br\/home\/com-300-casos-por-100-mil-habitantes-sp-entra-em-epidemia-de-dengue\/"},"wordCount":304,"publisher":{"@id":"https:\/\/transamerica93.com.br\/home\/#organization"},"image":{"@id":"https:\/\/transamerica93.com.br\/home\/com-300-casos-por-100-mil-habitantes-sp-entra-em-epidemia-de-dengue\/#primaryimage"},"thumbnailUrl":"https:\/\/transamerica93.com.br\/home\/wp-content\/uploads\/2025\/02\/2-1.jpg","articleSection":["Geral"],"inLanguage":"pt-BR"},{"@type":"WebPage","@id":"https:\/\/transamerica93.com.br\/home\/com-300-casos-por-100-mil-habitantes-sp-entra-em-epidemia-de-dengue\/","url":"https:\/\/transamerica93.com.br\/home\/com-300-casos-por-100-mil-habitantes-sp-entra-em-epidemia-de-dengue\/","name":"Com 300 casos por 100 mil habitantes, SP entra em epidemia de dengue - Transam\u00e9rica Mococa 93,3","isPartOf":{"@id":"https:\/\/transamerica93.com.br\/home\/#website"},"primaryImageOfPage":{"@id":"https:\/\/transamerica93.com.br\/home\/com-300-casos-por-100-mil-habitantes-sp-entra-em-epidemia-de-dengue\/#primaryimage"},"image":{"@id":"https:\/\/transamerica93.com.br\/home\/com-300-casos-por-100-mil-habitantes-sp-entra-em-epidemia-de-dengue\/#primaryimage"},"thumbnailUrl":"https:\/\/transamerica93.com.br\/home\/wp-content\/uploads\/2025\/02\/2-1.jpg","datePublished":"2025-02-25T12:00:34+00:00","breadcrumb":{"@id":"https:\/\/transamerica93.com.br\/home\/com-300-casos-por-100-mil-habitantes-sp-entra-em-epidemia-de-dengue\/#breadcrumb"},"inLanguage":"pt-BR","potentialAction":[{"@type":"ReadAction","target":["https:\/\/transamerica93.com.br\/home\/com-300-casos-por-100-mil-habitantes-sp-entra-em-epidemia-de-dengue\/"]}]},{"@type":"ImageObject","inLanguage":"pt-BR","@id":"https:\/\/transamerica93.com.br\/home\/com-300-casos-por-100-mil-habitantes-sp-entra-em-epidemia-de-dengue\/#primaryimage","url":"https:\/\/transamerica93.com.br\/home\/wp-content\/uploads\/2025\/02\/2-1.jpg","contentUrl":"https:\/\/transamerica93.com.br\/home\/wp-content\/uploads\/2025\/02\/2-1.jpg","width":1170,"height":700,"caption":"\u00a9 Fernando Fraz\u00e3o\/Ag\u00eancia Brasil"},{"@type":"BreadcrumbList","@id":"https:\/\/transamerica93.com.br\/home\/com-300-casos-por-100-mil-habitantes-sp-entra-em-epidemia-de-dengue\/#breadcrumb","itemListElement":[{"@type":"ListItem","position":1,"name":"In\u00edcio","item":"https:\/\/transamerica93.com.br\/home\/"},{"@type":"ListItem","position":2,"name":"Com 300 casos por 100 mil habitantes, SP entra em epidemia de dengue"}]},{"@type":"WebSite","@id":"https:\/\/transamerica93.com.br\/home\/#website","url":"https:\/\/transamerica93.com.br\/home\/","name":"Transam\u00e9rica Mococa 93,3","description":"","publisher":{"@id":"https:\/\/transamerica93.com.br\/home\/#organization"},"potentialAction":[{"@type":"SearchAction","target":{"@type":"EntryPoint","urlTemplate":"https:\/\/transamerica93.com.br\/home\/?s={search_term_string}"},"query-input":{"@type":"PropertyValueSpecification","valueRequired":true,"valueName":"search_term_string"}}],"inLanguage":"pt-BR"},{"@type":"Organization","@id":"https:\/\/transamerica93.com.br\/home\/#organization","name":"Transam\u00e9rica Mococa 93,3","url":"https:\/\/transamerica93.com.br\/home\/","logo":{"@type":"ImageObject","inLanguage":"pt-BR","@id":"https:\/\/transamerica93.com.br\/home\/#\/schema\/logo\/image\/","url":"https:\/\/transamerica93.com.br\/home\/wp-content\/uploads\/2023\/10\/logo2.png","contentUrl":"https:\/\/transamerica93.com.br\/home\/wp-content\/uploads\/2023\/10\/logo2.png","width":800,"height":500,"caption":"Transam\u00e9rica Mococa 93,3"},"image":{"@id":"https:\/\/transamerica93.com.br\/home\/#\/schema\/logo\/image\/"},"sameAs":["https:\/\/www.facebook.com\/transamericamococa","https:\/\/x.com\/transamerica933","https:\/\/www.instagram.com\/transamericamococa"]},{"@type":"Person","@id":"https:\/\/transamerica93.com.br\/home\/#\/schema\/person\/7fed7c99c0d4562efa8561bc0f543172","name":"Reda\u00e7\u00e3o","image":{"@type":"ImageObject","inLanguage":"pt-BR","@id":"https:\/\/secure.gravatar.com\/avatar\/1072c6b775fb02ef8506ce967551d95926669a6b7d2c2147b42eea4d7c68395e?s=96&d=mm&r=g","url":"https:\/\/secure.gravatar.com\/avatar\/1072c6b775fb02ef8506ce967551d95926669a6b7d2c2147b42eea4d7c68395e?s=96&d=mm&r=g","contentUrl":"https:\/\/secure.gravatar.com\/avatar\/1072c6b775fb02ef8506ce967551d95926669a6b7d2c2147b42eea4d7c68395e?s=96&d=mm&r=g","caption":"Reda\u00e7\u00e3o"},"sameAs":["https:\/\/transamerica93.com.br\/home"],"url":"https:\/\/transamerica93.com.br\/home\/author\/william\/"}]}},"_links":{"self":[{"href":"https:\/\/transamerica93.com.br\/home\/wp-json\/wp\/v2\/posts\/4757","targetHints":{"allow":["GET"]}}],"collection":[{"href":"https:\/\/transamerica93.com.br\/home\/wp-json\/wp\/v2\/posts"}],"about":[{"href":"https:\/\/transamerica93.com.br\/home\/wp-json\/wp\/v2\/types\/post"}],"author":[{"embeddable":true,"href":"https:\/\/transamerica93.com.br\/home\/wp-json\/wp\/v2\/users\/1"}],"replies":[{"embeddable":true,"href":"https:\/\/transamerica93.com.br\/home\/wp-json\/wp\/v2\/comments?post=4757"}],"version-history":[{"count":1,"href":"https:\/\/transamerica93.com.br\/home\/wp-json\/wp\/v2\/posts\/4757\/revisions"}],"predecessor-version":[{"id":4758,"href":"https:\/\/transamerica93.com.br\/home\/wp-json\/wp\/v2\/posts\/4757\/revisions\/4758"}],"wp:featuredmedia":[{"embeddable":true,"href":"https:\/\/transamerica93.com.br\/home\/wp-json\/wp\/v2\/media\/4752"}],"wp:attachment":[{"href":"https:\/\/transamerica93.com.br\/home\/wp-json\/wp\/v2\/media?parent=4757"}],"wp:term":[{"taxonomy":"category","embeddable":true,"href":"https:\/\/transamerica93.com.br\/home\/wp-json\/wp\/v2\/categories?post=4757"},{"taxonomy":"post_tag","embeddable":true,"href":"https:\/\/transamerica93.com.br\/home\/wp-json\/wp\/v2\/tags?post=4757"}],"curies":[{"name":"wp","href":"https:\/\/api.w.org\/{rel}","templated":true}]}}