{"id":4761,"date":"2025-02-27T09:00:26","date_gmt":"2025-02-27T12:00:26","guid":{"rendered":"https:\/\/transamerica93.com.br\/home\/?p=4761"},"modified":"2025-02-23T06:25:41","modified_gmt":"2025-02-23T09:25:41","slug":"fila-do-inss-cresceu-466-durante-greve-do-orgao","status":"publish","type":"post","link":"https:\/\/transamerica93.com.br\/home\/fila-do-inss-cresceu-466-durante-greve-do-orgao\/","title":{"rendered":"Fila do INSS cresceu 46,6% durante greve do \u00f3rg\u00e3o"},"content":{"rendered":"<div class=\"conteudo-noticia\">\n<p>A fila de pedidos de benef\u00edcios do Instituto Nacional do Seguro Social (INSS) cresceu 46,6% durante a greve de 114 dias do \u00f3rg\u00e3o, entre julho e novembro do ano passado. Apesar da alta, tanto o n\u00famero de pedidos pendentes como o tempo m\u00e9dio de espera continuam mais baixos que no governo anterior, nos crit\u00e9rios atualizados.<img decoding=\"async\" data-src=\"https:\/\/agenciabrasil.ebc.com.br\/ebc.png?id=1631533&amp;o=node\" src=\"data:image\/svg+xml;base64,PHN2ZyB3aWR0aD0iMSIgaGVpZ2h0PSIxIiB4bWxucz0iaHR0cDovL3d3dy53My5vcmcvMjAwMC9zdmciPjwvc3ZnPg==\" class=\"lazyload\" \/><img decoding=\"async\" data-src=\"https:\/\/agenciabrasil.ebc.com.br\/ebc.gif?id=1631533&amp;o=node\" src=\"data:image\/svg+xml;base64,PHN2ZyB3aWR0aD0iMSIgaGVpZ2h0PSIxIiB4bWxucz0iaHR0cDovL3d3dy53My5vcmcvMjAwMC9zdmciPjwvc3ZnPg==\" class=\"lazyload\" \/><\/p>\n<p>Segundo o\u00a0<a href=\"https:\/\/www.gov.br\/inss\/pt-br\/portal-de-transparencia\" target=\"_blank\" rel=\"noopener\">Portal da Transpar\u00eancia Previdenci\u00e1ria<\/a>, no fim de novembro havia 1.985.090 pedidos de concess\u00e3o de benef\u00edcios no INSS. No fim de junho, m\u00eas anterior ao in\u00edcio da greve, havia 1.353.910 requerimentos em an\u00e1lise. Os dados de dezembro ser\u00e3o publicados nos pr\u00f3ximos dias.<\/p>\n<p>O tempo m\u00e9dio l\u00edquido de concess\u00e3o do benef\u00edcio subiu de 34 dias no fim de junho para 39 dias no fim de novembro. Se considerar o tempo em que o pedido ficou \u201cem exig\u00eancia com o segurado\u201d, per\u00edodo em que o requerente leva para responder a pedidos de informa\u00e7\u00f5es e atender exig\u00eancias complementares do INSS, o tempo m\u00e9dio bruto de concess\u00e3o aumentou de 36 dias no fim de junho para 43 dias no fim de novembro.<\/p>\n<p>Durante toda a greve, o prazo legal de 45 dias de tempo m\u00e9dio para a concess\u00e3o do benef\u00edcio foi respeitado. Em dezembro de 2022, o intervalo estava em 76 dias no tempo m\u00e9dio l\u00edquido e 79 dias no tempo m\u00e9dio bruto.<\/p>\n<p>Em rela\u00e7\u00e3o ao n\u00famero de requerentes, o INSS tamb\u00e9m informa ter havido diminui\u00e7\u00e3o. Segundo o \u00f3rg\u00e3o, em dezembro de 2022, a fila chegava a 3 milh\u00f5es de pedidos, se incluir os pedidos de per\u00edcia m\u00e9dica, n\u00e3o registrados na mesma fila no governo anterior, e uma \u201cgaveta digital\u201d com 223 mil pedidos escondidos, s\u00f3 descoberta no atual governo.<\/p>\n<p>\u201cO Minist\u00e9rio da Previd\u00eancia Social e o Instituto Nacional do Seguro Social esclarecem que, na fila do governo anterior, n\u00e3o havia o total de pessoas que aguardavam per\u00edcia m\u00e9dica. Atualmente \u00e9 levado em conta na mesma fila o n\u00famero de pedidos de per\u00edcia m\u00e9dica e os requerimentos de benef\u00edcios. Portanto, n\u00e3o h\u00e1 como estabelecer compara\u00e7\u00e3o entre o governo passado e o atual [em n\u00fameros oficiais]. Os par\u00e2metros s\u00e3o diferentes\u201d, destacaram o minist\u00e9rio e o INSS em nota conjunta.<\/p>\n<p>A conta considera tanto os benef\u00edcios previdenci\u00e1rios (aposentadorias, pens\u00f5es e benef\u00edcios por incapacidade), como benef\u00edcios assistenciais fora da Previd\u00eancia Social, mas operados pelo INSS, como o Benef\u00edcio de Presta\u00e7\u00e3o Continuada (BPC).<\/p>\n<h2>Fluxo maior<\/h2>\n<p>Al\u00e9m da greve, ressaltou o comunicado, o INSS registra o aumento no fluxo de pedidos de benef\u00edcios. Segundo o \u00f3rg\u00e3o, a m\u00e9dia mensal de requerimentos de benef\u00edcios saltou de 700 mil por m\u00eas no fim de 2022 para 1,4 milh\u00e3o atualmente.<\/p>\n<p>Outros desafios citados pela pasta s\u00e3o a greve dos m\u00e9dicos peritos, em andamento desde outubro; a parada de sistemas em 2024, que resultou no ac\u00famulo de 1 milh\u00e3o de processos; e a n\u00e3o aprova\u00e7\u00e3o do Or\u00e7amento de 2025, que trava a\u00e7\u00f5es mais efetivas de controle da fila.<\/p>\n<h2>A\u00e7\u00f5es<\/h2>\n<p>A nota conjunta tamb\u00e9m listou as a\u00e7\u00f5es tomadas para controlar a fila. Em rela\u00e7\u00e3o ao quadro de funcion\u00e1rios, o INSS e o Minist\u00e9rio da Previd\u00eancia Social destacaram a nomea\u00e7\u00e3o de 1.276 aprovados no concurso de 2022, a convoca\u00e7\u00e3o de mais 353 concursados para fazer o curso de forma\u00e7\u00e3o em 2025 e a destina\u00e7\u00e3o de 500 servidores para acertos p\u00f3s-per\u00edcia e an\u00e1lises administrativas neste ano.<\/p>\n<p>Os dois \u00f3rg\u00e3os tamb\u00e9m citam o remanejamento de 2,1 mil servidores que monitoravam pedidos de penhora de parte dos benef\u00edcios do INSS. No fim de 2023, o Superior Tribunal de Justi\u00e7a (STJ) decidiu que os dados do sistema PrevJud, criado para agilizar o cumprimento de decis\u00f5es judiciais pelo INSS, podem ser compartilhados para a penhora.<\/p>\n<p>Embora a Constitui\u00e7\u00e3o pro\u00edba a penhora de aposentadorias e pens\u00f5es, o entendimento jur\u00eddico sobre o tema mudou nos \u00faltimos anos. Atualmente, senten\u00e7as judiciais autorizam a penhora de 10% as 40% dos benef\u00edcios do INSS para quitar d\u00edvidas dos segurados, sob o argumento de que a Constitui\u00e7\u00e3o pro\u00edbe apenas a penhora do total da renda previdenci\u00e1ria.<\/p>\n<p>A nota conjunta cita ainda mutir\u00f5es de atendimento; a reformula\u00e7\u00e3o do Atestmed (ferramenta de per\u00edcias m\u00e9dicas on-line) para afastamentos de at\u00e9 180 dias; o Programa de Enfrentamento \u00e0 Fila da Previd\u00eancia Social (PEFPS); e a simplifica\u00e7\u00e3o da an\u00e1lise dos benef\u00edcios por incapacidade tempor\u00e1ria (antigo aux\u00edlio-doen\u00e7a), que resultou em 800 mil processos avaliados no segundo semestre do ano passado.<\/p>\n<p>O INSS tamb\u00e9m divulgou dados atualizados da revis\u00e3o de benef\u00edcios por incapacidade tempor\u00e1ria. Segundo o \u00f3rg\u00e3o, foram realizadas 684.262 per\u00edcias de revis\u00e3o de julho a dezembro, que resultaram na interrup\u00e7\u00e3o de 356.422 benef\u00edcios. O processo de revis\u00e3o continua em 2025.<\/p>\n<p>&nbsp;<\/p>\n<\/div>\n<div class=\"footer-noticia\">\n<div class=\"editor rowflex\">Edi\u00e7\u00e3o: Aline Leal<\/div>\n<\/div>\n","protected":false},"excerpt":{"rendered":"<p>A fila de pedidos de benef\u00edcios do Instituto Nacional do Seguro Social (INSS) cresceu 46,6% durante a greve de 114 dias do \u00f3rg\u00e3o, entre julho e novembro do ano passado. Apesar da alta, tanto o n\u00famero de pedidos pendentes como o tempo m\u00e9dio de espera continuam mais baixos que no governo anterior, nos crit\u00e9rios atualizados. &hellip;<\/p>\n","protected":false},"author":1,"featured_media":4754,"comment_status":"closed","ping_status":"closed","sticky":false,"template":"","format":"standard","meta":{"footnotes":""},"categories":[30],"tags":[],"class_list":["post-4761","post","type-post","status-publish","format-standard","has-post-thumbnail","hentry","category-geral"],"yoast_head":"<!-- This site is optimized with the Yoast SEO plugin v27.4 - https:\/\/yoast.com\/product\/yoast-seo-wordpress\/ -->\n<title>Fila do INSS cresceu 46,6% durante greve do \u00f3rg\u00e3o - Transam\u00e9rica Mococa 93,3<\/title>\n<meta name=\"robots\" content=\"index, follow, max-snippet:-1, max-image-preview:large, max-video-preview:-1\" \/>\n<link rel=\"canonical\" href=\"https:\/\/transamerica93.com.br\/home\/fila-do-inss-cresceu-466-durante-greve-do-orgao\/\" \/>\n<meta property=\"og:locale\" content=\"pt_BR\" \/>\n<meta property=\"og:type\" content=\"article\" \/>\n<meta property=\"og:title\" content=\"Fila do INSS cresceu 46,6% durante greve do \u00f3rg\u00e3o - Transam\u00e9rica Mococa 93,3\" \/>\n<meta property=\"og:description\" content=\"A fila de pedidos de benef\u00edcios do Instituto Nacional do Seguro Social (INSS) cresceu 46,6% durante a greve de 114 dias do \u00f3rg\u00e3o, entre julho e novembro do ano passado. Apesar da alta, tanto o n\u00famero de pedidos pendentes como o tempo m\u00e9dio de espera continuam mais baixos que no governo anterior, nos crit\u00e9rios atualizados. &hellip;\" \/>\n<meta property=\"og:url\" content=\"https:\/\/transamerica93.com.br\/home\/fila-do-inss-cresceu-466-durante-greve-do-orgao\/\" \/>\n<meta property=\"og:site_name\" content=\"Transam\u00e9rica Mococa 93,3\" \/>\n<meta property=\"article:publisher\" content=\"https:\/\/www.facebook.com\/transamericamococa\" \/>\n<meta property=\"article:published_time\" content=\"2025-02-27T12:00:26+00:00\" \/>\n<meta property=\"og:image\" content=\"https:\/\/transamerica93.com.br\/home\/wp-content\/uploads\/2025\/02\/4-1.jpg\" \/>\n\t<meta property=\"og:image:width\" content=\"1170\" \/>\n\t<meta property=\"og:image:height\" content=\"700\" \/>\n\t<meta property=\"og:image:type\" content=\"image\/jpeg\" \/>\n<meta name=\"author\" content=\"Reda\u00e7\u00e3o\" \/>\n<meta name=\"twitter:card\" content=\"summary_large_image\" \/>\n<meta name=\"twitter:creator\" content=\"@transamerica933\" \/>\n<meta name=\"twitter:site\" content=\"@transamerica933\" \/>\n<meta name=\"twitter:label1\" content=\"Escrito por\" \/>\n\t<meta name=\"twitter:data1\" content=\"Reda\u00e7\u00e3o\" \/>\n\t<meta name=\"twitter:label2\" content=\"Est. tempo de leitura\" \/>\n\t<meta name=\"twitter:data2\" content=\"5 minutos\" \/>\n<script type=\"application\/ld+json\" class=\"yoast-schema-graph\">{\"@context\":\"https:\\\/\\\/schema.org\",\"@graph\":[{\"@type\":\"Article\",\"@id\":\"https:\\\/\\\/transamerica93.com.br\\\/home\\\/fila-do-inss-cresceu-466-durante-greve-do-orgao\\\/#article\",\"isPartOf\":{\"@id\":\"https:\\\/\\\/transamerica93.com.br\\\/home\\\/fila-do-inss-cresceu-466-durante-greve-do-orgao\\\/\"},\"author\":{\"name\":\"Reda\u00e7\u00e3o\",\"@id\":\"https:\\\/\\\/transamerica93.com.br\\\/home\\\/#\\\/schema\\\/person\\\/7fed7c99c0d4562efa8561bc0f543172\"},\"headline\":\"Fila do INSS cresceu 46,6% durante greve do \u00f3rg\u00e3o\",\"datePublished\":\"2025-02-27T12:00:26+00:00\",\"mainEntityOfPage\":{\"@id\":\"https:\\\/\\\/transamerica93.com.br\\\/home\\\/fila-do-inss-cresceu-466-durante-greve-do-orgao\\\/\"},\"wordCount\":848,\"publisher\":{\"@id\":\"https:\\\/\\\/transamerica93.com.br\\\/home\\\/#organization\"},\"image\":{\"@id\":\"https:\\\/\\\/transamerica93.com.br\\\/home\\\/fila-do-inss-cresceu-466-durante-greve-do-orgao\\\/#primaryimage\"},\"thumbnailUrl\":\"https:\\\/\\\/transamerica93.com.br\\\/home\\\/wp-content\\\/uploads\\\/2025\\\/02\\\/4-1.jpg\",\"articleSection\":[\"Geral\"],\"inLanguage\":\"pt-BR\"},{\"@type\":\"WebPage\",\"@id\":\"https:\\\/\\\/transamerica93.com.br\\\/home\\\/fila-do-inss-cresceu-466-durante-greve-do-orgao\\\/\",\"url\":\"https:\\\/\\\/transamerica93.com.br\\\/home\\\/fila-do-inss-cresceu-466-durante-greve-do-orgao\\\/\",\"name\":\"Fila do INSS cresceu 46,6% durante greve do \u00f3rg\u00e3o - Transam\u00e9rica Mococa 93,3\",\"isPartOf\":{\"@id\":\"https:\\\/\\\/transamerica93.com.br\\\/home\\\/#website\"},\"primaryImageOfPage\":{\"@id\":\"https:\\\/\\\/transamerica93.com.br\\\/home\\\/fila-do-inss-cresceu-466-durante-greve-do-orgao\\\/#primaryimage\"},\"image\":{\"@id\":\"https:\\\/\\\/transamerica93.com.br\\\/home\\\/fila-do-inss-cresceu-466-durante-greve-do-orgao\\\/#primaryimage\"},\"thumbnailUrl\":\"https:\\\/\\\/transamerica93.com.br\\\/home\\\/wp-content\\\/uploads\\\/2025\\\/02\\\/4-1.jpg\",\"datePublished\":\"2025-02-27T12:00:26+00:00\",\"breadcrumb\":{\"@id\":\"https:\\\/\\\/transamerica93.com.br\\\/home\\\/fila-do-inss-cresceu-466-durante-greve-do-orgao\\\/#breadcrumb\"},\"inLanguage\":\"pt-BR\",\"potentialAction\":[{\"@type\":\"ReadAction\",\"target\":[\"https:\\\/\\\/transamerica93.com.br\\\/home\\\/fila-do-inss-cresceu-466-durante-greve-do-orgao\\\/\"]}]},{\"@type\":\"ImageObject\",\"inLanguage\":\"pt-BR\",\"@id\":\"https:\\\/\\\/transamerica93.com.br\\\/home\\\/fila-do-inss-cresceu-466-durante-greve-do-orgao\\\/#primaryimage\",\"url\":\"https:\\\/\\\/transamerica93.com.br\\\/home\\\/wp-content\\\/uploads\\\/2025\\\/02\\\/4-1.jpg\",\"contentUrl\":\"https:\\\/\\\/transamerica93.com.br\\\/home\\\/wp-content\\\/uploads\\\/2025\\\/02\\\/4-1.jpg\",\"width\":1170,\"height\":700,\"caption\":\"\u00a9 Jos\u00e9 Cruz\\\/Ag\u00eancia Brasil\"},{\"@type\":\"BreadcrumbList\",\"@id\":\"https:\\\/\\\/transamerica93.com.br\\\/home\\\/fila-do-inss-cresceu-466-durante-greve-do-orgao\\\/#breadcrumb\",\"itemListElement\":[{\"@type\":\"ListItem\",\"position\":1,\"name\":\"In\u00edcio\",\"item\":\"https:\\\/\\\/transamerica93.com.br\\\/home\\\/\"},{\"@type\":\"ListItem\",\"position\":2,\"name\":\"Fila do INSS cresceu 46,6% durante greve do \u00f3rg\u00e3o\"}]},{\"@type\":\"WebSite\",\"@id\":\"https:\\\/\\\/transamerica93.com.br\\\/home\\\/#website\",\"url\":\"https:\\\/\\\/transamerica93.com.br\\\/home\\\/\",\"name\":\"Transam\u00e9rica Mococa 93,3\",\"description\":\"\",\"publisher\":{\"@id\":\"https:\\\/\\\/transamerica93.com.br\\\/home\\\/#organization\"},\"potentialAction\":[{\"@type\":\"SearchAction\",\"target\":{\"@type\":\"EntryPoint\",\"urlTemplate\":\"https:\\\/\\\/transamerica93.com.br\\\/home\\\/?s={search_term_string}\"},\"query-input\":{\"@type\":\"PropertyValueSpecification\",\"valueRequired\":true,\"valueName\":\"search_term_string\"}}],\"inLanguage\":\"pt-BR\"},{\"@type\":\"Organization\",\"@id\":\"https:\\\/\\\/transamerica93.com.br\\\/home\\\/#organization\",\"name\":\"Transam\u00e9rica Mococa 93,3\",\"url\":\"https:\\\/\\\/transamerica93.com.br\\\/home\\\/\",\"logo\":{\"@type\":\"ImageObject\",\"inLanguage\":\"pt-BR\",\"@id\":\"https:\\\/\\\/transamerica93.com.br\\\/home\\\/#\\\/schema\\\/logo\\\/image\\\/\",\"url\":\"https:\\\/\\\/transamerica93.com.br\\\/home\\\/wp-content\\\/uploads\\\/2023\\\/10\\\/logo2.png\",\"contentUrl\":\"https:\\\/\\\/transamerica93.com.br\\\/home\\\/wp-content\\\/uploads\\\/2023\\\/10\\\/logo2.png\",\"width\":800,\"height\":500,\"caption\":\"Transam\u00e9rica Mococa 93,3\"},\"image\":{\"@id\":\"https:\\\/\\\/transamerica93.com.br\\\/home\\\/#\\\/schema\\\/logo\\\/image\\\/\"},\"sameAs\":[\"https:\\\/\\\/www.facebook.com\\\/transamericamococa\",\"https:\\\/\\\/x.com\\\/transamerica933\",\"https:\\\/\\\/www.instagram.com\\\/transamericamococa\"]},{\"@type\":\"Person\",\"@id\":\"https:\\\/\\\/transamerica93.com.br\\\/home\\\/#\\\/schema\\\/person\\\/7fed7c99c0d4562efa8561bc0f543172\",\"name\":\"Reda\u00e7\u00e3o\",\"image\":{\"@type\":\"ImageObject\",\"inLanguage\":\"pt-BR\",\"@id\":\"https:\\\/\\\/secure.gravatar.com\\\/avatar\\\/1072c6b775fb02ef8506ce967551d95926669a6b7d2c2147b42eea4d7c68395e?s=96&d=mm&r=g\",\"url\":\"https:\\\/\\\/secure.gravatar.com\\\/avatar\\\/1072c6b775fb02ef8506ce967551d95926669a6b7d2c2147b42eea4d7c68395e?s=96&d=mm&r=g\",\"contentUrl\":\"https:\\\/\\\/secure.gravatar.com\\\/avatar\\\/1072c6b775fb02ef8506ce967551d95926669a6b7d2c2147b42eea4d7c68395e?s=96&d=mm&r=g\",\"caption\":\"Reda\u00e7\u00e3o\"},\"sameAs\":[\"https:\\\/\\\/transamerica93.com.br\\\/home\"],\"url\":\"https:\\\/\\\/transamerica93.com.br\\\/home\\\/author\\\/william\\\/\"}]}<\/script>\n<!-- \/ Yoast SEO plugin. -->","yoast_head_json":{"title":"Fila do INSS cresceu 46,6% durante greve do \u00f3rg\u00e3o - Transam\u00e9rica Mococa 93,3","robots":{"index":"index","follow":"follow","max-snippet":"max-snippet:-1","max-image-preview":"max-image-preview:large","max-video-preview":"max-video-preview:-1"},"canonical":"https:\/\/transamerica93.com.br\/home\/fila-do-inss-cresceu-466-durante-greve-do-orgao\/","og_locale":"pt_BR","og_type":"article","og_title":"Fila do INSS cresceu 46,6% durante greve do \u00f3rg\u00e3o - Transam\u00e9rica Mococa 93,3","og_description":"A fila de pedidos de benef\u00edcios do Instituto Nacional do Seguro Social (INSS) cresceu 46,6% durante a greve de 114 dias do \u00f3rg\u00e3o, entre julho e novembro do ano passado. Apesar da alta, tanto o n\u00famero de pedidos pendentes como o tempo m\u00e9dio de espera continuam mais baixos que no governo anterior, nos crit\u00e9rios atualizados. &hellip;","og_url":"https:\/\/transamerica93.com.br\/home\/fila-do-inss-cresceu-466-durante-greve-do-orgao\/","og_site_name":"Transam\u00e9rica Mococa 93,3","article_publisher":"https:\/\/www.facebook.com\/transamericamococa","article_published_time":"2025-02-27T12:00:26+00:00","og_image":[{"width":1170,"height":700,"url":"https:\/\/transamerica93.com.br\/home\/wp-content\/uploads\/2025\/02\/4-1.jpg","type":"image\/jpeg"}],"author":"Reda\u00e7\u00e3o","twitter_card":"summary_large_image","twitter_creator":"@transamerica933","twitter_site":"@transamerica933","twitter_misc":{"Escrito por":"Reda\u00e7\u00e3o","Est. tempo de leitura":"5 minutos"},"schema":{"@context":"https:\/\/schema.org","@graph":[{"@type":"Article","@id":"https:\/\/transamerica93.com.br\/home\/fila-do-inss-cresceu-466-durante-greve-do-orgao\/#article","isPartOf":{"@id":"https:\/\/transamerica93.com.br\/home\/fila-do-inss-cresceu-466-durante-greve-do-orgao\/"},"author":{"name":"Reda\u00e7\u00e3o","@id":"https:\/\/transamerica93.com.br\/home\/#\/schema\/person\/7fed7c99c0d4562efa8561bc0f543172"},"headline":"Fila do INSS cresceu 46,6% durante greve do \u00f3rg\u00e3o","datePublished":"2025-02-27T12:00:26+00:00","mainEntityOfPage":{"@id":"https:\/\/transamerica93.com.br\/home\/fila-do-inss-cresceu-466-durante-greve-do-orgao\/"},"wordCount":848,"publisher":{"@id":"https:\/\/transamerica93.com.br\/home\/#organization"},"image":{"@id":"https:\/\/transamerica93.com.br\/home\/fila-do-inss-cresceu-466-durante-greve-do-orgao\/#primaryimage"},"thumbnailUrl":"https:\/\/transamerica93.com.br\/home\/wp-content\/uploads\/2025\/02\/4-1.jpg","articleSection":["Geral"],"inLanguage":"pt-BR"},{"@type":"WebPage","@id":"https:\/\/transamerica93.com.br\/home\/fila-do-inss-cresceu-466-durante-greve-do-orgao\/","url":"https:\/\/transamerica93.com.br\/home\/fila-do-inss-cresceu-466-durante-greve-do-orgao\/","name":"Fila do INSS cresceu 46,6% durante greve do \u00f3rg\u00e3o - Transam\u00e9rica Mococa 93,3","isPartOf":{"@id":"https:\/\/transamerica93.com.br\/home\/#website"},"primaryImageOfPage":{"@id":"https:\/\/transamerica93.com.br\/home\/fila-do-inss-cresceu-466-durante-greve-do-orgao\/#primaryimage"},"image":{"@id":"https:\/\/transamerica93.com.br\/home\/fila-do-inss-cresceu-466-durante-greve-do-orgao\/#primaryimage"},"thumbnailUrl":"https:\/\/transamerica93.com.br\/home\/wp-content\/uploads\/2025\/02\/4-1.jpg","datePublished":"2025-02-27T12:00:26+00:00","breadcrumb":{"@id":"https:\/\/transamerica93.com.br\/home\/fila-do-inss-cresceu-466-durante-greve-do-orgao\/#breadcrumb"},"inLanguage":"pt-BR","potentialAction":[{"@type":"ReadAction","target":["https:\/\/transamerica93.com.br\/home\/fila-do-inss-cresceu-466-durante-greve-do-orgao\/"]}]},{"@type":"ImageObject","inLanguage":"pt-BR","@id":"https:\/\/transamerica93.com.br\/home\/fila-do-inss-cresceu-466-durante-greve-do-orgao\/#primaryimage","url":"https:\/\/transamerica93.com.br\/home\/wp-content\/uploads\/2025\/02\/4-1.jpg","contentUrl":"https:\/\/transamerica93.com.br\/home\/wp-content\/uploads\/2025\/02\/4-1.jpg","width":1170,"height":700,"caption":"\u00a9 Jos\u00e9 Cruz\/Ag\u00eancia Brasil"},{"@type":"BreadcrumbList","@id":"https:\/\/transamerica93.com.br\/home\/fila-do-inss-cresceu-466-durante-greve-do-orgao\/#breadcrumb","itemListElement":[{"@type":"ListItem","position":1,"name":"In\u00edcio","item":"https:\/\/transamerica93.com.br\/home\/"},{"@type":"ListItem","position":2,"name":"Fila do INSS cresceu 46,6% durante greve do \u00f3rg\u00e3o"}]},{"@type":"WebSite","@id":"https:\/\/transamerica93.com.br\/home\/#website","url":"https:\/\/transamerica93.com.br\/home\/","name":"Transam\u00e9rica Mococa 93,3","description":"","publisher":{"@id":"https:\/\/transamerica93.com.br\/home\/#organization"},"potentialAction":[{"@type":"SearchAction","target":{"@type":"EntryPoint","urlTemplate":"https:\/\/transamerica93.com.br\/home\/?s={search_term_string}"},"query-input":{"@type":"PropertyValueSpecification","valueRequired":true,"valueName":"search_term_string"}}],"inLanguage":"pt-BR"},{"@type":"Organization","@id":"https:\/\/transamerica93.com.br\/home\/#organization","name":"Transam\u00e9rica Mococa 93,3","url":"https:\/\/transamerica93.com.br\/home\/","logo":{"@type":"ImageObject","inLanguage":"pt-BR","@id":"https:\/\/transamerica93.com.br\/home\/#\/schema\/logo\/image\/","url":"https:\/\/transamerica93.com.br\/home\/wp-content\/uploads\/2023\/10\/logo2.png","contentUrl":"https:\/\/transamerica93.com.br\/home\/wp-content\/uploads\/2023\/10\/logo2.png","width":800,"height":500,"caption":"Transam\u00e9rica Mococa 93,3"},"image":{"@id":"https:\/\/transamerica93.com.br\/home\/#\/schema\/logo\/image\/"},"sameAs":["https:\/\/www.facebook.com\/transamericamococa","https:\/\/x.com\/transamerica933","https:\/\/www.instagram.com\/transamericamococa"]},{"@type":"Person","@id":"https:\/\/transamerica93.com.br\/home\/#\/schema\/person\/7fed7c99c0d4562efa8561bc0f543172","name":"Reda\u00e7\u00e3o","image":{"@type":"ImageObject","inLanguage":"pt-BR","@id":"https:\/\/secure.gravatar.com\/avatar\/1072c6b775fb02ef8506ce967551d95926669a6b7d2c2147b42eea4d7c68395e?s=96&d=mm&r=g","url":"https:\/\/secure.gravatar.com\/avatar\/1072c6b775fb02ef8506ce967551d95926669a6b7d2c2147b42eea4d7c68395e?s=96&d=mm&r=g","contentUrl":"https:\/\/secure.gravatar.com\/avatar\/1072c6b775fb02ef8506ce967551d95926669a6b7d2c2147b42eea4d7c68395e?s=96&d=mm&r=g","caption":"Reda\u00e7\u00e3o"},"sameAs":["https:\/\/transamerica93.com.br\/home"],"url":"https:\/\/transamerica93.com.br\/home\/author\/william\/"}]}},"_links":{"self":[{"href":"https:\/\/transamerica93.com.br\/home\/wp-json\/wp\/v2\/posts\/4761","targetHints":{"allow":["GET"]}}],"collection":[{"href":"https:\/\/transamerica93.com.br\/home\/wp-json\/wp\/v2\/posts"}],"about":[{"href":"https:\/\/transamerica93.com.br\/home\/wp-json\/wp\/v2\/types\/post"}],"author":[{"embeddable":true,"href":"https:\/\/transamerica93.com.br\/home\/wp-json\/wp\/v2\/users\/1"}],"replies":[{"embeddable":true,"href":"https:\/\/transamerica93.com.br\/home\/wp-json\/wp\/v2\/comments?post=4761"}],"version-history":[{"count":1,"href":"https:\/\/transamerica93.com.br\/home\/wp-json\/wp\/v2\/posts\/4761\/revisions"}],"predecessor-version":[{"id":4762,"href":"https:\/\/transamerica93.com.br\/home\/wp-json\/wp\/v2\/posts\/4761\/revisions\/4762"}],"wp:featuredmedia":[{"embeddable":true,"href":"https:\/\/transamerica93.com.br\/home\/wp-json\/wp\/v2\/media\/4754"}],"wp:attachment":[{"href":"https:\/\/transamerica93.com.br\/home\/wp-json\/wp\/v2\/media?parent=4761"}],"wp:term":[{"taxonomy":"category","embeddable":true,"href":"https:\/\/transamerica93.com.br\/home\/wp-json\/wp\/v2\/categories?post=4761"},{"taxonomy":"post_tag","embeddable":true,"href":"https:\/\/transamerica93.com.br\/home\/wp-json\/wp\/v2\/tags?post=4761"}],"curies":[{"name":"wp","href":"https:\/\/api.w.org\/{rel}","templated":true}]}}