{"id":4763,"date":"2025-02-28T09:00:59","date_gmt":"2025-02-28T12:00:59","guid":{"rendered":"https:\/\/transamerica93.com.br\/home\/?p=4763"},"modified":"2025-02-23T06:27:05","modified_gmt":"2025-02-23T09:27:05","slug":"agroecologia-pode-retardar-efeitos-da-crise-climatica-nas-lavouras","status":"publish","type":"post","link":"https:\/\/transamerica93.com.br\/home\/agroecologia-pode-retardar-efeitos-da-crise-climatica-nas-lavouras\/","title":{"rendered":"Agroecologia pode retardar efeitos da crise clim\u00e1tica nas lavouras"},"content":{"rendered":"<div class=\"conteudo-noticia\">\n<p>O excesso de calor dos \u00faltimos dias est\u00e1 afetando lavouras de soja, milho e arroz na Regi\u00e3o Sul do Brasil e tamb\u00e9m planta\u00e7\u00f5es de caf\u00e9 e de frutas na Regi\u00e3o Sudeste. A cada ano aumentam os impactos causados pelas mudan\u00e7as clim\u00e1ticas sobre a produ\u00e7\u00e3o de alimentos.<img decoding=\"async\" data-src=\"https:\/\/agenciabrasil.ebc.com.br\/ebc.png?id=1631266&amp;o=node\" src=\"data:image\/svg+xml;base64,PHN2ZyB3aWR0aD0iMSIgaGVpZ2h0PSIxIiB4bWxucz0iaHR0cDovL3d3dy53My5vcmcvMjAwMC9zdmciPjwvc3ZnPg==\" class=\"lazyload\" \/><img decoding=\"async\" data-src=\"https:\/\/agenciabrasil.ebc.com.br\/ebc.gif?id=1631266&amp;o=node\" src=\"data:image\/svg+xml;base64,PHN2ZyB3aWR0aD0iMSIgaGVpZ2h0PSIxIiB4bWxucz0iaHR0cDovL3d3dy53My5vcmcvMjAwMC9zdmciPjwvc3ZnPg==\" class=\"lazyload\" \/><\/p>\n<p>De acordo com a climatologista Francis Lacerda,\u00a0pesquisadora do Instituto Agron\u00f4mico de Pernambuco, estrat\u00e9gias de agroecologia podem retardar esses efeitos e diminuir a amea\u00e7a de inseguran\u00e7a alimentar. Pelo menos por enquanto. &#8220;Existem pr\u00e1ticas que podem ainda reduzir esses efeitos. Eu digo ainda porque daqui a pouco n\u00e3o vai poder mais&#8221;, alerta a especialista.<\/p>\n<p>A primeira miss\u00e3o \u00e9 reflorestar. &#8220;Uma pr\u00e1tica que se faz muito na agroecologia \u00e9 o cons\u00f3rcio. Voc\u00ea planta uma \u00e1rvore frut\u00edfera e, do lado, voc\u00ea planta uma leguminosa, feij\u00e3o, milho, faz esse plantio todo junto&#8230; E essas plantas v\u00e3o interagir de uma forma que v\u00e3o beneficiar umas \u00e0s outras. Tem uma que vai buscar \u00e1gua l\u00e1 no fundo, porque a raiz dela \u00e9 pivotante, mas outra que n\u00e3o consegue. Aquelas plantas que n\u00e3o aguentam muita incid\u00eancia de radia\u00e7\u00e3o ficam melhores [quando] associadas a \u00e1rvores grandes, que fazem sombra para elas. A gente precisa fazer um reflorestamento e implementar esse modelo do sistema agroflorestal,&#8221; diz a especialista.<\/p>\n<p>Ela acrescenta que a diversifica\u00e7\u00e3o de culturas favorece a fertilidade e prote\u00e7\u00e3o dos solos, al\u00e9m de reduzir os riscos de pragas e doen\u00e7as, &#8220;contribuindo para a n\u00e3o utiliza\u00e7\u00e3o de agrot\u00f3xicos e garantindo ao agricultor vantagens ambientais e financeiras, tais como investimentos mais baixos e colheita de produtos diversificados, evitando riscos econ\u00f4micos provenientes de condi\u00e7\u00f5es clim\u00e1ticas extremas&#8221;.<\/p>\n<h2>Mudan\u00e7as surpreendem agricultores<\/h2>\n<div class=\"dnd-widget-wrapper context-cheio_8colunas type-image\">\n<div class=\"dnd-atom-rendered\"><img decoding=\"async\" title=\"IPA\/Divulga\u00e7\u00e3o\" data-src=\"https:\/\/imagens.ebc.com.br\/nfXi5KQH_4OnNaNWotIhIwnPqSo=\/754x0\/smart\/https:\/\/agenciabrasil.ebc.com.br\/sites\/default\/files\/thumbnails\/image\/2025\/02\/20\/francis_lacerda.jpg?itok=KNhwa1g7\" alt=\"Bras\u00edlia (DF) 20\/02\/2025 - A climatologista do Instituto Agron\u00f4mico de Pernambuco Francis Lacerda.\nFoto: IPA\/Divulga\u00e7\u00e3o\" src=\"data:image\/svg+xml;base64,PHN2ZyB3aWR0aD0iMSIgaGVpZ2h0PSIxIiB4bWxucz0iaHR0cDovL3d3dy53My5vcmcvMjAwMC9zdmciPjwvc3ZnPg==\" class=\"lazyload\" \/><\/div>\n<div class=\"dnd-caption-wrapper\">\n<h6 class=\"meta\">\u00a0A climatologista do Instituto Agron\u00f4mico de Pernambuco Francis Lacerda. Foto:\u00a0<strong>IPA\/Divulga\u00e7\u00e3o<\/strong><\/h6>\n<p>&nbsp;<\/p>\n<\/div>\n<\/div>\n<p>A climatologista lembra que a grande maioria dos alimentos consumidos pelas fam\u00edlias brasileiras \u00e9 produzida por agricultores familiares, que se veem cada vez mais surpreendidos com as mudan\u00e7as no clima.<\/p>\n<p>&#8220;Porque eles n\u00e3o conseguem mais ter as pr\u00e1ticas que \u00a0tinham de plantar em tal per\u00edodo, de colher em outro. E geralmente quando a gente tem essas ondas de calor, [o total] de alguns organismos no ecossistema que s\u00e3o mais resilientes &#8211; insetos, fungos e bact\u00e9rias &#8211; aumenta muito e eles arrasam com a produ\u00e7\u00e3o&#8221;, acentua.<\/p>\n<p>Por isso, Francis defende tamb\u00e9m pol\u00edticas p\u00fablicas de implementa\u00e7\u00e3o de tecnologias para que as comunidades consigam captar e armazenar a pr\u00f3pria \u00e1gua e gerar a energia consumida, ficando menos vulner\u00e1veis aos efeitos clim\u00e1ticos.<\/p>\n<p>Deve-se &#8220;dar autonomia a essas comunidades para produzir o pr\u00f3prio alimento dentro dessas condi\u00e7\u00f5es, e ainda fazer o reflorestamento da sua propriedade, \u00e9 poss\u00edvel, \u00e9 barato e os agricultores querem&#8221;, salienta.<\/p>\n<p>Enquanto isso n\u00e3o \u00e9 feito em larga escala, a incid\u00eancia de algumas esp\u00e9cies vegetais end\u00eamicas dos biomas brasileiros est\u00e1 diminuindo, de acordo com a climatologista, &#8220;inclusive esp\u00e9cies adaptadas para se desenvolver em \u00e1reas secas e quentes&#8221;.<\/p>\n<h2>\u00c1gua nas ra\u00edzes<\/h2>\n<p>&#8220;O umbuzeiro, por exemplo, uma planta que \u00e9 uma refer\u00eancia para o semi\u00e1rido. Ela \u00e9 muito resiliente e guarda \u00e1gua nas suas ra\u00edzes porque est\u00e1 acostumada a lidar com as secas. Os umbuzeiros est\u00e3o sumindo da paisagem porque eles n\u00e3o conseguem mais se adaptar a essas vari\u00e1veis clim\u00e1ticas atuais&#8221;, avalia.<\/p>\n<p>A climatologista do Instituto Agron\u00f4mico de Pernambuco diz tamb\u00e9m que essas li\u00e7\u00f5es podem ser aplicadas ao meio urbano, \u201creservando espa\u00e7os na cidade que possam servir para o cultivo de alimento, como quintais produtivos e farm\u00e1cias vivas. Mas \u00e9 preciso ter uma pol\u00edtica p\u00fablica que oriente e que financie. Porque quem tem dinheiro manda buscar a comida, mas sem justi\u00e7a social n\u00e3o se combate as mudan\u00e7as clim\u00e1ticas. \u00c9 preciso pensar em formas inovadoras de produzir e garantir a seguran\u00e7a h\u00eddrica, energ\u00e9tica e alimentar para as popula\u00e7\u00f5es do campo e da cidade&#8221;, finaliza.<\/p>\n<div class=\"noticias-relacionadas rel-position rowflex\">\n<div class=\"titulo-noticia-relacionada\"><\/div>\n<\/div>\n<\/div>\n<div class=\"footer-noticia\">\n<div class=\"editor rowflex\">Edi\u00e7\u00e3o: Kleber Sampaio<\/div>\n<\/div>\n","protected":false},"excerpt":{"rendered":"<p>O excesso de calor dos \u00faltimos dias est\u00e1 afetando lavouras de soja, milho e arroz na Regi\u00e3o Sul do Brasil e tamb\u00e9m planta\u00e7\u00f5es de caf\u00e9 e de frutas na Regi\u00e3o Sudeste. A cada ano aumentam os impactos causados pelas mudan\u00e7as clim\u00e1ticas sobre a produ\u00e7\u00e3o de alimentos. De acordo com a climatologista Francis Lacerda,\u00a0pesquisadora do Instituto &hellip;<\/p>\n","protected":false},"author":1,"featured_media":4755,"comment_status":"closed","ping_status":"closed","sticky":false,"template":"","format":"standard","meta":{"footnotes":""},"categories":[30],"tags":[],"class_list":["post-4763","post","type-post","status-publish","format-standard","has-post-thumbnail","hentry","category-geral"],"yoast_head":"<!-- This site is optimized with the Yoast SEO plugin v27.4 - https:\/\/yoast.com\/product\/yoast-seo-wordpress\/ -->\n<title>Agroecologia pode retardar efeitos da crise clim\u00e1tica nas lavouras - Transam\u00e9rica Mococa 93,3<\/title>\n<meta name=\"robots\" content=\"index, follow, max-snippet:-1, max-image-preview:large, max-video-preview:-1\" \/>\n<link rel=\"canonical\" href=\"https:\/\/transamerica93.com.br\/home\/agroecologia-pode-retardar-efeitos-da-crise-climatica-nas-lavouras\/\" \/>\n<meta property=\"og:locale\" content=\"pt_BR\" \/>\n<meta property=\"og:type\" content=\"article\" \/>\n<meta property=\"og:title\" content=\"Agroecologia pode retardar efeitos da crise clim\u00e1tica nas lavouras - Transam\u00e9rica Mococa 93,3\" \/>\n<meta property=\"og:description\" content=\"O excesso de calor dos \u00faltimos dias est\u00e1 afetando lavouras de soja, milho e arroz na Regi\u00e3o Sul do Brasil e tamb\u00e9m planta\u00e7\u00f5es de caf\u00e9 e de frutas na Regi\u00e3o Sudeste. A cada ano aumentam os impactos causados pelas mudan\u00e7as clim\u00e1ticas sobre a produ\u00e7\u00e3o de alimentos. De acordo com a climatologista Francis Lacerda,\u00a0pesquisadora do Instituto &hellip;\" \/>\n<meta property=\"og:url\" content=\"https:\/\/transamerica93.com.br\/home\/agroecologia-pode-retardar-efeitos-da-crise-climatica-nas-lavouras\/\" \/>\n<meta property=\"og:site_name\" content=\"Transam\u00e9rica Mococa 93,3\" \/>\n<meta property=\"article:publisher\" content=\"https:\/\/www.facebook.com\/transamericamococa\" \/>\n<meta property=\"article:published_time\" content=\"2025-02-28T12:00:59+00:00\" \/>\n<meta property=\"og:image\" content=\"https:\/\/transamerica93.com.br\/home\/wp-content\/uploads\/2025\/02\/5-1.jpg\" \/>\n\t<meta property=\"og:image:width\" content=\"1170\" \/>\n\t<meta property=\"og:image:height\" content=\"700\" \/>\n\t<meta property=\"og:image:type\" content=\"image\/jpeg\" \/>\n<meta name=\"author\" content=\"Reda\u00e7\u00e3o\" \/>\n<meta name=\"twitter:card\" content=\"summary_large_image\" \/>\n<meta name=\"twitter:creator\" content=\"@transamerica933\" \/>\n<meta name=\"twitter:site\" content=\"@transamerica933\" \/>\n<meta name=\"twitter:label1\" content=\"Escrito por\" \/>\n\t<meta name=\"twitter:data1\" content=\"Reda\u00e7\u00e3o\" \/>\n\t<meta name=\"twitter:label2\" content=\"Est. tempo de leitura\" \/>\n\t<meta name=\"twitter:data2\" content=\"5 minutos\" \/>\n<script type=\"application\/ld+json\" class=\"yoast-schema-graph\">{\"@context\":\"https:\\\/\\\/schema.org\",\"@graph\":[{\"@type\":\"Article\",\"@id\":\"https:\\\/\\\/transamerica93.com.br\\\/home\\\/agroecologia-pode-retardar-efeitos-da-crise-climatica-nas-lavouras\\\/#article\",\"isPartOf\":{\"@id\":\"https:\\\/\\\/transamerica93.com.br\\\/home\\\/agroecologia-pode-retardar-efeitos-da-crise-climatica-nas-lavouras\\\/\"},\"author\":{\"name\":\"Reda\u00e7\u00e3o\",\"@id\":\"https:\\\/\\\/transamerica93.com.br\\\/home\\\/#\\\/schema\\\/person\\\/7fed7c99c0d4562efa8561bc0f543172\"},\"headline\":\"Agroecologia pode retardar efeitos da crise clim\u00e1tica nas lavouras\",\"datePublished\":\"2025-02-28T12:00:59+00:00\",\"mainEntityOfPage\":{\"@id\":\"https:\\\/\\\/transamerica93.com.br\\\/home\\\/agroecologia-pode-retardar-efeitos-da-crise-climatica-nas-lavouras\\\/\"},\"wordCount\":692,\"publisher\":{\"@id\":\"https:\\\/\\\/transamerica93.com.br\\\/home\\\/#organization\"},\"image\":{\"@id\":\"https:\\\/\\\/transamerica93.com.br\\\/home\\\/agroecologia-pode-retardar-efeitos-da-crise-climatica-nas-lavouras\\\/#primaryimage\"},\"thumbnailUrl\":\"https:\\\/\\\/transamerica93.com.br\\\/home\\\/wp-content\\\/uploads\\\/2025\\\/02\\\/5-1.jpg\",\"articleSection\":[\"Geral\"],\"inLanguage\":\"pt-BR\"},{\"@type\":\"WebPage\",\"@id\":\"https:\\\/\\\/transamerica93.com.br\\\/home\\\/agroecologia-pode-retardar-efeitos-da-crise-climatica-nas-lavouras\\\/\",\"url\":\"https:\\\/\\\/transamerica93.com.br\\\/home\\\/agroecologia-pode-retardar-efeitos-da-crise-climatica-nas-lavouras\\\/\",\"name\":\"Agroecologia pode retardar efeitos da crise clim\u00e1tica nas lavouras - Transam\u00e9rica Mococa 93,3\",\"isPartOf\":{\"@id\":\"https:\\\/\\\/transamerica93.com.br\\\/home\\\/#website\"},\"primaryImageOfPage\":{\"@id\":\"https:\\\/\\\/transamerica93.com.br\\\/home\\\/agroecologia-pode-retardar-efeitos-da-crise-climatica-nas-lavouras\\\/#primaryimage\"},\"image\":{\"@id\":\"https:\\\/\\\/transamerica93.com.br\\\/home\\\/agroecologia-pode-retardar-efeitos-da-crise-climatica-nas-lavouras\\\/#primaryimage\"},\"thumbnailUrl\":\"https:\\\/\\\/transamerica93.com.br\\\/home\\\/wp-content\\\/uploads\\\/2025\\\/02\\\/5-1.jpg\",\"datePublished\":\"2025-02-28T12:00:59+00:00\",\"breadcrumb\":{\"@id\":\"https:\\\/\\\/transamerica93.com.br\\\/home\\\/agroecologia-pode-retardar-efeitos-da-crise-climatica-nas-lavouras\\\/#breadcrumb\"},\"inLanguage\":\"pt-BR\",\"potentialAction\":[{\"@type\":\"ReadAction\",\"target\":[\"https:\\\/\\\/transamerica93.com.br\\\/home\\\/agroecologia-pode-retardar-efeitos-da-crise-climatica-nas-lavouras\\\/\"]}]},{\"@type\":\"ImageObject\",\"inLanguage\":\"pt-BR\",\"@id\":\"https:\\\/\\\/transamerica93.com.br\\\/home\\\/agroecologia-pode-retardar-efeitos-da-crise-climatica-nas-lavouras\\\/#primaryimage\",\"url\":\"https:\\\/\\\/transamerica93.com.br\\\/home\\\/wp-content\\\/uploads\\\/2025\\\/02\\\/5-1.jpg\",\"contentUrl\":\"https:\\\/\\\/transamerica93.com.br\\\/home\\\/wp-content\\\/uploads\\\/2025\\\/02\\\/5-1.jpg\",\"width\":1170,\"height\":700,\"caption\":\"\u00a9 EMBRAPA\\\/Divulga\u00e7\u00e3o\"},{\"@type\":\"BreadcrumbList\",\"@id\":\"https:\\\/\\\/transamerica93.com.br\\\/home\\\/agroecologia-pode-retardar-efeitos-da-crise-climatica-nas-lavouras\\\/#breadcrumb\",\"itemListElement\":[{\"@type\":\"ListItem\",\"position\":1,\"name\":\"In\u00edcio\",\"item\":\"https:\\\/\\\/transamerica93.com.br\\\/home\\\/\"},{\"@type\":\"ListItem\",\"position\":2,\"name\":\"Agroecologia pode retardar efeitos da crise clim\u00e1tica nas lavouras\"}]},{\"@type\":\"WebSite\",\"@id\":\"https:\\\/\\\/transamerica93.com.br\\\/home\\\/#website\",\"url\":\"https:\\\/\\\/transamerica93.com.br\\\/home\\\/\",\"name\":\"Transam\u00e9rica Mococa 93,3\",\"description\":\"\",\"publisher\":{\"@id\":\"https:\\\/\\\/transamerica93.com.br\\\/home\\\/#organization\"},\"potentialAction\":[{\"@type\":\"SearchAction\",\"target\":{\"@type\":\"EntryPoint\",\"urlTemplate\":\"https:\\\/\\\/transamerica93.com.br\\\/home\\\/?s={search_term_string}\"},\"query-input\":{\"@type\":\"PropertyValueSpecification\",\"valueRequired\":true,\"valueName\":\"search_term_string\"}}],\"inLanguage\":\"pt-BR\"},{\"@type\":\"Organization\",\"@id\":\"https:\\\/\\\/transamerica93.com.br\\\/home\\\/#organization\",\"name\":\"Transam\u00e9rica Mococa 93,3\",\"url\":\"https:\\\/\\\/transamerica93.com.br\\\/home\\\/\",\"logo\":{\"@type\":\"ImageObject\",\"inLanguage\":\"pt-BR\",\"@id\":\"https:\\\/\\\/transamerica93.com.br\\\/home\\\/#\\\/schema\\\/logo\\\/image\\\/\",\"url\":\"https:\\\/\\\/transamerica93.com.br\\\/home\\\/wp-content\\\/uploads\\\/2023\\\/10\\\/logo2.png\",\"contentUrl\":\"https:\\\/\\\/transamerica93.com.br\\\/home\\\/wp-content\\\/uploads\\\/2023\\\/10\\\/logo2.png\",\"width\":800,\"height\":500,\"caption\":\"Transam\u00e9rica Mococa 93,3\"},\"image\":{\"@id\":\"https:\\\/\\\/transamerica93.com.br\\\/home\\\/#\\\/schema\\\/logo\\\/image\\\/\"},\"sameAs\":[\"https:\\\/\\\/www.facebook.com\\\/transamericamococa\",\"https:\\\/\\\/x.com\\\/transamerica933\",\"https:\\\/\\\/www.instagram.com\\\/transamericamococa\"]},{\"@type\":\"Person\",\"@id\":\"https:\\\/\\\/transamerica93.com.br\\\/home\\\/#\\\/schema\\\/person\\\/7fed7c99c0d4562efa8561bc0f543172\",\"name\":\"Reda\u00e7\u00e3o\",\"image\":{\"@type\":\"ImageObject\",\"inLanguage\":\"pt-BR\",\"@id\":\"https:\\\/\\\/secure.gravatar.com\\\/avatar\\\/1072c6b775fb02ef8506ce967551d95926669a6b7d2c2147b42eea4d7c68395e?s=96&d=mm&r=g\",\"url\":\"https:\\\/\\\/secure.gravatar.com\\\/avatar\\\/1072c6b775fb02ef8506ce967551d95926669a6b7d2c2147b42eea4d7c68395e?s=96&d=mm&r=g\",\"contentUrl\":\"https:\\\/\\\/secure.gravatar.com\\\/avatar\\\/1072c6b775fb02ef8506ce967551d95926669a6b7d2c2147b42eea4d7c68395e?s=96&d=mm&r=g\",\"caption\":\"Reda\u00e7\u00e3o\"},\"sameAs\":[\"https:\\\/\\\/transamerica93.com.br\\\/home\"],\"url\":\"https:\\\/\\\/transamerica93.com.br\\\/home\\\/author\\\/william\\\/\"}]}<\/script>\n<!-- \/ Yoast SEO plugin. -->","yoast_head_json":{"title":"Agroecologia pode retardar efeitos da crise clim\u00e1tica nas lavouras - Transam\u00e9rica Mococa 93,3","robots":{"index":"index","follow":"follow","max-snippet":"max-snippet:-1","max-image-preview":"max-image-preview:large","max-video-preview":"max-video-preview:-1"},"canonical":"https:\/\/transamerica93.com.br\/home\/agroecologia-pode-retardar-efeitos-da-crise-climatica-nas-lavouras\/","og_locale":"pt_BR","og_type":"article","og_title":"Agroecologia pode retardar efeitos da crise clim\u00e1tica nas lavouras - Transam\u00e9rica Mococa 93,3","og_description":"O excesso de calor dos \u00faltimos dias est\u00e1 afetando lavouras de soja, milho e arroz na Regi\u00e3o Sul do Brasil e tamb\u00e9m planta\u00e7\u00f5es de caf\u00e9 e de frutas na Regi\u00e3o Sudeste. A cada ano aumentam os impactos causados pelas mudan\u00e7as clim\u00e1ticas sobre a produ\u00e7\u00e3o de alimentos. De acordo com a climatologista Francis Lacerda,\u00a0pesquisadora do Instituto &hellip;","og_url":"https:\/\/transamerica93.com.br\/home\/agroecologia-pode-retardar-efeitos-da-crise-climatica-nas-lavouras\/","og_site_name":"Transam\u00e9rica Mococa 93,3","article_publisher":"https:\/\/www.facebook.com\/transamericamococa","article_published_time":"2025-02-28T12:00:59+00:00","og_image":[{"width":1170,"height":700,"url":"https:\/\/transamerica93.com.br\/home\/wp-content\/uploads\/2025\/02\/5-1.jpg","type":"image\/jpeg"}],"author":"Reda\u00e7\u00e3o","twitter_card":"summary_large_image","twitter_creator":"@transamerica933","twitter_site":"@transamerica933","twitter_misc":{"Escrito por":"Reda\u00e7\u00e3o","Est. tempo de leitura":"5 minutos"},"schema":{"@context":"https:\/\/schema.org","@graph":[{"@type":"Article","@id":"https:\/\/transamerica93.com.br\/home\/agroecologia-pode-retardar-efeitos-da-crise-climatica-nas-lavouras\/#article","isPartOf":{"@id":"https:\/\/transamerica93.com.br\/home\/agroecologia-pode-retardar-efeitos-da-crise-climatica-nas-lavouras\/"},"author":{"name":"Reda\u00e7\u00e3o","@id":"https:\/\/transamerica93.com.br\/home\/#\/schema\/person\/7fed7c99c0d4562efa8561bc0f543172"},"headline":"Agroecologia pode retardar efeitos da crise clim\u00e1tica nas lavouras","datePublished":"2025-02-28T12:00:59+00:00","mainEntityOfPage":{"@id":"https:\/\/transamerica93.com.br\/home\/agroecologia-pode-retardar-efeitos-da-crise-climatica-nas-lavouras\/"},"wordCount":692,"publisher":{"@id":"https:\/\/transamerica93.com.br\/home\/#organization"},"image":{"@id":"https:\/\/transamerica93.com.br\/home\/agroecologia-pode-retardar-efeitos-da-crise-climatica-nas-lavouras\/#primaryimage"},"thumbnailUrl":"https:\/\/transamerica93.com.br\/home\/wp-content\/uploads\/2025\/02\/5-1.jpg","articleSection":["Geral"],"inLanguage":"pt-BR"},{"@type":"WebPage","@id":"https:\/\/transamerica93.com.br\/home\/agroecologia-pode-retardar-efeitos-da-crise-climatica-nas-lavouras\/","url":"https:\/\/transamerica93.com.br\/home\/agroecologia-pode-retardar-efeitos-da-crise-climatica-nas-lavouras\/","name":"Agroecologia pode retardar efeitos da crise clim\u00e1tica nas lavouras - Transam\u00e9rica Mococa 93,3","isPartOf":{"@id":"https:\/\/transamerica93.com.br\/home\/#website"},"primaryImageOfPage":{"@id":"https:\/\/transamerica93.com.br\/home\/agroecologia-pode-retardar-efeitos-da-crise-climatica-nas-lavouras\/#primaryimage"},"image":{"@id":"https:\/\/transamerica93.com.br\/home\/agroecologia-pode-retardar-efeitos-da-crise-climatica-nas-lavouras\/#primaryimage"},"thumbnailUrl":"https:\/\/transamerica93.com.br\/home\/wp-content\/uploads\/2025\/02\/5-1.jpg","datePublished":"2025-02-28T12:00:59+00:00","breadcrumb":{"@id":"https:\/\/transamerica93.com.br\/home\/agroecologia-pode-retardar-efeitos-da-crise-climatica-nas-lavouras\/#breadcrumb"},"inLanguage":"pt-BR","potentialAction":[{"@type":"ReadAction","target":["https:\/\/transamerica93.com.br\/home\/agroecologia-pode-retardar-efeitos-da-crise-climatica-nas-lavouras\/"]}]},{"@type":"ImageObject","inLanguage":"pt-BR","@id":"https:\/\/transamerica93.com.br\/home\/agroecologia-pode-retardar-efeitos-da-crise-climatica-nas-lavouras\/#primaryimage","url":"https:\/\/transamerica93.com.br\/home\/wp-content\/uploads\/2025\/02\/5-1.jpg","contentUrl":"https:\/\/transamerica93.com.br\/home\/wp-content\/uploads\/2025\/02\/5-1.jpg","width":1170,"height":700,"caption":"\u00a9 EMBRAPA\/Divulga\u00e7\u00e3o"},{"@type":"BreadcrumbList","@id":"https:\/\/transamerica93.com.br\/home\/agroecologia-pode-retardar-efeitos-da-crise-climatica-nas-lavouras\/#breadcrumb","itemListElement":[{"@type":"ListItem","position":1,"name":"In\u00edcio","item":"https:\/\/transamerica93.com.br\/home\/"},{"@type":"ListItem","position":2,"name":"Agroecologia pode retardar efeitos da crise clim\u00e1tica nas lavouras"}]},{"@type":"WebSite","@id":"https:\/\/transamerica93.com.br\/home\/#website","url":"https:\/\/transamerica93.com.br\/home\/","name":"Transam\u00e9rica Mococa 93,3","description":"","publisher":{"@id":"https:\/\/transamerica93.com.br\/home\/#organization"},"potentialAction":[{"@type":"SearchAction","target":{"@type":"EntryPoint","urlTemplate":"https:\/\/transamerica93.com.br\/home\/?s={search_term_string}"},"query-input":{"@type":"PropertyValueSpecification","valueRequired":true,"valueName":"search_term_string"}}],"inLanguage":"pt-BR"},{"@type":"Organization","@id":"https:\/\/transamerica93.com.br\/home\/#organization","name":"Transam\u00e9rica Mococa 93,3","url":"https:\/\/transamerica93.com.br\/home\/","logo":{"@type":"ImageObject","inLanguage":"pt-BR","@id":"https:\/\/transamerica93.com.br\/home\/#\/schema\/logo\/image\/","url":"https:\/\/transamerica93.com.br\/home\/wp-content\/uploads\/2023\/10\/logo2.png","contentUrl":"https:\/\/transamerica93.com.br\/home\/wp-content\/uploads\/2023\/10\/logo2.png","width":800,"height":500,"caption":"Transam\u00e9rica Mococa 93,3"},"image":{"@id":"https:\/\/transamerica93.com.br\/home\/#\/schema\/logo\/image\/"},"sameAs":["https:\/\/www.facebook.com\/transamericamococa","https:\/\/x.com\/transamerica933","https:\/\/www.instagram.com\/transamericamococa"]},{"@type":"Person","@id":"https:\/\/transamerica93.com.br\/home\/#\/schema\/person\/7fed7c99c0d4562efa8561bc0f543172","name":"Reda\u00e7\u00e3o","image":{"@type":"ImageObject","inLanguage":"pt-BR","@id":"https:\/\/secure.gravatar.com\/avatar\/1072c6b775fb02ef8506ce967551d95926669a6b7d2c2147b42eea4d7c68395e?s=96&d=mm&r=g","url":"https:\/\/secure.gravatar.com\/avatar\/1072c6b775fb02ef8506ce967551d95926669a6b7d2c2147b42eea4d7c68395e?s=96&d=mm&r=g","contentUrl":"https:\/\/secure.gravatar.com\/avatar\/1072c6b775fb02ef8506ce967551d95926669a6b7d2c2147b42eea4d7c68395e?s=96&d=mm&r=g","caption":"Reda\u00e7\u00e3o"},"sameAs":["https:\/\/transamerica93.com.br\/home"],"url":"https:\/\/transamerica93.com.br\/home\/author\/william\/"}]}},"_links":{"self":[{"href":"https:\/\/transamerica93.com.br\/home\/wp-json\/wp\/v2\/posts\/4763","targetHints":{"allow":["GET"]}}],"collection":[{"href":"https:\/\/transamerica93.com.br\/home\/wp-json\/wp\/v2\/posts"}],"about":[{"href":"https:\/\/transamerica93.com.br\/home\/wp-json\/wp\/v2\/types\/post"}],"author":[{"embeddable":true,"href":"https:\/\/transamerica93.com.br\/home\/wp-json\/wp\/v2\/users\/1"}],"replies":[{"embeddable":true,"href":"https:\/\/transamerica93.com.br\/home\/wp-json\/wp\/v2\/comments?post=4763"}],"version-history":[{"count":1,"href":"https:\/\/transamerica93.com.br\/home\/wp-json\/wp\/v2\/posts\/4763\/revisions"}],"predecessor-version":[{"id":4764,"href":"https:\/\/transamerica93.com.br\/home\/wp-json\/wp\/v2\/posts\/4763\/revisions\/4764"}],"wp:featuredmedia":[{"embeddable":true,"href":"https:\/\/transamerica93.com.br\/home\/wp-json\/wp\/v2\/media\/4755"}],"wp:attachment":[{"href":"https:\/\/transamerica93.com.br\/home\/wp-json\/wp\/v2\/media?parent=4763"}],"wp:term":[{"taxonomy":"category","embeddable":true,"href":"https:\/\/transamerica93.com.br\/home\/wp-json\/wp\/v2\/categories?post=4763"},{"taxonomy":"post_tag","embeddable":true,"href":"https:\/\/transamerica93.com.br\/home\/wp-json\/wp\/v2\/tags?post=4763"}],"curies":[{"name":"wp","href":"https:\/\/api.w.org\/{rel}","templated":true}]}}