{"id":4772,"date":"2025-02-25T12:00:39","date_gmt":"2025-02-25T15:00:39","guid":{"rendered":"https:\/\/transamerica93.com.br\/home\/?p=4772"},"modified":"2025-02-23T06:33:28","modified_gmt":"2025-02-23T09:33:28","slug":"judocas-brasileiras-fazem-dobradinha-no-podio-do-open-europeu","status":"publish","type":"post","link":"https:\/\/transamerica93.com.br\/home\/judocas-brasileiras-fazem-dobradinha-no-podio-do-open-europeu\/","title":{"rendered":"Judocas brasileiras fazem dobradinha no p\u00f3dio do Open Europeu"},"content":{"rendered":"<div class=\"conteudo-noticia\">\n<p>O primeiro dia de competi\u00e7\u00f5es no Open Europeu de jud\u00f4 de Vars\u00f3via, na Pol\u00f4nia, foi de boas not\u00edcias para o jud\u00f4 do Brasil. E mais especificamente para a categoria meio-pesado feminino (at\u00e9 78 kg). Neste s\u00e1bado (22), Karol Gimenes garantiu a prata e Beatriz Freitas, o bronze.<img decoding=\"async\" data-src=\"https:\/\/agenciabrasil.ebc.com.br\/ebc.png?id=1631549&amp;o=node\" src=\"data:image\/svg+xml;base64,PHN2ZyB3aWR0aD0iMSIgaGVpZ2h0PSIxIiB4bWxucz0iaHR0cDovL3d3dy53My5vcmcvMjAwMC9zdmciPjwvc3ZnPg==\" class=\"lazyload\" \/><img decoding=\"async\" data-src=\"https:\/\/agenciabrasil.ebc.com.br\/ebc.gif?id=1631549&amp;o=node\" src=\"data:image\/svg+xml;base64,PHN2ZyB3aWR0aD0iMSIgaGVpZ2h0PSIxIiB4bWxucz0iaHR0cDovL3d3dy53My5vcmcvMjAwMC9zdmciPjwvc3ZnPg==\" class=\"lazyload\" \/><\/p>\n<p>Karol conseguiu quatro vit\u00f3rias (duas por ippon, uma por waza-ari e uma por puni\u00e7\u00f5es no golden score) at\u00e9 chegar \u00e0 grande final da categoria. Diante da alem\u00e3 Julie Hoelterhoff, ela acabou derrotada quando sofreu um waza-ari perto do final do combate, n\u00e3o tendo tempo suficiente para reagir e igualar o placar. Foi a estreia dela na temporada.<\/p>\n<p>J\u00e1 Beatriz, que estava do outro lado da chave, foi derrotada pela alem\u00e3 Lea Schid (que posteriormente enfrentou Karol na semifinal) nas quartas de final. Desta forma, ela precisava passar pela repescagem para ter chances de ganhar o bronze.<\/p>\n<p>E foi o que ela fez: passou primeiro pela australiana Maria Swan (outra que fora derrotada por Karol) e ent\u00e3o desbancou a francesa Kaila Issoufi na disputa direta pelo terceiro lugar.<\/p>\n<p>Neste domingo, ser\u00e3o mais quatro brasileiros participando do Open de Vars\u00f3via: entre as mulheres, Clarice Ribeiro lutar\u00e1 na categoria at\u00e9 48 kg. No masculino, os representantes do Brasil ser\u00e3o Kauan dos Santos (81kg), Guilherme Morais (90kg) e Wilgner Mendes (100kg).<\/p>\n<div class=\"noticias-relacionadas rel-position rowflex\">\n<div class=\"titulo-noticia-relacionada\"><\/div>\n<\/div>\n<\/div>\n<div class=\"footer-noticia\">\n<div class=\"editor rowflex\">Edi\u00e7\u00e3o: Aline Leal<\/div>\n<\/div>\n","protected":false},"excerpt":{"rendered":"<p>O primeiro dia de competi\u00e7\u00f5es no Open Europeu de jud\u00f4 de Vars\u00f3via, na Pol\u00f4nia, foi de boas not\u00edcias para o jud\u00f4 do Brasil. E mais especificamente para a categoria meio-pesado feminino (at\u00e9 78 kg). Neste s\u00e1bado (22), Karol Gimenes garantiu a prata e Beatriz Freitas, o bronze. Karol conseguiu quatro vit\u00f3rias (duas por ippon, uma &hellip;<\/p>\n","protected":false},"author":1,"featured_media":4766,"comment_status":"closed","ping_status":"closed","sticky":false,"template":"","format":"standard","meta":{"footnotes":""},"categories":[31],"tags":[],"class_list":["post-4772","post","type-post","status-publish","format-standard","has-post-thumbnail","hentry","category-esportes"],"yoast_head":"<!-- This site is optimized with the Yoast SEO plugin v27.4 - https:\/\/yoast.com\/product\/yoast-seo-wordpress\/ -->\n<title>Judocas brasileiras fazem dobradinha no p\u00f3dio do Open Europeu - Transam\u00e9rica Mococa 93,3<\/title>\n<meta name=\"robots\" content=\"index, follow, max-snippet:-1, max-image-preview:large, max-video-preview:-1\" \/>\n<link rel=\"canonical\" href=\"https:\/\/transamerica93.com.br\/home\/judocas-brasileiras-fazem-dobradinha-no-podio-do-open-europeu\/\" \/>\n<meta property=\"og:locale\" content=\"pt_BR\" \/>\n<meta property=\"og:type\" content=\"article\" \/>\n<meta property=\"og:title\" content=\"Judocas brasileiras fazem dobradinha no p\u00f3dio do Open Europeu - Transam\u00e9rica Mococa 93,3\" \/>\n<meta property=\"og:description\" content=\"O primeiro dia de competi\u00e7\u00f5es no Open Europeu de jud\u00f4 de Vars\u00f3via, na Pol\u00f4nia, foi de boas not\u00edcias para o jud\u00f4 do Brasil. E mais especificamente para a categoria meio-pesado feminino (at\u00e9 78 kg). Neste s\u00e1bado (22), Karol Gimenes garantiu a prata e Beatriz Freitas, o bronze. Karol conseguiu quatro vit\u00f3rias (duas por ippon, uma &hellip;\" \/>\n<meta property=\"og:url\" content=\"https:\/\/transamerica93.com.br\/home\/judocas-brasileiras-fazem-dobradinha-no-podio-do-open-europeu\/\" \/>\n<meta property=\"og:site_name\" content=\"Transam\u00e9rica Mococa 93,3\" \/>\n<meta property=\"article:publisher\" content=\"https:\/\/www.facebook.com\/transamericamococa\" \/>\n<meta property=\"article:published_time\" content=\"2025-02-25T15:00:39+00:00\" \/>\n<meta property=\"og:image\" content=\"https:\/\/transamerica93.com.br\/home\/wp-content\/uploads\/2025\/02\/2-2.jpg\" \/>\n\t<meta property=\"og:image:width\" content=\"1170\" \/>\n\t<meta property=\"og:image:height\" content=\"700\" \/>\n\t<meta property=\"og:image:type\" content=\"image\/jpeg\" \/>\n<meta name=\"author\" content=\"Reda\u00e7\u00e3o\" \/>\n<meta name=\"twitter:card\" content=\"summary_large_image\" \/>\n<meta name=\"twitter:creator\" content=\"@transamerica933\" \/>\n<meta name=\"twitter:site\" content=\"@transamerica933\" \/>\n<meta name=\"twitter:label1\" content=\"Escrito por\" \/>\n\t<meta name=\"twitter:data1\" content=\"Reda\u00e7\u00e3o\" \/>\n\t<meta name=\"twitter:label2\" content=\"Est. tempo de leitura\" \/>\n\t<meta name=\"twitter:data2\" content=\"3 minutos\" \/>\n<script type=\"application\/ld+json\" class=\"yoast-schema-graph\">{\"@context\":\"https:\\\/\\\/schema.org\",\"@graph\":[{\"@type\":\"Article\",\"@id\":\"https:\\\/\\\/transamerica93.com.br\\\/home\\\/judocas-brasileiras-fazem-dobradinha-no-podio-do-open-europeu\\\/#article\",\"isPartOf\":{\"@id\":\"https:\\\/\\\/transamerica93.com.br\\\/home\\\/judocas-brasileiras-fazem-dobradinha-no-podio-do-open-europeu\\\/\"},\"author\":{\"name\":\"Reda\u00e7\u00e3o\",\"@id\":\"https:\\\/\\\/transamerica93.com.br\\\/home\\\/#\\\/schema\\\/person\\\/7fed7c99c0d4562efa8561bc0f543172\"},\"headline\":\"Judocas brasileiras fazem dobradinha no p\u00f3dio do Open Europeu\",\"datePublished\":\"2025-02-25T15:00:39+00:00\",\"mainEntityOfPage\":{\"@id\":\"https:\\\/\\\/transamerica93.com.br\\\/home\\\/judocas-brasileiras-fazem-dobradinha-no-podio-do-open-europeu\\\/\"},\"wordCount\":236,\"publisher\":{\"@id\":\"https:\\\/\\\/transamerica93.com.br\\\/home\\\/#organization\"},\"image\":{\"@id\":\"https:\\\/\\\/transamerica93.com.br\\\/home\\\/judocas-brasileiras-fazem-dobradinha-no-podio-do-open-europeu\\\/#primaryimage\"},\"thumbnailUrl\":\"https:\\\/\\\/transamerica93.com.br\\\/home\\\/wp-content\\\/uploads\\\/2025\\\/02\\\/2-2.jpg\",\"articleSection\":[\"Esportes\"],\"inLanguage\":\"pt-BR\"},{\"@type\":\"WebPage\",\"@id\":\"https:\\\/\\\/transamerica93.com.br\\\/home\\\/judocas-brasileiras-fazem-dobradinha-no-podio-do-open-europeu\\\/\",\"url\":\"https:\\\/\\\/transamerica93.com.br\\\/home\\\/judocas-brasileiras-fazem-dobradinha-no-podio-do-open-europeu\\\/\",\"name\":\"Judocas brasileiras fazem dobradinha no p\u00f3dio do Open Europeu - Transam\u00e9rica Mococa 93,3\",\"isPartOf\":{\"@id\":\"https:\\\/\\\/transamerica93.com.br\\\/home\\\/#website\"},\"primaryImageOfPage\":{\"@id\":\"https:\\\/\\\/transamerica93.com.br\\\/home\\\/judocas-brasileiras-fazem-dobradinha-no-podio-do-open-europeu\\\/#primaryimage\"},\"image\":{\"@id\":\"https:\\\/\\\/transamerica93.com.br\\\/home\\\/judocas-brasileiras-fazem-dobradinha-no-podio-do-open-europeu\\\/#primaryimage\"},\"thumbnailUrl\":\"https:\\\/\\\/transamerica93.com.br\\\/home\\\/wp-content\\\/uploads\\\/2025\\\/02\\\/2-2.jpg\",\"datePublished\":\"2025-02-25T15:00:39+00:00\",\"breadcrumb\":{\"@id\":\"https:\\\/\\\/transamerica93.com.br\\\/home\\\/judocas-brasileiras-fazem-dobradinha-no-podio-do-open-europeu\\\/#breadcrumb\"},\"inLanguage\":\"pt-BR\",\"potentialAction\":[{\"@type\":\"ReadAction\",\"target\":[\"https:\\\/\\\/transamerica93.com.br\\\/home\\\/judocas-brasileiras-fazem-dobradinha-no-podio-do-open-europeu\\\/\"]}]},{\"@type\":\"ImageObject\",\"inLanguage\":\"pt-BR\",\"@id\":\"https:\\\/\\\/transamerica93.com.br\\\/home\\\/judocas-brasileiras-fazem-dobradinha-no-podio-do-open-europeu\\\/#primaryimage\",\"url\":\"https:\\\/\\\/transamerica93.com.br\\\/home\\\/wp-content\\\/uploads\\\/2025\\\/02\\\/2-2.jpg\",\"contentUrl\":\"https:\\\/\\\/transamerica93.com.br\\\/home\\\/wp-content\\\/uploads\\\/2025\\\/02\\\/2-2.jpg\",\"width\":1170,\"height\":700,\"caption\":\"\u00a9 Divulga\u00e7\u00e3o\\\/CBJ\"},{\"@type\":\"BreadcrumbList\",\"@id\":\"https:\\\/\\\/transamerica93.com.br\\\/home\\\/judocas-brasileiras-fazem-dobradinha-no-podio-do-open-europeu\\\/#breadcrumb\",\"itemListElement\":[{\"@type\":\"ListItem\",\"position\":1,\"name\":\"In\u00edcio\",\"item\":\"https:\\\/\\\/transamerica93.com.br\\\/home\\\/\"},{\"@type\":\"ListItem\",\"position\":2,\"name\":\"Judocas brasileiras fazem dobradinha no p\u00f3dio do Open Europeu\"}]},{\"@type\":\"WebSite\",\"@id\":\"https:\\\/\\\/transamerica93.com.br\\\/home\\\/#website\",\"url\":\"https:\\\/\\\/transamerica93.com.br\\\/home\\\/\",\"name\":\"Transam\u00e9rica Mococa 93,3\",\"description\":\"\",\"publisher\":{\"@id\":\"https:\\\/\\\/transamerica93.com.br\\\/home\\\/#organization\"},\"potentialAction\":[{\"@type\":\"SearchAction\",\"target\":{\"@type\":\"EntryPoint\",\"urlTemplate\":\"https:\\\/\\\/transamerica93.com.br\\\/home\\\/?s={search_term_string}\"},\"query-input\":{\"@type\":\"PropertyValueSpecification\",\"valueRequired\":true,\"valueName\":\"search_term_string\"}}],\"inLanguage\":\"pt-BR\"},{\"@type\":\"Organization\",\"@id\":\"https:\\\/\\\/transamerica93.com.br\\\/home\\\/#organization\",\"name\":\"Transam\u00e9rica Mococa 93,3\",\"url\":\"https:\\\/\\\/transamerica93.com.br\\\/home\\\/\",\"logo\":{\"@type\":\"ImageObject\",\"inLanguage\":\"pt-BR\",\"@id\":\"https:\\\/\\\/transamerica93.com.br\\\/home\\\/#\\\/schema\\\/logo\\\/image\\\/\",\"url\":\"https:\\\/\\\/transamerica93.com.br\\\/home\\\/wp-content\\\/uploads\\\/2023\\\/10\\\/logo2.png\",\"contentUrl\":\"https:\\\/\\\/transamerica93.com.br\\\/home\\\/wp-content\\\/uploads\\\/2023\\\/10\\\/logo2.png\",\"width\":800,\"height\":500,\"caption\":\"Transam\u00e9rica Mococa 93,3\"},\"image\":{\"@id\":\"https:\\\/\\\/transamerica93.com.br\\\/home\\\/#\\\/schema\\\/logo\\\/image\\\/\"},\"sameAs\":[\"https:\\\/\\\/www.facebook.com\\\/transamericamococa\",\"https:\\\/\\\/x.com\\\/transamerica933\",\"https:\\\/\\\/www.instagram.com\\\/transamericamococa\"]},{\"@type\":\"Person\",\"@id\":\"https:\\\/\\\/transamerica93.com.br\\\/home\\\/#\\\/schema\\\/person\\\/7fed7c99c0d4562efa8561bc0f543172\",\"name\":\"Reda\u00e7\u00e3o\",\"image\":{\"@type\":\"ImageObject\",\"inLanguage\":\"pt-BR\",\"@id\":\"https:\\\/\\\/secure.gravatar.com\\\/avatar\\\/1072c6b775fb02ef8506ce967551d95926669a6b7d2c2147b42eea4d7c68395e?s=96&d=mm&r=g\",\"url\":\"https:\\\/\\\/secure.gravatar.com\\\/avatar\\\/1072c6b775fb02ef8506ce967551d95926669a6b7d2c2147b42eea4d7c68395e?s=96&d=mm&r=g\",\"contentUrl\":\"https:\\\/\\\/secure.gravatar.com\\\/avatar\\\/1072c6b775fb02ef8506ce967551d95926669a6b7d2c2147b42eea4d7c68395e?s=96&d=mm&r=g\",\"caption\":\"Reda\u00e7\u00e3o\"},\"sameAs\":[\"https:\\\/\\\/transamerica93.com.br\\\/home\"],\"url\":\"https:\\\/\\\/transamerica93.com.br\\\/home\\\/author\\\/william\\\/\"}]}<\/script>\n<!-- \/ Yoast SEO plugin. -->","yoast_head_json":{"title":"Judocas brasileiras fazem dobradinha no p\u00f3dio do Open Europeu - Transam\u00e9rica Mococa 93,3","robots":{"index":"index","follow":"follow","max-snippet":"max-snippet:-1","max-image-preview":"max-image-preview:large","max-video-preview":"max-video-preview:-1"},"canonical":"https:\/\/transamerica93.com.br\/home\/judocas-brasileiras-fazem-dobradinha-no-podio-do-open-europeu\/","og_locale":"pt_BR","og_type":"article","og_title":"Judocas brasileiras fazem dobradinha no p\u00f3dio do Open Europeu - Transam\u00e9rica Mococa 93,3","og_description":"O primeiro dia de competi\u00e7\u00f5es no Open Europeu de jud\u00f4 de Vars\u00f3via, na Pol\u00f4nia, foi de boas not\u00edcias para o jud\u00f4 do Brasil. E mais especificamente para a categoria meio-pesado feminino (at\u00e9 78 kg). Neste s\u00e1bado (22), Karol Gimenes garantiu a prata e Beatriz Freitas, o bronze. Karol conseguiu quatro vit\u00f3rias (duas por ippon, uma &hellip;","og_url":"https:\/\/transamerica93.com.br\/home\/judocas-brasileiras-fazem-dobradinha-no-podio-do-open-europeu\/","og_site_name":"Transam\u00e9rica Mococa 93,3","article_publisher":"https:\/\/www.facebook.com\/transamericamococa","article_published_time":"2025-02-25T15:00:39+00:00","og_image":[{"width":1170,"height":700,"url":"https:\/\/transamerica93.com.br\/home\/wp-content\/uploads\/2025\/02\/2-2.jpg","type":"image\/jpeg"}],"author":"Reda\u00e7\u00e3o","twitter_card":"summary_large_image","twitter_creator":"@transamerica933","twitter_site":"@transamerica933","twitter_misc":{"Escrito por":"Reda\u00e7\u00e3o","Est. tempo de leitura":"3 minutos"},"schema":{"@context":"https:\/\/schema.org","@graph":[{"@type":"Article","@id":"https:\/\/transamerica93.com.br\/home\/judocas-brasileiras-fazem-dobradinha-no-podio-do-open-europeu\/#article","isPartOf":{"@id":"https:\/\/transamerica93.com.br\/home\/judocas-brasileiras-fazem-dobradinha-no-podio-do-open-europeu\/"},"author":{"name":"Reda\u00e7\u00e3o","@id":"https:\/\/transamerica93.com.br\/home\/#\/schema\/person\/7fed7c99c0d4562efa8561bc0f543172"},"headline":"Judocas brasileiras fazem dobradinha no p\u00f3dio do Open Europeu","datePublished":"2025-02-25T15:00:39+00:00","mainEntityOfPage":{"@id":"https:\/\/transamerica93.com.br\/home\/judocas-brasileiras-fazem-dobradinha-no-podio-do-open-europeu\/"},"wordCount":236,"publisher":{"@id":"https:\/\/transamerica93.com.br\/home\/#organization"},"image":{"@id":"https:\/\/transamerica93.com.br\/home\/judocas-brasileiras-fazem-dobradinha-no-podio-do-open-europeu\/#primaryimage"},"thumbnailUrl":"https:\/\/transamerica93.com.br\/home\/wp-content\/uploads\/2025\/02\/2-2.jpg","articleSection":["Esportes"],"inLanguage":"pt-BR"},{"@type":"WebPage","@id":"https:\/\/transamerica93.com.br\/home\/judocas-brasileiras-fazem-dobradinha-no-podio-do-open-europeu\/","url":"https:\/\/transamerica93.com.br\/home\/judocas-brasileiras-fazem-dobradinha-no-podio-do-open-europeu\/","name":"Judocas brasileiras fazem dobradinha no p\u00f3dio do Open Europeu - Transam\u00e9rica Mococa 93,3","isPartOf":{"@id":"https:\/\/transamerica93.com.br\/home\/#website"},"primaryImageOfPage":{"@id":"https:\/\/transamerica93.com.br\/home\/judocas-brasileiras-fazem-dobradinha-no-podio-do-open-europeu\/#primaryimage"},"image":{"@id":"https:\/\/transamerica93.com.br\/home\/judocas-brasileiras-fazem-dobradinha-no-podio-do-open-europeu\/#primaryimage"},"thumbnailUrl":"https:\/\/transamerica93.com.br\/home\/wp-content\/uploads\/2025\/02\/2-2.jpg","datePublished":"2025-02-25T15:00:39+00:00","breadcrumb":{"@id":"https:\/\/transamerica93.com.br\/home\/judocas-brasileiras-fazem-dobradinha-no-podio-do-open-europeu\/#breadcrumb"},"inLanguage":"pt-BR","potentialAction":[{"@type":"ReadAction","target":["https:\/\/transamerica93.com.br\/home\/judocas-brasileiras-fazem-dobradinha-no-podio-do-open-europeu\/"]}]},{"@type":"ImageObject","inLanguage":"pt-BR","@id":"https:\/\/transamerica93.com.br\/home\/judocas-brasileiras-fazem-dobradinha-no-podio-do-open-europeu\/#primaryimage","url":"https:\/\/transamerica93.com.br\/home\/wp-content\/uploads\/2025\/02\/2-2.jpg","contentUrl":"https:\/\/transamerica93.com.br\/home\/wp-content\/uploads\/2025\/02\/2-2.jpg","width":1170,"height":700,"caption":"\u00a9 Divulga\u00e7\u00e3o\/CBJ"},{"@type":"BreadcrumbList","@id":"https:\/\/transamerica93.com.br\/home\/judocas-brasileiras-fazem-dobradinha-no-podio-do-open-europeu\/#breadcrumb","itemListElement":[{"@type":"ListItem","position":1,"name":"In\u00edcio","item":"https:\/\/transamerica93.com.br\/home\/"},{"@type":"ListItem","position":2,"name":"Judocas brasileiras fazem dobradinha no p\u00f3dio do Open Europeu"}]},{"@type":"WebSite","@id":"https:\/\/transamerica93.com.br\/home\/#website","url":"https:\/\/transamerica93.com.br\/home\/","name":"Transam\u00e9rica Mococa 93,3","description":"","publisher":{"@id":"https:\/\/transamerica93.com.br\/home\/#organization"},"potentialAction":[{"@type":"SearchAction","target":{"@type":"EntryPoint","urlTemplate":"https:\/\/transamerica93.com.br\/home\/?s={search_term_string}"},"query-input":{"@type":"PropertyValueSpecification","valueRequired":true,"valueName":"search_term_string"}}],"inLanguage":"pt-BR"},{"@type":"Organization","@id":"https:\/\/transamerica93.com.br\/home\/#organization","name":"Transam\u00e9rica Mococa 93,3","url":"https:\/\/transamerica93.com.br\/home\/","logo":{"@type":"ImageObject","inLanguage":"pt-BR","@id":"https:\/\/transamerica93.com.br\/home\/#\/schema\/logo\/image\/","url":"https:\/\/transamerica93.com.br\/home\/wp-content\/uploads\/2023\/10\/logo2.png","contentUrl":"https:\/\/transamerica93.com.br\/home\/wp-content\/uploads\/2023\/10\/logo2.png","width":800,"height":500,"caption":"Transam\u00e9rica Mococa 93,3"},"image":{"@id":"https:\/\/transamerica93.com.br\/home\/#\/schema\/logo\/image\/"},"sameAs":["https:\/\/www.facebook.com\/transamericamococa","https:\/\/x.com\/transamerica933","https:\/\/www.instagram.com\/transamericamococa"]},{"@type":"Person","@id":"https:\/\/transamerica93.com.br\/home\/#\/schema\/person\/7fed7c99c0d4562efa8561bc0f543172","name":"Reda\u00e7\u00e3o","image":{"@type":"ImageObject","inLanguage":"pt-BR","@id":"https:\/\/secure.gravatar.com\/avatar\/1072c6b775fb02ef8506ce967551d95926669a6b7d2c2147b42eea4d7c68395e?s=96&d=mm&r=g","url":"https:\/\/secure.gravatar.com\/avatar\/1072c6b775fb02ef8506ce967551d95926669a6b7d2c2147b42eea4d7c68395e?s=96&d=mm&r=g","contentUrl":"https:\/\/secure.gravatar.com\/avatar\/1072c6b775fb02ef8506ce967551d95926669a6b7d2c2147b42eea4d7c68395e?s=96&d=mm&r=g","caption":"Reda\u00e7\u00e3o"},"sameAs":["https:\/\/transamerica93.com.br\/home"],"url":"https:\/\/transamerica93.com.br\/home\/author\/william\/"}]}},"_links":{"self":[{"href":"https:\/\/transamerica93.com.br\/home\/wp-json\/wp\/v2\/posts\/4772","targetHints":{"allow":["GET"]}}],"collection":[{"href":"https:\/\/transamerica93.com.br\/home\/wp-json\/wp\/v2\/posts"}],"about":[{"href":"https:\/\/transamerica93.com.br\/home\/wp-json\/wp\/v2\/types\/post"}],"author":[{"embeddable":true,"href":"https:\/\/transamerica93.com.br\/home\/wp-json\/wp\/v2\/users\/1"}],"replies":[{"embeddable":true,"href":"https:\/\/transamerica93.com.br\/home\/wp-json\/wp\/v2\/comments?post=4772"}],"version-history":[{"count":1,"href":"https:\/\/transamerica93.com.br\/home\/wp-json\/wp\/v2\/posts\/4772\/revisions"}],"predecessor-version":[{"id":4773,"href":"https:\/\/transamerica93.com.br\/home\/wp-json\/wp\/v2\/posts\/4772\/revisions\/4773"}],"wp:featuredmedia":[{"embeddable":true,"href":"https:\/\/transamerica93.com.br\/home\/wp-json\/wp\/v2\/media\/4766"}],"wp:attachment":[{"href":"https:\/\/transamerica93.com.br\/home\/wp-json\/wp\/v2\/media?parent=4772"}],"wp:term":[{"taxonomy":"category","embeddable":true,"href":"https:\/\/transamerica93.com.br\/home\/wp-json\/wp\/v2\/categories?post=4772"},{"taxonomy":"post_tag","embeddable":true,"href":"https:\/\/transamerica93.com.br\/home\/wp-json\/wp\/v2\/tags?post=4772"}],"curies":[{"name":"wp","href":"https:\/\/api.w.org\/{rel}","templated":true}]}}