{"id":4774,"date":"2025-02-26T12:00:36","date_gmt":"2025-02-26T15:00:36","guid":{"rendered":"https:\/\/transamerica93.com.br\/home\/?p=4774"},"modified":"2025-02-23T06:34:43","modified_gmt":"2025-02-23T09:34:43","slug":"tenis-em-cadeira-de-rodas-brasil-tera-trio-feminino-na-copa-do-mundo","status":"publish","type":"post","link":"https:\/\/transamerica93.com.br\/home\/tenis-em-cadeira-de-rodas-brasil-tera-trio-feminino-na-copa-do-mundo\/","title":{"rendered":"T\u00eanis em cadeira de rodas: Brasil ter\u00e1 trio feminino na Copa do Mundo"},"content":{"rendered":"<div class=\"conteudo-noticia\">\n<p>O Brasil assegurou presen\u00e7a na Copa do Mundo de t\u00eanis em cadeira de rodas por equipes femininas ap\u00f3s vencer o torneio qualificat\u00f3rio em Cuenca, no Equador. O trio formado por Meirycoll Durvall, Vit\u00f3ria Mirada e Jade Lanai se junta a equipe brasileira masculina (categorias Open, Quad e J\u00fanior) que assegurou presen\u00e7a no ano passado. A Copa do Mundo ocorrer\u00e1 entre 6 e 11 de maio em Ant\u00e1lia (Turquia).<img decoding=\"async\" data-src=\"https:\/\/agenciabrasil.ebc.com.br\/ebc.png?id=1631469&amp;o=node\" src=\"data:image\/svg+xml;base64,PHN2ZyB3aWR0aD0iMSIgaGVpZ2h0PSIxIiB4bWxucz0iaHR0cDovL3d3dy53My5vcmcvMjAwMC9zdmciPjwvc3ZnPg==\" class=\"lazyload\" \/><img decoding=\"async\" data-src=\"https:\/\/agenciabrasil.ebc.com.br\/ebc.gif?id=1631469&amp;o=node\" src=\"data:image\/svg+xml;base64,PHN2ZyB3aWR0aD0iMSIgaGVpZ2h0PSIxIiB4bWxucz0iaHR0cDovL3d3dy53My5vcmcvMjAwMC9zdmciPjwvc3ZnPg==\" class=\"lazyload\" \/><\/p>\n<p>A equipe nacional chegou embalada no Equador, com duas tenistas campe\u00e3s no circuito internacional. A mineira Vit\u00f3ria Mirada faturou os t\u00edtulos de simples e de duplas no Aberto da Austr\u00e1lia deste ano, assim como o fizera a tocantinense Jade Lanai no US Open de 2022.<\/p>\n<p>O qualificat\u00f3rio contou ainda com a participa\u00e7\u00e3o de Chile e Equador. Todas as sele\u00e7\u00f5es se enfrentaram em grupo \u00fanico e apenas a primeira colocada, no caso a brasileira, arantiu a vaga na Copa do Mundo, na Turquia.<\/p>\n<p>O trio verde e amarelo selou a classifica\u00e7\u00e3o na quinta (20), ap\u00f3s derrotar o Chile na \u00faltima rodada, por 2 jogos a 1. Na primeira partida, a mineira Meirycoll derrotou Gl\u00f3ria Llamin por 2 sets a 0 (parciais de 6\/3 e 6\/0); na sequ\u00eancia, Vit\u00f3ria Miranda foi superada por Macarena Cabrillana por 2 a 1 (4\/6, 6\/2 e 6\/1); mas no terceiro e \u00faltimo jogo, as brasileiras Jade e Meirycoll cravaram 2 sets a 0 sobre as advers\u00e1ria Macarena e Glo\u0301ria.<\/p>\n<div class=\"noticias-relacionadas rel-position rowflex\">\n<div class=\"capa-noticia-relacionada\"><\/div>\n<\/div>\n<\/div>\n<div class=\"footer-noticia\">\n<div class=\"editor rowflex\">Edi\u00e7\u00e3o: Cl\u00e1udia Soares Rodrigues<\/div>\n<\/div>\n","protected":false},"excerpt":{"rendered":"<p>O Brasil assegurou presen\u00e7a na Copa do Mundo de t\u00eanis em cadeira de rodas por equipes femininas ap\u00f3s vencer o torneio qualificat\u00f3rio em Cuenca, no Equador. O trio formado por Meirycoll Durvall, Vit\u00f3ria Mirada e Jade Lanai se junta a equipe brasileira masculina (categorias Open, Quad e J\u00fanior) que assegurou presen\u00e7a no ano passado. A &hellip;<\/p>\n","protected":false},"author":1,"featured_media":4767,"comment_status":"closed","ping_status":"closed","sticky":false,"template":"","format":"standard","meta":{"footnotes":""},"categories":[31],"tags":[],"class_list":["post-4774","post","type-post","status-publish","format-standard","has-post-thumbnail","hentry","category-esportes"],"yoast_head":"<!-- This site is optimized with the Yoast SEO plugin v27.4 - https:\/\/yoast.com\/product\/yoast-seo-wordpress\/ -->\n<title>T\u00eanis em cadeira de rodas: Brasil ter\u00e1 trio feminino na Copa do Mundo - Transam\u00e9rica Mococa 93,3<\/title>\n<meta name=\"robots\" content=\"index, follow, max-snippet:-1, max-image-preview:large, max-video-preview:-1\" \/>\n<link rel=\"canonical\" href=\"https:\/\/transamerica93.com.br\/home\/tenis-em-cadeira-de-rodas-brasil-tera-trio-feminino-na-copa-do-mundo\/\" \/>\n<meta property=\"og:locale\" content=\"pt_BR\" \/>\n<meta property=\"og:type\" content=\"article\" \/>\n<meta property=\"og:title\" content=\"T\u00eanis em cadeira de rodas: Brasil ter\u00e1 trio feminino na Copa do Mundo - Transam\u00e9rica Mococa 93,3\" \/>\n<meta property=\"og:description\" content=\"O Brasil assegurou presen\u00e7a na Copa do Mundo de t\u00eanis em cadeira de rodas por equipes femininas ap\u00f3s vencer o torneio qualificat\u00f3rio em Cuenca, no Equador. O trio formado por Meirycoll Durvall, Vit\u00f3ria Mirada e Jade Lanai se junta a equipe brasileira masculina (categorias Open, Quad e J\u00fanior) que assegurou presen\u00e7a no ano passado. A &hellip;\" \/>\n<meta property=\"og:url\" content=\"https:\/\/transamerica93.com.br\/home\/tenis-em-cadeira-de-rodas-brasil-tera-trio-feminino-na-copa-do-mundo\/\" \/>\n<meta property=\"og:site_name\" content=\"Transam\u00e9rica Mococa 93,3\" \/>\n<meta property=\"article:publisher\" content=\"https:\/\/www.facebook.com\/transamericamococa\" \/>\n<meta property=\"article:published_time\" content=\"2025-02-26T15:00:36+00:00\" \/>\n<meta property=\"og:image\" content=\"https:\/\/transamerica93.com.br\/home\/wp-content\/uploads\/2025\/02\/3-2.jpg\" \/>\n\t<meta property=\"og:image:width\" content=\"1170\" \/>\n\t<meta property=\"og:image:height\" content=\"700\" \/>\n\t<meta property=\"og:image:type\" content=\"image\/jpeg\" \/>\n<meta name=\"author\" content=\"Reda\u00e7\u00e3o\" \/>\n<meta name=\"twitter:card\" content=\"summary_large_image\" \/>\n<meta name=\"twitter:creator\" content=\"@transamerica933\" \/>\n<meta name=\"twitter:site\" content=\"@transamerica933\" \/>\n<meta name=\"twitter:label1\" content=\"Escrito por\" \/>\n\t<meta name=\"twitter:data1\" content=\"Reda\u00e7\u00e3o\" \/>\n\t<meta name=\"twitter:label2\" content=\"Est. tempo de leitura\" \/>\n\t<meta name=\"twitter:data2\" content=\"2 minutos\" \/>\n<script type=\"application\/ld+json\" class=\"yoast-schema-graph\">{\"@context\":\"https:\\\/\\\/schema.org\",\"@graph\":[{\"@type\":\"Article\",\"@id\":\"https:\\\/\\\/transamerica93.com.br\\\/home\\\/tenis-em-cadeira-de-rodas-brasil-tera-trio-feminino-na-copa-do-mundo\\\/#article\",\"isPartOf\":{\"@id\":\"https:\\\/\\\/transamerica93.com.br\\\/home\\\/tenis-em-cadeira-de-rodas-brasil-tera-trio-feminino-na-copa-do-mundo\\\/\"},\"author\":{\"name\":\"Reda\u00e7\u00e3o\",\"@id\":\"https:\\\/\\\/transamerica93.com.br\\\/home\\\/#\\\/schema\\\/person\\\/7fed7c99c0d4562efa8561bc0f543172\"},\"headline\":\"T\u00eanis em cadeira de rodas: Brasil ter\u00e1 trio feminino na Copa do Mundo\",\"datePublished\":\"2025-02-26T15:00:36+00:00\",\"mainEntityOfPage\":{\"@id\":\"https:\\\/\\\/transamerica93.com.br\\\/home\\\/tenis-em-cadeira-de-rodas-brasil-tera-trio-feminino-na-copa-do-mundo\\\/\"},\"wordCount\":256,\"publisher\":{\"@id\":\"https:\\\/\\\/transamerica93.com.br\\\/home\\\/#organization\"},\"image\":{\"@id\":\"https:\\\/\\\/transamerica93.com.br\\\/home\\\/tenis-em-cadeira-de-rodas-brasil-tera-trio-feminino-na-copa-do-mundo\\\/#primaryimage\"},\"thumbnailUrl\":\"https:\\\/\\\/transamerica93.com.br\\\/home\\\/wp-content\\\/uploads\\\/2025\\\/02\\\/3-2.jpg\",\"articleSection\":[\"Esportes\"],\"inLanguage\":\"pt-BR\"},{\"@type\":\"WebPage\",\"@id\":\"https:\\\/\\\/transamerica93.com.br\\\/home\\\/tenis-em-cadeira-de-rodas-brasil-tera-trio-feminino-na-copa-do-mundo\\\/\",\"url\":\"https:\\\/\\\/transamerica93.com.br\\\/home\\\/tenis-em-cadeira-de-rodas-brasil-tera-trio-feminino-na-copa-do-mundo\\\/\",\"name\":\"T\u00eanis em cadeira de rodas: Brasil ter\u00e1 trio feminino na Copa do Mundo - Transam\u00e9rica Mococa 93,3\",\"isPartOf\":{\"@id\":\"https:\\\/\\\/transamerica93.com.br\\\/home\\\/#website\"},\"primaryImageOfPage\":{\"@id\":\"https:\\\/\\\/transamerica93.com.br\\\/home\\\/tenis-em-cadeira-de-rodas-brasil-tera-trio-feminino-na-copa-do-mundo\\\/#primaryimage\"},\"image\":{\"@id\":\"https:\\\/\\\/transamerica93.com.br\\\/home\\\/tenis-em-cadeira-de-rodas-brasil-tera-trio-feminino-na-copa-do-mundo\\\/#primaryimage\"},\"thumbnailUrl\":\"https:\\\/\\\/transamerica93.com.br\\\/home\\\/wp-content\\\/uploads\\\/2025\\\/02\\\/3-2.jpg\",\"datePublished\":\"2025-02-26T15:00:36+00:00\",\"breadcrumb\":{\"@id\":\"https:\\\/\\\/transamerica93.com.br\\\/home\\\/tenis-em-cadeira-de-rodas-brasil-tera-trio-feminino-na-copa-do-mundo\\\/#breadcrumb\"},\"inLanguage\":\"pt-BR\",\"potentialAction\":[{\"@type\":\"ReadAction\",\"target\":[\"https:\\\/\\\/transamerica93.com.br\\\/home\\\/tenis-em-cadeira-de-rodas-brasil-tera-trio-feminino-na-copa-do-mundo\\\/\"]}]},{\"@type\":\"ImageObject\",\"inLanguage\":\"pt-BR\",\"@id\":\"https:\\\/\\\/transamerica93.com.br\\\/home\\\/tenis-em-cadeira-de-rodas-brasil-tera-trio-feminino-na-copa-do-mundo\\\/#primaryimage\",\"url\":\"https:\\\/\\\/transamerica93.com.br\\\/home\\\/wp-content\\\/uploads\\\/2025\\\/02\\\/3-2.jpg\",\"contentUrl\":\"https:\\\/\\\/transamerica93.com.br\\\/home\\\/wp-content\\\/uploads\\\/2025\\\/02\\\/3-2.jpg\",\"width\":1170,\"height\":700,\"caption\":\"\u00a9 Alessandra Cabral\\\/CPB\\\/Direitos Reserevados\"},{\"@type\":\"BreadcrumbList\",\"@id\":\"https:\\\/\\\/transamerica93.com.br\\\/home\\\/tenis-em-cadeira-de-rodas-brasil-tera-trio-feminino-na-copa-do-mundo\\\/#breadcrumb\",\"itemListElement\":[{\"@type\":\"ListItem\",\"position\":1,\"name\":\"In\u00edcio\",\"item\":\"https:\\\/\\\/transamerica93.com.br\\\/home\\\/\"},{\"@type\":\"ListItem\",\"position\":2,\"name\":\"T\u00eanis em cadeira de rodas: Brasil ter\u00e1 trio feminino na Copa do Mundo\"}]},{\"@type\":\"WebSite\",\"@id\":\"https:\\\/\\\/transamerica93.com.br\\\/home\\\/#website\",\"url\":\"https:\\\/\\\/transamerica93.com.br\\\/home\\\/\",\"name\":\"Transam\u00e9rica Mococa 93,3\",\"description\":\"\",\"publisher\":{\"@id\":\"https:\\\/\\\/transamerica93.com.br\\\/home\\\/#organization\"},\"potentialAction\":[{\"@type\":\"SearchAction\",\"target\":{\"@type\":\"EntryPoint\",\"urlTemplate\":\"https:\\\/\\\/transamerica93.com.br\\\/home\\\/?s={search_term_string}\"},\"query-input\":{\"@type\":\"PropertyValueSpecification\",\"valueRequired\":true,\"valueName\":\"search_term_string\"}}],\"inLanguage\":\"pt-BR\"},{\"@type\":\"Organization\",\"@id\":\"https:\\\/\\\/transamerica93.com.br\\\/home\\\/#organization\",\"name\":\"Transam\u00e9rica Mococa 93,3\",\"url\":\"https:\\\/\\\/transamerica93.com.br\\\/home\\\/\",\"logo\":{\"@type\":\"ImageObject\",\"inLanguage\":\"pt-BR\",\"@id\":\"https:\\\/\\\/transamerica93.com.br\\\/home\\\/#\\\/schema\\\/logo\\\/image\\\/\",\"url\":\"https:\\\/\\\/transamerica93.com.br\\\/home\\\/wp-content\\\/uploads\\\/2023\\\/10\\\/logo2.png\",\"contentUrl\":\"https:\\\/\\\/transamerica93.com.br\\\/home\\\/wp-content\\\/uploads\\\/2023\\\/10\\\/logo2.png\",\"width\":800,\"height\":500,\"caption\":\"Transam\u00e9rica Mococa 93,3\"},\"image\":{\"@id\":\"https:\\\/\\\/transamerica93.com.br\\\/home\\\/#\\\/schema\\\/logo\\\/image\\\/\"},\"sameAs\":[\"https:\\\/\\\/www.facebook.com\\\/transamericamococa\",\"https:\\\/\\\/x.com\\\/transamerica933\",\"https:\\\/\\\/www.instagram.com\\\/transamericamococa\"]},{\"@type\":\"Person\",\"@id\":\"https:\\\/\\\/transamerica93.com.br\\\/home\\\/#\\\/schema\\\/person\\\/7fed7c99c0d4562efa8561bc0f543172\",\"name\":\"Reda\u00e7\u00e3o\",\"image\":{\"@type\":\"ImageObject\",\"inLanguage\":\"pt-BR\",\"@id\":\"https:\\\/\\\/secure.gravatar.com\\\/avatar\\\/1072c6b775fb02ef8506ce967551d95926669a6b7d2c2147b42eea4d7c68395e?s=96&d=mm&r=g\",\"url\":\"https:\\\/\\\/secure.gravatar.com\\\/avatar\\\/1072c6b775fb02ef8506ce967551d95926669a6b7d2c2147b42eea4d7c68395e?s=96&d=mm&r=g\",\"contentUrl\":\"https:\\\/\\\/secure.gravatar.com\\\/avatar\\\/1072c6b775fb02ef8506ce967551d95926669a6b7d2c2147b42eea4d7c68395e?s=96&d=mm&r=g\",\"caption\":\"Reda\u00e7\u00e3o\"},\"sameAs\":[\"https:\\\/\\\/transamerica93.com.br\\\/home\"],\"url\":\"https:\\\/\\\/transamerica93.com.br\\\/home\\\/author\\\/william\\\/\"}]}<\/script>\n<!-- \/ Yoast SEO plugin. -->","yoast_head_json":{"title":"T\u00eanis em cadeira de rodas: Brasil ter\u00e1 trio feminino na Copa do Mundo - Transam\u00e9rica Mococa 93,3","robots":{"index":"index","follow":"follow","max-snippet":"max-snippet:-1","max-image-preview":"max-image-preview:large","max-video-preview":"max-video-preview:-1"},"canonical":"https:\/\/transamerica93.com.br\/home\/tenis-em-cadeira-de-rodas-brasil-tera-trio-feminino-na-copa-do-mundo\/","og_locale":"pt_BR","og_type":"article","og_title":"T\u00eanis em cadeira de rodas: Brasil ter\u00e1 trio feminino na Copa do Mundo - Transam\u00e9rica Mococa 93,3","og_description":"O Brasil assegurou presen\u00e7a na Copa do Mundo de t\u00eanis em cadeira de rodas por equipes femininas ap\u00f3s vencer o torneio qualificat\u00f3rio em Cuenca, no Equador. O trio formado por Meirycoll Durvall, Vit\u00f3ria Mirada e Jade Lanai se junta a equipe brasileira masculina (categorias Open, Quad e J\u00fanior) que assegurou presen\u00e7a no ano passado. A &hellip;","og_url":"https:\/\/transamerica93.com.br\/home\/tenis-em-cadeira-de-rodas-brasil-tera-trio-feminino-na-copa-do-mundo\/","og_site_name":"Transam\u00e9rica Mococa 93,3","article_publisher":"https:\/\/www.facebook.com\/transamericamococa","article_published_time":"2025-02-26T15:00:36+00:00","og_image":[{"width":1170,"height":700,"url":"https:\/\/transamerica93.com.br\/home\/wp-content\/uploads\/2025\/02\/3-2.jpg","type":"image\/jpeg"}],"author":"Reda\u00e7\u00e3o","twitter_card":"summary_large_image","twitter_creator":"@transamerica933","twitter_site":"@transamerica933","twitter_misc":{"Escrito por":"Reda\u00e7\u00e3o","Est. tempo de leitura":"2 minutos"},"schema":{"@context":"https:\/\/schema.org","@graph":[{"@type":"Article","@id":"https:\/\/transamerica93.com.br\/home\/tenis-em-cadeira-de-rodas-brasil-tera-trio-feminino-na-copa-do-mundo\/#article","isPartOf":{"@id":"https:\/\/transamerica93.com.br\/home\/tenis-em-cadeira-de-rodas-brasil-tera-trio-feminino-na-copa-do-mundo\/"},"author":{"name":"Reda\u00e7\u00e3o","@id":"https:\/\/transamerica93.com.br\/home\/#\/schema\/person\/7fed7c99c0d4562efa8561bc0f543172"},"headline":"T\u00eanis em cadeira de rodas: Brasil ter\u00e1 trio feminino na Copa do Mundo","datePublished":"2025-02-26T15:00:36+00:00","mainEntityOfPage":{"@id":"https:\/\/transamerica93.com.br\/home\/tenis-em-cadeira-de-rodas-brasil-tera-trio-feminino-na-copa-do-mundo\/"},"wordCount":256,"publisher":{"@id":"https:\/\/transamerica93.com.br\/home\/#organization"},"image":{"@id":"https:\/\/transamerica93.com.br\/home\/tenis-em-cadeira-de-rodas-brasil-tera-trio-feminino-na-copa-do-mundo\/#primaryimage"},"thumbnailUrl":"https:\/\/transamerica93.com.br\/home\/wp-content\/uploads\/2025\/02\/3-2.jpg","articleSection":["Esportes"],"inLanguage":"pt-BR"},{"@type":"WebPage","@id":"https:\/\/transamerica93.com.br\/home\/tenis-em-cadeira-de-rodas-brasil-tera-trio-feminino-na-copa-do-mundo\/","url":"https:\/\/transamerica93.com.br\/home\/tenis-em-cadeira-de-rodas-brasil-tera-trio-feminino-na-copa-do-mundo\/","name":"T\u00eanis em cadeira de rodas: Brasil ter\u00e1 trio feminino na Copa do Mundo - Transam\u00e9rica Mococa 93,3","isPartOf":{"@id":"https:\/\/transamerica93.com.br\/home\/#website"},"primaryImageOfPage":{"@id":"https:\/\/transamerica93.com.br\/home\/tenis-em-cadeira-de-rodas-brasil-tera-trio-feminino-na-copa-do-mundo\/#primaryimage"},"image":{"@id":"https:\/\/transamerica93.com.br\/home\/tenis-em-cadeira-de-rodas-brasil-tera-trio-feminino-na-copa-do-mundo\/#primaryimage"},"thumbnailUrl":"https:\/\/transamerica93.com.br\/home\/wp-content\/uploads\/2025\/02\/3-2.jpg","datePublished":"2025-02-26T15:00:36+00:00","breadcrumb":{"@id":"https:\/\/transamerica93.com.br\/home\/tenis-em-cadeira-de-rodas-brasil-tera-trio-feminino-na-copa-do-mundo\/#breadcrumb"},"inLanguage":"pt-BR","potentialAction":[{"@type":"ReadAction","target":["https:\/\/transamerica93.com.br\/home\/tenis-em-cadeira-de-rodas-brasil-tera-trio-feminino-na-copa-do-mundo\/"]}]},{"@type":"ImageObject","inLanguage":"pt-BR","@id":"https:\/\/transamerica93.com.br\/home\/tenis-em-cadeira-de-rodas-brasil-tera-trio-feminino-na-copa-do-mundo\/#primaryimage","url":"https:\/\/transamerica93.com.br\/home\/wp-content\/uploads\/2025\/02\/3-2.jpg","contentUrl":"https:\/\/transamerica93.com.br\/home\/wp-content\/uploads\/2025\/02\/3-2.jpg","width":1170,"height":700,"caption":"\u00a9 Alessandra Cabral\/CPB\/Direitos Reserevados"},{"@type":"BreadcrumbList","@id":"https:\/\/transamerica93.com.br\/home\/tenis-em-cadeira-de-rodas-brasil-tera-trio-feminino-na-copa-do-mundo\/#breadcrumb","itemListElement":[{"@type":"ListItem","position":1,"name":"In\u00edcio","item":"https:\/\/transamerica93.com.br\/home\/"},{"@type":"ListItem","position":2,"name":"T\u00eanis em cadeira de rodas: Brasil ter\u00e1 trio feminino na Copa do Mundo"}]},{"@type":"WebSite","@id":"https:\/\/transamerica93.com.br\/home\/#website","url":"https:\/\/transamerica93.com.br\/home\/","name":"Transam\u00e9rica Mococa 93,3","description":"","publisher":{"@id":"https:\/\/transamerica93.com.br\/home\/#organization"},"potentialAction":[{"@type":"SearchAction","target":{"@type":"EntryPoint","urlTemplate":"https:\/\/transamerica93.com.br\/home\/?s={search_term_string}"},"query-input":{"@type":"PropertyValueSpecification","valueRequired":true,"valueName":"search_term_string"}}],"inLanguage":"pt-BR"},{"@type":"Organization","@id":"https:\/\/transamerica93.com.br\/home\/#organization","name":"Transam\u00e9rica Mococa 93,3","url":"https:\/\/transamerica93.com.br\/home\/","logo":{"@type":"ImageObject","inLanguage":"pt-BR","@id":"https:\/\/transamerica93.com.br\/home\/#\/schema\/logo\/image\/","url":"https:\/\/transamerica93.com.br\/home\/wp-content\/uploads\/2023\/10\/logo2.png","contentUrl":"https:\/\/transamerica93.com.br\/home\/wp-content\/uploads\/2023\/10\/logo2.png","width":800,"height":500,"caption":"Transam\u00e9rica Mococa 93,3"},"image":{"@id":"https:\/\/transamerica93.com.br\/home\/#\/schema\/logo\/image\/"},"sameAs":["https:\/\/www.facebook.com\/transamericamococa","https:\/\/x.com\/transamerica933","https:\/\/www.instagram.com\/transamericamococa"]},{"@type":"Person","@id":"https:\/\/transamerica93.com.br\/home\/#\/schema\/person\/7fed7c99c0d4562efa8561bc0f543172","name":"Reda\u00e7\u00e3o","image":{"@type":"ImageObject","inLanguage":"pt-BR","@id":"https:\/\/secure.gravatar.com\/avatar\/1072c6b775fb02ef8506ce967551d95926669a6b7d2c2147b42eea4d7c68395e?s=96&d=mm&r=g","url":"https:\/\/secure.gravatar.com\/avatar\/1072c6b775fb02ef8506ce967551d95926669a6b7d2c2147b42eea4d7c68395e?s=96&d=mm&r=g","contentUrl":"https:\/\/secure.gravatar.com\/avatar\/1072c6b775fb02ef8506ce967551d95926669a6b7d2c2147b42eea4d7c68395e?s=96&d=mm&r=g","caption":"Reda\u00e7\u00e3o"},"sameAs":["https:\/\/transamerica93.com.br\/home"],"url":"https:\/\/transamerica93.com.br\/home\/author\/william\/"}]}},"_links":{"self":[{"href":"https:\/\/transamerica93.com.br\/home\/wp-json\/wp\/v2\/posts\/4774","targetHints":{"allow":["GET"]}}],"collection":[{"href":"https:\/\/transamerica93.com.br\/home\/wp-json\/wp\/v2\/posts"}],"about":[{"href":"https:\/\/transamerica93.com.br\/home\/wp-json\/wp\/v2\/types\/post"}],"author":[{"embeddable":true,"href":"https:\/\/transamerica93.com.br\/home\/wp-json\/wp\/v2\/users\/1"}],"replies":[{"embeddable":true,"href":"https:\/\/transamerica93.com.br\/home\/wp-json\/wp\/v2\/comments?post=4774"}],"version-history":[{"count":1,"href":"https:\/\/transamerica93.com.br\/home\/wp-json\/wp\/v2\/posts\/4774\/revisions"}],"predecessor-version":[{"id":4775,"href":"https:\/\/transamerica93.com.br\/home\/wp-json\/wp\/v2\/posts\/4774\/revisions\/4775"}],"wp:featuredmedia":[{"embeddable":true,"href":"https:\/\/transamerica93.com.br\/home\/wp-json\/wp\/v2\/media\/4767"}],"wp:attachment":[{"href":"https:\/\/transamerica93.com.br\/home\/wp-json\/wp\/v2\/media?parent=4774"}],"wp:term":[{"taxonomy":"category","embeddable":true,"href":"https:\/\/transamerica93.com.br\/home\/wp-json\/wp\/v2\/categories?post=4774"},{"taxonomy":"post_tag","embeddable":true,"href":"https:\/\/transamerica93.com.br\/home\/wp-json\/wp\/v2\/tags?post=4774"}],"curies":[{"name":"wp","href":"https:\/\/api.w.org\/{rel}","templated":true}]}}