{"id":4780,"date":"2025-02-24T15:00:30","date_gmt":"2025-02-24T18:00:30","guid":{"rendered":"https:\/\/transamerica93.com.br\/home\/?p=4780"},"modified":"2025-02-23T06:39:54","modified_gmt":"2025-02-23T09:39:54","slug":"preta-gil-prepara-ida-aos-eua-para-novo-tratamento","status":"publish","type":"post","link":"https:\/\/transamerica93.com.br\/home\/preta-gil-prepara-ida-aos-eua-para-novo-tratamento\/","title":{"rendered":"Preta Gil prepara ida aos EUA para novo tratamento"},"content":{"rendered":"<h6 class=\"Assina\">Por Reda\u00e7\u00e3o E+<\/h6>\n<p>Preta Gil deu novos detalhes sobre seu estado de sa\u00fade em entrevista ao\u00a0<i>Fant\u00e1stico<\/i>, da Globo, exibida neste domingo, 16. &#8220;Acabei de ter alta do hospital. Estou fragilizada, obviamente. Ainda com o corpo muito debilitado, com drenos, sondas, ainda invadida&#8221;, disse a cantora, que trata um c\u00e2ncer.<\/p>\n<p>&#8220;Vim para casa [depois] de [receber] alta, mas com enfermeiros, t\u00e9cnicos e fisioterapeutas me acompanhando. Eu tenho mil privil\u00e9gios, eu sei. Isso faz toda a diferen\u00e7a. Eu n\u00e3o reclamo, n\u00e3o tenho como reclamar. &#8216;Mas voc\u00ea n\u00e3o sofre?&#8217; Sofro. Sofro muito&#8221;, disse.<\/p>\n<p>Preta ainda afirmou que continuar\u00e1 o tratamento: &#8220;N\u00e3o \u00e9 todo corpo que aguenta. S\u00e3o muito otimistas de que vou ficar bem para a pr\u00f3xima etapa. N\u00e3o acabou o tratamento. Em abril eu parto para Nova York para fazer um tratamento l\u00e1 com medicamentos novos, que est\u00e3o em fase final de estudo&#8221;.<\/p>\n<p>&#8220;Agora eu tenho que tratar ainda da ferida operat\u00f3ria, fazer fisioterapia, me recondicionar, fortalecer. quimio[terapia], n\u00e3o Mas rem\u00e9dios do tratamento, paliativos para as dores que sinto, rem\u00e9dios de um modo em geral, vitaminas&#8221;, prosseguiu, sobre os pr\u00f3ximos passos.<\/p>\n<p>A cantora destacou um de seus desejos: &#8220;Eu pedi para os meus m\u00e9dicos que, no final dessas duas semanas eu possa ir para Salvador. N\u00e3o para curtir carnaval, mas ficar em casa, dar um mergulho no mar, comer um acaraj\u00e9.&#8221;<\/p>\n<p><b>A sa\u00fade de Preta Gil<\/b><\/p>\n<p>Preta Gil foi diagnosticada com c\u00e2ncer colorretal em janeiro de 2023 e passou a fazer tratamento com quimioterapia e radioterapia. Posteriormente, a doen\u00e7a atingiu outras \u00e1reas do corpo: dois linfonodos, o perit\u00f4nio e o ureter.<\/p>\n<p>Em dezembro de 2024, a cantora passou por uma cirurgia complexa de 21 horas para a remo\u00e7\u00e3o dos tumores, al\u00e9m de implantar uma bolsa de colostomia definitiva. Recentemente, ela passou 55 dias internada num hospital, mas foi liberada a continuar o tratamento em casa.<\/p>\n","protected":false},"excerpt":{"rendered":"<p>Por Reda\u00e7\u00e3o E+ Preta Gil deu novos detalhes sobre seu estado de sa\u00fade em entrevista ao\u00a0Fant\u00e1stico, da Globo, exibida neste domingo, 16. &#8220;Acabei de ter alta do hospital. Estou fragilizada, obviamente. Ainda com o corpo muito debilitado, com drenos, sondas, ainda invadida&#8221;, disse a cantora, que trata um c\u00e2ncer. &#8220;Vim para casa [depois] de [receber] &hellip;<\/p>\n","protected":false},"author":1,"featured_media":4781,"comment_status":"closed","ping_status":"closed","sticky":false,"template":"","format":"standard","meta":{"footnotes":""},"categories":[25],"tags":[],"class_list":["post-4780","post","type-post","status-publish","format-standard","has-post-thumbnail","hentry","category-musica"],"yoast_head":"<!-- This site is optimized with the Yoast SEO plugin v27.4 - https:\/\/yoast.com\/product\/yoast-seo-wordpress\/ -->\n<title>Preta Gil prepara ida aos EUA para novo tratamento - Transam\u00e9rica Mococa 93,3<\/title>\n<meta name=\"robots\" content=\"index, follow, max-snippet:-1, max-image-preview:large, max-video-preview:-1\" \/>\n<link rel=\"canonical\" href=\"https:\/\/transamerica93.com.br\/home\/preta-gil-prepara-ida-aos-eua-para-novo-tratamento\/\" \/>\n<meta property=\"og:locale\" content=\"pt_BR\" \/>\n<meta property=\"og:type\" content=\"article\" \/>\n<meta property=\"og:title\" content=\"Preta Gil prepara ida aos EUA para novo tratamento - Transam\u00e9rica Mococa 93,3\" \/>\n<meta property=\"og:description\" content=\"Por Reda\u00e7\u00e3o E+ Preta Gil deu novos detalhes sobre seu estado de sa\u00fade em entrevista ao\u00a0Fant\u00e1stico, da Globo, exibida neste domingo, 16. &#8220;Acabei de ter alta do hospital. Estou fragilizada, obviamente. Ainda com o corpo muito debilitado, com drenos, sondas, ainda invadida&#8221;, disse a cantora, que trata um c\u00e2ncer. &#8220;Vim para casa [depois] de [receber] &hellip;\" \/>\n<meta property=\"og:url\" content=\"https:\/\/transamerica93.com.br\/home\/preta-gil-prepara-ida-aos-eua-para-novo-tratamento\/\" \/>\n<meta property=\"og:site_name\" content=\"Transam\u00e9rica Mococa 93,3\" \/>\n<meta property=\"article:publisher\" content=\"https:\/\/www.facebook.com\/transamericamococa\" \/>\n<meta property=\"article:published_time\" content=\"2025-02-24T18:00:30+00:00\" \/>\n<meta property=\"og:image\" content=\"https:\/\/transamerica93.com.br\/home\/wp-content\/uploads\/2025\/02\/5-3.jpg\" \/>\n\t<meta property=\"og:image:width\" content=\"1200\" \/>\n\t<meta property=\"og:image:height\" content=\"800\" \/>\n\t<meta property=\"og:image:type\" content=\"image\/jpeg\" \/>\n<meta name=\"author\" content=\"Reda\u00e7\u00e3o\" \/>\n<meta name=\"twitter:card\" content=\"summary_large_image\" \/>\n<meta name=\"twitter:creator\" content=\"@transamerica933\" \/>\n<meta name=\"twitter:site\" content=\"@transamerica933\" \/>\n<meta name=\"twitter:label1\" content=\"Escrito por\" \/>\n\t<meta name=\"twitter:data1\" content=\"Reda\u00e7\u00e3o\" \/>\n\t<meta name=\"twitter:label2\" content=\"Est. tempo de leitura\" \/>\n\t<meta name=\"twitter:data2\" content=\"1 minuto\" \/>\n<script type=\"application\/ld+json\" class=\"yoast-schema-graph\">{\"@context\":\"https:\\\/\\\/schema.org\",\"@graph\":[{\"@type\":\"Article\",\"@id\":\"https:\\\/\\\/transamerica93.com.br\\\/home\\\/preta-gil-prepara-ida-aos-eua-para-novo-tratamento\\\/#article\",\"isPartOf\":{\"@id\":\"https:\\\/\\\/transamerica93.com.br\\\/home\\\/preta-gil-prepara-ida-aos-eua-para-novo-tratamento\\\/\"},\"author\":{\"name\":\"Reda\u00e7\u00e3o\",\"@id\":\"https:\\\/\\\/transamerica93.com.br\\\/home\\\/#\\\/schema\\\/person\\\/7fed7c99c0d4562efa8561bc0f543172\"},\"headline\":\"Preta Gil prepara ida aos EUA para novo tratamento\",\"datePublished\":\"2025-02-24T18:00:30+00:00\",\"mainEntityOfPage\":{\"@id\":\"https:\\\/\\\/transamerica93.com.br\\\/home\\\/preta-gil-prepara-ida-aos-eua-para-novo-tratamento\\\/\"},\"wordCount\":336,\"publisher\":{\"@id\":\"https:\\\/\\\/transamerica93.com.br\\\/home\\\/#organization\"},\"image\":{\"@id\":\"https:\\\/\\\/transamerica93.com.br\\\/home\\\/preta-gil-prepara-ida-aos-eua-para-novo-tratamento\\\/#primaryimage\"},\"thumbnailUrl\":\"https:\\\/\\\/transamerica93.com.br\\\/home\\\/wp-content\\\/uploads\\\/2025\\\/02\\\/5-3.jpg\",\"articleSection\":[\"M\u00fasica\"],\"inLanguage\":\"pt-BR\"},{\"@type\":\"WebPage\",\"@id\":\"https:\\\/\\\/transamerica93.com.br\\\/home\\\/preta-gil-prepara-ida-aos-eua-para-novo-tratamento\\\/\",\"url\":\"https:\\\/\\\/transamerica93.com.br\\\/home\\\/preta-gil-prepara-ida-aos-eua-para-novo-tratamento\\\/\",\"name\":\"Preta Gil prepara ida aos EUA para novo tratamento - Transam\u00e9rica Mococa 93,3\",\"isPartOf\":{\"@id\":\"https:\\\/\\\/transamerica93.com.br\\\/home\\\/#website\"},\"primaryImageOfPage\":{\"@id\":\"https:\\\/\\\/transamerica93.com.br\\\/home\\\/preta-gil-prepara-ida-aos-eua-para-novo-tratamento\\\/#primaryimage\"},\"image\":{\"@id\":\"https:\\\/\\\/transamerica93.com.br\\\/home\\\/preta-gil-prepara-ida-aos-eua-para-novo-tratamento\\\/#primaryimage\"},\"thumbnailUrl\":\"https:\\\/\\\/transamerica93.com.br\\\/home\\\/wp-content\\\/uploads\\\/2025\\\/02\\\/5-3.jpg\",\"datePublished\":\"2025-02-24T18:00:30+00:00\",\"breadcrumb\":{\"@id\":\"https:\\\/\\\/transamerica93.com.br\\\/home\\\/preta-gil-prepara-ida-aos-eua-para-novo-tratamento\\\/#breadcrumb\"},\"inLanguage\":\"pt-BR\",\"potentialAction\":[{\"@type\":\"ReadAction\",\"target\":[\"https:\\\/\\\/transamerica93.com.br\\\/home\\\/preta-gil-prepara-ida-aos-eua-para-novo-tratamento\\\/\"]}]},{\"@type\":\"ImageObject\",\"inLanguage\":\"pt-BR\",\"@id\":\"https:\\\/\\\/transamerica93.com.br\\\/home\\\/preta-gil-prepara-ida-aos-eua-para-novo-tratamento\\\/#primaryimage\",\"url\":\"https:\\\/\\\/transamerica93.com.br\\\/home\\\/wp-content\\\/uploads\\\/2025\\\/02\\\/5-3.jpg\",\"contentUrl\":\"https:\\\/\\\/transamerica93.com.br\\\/home\\\/wp-content\\\/uploads\\\/2025\\\/02\\\/5-3.jpg\",\"width\":1200,\"height\":800},{\"@type\":\"BreadcrumbList\",\"@id\":\"https:\\\/\\\/transamerica93.com.br\\\/home\\\/preta-gil-prepara-ida-aos-eua-para-novo-tratamento\\\/#breadcrumb\",\"itemListElement\":[{\"@type\":\"ListItem\",\"position\":1,\"name\":\"In\u00edcio\",\"item\":\"https:\\\/\\\/transamerica93.com.br\\\/home\\\/\"},{\"@type\":\"ListItem\",\"position\":2,\"name\":\"Preta Gil prepara ida aos EUA para novo tratamento\"}]},{\"@type\":\"WebSite\",\"@id\":\"https:\\\/\\\/transamerica93.com.br\\\/home\\\/#website\",\"url\":\"https:\\\/\\\/transamerica93.com.br\\\/home\\\/\",\"name\":\"Transam\u00e9rica Mococa 93,3\",\"description\":\"\",\"publisher\":{\"@id\":\"https:\\\/\\\/transamerica93.com.br\\\/home\\\/#organization\"},\"potentialAction\":[{\"@type\":\"SearchAction\",\"target\":{\"@type\":\"EntryPoint\",\"urlTemplate\":\"https:\\\/\\\/transamerica93.com.br\\\/home\\\/?s={search_term_string}\"},\"query-input\":{\"@type\":\"PropertyValueSpecification\",\"valueRequired\":true,\"valueName\":\"search_term_string\"}}],\"inLanguage\":\"pt-BR\"},{\"@type\":\"Organization\",\"@id\":\"https:\\\/\\\/transamerica93.com.br\\\/home\\\/#organization\",\"name\":\"Transam\u00e9rica Mococa 93,3\",\"url\":\"https:\\\/\\\/transamerica93.com.br\\\/home\\\/\",\"logo\":{\"@type\":\"ImageObject\",\"inLanguage\":\"pt-BR\",\"@id\":\"https:\\\/\\\/transamerica93.com.br\\\/home\\\/#\\\/schema\\\/logo\\\/image\\\/\",\"url\":\"https:\\\/\\\/transamerica93.com.br\\\/home\\\/wp-content\\\/uploads\\\/2023\\\/10\\\/logo2.png\",\"contentUrl\":\"https:\\\/\\\/transamerica93.com.br\\\/home\\\/wp-content\\\/uploads\\\/2023\\\/10\\\/logo2.png\",\"width\":800,\"height\":500,\"caption\":\"Transam\u00e9rica Mococa 93,3\"},\"image\":{\"@id\":\"https:\\\/\\\/transamerica93.com.br\\\/home\\\/#\\\/schema\\\/logo\\\/image\\\/\"},\"sameAs\":[\"https:\\\/\\\/www.facebook.com\\\/transamericamococa\",\"https:\\\/\\\/x.com\\\/transamerica933\",\"https:\\\/\\\/www.instagram.com\\\/transamericamococa\"]},{\"@type\":\"Person\",\"@id\":\"https:\\\/\\\/transamerica93.com.br\\\/home\\\/#\\\/schema\\\/person\\\/7fed7c99c0d4562efa8561bc0f543172\",\"name\":\"Reda\u00e7\u00e3o\",\"image\":{\"@type\":\"ImageObject\",\"inLanguage\":\"pt-BR\",\"@id\":\"https:\\\/\\\/secure.gravatar.com\\\/avatar\\\/1072c6b775fb02ef8506ce967551d95926669a6b7d2c2147b42eea4d7c68395e?s=96&d=mm&r=g\",\"url\":\"https:\\\/\\\/secure.gravatar.com\\\/avatar\\\/1072c6b775fb02ef8506ce967551d95926669a6b7d2c2147b42eea4d7c68395e?s=96&d=mm&r=g\",\"contentUrl\":\"https:\\\/\\\/secure.gravatar.com\\\/avatar\\\/1072c6b775fb02ef8506ce967551d95926669a6b7d2c2147b42eea4d7c68395e?s=96&d=mm&r=g\",\"caption\":\"Reda\u00e7\u00e3o\"},\"sameAs\":[\"https:\\\/\\\/transamerica93.com.br\\\/home\"],\"url\":\"https:\\\/\\\/transamerica93.com.br\\\/home\\\/author\\\/william\\\/\"}]}<\/script>\n<!-- \/ Yoast SEO plugin. -->","yoast_head_json":{"title":"Preta Gil prepara ida aos EUA para novo tratamento - Transam\u00e9rica Mococa 93,3","robots":{"index":"index","follow":"follow","max-snippet":"max-snippet:-1","max-image-preview":"max-image-preview:large","max-video-preview":"max-video-preview:-1"},"canonical":"https:\/\/transamerica93.com.br\/home\/preta-gil-prepara-ida-aos-eua-para-novo-tratamento\/","og_locale":"pt_BR","og_type":"article","og_title":"Preta Gil prepara ida aos EUA para novo tratamento - Transam\u00e9rica Mococa 93,3","og_description":"Por Reda\u00e7\u00e3o E+ Preta Gil deu novos detalhes sobre seu estado de sa\u00fade em entrevista ao\u00a0Fant\u00e1stico, da Globo, exibida neste domingo, 16. &#8220;Acabei de ter alta do hospital. Estou fragilizada, obviamente. Ainda com o corpo muito debilitado, com drenos, sondas, ainda invadida&#8221;, disse a cantora, que trata um c\u00e2ncer. &#8220;Vim para casa [depois] de [receber] &hellip;","og_url":"https:\/\/transamerica93.com.br\/home\/preta-gil-prepara-ida-aos-eua-para-novo-tratamento\/","og_site_name":"Transam\u00e9rica Mococa 93,3","article_publisher":"https:\/\/www.facebook.com\/transamericamococa","article_published_time":"2025-02-24T18:00:30+00:00","og_image":[{"width":1200,"height":800,"url":"https:\/\/transamerica93.com.br\/home\/wp-content\/uploads\/2025\/02\/5-3.jpg","type":"image\/jpeg"}],"author":"Reda\u00e7\u00e3o","twitter_card":"summary_large_image","twitter_creator":"@transamerica933","twitter_site":"@transamerica933","twitter_misc":{"Escrito por":"Reda\u00e7\u00e3o","Est. tempo de leitura":"1 minuto"},"schema":{"@context":"https:\/\/schema.org","@graph":[{"@type":"Article","@id":"https:\/\/transamerica93.com.br\/home\/preta-gil-prepara-ida-aos-eua-para-novo-tratamento\/#article","isPartOf":{"@id":"https:\/\/transamerica93.com.br\/home\/preta-gil-prepara-ida-aos-eua-para-novo-tratamento\/"},"author":{"name":"Reda\u00e7\u00e3o","@id":"https:\/\/transamerica93.com.br\/home\/#\/schema\/person\/7fed7c99c0d4562efa8561bc0f543172"},"headline":"Preta Gil prepara ida aos EUA para novo tratamento","datePublished":"2025-02-24T18:00:30+00:00","mainEntityOfPage":{"@id":"https:\/\/transamerica93.com.br\/home\/preta-gil-prepara-ida-aos-eua-para-novo-tratamento\/"},"wordCount":336,"publisher":{"@id":"https:\/\/transamerica93.com.br\/home\/#organization"},"image":{"@id":"https:\/\/transamerica93.com.br\/home\/preta-gil-prepara-ida-aos-eua-para-novo-tratamento\/#primaryimage"},"thumbnailUrl":"https:\/\/transamerica93.com.br\/home\/wp-content\/uploads\/2025\/02\/5-3.jpg","articleSection":["M\u00fasica"],"inLanguage":"pt-BR"},{"@type":"WebPage","@id":"https:\/\/transamerica93.com.br\/home\/preta-gil-prepara-ida-aos-eua-para-novo-tratamento\/","url":"https:\/\/transamerica93.com.br\/home\/preta-gil-prepara-ida-aos-eua-para-novo-tratamento\/","name":"Preta Gil prepara ida aos EUA para novo tratamento - Transam\u00e9rica Mococa 93,3","isPartOf":{"@id":"https:\/\/transamerica93.com.br\/home\/#website"},"primaryImageOfPage":{"@id":"https:\/\/transamerica93.com.br\/home\/preta-gil-prepara-ida-aos-eua-para-novo-tratamento\/#primaryimage"},"image":{"@id":"https:\/\/transamerica93.com.br\/home\/preta-gil-prepara-ida-aos-eua-para-novo-tratamento\/#primaryimage"},"thumbnailUrl":"https:\/\/transamerica93.com.br\/home\/wp-content\/uploads\/2025\/02\/5-3.jpg","datePublished":"2025-02-24T18:00:30+00:00","breadcrumb":{"@id":"https:\/\/transamerica93.com.br\/home\/preta-gil-prepara-ida-aos-eua-para-novo-tratamento\/#breadcrumb"},"inLanguage":"pt-BR","potentialAction":[{"@type":"ReadAction","target":["https:\/\/transamerica93.com.br\/home\/preta-gil-prepara-ida-aos-eua-para-novo-tratamento\/"]}]},{"@type":"ImageObject","inLanguage":"pt-BR","@id":"https:\/\/transamerica93.com.br\/home\/preta-gil-prepara-ida-aos-eua-para-novo-tratamento\/#primaryimage","url":"https:\/\/transamerica93.com.br\/home\/wp-content\/uploads\/2025\/02\/5-3.jpg","contentUrl":"https:\/\/transamerica93.com.br\/home\/wp-content\/uploads\/2025\/02\/5-3.jpg","width":1200,"height":800},{"@type":"BreadcrumbList","@id":"https:\/\/transamerica93.com.br\/home\/preta-gil-prepara-ida-aos-eua-para-novo-tratamento\/#breadcrumb","itemListElement":[{"@type":"ListItem","position":1,"name":"In\u00edcio","item":"https:\/\/transamerica93.com.br\/home\/"},{"@type":"ListItem","position":2,"name":"Preta Gil prepara ida aos EUA para novo tratamento"}]},{"@type":"WebSite","@id":"https:\/\/transamerica93.com.br\/home\/#website","url":"https:\/\/transamerica93.com.br\/home\/","name":"Transam\u00e9rica Mococa 93,3","description":"","publisher":{"@id":"https:\/\/transamerica93.com.br\/home\/#organization"},"potentialAction":[{"@type":"SearchAction","target":{"@type":"EntryPoint","urlTemplate":"https:\/\/transamerica93.com.br\/home\/?s={search_term_string}"},"query-input":{"@type":"PropertyValueSpecification","valueRequired":true,"valueName":"search_term_string"}}],"inLanguage":"pt-BR"},{"@type":"Organization","@id":"https:\/\/transamerica93.com.br\/home\/#organization","name":"Transam\u00e9rica Mococa 93,3","url":"https:\/\/transamerica93.com.br\/home\/","logo":{"@type":"ImageObject","inLanguage":"pt-BR","@id":"https:\/\/transamerica93.com.br\/home\/#\/schema\/logo\/image\/","url":"https:\/\/transamerica93.com.br\/home\/wp-content\/uploads\/2023\/10\/logo2.png","contentUrl":"https:\/\/transamerica93.com.br\/home\/wp-content\/uploads\/2023\/10\/logo2.png","width":800,"height":500,"caption":"Transam\u00e9rica Mococa 93,3"},"image":{"@id":"https:\/\/transamerica93.com.br\/home\/#\/schema\/logo\/image\/"},"sameAs":["https:\/\/www.facebook.com\/transamericamococa","https:\/\/x.com\/transamerica933","https:\/\/www.instagram.com\/transamericamococa"]},{"@type":"Person","@id":"https:\/\/transamerica93.com.br\/home\/#\/schema\/person\/7fed7c99c0d4562efa8561bc0f543172","name":"Reda\u00e7\u00e3o","image":{"@type":"ImageObject","inLanguage":"pt-BR","@id":"https:\/\/secure.gravatar.com\/avatar\/1072c6b775fb02ef8506ce967551d95926669a6b7d2c2147b42eea4d7c68395e?s=96&d=mm&r=g","url":"https:\/\/secure.gravatar.com\/avatar\/1072c6b775fb02ef8506ce967551d95926669a6b7d2c2147b42eea4d7c68395e?s=96&d=mm&r=g","contentUrl":"https:\/\/secure.gravatar.com\/avatar\/1072c6b775fb02ef8506ce967551d95926669a6b7d2c2147b42eea4d7c68395e?s=96&d=mm&r=g","caption":"Reda\u00e7\u00e3o"},"sameAs":["https:\/\/transamerica93.com.br\/home"],"url":"https:\/\/transamerica93.com.br\/home\/author\/william\/"}]}},"_links":{"self":[{"href":"https:\/\/transamerica93.com.br\/home\/wp-json\/wp\/v2\/posts\/4780","targetHints":{"allow":["GET"]}}],"collection":[{"href":"https:\/\/transamerica93.com.br\/home\/wp-json\/wp\/v2\/posts"}],"about":[{"href":"https:\/\/transamerica93.com.br\/home\/wp-json\/wp\/v2\/types\/post"}],"author":[{"embeddable":true,"href":"https:\/\/transamerica93.com.br\/home\/wp-json\/wp\/v2\/users\/1"}],"replies":[{"embeddable":true,"href":"https:\/\/transamerica93.com.br\/home\/wp-json\/wp\/v2\/comments?post=4780"}],"version-history":[{"count":1,"href":"https:\/\/transamerica93.com.br\/home\/wp-json\/wp\/v2\/posts\/4780\/revisions"}],"predecessor-version":[{"id":4782,"href":"https:\/\/transamerica93.com.br\/home\/wp-json\/wp\/v2\/posts\/4780\/revisions\/4782"}],"wp:featuredmedia":[{"embeddable":true,"href":"https:\/\/transamerica93.com.br\/home\/wp-json\/wp\/v2\/media\/4781"}],"wp:attachment":[{"href":"https:\/\/transamerica93.com.br\/home\/wp-json\/wp\/v2\/media?parent=4780"}],"wp:term":[{"taxonomy":"category","embeddable":true,"href":"https:\/\/transamerica93.com.br\/home\/wp-json\/wp\/v2\/categories?post=4780"},{"taxonomy":"post_tag","embeddable":true,"href":"https:\/\/transamerica93.com.br\/home\/wp-json\/wp\/v2\/tags?post=4780"}],"curies":[{"name":"wp","href":"https:\/\/api.w.org\/{rel}","templated":true}]}}