{"id":4786,"date":"2025-02-26T15:00:40","date_gmt":"2025-02-26T18:00:40","guid":{"rendered":"https:\/\/transamerica93.com.br\/home\/?p=4786"},"modified":"2025-02-23T06:43:58","modified_gmt":"2025-02-23T09:43:58","slug":"show-do-seculo-com-sertanejos-sera-no-allianz-parque-em-sao-paulo-veja-outras-cidades","status":"publish","type":"post","link":"https:\/\/transamerica93.com.br\/home\/show-do-seculo-com-sertanejos-sera-no-allianz-parque-em-sao-paulo-veja-outras-cidades\/","title":{"rendered":"&#8216;Show do s\u00e9culo&#8217; com sertanejos ser\u00e1 no Allianz Parque, em S\u00e3o Paulo; veja outras cidades"},"content":{"rendered":"<p>Por Renata Nogueira<\/p>\n<p>A turn\u00ea\u00a0<i>Hist\u00f3rias: O Show do S\u00e9culo<\/i>, que reunir\u00e1 as duplas sertanejas Chit\u00e3ozinho e Xoror\u00f3, Zez\u00e9 Di Camargo e Luciano, Victor e Leo e C\u00e9sar Menotti e Fabiano e os cantores Leonardo e Daniel, anunciou os lugares e quais artistas v\u00e3o se apresentar em cada uma das cinco capitais do Pa\u00eds.<\/p>\n<p>Em S\u00e3o Paulo, o show acontece em 23 de agosto, no est\u00e1dio Allianz Parque. Chit\u00e3ozinho e Xoror\u00f3, Zez\u00e9 Di Camargo e Luciano, Leonardo e Daniel se apresentam na capital paulista. Os ingressos est\u00e3o em pr\u00e9-venda no site Guich\u00ea Live. A abertura geral de vendas da cidade ser\u00e1 na sexta-feira, 21, \u00e0s 12h.<\/p>\n<p><b>Bras\u00edlia<\/b><\/p>\n<p>A turn\u00ea come\u00e7a por Bras\u00edlia, em 10 de maio na Arena BRB, no Est\u00e1dio Nacional Man\u00e9 Garrincha. Assim como em S\u00e3o Paulo, o show na capital do pa\u00eds ter\u00e1 Chit\u00e3ozinho e Xoror\u00f3, Zez\u00e9 Di Camargo e Luciano, Leonardo e Daniel. Os ingressos j\u00e1 est\u00e3o \u00e0 venda no site oficial da turn\u00ea e custam de R$ 90 (Cadeira Inferior) a R$ 13 mil (lounge para 15 pessoas).<\/p>\n<p><b>Goi\u00e2nia<\/b><\/p>\n<p>A capital dos sertanejos recebe o show em 9 de agosto no est\u00e1dio Serra Dourada. Novamente, o show contar\u00e1 com Chit\u00e3ozinho e Xoror\u00f3, Zez\u00e9 Di Camargo e Luciano, Leonardo e Daniel. Os ingressos v\u00e3o de R$ 110 (cadeiras) a R$ 13 mil (lounge para 12 pessoas) e j\u00e1 est\u00e3o \u00e0 venda no site oficial da turn\u00ea.<\/p>\n<p><b>Belo Horizonte<\/b><\/p>\n<p>Os mineiros ver\u00e3o um show um pouco diferente na Arena MRV, est\u00e1dio do Atl\u00e9tico Mineiro. Se apresentam em BH no dia 11 de outubro Chit\u00e3ozinho e Xoror\u00f3, Zez\u00e9 Di Camargo e Luciano, C\u00e9sar Menotti e Fabiano e Daniel. Os ingressos v\u00e3o de R$ 110 (cadeiras) a R$ 13,5 mil (mesa para 6 pessoas) e j\u00e1 est\u00e3o \u00e0 venda no site oficial da turn\u00ea.<\/p>\n<p><b>Curitiba<\/b><\/p>\n<p>Os sertanejos se apresentam na Ligga Arena &#8211; CAP, a Arena da Baixada, em 1\u00ba de novembro. No show de Curitiba estar\u00e3o todos os envolvidos na turn\u00ea: Chit\u00e3ozinho e Xoror\u00f3, Zez\u00e9 Di Camargo e Luciano, Victor e Leo e C\u00e9sar Menotti e Fabiano, Leonardo e Daniel. Os ingressos v\u00e3o de R$ 110 (cadeira superior) a R$ 600 (\u00e1rea vip) e j\u00e1 est\u00e3o \u00e0 venda no site oficial da turn\u00ea. Mais caras, as mesas j\u00e1 est\u00e3o esgotadas.<\/p>\n","protected":false},"excerpt":{"rendered":"<p>Por Renata Nogueira A turn\u00ea\u00a0Hist\u00f3rias: O Show do S\u00e9culo, que reunir\u00e1 as duplas sertanejas Chit\u00e3ozinho e Xoror\u00f3, Zez\u00e9 Di Camargo e Luciano, Victor e Leo e C\u00e9sar Menotti e Fabiano e os cantores Leonardo e Daniel, anunciou os lugares e quais artistas v\u00e3o se apresentar em cada uma das cinco capitais do Pa\u00eds. Em S\u00e3o &hellip;<\/p>\n","protected":false},"author":1,"featured_media":4787,"comment_status":"closed","ping_status":"closed","sticky":false,"template":"","format":"standard","meta":{"footnotes":""},"categories":[25],"tags":[],"class_list":["post-4786","post","type-post","status-publish","format-standard","has-post-thumbnail","hentry","category-musica"],"yoast_head":"<!-- This site is optimized with the Yoast SEO plugin v27.4 - https:\/\/yoast.com\/product\/yoast-seo-wordpress\/ -->\n<title>&#039;Show do s\u00e9culo&#039; com sertanejos ser\u00e1 no Allianz Parque, em S\u00e3o Paulo; veja outras cidades - Transam\u00e9rica Mococa 93,3<\/title>\n<meta name=\"robots\" content=\"index, follow, max-snippet:-1, max-image-preview:large, max-video-preview:-1\" \/>\n<link rel=\"canonical\" href=\"https:\/\/transamerica93.com.br\/home\/show-do-seculo-com-sertanejos-sera-no-allianz-parque-em-sao-paulo-veja-outras-cidades\/\" \/>\n<meta property=\"og:locale\" content=\"pt_BR\" \/>\n<meta property=\"og:type\" content=\"article\" \/>\n<meta property=\"og:title\" content=\"&#039;Show do s\u00e9culo&#039; com sertanejos ser\u00e1 no Allianz Parque, em S\u00e3o Paulo; veja outras cidades - Transam\u00e9rica Mococa 93,3\" \/>\n<meta property=\"og:description\" content=\"Por Renata Nogueira A turn\u00ea\u00a0Hist\u00f3rias: O Show do S\u00e9culo, que reunir\u00e1 as duplas sertanejas Chit\u00e3ozinho e Xoror\u00f3, Zez\u00e9 Di Camargo e Luciano, Victor e Leo e C\u00e9sar Menotti e Fabiano e os cantores Leonardo e Daniel, anunciou os lugares e quais artistas v\u00e3o se apresentar em cada uma das cinco capitais do Pa\u00eds. Em S\u00e3o &hellip;\" \/>\n<meta property=\"og:url\" content=\"https:\/\/transamerica93.com.br\/home\/show-do-seculo-com-sertanejos-sera-no-allianz-parque-em-sao-paulo-veja-outras-cidades\/\" \/>\n<meta property=\"og:site_name\" content=\"Transam\u00e9rica Mococa 93,3\" \/>\n<meta property=\"article:publisher\" content=\"https:\/\/www.facebook.com\/transamericamococa\" \/>\n<meta property=\"article:published_time\" content=\"2025-02-26T18:00:40+00:00\" \/>\n<meta property=\"og:image\" content=\"https:\/\/transamerica93.com.br\/home\/wp-content\/uploads\/2025\/02\/historias-show-do-seculo-atracoes-750x536-1.jpg\" \/>\n\t<meta property=\"og:image:width\" content=\"750\" \/>\n\t<meta property=\"og:image:height\" content=\"536\" \/>\n\t<meta property=\"og:image:type\" content=\"image\/jpeg\" \/>\n<meta name=\"author\" content=\"Reda\u00e7\u00e3o\" \/>\n<meta name=\"twitter:card\" content=\"summary_large_image\" \/>\n<meta name=\"twitter:creator\" content=\"@transamerica933\" \/>\n<meta name=\"twitter:site\" content=\"@transamerica933\" \/>\n<meta name=\"twitter:label1\" content=\"Escrito por\" \/>\n\t<meta name=\"twitter:data1\" content=\"Reda\u00e7\u00e3o\" \/>\n\t<meta name=\"twitter:label2\" content=\"Est. tempo de leitura\" \/>\n\t<meta name=\"twitter:data2\" content=\"3 minutos\" \/>\n<script type=\"application\/ld+json\" class=\"yoast-schema-graph\">{\"@context\":\"https:\\\/\\\/schema.org\",\"@graph\":[{\"@type\":\"Article\",\"@id\":\"https:\\\/\\\/transamerica93.com.br\\\/home\\\/show-do-seculo-com-sertanejos-sera-no-allianz-parque-em-sao-paulo-veja-outras-cidades\\\/#article\",\"isPartOf\":{\"@id\":\"https:\\\/\\\/transamerica93.com.br\\\/home\\\/show-do-seculo-com-sertanejos-sera-no-allianz-parque-em-sao-paulo-veja-outras-cidades\\\/\"},\"author\":{\"name\":\"Reda\u00e7\u00e3o\",\"@id\":\"https:\\\/\\\/transamerica93.com.br\\\/home\\\/#\\\/schema\\\/person\\\/7fed7c99c0d4562efa8561bc0f543172\"},\"headline\":\"&#8216;Show do s\u00e9culo&#8217; com sertanejos ser\u00e1 no Allianz Parque, em S\u00e3o Paulo; veja outras cidades\",\"datePublished\":\"2025-02-26T18:00:40+00:00\",\"mainEntityOfPage\":{\"@id\":\"https:\\\/\\\/transamerica93.com.br\\\/home\\\/show-do-seculo-com-sertanejos-sera-no-allianz-parque-em-sao-paulo-veja-outras-cidades\\\/\"},\"wordCount\":405,\"publisher\":{\"@id\":\"https:\\\/\\\/transamerica93.com.br\\\/home\\\/#organization\"},\"image\":{\"@id\":\"https:\\\/\\\/transamerica93.com.br\\\/home\\\/show-do-seculo-com-sertanejos-sera-no-allianz-parque-em-sao-paulo-veja-outras-cidades\\\/#primaryimage\"},\"thumbnailUrl\":\"https:\\\/\\\/transamerica93.com.br\\\/home\\\/wp-content\\\/uploads\\\/2025\\\/02\\\/historias-show-do-seculo-atracoes-750x536-1.jpg\",\"articleSection\":[\"M\u00fasica\"],\"inLanguage\":\"pt-BR\"},{\"@type\":\"WebPage\",\"@id\":\"https:\\\/\\\/transamerica93.com.br\\\/home\\\/show-do-seculo-com-sertanejos-sera-no-allianz-parque-em-sao-paulo-veja-outras-cidades\\\/\",\"url\":\"https:\\\/\\\/transamerica93.com.br\\\/home\\\/show-do-seculo-com-sertanejos-sera-no-allianz-parque-em-sao-paulo-veja-outras-cidades\\\/\",\"name\":\"'Show do s\u00e9culo' com sertanejos ser\u00e1 no Allianz Parque, em S\u00e3o Paulo; veja outras cidades - Transam\u00e9rica Mococa 93,3\",\"isPartOf\":{\"@id\":\"https:\\\/\\\/transamerica93.com.br\\\/home\\\/#website\"},\"primaryImageOfPage\":{\"@id\":\"https:\\\/\\\/transamerica93.com.br\\\/home\\\/show-do-seculo-com-sertanejos-sera-no-allianz-parque-em-sao-paulo-veja-outras-cidades\\\/#primaryimage\"},\"image\":{\"@id\":\"https:\\\/\\\/transamerica93.com.br\\\/home\\\/show-do-seculo-com-sertanejos-sera-no-allianz-parque-em-sao-paulo-veja-outras-cidades\\\/#primaryimage\"},\"thumbnailUrl\":\"https:\\\/\\\/transamerica93.com.br\\\/home\\\/wp-content\\\/uploads\\\/2025\\\/02\\\/historias-show-do-seculo-atracoes-750x536-1.jpg\",\"datePublished\":\"2025-02-26T18:00:40+00:00\",\"breadcrumb\":{\"@id\":\"https:\\\/\\\/transamerica93.com.br\\\/home\\\/show-do-seculo-com-sertanejos-sera-no-allianz-parque-em-sao-paulo-veja-outras-cidades\\\/#breadcrumb\"},\"inLanguage\":\"pt-BR\",\"potentialAction\":[{\"@type\":\"ReadAction\",\"target\":[\"https:\\\/\\\/transamerica93.com.br\\\/home\\\/show-do-seculo-com-sertanejos-sera-no-allianz-parque-em-sao-paulo-veja-outras-cidades\\\/\"]}]},{\"@type\":\"ImageObject\",\"inLanguage\":\"pt-BR\",\"@id\":\"https:\\\/\\\/transamerica93.com.br\\\/home\\\/show-do-seculo-com-sertanejos-sera-no-allianz-parque-em-sao-paulo-veja-outras-cidades\\\/#primaryimage\",\"url\":\"https:\\\/\\\/transamerica93.com.br\\\/home\\\/wp-content\\\/uploads\\\/2025\\\/02\\\/historias-show-do-seculo-atracoes-750x536-1.jpg\",\"contentUrl\":\"https:\\\/\\\/transamerica93.com.br\\\/home\\\/wp-content\\\/uploads\\\/2025\\\/02\\\/historias-show-do-seculo-atracoes-750x536-1.jpg\",\"width\":750,\"height\":536},{\"@type\":\"BreadcrumbList\",\"@id\":\"https:\\\/\\\/transamerica93.com.br\\\/home\\\/show-do-seculo-com-sertanejos-sera-no-allianz-parque-em-sao-paulo-veja-outras-cidades\\\/#breadcrumb\",\"itemListElement\":[{\"@type\":\"ListItem\",\"position\":1,\"name\":\"In\u00edcio\",\"item\":\"https:\\\/\\\/transamerica93.com.br\\\/home\\\/\"},{\"@type\":\"ListItem\",\"position\":2,\"name\":\"&#8216;Show do s\u00e9culo&#8217; com sertanejos ser\u00e1 no Allianz Parque, em S\u00e3o Paulo; veja outras cidades\"}]},{\"@type\":\"WebSite\",\"@id\":\"https:\\\/\\\/transamerica93.com.br\\\/home\\\/#website\",\"url\":\"https:\\\/\\\/transamerica93.com.br\\\/home\\\/\",\"name\":\"Transam\u00e9rica Mococa 93,3\",\"description\":\"\",\"publisher\":{\"@id\":\"https:\\\/\\\/transamerica93.com.br\\\/home\\\/#organization\"},\"potentialAction\":[{\"@type\":\"SearchAction\",\"target\":{\"@type\":\"EntryPoint\",\"urlTemplate\":\"https:\\\/\\\/transamerica93.com.br\\\/home\\\/?s={search_term_string}\"},\"query-input\":{\"@type\":\"PropertyValueSpecification\",\"valueRequired\":true,\"valueName\":\"search_term_string\"}}],\"inLanguage\":\"pt-BR\"},{\"@type\":\"Organization\",\"@id\":\"https:\\\/\\\/transamerica93.com.br\\\/home\\\/#organization\",\"name\":\"Transam\u00e9rica Mococa 93,3\",\"url\":\"https:\\\/\\\/transamerica93.com.br\\\/home\\\/\",\"logo\":{\"@type\":\"ImageObject\",\"inLanguage\":\"pt-BR\",\"@id\":\"https:\\\/\\\/transamerica93.com.br\\\/home\\\/#\\\/schema\\\/logo\\\/image\\\/\",\"url\":\"https:\\\/\\\/transamerica93.com.br\\\/home\\\/wp-content\\\/uploads\\\/2023\\\/10\\\/logo2.png\",\"contentUrl\":\"https:\\\/\\\/transamerica93.com.br\\\/home\\\/wp-content\\\/uploads\\\/2023\\\/10\\\/logo2.png\",\"width\":800,\"height\":500,\"caption\":\"Transam\u00e9rica Mococa 93,3\"},\"image\":{\"@id\":\"https:\\\/\\\/transamerica93.com.br\\\/home\\\/#\\\/schema\\\/logo\\\/image\\\/\"},\"sameAs\":[\"https:\\\/\\\/www.facebook.com\\\/transamericamococa\",\"https:\\\/\\\/x.com\\\/transamerica933\",\"https:\\\/\\\/www.instagram.com\\\/transamericamococa\"]},{\"@type\":\"Person\",\"@id\":\"https:\\\/\\\/transamerica93.com.br\\\/home\\\/#\\\/schema\\\/person\\\/7fed7c99c0d4562efa8561bc0f543172\",\"name\":\"Reda\u00e7\u00e3o\",\"image\":{\"@type\":\"ImageObject\",\"inLanguage\":\"pt-BR\",\"@id\":\"https:\\\/\\\/secure.gravatar.com\\\/avatar\\\/1072c6b775fb02ef8506ce967551d95926669a6b7d2c2147b42eea4d7c68395e?s=96&d=mm&r=g\",\"url\":\"https:\\\/\\\/secure.gravatar.com\\\/avatar\\\/1072c6b775fb02ef8506ce967551d95926669a6b7d2c2147b42eea4d7c68395e?s=96&d=mm&r=g\",\"contentUrl\":\"https:\\\/\\\/secure.gravatar.com\\\/avatar\\\/1072c6b775fb02ef8506ce967551d95926669a6b7d2c2147b42eea4d7c68395e?s=96&d=mm&r=g\",\"caption\":\"Reda\u00e7\u00e3o\"},\"sameAs\":[\"https:\\\/\\\/transamerica93.com.br\\\/home\"],\"url\":\"https:\\\/\\\/transamerica93.com.br\\\/home\\\/author\\\/william\\\/\"}]}<\/script>\n<!-- \/ Yoast SEO plugin. -->","yoast_head_json":{"title":"'Show do s\u00e9culo' com sertanejos ser\u00e1 no Allianz Parque, em S\u00e3o Paulo; veja outras cidades - Transam\u00e9rica Mococa 93,3","robots":{"index":"index","follow":"follow","max-snippet":"max-snippet:-1","max-image-preview":"max-image-preview:large","max-video-preview":"max-video-preview:-1"},"canonical":"https:\/\/transamerica93.com.br\/home\/show-do-seculo-com-sertanejos-sera-no-allianz-parque-em-sao-paulo-veja-outras-cidades\/","og_locale":"pt_BR","og_type":"article","og_title":"'Show do s\u00e9culo' com sertanejos ser\u00e1 no Allianz Parque, em S\u00e3o Paulo; veja outras cidades - Transam\u00e9rica Mococa 93,3","og_description":"Por Renata Nogueira A turn\u00ea\u00a0Hist\u00f3rias: O Show do S\u00e9culo, que reunir\u00e1 as duplas sertanejas Chit\u00e3ozinho e Xoror\u00f3, Zez\u00e9 Di Camargo e Luciano, Victor e Leo e C\u00e9sar Menotti e Fabiano e os cantores Leonardo e Daniel, anunciou os lugares e quais artistas v\u00e3o se apresentar em cada uma das cinco capitais do Pa\u00eds. Em S\u00e3o &hellip;","og_url":"https:\/\/transamerica93.com.br\/home\/show-do-seculo-com-sertanejos-sera-no-allianz-parque-em-sao-paulo-veja-outras-cidades\/","og_site_name":"Transam\u00e9rica Mococa 93,3","article_publisher":"https:\/\/www.facebook.com\/transamericamococa","article_published_time":"2025-02-26T18:00:40+00:00","og_image":[{"width":750,"height":536,"url":"https:\/\/transamerica93.com.br\/home\/wp-content\/uploads\/2025\/02\/historias-show-do-seculo-atracoes-750x536-1.jpg","type":"image\/jpeg"}],"author":"Reda\u00e7\u00e3o","twitter_card":"summary_large_image","twitter_creator":"@transamerica933","twitter_site":"@transamerica933","twitter_misc":{"Escrito por":"Reda\u00e7\u00e3o","Est. tempo de leitura":"3 minutos"},"schema":{"@context":"https:\/\/schema.org","@graph":[{"@type":"Article","@id":"https:\/\/transamerica93.com.br\/home\/show-do-seculo-com-sertanejos-sera-no-allianz-parque-em-sao-paulo-veja-outras-cidades\/#article","isPartOf":{"@id":"https:\/\/transamerica93.com.br\/home\/show-do-seculo-com-sertanejos-sera-no-allianz-parque-em-sao-paulo-veja-outras-cidades\/"},"author":{"name":"Reda\u00e7\u00e3o","@id":"https:\/\/transamerica93.com.br\/home\/#\/schema\/person\/7fed7c99c0d4562efa8561bc0f543172"},"headline":"&#8216;Show do s\u00e9culo&#8217; com sertanejos ser\u00e1 no Allianz Parque, em S\u00e3o Paulo; veja outras cidades","datePublished":"2025-02-26T18:00:40+00:00","mainEntityOfPage":{"@id":"https:\/\/transamerica93.com.br\/home\/show-do-seculo-com-sertanejos-sera-no-allianz-parque-em-sao-paulo-veja-outras-cidades\/"},"wordCount":405,"publisher":{"@id":"https:\/\/transamerica93.com.br\/home\/#organization"},"image":{"@id":"https:\/\/transamerica93.com.br\/home\/show-do-seculo-com-sertanejos-sera-no-allianz-parque-em-sao-paulo-veja-outras-cidades\/#primaryimage"},"thumbnailUrl":"https:\/\/transamerica93.com.br\/home\/wp-content\/uploads\/2025\/02\/historias-show-do-seculo-atracoes-750x536-1.jpg","articleSection":["M\u00fasica"],"inLanguage":"pt-BR"},{"@type":"WebPage","@id":"https:\/\/transamerica93.com.br\/home\/show-do-seculo-com-sertanejos-sera-no-allianz-parque-em-sao-paulo-veja-outras-cidades\/","url":"https:\/\/transamerica93.com.br\/home\/show-do-seculo-com-sertanejos-sera-no-allianz-parque-em-sao-paulo-veja-outras-cidades\/","name":"'Show do s\u00e9culo' com sertanejos ser\u00e1 no Allianz Parque, em S\u00e3o Paulo; veja outras cidades - Transam\u00e9rica Mococa 93,3","isPartOf":{"@id":"https:\/\/transamerica93.com.br\/home\/#website"},"primaryImageOfPage":{"@id":"https:\/\/transamerica93.com.br\/home\/show-do-seculo-com-sertanejos-sera-no-allianz-parque-em-sao-paulo-veja-outras-cidades\/#primaryimage"},"image":{"@id":"https:\/\/transamerica93.com.br\/home\/show-do-seculo-com-sertanejos-sera-no-allianz-parque-em-sao-paulo-veja-outras-cidades\/#primaryimage"},"thumbnailUrl":"https:\/\/transamerica93.com.br\/home\/wp-content\/uploads\/2025\/02\/historias-show-do-seculo-atracoes-750x536-1.jpg","datePublished":"2025-02-26T18:00:40+00:00","breadcrumb":{"@id":"https:\/\/transamerica93.com.br\/home\/show-do-seculo-com-sertanejos-sera-no-allianz-parque-em-sao-paulo-veja-outras-cidades\/#breadcrumb"},"inLanguage":"pt-BR","potentialAction":[{"@type":"ReadAction","target":["https:\/\/transamerica93.com.br\/home\/show-do-seculo-com-sertanejos-sera-no-allianz-parque-em-sao-paulo-veja-outras-cidades\/"]}]},{"@type":"ImageObject","inLanguage":"pt-BR","@id":"https:\/\/transamerica93.com.br\/home\/show-do-seculo-com-sertanejos-sera-no-allianz-parque-em-sao-paulo-veja-outras-cidades\/#primaryimage","url":"https:\/\/transamerica93.com.br\/home\/wp-content\/uploads\/2025\/02\/historias-show-do-seculo-atracoes-750x536-1.jpg","contentUrl":"https:\/\/transamerica93.com.br\/home\/wp-content\/uploads\/2025\/02\/historias-show-do-seculo-atracoes-750x536-1.jpg","width":750,"height":536},{"@type":"BreadcrumbList","@id":"https:\/\/transamerica93.com.br\/home\/show-do-seculo-com-sertanejos-sera-no-allianz-parque-em-sao-paulo-veja-outras-cidades\/#breadcrumb","itemListElement":[{"@type":"ListItem","position":1,"name":"In\u00edcio","item":"https:\/\/transamerica93.com.br\/home\/"},{"@type":"ListItem","position":2,"name":"&#8216;Show do s\u00e9culo&#8217; com sertanejos ser\u00e1 no Allianz Parque, em S\u00e3o Paulo; veja outras cidades"}]},{"@type":"WebSite","@id":"https:\/\/transamerica93.com.br\/home\/#website","url":"https:\/\/transamerica93.com.br\/home\/","name":"Transam\u00e9rica Mococa 93,3","description":"","publisher":{"@id":"https:\/\/transamerica93.com.br\/home\/#organization"},"potentialAction":[{"@type":"SearchAction","target":{"@type":"EntryPoint","urlTemplate":"https:\/\/transamerica93.com.br\/home\/?s={search_term_string}"},"query-input":{"@type":"PropertyValueSpecification","valueRequired":true,"valueName":"search_term_string"}}],"inLanguage":"pt-BR"},{"@type":"Organization","@id":"https:\/\/transamerica93.com.br\/home\/#organization","name":"Transam\u00e9rica Mococa 93,3","url":"https:\/\/transamerica93.com.br\/home\/","logo":{"@type":"ImageObject","inLanguage":"pt-BR","@id":"https:\/\/transamerica93.com.br\/home\/#\/schema\/logo\/image\/","url":"https:\/\/transamerica93.com.br\/home\/wp-content\/uploads\/2023\/10\/logo2.png","contentUrl":"https:\/\/transamerica93.com.br\/home\/wp-content\/uploads\/2023\/10\/logo2.png","width":800,"height":500,"caption":"Transam\u00e9rica Mococa 93,3"},"image":{"@id":"https:\/\/transamerica93.com.br\/home\/#\/schema\/logo\/image\/"},"sameAs":["https:\/\/www.facebook.com\/transamericamococa","https:\/\/x.com\/transamerica933","https:\/\/www.instagram.com\/transamericamococa"]},{"@type":"Person","@id":"https:\/\/transamerica93.com.br\/home\/#\/schema\/person\/7fed7c99c0d4562efa8561bc0f543172","name":"Reda\u00e7\u00e3o","image":{"@type":"ImageObject","inLanguage":"pt-BR","@id":"https:\/\/secure.gravatar.com\/avatar\/1072c6b775fb02ef8506ce967551d95926669a6b7d2c2147b42eea4d7c68395e?s=96&d=mm&r=g","url":"https:\/\/secure.gravatar.com\/avatar\/1072c6b775fb02ef8506ce967551d95926669a6b7d2c2147b42eea4d7c68395e?s=96&d=mm&r=g","contentUrl":"https:\/\/secure.gravatar.com\/avatar\/1072c6b775fb02ef8506ce967551d95926669a6b7d2c2147b42eea4d7c68395e?s=96&d=mm&r=g","caption":"Reda\u00e7\u00e3o"},"sameAs":["https:\/\/transamerica93.com.br\/home"],"url":"https:\/\/transamerica93.com.br\/home\/author\/william\/"}]}},"_links":{"self":[{"href":"https:\/\/transamerica93.com.br\/home\/wp-json\/wp\/v2\/posts\/4786","targetHints":{"allow":["GET"]}}],"collection":[{"href":"https:\/\/transamerica93.com.br\/home\/wp-json\/wp\/v2\/posts"}],"about":[{"href":"https:\/\/transamerica93.com.br\/home\/wp-json\/wp\/v2\/types\/post"}],"author":[{"embeddable":true,"href":"https:\/\/transamerica93.com.br\/home\/wp-json\/wp\/v2\/users\/1"}],"replies":[{"embeddable":true,"href":"https:\/\/transamerica93.com.br\/home\/wp-json\/wp\/v2\/comments?post=4786"}],"version-history":[{"count":1,"href":"https:\/\/transamerica93.com.br\/home\/wp-json\/wp\/v2\/posts\/4786\/revisions"}],"predecessor-version":[{"id":4788,"href":"https:\/\/transamerica93.com.br\/home\/wp-json\/wp\/v2\/posts\/4786\/revisions\/4788"}],"wp:featuredmedia":[{"embeddable":true,"href":"https:\/\/transamerica93.com.br\/home\/wp-json\/wp\/v2\/media\/4787"}],"wp:attachment":[{"href":"https:\/\/transamerica93.com.br\/home\/wp-json\/wp\/v2\/media?parent=4786"}],"wp:term":[{"taxonomy":"category","embeddable":true,"href":"https:\/\/transamerica93.com.br\/home\/wp-json\/wp\/v2\/categories?post=4786"},{"taxonomy":"post_tag","embeddable":true,"href":"https:\/\/transamerica93.com.br\/home\/wp-json\/wp\/v2\/tags?post=4786"}],"curies":[{"name":"wp","href":"https:\/\/api.w.org\/{rel}","templated":true}]}}