{"id":4789,"date":"2025-02-27T15:00:48","date_gmt":"2025-02-27T18:00:48","guid":{"rendered":"https:\/\/transamerica93.com.br\/home\/?p=4789"},"modified":"2025-02-23T06:46:32","modified_gmt":"2025-02-23T09:46:32","slug":"lady-gaga-confirma-show-no-rio-e-promete-apresentacao-inesquecivel-melhor-do-que-nunca","status":"publish","type":"post","link":"https:\/\/transamerica93.com.br\/home\/lady-gaga-confirma-show-no-rio-e-promete-apresentacao-inesquecivel-melhor-do-que-nunca\/","title":{"rendered":"Lady Gaga confirma show no Rio e promete apresenta\u00e7\u00e3o inesquec\u00edvel: &#8216;Melhor do que nunca&#8217;"},"content":{"rendered":"<div id=\"Corpo\">Por Reda\u00e7\u00e3o C2<\/p>\n<p>Ela vem! Lady Gaga confirmou o show no Rio de Janeiro em uma publica\u00e7\u00e3o feita em seu perfil no Instagram nesta sexta-feira, 21. A cantora publicou a arte de divulga\u00e7\u00e3o da apresenta\u00e7\u00e3o, que acontecer\u00e1 na Praia de Copacabana no dia 3 de maio.<\/p>\n<p>&#8220;\u00c9 uma grande honra ser convidada para cantar no Rio &#8211; por toda a minha carreira, os f\u00e3s no Brasil t\u00eam sido uma for\u00e7a vital para os little monsters. Estou morrendo [de vontade] de me apresentar para voc\u00eas h\u00e1 anos, e meu cora\u00e7\u00e3o se partiu quando tive que cancelar anos atr\u00e1s ap\u00f3s ser hospitalizada. A compreens\u00e3o de voc\u00eas que eu precisei um tempo para me recuperar significou o mundo para mim. Agora estou voltando e me sinto melhor do que nunca, e estou trabalhando duro para garantir que este show seja um que voc\u00eas nunca esquecer\u00e3o. Se preparem para\u00a0<i>Mayhem<\/i>\u00a0na praia.&#8221;<\/p>\n<p><i>Mayhem<\/i>, vale notar, \u00e9 o nome do ainda in\u00e9dito novo \u00e1lbum da Gaga, que ser\u00e1 lan\u00e7ado em 7 de mar\u00e7o.<\/p>\n<p>O prefeito do Rio, Eduardo Paes, j\u00e1 havia confirmado o show, e novos detalhes foram divulgados nesta sexta em uma coletiva de imprensa da prefeitura. O evento ter\u00e1 in\u00edcio \u00e0s 21h, tem previs\u00e3o de 2h30 de dura\u00e7\u00e3o, ser\u00e1 gratuito e aberto ao p\u00fablico.<\/p>\n<p>Vale lembrar que a Globo tamb\u00e9m j\u00e1 confirmou que transmitir\u00e1 a apresenta\u00e7\u00e3o de Lady Gaga ao vivo. O espet\u00e1culo ser\u00e1 transmitido simultaneamente na TV Globo, Multishow e Globoplay.<\/p><\/div>\n","protected":false},"excerpt":{"rendered":"<p>Por Reda\u00e7\u00e3o C2 Ela vem! Lady Gaga confirmou o show no Rio de Janeiro em uma publica\u00e7\u00e3o feita em seu perfil no Instagram nesta sexta-feira, 21. A cantora publicou a arte de divulga\u00e7\u00e3o da apresenta\u00e7\u00e3o, que acontecer\u00e1 na Praia de Copacabana no dia 3 de maio. &#8220;\u00c9 uma grande honra ser convidada para cantar no &hellip;<\/p>\n","protected":false},"author":1,"featured_media":4790,"comment_status":"closed","ping_status":"closed","sticky":false,"template":"","format":"standard","meta":{"footnotes":""},"categories":[25],"tags":[],"class_list":["post-4789","post","type-post","status-publish","format-standard","has-post-thumbnail","hentry","category-musica"],"yoast_head":"<!-- This site is optimized with the Yoast SEO plugin v27.4 - https:\/\/yoast.com\/product\/yoast-seo-wordpress\/ -->\n<title>Lady Gaga confirma show no Rio e promete apresenta\u00e7\u00e3o inesquec\u00edvel: &#039;Melhor do que nunca&#039; - Transam\u00e9rica Mococa 93,3<\/title>\n<meta name=\"robots\" content=\"index, follow, max-snippet:-1, max-image-preview:large, max-video-preview:-1\" \/>\n<link rel=\"canonical\" href=\"https:\/\/transamerica93.com.br\/home\/lady-gaga-confirma-show-no-rio-e-promete-apresentacao-inesquecivel-melhor-do-que-nunca\/\" \/>\n<meta property=\"og:locale\" content=\"pt_BR\" \/>\n<meta property=\"og:type\" content=\"article\" \/>\n<meta property=\"og:title\" content=\"Lady Gaga confirma show no Rio e promete apresenta\u00e7\u00e3o inesquec\u00edvel: &#039;Melhor do que nunca&#039; - Transam\u00e9rica Mococa 93,3\" \/>\n<meta property=\"og:description\" content=\"Por Reda\u00e7\u00e3o C2 Ela vem! Lady Gaga confirmou o show no Rio de Janeiro em uma publica\u00e7\u00e3o feita em seu perfil no Instagram nesta sexta-feira, 21. A cantora publicou a arte de divulga\u00e7\u00e3o da apresenta\u00e7\u00e3o, que acontecer\u00e1 na Praia de Copacabana no dia 3 de maio. &#8220;\u00c9 uma grande honra ser convidada para cantar no &hellip;\" \/>\n<meta property=\"og:url\" content=\"https:\/\/transamerica93.com.br\/home\/lady-gaga-confirma-show-no-rio-e-promete-apresentacao-inesquecivel-melhor-do-que-nunca\/\" \/>\n<meta property=\"og:site_name\" content=\"Transam\u00e9rica Mococa 93,3\" \/>\n<meta property=\"article:publisher\" content=\"https:\/\/www.facebook.com\/transamericamococa\" \/>\n<meta property=\"article:published_time\" content=\"2025-02-27T18:00:48+00:00\" \/>\n<meta property=\"og:image\" content=\"https:\/\/transamerica93.com.br\/home\/wp-content\/uploads\/2025\/02\/5-4.jpg\" \/>\n\t<meta property=\"og:image:width\" content=\"1200\" \/>\n\t<meta property=\"og:image:height\" content=\"833\" \/>\n\t<meta property=\"og:image:type\" content=\"image\/jpeg\" \/>\n<meta name=\"author\" content=\"Reda\u00e7\u00e3o\" \/>\n<meta name=\"twitter:card\" content=\"summary_large_image\" \/>\n<meta name=\"twitter:creator\" content=\"@transamerica933\" \/>\n<meta name=\"twitter:site\" content=\"@transamerica933\" \/>\n<meta name=\"twitter:label1\" content=\"Escrito por\" \/>\n\t<meta name=\"twitter:data1\" content=\"Reda\u00e7\u00e3o\" \/>\n\t<meta name=\"twitter:label2\" content=\"Est. tempo de leitura\" \/>\n\t<meta name=\"twitter:data2\" content=\"2 minutos\" \/>\n<script type=\"application\/ld+json\" class=\"yoast-schema-graph\">{\"@context\":\"https:\\\/\\\/schema.org\",\"@graph\":[{\"@type\":\"Article\",\"@id\":\"https:\\\/\\\/transamerica93.com.br\\\/home\\\/lady-gaga-confirma-show-no-rio-e-promete-apresentacao-inesquecivel-melhor-do-que-nunca\\\/#article\",\"isPartOf\":{\"@id\":\"https:\\\/\\\/transamerica93.com.br\\\/home\\\/lady-gaga-confirma-show-no-rio-e-promete-apresentacao-inesquecivel-melhor-do-que-nunca\\\/\"},\"author\":{\"name\":\"Reda\u00e7\u00e3o\",\"@id\":\"https:\\\/\\\/transamerica93.com.br\\\/home\\\/#\\\/schema\\\/person\\\/7fed7c99c0d4562efa8561bc0f543172\"},\"headline\":\"Lady Gaga confirma show no Rio e promete apresenta\u00e7\u00e3o inesquec\u00edvel: &#8216;Melhor do que nunca&#8217;\",\"datePublished\":\"2025-02-27T18:00:48+00:00\",\"mainEntityOfPage\":{\"@id\":\"https:\\\/\\\/transamerica93.com.br\\\/home\\\/lady-gaga-confirma-show-no-rio-e-promete-apresentacao-inesquecivel-melhor-do-que-nunca\\\/\"},\"wordCount\":275,\"publisher\":{\"@id\":\"https:\\\/\\\/transamerica93.com.br\\\/home\\\/#organization\"},\"image\":{\"@id\":\"https:\\\/\\\/transamerica93.com.br\\\/home\\\/lady-gaga-confirma-show-no-rio-e-promete-apresentacao-inesquecivel-melhor-do-que-nunca\\\/#primaryimage\"},\"thumbnailUrl\":\"https:\\\/\\\/transamerica93.com.br\\\/home\\\/wp-content\\\/uploads\\\/2025\\\/02\\\/5-4.jpg\",\"articleSection\":[\"M\u00fasica\"],\"inLanguage\":\"pt-BR\"},{\"@type\":\"WebPage\",\"@id\":\"https:\\\/\\\/transamerica93.com.br\\\/home\\\/lady-gaga-confirma-show-no-rio-e-promete-apresentacao-inesquecivel-melhor-do-que-nunca\\\/\",\"url\":\"https:\\\/\\\/transamerica93.com.br\\\/home\\\/lady-gaga-confirma-show-no-rio-e-promete-apresentacao-inesquecivel-melhor-do-que-nunca\\\/\",\"name\":\"Lady Gaga confirma show no Rio e promete apresenta\u00e7\u00e3o inesquec\u00edvel: 'Melhor do que nunca' - Transam\u00e9rica Mococa 93,3\",\"isPartOf\":{\"@id\":\"https:\\\/\\\/transamerica93.com.br\\\/home\\\/#website\"},\"primaryImageOfPage\":{\"@id\":\"https:\\\/\\\/transamerica93.com.br\\\/home\\\/lady-gaga-confirma-show-no-rio-e-promete-apresentacao-inesquecivel-melhor-do-que-nunca\\\/#primaryimage\"},\"image\":{\"@id\":\"https:\\\/\\\/transamerica93.com.br\\\/home\\\/lady-gaga-confirma-show-no-rio-e-promete-apresentacao-inesquecivel-melhor-do-que-nunca\\\/#primaryimage\"},\"thumbnailUrl\":\"https:\\\/\\\/transamerica93.com.br\\\/home\\\/wp-content\\\/uploads\\\/2025\\\/02\\\/5-4.jpg\",\"datePublished\":\"2025-02-27T18:00:48+00:00\",\"breadcrumb\":{\"@id\":\"https:\\\/\\\/transamerica93.com.br\\\/home\\\/lady-gaga-confirma-show-no-rio-e-promete-apresentacao-inesquecivel-melhor-do-que-nunca\\\/#breadcrumb\"},\"inLanguage\":\"pt-BR\",\"potentialAction\":[{\"@type\":\"ReadAction\",\"target\":[\"https:\\\/\\\/transamerica93.com.br\\\/home\\\/lady-gaga-confirma-show-no-rio-e-promete-apresentacao-inesquecivel-melhor-do-que-nunca\\\/\"]}]},{\"@type\":\"ImageObject\",\"inLanguage\":\"pt-BR\",\"@id\":\"https:\\\/\\\/transamerica93.com.br\\\/home\\\/lady-gaga-confirma-show-no-rio-e-promete-apresentacao-inesquecivel-melhor-do-que-nunca\\\/#primaryimage\",\"url\":\"https:\\\/\\\/transamerica93.com.br\\\/home\\\/wp-content\\\/uploads\\\/2025\\\/02\\\/5-4.jpg\",\"contentUrl\":\"https:\\\/\\\/transamerica93.com.br\\\/home\\\/wp-content\\\/uploads\\\/2025\\\/02\\\/5-4.jpg\",\"width\":1200,\"height\":833},{\"@type\":\"BreadcrumbList\",\"@id\":\"https:\\\/\\\/transamerica93.com.br\\\/home\\\/lady-gaga-confirma-show-no-rio-e-promete-apresentacao-inesquecivel-melhor-do-que-nunca\\\/#breadcrumb\",\"itemListElement\":[{\"@type\":\"ListItem\",\"position\":1,\"name\":\"In\u00edcio\",\"item\":\"https:\\\/\\\/transamerica93.com.br\\\/home\\\/\"},{\"@type\":\"ListItem\",\"position\":2,\"name\":\"Lady Gaga confirma show no Rio e promete apresenta\u00e7\u00e3o inesquec\u00edvel: &#8216;Melhor do que nunca&#8217;\"}]},{\"@type\":\"WebSite\",\"@id\":\"https:\\\/\\\/transamerica93.com.br\\\/home\\\/#website\",\"url\":\"https:\\\/\\\/transamerica93.com.br\\\/home\\\/\",\"name\":\"Transam\u00e9rica Mococa 93,3\",\"description\":\"\",\"publisher\":{\"@id\":\"https:\\\/\\\/transamerica93.com.br\\\/home\\\/#organization\"},\"potentialAction\":[{\"@type\":\"SearchAction\",\"target\":{\"@type\":\"EntryPoint\",\"urlTemplate\":\"https:\\\/\\\/transamerica93.com.br\\\/home\\\/?s={search_term_string}\"},\"query-input\":{\"@type\":\"PropertyValueSpecification\",\"valueRequired\":true,\"valueName\":\"search_term_string\"}}],\"inLanguage\":\"pt-BR\"},{\"@type\":\"Organization\",\"@id\":\"https:\\\/\\\/transamerica93.com.br\\\/home\\\/#organization\",\"name\":\"Transam\u00e9rica Mococa 93,3\",\"url\":\"https:\\\/\\\/transamerica93.com.br\\\/home\\\/\",\"logo\":{\"@type\":\"ImageObject\",\"inLanguage\":\"pt-BR\",\"@id\":\"https:\\\/\\\/transamerica93.com.br\\\/home\\\/#\\\/schema\\\/logo\\\/image\\\/\",\"url\":\"https:\\\/\\\/transamerica93.com.br\\\/home\\\/wp-content\\\/uploads\\\/2023\\\/10\\\/logo2.png\",\"contentUrl\":\"https:\\\/\\\/transamerica93.com.br\\\/home\\\/wp-content\\\/uploads\\\/2023\\\/10\\\/logo2.png\",\"width\":800,\"height\":500,\"caption\":\"Transam\u00e9rica Mococa 93,3\"},\"image\":{\"@id\":\"https:\\\/\\\/transamerica93.com.br\\\/home\\\/#\\\/schema\\\/logo\\\/image\\\/\"},\"sameAs\":[\"https:\\\/\\\/www.facebook.com\\\/transamericamococa\",\"https:\\\/\\\/x.com\\\/transamerica933\",\"https:\\\/\\\/www.instagram.com\\\/transamericamococa\"]},{\"@type\":\"Person\",\"@id\":\"https:\\\/\\\/transamerica93.com.br\\\/home\\\/#\\\/schema\\\/person\\\/7fed7c99c0d4562efa8561bc0f543172\",\"name\":\"Reda\u00e7\u00e3o\",\"image\":{\"@type\":\"ImageObject\",\"inLanguage\":\"pt-BR\",\"@id\":\"https:\\\/\\\/secure.gravatar.com\\\/avatar\\\/1072c6b775fb02ef8506ce967551d95926669a6b7d2c2147b42eea4d7c68395e?s=96&d=mm&r=g\",\"url\":\"https:\\\/\\\/secure.gravatar.com\\\/avatar\\\/1072c6b775fb02ef8506ce967551d95926669a6b7d2c2147b42eea4d7c68395e?s=96&d=mm&r=g\",\"contentUrl\":\"https:\\\/\\\/secure.gravatar.com\\\/avatar\\\/1072c6b775fb02ef8506ce967551d95926669a6b7d2c2147b42eea4d7c68395e?s=96&d=mm&r=g\",\"caption\":\"Reda\u00e7\u00e3o\"},\"sameAs\":[\"https:\\\/\\\/transamerica93.com.br\\\/home\"],\"url\":\"https:\\\/\\\/transamerica93.com.br\\\/home\\\/author\\\/william\\\/\"}]}<\/script>\n<!-- \/ Yoast SEO plugin. -->","yoast_head_json":{"title":"Lady Gaga confirma show no Rio e promete apresenta\u00e7\u00e3o inesquec\u00edvel: 'Melhor do que nunca' - Transam\u00e9rica Mococa 93,3","robots":{"index":"index","follow":"follow","max-snippet":"max-snippet:-1","max-image-preview":"max-image-preview:large","max-video-preview":"max-video-preview:-1"},"canonical":"https:\/\/transamerica93.com.br\/home\/lady-gaga-confirma-show-no-rio-e-promete-apresentacao-inesquecivel-melhor-do-que-nunca\/","og_locale":"pt_BR","og_type":"article","og_title":"Lady Gaga confirma show no Rio e promete apresenta\u00e7\u00e3o inesquec\u00edvel: 'Melhor do que nunca' - Transam\u00e9rica Mococa 93,3","og_description":"Por Reda\u00e7\u00e3o C2 Ela vem! Lady Gaga confirmou o show no Rio de Janeiro em uma publica\u00e7\u00e3o feita em seu perfil no Instagram nesta sexta-feira, 21. A cantora publicou a arte de divulga\u00e7\u00e3o da apresenta\u00e7\u00e3o, que acontecer\u00e1 na Praia de Copacabana no dia 3 de maio. &#8220;\u00c9 uma grande honra ser convidada para cantar no &hellip;","og_url":"https:\/\/transamerica93.com.br\/home\/lady-gaga-confirma-show-no-rio-e-promete-apresentacao-inesquecivel-melhor-do-que-nunca\/","og_site_name":"Transam\u00e9rica Mococa 93,3","article_publisher":"https:\/\/www.facebook.com\/transamericamococa","article_published_time":"2025-02-27T18:00:48+00:00","og_image":[{"width":1200,"height":833,"url":"https:\/\/transamerica93.com.br\/home\/wp-content\/uploads\/2025\/02\/5-4.jpg","type":"image\/jpeg"}],"author":"Reda\u00e7\u00e3o","twitter_card":"summary_large_image","twitter_creator":"@transamerica933","twitter_site":"@transamerica933","twitter_misc":{"Escrito por":"Reda\u00e7\u00e3o","Est. tempo de leitura":"2 minutos"},"schema":{"@context":"https:\/\/schema.org","@graph":[{"@type":"Article","@id":"https:\/\/transamerica93.com.br\/home\/lady-gaga-confirma-show-no-rio-e-promete-apresentacao-inesquecivel-melhor-do-que-nunca\/#article","isPartOf":{"@id":"https:\/\/transamerica93.com.br\/home\/lady-gaga-confirma-show-no-rio-e-promete-apresentacao-inesquecivel-melhor-do-que-nunca\/"},"author":{"name":"Reda\u00e7\u00e3o","@id":"https:\/\/transamerica93.com.br\/home\/#\/schema\/person\/7fed7c99c0d4562efa8561bc0f543172"},"headline":"Lady Gaga confirma show no Rio e promete apresenta\u00e7\u00e3o inesquec\u00edvel: &#8216;Melhor do que nunca&#8217;","datePublished":"2025-02-27T18:00:48+00:00","mainEntityOfPage":{"@id":"https:\/\/transamerica93.com.br\/home\/lady-gaga-confirma-show-no-rio-e-promete-apresentacao-inesquecivel-melhor-do-que-nunca\/"},"wordCount":275,"publisher":{"@id":"https:\/\/transamerica93.com.br\/home\/#organization"},"image":{"@id":"https:\/\/transamerica93.com.br\/home\/lady-gaga-confirma-show-no-rio-e-promete-apresentacao-inesquecivel-melhor-do-que-nunca\/#primaryimage"},"thumbnailUrl":"https:\/\/transamerica93.com.br\/home\/wp-content\/uploads\/2025\/02\/5-4.jpg","articleSection":["M\u00fasica"],"inLanguage":"pt-BR"},{"@type":"WebPage","@id":"https:\/\/transamerica93.com.br\/home\/lady-gaga-confirma-show-no-rio-e-promete-apresentacao-inesquecivel-melhor-do-que-nunca\/","url":"https:\/\/transamerica93.com.br\/home\/lady-gaga-confirma-show-no-rio-e-promete-apresentacao-inesquecivel-melhor-do-que-nunca\/","name":"Lady Gaga confirma show no Rio e promete apresenta\u00e7\u00e3o inesquec\u00edvel: 'Melhor do que nunca' - Transam\u00e9rica Mococa 93,3","isPartOf":{"@id":"https:\/\/transamerica93.com.br\/home\/#website"},"primaryImageOfPage":{"@id":"https:\/\/transamerica93.com.br\/home\/lady-gaga-confirma-show-no-rio-e-promete-apresentacao-inesquecivel-melhor-do-que-nunca\/#primaryimage"},"image":{"@id":"https:\/\/transamerica93.com.br\/home\/lady-gaga-confirma-show-no-rio-e-promete-apresentacao-inesquecivel-melhor-do-que-nunca\/#primaryimage"},"thumbnailUrl":"https:\/\/transamerica93.com.br\/home\/wp-content\/uploads\/2025\/02\/5-4.jpg","datePublished":"2025-02-27T18:00:48+00:00","breadcrumb":{"@id":"https:\/\/transamerica93.com.br\/home\/lady-gaga-confirma-show-no-rio-e-promete-apresentacao-inesquecivel-melhor-do-que-nunca\/#breadcrumb"},"inLanguage":"pt-BR","potentialAction":[{"@type":"ReadAction","target":["https:\/\/transamerica93.com.br\/home\/lady-gaga-confirma-show-no-rio-e-promete-apresentacao-inesquecivel-melhor-do-que-nunca\/"]}]},{"@type":"ImageObject","inLanguage":"pt-BR","@id":"https:\/\/transamerica93.com.br\/home\/lady-gaga-confirma-show-no-rio-e-promete-apresentacao-inesquecivel-melhor-do-que-nunca\/#primaryimage","url":"https:\/\/transamerica93.com.br\/home\/wp-content\/uploads\/2025\/02\/5-4.jpg","contentUrl":"https:\/\/transamerica93.com.br\/home\/wp-content\/uploads\/2025\/02\/5-4.jpg","width":1200,"height":833},{"@type":"BreadcrumbList","@id":"https:\/\/transamerica93.com.br\/home\/lady-gaga-confirma-show-no-rio-e-promete-apresentacao-inesquecivel-melhor-do-que-nunca\/#breadcrumb","itemListElement":[{"@type":"ListItem","position":1,"name":"In\u00edcio","item":"https:\/\/transamerica93.com.br\/home\/"},{"@type":"ListItem","position":2,"name":"Lady Gaga confirma show no Rio e promete apresenta\u00e7\u00e3o inesquec\u00edvel: &#8216;Melhor do que nunca&#8217;"}]},{"@type":"WebSite","@id":"https:\/\/transamerica93.com.br\/home\/#website","url":"https:\/\/transamerica93.com.br\/home\/","name":"Transam\u00e9rica Mococa 93,3","description":"","publisher":{"@id":"https:\/\/transamerica93.com.br\/home\/#organization"},"potentialAction":[{"@type":"SearchAction","target":{"@type":"EntryPoint","urlTemplate":"https:\/\/transamerica93.com.br\/home\/?s={search_term_string}"},"query-input":{"@type":"PropertyValueSpecification","valueRequired":true,"valueName":"search_term_string"}}],"inLanguage":"pt-BR"},{"@type":"Organization","@id":"https:\/\/transamerica93.com.br\/home\/#organization","name":"Transam\u00e9rica Mococa 93,3","url":"https:\/\/transamerica93.com.br\/home\/","logo":{"@type":"ImageObject","inLanguage":"pt-BR","@id":"https:\/\/transamerica93.com.br\/home\/#\/schema\/logo\/image\/","url":"https:\/\/transamerica93.com.br\/home\/wp-content\/uploads\/2023\/10\/logo2.png","contentUrl":"https:\/\/transamerica93.com.br\/home\/wp-content\/uploads\/2023\/10\/logo2.png","width":800,"height":500,"caption":"Transam\u00e9rica Mococa 93,3"},"image":{"@id":"https:\/\/transamerica93.com.br\/home\/#\/schema\/logo\/image\/"},"sameAs":["https:\/\/www.facebook.com\/transamericamococa","https:\/\/x.com\/transamerica933","https:\/\/www.instagram.com\/transamericamococa"]},{"@type":"Person","@id":"https:\/\/transamerica93.com.br\/home\/#\/schema\/person\/7fed7c99c0d4562efa8561bc0f543172","name":"Reda\u00e7\u00e3o","image":{"@type":"ImageObject","inLanguage":"pt-BR","@id":"https:\/\/secure.gravatar.com\/avatar\/1072c6b775fb02ef8506ce967551d95926669a6b7d2c2147b42eea4d7c68395e?s=96&d=mm&r=g","url":"https:\/\/secure.gravatar.com\/avatar\/1072c6b775fb02ef8506ce967551d95926669a6b7d2c2147b42eea4d7c68395e?s=96&d=mm&r=g","contentUrl":"https:\/\/secure.gravatar.com\/avatar\/1072c6b775fb02ef8506ce967551d95926669a6b7d2c2147b42eea4d7c68395e?s=96&d=mm&r=g","caption":"Reda\u00e7\u00e3o"},"sameAs":["https:\/\/transamerica93.com.br\/home"],"url":"https:\/\/transamerica93.com.br\/home\/author\/william\/"}]}},"_links":{"self":[{"href":"https:\/\/transamerica93.com.br\/home\/wp-json\/wp\/v2\/posts\/4789","targetHints":{"allow":["GET"]}}],"collection":[{"href":"https:\/\/transamerica93.com.br\/home\/wp-json\/wp\/v2\/posts"}],"about":[{"href":"https:\/\/transamerica93.com.br\/home\/wp-json\/wp\/v2\/types\/post"}],"author":[{"embeddable":true,"href":"https:\/\/transamerica93.com.br\/home\/wp-json\/wp\/v2\/users\/1"}],"replies":[{"embeddable":true,"href":"https:\/\/transamerica93.com.br\/home\/wp-json\/wp\/v2\/comments?post=4789"}],"version-history":[{"count":1,"href":"https:\/\/transamerica93.com.br\/home\/wp-json\/wp\/v2\/posts\/4789\/revisions"}],"predecessor-version":[{"id":4791,"href":"https:\/\/transamerica93.com.br\/home\/wp-json\/wp\/v2\/posts\/4789\/revisions\/4791"}],"wp:featuredmedia":[{"embeddable":true,"href":"https:\/\/transamerica93.com.br\/home\/wp-json\/wp\/v2\/media\/4790"}],"wp:attachment":[{"href":"https:\/\/transamerica93.com.br\/home\/wp-json\/wp\/v2\/media?parent=4789"}],"wp:term":[{"taxonomy":"category","embeddable":true,"href":"https:\/\/transamerica93.com.br\/home\/wp-json\/wp\/v2\/categories?post=4789"},{"taxonomy":"post_tag","embeddable":true,"href":"https:\/\/transamerica93.com.br\/home\/wp-json\/wp\/v2\/tags?post=4789"}],"curies":[{"name":"wp","href":"https:\/\/api.w.org\/{rel}","templated":true}]}}