{"id":4792,"date":"2025-02-28T15:00:45","date_gmt":"2025-02-28T18:00:45","guid":{"rendered":"https:\/\/transamerica93.com.br\/home\/?p=4792"},"modified":"2025-02-23T06:48:20","modified_gmt":"2025-02-23T09:48:20","slug":"fas-de-oruam-agridem-reporter-do-sbt-em-frente-a-delegacia","status":"publish","type":"post","link":"https:\/\/transamerica93.com.br\/home\/fas-de-oruam-agridem-reporter-do-sbt-em-frente-a-delegacia\/","title":{"rendered":"F\u00e3s de Oruam agridem rep\u00f3rter do SBT em frente a delegacia"},"content":{"rendered":"<div id=\"Corpo\">\n<h6 class=\"Assina\">Por Reda\u00e7\u00e3o E+<\/h6>\n<p>O rep\u00f3rter Bruno Assun\u00e7\u00e3o, do SBT Rio, foi agredido por manifestantes enquanto realizava a cobertura da pris\u00e3o do rapper Oruam, na frente da 16\u00aa Delegacia de Pol\u00edcia, Barra da Tijuca, na zona oeste do Rio de Janeiro, nesta quinta-feira, 20. O jornalista levou tapas na cabe\u00e7a e nas costas durante a confus\u00e3o, que foi registrada em v\u00eddeo e rapidamente viralizou nas redes sociais.<\/p>\n<p>Assun\u00e7\u00e3o usou suas redes sociais para relatar o ocorrido e denunciar as agress\u00f5es. Segundo ele, criminosos infiltrados entre os manifestantes atacaram n\u00e3o s\u00f3 ele, mas tamb\u00e9m outros profissionais da imprensa, incluindo um produtor da Record TV Rio e um jornalista de outra emissora. &#8220;Foi algo realmente absurdo e inadmiss\u00edvel. O que a imprensa passou aqui \u00e9 algo que nenhum jornalista deveria enfrentar&#8221;, declarou.<\/p>\n<p>O jornalista tamb\u00e9m afirmou que tomar\u00e1 medidas legais contra os agressores. &#8220;Todos eles ser\u00e3o responsabilizados. Eles gravaram tudo antes e depois partiram para a agress\u00e3o. N\u00e3o vai ficar impune&#8221;, garantiu.<\/p>\n<p>Os agressores faziam parte de um grupo de jovens e adolescentes que protestavam pela libera\u00e7\u00e3o de Oruam, detido por infra\u00e7\u00e3o de tr\u00e2nsito. Alguns deles chegaram a debochar do jornalista antes do ataque.<\/p>\n<p>Oruam, por sua vez, se manifestou sobre o epis\u00f3dio, repudiando a viol\u00eancia e pedindo desculpas ao rep\u00f3rter. &#8220;Pe\u00e7o desculpas para ele por isso. N\u00e3o compactuo com isso, fiquei chateado de verdade&#8221;, declarou o cantor.<\/p><\/div>\n","protected":false},"excerpt":{"rendered":"<p>Por Reda\u00e7\u00e3o E+ O rep\u00f3rter Bruno Assun\u00e7\u00e3o, do SBT Rio, foi agredido por manifestantes enquanto realizava a cobertura da pris\u00e3o do rapper Oruam, na frente da 16\u00aa Delegacia de Pol\u00edcia, Barra da Tijuca, na zona oeste do Rio de Janeiro, nesta quinta-feira, 20. O jornalista levou tapas na cabe\u00e7a e nas costas durante a confus\u00e3o, &hellip;<\/p>\n","protected":false},"author":1,"featured_media":4793,"comment_status":"closed","ping_status":"closed","sticky":false,"template":"","format":"standard","meta":{"footnotes":""},"categories":[25],"tags":[],"class_list":["post-4792","post","type-post","status-publish","format-standard","has-post-thumbnail","hentry","category-musica"],"yoast_head":"<!-- This site is optimized with the Yoast SEO plugin v27.4 - https:\/\/yoast.com\/product\/yoast-seo-wordpress\/ -->\n<title>F\u00e3s de Oruam agridem rep\u00f3rter do SBT em frente a delegacia - Transam\u00e9rica Mococa 93,3<\/title>\n<meta name=\"robots\" content=\"index, follow, max-snippet:-1, max-image-preview:large, max-video-preview:-1\" \/>\n<link rel=\"canonical\" href=\"https:\/\/transamerica93.com.br\/home\/fas-de-oruam-agridem-reporter-do-sbt-em-frente-a-delegacia\/\" \/>\n<meta property=\"og:locale\" content=\"pt_BR\" \/>\n<meta property=\"og:type\" content=\"article\" \/>\n<meta property=\"og:title\" content=\"F\u00e3s de Oruam agridem rep\u00f3rter do SBT em frente a delegacia - Transam\u00e9rica Mococa 93,3\" \/>\n<meta property=\"og:description\" content=\"Por Reda\u00e7\u00e3o E+ O rep\u00f3rter Bruno Assun\u00e7\u00e3o, do SBT Rio, foi agredido por manifestantes enquanto realizava a cobertura da pris\u00e3o do rapper Oruam, na frente da 16\u00aa Delegacia de Pol\u00edcia, Barra da Tijuca, na zona oeste do Rio de Janeiro, nesta quinta-feira, 20. O jornalista levou tapas na cabe\u00e7a e nas costas durante a confus\u00e3o, &hellip;\" \/>\n<meta property=\"og:url\" content=\"https:\/\/transamerica93.com.br\/home\/fas-de-oruam-agridem-reporter-do-sbt-em-frente-a-delegacia\/\" \/>\n<meta property=\"og:site_name\" content=\"Transam\u00e9rica Mococa 93,3\" \/>\n<meta property=\"article:publisher\" content=\"https:\/\/www.facebook.com\/transamericamococa\" \/>\n<meta property=\"article:published_time\" content=\"2025-02-28T18:00:45+00:00\" \/>\n<meta property=\"og:image\" content=\"https:\/\/transamerica93.com.br\/home\/wp-content\/uploads\/2025\/02\/oruam.png\" \/>\n\t<meta property=\"og:image:width\" content=\"615\" \/>\n\t<meta property=\"og:image:height\" content=\"345\" \/>\n\t<meta property=\"og:image:type\" content=\"image\/png\" \/>\n<meta name=\"author\" content=\"Reda\u00e7\u00e3o\" \/>\n<meta name=\"twitter:card\" content=\"summary_large_image\" \/>\n<meta name=\"twitter:creator\" content=\"@transamerica933\" \/>\n<meta name=\"twitter:site\" content=\"@transamerica933\" \/>\n<meta name=\"twitter:label1\" content=\"Escrito por\" \/>\n\t<meta name=\"twitter:data1\" content=\"Reda\u00e7\u00e3o\" \/>\n\t<meta name=\"twitter:label2\" content=\"Est. tempo de leitura\" \/>\n\t<meta name=\"twitter:data2\" content=\"2 minutos\" \/>\n<script type=\"application\/ld+json\" class=\"yoast-schema-graph\">{\"@context\":\"https:\\\/\\\/schema.org\",\"@graph\":[{\"@type\":\"Article\",\"@id\":\"https:\\\/\\\/transamerica93.com.br\\\/home\\\/fas-de-oruam-agridem-reporter-do-sbt-em-frente-a-delegacia\\\/#article\",\"isPartOf\":{\"@id\":\"https:\\\/\\\/transamerica93.com.br\\\/home\\\/fas-de-oruam-agridem-reporter-do-sbt-em-frente-a-delegacia\\\/\"},\"author\":{\"name\":\"Reda\u00e7\u00e3o\",\"@id\":\"https:\\\/\\\/transamerica93.com.br\\\/home\\\/#\\\/schema\\\/person\\\/7fed7c99c0d4562efa8561bc0f543172\"},\"headline\":\"F\u00e3s de Oruam agridem rep\u00f3rter do SBT em frente a delegacia\",\"datePublished\":\"2025-02-28T18:00:45+00:00\",\"mainEntityOfPage\":{\"@id\":\"https:\\\/\\\/transamerica93.com.br\\\/home\\\/fas-de-oruam-agridem-reporter-do-sbt-em-frente-a-delegacia\\\/\"},\"wordCount\":260,\"publisher\":{\"@id\":\"https:\\\/\\\/transamerica93.com.br\\\/home\\\/#organization\"},\"image\":{\"@id\":\"https:\\\/\\\/transamerica93.com.br\\\/home\\\/fas-de-oruam-agridem-reporter-do-sbt-em-frente-a-delegacia\\\/#primaryimage\"},\"thumbnailUrl\":\"https:\\\/\\\/transamerica93.com.br\\\/home\\\/wp-content\\\/uploads\\\/2025\\\/02\\\/oruam.png\",\"articleSection\":[\"M\u00fasica\"],\"inLanguage\":\"pt-BR\"},{\"@type\":\"WebPage\",\"@id\":\"https:\\\/\\\/transamerica93.com.br\\\/home\\\/fas-de-oruam-agridem-reporter-do-sbt-em-frente-a-delegacia\\\/\",\"url\":\"https:\\\/\\\/transamerica93.com.br\\\/home\\\/fas-de-oruam-agridem-reporter-do-sbt-em-frente-a-delegacia\\\/\",\"name\":\"F\u00e3s de Oruam agridem rep\u00f3rter do SBT em frente a delegacia - Transam\u00e9rica Mococa 93,3\",\"isPartOf\":{\"@id\":\"https:\\\/\\\/transamerica93.com.br\\\/home\\\/#website\"},\"primaryImageOfPage\":{\"@id\":\"https:\\\/\\\/transamerica93.com.br\\\/home\\\/fas-de-oruam-agridem-reporter-do-sbt-em-frente-a-delegacia\\\/#primaryimage\"},\"image\":{\"@id\":\"https:\\\/\\\/transamerica93.com.br\\\/home\\\/fas-de-oruam-agridem-reporter-do-sbt-em-frente-a-delegacia\\\/#primaryimage\"},\"thumbnailUrl\":\"https:\\\/\\\/transamerica93.com.br\\\/home\\\/wp-content\\\/uploads\\\/2025\\\/02\\\/oruam.png\",\"datePublished\":\"2025-02-28T18:00:45+00:00\",\"breadcrumb\":{\"@id\":\"https:\\\/\\\/transamerica93.com.br\\\/home\\\/fas-de-oruam-agridem-reporter-do-sbt-em-frente-a-delegacia\\\/#breadcrumb\"},\"inLanguage\":\"pt-BR\",\"potentialAction\":[{\"@type\":\"ReadAction\",\"target\":[\"https:\\\/\\\/transamerica93.com.br\\\/home\\\/fas-de-oruam-agridem-reporter-do-sbt-em-frente-a-delegacia\\\/\"]}]},{\"@type\":\"ImageObject\",\"inLanguage\":\"pt-BR\",\"@id\":\"https:\\\/\\\/transamerica93.com.br\\\/home\\\/fas-de-oruam-agridem-reporter-do-sbt-em-frente-a-delegacia\\\/#primaryimage\",\"url\":\"https:\\\/\\\/transamerica93.com.br\\\/home\\\/wp-content\\\/uploads\\\/2025\\\/02\\\/oruam.png\",\"contentUrl\":\"https:\\\/\\\/transamerica93.com.br\\\/home\\\/wp-content\\\/uploads\\\/2025\\\/02\\\/oruam.png\",\"width\":615,\"height\":345},{\"@type\":\"BreadcrumbList\",\"@id\":\"https:\\\/\\\/transamerica93.com.br\\\/home\\\/fas-de-oruam-agridem-reporter-do-sbt-em-frente-a-delegacia\\\/#breadcrumb\",\"itemListElement\":[{\"@type\":\"ListItem\",\"position\":1,\"name\":\"In\u00edcio\",\"item\":\"https:\\\/\\\/transamerica93.com.br\\\/home\\\/\"},{\"@type\":\"ListItem\",\"position\":2,\"name\":\"F\u00e3s de Oruam agridem rep\u00f3rter do SBT em frente a delegacia\"}]},{\"@type\":\"WebSite\",\"@id\":\"https:\\\/\\\/transamerica93.com.br\\\/home\\\/#website\",\"url\":\"https:\\\/\\\/transamerica93.com.br\\\/home\\\/\",\"name\":\"Transam\u00e9rica Mococa 93,3\",\"description\":\"\",\"publisher\":{\"@id\":\"https:\\\/\\\/transamerica93.com.br\\\/home\\\/#organization\"},\"potentialAction\":[{\"@type\":\"SearchAction\",\"target\":{\"@type\":\"EntryPoint\",\"urlTemplate\":\"https:\\\/\\\/transamerica93.com.br\\\/home\\\/?s={search_term_string}\"},\"query-input\":{\"@type\":\"PropertyValueSpecification\",\"valueRequired\":true,\"valueName\":\"search_term_string\"}}],\"inLanguage\":\"pt-BR\"},{\"@type\":\"Organization\",\"@id\":\"https:\\\/\\\/transamerica93.com.br\\\/home\\\/#organization\",\"name\":\"Transam\u00e9rica Mococa 93,3\",\"url\":\"https:\\\/\\\/transamerica93.com.br\\\/home\\\/\",\"logo\":{\"@type\":\"ImageObject\",\"inLanguage\":\"pt-BR\",\"@id\":\"https:\\\/\\\/transamerica93.com.br\\\/home\\\/#\\\/schema\\\/logo\\\/image\\\/\",\"url\":\"https:\\\/\\\/transamerica93.com.br\\\/home\\\/wp-content\\\/uploads\\\/2023\\\/10\\\/logo2.png\",\"contentUrl\":\"https:\\\/\\\/transamerica93.com.br\\\/home\\\/wp-content\\\/uploads\\\/2023\\\/10\\\/logo2.png\",\"width\":800,\"height\":500,\"caption\":\"Transam\u00e9rica Mococa 93,3\"},\"image\":{\"@id\":\"https:\\\/\\\/transamerica93.com.br\\\/home\\\/#\\\/schema\\\/logo\\\/image\\\/\"},\"sameAs\":[\"https:\\\/\\\/www.facebook.com\\\/transamericamococa\",\"https:\\\/\\\/x.com\\\/transamerica933\",\"https:\\\/\\\/www.instagram.com\\\/transamericamococa\"]},{\"@type\":\"Person\",\"@id\":\"https:\\\/\\\/transamerica93.com.br\\\/home\\\/#\\\/schema\\\/person\\\/7fed7c99c0d4562efa8561bc0f543172\",\"name\":\"Reda\u00e7\u00e3o\",\"image\":{\"@type\":\"ImageObject\",\"inLanguage\":\"pt-BR\",\"@id\":\"https:\\\/\\\/secure.gravatar.com\\\/avatar\\\/1072c6b775fb02ef8506ce967551d95926669a6b7d2c2147b42eea4d7c68395e?s=96&d=mm&r=g\",\"url\":\"https:\\\/\\\/secure.gravatar.com\\\/avatar\\\/1072c6b775fb02ef8506ce967551d95926669a6b7d2c2147b42eea4d7c68395e?s=96&d=mm&r=g\",\"contentUrl\":\"https:\\\/\\\/secure.gravatar.com\\\/avatar\\\/1072c6b775fb02ef8506ce967551d95926669a6b7d2c2147b42eea4d7c68395e?s=96&d=mm&r=g\",\"caption\":\"Reda\u00e7\u00e3o\"},\"sameAs\":[\"https:\\\/\\\/transamerica93.com.br\\\/home\"],\"url\":\"https:\\\/\\\/transamerica93.com.br\\\/home\\\/author\\\/william\\\/\"}]}<\/script>\n<!-- \/ Yoast SEO plugin. -->","yoast_head_json":{"title":"F\u00e3s de Oruam agridem rep\u00f3rter do SBT em frente a delegacia - Transam\u00e9rica Mococa 93,3","robots":{"index":"index","follow":"follow","max-snippet":"max-snippet:-1","max-image-preview":"max-image-preview:large","max-video-preview":"max-video-preview:-1"},"canonical":"https:\/\/transamerica93.com.br\/home\/fas-de-oruam-agridem-reporter-do-sbt-em-frente-a-delegacia\/","og_locale":"pt_BR","og_type":"article","og_title":"F\u00e3s de Oruam agridem rep\u00f3rter do SBT em frente a delegacia - Transam\u00e9rica Mococa 93,3","og_description":"Por Reda\u00e7\u00e3o E+ O rep\u00f3rter Bruno Assun\u00e7\u00e3o, do SBT Rio, foi agredido por manifestantes enquanto realizava a cobertura da pris\u00e3o do rapper Oruam, na frente da 16\u00aa Delegacia de Pol\u00edcia, Barra da Tijuca, na zona oeste do Rio de Janeiro, nesta quinta-feira, 20. O jornalista levou tapas na cabe\u00e7a e nas costas durante a confus\u00e3o, &hellip;","og_url":"https:\/\/transamerica93.com.br\/home\/fas-de-oruam-agridem-reporter-do-sbt-em-frente-a-delegacia\/","og_site_name":"Transam\u00e9rica Mococa 93,3","article_publisher":"https:\/\/www.facebook.com\/transamericamococa","article_published_time":"2025-02-28T18:00:45+00:00","og_image":[{"width":615,"height":345,"url":"https:\/\/transamerica93.com.br\/home\/wp-content\/uploads\/2025\/02\/oruam.png","type":"image\/png"}],"author":"Reda\u00e7\u00e3o","twitter_card":"summary_large_image","twitter_creator":"@transamerica933","twitter_site":"@transamerica933","twitter_misc":{"Escrito por":"Reda\u00e7\u00e3o","Est. tempo de leitura":"2 minutos"},"schema":{"@context":"https:\/\/schema.org","@graph":[{"@type":"Article","@id":"https:\/\/transamerica93.com.br\/home\/fas-de-oruam-agridem-reporter-do-sbt-em-frente-a-delegacia\/#article","isPartOf":{"@id":"https:\/\/transamerica93.com.br\/home\/fas-de-oruam-agridem-reporter-do-sbt-em-frente-a-delegacia\/"},"author":{"name":"Reda\u00e7\u00e3o","@id":"https:\/\/transamerica93.com.br\/home\/#\/schema\/person\/7fed7c99c0d4562efa8561bc0f543172"},"headline":"F\u00e3s de Oruam agridem rep\u00f3rter do SBT em frente a delegacia","datePublished":"2025-02-28T18:00:45+00:00","mainEntityOfPage":{"@id":"https:\/\/transamerica93.com.br\/home\/fas-de-oruam-agridem-reporter-do-sbt-em-frente-a-delegacia\/"},"wordCount":260,"publisher":{"@id":"https:\/\/transamerica93.com.br\/home\/#organization"},"image":{"@id":"https:\/\/transamerica93.com.br\/home\/fas-de-oruam-agridem-reporter-do-sbt-em-frente-a-delegacia\/#primaryimage"},"thumbnailUrl":"https:\/\/transamerica93.com.br\/home\/wp-content\/uploads\/2025\/02\/oruam.png","articleSection":["M\u00fasica"],"inLanguage":"pt-BR"},{"@type":"WebPage","@id":"https:\/\/transamerica93.com.br\/home\/fas-de-oruam-agridem-reporter-do-sbt-em-frente-a-delegacia\/","url":"https:\/\/transamerica93.com.br\/home\/fas-de-oruam-agridem-reporter-do-sbt-em-frente-a-delegacia\/","name":"F\u00e3s de Oruam agridem rep\u00f3rter do SBT em frente a delegacia - Transam\u00e9rica Mococa 93,3","isPartOf":{"@id":"https:\/\/transamerica93.com.br\/home\/#website"},"primaryImageOfPage":{"@id":"https:\/\/transamerica93.com.br\/home\/fas-de-oruam-agridem-reporter-do-sbt-em-frente-a-delegacia\/#primaryimage"},"image":{"@id":"https:\/\/transamerica93.com.br\/home\/fas-de-oruam-agridem-reporter-do-sbt-em-frente-a-delegacia\/#primaryimage"},"thumbnailUrl":"https:\/\/transamerica93.com.br\/home\/wp-content\/uploads\/2025\/02\/oruam.png","datePublished":"2025-02-28T18:00:45+00:00","breadcrumb":{"@id":"https:\/\/transamerica93.com.br\/home\/fas-de-oruam-agridem-reporter-do-sbt-em-frente-a-delegacia\/#breadcrumb"},"inLanguage":"pt-BR","potentialAction":[{"@type":"ReadAction","target":["https:\/\/transamerica93.com.br\/home\/fas-de-oruam-agridem-reporter-do-sbt-em-frente-a-delegacia\/"]}]},{"@type":"ImageObject","inLanguage":"pt-BR","@id":"https:\/\/transamerica93.com.br\/home\/fas-de-oruam-agridem-reporter-do-sbt-em-frente-a-delegacia\/#primaryimage","url":"https:\/\/transamerica93.com.br\/home\/wp-content\/uploads\/2025\/02\/oruam.png","contentUrl":"https:\/\/transamerica93.com.br\/home\/wp-content\/uploads\/2025\/02\/oruam.png","width":615,"height":345},{"@type":"BreadcrumbList","@id":"https:\/\/transamerica93.com.br\/home\/fas-de-oruam-agridem-reporter-do-sbt-em-frente-a-delegacia\/#breadcrumb","itemListElement":[{"@type":"ListItem","position":1,"name":"In\u00edcio","item":"https:\/\/transamerica93.com.br\/home\/"},{"@type":"ListItem","position":2,"name":"F\u00e3s de Oruam agridem rep\u00f3rter do SBT em frente a delegacia"}]},{"@type":"WebSite","@id":"https:\/\/transamerica93.com.br\/home\/#website","url":"https:\/\/transamerica93.com.br\/home\/","name":"Transam\u00e9rica Mococa 93,3","description":"","publisher":{"@id":"https:\/\/transamerica93.com.br\/home\/#organization"},"potentialAction":[{"@type":"SearchAction","target":{"@type":"EntryPoint","urlTemplate":"https:\/\/transamerica93.com.br\/home\/?s={search_term_string}"},"query-input":{"@type":"PropertyValueSpecification","valueRequired":true,"valueName":"search_term_string"}}],"inLanguage":"pt-BR"},{"@type":"Organization","@id":"https:\/\/transamerica93.com.br\/home\/#organization","name":"Transam\u00e9rica Mococa 93,3","url":"https:\/\/transamerica93.com.br\/home\/","logo":{"@type":"ImageObject","inLanguage":"pt-BR","@id":"https:\/\/transamerica93.com.br\/home\/#\/schema\/logo\/image\/","url":"https:\/\/transamerica93.com.br\/home\/wp-content\/uploads\/2023\/10\/logo2.png","contentUrl":"https:\/\/transamerica93.com.br\/home\/wp-content\/uploads\/2023\/10\/logo2.png","width":800,"height":500,"caption":"Transam\u00e9rica Mococa 93,3"},"image":{"@id":"https:\/\/transamerica93.com.br\/home\/#\/schema\/logo\/image\/"},"sameAs":["https:\/\/www.facebook.com\/transamericamococa","https:\/\/x.com\/transamerica933","https:\/\/www.instagram.com\/transamericamococa"]},{"@type":"Person","@id":"https:\/\/transamerica93.com.br\/home\/#\/schema\/person\/7fed7c99c0d4562efa8561bc0f543172","name":"Reda\u00e7\u00e3o","image":{"@type":"ImageObject","inLanguage":"pt-BR","@id":"https:\/\/secure.gravatar.com\/avatar\/1072c6b775fb02ef8506ce967551d95926669a6b7d2c2147b42eea4d7c68395e?s=96&d=mm&r=g","url":"https:\/\/secure.gravatar.com\/avatar\/1072c6b775fb02ef8506ce967551d95926669a6b7d2c2147b42eea4d7c68395e?s=96&d=mm&r=g","contentUrl":"https:\/\/secure.gravatar.com\/avatar\/1072c6b775fb02ef8506ce967551d95926669a6b7d2c2147b42eea4d7c68395e?s=96&d=mm&r=g","caption":"Reda\u00e7\u00e3o"},"sameAs":["https:\/\/transamerica93.com.br\/home"],"url":"https:\/\/transamerica93.com.br\/home\/author\/william\/"}]}},"_links":{"self":[{"href":"https:\/\/transamerica93.com.br\/home\/wp-json\/wp\/v2\/posts\/4792","targetHints":{"allow":["GET"]}}],"collection":[{"href":"https:\/\/transamerica93.com.br\/home\/wp-json\/wp\/v2\/posts"}],"about":[{"href":"https:\/\/transamerica93.com.br\/home\/wp-json\/wp\/v2\/types\/post"}],"author":[{"embeddable":true,"href":"https:\/\/transamerica93.com.br\/home\/wp-json\/wp\/v2\/users\/1"}],"replies":[{"embeddable":true,"href":"https:\/\/transamerica93.com.br\/home\/wp-json\/wp\/v2\/comments?post=4792"}],"version-history":[{"count":1,"href":"https:\/\/transamerica93.com.br\/home\/wp-json\/wp\/v2\/posts\/4792\/revisions"}],"predecessor-version":[{"id":4794,"href":"https:\/\/transamerica93.com.br\/home\/wp-json\/wp\/v2\/posts\/4792\/revisions\/4794"}],"wp:featuredmedia":[{"embeddable":true,"href":"https:\/\/transamerica93.com.br\/home\/wp-json\/wp\/v2\/media\/4793"}],"wp:attachment":[{"href":"https:\/\/transamerica93.com.br\/home\/wp-json\/wp\/v2\/media?parent=4792"}],"wp:term":[{"taxonomy":"category","embeddable":true,"href":"https:\/\/transamerica93.com.br\/home\/wp-json\/wp\/v2\/categories?post=4792"},{"taxonomy":"post_tag","embeddable":true,"href":"https:\/\/transamerica93.com.br\/home\/wp-json\/wp\/v2\/tags?post=4792"}],"curies":[{"name":"wp","href":"https:\/\/api.w.org\/{rel}","templated":true}]}}