{"id":4801,"date":"2025-02-26T18:00:59","date_gmt":"2025-02-26T21:00:59","guid":{"rendered":"https:\/\/transamerica93.com.br\/home\/?p=4801"},"modified":"2025-02-23T06:54:09","modified_gmt":"2025-02-23T09:54:09","slug":"carolina-dieckmann-rebate-comentario-sobre-seu-corpo-e-uso-de-ozempic-sejamos-gentis","status":"publish","type":"post","link":"https:\/\/transamerica93.com.br\/home\/carolina-dieckmann-rebate-comentario-sobre-seu-corpo-e-uso-de-ozempic-sejamos-gentis\/","title":{"rendered":"Carolina Dieckmann rebate coment\u00e1rio sobre seu corpo e uso de Ozempic: sejamos gentis"},"content":{"rendered":"<p>Por Reda\u00e7\u00e3o, O Estado de S. Paulo<\/p>\n<p>Carolina Dieckmann voltou a se manifestar sobre coment\u00e1rios a respeito de seu corpo nas redes sociais. Nesta sexta-feira, 21, a atriz negou ter utilizado Ozempic para emagrecer, ap\u00f3s um seguidor insinuar o uso do medicamento.<\/p>\n<p>A especula\u00e7\u00e3o surgiu ap\u00f3s Dieckmann compartilhar um v\u00eddeo exibindo seu look improvisado de carnaval, composto por cal\u00e7a jeans com franjas brilhantes, top prateado e acess\u00f3rios reluzentes. No entanto, o que mais chamou aten\u00e7\u00e3o dos internautas foi sua silhueta mais magra, o que levou um usu\u00e1rio a question\u00e1-la sobre um poss\u00edvel uso de Ozempic. A atriz chegou a responder a algumas pessoas que mencionaram o uso de rem\u00e9dio e seus ossos aparentes. &#8220;Melhor do que sem ossos, n\u00e9?&#8221;, ela escreveu antes de emojis de gargalhadas.<\/p>\n<p>O emagrecimento, segundo Carolina, foi parte de sua prepara\u00e7\u00e3o para o papel principal no filme Descontrole, onde interpreta uma escritora infantojuvenil bem-sucedida que enfrenta uma crise criativa, sobrecarga familiar e problemas conjugais. Al\u00e9m disso, a personagem lida com o v\u00edcio em \u00e1lcool e enfrenta uma reca\u00edda, exigindo da atriz um visual mais debilitado.<\/p>\n<p>Para chegar ao resultado desejado para o papel, Dieckmann j\u00e1 havia explicado anteriormente que perdeu 8 kg com o m\u00e9todo de jejum intermitente de 24 horas, no qual realizava apenas uma refei\u00e7\u00e3o di\u00e1ria. Durante um per\u00edodo de 30 dias, a atriz eliminou 5 kg, e afirmou que, a partir da 14\u00aa hora de jejum, o corpo come\u00e7a a utilizar as c\u00e9lulas de gordura como fonte de energia.<\/p>\n<p>Ap\u00f3s os coment\u00e1rios que recebeu nas redes sociais, a atriz publicou um v\u00eddeo nos seus stories criticando tamb\u00e9m o fato de algu\u00e9m ter anunciado a morte da cantora Preta Gil, desmentida na noite desta sexta, 21, pela pr\u00f3pria artista. &#8220;Isso \u00e9 nocivo&#8221;, disse Carolina Dieckmann.<\/p>\n<p>Ela compartilhou uma de suas pinturas e convidou o p\u00fablico, especialmente os haters, a refletir. &#8220;E se voc\u00ea pudesse comer tamb\u00e9m tudo o que anda escrevendo por a\u00ed? Que em tempos sombrios, sejamos cada vez mais gentis&#8221;.<\/p>\n","protected":false},"excerpt":{"rendered":"<p>Por Reda\u00e7\u00e3o, O Estado de S. Paulo Carolina Dieckmann voltou a se manifestar sobre coment\u00e1rios a respeito de seu corpo nas redes sociais. Nesta sexta-feira, 21, a atriz negou ter utilizado Ozempic para emagrecer, ap\u00f3s um seguidor insinuar o uso do medicamento. A especula\u00e7\u00e3o surgiu ap\u00f3s Dieckmann compartilhar um v\u00eddeo exibindo seu look improvisado de &hellip;<\/p>\n","protected":false},"author":1,"featured_media":4802,"comment_status":"closed","ping_status":"closed","sticky":false,"template":"","format":"standard","meta":{"footnotes":""},"categories":[24],"tags":[],"class_list":["post-4801","post","type-post","status-publish","format-standard","has-post-thumbnail","hentry","category-entretenimento"],"yoast_head":"<!-- This site is optimized with the Yoast SEO plugin v27.4 - https:\/\/yoast.com\/product\/yoast-seo-wordpress\/ -->\n<title>Carolina Dieckmann rebate coment\u00e1rio sobre seu corpo e uso de Ozempic: sejamos gentis - Transam\u00e9rica Mococa 93,3<\/title>\n<meta name=\"robots\" content=\"index, follow, max-snippet:-1, max-image-preview:large, max-video-preview:-1\" \/>\n<link rel=\"canonical\" href=\"https:\/\/transamerica93.com.br\/home\/carolina-dieckmann-rebate-comentario-sobre-seu-corpo-e-uso-de-ozempic-sejamos-gentis\/\" \/>\n<meta property=\"og:locale\" content=\"pt_BR\" \/>\n<meta property=\"og:type\" content=\"article\" \/>\n<meta property=\"og:title\" content=\"Carolina Dieckmann rebate coment\u00e1rio sobre seu corpo e uso de Ozempic: sejamos gentis - Transam\u00e9rica Mococa 93,3\" \/>\n<meta property=\"og:description\" content=\"Por Reda\u00e7\u00e3o, O Estado de S. Paulo Carolina Dieckmann voltou a se manifestar sobre coment\u00e1rios a respeito de seu corpo nas redes sociais. Nesta sexta-feira, 21, a atriz negou ter utilizado Ozempic para emagrecer, ap\u00f3s um seguidor insinuar o uso do medicamento. A especula\u00e7\u00e3o surgiu ap\u00f3s Dieckmann compartilhar um v\u00eddeo exibindo seu look improvisado de &hellip;\" \/>\n<meta property=\"og:url\" content=\"https:\/\/transamerica93.com.br\/home\/carolina-dieckmann-rebate-comentario-sobre-seu-corpo-e-uso-de-ozempic-sejamos-gentis\/\" \/>\n<meta property=\"og:site_name\" content=\"Transam\u00e9rica Mococa 93,3\" \/>\n<meta property=\"article:publisher\" content=\"https:\/\/www.facebook.com\/transamericamococa\" \/>\n<meta property=\"article:published_time\" content=\"2025-02-26T21:00:59+00:00\" \/>\n<meta property=\"og:image\" content=\"https:\/\/transamerica93.com.br\/home\/wp-content\/uploads\/2025\/02\/carolina-dieckmann.jpg\" \/>\n\t<meta property=\"og:image:width\" content=\"1920\" \/>\n\t<meta property=\"og:image:height\" content=\"1080\" \/>\n\t<meta property=\"og:image:type\" content=\"image\/jpeg\" \/>\n<meta name=\"author\" content=\"Reda\u00e7\u00e3o\" \/>\n<meta name=\"twitter:card\" content=\"summary_large_image\" \/>\n<meta name=\"twitter:creator\" content=\"@transamerica933\" \/>\n<meta name=\"twitter:site\" content=\"@transamerica933\" \/>\n<meta name=\"twitter:label1\" content=\"Escrito por\" \/>\n\t<meta name=\"twitter:data1\" content=\"Reda\u00e7\u00e3o\" \/>\n\t<meta name=\"twitter:label2\" content=\"Est. tempo de leitura\" \/>\n\t<meta name=\"twitter:data2\" content=\"3 minutos\" \/>\n<script type=\"application\/ld+json\" class=\"yoast-schema-graph\">{\"@context\":\"https:\\\/\\\/schema.org\",\"@graph\":[{\"@type\":\"Article\",\"@id\":\"https:\\\/\\\/transamerica93.com.br\\\/home\\\/carolina-dieckmann-rebate-comentario-sobre-seu-corpo-e-uso-de-ozempic-sejamos-gentis\\\/#article\",\"isPartOf\":{\"@id\":\"https:\\\/\\\/transamerica93.com.br\\\/home\\\/carolina-dieckmann-rebate-comentario-sobre-seu-corpo-e-uso-de-ozempic-sejamos-gentis\\\/\"},\"author\":{\"name\":\"Reda\u00e7\u00e3o\",\"@id\":\"https:\\\/\\\/transamerica93.com.br\\\/home\\\/#\\\/schema\\\/person\\\/7fed7c99c0d4562efa8561bc0f543172\"},\"headline\":\"Carolina Dieckmann rebate coment\u00e1rio sobre seu corpo e uso de Ozempic: sejamos gentis\",\"datePublished\":\"2025-02-26T21:00:59+00:00\",\"mainEntityOfPage\":{\"@id\":\"https:\\\/\\\/transamerica93.com.br\\\/home\\\/carolina-dieckmann-rebate-comentario-sobre-seu-corpo-e-uso-de-ozempic-sejamos-gentis\\\/\"},\"wordCount\":365,\"publisher\":{\"@id\":\"https:\\\/\\\/transamerica93.com.br\\\/home\\\/#organization\"},\"image\":{\"@id\":\"https:\\\/\\\/transamerica93.com.br\\\/home\\\/carolina-dieckmann-rebate-comentario-sobre-seu-corpo-e-uso-de-ozempic-sejamos-gentis\\\/#primaryimage\"},\"thumbnailUrl\":\"https:\\\/\\\/transamerica93.com.br\\\/home\\\/wp-content\\\/uploads\\\/2025\\\/02\\\/carolina-dieckmann.jpg\",\"articleSection\":[\"Entretenimento\"],\"inLanguage\":\"pt-BR\"},{\"@type\":\"WebPage\",\"@id\":\"https:\\\/\\\/transamerica93.com.br\\\/home\\\/carolina-dieckmann-rebate-comentario-sobre-seu-corpo-e-uso-de-ozempic-sejamos-gentis\\\/\",\"url\":\"https:\\\/\\\/transamerica93.com.br\\\/home\\\/carolina-dieckmann-rebate-comentario-sobre-seu-corpo-e-uso-de-ozempic-sejamos-gentis\\\/\",\"name\":\"Carolina Dieckmann rebate coment\u00e1rio sobre seu corpo e uso de Ozempic: sejamos gentis - Transam\u00e9rica Mococa 93,3\",\"isPartOf\":{\"@id\":\"https:\\\/\\\/transamerica93.com.br\\\/home\\\/#website\"},\"primaryImageOfPage\":{\"@id\":\"https:\\\/\\\/transamerica93.com.br\\\/home\\\/carolina-dieckmann-rebate-comentario-sobre-seu-corpo-e-uso-de-ozempic-sejamos-gentis\\\/#primaryimage\"},\"image\":{\"@id\":\"https:\\\/\\\/transamerica93.com.br\\\/home\\\/carolina-dieckmann-rebate-comentario-sobre-seu-corpo-e-uso-de-ozempic-sejamos-gentis\\\/#primaryimage\"},\"thumbnailUrl\":\"https:\\\/\\\/transamerica93.com.br\\\/home\\\/wp-content\\\/uploads\\\/2025\\\/02\\\/carolina-dieckmann.jpg\",\"datePublished\":\"2025-02-26T21:00:59+00:00\",\"breadcrumb\":{\"@id\":\"https:\\\/\\\/transamerica93.com.br\\\/home\\\/carolina-dieckmann-rebate-comentario-sobre-seu-corpo-e-uso-de-ozempic-sejamos-gentis\\\/#breadcrumb\"},\"inLanguage\":\"pt-BR\",\"potentialAction\":[{\"@type\":\"ReadAction\",\"target\":[\"https:\\\/\\\/transamerica93.com.br\\\/home\\\/carolina-dieckmann-rebate-comentario-sobre-seu-corpo-e-uso-de-ozempic-sejamos-gentis\\\/\"]}]},{\"@type\":\"ImageObject\",\"inLanguage\":\"pt-BR\",\"@id\":\"https:\\\/\\\/transamerica93.com.br\\\/home\\\/carolina-dieckmann-rebate-comentario-sobre-seu-corpo-e-uso-de-ozempic-sejamos-gentis\\\/#primaryimage\",\"url\":\"https:\\\/\\\/transamerica93.com.br\\\/home\\\/wp-content\\\/uploads\\\/2025\\\/02\\\/carolina-dieckmann.jpg\",\"contentUrl\":\"https:\\\/\\\/transamerica93.com.br\\\/home\\\/wp-content\\\/uploads\\\/2025\\\/02\\\/carolina-dieckmann.jpg\",\"width\":1920,\"height\":1080},{\"@type\":\"BreadcrumbList\",\"@id\":\"https:\\\/\\\/transamerica93.com.br\\\/home\\\/carolina-dieckmann-rebate-comentario-sobre-seu-corpo-e-uso-de-ozempic-sejamos-gentis\\\/#breadcrumb\",\"itemListElement\":[{\"@type\":\"ListItem\",\"position\":1,\"name\":\"In\u00edcio\",\"item\":\"https:\\\/\\\/transamerica93.com.br\\\/home\\\/\"},{\"@type\":\"ListItem\",\"position\":2,\"name\":\"Carolina Dieckmann rebate coment\u00e1rio sobre seu corpo e uso de Ozempic: sejamos gentis\"}]},{\"@type\":\"WebSite\",\"@id\":\"https:\\\/\\\/transamerica93.com.br\\\/home\\\/#website\",\"url\":\"https:\\\/\\\/transamerica93.com.br\\\/home\\\/\",\"name\":\"Transam\u00e9rica Mococa 93,3\",\"description\":\"\",\"publisher\":{\"@id\":\"https:\\\/\\\/transamerica93.com.br\\\/home\\\/#organization\"},\"potentialAction\":[{\"@type\":\"SearchAction\",\"target\":{\"@type\":\"EntryPoint\",\"urlTemplate\":\"https:\\\/\\\/transamerica93.com.br\\\/home\\\/?s={search_term_string}\"},\"query-input\":{\"@type\":\"PropertyValueSpecification\",\"valueRequired\":true,\"valueName\":\"search_term_string\"}}],\"inLanguage\":\"pt-BR\"},{\"@type\":\"Organization\",\"@id\":\"https:\\\/\\\/transamerica93.com.br\\\/home\\\/#organization\",\"name\":\"Transam\u00e9rica Mococa 93,3\",\"url\":\"https:\\\/\\\/transamerica93.com.br\\\/home\\\/\",\"logo\":{\"@type\":\"ImageObject\",\"inLanguage\":\"pt-BR\",\"@id\":\"https:\\\/\\\/transamerica93.com.br\\\/home\\\/#\\\/schema\\\/logo\\\/image\\\/\",\"url\":\"https:\\\/\\\/transamerica93.com.br\\\/home\\\/wp-content\\\/uploads\\\/2023\\\/10\\\/logo2.png\",\"contentUrl\":\"https:\\\/\\\/transamerica93.com.br\\\/home\\\/wp-content\\\/uploads\\\/2023\\\/10\\\/logo2.png\",\"width\":800,\"height\":500,\"caption\":\"Transam\u00e9rica Mococa 93,3\"},\"image\":{\"@id\":\"https:\\\/\\\/transamerica93.com.br\\\/home\\\/#\\\/schema\\\/logo\\\/image\\\/\"},\"sameAs\":[\"https:\\\/\\\/www.facebook.com\\\/transamericamococa\",\"https:\\\/\\\/x.com\\\/transamerica933\",\"https:\\\/\\\/www.instagram.com\\\/transamericamococa\"]},{\"@type\":\"Person\",\"@id\":\"https:\\\/\\\/transamerica93.com.br\\\/home\\\/#\\\/schema\\\/person\\\/7fed7c99c0d4562efa8561bc0f543172\",\"name\":\"Reda\u00e7\u00e3o\",\"image\":{\"@type\":\"ImageObject\",\"inLanguage\":\"pt-BR\",\"@id\":\"https:\\\/\\\/secure.gravatar.com\\\/avatar\\\/1072c6b775fb02ef8506ce967551d95926669a6b7d2c2147b42eea4d7c68395e?s=96&d=mm&r=g\",\"url\":\"https:\\\/\\\/secure.gravatar.com\\\/avatar\\\/1072c6b775fb02ef8506ce967551d95926669a6b7d2c2147b42eea4d7c68395e?s=96&d=mm&r=g\",\"contentUrl\":\"https:\\\/\\\/secure.gravatar.com\\\/avatar\\\/1072c6b775fb02ef8506ce967551d95926669a6b7d2c2147b42eea4d7c68395e?s=96&d=mm&r=g\",\"caption\":\"Reda\u00e7\u00e3o\"},\"sameAs\":[\"https:\\\/\\\/transamerica93.com.br\\\/home\"],\"url\":\"https:\\\/\\\/transamerica93.com.br\\\/home\\\/author\\\/william\\\/\"}]}<\/script>\n<!-- \/ Yoast SEO plugin. -->","yoast_head_json":{"title":"Carolina Dieckmann rebate coment\u00e1rio sobre seu corpo e uso de Ozempic: sejamos gentis - Transam\u00e9rica Mococa 93,3","robots":{"index":"index","follow":"follow","max-snippet":"max-snippet:-1","max-image-preview":"max-image-preview:large","max-video-preview":"max-video-preview:-1"},"canonical":"https:\/\/transamerica93.com.br\/home\/carolina-dieckmann-rebate-comentario-sobre-seu-corpo-e-uso-de-ozempic-sejamos-gentis\/","og_locale":"pt_BR","og_type":"article","og_title":"Carolina Dieckmann rebate coment\u00e1rio sobre seu corpo e uso de Ozempic: sejamos gentis - Transam\u00e9rica Mococa 93,3","og_description":"Por Reda\u00e7\u00e3o, O Estado de S. Paulo Carolina Dieckmann voltou a se manifestar sobre coment\u00e1rios a respeito de seu corpo nas redes sociais. Nesta sexta-feira, 21, a atriz negou ter utilizado Ozempic para emagrecer, ap\u00f3s um seguidor insinuar o uso do medicamento. A especula\u00e7\u00e3o surgiu ap\u00f3s Dieckmann compartilhar um v\u00eddeo exibindo seu look improvisado de &hellip;","og_url":"https:\/\/transamerica93.com.br\/home\/carolina-dieckmann-rebate-comentario-sobre-seu-corpo-e-uso-de-ozempic-sejamos-gentis\/","og_site_name":"Transam\u00e9rica Mococa 93,3","article_publisher":"https:\/\/www.facebook.com\/transamericamococa","article_published_time":"2025-02-26T21:00:59+00:00","og_image":[{"width":1920,"height":1080,"url":"https:\/\/transamerica93.com.br\/home\/wp-content\/uploads\/2025\/02\/carolina-dieckmann.jpg","type":"image\/jpeg"}],"author":"Reda\u00e7\u00e3o","twitter_card":"summary_large_image","twitter_creator":"@transamerica933","twitter_site":"@transamerica933","twitter_misc":{"Escrito por":"Reda\u00e7\u00e3o","Est. tempo de leitura":"3 minutos"},"schema":{"@context":"https:\/\/schema.org","@graph":[{"@type":"Article","@id":"https:\/\/transamerica93.com.br\/home\/carolina-dieckmann-rebate-comentario-sobre-seu-corpo-e-uso-de-ozempic-sejamos-gentis\/#article","isPartOf":{"@id":"https:\/\/transamerica93.com.br\/home\/carolina-dieckmann-rebate-comentario-sobre-seu-corpo-e-uso-de-ozempic-sejamos-gentis\/"},"author":{"name":"Reda\u00e7\u00e3o","@id":"https:\/\/transamerica93.com.br\/home\/#\/schema\/person\/7fed7c99c0d4562efa8561bc0f543172"},"headline":"Carolina Dieckmann rebate coment\u00e1rio sobre seu corpo e uso de Ozempic: sejamos gentis","datePublished":"2025-02-26T21:00:59+00:00","mainEntityOfPage":{"@id":"https:\/\/transamerica93.com.br\/home\/carolina-dieckmann-rebate-comentario-sobre-seu-corpo-e-uso-de-ozempic-sejamos-gentis\/"},"wordCount":365,"publisher":{"@id":"https:\/\/transamerica93.com.br\/home\/#organization"},"image":{"@id":"https:\/\/transamerica93.com.br\/home\/carolina-dieckmann-rebate-comentario-sobre-seu-corpo-e-uso-de-ozempic-sejamos-gentis\/#primaryimage"},"thumbnailUrl":"https:\/\/transamerica93.com.br\/home\/wp-content\/uploads\/2025\/02\/carolina-dieckmann.jpg","articleSection":["Entretenimento"],"inLanguage":"pt-BR"},{"@type":"WebPage","@id":"https:\/\/transamerica93.com.br\/home\/carolina-dieckmann-rebate-comentario-sobre-seu-corpo-e-uso-de-ozempic-sejamos-gentis\/","url":"https:\/\/transamerica93.com.br\/home\/carolina-dieckmann-rebate-comentario-sobre-seu-corpo-e-uso-de-ozempic-sejamos-gentis\/","name":"Carolina Dieckmann rebate coment\u00e1rio sobre seu corpo e uso de Ozempic: sejamos gentis - Transam\u00e9rica Mococa 93,3","isPartOf":{"@id":"https:\/\/transamerica93.com.br\/home\/#website"},"primaryImageOfPage":{"@id":"https:\/\/transamerica93.com.br\/home\/carolina-dieckmann-rebate-comentario-sobre-seu-corpo-e-uso-de-ozempic-sejamos-gentis\/#primaryimage"},"image":{"@id":"https:\/\/transamerica93.com.br\/home\/carolina-dieckmann-rebate-comentario-sobre-seu-corpo-e-uso-de-ozempic-sejamos-gentis\/#primaryimage"},"thumbnailUrl":"https:\/\/transamerica93.com.br\/home\/wp-content\/uploads\/2025\/02\/carolina-dieckmann.jpg","datePublished":"2025-02-26T21:00:59+00:00","breadcrumb":{"@id":"https:\/\/transamerica93.com.br\/home\/carolina-dieckmann-rebate-comentario-sobre-seu-corpo-e-uso-de-ozempic-sejamos-gentis\/#breadcrumb"},"inLanguage":"pt-BR","potentialAction":[{"@type":"ReadAction","target":["https:\/\/transamerica93.com.br\/home\/carolina-dieckmann-rebate-comentario-sobre-seu-corpo-e-uso-de-ozempic-sejamos-gentis\/"]}]},{"@type":"ImageObject","inLanguage":"pt-BR","@id":"https:\/\/transamerica93.com.br\/home\/carolina-dieckmann-rebate-comentario-sobre-seu-corpo-e-uso-de-ozempic-sejamos-gentis\/#primaryimage","url":"https:\/\/transamerica93.com.br\/home\/wp-content\/uploads\/2025\/02\/carolina-dieckmann.jpg","contentUrl":"https:\/\/transamerica93.com.br\/home\/wp-content\/uploads\/2025\/02\/carolina-dieckmann.jpg","width":1920,"height":1080},{"@type":"BreadcrumbList","@id":"https:\/\/transamerica93.com.br\/home\/carolina-dieckmann-rebate-comentario-sobre-seu-corpo-e-uso-de-ozempic-sejamos-gentis\/#breadcrumb","itemListElement":[{"@type":"ListItem","position":1,"name":"In\u00edcio","item":"https:\/\/transamerica93.com.br\/home\/"},{"@type":"ListItem","position":2,"name":"Carolina Dieckmann rebate coment\u00e1rio sobre seu corpo e uso de Ozempic: sejamos gentis"}]},{"@type":"WebSite","@id":"https:\/\/transamerica93.com.br\/home\/#website","url":"https:\/\/transamerica93.com.br\/home\/","name":"Transam\u00e9rica Mococa 93,3","description":"","publisher":{"@id":"https:\/\/transamerica93.com.br\/home\/#organization"},"potentialAction":[{"@type":"SearchAction","target":{"@type":"EntryPoint","urlTemplate":"https:\/\/transamerica93.com.br\/home\/?s={search_term_string}"},"query-input":{"@type":"PropertyValueSpecification","valueRequired":true,"valueName":"search_term_string"}}],"inLanguage":"pt-BR"},{"@type":"Organization","@id":"https:\/\/transamerica93.com.br\/home\/#organization","name":"Transam\u00e9rica Mococa 93,3","url":"https:\/\/transamerica93.com.br\/home\/","logo":{"@type":"ImageObject","inLanguage":"pt-BR","@id":"https:\/\/transamerica93.com.br\/home\/#\/schema\/logo\/image\/","url":"https:\/\/transamerica93.com.br\/home\/wp-content\/uploads\/2023\/10\/logo2.png","contentUrl":"https:\/\/transamerica93.com.br\/home\/wp-content\/uploads\/2023\/10\/logo2.png","width":800,"height":500,"caption":"Transam\u00e9rica Mococa 93,3"},"image":{"@id":"https:\/\/transamerica93.com.br\/home\/#\/schema\/logo\/image\/"},"sameAs":["https:\/\/www.facebook.com\/transamericamococa","https:\/\/x.com\/transamerica933","https:\/\/www.instagram.com\/transamericamococa"]},{"@type":"Person","@id":"https:\/\/transamerica93.com.br\/home\/#\/schema\/person\/7fed7c99c0d4562efa8561bc0f543172","name":"Reda\u00e7\u00e3o","image":{"@type":"ImageObject","inLanguage":"pt-BR","@id":"https:\/\/secure.gravatar.com\/avatar\/1072c6b775fb02ef8506ce967551d95926669a6b7d2c2147b42eea4d7c68395e?s=96&d=mm&r=g","url":"https:\/\/secure.gravatar.com\/avatar\/1072c6b775fb02ef8506ce967551d95926669a6b7d2c2147b42eea4d7c68395e?s=96&d=mm&r=g","contentUrl":"https:\/\/secure.gravatar.com\/avatar\/1072c6b775fb02ef8506ce967551d95926669a6b7d2c2147b42eea4d7c68395e?s=96&d=mm&r=g","caption":"Reda\u00e7\u00e3o"},"sameAs":["https:\/\/transamerica93.com.br\/home"],"url":"https:\/\/transamerica93.com.br\/home\/author\/william\/"}]}},"_links":{"self":[{"href":"https:\/\/transamerica93.com.br\/home\/wp-json\/wp\/v2\/posts\/4801","targetHints":{"allow":["GET"]}}],"collection":[{"href":"https:\/\/transamerica93.com.br\/home\/wp-json\/wp\/v2\/posts"}],"about":[{"href":"https:\/\/transamerica93.com.br\/home\/wp-json\/wp\/v2\/types\/post"}],"author":[{"embeddable":true,"href":"https:\/\/transamerica93.com.br\/home\/wp-json\/wp\/v2\/users\/1"}],"replies":[{"embeddable":true,"href":"https:\/\/transamerica93.com.br\/home\/wp-json\/wp\/v2\/comments?post=4801"}],"version-history":[{"count":1,"href":"https:\/\/transamerica93.com.br\/home\/wp-json\/wp\/v2\/posts\/4801\/revisions"}],"predecessor-version":[{"id":4803,"href":"https:\/\/transamerica93.com.br\/home\/wp-json\/wp\/v2\/posts\/4801\/revisions\/4803"}],"wp:featuredmedia":[{"embeddable":true,"href":"https:\/\/transamerica93.com.br\/home\/wp-json\/wp\/v2\/media\/4802"}],"wp:attachment":[{"href":"https:\/\/transamerica93.com.br\/home\/wp-json\/wp\/v2\/media?parent=4801"}],"wp:term":[{"taxonomy":"category","embeddable":true,"href":"https:\/\/transamerica93.com.br\/home\/wp-json\/wp\/v2\/categories?post=4801"},{"taxonomy":"post_tag","embeddable":true,"href":"https:\/\/transamerica93.com.br\/home\/wp-json\/wp\/v2\/tags?post=4801"}],"curies":[{"name":"wp","href":"https:\/\/api.w.org\/{rel}","templated":true}]}}