{"id":4819,"date":"2025-03-06T09:00:10","date_gmt":"2025-03-06T12:00:10","guid":{"rendered":"https:\/\/transamerica93.com.br\/home\/?p=4819"},"modified":"2025-03-05T05:55:42","modified_gmt":"2025-03-05T08:55:42","slug":"calor-extremo-no-trabalho-afeta-saude-a-curto-e-longo-prazo","status":"publish","type":"post","link":"https:\/\/transamerica93.com.br\/home\/calor-extremo-no-trabalho-afeta-saude-a-curto-e-longo-prazo\/","title":{"rendered":"Calor extremo no trabalho afeta sa\u00fade a curto e longo prazo"},"content":{"rendered":"<div class=\"conteudo-noticia\">\n<p><strong>Hidrata\u00e7\u00e3o constante e toalha \u00famida por perto, recomenda a pesquisadora Tatiane Cristina Moraes de Sousa para enfrentar o calor intenso.<\/strong>\u00a0Professora do Departamento de Epidemiologia do Instituto de Medicina Social da Universidade do Estado do Rio de Janeiro (Uerj), alerta para os impactos a curto e longo prazo na sa\u00fade humana em raz\u00e3o da alta das temperaturas registradas na cidade do Rio de Janeiro.<img decoding=\"async\" data-src=\"https:\/\/agenciabrasil.ebc.com.br\/ebc.png?id=1632111&amp;o=node\" src=\"data:image\/svg+xml;base64,PHN2ZyB3aWR0aD0iMSIgaGVpZ2h0PSIxIiB4bWxucz0iaHR0cDovL3d3dy53My5vcmcvMjAwMC9zdmciPjwvc3ZnPg==\" class=\"lazyload\" \/><img decoding=\"async\" data-src=\"https:\/\/agenciabrasil.ebc.com.br\/ebc.gif?id=1632111&amp;o=node\" src=\"data:image\/svg+xml;base64,PHN2ZyB3aWR0aD0iMSIgaGVpZ2h0PSIxIiB4bWxucz0iaHR0cDovL3d3dy53My5vcmcvMjAwMC9zdmciPjwvc3ZnPg==\" class=\"lazyload\" \/><\/p>\n<p>Somente nos dois primeiros meses do ano,\u00a0<a href=\"https:\/\/agenciabrasil.ebc.com.br\/geral\/noticia\/2025-02\/calor-levou-mais-de-5-mil-pessoas-buscar-atendimento-no-rio-em-2025\" target=\"_blank\" rel=\"noopener\">mais de 5 mil pessoas\u00a0j\u00e1 procuraram atendimento m\u00e9dico<\/a>\u00a0em unidades do Sistema \u00danico de Sa\u00fade (SUS) em raz\u00e3o do calor excessivo, conforme dados da Secretaria Municipal de Sa\u00fade (SMS-RJ).<\/p>\n<blockquote><p>\u201cQuando falamos dos impactos, temos que pensar primeiro na exposi\u00e7\u00e3o, que \u00e9 como aquela pessoa est\u00e1 exposta, por quantas horas, se est\u00e1 dentro de um ambiente ou n\u00e3o, se est\u00e1 a c\u00e9u aberto, trabalhando\u201d, avalia a professora.<\/p><\/blockquote>\n<p>Como efeitos imediatos da exposi\u00e7\u00e3o ao calor, a pesquisadora cita sinais de exaust\u00e3o e insola\u00e7\u00e3o, que, em casos mais graves ou quando n\u00e3o h\u00e1 tratamento adequado, podem provocar complica\u00e7\u00f5es em \u00f3rg\u00e3os vitais.<\/p>\n<p>\u201cA pessoa pode ter desmaios, n\u00e1useas, diferentes sinais e sintomas que mostram que ela est\u00e1 se encaminhando para uma insola\u00e7\u00e3o. O risco final, que pode acontecer de imediato dependendo das condi\u00e7\u00f5es, \u00e9 a pessoa vir a \u00f3bito\u201d, comenta, relembrando o caso da universit\u00e1ria Ana Clara Benevides Machado, que morreu devido \u00e0 exaust\u00e3o causada pelo calor durante um\u00a0<em>show\u00a0<\/em>da cantora Taylor Swift no Rio de Janeiro em 2023.<\/p>\n<p>Al\u00e9m dos efeitos diretos da exposi\u00e7\u00e3o ao sol, principalmente em dias de temperatura e sensa\u00e7\u00e3o t\u00e9rmica elevadas, Sousa aponta para os efeitos a longo prazo. \u00c0\u00a0<strong>Ag\u00eancia Brasil<\/strong>, a professora explica que a exposi\u00e7\u00e3o ao calor intenso faz com que se exija mais esfor\u00e7o do organismo para se regular. \u201cNosso sistema cardiovascular e nosso sistema renal est\u00e3o se esfor\u00e7ando mais para o nosso corpo voltar \u00e0 temperatura em que o organismo funciona melhor, em torno de 37\u00ba<em>C<\/em>, ent\u00e3o, se expormos o nosso corpo a esse esfor\u00e7o por um longo per\u00edodo, tamb\u00e9m aumentamos a chance de aparecerem doen\u00e7as cr\u00f4nicas\u201d, diz.<\/p>\n<div class=\"dnd-widget-wrapper context-cheio_8colunas type-image\">\n<div class=\"dnd-atom-rendered\"><img decoding=\"async\" title=\"T\u00e2nia R\u00eago\/Ag\u00eancia Brasil\" data-src=\"https:\/\/imagens.ebc.com.br\/dQuCTObwKHEo6XhK0MQ4W05LsXc=\/754x0\/smart\/https:\/\/agenciabrasil.ebc.com.br\/sites\/default\/files\/thumbnails\/image\/2025\/02\/17\/_rbr4878a.jpg?itok=Jfoyjubp\" alt=\"Rio de Janeiro (RJ), 17\/02\/2024 - Funcion\u00e1rios tabalham no Samb\u00f3dromo debaixo de forte calor. Cidade do Rio de Janeiro atinge n\u00edvel 4 de calor. Marco \u00e9 caracterizado por temperaturas que podem chegar a 44\u00baC  Foto: T\u00e2nia R\u00eago\/Ag\u00eancia Brasil\" width=\"929\" height=\"620\" src=\"data:image\/svg+xml;base64,PHN2ZyB3aWR0aD0iMSIgaGVpZ2h0PSIxIiB4bWxucz0iaHR0cDovL3d3dy53My5vcmcvMjAwMC9zdmciPjwvc3ZnPg==\" class=\"lazyload\" style=\"--smush-placeholder-width: 929px; --smush-placeholder-aspect-ratio: 929\/620;\" \/><\/div>\n<div class=\"dnd-caption-wrapper\">\n<h6 class=\"meta\">\u00a0Funcion\u00e1rios trabalham no Samb\u00f3dromo debaixo de forte calor. Cidade do Rio de Janeiro atinge n\u00edvel 4 de calor.\u00a0<strong>Foto: T\u00e2nia R\u00eago\/Ag\u00eancia Brasil<\/strong><\/h6>\n<p>&nbsp;<\/p>\n<\/div>\n<\/div>\n<p>Apesar das temperaturas recordes\u00a0registradas na capital fluminense \u2014 na segunda-feira (17), a\u00a0<a href=\"https:\/\/agenciabrasil.ebc.com.br\/geral\/noticia\/2025-02\/rio-chega-a-44-C-maior-temperatura-registrada-desde-2014\" target=\"_blank\" rel=\"noopener\">cidade atingiu m\u00e1xima de 44\u00ba<em>C<\/em><\/a>, maior temperatura desde 2024 \u2014, a pesquisadora avalia que o calor excessivo n\u00e3o \u00e9 um desafio apenas da cidade do Rio de Janeiro, mas um problema que precisa ser repensado por diferentes sistemas de gest\u00e3o p\u00fablica e pela sociedade.<\/p>\n<p>\u201cHidrata\u00e7\u00e3o, por exemplo, \u00e9 essencial. A prefeitura municipal\u00a0[do Rio de Janeiro] disponibilizou pela cidade diferentes pontos de hidrata\u00e7\u00e3o gratuita, mas sabemos que interromper ou evitar essa exposi\u00e7\u00e3o no hor\u00e1rio de 11h \u00e0s 15h \u00e9 ideal, s\u00f3 que isso mexe, principalmente, com o trabalhador, isso mexe como constru\u00edmos a nossa sociedade para os hor\u00e1rios de trabalho\u201d, reflete.<\/p>\n<p>Segundo Sousa, os\u00a0<strong>profissionais mais afetados s\u00e3o aqueles com v\u00ednculos informais de trabalho, especialmente entregadores e vendedores ambulantes, que dependem dos hor\u00e1rios de maior movimento.<\/strong>\u00a0\u201cComo voc\u00ea vai garantir que esse vendedor n\u00e3o trabalhe nos hor\u00e1rios de pico, se no carnaval, por exemplo, \u00e9 o momento em que eles mais ganham?\u201d, questiona.<\/p>\n<div class=\"dnd-widget-wrapper context-grande_6colunas type-image atom-align-left\">\n<div class=\"dnd-atom-rendered\"><img decoding=\"async\" title=\"Fernando Fraz\u00e3o\/Ag\u00eancia Brasil\" data-src=\"https:\/\/imagens.ebc.com.br\/gVclFQ0OH4yqrW5R2RNFpQ0M48U=\/463x0\/smart\/https:\/\/agenciabrasil.ebc.com.br\/sites\/default\/files\/thumbnails\/image\/2025\/01\/25\/_d6a4379.jpg?itok=S2KAPZ4y\" alt=\"Rio de Janeiro (RJ) 25\/01\/2025 \u2013 Vendedores ambulantes na Praia do Flamengo durante semana com alerta de calor extremo. Foto: Fernando Fraz\u00e3o\/Ag\u00eancia Brasil\" width=\"923\" height=\"616\" src=\"data:image\/svg+xml;base64,PHN2ZyB3aWR0aD0iMSIgaGVpZ2h0PSIxIiB4bWxucz0iaHR0cDovL3d3dy53My5vcmcvMjAwMC9zdmciPjwvc3ZnPg==\" class=\"lazyload\" style=\"--smush-placeholder-width: 923px; --smush-placeholder-aspect-ratio: 923\/616;\" \/><\/div>\n<div class=\"dnd-caption-wrapper\">\n<h6 class=\"meta\">Vendedores ambulantes na Praia do Flamengo durante semana com alerta de calor extremo\u00a0 &#8211;\u00a0<strong>Fernando Fraz\u00e3o\/Ag\u00eancia Brasil<\/strong><\/h6>\n<p>&nbsp;<\/p>\n<\/div>\n<\/div>\n<p>Al\u00e9m da atividade desenvolvida, outro fator importante para compreender a situa\u00e7\u00e3o de vulnerabilidade a que os trabalhadores est\u00e3o submetidos \u00e9 a idade, j\u00e1 que idosos, assim como crian\u00e7as, s\u00e3o mais suscet\u00edveis a problemas em decorr\u00eancia do calor intenso. Muitos desses trabalhadores informais, avalia a pesquisadora, tamb\u00e9m apresentam quadros de hipertens\u00e3o, diabete, doen\u00e7as renais e card\u00edacas, que contribuem para uma situa\u00e7\u00e3o de mal-estar.<\/p>\n<p>Pensando, sobretudo, nos trabalhadores informais expostos ao sol por um longo per\u00edodo, a pesquisadora recomenda buscar \u00e1reas cobertas e ventiladas, usar chap\u00e9us o tempo inteiro e reconhecer o momento de encerrar a atividade para buscar ajuda. \u201cEssa \u00e9 uma coisa que o poder p\u00fablico vai ter que intensificar, \u00e9 o acesso ao socorro, \u00e0 assist\u00eancia, o cuidado durante esse per\u00edodo\u201d, explica a professora.<\/p>\n<p>Outra recomenda\u00e7\u00e3o que Sousa faz \u00e9 sempre refrescar o corpo com \u00e1gua ou uma toalha molhada. Para ela, essas a\u00e7\u00f5es, no entanto, n\u00e3o podem ser restritas ao in\u00edcio deste ano: \u201cFaltam a\u00e7\u00f5es concretas, mas isso n\u00e3o pode parar agora porque estamos no ver\u00e3o. S\u00e3o planejamentos, revis\u00f5es que temos que ter para o pr\u00f3ximo ver\u00e3o, para outros per\u00edodos que n\u00e3o imagin\u00e1vamos que fossem ser t\u00e3o quentes, mas ser\u00e3o\u201d.<\/p>\n<p><em>*Estagi\u00e1ria sob supervis\u00e3o de Vin\u00edcius Lisboa<\/em><\/p>\n<\/div>\n<div class=\"footer-noticia\">\n<div class=\"editor rowflex\">Edi\u00e7\u00e3o: Val\u00e9ria Aguiar<\/div>\n<\/div>\n","protected":false},"excerpt":{"rendered":"<p>Hidrata\u00e7\u00e3o constante e toalha \u00famida por perto, recomenda a pesquisadora Tatiane Cristina Moraes de Sousa para enfrentar o calor intenso.\u00a0Professora do Departamento de Epidemiologia do Instituto de Medicina Social da Universidade do Estado do Rio de Janeiro (Uerj), alerta para os impactos a curto e longo prazo na sa\u00fade humana em raz\u00e3o da alta das &hellip;<\/p>\n","protected":false},"author":1,"featured_media":4811,"comment_status":"closed","ping_status":"closed","sticky":false,"template":"","format":"standard","meta":{"footnotes":""},"categories":[30],"tags":[],"class_list":["post-4819","post","type-post","status-publish","format-standard","has-post-thumbnail","hentry","category-geral"],"yoast_head":"<!-- This site is optimized with the Yoast SEO plugin v27.4 - https:\/\/yoast.com\/product\/yoast-seo-wordpress\/ -->\n<title>Calor extremo no trabalho afeta sa\u00fade a curto e longo prazo - Transam\u00e9rica Mococa 93,3<\/title>\n<meta name=\"robots\" content=\"index, follow, max-snippet:-1, max-image-preview:large, max-video-preview:-1\" \/>\n<link rel=\"canonical\" href=\"https:\/\/transamerica93.com.br\/home\/calor-extremo-no-trabalho-afeta-saude-a-curto-e-longo-prazo\/\" \/>\n<meta property=\"og:locale\" content=\"pt_BR\" \/>\n<meta property=\"og:type\" content=\"article\" \/>\n<meta property=\"og:title\" content=\"Calor extremo no trabalho afeta sa\u00fade a curto e longo prazo - Transam\u00e9rica Mococa 93,3\" \/>\n<meta property=\"og:description\" content=\"Hidrata\u00e7\u00e3o constante e toalha \u00famida por perto, recomenda a pesquisadora Tatiane Cristina Moraes de Sousa para enfrentar o calor intenso.\u00a0Professora do Departamento de Epidemiologia do Instituto de Medicina Social da Universidade do Estado do Rio de Janeiro (Uerj), alerta para os impactos a curto e longo prazo na sa\u00fade humana em raz\u00e3o da alta das &hellip;\" \/>\n<meta property=\"og:url\" content=\"https:\/\/transamerica93.com.br\/home\/calor-extremo-no-trabalho-afeta-saude-a-curto-e-longo-prazo\/\" \/>\n<meta property=\"og:site_name\" content=\"Transam\u00e9rica Mococa 93,3\" \/>\n<meta property=\"article:publisher\" content=\"https:\/\/www.facebook.com\/transamericamococa\" \/>\n<meta property=\"article:published_time\" content=\"2025-03-06T12:00:10+00:00\" \/>\n<meta property=\"og:image\" content=\"https:\/\/transamerica93.com.br\/home\/wp-content\/uploads\/2025\/03\/2.jpg\" \/>\n\t<meta property=\"og:image:width\" content=\"1170\" \/>\n\t<meta property=\"og:image:height\" content=\"700\" \/>\n\t<meta property=\"og:image:type\" content=\"image\/jpeg\" \/>\n<meta name=\"author\" content=\"Reda\u00e7\u00e3o\" \/>\n<meta name=\"twitter:card\" content=\"summary_large_image\" \/>\n<meta name=\"twitter:creator\" content=\"@transamerica933\" \/>\n<meta name=\"twitter:site\" content=\"@transamerica933\" \/>\n<meta name=\"twitter:label1\" content=\"Escrito por\" \/>\n\t<meta name=\"twitter:data1\" content=\"Reda\u00e7\u00e3o\" \/>\n\t<meta name=\"twitter:label2\" content=\"Est. tempo de leitura\" \/>\n\t<meta name=\"twitter:data2\" content=\"5 minutos\" \/>\n<script type=\"application\/ld+json\" class=\"yoast-schema-graph\">{\"@context\":\"https:\\\/\\\/schema.org\",\"@graph\":[{\"@type\":\"Article\",\"@id\":\"https:\\\/\\\/transamerica93.com.br\\\/home\\\/calor-extremo-no-trabalho-afeta-saude-a-curto-e-longo-prazo\\\/#article\",\"isPartOf\":{\"@id\":\"https:\\\/\\\/transamerica93.com.br\\\/home\\\/calor-extremo-no-trabalho-afeta-saude-a-curto-e-longo-prazo\\\/\"},\"author\":{\"name\":\"Reda\u00e7\u00e3o\",\"@id\":\"https:\\\/\\\/transamerica93.com.br\\\/home\\\/#\\\/schema\\\/person\\\/7fed7c99c0d4562efa8561bc0f543172\"},\"headline\":\"Calor extremo no trabalho afeta sa\u00fade a curto e longo prazo\",\"datePublished\":\"2025-03-06T12:00:10+00:00\",\"mainEntityOfPage\":{\"@id\":\"https:\\\/\\\/transamerica93.com.br\\\/home\\\/calor-extremo-no-trabalho-afeta-saude-a-curto-e-longo-prazo\\\/\"},\"wordCount\":835,\"publisher\":{\"@id\":\"https:\\\/\\\/transamerica93.com.br\\\/home\\\/#organization\"},\"image\":{\"@id\":\"https:\\\/\\\/transamerica93.com.br\\\/home\\\/calor-extremo-no-trabalho-afeta-saude-a-curto-e-longo-prazo\\\/#primaryimage\"},\"thumbnailUrl\":\"https:\\\/\\\/transamerica93.com.br\\\/home\\\/wp-content\\\/uploads\\\/2025\\\/03\\\/2.jpg\",\"articleSection\":[\"Geral\"],\"inLanguage\":\"pt-BR\"},{\"@type\":\"WebPage\",\"@id\":\"https:\\\/\\\/transamerica93.com.br\\\/home\\\/calor-extremo-no-trabalho-afeta-saude-a-curto-e-longo-prazo\\\/\",\"url\":\"https:\\\/\\\/transamerica93.com.br\\\/home\\\/calor-extremo-no-trabalho-afeta-saude-a-curto-e-longo-prazo\\\/\",\"name\":\"Calor extremo no trabalho afeta sa\u00fade a curto e longo prazo - Transam\u00e9rica Mococa 93,3\",\"isPartOf\":{\"@id\":\"https:\\\/\\\/transamerica93.com.br\\\/home\\\/#website\"},\"primaryImageOfPage\":{\"@id\":\"https:\\\/\\\/transamerica93.com.br\\\/home\\\/calor-extremo-no-trabalho-afeta-saude-a-curto-e-longo-prazo\\\/#primaryimage\"},\"image\":{\"@id\":\"https:\\\/\\\/transamerica93.com.br\\\/home\\\/calor-extremo-no-trabalho-afeta-saude-a-curto-e-longo-prazo\\\/#primaryimage\"},\"thumbnailUrl\":\"https:\\\/\\\/transamerica93.com.br\\\/home\\\/wp-content\\\/uploads\\\/2025\\\/03\\\/2.jpg\",\"datePublished\":\"2025-03-06T12:00:10+00:00\",\"breadcrumb\":{\"@id\":\"https:\\\/\\\/transamerica93.com.br\\\/home\\\/calor-extremo-no-trabalho-afeta-saude-a-curto-e-longo-prazo\\\/#breadcrumb\"},\"inLanguage\":\"pt-BR\",\"potentialAction\":[{\"@type\":\"ReadAction\",\"target\":[\"https:\\\/\\\/transamerica93.com.br\\\/home\\\/calor-extremo-no-trabalho-afeta-saude-a-curto-e-longo-prazo\\\/\"]}]},{\"@type\":\"ImageObject\",\"inLanguage\":\"pt-BR\",\"@id\":\"https:\\\/\\\/transamerica93.com.br\\\/home\\\/calor-extremo-no-trabalho-afeta-saude-a-curto-e-longo-prazo\\\/#primaryimage\",\"url\":\"https:\\\/\\\/transamerica93.com.br\\\/home\\\/wp-content\\\/uploads\\\/2025\\\/03\\\/2.jpg\",\"contentUrl\":\"https:\\\/\\\/transamerica93.com.br\\\/home\\\/wp-content\\\/uploads\\\/2025\\\/03\\\/2.jpg\",\"width\":1170,\"height\":700,\"caption\":\"\u00a9 T\u00e2nia R\u00eago\\\/Ag\u00eancia Brasil\"},{\"@type\":\"BreadcrumbList\",\"@id\":\"https:\\\/\\\/transamerica93.com.br\\\/home\\\/calor-extremo-no-trabalho-afeta-saude-a-curto-e-longo-prazo\\\/#breadcrumb\",\"itemListElement\":[{\"@type\":\"ListItem\",\"position\":1,\"name\":\"In\u00edcio\",\"item\":\"https:\\\/\\\/transamerica93.com.br\\\/home\\\/\"},{\"@type\":\"ListItem\",\"position\":2,\"name\":\"Calor extremo no trabalho afeta sa\u00fade a curto e longo prazo\"}]},{\"@type\":\"WebSite\",\"@id\":\"https:\\\/\\\/transamerica93.com.br\\\/home\\\/#website\",\"url\":\"https:\\\/\\\/transamerica93.com.br\\\/home\\\/\",\"name\":\"Transam\u00e9rica Mococa 93,3\",\"description\":\"\",\"publisher\":{\"@id\":\"https:\\\/\\\/transamerica93.com.br\\\/home\\\/#organization\"},\"potentialAction\":[{\"@type\":\"SearchAction\",\"target\":{\"@type\":\"EntryPoint\",\"urlTemplate\":\"https:\\\/\\\/transamerica93.com.br\\\/home\\\/?s={search_term_string}\"},\"query-input\":{\"@type\":\"PropertyValueSpecification\",\"valueRequired\":true,\"valueName\":\"search_term_string\"}}],\"inLanguage\":\"pt-BR\"},{\"@type\":\"Organization\",\"@id\":\"https:\\\/\\\/transamerica93.com.br\\\/home\\\/#organization\",\"name\":\"Transam\u00e9rica Mococa 93,3\",\"url\":\"https:\\\/\\\/transamerica93.com.br\\\/home\\\/\",\"logo\":{\"@type\":\"ImageObject\",\"inLanguage\":\"pt-BR\",\"@id\":\"https:\\\/\\\/transamerica93.com.br\\\/home\\\/#\\\/schema\\\/logo\\\/image\\\/\",\"url\":\"https:\\\/\\\/transamerica93.com.br\\\/home\\\/wp-content\\\/uploads\\\/2023\\\/10\\\/logo2.png\",\"contentUrl\":\"https:\\\/\\\/transamerica93.com.br\\\/home\\\/wp-content\\\/uploads\\\/2023\\\/10\\\/logo2.png\",\"width\":800,\"height\":500,\"caption\":\"Transam\u00e9rica Mococa 93,3\"},\"image\":{\"@id\":\"https:\\\/\\\/transamerica93.com.br\\\/home\\\/#\\\/schema\\\/logo\\\/image\\\/\"},\"sameAs\":[\"https:\\\/\\\/www.facebook.com\\\/transamericamococa\",\"https:\\\/\\\/x.com\\\/transamerica933\",\"https:\\\/\\\/www.instagram.com\\\/transamericamococa\"]},{\"@type\":\"Person\",\"@id\":\"https:\\\/\\\/transamerica93.com.br\\\/home\\\/#\\\/schema\\\/person\\\/7fed7c99c0d4562efa8561bc0f543172\",\"name\":\"Reda\u00e7\u00e3o\",\"image\":{\"@type\":\"ImageObject\",\"inLanguage\":\"pt-BR\",\"@id\":\"https:\\\/\\\/secure.gravatar.com\\\/avatar\\\/1072c6b775fb02ef8506ce967551d95926669a6b7d2c2147b42eea4d7c68395e?s=96&d=mm&r=g\",\"url\":\"https:\\\/\\\/secure.gravatar.com\\\/avatar\\\/1072c6b775fb02ef8506ce967551d95926669a6b7d2c2147b42eea4d7c68395e?s=96&d=mm&r=g\",\"contentUrl\":\"https:\\\/\\\/secure.gravatar.com\\\/avatar\\\/1072c6b775fb02ef8506ce967551d95926669a6b7d2c2147b42eea4d7c68395e?s=96&d=mm&r=g\",\"caption\":\"Reda\u00e7\u00e3o\"},\"sameAs\":[\"https:\\\/\\\/transamerica93.com.br\\\/home\"],\"url\":\"https:\\\/\\\/transamerica93.com.br\\\/home\\\/author\\\/william\\\/\"}]}<\/script>\n<!-- \/ Yoast SEO plugin. -->","yoast_head_json":{"title":"Calor extremo no trabalho afeta sa\u00fade a curto e longo prazo - Transam\u00e9rica Mococa 93,3","robots":{"index":"index","follow":"follow","max-snippet":"max-snippet:-1","max-image-preview":"max-image-preview:large","max-video-preview":"max-video-preview:-1"},"canonical":"https:\/\/transamerica93.com.br\/home\/calor-extremo-no-trabalho-afeta-saude-a-curto-e-longo-prazo\/","og_locale":"pt_BR","og_type":"article","og_title":"Calor extremo no trabalho afeta sa\u00fade a curto e longo prazo - Transam\u00e9rica Mococa 93,3","og_description":"Hidrata\u00e7\u00e3o constante e toalha \u00famida por perto, recomenda a pesquisadora Tatiane Cristina Moraes de Sousa para enfrentar o calor intenso.\u00a0Professora do Departamento de Epidemiologia do Instituto de Medicina Social da Universidade do Estado do Rio de Janeiro (Uerj), alerta para os impactos a curto e longo prazo na sa\u00fade humana em raz\u00e3o da alta das &hellip;","og_url":"https:\/\/transamerica93.com.br\/home\/calor-extremo-no-trabalho-afeta-saude-a-curto-e-longo-prazo\/","og_site_name":"Transam\u00e9rica Mococa 93,3","article_publisher":"https:\/\/www.facebook.com\/transamericamococa","article_published_time":"2025-03-06T12:00:10+00:00","og_image":[{"width":1170,"height":700,"url":"https:\/\/transamerica93.com.br\/home\/wp-content\/uploads\/2025\/03\/2.jpg","type":"image\/jpeg"}],"author":"Reda\u00e7\u00e3o","twitter_card":"summary_large_image","twitter_creator":"@transamerica933","twitter_site":"@transamerica933","twitter_misc":{"Escrito por":"Reda\u00e7\u00e3o","Est. tempo de leitura":"5 minutos"},"schema":{"@context":"https:\/\/schema.org","@graph":[{"@type":"Article","@id":"https:\/\/transamerica93.com.br\/home\/calor-extremo-no-trabalho-afeta-saude-a-curto-e-longo-prazo\/#article","isPartOf":{"@id":"https:\/\/transamerica93.com.br\/home\/calor-extremo-no-trabalho-afeta-saude-a-curto-e-longo-prazo\/"},"author":{"name":"Reda\u00e7\u00e3o","@id":"https:\/\/transamerica93.com.br\/home\/#\/schema\/person\/7fed7c99c0d4562efa8561bc0f543172"},"headline":"Calor extremo no trabalho afeta sa\u00fade a curto e longo prazo","datePublished":"2025-03-06T12:00:10+00:00","mainEntityOfPage":{"@id":"https:\/\/transamerica93.com.br\/home\/calor-extremo-no-trabalho-afeta-saude-a-curto-e-longo-prazo\/"},"wordCount":835,"publisher":{"@id":"https:\/\/transamerica93.com.br\/home\/#organization"},"image":{"@id":"https:\/\/transamerica93.com.br\/home\/calor-extremo-no-trabalho-afeta-saude-a-curto-e-longo-prazo\/#primaryimage"},"thumbnailUrl":"https:\/\/transamerica93.com.br\/home\/wp-content\/uploads\/2025\/03\/2.jpg","articleSection":["Geral"],"inLanguage":"pt-BR"},{"@type":"WebPage","@id":"https:\/\/transamerica93.com.br\/home\/calor-extremo-no-trabalho-afeta-saude-a-curto-e-longo-prazo\/","url":"https:\/\/transamerica93.com.br\/home\/calor-extremo-no-trabalho-afeta-saude-a-curto-e-longo-prazo\/","name":"Calor extremo no trabalho afeta sa\u00fade a curto e longo prazo - Transam\u00e9rica Mococa 93,3","isPartOf":{"@id":"https:\/\/transamerica93.com.br\/home\/#website"},"primaryImageOfPage":{"@id":"https:\/\/transamerica93.com.br\/home\/calor-extremo-no-trabalho-afeta-saude-a-curto-e-longo-prazo\/#primaryimage"},"image":{"@id":"https:\/\/transamerica93.com.br\/home\/calor-extremo-no-trabalho-afeta-saude-a-curto-e-longo-prazo\/#primaryimage"},"thumbnailUrl":"https:\/\/transamerica93.com.br\/home\/wp-content\/uploads\/2025\/03\/2.jpg","datePublished":"2025-03-06T12:00:10+00:00","breadcrumb":{"@id":"https:\/\/transamerica93.com.br\/home\/calor-extremo-no-trabalho-afeta-saude-a-curto-e-longo-prazo\/#breadcrumb"},"inLanguage":"pt-BR","potentialAction":[{"@type":"ReadAction","target":["https:\/\/transamerica93.com.br\/home\/calor-extremo-no-trabalho-afeta-saude-a-curto-e-longo-prazo\/"]}]},{"@type":"ImageObject","inLanguage":"pt-BR","@id":"https:\/\/transamerica93.com.br\/home\/calor-extremo-no-trabalho-afeta-saude-a-curto-e-longo-prazo\/#primaryimage","url":"https:\/\/transamerica93.com.br\/home\/wp-content\/uploads\/2025\/03\/2.jpg","contentUrl":"https:\/\/transamerica93.com.br\/home\/wp-content\/uploads\/2025\/03\/2.jpg","width":1170,"height":700,"caption":"\u00a9 T\u00e2nia R\u00eago\/Ag\u00eancia Brasil"},{"@type":"BreadcrumbList","@id":"https:\/\/transamerica93.com.br\/home\/calor-extremo-no-trabalho-afeta-saude-a-curto-e-longo-prazo\/#breadcrumb","itemListElement":[{"@type":"ListItem","position":1,"name":"In\u00edcio","item":"https:\/\/transamerica93.com.br\/home\/"},{"@type":"ListItem","position":2,"name":"Calor extremo no trabalho afeta sa\u00fade a curto e longo prazo"}]},{"@type":"WebSite","@id":"https:\/\/transamerica93.com.br\/home\/#website","url":"https:\/\/transamerica93.com.br\/home\/","name":"Transam\u00e9rica Mococa 93,3","description":"","publisher":{"@id":"https:\/\/transamerica93.com.br\/home\/#organization"},"potentialAction":[{"@type":"SearchAction","target":{"@type":"EntryPoint","urlTemplate":"https:\/\/transamerica93.com.br\/home\/?s={search_term_string}"},"query-input":{"@type":"PropertyValueSpecification","valueRequired":true,"valueName":"search_term_string"}}],"inLanguage":"pt-BR"},{"@type":"Organization","@id":"https:\/\/transamerica93.com.br\/home\/#organization","name":"Transam\u00e9rica Mococa 93,3","url":"https:\/\/transamerica93.com.br\/home\/","logo":{"@type":"ImageObject","inLanguage":"pt-BR","@id":"https:\/\/transamerica93.com.br\/home\/#\/schema\/logo\/image\/","url":"https:\/\/transamerica93.com.br\/home\/wp-content\/uploads\/2023\/10\/logo2.png","contentUrl":"https:\/\/transamerica93.com.br\/home\/wp-content\/uploads\/2023\/10\/logo2.png","width":800,"height":500,"caption":"Transam\u00e9rica Mococa 93,3"},"image":{"@id":"https:\/\/transamerica93.com.br\/home\/#\/schema\/logo\/image\/"},"sameAs":["https:\/\/www.facebook.com\/transamericamococa","https:\/\/x.com\/transamerica933","https:\/\/www.instagram.com\/transamericamococa"]},{"@type":"Person","@id":"https:\/\/transamerica93.com.br\/home\/#\/schema\/person\/7fed7c99c0d4562efa8561bc0f543172","name":"Reda\u00e7\u00e3o","image":{"@type":"ImageObject","inLanguage":"pt-BR","@id":"https:\/\/secure.gravatar.com\/avatar\/1072c6b775fb02ef8506ce967551d95926669a6b7d2c2147b42eea4d7c68395e?s=96&d=mm&r=g","url":"https:\/\/secure.gravatar.com\/avatar\/1072c6b775fb02ef8506ce967551d95926669a6b7d2c2147b42eea4d7c68395e?s=96&d=mm&r=g","contentUrl":"https:\/\/secure.gravatar.com\/avatar\/1072c6b775fb02ef8506ce967551d95926669a6b7d2c2147b42eea4d7c68395e?s=96&d=mm&r=g","caption":"Reda\u00e7\u00e3o"},"sameAs":["https:\/\/transamerica93.com.br\/home"],"url":"https:\/\/transamerica93.com.br\/home\/author\/william\/"}]}},"_links":{"self":[{"href":"https:\/\/transamerica93.com.br\/home\/wp-json\/wp\/v2\/posts\/4819","targetHints":{"allow":["GET"]}}],"collection":[{"href":"https:\/\/transamerica93.com.br\/home\/wp-json\/wp\/v2\/posts"}],"about":[{"href":"https:\/\/transamerica93.com.br\/home\/wp-json\/wp\/v2\/types\/post"}],"author":[{"embeddable":true,"href":"https:\/\/transamerica93.com.br\/home\/wp-json\/wp\/v2\/users\/1"}],"replies":[{"embeddable":true,"href":"https:\/\/transamerica93.com.br\/home\/wp-json\/wp\/v2\/comments?post=4819"}],"version-history":[{"count":1,"href":"https:\/\/transamerica93.com.br\/home\/wp-json\/wp\/v2\/posts\/4819\/revisions"}],"predecessor-version":[{"id":4820,"href":"https:\/\/transamerica93.com.br\/home\/wp-json\/wp\/v2\/posts\/4819\/revisions\/4820"}],"wp:featuredmedia":[{"embeddable":true,"href":"https:\/\/transamerica93.com.br\/home\/wp-json\/wp\/v2\/media\/4811"}],"wp:attachment":[{"href":"https:\/\/transamerica93.com.br\/home\/wp-json\/wp\/v2\/media?parent=4819"}],"wp:term":[{"taxonomy":"category","embeddable":true,"href":"https:\/\/transamerica93.com.br\/home\/wp-json\/wp\/v2\/categories?post=4819"},{"taxonomy":"post_tag","embeddable":true,"href":"https:\/\/transamerica93.com.br\/home\/wp-json\/wp\/v2\/tags?post=4819"}],"curies":[{"name":"wp","href":"https:\/\/api.w.org\/{rel}","templated":true}]}}