{"id":4821,"date":"2025-03-07T09:00:58","date_gmt":"2025-03-07T12:00:58","guid":{"rendered":"https:\/\/transamerica93.com.br\/home\/?p=4821"},"modified":"2025-03-05T05:56:42","modified_gmt":"2025-03-05T08:56:42","slug":"radio-mec-estreia-nova-programacao-na-faixa-infantojuvenil","status":"publish","type":"post","link":"https:\/\/transamerica93.com.br\/home\/radio-mec-estreia-nova-programacao-na-faixa-infantojuvenil\/","title":{"rendered":"R\u00e1dio MEC estreia nova programa\u00e7\u00e3o na faixa infantojuvenil"},"content":{"rendered":"<p>A partir deste m\u00eas de mar\u00e7o, a\u00a0<strong>R\u00e1dio MEC<\/strong>\u00a0estreia uma nova programa\u00e7\u00e3o infantojuvenil com atra\u00e7\u00f5es in\u00e9ditas na\u00a0<em>R\u00e1dio Animada<\/em>. A faixa da\u00a0<strong>MEC AM<\/strong>\u00a0apresenta conte\u00fados de qualidade para a garotada aos domingos, das 8h \u00e0s 10h, reprisando aos s\u00e1bados, no mesmo hor\u00e1rio, com janelas de 10 minutos de segunda-feira a sexta-feira, \u00e0s 8h20.<img decoding=\"async\" data-src=\"https:\/\/agenciabrasil.ebc.com.br\/ebc.png?id=1632299&amp;o=node\" src=\"data:image\/svg+xml;base64,PHN2ZyB3aWR0aD0iMSIgaGVpZ2h0PSIxIiB4bWxucz0iaHR0cDovL3d3dy53My5vcmcvMjAwMC9zdmciPjwvc3ZnPg==\" class=\"lazyload\" \/><img decoding=\"async\" data-src=\"https:\/\/agenciabrasil.ebc.com.br\/ebc.gif?id=1632299&amp;o=node\" src=\"data:image\/svg+xml;base64,PHN2ZyB3aWR0aD0iMSIgaGVpZ2h0PSIxIiB4bWxucz0iaHR0cDovL3d3dy53My5vcmcvMjAwMC9zdmciPjwvc3ZnPg==\" class=\"lazyload\" \/><\/p>\n<p><strong>As novidades come\u00e7am neste domingo (2)<\/strong>, com a estreia da temporada 2025 do\u00a0<em>Perguntar e Pensar<\/em>,\u00a0<strong>com um novo ator mirim, Theo Gonzales<\/strong>. Produzido pela Sociedade Brasileira de Psican\u00e1lise do Rio de Janeiro em parceria com a\u00a0<strong>R\u00e1dio MEC<\/strong>, o programete est\u00e1 no ar desde 2008. No ano passado,\u00a0<strong>recebeu o Pr\u00eamio do P\u00fablico do Festival ComKids<\/strong>\u00a0como melhor podcast infantojuvenil.<\/p>\n<p><strong>A partir do dia 10 de mar\u00e7o, de segunda a sexta, os pequenos ouvintes conferem os novos quadros semanais<\/strong>\u00a0da\u00a0<em>R\u00e1dio Animada<\/em>, apresentados em janelas de 10 minutos:\u00a0<em>Maritaca<\/em>, na segunda-feira;\u00a0<em>Brasil, Can\u00e7\u00f5es e Regi\u00f5es<\/em>, na ter\u00e7a;\u00a0<em>Casa Bem-assombrada<\/em>, na quarta;\u00a0<em>Quadros de literatura e divulga\u00e7\u00e3o cient\u00edfica<\/em>, na quinta; e dicas culturais, na sexta.<\/p>\n<p>J\u00e1\u00a0<strong>no dia 16, a\u00a0<em>R\u00e1dio Animada<\/em>\u00a0estreia sua nova temporada<\/strong>, com a exibi\u00e7\u00e3o dos novos programas na \u00edntegra aos domingos, e reprises aos s\u00e1bados.\u00a0<strong>Entre os destaques est\u00e3o\u00a0<em>Maritaca<\/em>\u00a0e\u00a0<em>Brasil, Can\u00e7\u00f5es e Regi\u00f5es<\/em><\/strong>, que participaram do Pr\u00eamio R\u00e1dio MEC 2024. Comp\u00f5em tamb\u00e9m a faixa o\u00a0<em>Casa Bem-assombrada<\/em>, o\u00a0<em>Perguntar e Pensar<\/em>\u00a0e quadros de divulga\u00e7\u00e3o cient\u00edfica, literatura e dicas culturais.<\/p>\n<p>Vencedor do Pr\u00eamio R\u00e1dio MEC 2024 como melhor programa para a inf\u00e2ncia, o\u00a0<em>Maritaca<\/em>\u00a0traz conta\u00e7\u00e3o de hist\u00f3rias, dicas de livros e m\u00fasica em epis\u00f3dios de 25 minutos. Neste ano, a\u00a0<strong>MEC AM<\/strong>\u00a0veicular\u00e1 20 edi\u00e7\u00f5es do programa, que tamb\u00e9m recebeu relevantes reconhecimentos da cr\u00edtica especializada, como o\u00a0<strong>Pr\u00eamio APCA de melhor produ\u00e7\u00e3o em entretenimento em r\u00e1dio em 2016<\/strong>.<\/p>\n<p>O\u00a0<strong><em>Brasil, Can\u00e7\u00f5es e Regi\u00f5es<\/em>\u00a0\u00e9 uma s\u00e9rie de programas de aproximadamente 50 minutos<\/strong>, de conte\u00fado cultural bil\u00edngue portugu\u00eas\/espanhol da\u00a0<em>R\u00e1dio Buti\u00e1 Brasil<\/em>, r\u00e1dio web integrante do Movimento da Can\u00e7\u00e3o Infantil Latino Americana e Caribenha. Os epis\u00f3dios apresentam artistas de dez capitais brasileiras por meio de can\u00e7\u00f5es, hist\u00f3rias, receitas e informa\u00e7\u00f5es acerca da sua geografia e aspectos socioculturais.<\/p>\n<p>A produ\u00e7\u00e3o radiof\u00f4nica foi\u00a0<strong>vencedora do concurso Iberm\u00fasicas 2023<\/strong>\u00a0na linha de Ajudas ao Sector Musical em Modalidade Virtual.<\/p>\n<p>Criado e produzido por Tim Rescala, o\u00a0<strong>quadro\u00a0<em>Casa Bem-assombrada<\/em>\u00a0fez parte da primeira temporada, em 2011<\/strong>, do programa\u00a0<em>Blim-Blem-Blom<\/em>, da\u00a0<strong>R\u00e1dio MEC<\/strong>. A pequena radionovela, com epis\u00f3dios de cerca de 5 minutos, apresenta uma aventura vivida por tr\u00eas crian\u00e7as que, atra\u00eddas por um canto misterioso, encontram uma casa que parece abandonada.<\/p>\n<p>Em abril, a\u00a0<strong>R\u00e1dio MEC FM<\/strong>\u00a0estreia a nova temporada do\u00a0<em>Blim-Blem-Blom<\/em>. Sucesso de p\u00fablico e cr\u00edtica, o\u00a0<strong>programa divulga a m\u00fasica de concerto, seus compositores e int\u00e9rpretes com abordagem voltada ao p\u00fablico infantojuvenil<\/strong>.<\/p>\n<h2>Sobre a R\u00e1dio MEC<\/h2>\n<p>Conhecida de norte a sul do pa\u00eds como A R\u00e1dio de M\u00fasica Cl\u00e1ssica do Brasil, a\u00a0<strong>R\u00e1dio MEC<\/strong>\u00a0\u00e9 consagrada pelo p\u00fablico\u00a0<strong>por sua voca\u00e7\u00e3o direcionada \u00e0 m\u00fasica erudita<\/strong>. A tradicional esta\u00e7\u00e3o dedica 80% de sua programa\u00e7\u00e3o \u00e0 m\u00fasica cl\u00e1ssica e leva ao ar compositores brasileiros e internacionais de todos os tempos.<\/p>\n<p>A\u00a0<strong>R\u00e1dio MEC<\/strong>\u00a0oferece aos ouvintes a\u00a0<strong>experi\u00eancia de acompanhar repert\u00f3rios segmentados, composi\u00e7\u00f5es originais e produ\u00e7\u00f5es qualificadas<\/strong>. Ainda h\u00e1 espa\u00e7o tamb\u00e9m para faixas de jazz e m\u00fasica popular brasileira, combina\u00e7\u00e3o que garante a conquista de novos p\u00fablicos e agrada a audi\u00eancia cativa.<\/p>\n<p>A emissora pode ser sintonizada pela frequ\u00eancia FM 99,3 MHz e AM 800 kHz no Rio de Janeiro. O dial da\u00a0<strong>R\u00e1dio MEC<\/strong>, em Bras\u00edlia, est\u00e1 em FM 87,1 MHz e AM 800 kHz. O p\u00fablico tamb\u00e9m acompanha a programa\u00e7\u00e3o em Belo Horizonte na frequ\u00eancia FM 87,1 MHz. O conte\u00fado ainda \u00e9 veiculado no\u00a0<strong>app R\u00e1dios EBC<\/strong>.<\/p>\n<p>Os ouvintes t\u00eam participa\u00e7\u00e3o garantida e podem colaborar com sugest\u00f5es para a programa\u00e7\u00e3o da\u00a0<strong>R\u00e1dio MEC<\/strong>. O p\u00fablico pode interagir pelas redes sociais e pelo WhatsApp. Para isso, basta que os interessados enviem mensagens de texto para o n\u00famero (21) 99710-0537.<\/p>\n","protected":false},"excerpt":{"rendered":"<p>A partir deste m\u00eas de mar\u00e7o, a\u00a0R\u00e1dio MEC\u00a0estreia uma nova programa\u00e7\u00e3o infantojuvenil com atra\u00e7\u00f5es in\u00e9ditas na\u00a0R\u00e1dio Animada. A faixa da\u00a0MEC AM\u00a0apresenta conte\u00fados de qualidade para a garotada aos domingos, das 8h \u00e0s 10h, reprisando aos s\u00e1bados, no mesmo hor\u00e1rio, com janelas de 10 minutos de segunda-feira a sexta-feira, \u00e0s 8h20. As novidades come\u00e7am neste domingo &hellip;<\/p>\n","protected":false},"author":1,"featured_media":4816,"comment_status":"closed","ping_status":"closed","sticky":false,"template":"","format":"standard","meta":{"footnotes":""},"categories":[30],"tags":[],"class_list":["post-4821","post","type-post","status-publish","format-standard","has-post-thumbnail","hentry","category-geral"],"yoast_head":"<!-- This site is optimized with the Yoast SEO plugin v27.4 - https:\/\/yoast.com\/product\/yoast-seo-wordpress\/ -->\n<title>R\u00e1dio MEC estreia nova programa\u00e7\u00e3o na faixa infantojuvenil - Transam\u00e9rica Mococa 93,3<\/title>\n<meta name=\"robots\" content=\"index, follow, max-snippet:-1, max-image-preview:large, max-video-preview:-1\" \/>\n<link rel=\"canonical\" href=\"https:\/\/transamerica93.com.br\/home\/radio-mec-estreia-nova-programacao-na-faixa-infantojuvenil\/\" \/>\n<meta property=\"og:locale\" content=\"pt_BR\" \/>\n<meta property=\"og:type\" content=\"article\" \/>\n<meta property=\"og:title\" content=\"R\u00e1dio MEC estreia nova programa\u00e7\u00e3o na faixa infantojuvenil - Transam\u00e9rica Mococa 93,3\" \/>\n<meta property=\"og:description\" content=\"A partir deste m\u00eas de mar\u00e7o, a\u00a0R\u00e1dio MEC\u00a0estreia uma nova programa\u00e7\u00e3o infantojuvenil com atra\u00e7\u00f5es in\u00e9ditas na\u00a0R\u00e1dio Animada. A faixa da\u00a0MEC AM\u00a0apresenta conte\u00fados de qualidade para a garotada aos domingos, das 8h \u00e0s 10h, reprisando aos s\u00e1bados, no mesmo hor\u00e1rio, com janelas de 10 minutos de segunda-feira a sexta-feira, \u00e0s 8h20. As novidades come\u00e7am neste domingo &hellip;\" \/>\n<meta property=\"og:url\" content=\"https:\/\/transamerica93.com.br\/home\/radio-mec-estreia-nova-programacao-na-faixa-infantojuvenil\/\" \/>\n<meta property=\"og:site_name\" content=\"Transam\u00e9rica Mococa 93,3\" \/>\n<meta property=\"article:publisher\" content=\"https:\/\/www.facebook.com\/transamericamococa\" \/>\n<meta property=\"article:published_time\" content=\"2025-03-07T12:00:58+00:00\" \/>\n<meta property=\"og:image\" content=\"https:\/\/transamerica93.com.br\/home\/wp-content\/uploads\/2025\/03\/7.jpg\" \/>\n\t<meta property=\"og:image:width\" content=\"1170\" \/>\n\t<meta property=\"og:image:height\" content=\"700\" \/>\n\t<meta property=\"og:image:type\" content=\"image\/jpeg\" \/>\n<meta name=\"author\" content=\"Reda\u00e7\u00e3o\" \/>\n<meta name=\"twitter:card\" content=\"summary_large_image\" \/>\n<meta name=\"twitter:creator\" content=\"@transamerica933\" \/>\n<meta name=\"twitter:site\" content=\"@transamerica933\" \/>\n<meta name=\"twitter:label1\" content=\"Escrito por\" \/>\n\t<meta name=\"twitter:data1\" content=\"Reda\u00e7\u00e3o\" \/>\n\t<meta name=\"twitter:label2\" content=\"Est. tempo de leitura\" \/>\n\t<meta name=\"twitter:data2\" content=\"1 minuto\" \/>\n<script type=\"application\/ld+json\" class=\"yoast-schema-graph\">{\"@context\":\"https:\\\/\\\/schema.org\",\"@graph\":[{\"@type\":\"Article\",\"@id\":\"https:\\\/\\\/transamerica93.com.br\\\/home\\\/radio-mec-estreia-nova-programacao-na-faixa-infantojuvenil\\\/#article\",\"isPartOf\":{\"@id\":\"https:\\\/\\\/transamerica93.com.br\\\/home\\\/radio-mec-estreia-nova-programacao-na-faixa-infantojuvenil\\\/\"},\"author\":{\"name\":\"Reda\u00e7\u00e3o\",\"@id\":\"https:\\\/\\\/transamerica93.com.br\\\/home\\\/#\\\/schema\\\/person\\\/7fed7c99c0d4562efa8561bc0f543172\"},\"headline\":\"R\u00e1dio MEC estreia nova programa\u00e7\u00e3o na faixa infantojuvenil\",\"datePublished\":\"2025-03-07T12:00:58+00:00\",\"mainEntityOfPage\":{\"@id\":\"https:\\\/\\\/transamerica93.com.br\\\/home\\\/radio-mec-estreia-nova-programacao-na-faixa-infantojuvenil\\\/\"},\"wordCount\":747,\"publisher\":{\"@id\":\"https:\\\/\\\/transamerica93.com.br\\\/home\\\/#organization\"},\"image\":{\"@id\":\"https:\\\/\\\/transamerica93.com.br\\\/home\\\/radio-mec-estreia-nova-programacao-na-faixa-infantojuvenil\\\/#primaryimage\"},\"thumbnailUrl\":\"https:\\\/\\\/transamerica93.com.br\\\/home\\\/wp-content\\\/uploads\\\/2025\\\/03\\\/7.jpg\",\"articleSection\":[\"Geral\"],\"inLanguage\":\"pt-BR\"},{\"@type\":\"WebPage\",\"@id\":\"https:\\\/\\\/transamerica93.com.br\\\/home\\\/radio-mec-estreia-nova-programacao-na-faixa-infantojuvenil\\\/\",\"url\":\"https:\\\/\\\/transamerica93.com.br\\\/home\\\/radio-mec-estreia-nova-programacao-na-faixa-infantojuvenil\\\/\",\"name\":\"R\u00e1dio MEC estreia nova programa\u00e7\u00e3o na faixa infantojuvenil - Transam\u00e9rica Mococa 93,3\",\"isPartOf\":{\"@id\":\"https:\\\/\\\/transamerica93.com.br\\\/home\\\/#website\"},\"primaryImageOfPage\":{\"@id\":\"https:\\\/\\\/transamerica93.com.br\\\/home\\\/radio-mec-estreia-nova-programacao-na-faixa-infantojuvenil\\\/#primaryimage\"},\"image\":{\"@id\":\"https:\\\/\\\/transamerica93.com.br\\\/home\\\/radio-mec-estreia-nova-programacao-na-faixa-infantojuvenil\\\/#primaryimage\"},\"thumbnailUrl\":\"https:\\\/\\\/transamerica93.com.br\\\/home\\\/wp-content\\\/uploads\\\/2025\\\/03\\\/7.jpg\",\"datePublished\":\"2025-03-07T12:00:58+00:00\",\"breadcrumb\":{\"@id\":\"https:\\\/\\\/transamerica93.com.br\\\/home\\\/radio-mec-estreia-nova-programacao-na-faixa-infantojuvenil\\\/#breadcrumb\"},\"inLanguage\":\"pt-BR\",\"potentialAction\":[{\"@type\":\"ReadAction\",\"target\":[\"https:\\\/\\\/transamerica93.com.br\\\/home\\\/radio-mec-estreia-nova-programacao-na-faixa-infantojuvenil\\\/\"]}]},{\"@type\":\"ImageObject\",\"inLanguage\":\"pt-BR\",\"@id\":\"https:\\\/\\\/transamerica93.com.br\\\/home\\\/radio-mec-estreia-nova-programacao-na-faixa-infantojuvenil\\\/#primaryimage\",\"url\":\"https:\\\/\\\/transamerica93.com.br\\\/home\\\/wp-content\\\/uploads\\\/2025\\\/03\\\/7.jpg\",\"contentUrl\":\"https:\\\/\\\/transamerica93.com.br\\\/home\\\/wp-content\\\/uploads\\\/2025\\\/03\\\/7.jpg\",\"width\":1170,\"height\":700,\"caption\":\"\u00a9 R\u00e1dio MEC\\\/Divulga\u00e7\u00e3o\"},{\"@type\":\"BreadcrumbList\",\"@id\":\"https:\\\/\\\/transamerica93.com.br\\\/home\\\/radio-mec-estreia-nova-programacao-na-faixa-infantojuvenil\\\/#breadcrumb\",\"itemListElement\":[{\"@type\":\"ListItem\",\"position\":1,\"name\":\"In\u00edcio\",\"item\":\"https:\\\/\\\/transamerica93.com.br\\\/home\\\/\"},{\"@type\":\"ListItem\",\"position\":2,\"name\":\"R\u00e1dio MEC estreia nova programa\u00e7\u00e3o na faixa infantojuvenil\"}]},{\"@type\":\"WebSite\",\"@id\":\"https:\\\/\\\/transamerica93.com.br\\\/home\\\/#website\",\"url\":\"https:\\\/\\\/transamerica93.com.br\\\/home\\\/\",\"name\":\"Transam\u00e9rica Mococa 93,3\",\"description\":\"\",\"publisher\":{\"@id\":\"https:\\\/\\\/transamerica93.com.br\\\/home\\\/#organization\"},\"potentialAction\":[{\"@type\":\"SearchAction\",\"target\":{\"@type\":\"EntryPoint\",\"urlTemplate\":\"https:\\\/\\\/transamerica93.com.br\\\/home\\\/?s={search_term_string}\"},\"query-input\":{\"@type\":\"PropertyValueSpecification\",\"valueRequired\":true,\"valueName\":\"search_term_string\"}}],\"inLanguage\":\"pt-BR\"},{\"@type\":\"Organization\",\"@id\":\"https:\\\/\\\/transamerica93.com.br\\\/home\\\/#organization\",\"name\":\"Transam\u00e9rica Mococa 93,3\",\"url\":\"https:\\\/\\\/transamerica93.com.br\\\/home\\\/\",\"logo\":{\"@type\":\"ImageObject\",\"inLanguage\":\"pt-BR\",\"@id\":\"https:\\\/\\\/transamerica93.com.br\\\/home\\\/#\\\/schema\\\/logo\\\/image\\\/\",\"url\":\"https:\\\/\\\/transamerica93.com.br\\\/home\\\/wp-content\\\/uploads\\\/2023\\\/10\\\/logo2.png\",\"contentUrl\":\"https:\\\/\\\/transamerica93.com.br\\\/home\\\/wp-content\\\/uploads\\\/2023\\\/10\\\/logo2.png\",\"width\":800,\"height\":500,\"caption\":\"Transam\u00e9rica Mococa 93,3\"},\"image\":{\"@id\":\"https:\\\/\\\/transamerica93.com.br\\\/home\\\/#\\\/schema\\\/logo\\\/image\\\/\"},\"sameAs\":[\"https:\\\/\\\/www.facebook.com\\\/transamericamococa\",\"https:\\\/\\\/x.com\\\/transamerica933\",\"https:\\\/\\\/www.instagram.com\\\/transamericamococa\"]},{\"@type\":\"Person\",\"@id\":\"https:\\\/\\\/transamerica93.com.br\\\/home\\\/#\\\/schema\\\/person\\\/7fed7c99c0d4562efa8561bc0f543172\",\"name\":\"Reda\u00e7\u00e3o\",\"image\":{\"@type\":\"ImageObject\",\"inLanguage\":\"pt-BR\",\"@id\":\"https:\\\/\\\/secure.gravatar.com\\\/avatar\\\/1072c6b775fb02ef8506ce967551d95926669a6b7d2c2147b42eea4d7c68395e?s=96&d=mm&r=g\",\"url\":\"https:\\\/\\\/secure.gravatar.com\\\/avatar\\\/1072c6b775fb02ef8506ce967551d95926669a6b7d2c2147b42eea4d7c68395e?s=96&d=mm&r=g\",\"contentUrl\":\"https:\\\/\\\/secure.gravatar.com\\\/avatar\\\/1072c6b775fb02ef8506ce967551d95926669a6b7d2c2147b42eea4d7c68395e?s=96&d=mm&r=g\",\"caption\":\"Reda\u00e7\u00e3o\"},\"sameAs\":[\"https:\\\/\\\/transamerica93.com.br\\\/home\"],\"url\":\"https:\\\/\\\/transamerica93.com.br\\\/home\\\/author\\\/william\\\/\"}]}<\/script>\n<!-- \/ Yoast SEO plugin. -->","yoast_head_json":{"title":"R\u00e1dio MEC estreia nova programa\u00e7\u00e3o na faixa infantojuvenil - Transam\u00e9rica Mococa 93,3","robots":{"index":"index","follow":"follow","max-snippet":"max-snippet:-1","max-image-preview":"max-image-preview:large","max-video-preview":"max-video-preview:-1"},"canonical":"https:\/\/transamerica93.com.br\/home\/radio-mec-estreia-nova-programacao-na-faixa-infantojuvenil\/","og_locale":"pt_BR","og_type":"article","og_title":"R\u00e1dio MEC estreia nova programa\u00e7\u00e3o na faixa infantojuvenil - Transam\u00e9rica Mococa 93,3","og_description":"A partir deste m\u00eas de mar\u00e7o, a\u00a0R\u00e1dio MEC\u00a0estreia uma nova programa\u00e7\u00e3o infantojuvenil com atra\u00e7\u00f5es in\u00e9ditas na\u00a0R\u00e1dio Animada. A faixa da\u00a0MEC AM\u00a0apresenta conte\u00fados de qualidade para a garotada aos domingos, das 8h \u00e0s 10h, reprisando aos s\u00e1bados, no mesmo hor\u00e1rio, com janelas de 10 minutos de segunda-feira a sexta-feira, \u00e0s 8h20. As novidades come\u00e7am neste domingo &hellip;","og_url":"https:\/\/transamerica93.com.br\/home\/radio-mec-estreia-nova-programacao-na-faixa-infantojuvenil\/","og_site_name":"Transam\u00e9rica Mococa 93,3","article_publisher":"https:\/\/www.facebook.com\/transamericamococa","article_published_time":"2025-03-07T12:00:58+00:00","og_image":[{"width":1170,"height":700,"url":"https:\/\/transamerica93.com.br\/home\/wp-content\/uploads\/2025\/03\/7.jpg","type":"image\/jpeg"}],"author":"Reda\u00e7\u00e3o","twitter_card":"summary_large_image","twitter_creator":"@transamerica933","twitter_site":"@transamerica933","twitter_misc":{"Escrito por":"Reda\u00e7\u00e3o","Est. tempo de leitura":"1 minuto"},"schema":{"@context":"https:\/\/schema.org","@graph":[{"@type":"Article","@id":"https:\/\/transamerica93.com.br\/home\/radio-mec-estreia-nova-programacao-na-faixa-infantojuvenil\/#article","isPartOf":{"@id":"https:\/\/transamerica93.com.br\/home\/radio-mec-estreia-nova-programacao-na-faixa-infantojuvenil\/"},"author":{"name":"Reda\u00e7\u00e3o","@id":"https:\/\/transamerica93.com.br\/home\/#\/schema\/person\/7fed7c99c0d4562efa8561bc0f543172"},"headline":"R\u00e1dio MEC estreia nova programa\u00e7\u00e3o na faixa infantojuvenil","datePublished":"2025-03-07T12:00:58+00:00","mainEntityOfPage":{"@id":"https:\/\/transamerica93.com.br\/home\/radio-mec-estreia-nova-programacao-na-faixa-infantojuvenil\/"},"wordCount":747,"publisher":{"@id":"https:\/\/transamerica93.com.br\/home\/#organization"},"image":{"@id":"https:\/\/transamerica93.com.br\/home\/radio-mec-estreia-nova-programacao-na-faixa-infantojuvenil\/#primaryimage"},"thumbnailUrl":"https:\/\/transamerica93.com.br\/home\/wp-content\/uploads\/2025\/03\/7.jpg","articleSection":["Geral"],"inLanguage":"pt-BR"},{"@type":"WebPage","@id":"https:\/\/transamerica93.com.br\/home\/radio-mec-estreia-nova-programacao-na-faixa-infantojuvenil\/","url":"https:\/\/transamerica93.com.br\/home\/radio-mec-estreia-nova-programacao-na-faixa-infantojuvenil\/","name":"R\u00e1dio MEC estreia nova programa\u00e7\u00e3o na faixa infantojuvenil - Transam\u00e9rica Mococa 93,3","isPartOf":{"@id":"https:\/\/transamerica93.com.br\/home\/#website"},"primaryImageOfPage":{"@id":"https:\/\/transamerica93.com.br\/home\/radio-mec-estreia-nova-programacao-na-faixa-infantojuvenil\/#primaryimage"},"image":{"@id":"https:\/\/transamerica93.com.br\/home\/radio-mec-estreia-nova-programacao-na-faixa-infantojuvenil\/#primaryimage"},"thumbnailUrl":"https:\/\/transamerica93.com.br\/home\/wp-content\/uploads\/2025\/03\/7.jpg","datePublished":"2025-03-07T12:00:58+00:00","breadcrumb":{"@id":"https:\/\/transamerica93.com.br\/home\/radio-mec-estreia-nova-programacao-na-faixa-infantojuvenil\/#breadcrumb"},"inLanguage":"pt-BR","potentialAction":[{"@type":"ReadAction","target":["https:\/\/transamerica93.com.br\/home\/radio-mec-estreia-nova-programacao-na-faixa-infantojuvenil\/"]}]},{"@type":"ImageObject","inLanguage":"pt-BR","@id":"https:\/\/transamerica93.com.br\/home\/radio-mec-estreia-nova-programacao-na-faixa-infantojuvenil\/#primaryimage","url":"https:\/\/transamerica93.com.br\/home\/wp-content\/uploads\/2025\/03\/7.jpg","contentUrl":"https:\/\/transamerica93.com.br\/home\/wp-content\/uploads\/2025\/03\/7.jpg","width":1170,"height":700,"caption":"\u00a9 R\u00e1dio MEC\/Divulga\u00e7\u00e3o"},{"@type":"BreadcrumbList","@id":"https:\/\/transamerica93.com.br\/home\/radio-mec-estreia-nova-programacao-na-faixa-infantojuvenil\/#breadcrumb","itemListElement":[{"@type":"ListItem","position":1,"name":"In\u00edcio","item":"https:\/\/transamerica93.com.br\/home\/"},{"@type":"ListItem","position":2,"name":"R\u00e1dio MEC estreia nova programa\u00e7\u00e3o na faixa infantojuvenil"}]},{"@type":"WebSite","@id":"https:\/\/transamerica93.com.br\/home\/#website","url":"https:\/\/transamerica93.com.br\/home\/","name":"Transam\u00e9rica Mococa 93,3","description":"","publisher":{"@id":"https:\/\/transamerica93.com.br\/home\/#organization"},"potentialAction":[{"@type":"SearchAction","target":{"@type":"EntryPoint","urlTemplate":"https:\/\/transamerica93.com.br\/home\/?s={search_term_string}"},"query-input":{"@type":"PropertyValueSpecification","valueRequired":true,"valueName":"search_term_string"}}],"inLanguage":"pt-BR"},{"@type":"Organization","@id":"https:\/\/transamerica93.com.br\/home\/#organization","name":"Transam\u00e9rica Mococa 93,3","url":"https:\/\/transamerica93.com.br\/home\/","logo":{"@type":"ImageObject","inLanguage":"pt-BR","@id":"https:\/\/transamerica93.com.br\/home\/#\/schema\/logo\/image\/","url":"https:\/\/transamerica93.com.br\/home\/wp-content\/uploads\/2023\/10\/logo2.png","contentUrl":"https:\/\/transamerica93.com.br\/home\/wp-content\/uploads\/2023\/10\/logo2.png","width":800,"height":500,"caption":"Transam\u00e9rica Mococa 93,3"},"image":{"@id":"https:\/\/transamerica93.com.br\/home\/#\/schema\/logo\/image\/"},"sameAs":["https:\/\/www.facebook.com\/transamericamococa","https:\/\/x.com\/transamerica933","https:\/\/www.instagram.com\/transamericamococa"]},{"@type":"Person","@id":"https:\/\/transamerica93.com.br\/home\/#\/schema\/person\/7fed7c99c0d4562efa8561bc0f543172","name":"Reda\u00e7\u00e3o","image":{"@type":"ImageObject","inLanguage":"pt-BR","@id":"https:\/\/secure.gravatar.com\/avatar\/1072c6b775fb02ef8506ce967551d95926669a6b7d2c2147b42eea4d7c68395e?s=96&d=mm&r=g","url":"https:\/\/secure.gravatar.com\/avatar\/1072c6b775fb02ef8506ce967551d95926669a6b7d2c2147b42eea4d7c68395e?s=96&d=mm&r=g","contentUrl":"https:\/\/secure.gravatar.com\/avatar\/1072c6b775fb02ef8506ce967551d95926669a6b7d2c2147b42eea4d7c68395e?s=96&d=mm&r=g","caption":"Reda\u00e7\u00e3o"},"sameAs":["https:\/\/transamerica93.com.br\/home"],"url":"https:\/\/transamerica93.com.br\/home\/author\/william\/"}]}},"_links":{"self":[{"href":"https:\/\/transamerica93.com.br\/home\/wp-json\/wp\/v2\/posts\/4821","targetHints":{"allow":["GET"]}}],"collection":[{"href":"https:\/\/transamerica93.com.br\/home\/wp-json\/wp\/v2\/posts"}],"about":[{"href":"https:\/\/transamerica93.com.br\/home\/wp-json\/wp\/v2\/types\/post"}],"author":[{"embeddable":true,"href":"https:\/\/transamerica93.com.br\/home\/wp-json\/wp\/v2\/users\/1"}],"replies":[{"embeddable":true,"href":"https:\/\/transamerica93.com.br\/home\/wp-json\/wp\/v2\/comments?post=4821"}],"version-history":[{"count":1,"href":"https:\/\/transamerica93.com.br\/home\/wp-json\/wp\/v2\/posts\/4821\/revisions"}],"predecessor-version":[{"id":4822,"href":"https:\/\/transamerica93.com.br\/home\/wp-json\/wp\/v2\/posts\/4821\/revisions\/4822"}],"wp:featuredmedia":[{"embeddable":true,"href":"https:\/\/transamerica93.com.br\/home\/wp-json\/wp\/v2\/media\/4816"}],"wp:attachment":[{"href":"https:\/\/transamerica93.com.br\/home\/wp-json\/wp\/v2\/media?parent=4821"}],"wp:term":[{"taxonomy":"category","embeddable":true,"href":"https:\/\/transamerica93.com.br\/home\/wp-json\/wp\/v2\/categories?post=4821"},{"taxonomy":"post_tag","embeddable":true,"href":"https:\/\/transamerica93.com.br\/home\/wp-json\/wp\/v2\/tags?post=4821"}],"curies":[{"name":"wp","href":"https:\/\/api.w.org\/{rel}","templated":true}]}}