{"id":4825,"date":"2025-03-11T09:00:00","date_gmt":"2025-03-11T12:00:00","guid":{"rendered":"https:\/\/transamerica93.com.br\/home\/?p=4825"},"modified":"2025-03-05T05:58:51","modified_gmt":"2025-03-05T08:58:51","slug":"autoridades-comemoram-oscar-e-elogiam-atuacao-de-fernanda-torres","status":"publish","type":"post","link":"https:\/\/transamerica93.com.br\/home\/autoridades-comemoram-oscar-e-elogiam-atuacao-de-fernanda-torres\/","title":{"rendered":"Autoridades comemoram Oscar e elogiam atua\u00e7\u00e3o de Fernanda Torres"},"content":{"rendered":"<p>Autoridades p\u00fablicas comemoraram, via redes sociais, a premia\u00e7\u00e3o de\u00a0<em>Ainda Estou Aqui<\/em>\u00a0no Oscar, como melhor filme internacional. Mesmo sem ter ganhado a estatueta, a atriz Fernanda Torres tamb\u00e9m recebeu elogios por ter ficado entre as finalistas na categoria de melhor atriz.<img decoding=\"async\" data-src=\"https:\/\/agenciabrasil.ebc.com.br\/ebc.png?id=1632858&amp;o=node\" src=\"data:image\/svg+xml;base64,PHN2ZyB3aWR0aD0iMSIgaGVpZ2h0PSIxIiB4bWxucz0iaHR0cDovL3d3dy53My5vcmcvMjAwMC9zdmciPjwvc3ZnPg==\" class=\"lazyload\" \/><img decoding=\"async\" data-src=\"https:\/\/agenciabrasil.ebc.com.br\/ebc.gif?id=1632858&amp;o=node\" src=\"data:image\/svg+xml;base64,PHN2ZyB3aWR0aD0iMSIgaGVpZ2h0PSIxIiB4bWxucz0iaHR0cDovL3d3dy53My5vcmcvMjAwMC9zdmciPjwvc3ZnPg==\" class=\"lazyload\" \/><\/p>\n<p><a href=\"https:\/\/x.com\/LulaOficial\/status\/1896394845968560186\" target=\"_blank\" rel=\"noopener\">\u201cHoje \u00e9 o dia de sentir ainda mais orgulho de ser brasileiro. Orgulho do nosso cinema, dos nossos artistas e, principalmente, orgulho da nossa democracia. Eu e Janja estamos muito felizes assistindo tudo ao vivo\u201d, postou o presidente<\/a>.<\/p>\n<p>Na sequ\u00eancia, Lula disse que o Oscar de Melhor Filme Internacional reconhece o trabalho do diretor Walter Salles e de sua equipe. Ele citou Fernanda Torres e Fernanda Montenegro; Selton Mello; Marcelo Rubens Paiva e demais \u201cenvolvidos nessa extraordin\u00e1ria obra que mostrou ao Brasil e ao mundo a import\u00e2ncia da luta contra o autoritarismo\u201d.<\/p>\n<p><a href=\"https:\/\/x.com\/LulaOficial\/status\/1896412853374214388\" target=\"_blank\" rel=\"noopener\">Dirigindo-se a Fernanda Torres, em outro post<\/a>, Lula disse que a artista, finalista na categoria Melhor Atriz, \u201chonrou o Brasil com sua brilhante atua\u00e7\u00e3o\u201d, al\u00e9m de ter encantado o mundo, ao fazer o papel da \u201cgrande Eunice Paiva\u201d.<\/p>\n<blockquote><p>\u201cReceba um abra\u00e7o e um beijo carinhoso meu e da Janja\u201d, complementou.<\/p><\/blockquote>\n<p><a href=\"http:\/\/https\/\/x.com\/luizaerundina\/status\/1896405786718548270\" target=\"_blank\" rel=\"noopener\">A deputada Luiza Erundina (PSol-SP) tamb\u00e9m usou as redes sociais<\/a>\u00a0para elogiar Fernanda Torres. \u201cO Oscar de melhor atriz n\u00e3o veio, mas voc\u00ea \u00e9 nossa Fernanda Torres! A vida presta\u201d.<\/p>\n<p><a href=\"https:\/\/x.com\/dilmabr\" target=\"_blank\" rel=\"noopener\">A ex-presidente do Brasil e atual comandante do banco do Brics, Dilma Rousseff<\/a>, publicou uma s\u00e9rie de posts comemorando o feito do filme brasileiro.<\/p>\n<blockquote><p>\u201cO Oscar de Melhor Filme Internacional para\u00a0<em>Ainda Estou Aqui<\/em>\u00a0\u00e9 um reconhecimento da for\u00e7a da cultura brasileira. Uma homenagem merecida ao nosso cinema, ao diretor Walter Salles, \u00e0s atrizes Fernanda Torres e Fernanda Montenegro, ao ator Selton Mello e a toda a equipe do filme\u201d, postou.<\/p><\/blockquote>\n<p>Na sequ\u00eancia, Dilma disse que a emo\u00e7\u00e3o dos brasileiros \u00e9 ainda maior porque a premia\u00e7\u00e3o celebra \u201cuma obra que presta tributo \u00e0 civiliza\u00e7\u00e3o, \u00e0 humanidade e aos brasileiros que sofreram com a extin\u00e7\u00e3o das liberdades democr\u00e1ticas, lutando contra a ditadura militar\u201d.<\/p>\n<p>Segundo ela, a premia\u00e7\u00e3o representa \u201cuma vit\u00f3ria internacional hist\u00f3rica, que honra a todos os que se foram, assim como reverencia aqueles que ainda est\u00e3o aqui, defendendo a democracia e combatendo o fascismo&#8221;.<\/p>\n<blockquote><p>&#8220;Meus aplausos a todos que tornaram esse filme poss\u00edvel\u201d, completou ao se dizer orgulhosa por a hist\u00f3ria contada no filme ter sido contada gra\u00e7as ao trabalho da Comiss\u00e3o Nacional da Verdade, criada durante seu governo para investigar os crimes da ditadura.<\/p><\/blockquote>\n<p><a href=\"https:\/\/x.com\/geraldoalckmin\/status\/1896405773791437283\" target=\"_blank\" rel=\"noopener\">Tamb\u00e9m via redes sociais, o vice-presidente Geraldo Alckmin<\/a>\u00a0disse que a premia\u00e7\u00e3o \u201c\u00e9 de todo o m\u00e9rito de Walter Salles, Fernanda Torres, Selton Mello, Fernanda Montenegro e equipe\u201d.<\/p>\n<p>Segundo ele, a premia\u00e7\u00e3o \u00e9 um \u201corgulho para todos os brasileiros e brasileiras que, em meio ao carnaval, pararam para assistir nosso pa\u00eds ser reconhecido mundialmente pela sua arte e pela defesa dos valores democr\u00e1ticos, t\u00e3o bem representados pela fam\u00edlia Paiva\u201d<\/p>\n<p><a href=\"https:\/\/x.com\/davialcolumbre\/status\/1896410043983208474\" target=\"_blank\" rel=\"noopener\">O presidente do Senado, Davi Alcolumbre, parabenizou toda a equipe do filme<\/a>. \u201cO cinema brasileiro brilha na maior premia\u00e7\u00e3o do mundo, levando a nossa cultura e identidade para milh\u00f5es de espectadores\u201d, postou.<\/p>\n<p>Foi tamb\u00e9m em tom comemorativo o post publicado pelo presidente da C\u00e2mara dos Deputados, Hugo Motta. \u201c\u00c9 nosso! Parab\u00e9ns a todo o elenco de\u00a0<em>Ainda Estou Aqui<\/em>\u00a0por esse feito hist\u00f3rico\u201d.<\/p>\n<p><a href=\"https:\/\/x.com\/claudiocastroRJ\/status\/1896406700703502554\" target=\"_blank\" rel=\"noopener\">O governador do Rio de Janeiro, Cl\u00e1udio Castro, disse que n\u00e3o \u00e9 poss\u00edvel dimensionar o tamanho da conquista<\/a>\u00a0de\u00a0<em>Ainda Estou Aqui<\/em>. Segundo ele, a conquista tem ainda como simbologia representar n\u00e3o apenas o reconhecimento da excel\u00eancia do cinema nacional, mas tamb\u00e9m se torna um marco fundamental para a cultura brasileira.<\/p>\n<blockquote><p>\u201c\u00c9 do Brasil! Hoje vivemos um marco inesquec\u00edvel para a hist\u00f3ria do pa\u00eds e do cinema nacional. A conquista do Oscar de Melhor Filme Internacional por \u201c<em>Ainda Estou Aqui<\/em>&#8221; \u00e9 uma vit\u00f3ria para a nossa cultura, as nossas hist\u00f3rias e os nossos talentos que encantam o mundo\u201d, postou. \u201cQue essa conquista inspire gera\u00e7\u00f5es\u201d, acrescentou o governador da cidade em que a obra foi filmada.<\/p><\/blockquote>\n<p><a href=\"https:\/\/www.instagram.com\/reel\/DGuKeg1grRc\/?utm_source=ig_web_copy_link&amp;igsh=MzRlODBiNWFlZA%3D%3D\" target=\"_blank\" rel=\"noopener\">A ministra da Cultura, Margareth Menezes, divulgou um post<\/a>\u00a0em meio \u00e0s suas apresenta\u00e7\u00f5es musicais na Bahia. \u201cO clima do Carnaval invadiu o Oscar! Viva o cinema brasileiro! Essa \u00e9 a rea\u00e7\u00e3o do povo no Pelourinho, em Salvador, com o primeiro Oscar do Brasil.<\/p>\n<p><a href=\"https:\/\/x.com\/gilbertogil\/status\/1896428976954061220\" target=\"_blank\" rel=\"noopener\">A premia\u00e7\u00e3o foi comentada tamb\u00e9m pelo m\u00fasico e ex-ministro da Cultura Gilberto Gil<\/a>. \u201cPode ser, sim! Que sigamos cada vez mais enxergando nosso valor. Parab\u00e9ns, Nanda, Selton, Walter, Eunice, Marcelo e todos os envolvidos nesta obra e neste feito hist\u00f3rico\u201d.<\/p>\n","protected":false},"excerpt":{"rendered":"<p>Autoridades p\u00fablicas comemoraram, via redes sociais, a premia\u00e7\u00e3o de\u00a0Ainda Estou Aqui\u00a0no Oscar, como melhor filme internacional. Mesmo sem ter ganhado a estatueta, a atriz Fernanda Torres tamb\u00e9m recebeu elogios por ter ficado entre as finalistas na categoria de melhor atriz. \u201cHoje \u00e9 o dia de sentir ainda mais orgulho de ser brasileiro. Orgulho do nosso &hellip;<\/p>\n","protected":false},"author":1,"featured_media":4813,"comment_status":"closed","ping_status":"closed","sticky":false,"template":"","format":"standard","meta":{"footnotes":""},"categories":[30],"tags":[],"class_list":["post-4825","post","type-post","status-publish","format-standard","has-post-thumbnail","hentry","category-geral"],"yoast_head":"<!-- This site is optimized with the Yoast SEO plugin v27.4 - https:\/\/yoast.com\/product\/yoast-seo-wordpress\/ -->\n<title>Autoridades comemoram Oscar e elogiam atua\u00e7\u00e3o de Fernanda Torres - Transam\u00e9rica Mococa 93,3<\/title>\n<meta name=\"robots\" content=\"index, follow, max-snippet:-1, max-image-preview:large, max-video-preview:-1\" \/>\n<link rel=\"canonical\" href=\"https:\/\/transamerica93.com.br\/home\/autoridades-comemoram-oscar-e-elogiam-atuacao-de-fernanda-torres\/\" \/>\n<meta property=\"og:locale\" content=\"pt_BR\" \/>\n<meta property=\"og:type\" content=\"article\" \/>\n<meta property=\"og:title\" content=\"Autoridades comemoram Oscar e elogiam atua\u00e7\u00e3o de Fernanda Torres - Transam\u00e9rica Mococa 93,3\" \/>\n<meta property=\"og:description\" content=\"Autoridades p\u00fablicas comemoraram, via redes sociais, a premia\u00e7\u00e3o de\u00a0Ainda Estou Aqui\u00a0no Oscar, como melhor filme internacional. Mesmo sem ter ganhado a estatueta, a atriz Fernanda Torres tamb\u00e9m recebeu elogios por ter ficado entre as finalistas na categoria de melhor atriz. \u201cHoje \u00e9 o dia de sentir ainda mais orgulho de ser brasileiro. Orgulho do nosso &hellip;\" \/>\n<meta property=\"og:url\" content=\"https:\/\/transamerica93.com.br\/home\/autoridades-comemoram-oscar-e-elogiam-atuacao-de-fernanda-torres\/\" \/>\n<meta property=\"og:site_name\" content=\"Transam\u00e9rica Mococa 93,3\" \/>\n<meta property=\"article:publisher\" content=\"https:\/\/www.facebook.com\/transamericamococa\" \/>\n<meta property=\"article:published_time\" content=\"2025-03-11T12:00:00+00:00\" \/>\n<meta property=\"og:image\" content=\"https:\/\/transamerica93.com.br\/home\/wp-content\/uploads\/2025\/03\/4.jpg\" \/>\n\t<meta property=\"og:image:width\" content=\"1170\" \/>\n\t<meta property=\"og:image:height\" content=\"700\" \/>\n\t<meta property=\"og:image:type\" content=\"image\/jpeg\" \/>\n<meta name=\"author\" content=\"Reda\u00e7\u00e3o\" \/>\n<meta name=\"twitter:card\" content=\"summary_large_image\" \/>\n<meta name=\"twitter:creator\" content=\"@transamerica933\" \/>\n<meta name=\"twitter:site\" content=\"@transamerica933\" \/>\n<meta name=\"twitter:label1\" content=\"Escrito por\" \/>\n\t<meta name=\"twitter:data1\" content=\"Reda\u00e7\u00e3o\" \/>\n\t<meta name=\"twitter:label2\" content=\"Est. tempo de leitura\" \/>\n\t<meta name=\"twitter:data2\" content=\"1 minuto\" \/>\n<script type=\"application\/ld+json\" class=\"yoast-schema-graph\">{\"@context\":\"https:\\\/\\\/schema.org\",\"@graph\":[{\"@type\":\"Article\",\"@id\":\"https:\\\/\\\/transamerica93.com.br\\\/home\\\/autoridades-comemoram-oscar-e-elogiam-atuacao-de-fernanda-torres\\\/#article\",\"isPartOf\":{\"@id\":\"https:\\\/\\\/transamerica93.com.br\\\/home\\\/autoridades-comemoram-oscar-e-elogiam-atuacao-de-fernanda-torres\\\/\"},\"author\":{\"name\":\"Reda\u00e7\u00e3o\",\"@id\":\"https:\\\/\\\/transamerica93.com.br\\\/home\\\/#\\\/schema\\\/person\\\/7fed7c99c0d4562efa8561bc0f543172\"},\"headline\":\"Autoridades comemoram Oscar e elogiam atua\u00e7\u00e3o de Fernanda Torres\",\"datePublished\":\"2025-03-11T12:00:00+00:00\",\"mainEntityOfPage\":{\"@id\":\"https:\\\/\\\/transamerica93.com.br\\\/home\\\/autoridades-comemoram-oscar-e-elogiam-atuacao-de-fernanda-torres\\\/\"},\"wordCount\":787,\"publisher\":{\"@id\":\"https:\\\/\\\/transamerica93.com.br\\\/home\\\/#organization\"},\"image\":{\"@id\":\"https:\\\/\\\/transamerica93.com.br\\\/home\\\/autoridades-comemoram-oscar-e-elogiam-atuacao-de-fernanda-torres\\\/#primaryimage\"},\"thumbnailUrl\":\"https:\\\/\\\/transamerica93.com.br\\\/home\\\/wp-content\\\/uploads\\\/2025\\\/03\\\/4.jpg\",\"articleSection\":[\"Geral\"],\"inLanguage\":\"pt-BR\"},{\"@type\":\"WebPage\",\"@id\":\"https:\\\/\\\/transamerica93.com.br\\\/home\\\/autoridades-comemoram-oscar-e-elogiam-atuacao-de-fernanda-torres\\\/\",\"url\":\"https:\\\/\\\/transamerica93.com.br\\\/home\\\/autoridades-comemoram-oscar-e-elogiam-atuacao-de-fernanda-torres\\\/\",\"name\":\"Autoridades comemoram Oscar e elogiam atua\u00e7\u00e3o de Fernanda Torres - Transam\u00e9rica Mococa 93,3\",\"isPartOf\":{\"@id\":\"https:\\\/\\\/transamerica93.com.br\\\/home\\\/#website\"},\"primaryImageOfPage\":{\"@id\":\"https:\\\/\\\/transamerica93.com.br\\\/home\\\/autoridades-comemoram-oscar-e-elogiam-atuacao-de-fernanda-torres\\\/#primaryimage\"},\"image\":{\"@id\":\"https:\\\/\\\/transamerica93.com.br\\\/home\\\/autoridades-comemoram-oscar-e-elogiam-atuacao-de-fernanda-torres\\\/#primaryimage\"},\"thumbnailUrl\":\"https:\\\/\\\/transamerica93.com.br\\\/home\\\/wp-content\\\/uploads\\\/2025\\\/03\\\/4.jpg\",\"datePublished\":\"2025-03-11T12:00:00+00:00\",\"breadcrumb\":{\"@id\":\"https:\\\/\\\/transamerica93.com.br\\\/home\\\/autoridades-comemoram-oscar-e-elogiam-atuacao-de-fernanda-torres\\\/#breadcrumb\"},\"inLanguage\":\"pt-BR\",\"potentialAction\":[{\"@type\":\"ReadAction\",\"target\":[\"https:\\\/\\\/transamerica93.com.br\\\/home\\\/autoridades-comemoram-oscar-e-elogiam-atuacao-de-fernanda-torres\\\/\"]}]},{\"@type\":\"ImageObject\",\"inLanguage\":\"pt-BR\",\"@id\":\"https:\\\/\\\/transamerica93.com.br\\\/home\\\/autoridades-comemoram-oscar-e-elogiam-atuacao-de-fernanda-torres\\\/#primaryimage\",\"url\":\"https:\\\/\\\/transamerica93.com.br\\\/home\\\/wp-content\\\/uploads\\\/2025\\\/03\\\/4.jpg\",\"contentUrl\":\"https:\\\/\\\/transamerica93.com.br\\\/home\\\/wp-content\\\/uploads\\\/2025\\\/03\\\/4.jpg\",\"width\":1170,\"height\":700,\"caption\":\"\u00a9 Reuters\\\/Carlos Barria\\\/Proibida reprodu\u00e7\u00e3o\"},{\"@type\":\"BreadcrumbList\",\"@id\":\"https:\\\/\\\/transamerica93.com.br\\\/home\\\/autoridades-comemoram-oscar-e-elogiam-atuacao-de-fernanda-torres\\\/#breadcrumb\",\"itemListElement\":[{\"@type\":\"ListItem\",\"position\":1,\"name\":\"In\u00edcio\",\"item\":\"https:\\\/\\\/transamerica93.com.br\\\/home\\\/\"},{\"@type\":\"ListItem\",\"position\":2,\"name\":\"Autoridades comemoram Oscar e elogiam atua\u00e7\u00e3o de Fernanda Torres\"}]},{\"@type\":\"WebSite\",\"@id\":\"https:\\\/\\\/transamerica93.com.br\\\/home\\\/#website\",\"url\":\"https:\\\/\\\/transamerica93.com.br\\\/home\\\/\",\"name\":\"Transam\u00e9rica Mococa 93,3\",\"description\":\"\",\"publisher\":{\"@id\":\"https:\\\/\\\/transamerica93.com.br\\\/home\\\/#organization\"},\"potentialAction\":[{\"@type\":\"SearchAction\",\"target\":{\"@type\":\"EntryPoint\",\"urlTemplate\":\"https:\\\/\\\/transamerica93.com.br\\\/home\\\/?s={search_term_string}\"},\"query-input\":{\"@type\":\"PropertyValueSpecification\",\"valueRequired\":true,\"valueName\":\"search_term_string\"}}],\"inLanguage\":\"pt-BR\"},{\"@type\":\"Organization\",\"@id\":\"https:\\\/\\\/transamerica93.com.br\\\/home\\\/#organization\",\"name\":\"Transam\u00e9rica Mococa 93,3\",\"url\":\"https:\\\/\\\/transamerica93.com.br\\\/home\\\/\",\"logo\":{\"@type\":\"ImageObject\",\"inLanguage\":\"pt-BR\",\"@id\":\"https:\\\/\\\/transamerica93.com.br\\\/home\\\/#\\\/schema\\\/logo\\\/image\\\/\",\"url\":\"https:\\\/\\\/transamerica93.com.br\\\/home\\\/wp-content\\\/uploads\\\/2023\\\/10\\\/logo2.png\",\"contentUrl\":\"https:\\\/\\\/transamerica93.com.br\\\/home\\\/wp-content\\\/uploads\\\/2023\\\/10\\\/logo2.png\",\"width\":800,\"height\":500,\"caption\":\"Transam\u00e9rica Mococa 93,3\"},\"image\":{\"@id\":\"https:\\\/\\\/transamerica93.com.br\\\/home\\\/#\\\/schema\\\/logo\\\/image\\\/\"},\"sameAs\":[\"https:\\\/\\\/www.facebook.com\\\/transamericamococa\",\"https:\\\/\\\/x.com\\\/transamerica933\",\"https:\\\/\\\/www.instagram.com\\\/transamericamococa\"]},{\"@type\":\"Person\",\"@id\":\"https:\\\/\\\/transamerica93.com.br\\\/home\\\/#\\\/schema\\\/person\\\/7fed7c99c0d4562efa8561bc0f543172\",\"name\":\"Reda\u00e7\u00e3o\",\"image\":{\"@type\":\"ImageObject\",\"inLanguage\":\"pt-BR\",\"@id\":\"https:\\\/\\\/secure.gravatar.com\\\/avatar\\\/1072c6b775fb02ef8506ce967551d95926669a6b7d2c2147b42eea4d7c68395e?s=96&d=mm&r=g\",\"url\":\"https:\\\/\\\/secure.gravatar.com\\\/avatar\\\/1072c6b775fb02ef8506ce967551d95926669a6b7d2c2147b42eea4d7c68395e?s=96&d=mm&r=g\",\"contentUrl\":\"https:\\\/\\\/secure.gravatar.com\\\/avatar\\\/1072c6b775fb02ef8506ce967551d95926669a6b7d2c2147b42eea4d7c68395e?s=96&d=mm&r=g\",\"caption\":\"Reda\u00e7\u00e3o\"},\"sameAs\":[\"https:\\\/\\\/transamerica93.com.br\\\/home\"],\"url\":\"https:\\\/\\\/transamerica93.com.br\\\/home\\\/author\\\/william\\\/\"}]}<\/script>\n<!-- \/ Yoast SEO plugin. -->","yoast_head_json":{"title":"Autoridades comemoram Oscar e elogiam atua\u00e7\u00e3o de Fernanda Torres - Transam\u00e9rica Mococa 93,3","robots":{"index":"index","follow":"follow","max-snippet":"max-snippet:-1","max-image-preview":"max-image-preview:large","max-video-preview":"max-video-preview:-1"},"canonical":"https:\/\/transamerica93.com.br\/home\/autoridades-comemoram-oscar-e-elogiam-atuacao-de-fernanda-torres\/","og_locale":"pt_BR","og_type":"article","og_title":"Autoridades comemoram Oscar e elogiam atua\u00e7\u00e3o de Fernanda Torres - Transam\u00e9rica Mococa 93,3","og_description":"Autoridades p\u00fablicas comemoraram, via redes sociais, a premia\u00e7\u00e3o de\u00a0Ainda Estou Aqui\u00a0no Oscar, como melhor filme internacional. Mesmo sem ter ganhado a estatueta, a atriz Fernanda Torres tamb\u00e9m recebeu elogios por ter ficado entre as finalistas na categoria de melhor atriz. \u201cHoje \u00e9 o dia de sentir ainda mais orgulho de ser brasileiro. Orgulho do nosso &hellip;","og_url":"https:\/\/transamerica93.com.br\/home\/autoridades-comemoram-oscar-e-elogiam-atuacao-de-fernanda-torres\/","og_site_name":"Transam\u00e9rica Mococa 93,3","article_publisher":"https:\/\/www.facebook.com\/transamericamococa","article_published_time":"2025-03-11T12:00:00+00:00","og_image":[{"width":1170,"height":700,"url":"https:\/\/transamerica93.com.br\/home\/wp-content\/uploads\/2025\/03\/4.jpg","type":"image\/jpeg"}],"author":"Reda\u00e7\u00e3o","twitter_card":"summary_large_image","twitter_creator":"@transamerica933","twitter_site":"@transamerica933","twitter_misc":{"Escrito por":"Reda\u00e7\u00e3o","Est. tempo de leitura":"1 minuto"},"schema":{"@context":"https:\/\/schema.org","@graph":[{"@type":"Article","@id":"https:\/\/transamerica93.com.br\/home\/autoridades-comemoram-oscar-e-elogiam-atuacao-de-fernanda-torres\/#article","isPartOf":{"@id":"https:\/\/transamerica93.com.br\/home\/autoridades-comemoram-oscar-e-elogiam-atuacao-de-fernanda-torres\/"},"author":{"name":"Reda\u00e7\u00e3o","@id":"https:\/\/transamerica93.com.br\/home\/#\/schema\/person\/7fed7c99c0d4562efa8561bc0f543172"},"headline":"Autoridades comemoram Oscar e elogiam atua\u00e7\u00e3o de Fernanda Torres","datePublished":"2025-03-11T12:00:00+00:00","mainEntityOfPage":{"@id":"https:\/\/transamerica93.com.br\/home\/autoridades-comemoram-oscar-e-elogiam-atuacao-de-fernanda-torres\/"},"wordCount":787,"publisher":{"@id":"https:\/\/transamerica93.com.br\/home\/#organization"},"image":{"@id":"https:\/\/transamerica93.com.br\/home\/autoridades-comemoram-oscar-e-elogiam-atuacao-de-fernanda-torres\/#primaryimage"},"thumbnailUrl":"https:\/\/transamerica93.com.br\/home\/wp-content\/uploads\/2025\/03\/4.jpg","articleSection":["Geral"],"inLanguage":"pt-BR"},{"@type":"WebPage","@id":"https:\/\/transamerica93.com.br\/home\/autoridades-comemoram-oscar-e-elogiam-atuacao-de-fernanda-torres\/","url":"https:\/\/transamerica93.com.br\/home\/autoridades-comemoram-oscar-e-elogiam-atuacao-de-fernanda-torres\/","name":"Autoridades comemoram Oscar e elogiam atua\u00e7\u00e3o de Fernanda Torres - Transam\u00e9rica Mococa 93,3","isPartOf":{"@id":"https:\/\/transamerica93.com.br\/home\/#website"},"primaryImageOfPage":{"@id":"https:\/\/transamerica93.com.br\/home\/autoridades-comemoram-oscar-e-elogiam-atuacao-de-fernanda-torres\/#primaryimage"},"image":{"@id":"https:\/\/transamerica93.com.br\/home\/autoridades-comemoram-oscar-e-elogiam-atuacao-de-fernanda-torres\/#primaryimage"},"thumbnailUrl":"https:\/\/transamerica93.com.br\/home\/wp-content\/uploads\/2025\/03\/4.jpg","datePublished":"2025-03-11T12:00:00+00:00","breadcrumb":{"@id":"https:\/\/transamerica93.com.br\/home\/autoridades-comemoram-oscar-e-elogiam-atuacao-de-fernanda-torres\/#breadcrumb"},"inLanguage":"pt-BR","potentialAction":[{"@type":"ReadAction","target":["https:\/\/transamerica93.com.br\/home\/autoridades-comemoram-oscar-e-elogiam-atuacao-de-fernanda-torres\/"]}]},{"@type":"ImageObject","inLanguage":"pt-BR","@id":"https:\/\/transamerica93.com.br\/home\/autoridades-comemoram-oscar-e-elogiam-atuacao-de-fernanda-torres\/#primaryimage","url":"https:\/\/transamerica93.com.br\/home\/wp-content\/uploads\/2025\/03\/4.jpg","contentUrl":"https:\/\/transamerica93.com.br\/home\/wp-content\/uploads\/2025\/03\/4.jpg","width":1170,"height":700,"caption":"\u00a9 Reuters\/Carlos Barria\/Proibida reprodu\u00e7\u00e3o"},{"@type":"BreadcrumbList","@id":"https:\/\/transamerica93.com.br\/home\/autoridades-comemoram-oscar-e-elogiam-atuacao-de-fernanda-torres\/#breadcrumb","itemListElement":[{"@type":"ListItem","position":1,"name":"In\u00edcio","item":"https:\/\/transamerica93.com.br\/home\/"},{"@type":"ListItem","position":2,"name":"Autoridades comemoram Oscar e elogiam atua\u00e7\u00e3o de Fernanda Torres"}]},{"@type":"WebSite","@id":"https:\/\/transamerica93.com.br\/home\/#website","url":"https:\/\/transamerica93.com.br\/home\/","name":"Transam\u00e9rica Mococa 93,3","description":"","publisher":{"@id":"https:\/\/transamerica93.com.br\/home\/#organization"},"potentialAction":[{"@type":"SearchAction","target":{"@type":"EntryPoint","urlTemplate":"https:\/\/transamerica93.com.br\/home\/?s={search_term_string}"},"query-input":{"@type":"PropertyValueSpecification","valueRequired":true,"valueName":"search_term_string"}}],"inLanguage":"pt-BR"},{"@type":"Organization","@id":"https:\/\/transamerica93.com.br\/home\/#organization","name":"Transam\u00e9rica Mococa 93,3","url":"https:\/\/transamerica93.com.br\/home\/","logo":{"@type":"ImageObject","inLanguage":"pt-BR","@id":"https:\/\/transamerica93.com.br\/home\/#\/schema\/logo\/image\/","url":"https:\/\/transamerica93.com.br\/home\/wp-content\/uploads\/2023\/10\/logo2.png","contentUrl":"https:\/\/transamerica93.com.br\/home\/wp-content\/uploads\/2023\/10\/logo2.png","width":800,"height":500,"caption":"Transam\u00e9rica Mococa 93,3"},"image":{"@id":"https:\/\/transamerica93.com.br\/home\/#\/schema\/logo\/image\/"},"sameAs":["https:\/\/www.facebook.com\/transamericamococa","https:\/\/x.com\/transamerica933","https:\/\/www.instagram.com\/transamericamococa"]},{"@type":"Person","@id":"https:\/\/transamerica93.com.br\/home\/#\/schema\/person\/7fed7c99c0d4562efa8561bc0f543172","name":"Reda\u00e7\u00e3o","image":{"@type":"ImageObject","inLanguage":"pt-BR","@id":"https:\/\/secure.gravatar.com\/avatar\/1072c6b775fb02ef8506ce967551d95926669a6b7d2c2147b42eea4d7c68395e?s=96&d=mm&r=g","url":"https:\/\/secure.gravatar.com\/avatar\/1072c6b775fb02ef8506ce967551d95926669a6b7d2c2147b42eea4d7c68395e?s=96&d=mm&r=g","contentUrl":"https:\/\/secure.gravatar.com\/avatar\/1072c6b775fb02ef8506ce967551d95926669a6b7d2c2147b42eea4d7c68395e?s=96&d=mm&r=g","caption":"Reda\u00e7\u00e3o"},"sameAs":["https:\/\/transamerica93.com.br\/home"],"url":"https:\/\/transamerica93.com.br\/home\/author\/william\/"}]}},"_links":{"self":[{"href":"https:\/\/transamerica93.com.br\/home\/wp-json\/wp\/v2\/posts\/4825","targetHints":{"allow":["GET"]}}],"collection":[{"href":"https:\/\/transamerica93.com.br\/home\/wp-json\/wp\/v2\/posts"}],"about":[{"href":"https:\/\/transamerica93.com.br\/home\/wp-json\/wp\/v2\/types\/post"}],"author":[{"embeddable":true,"href":"https:\/\/transamerica93.com.br\/home\/wp-json\/wp\/v2\/users\/1"}],"replies":[{"embeddable":true,"href":"https:\/\/transamerica93.com.br\/home\/wp-json\/wp\/v2\/comments?post=4825"}],"version-history":[{"count":1,"href":"https:\/\/transamerica93.com.br\/home\/wp-json\/wp\/v2\/posts\/4825\/revisions"}],"predecessor-version":[{"id":4826,"href":"https:\/\/transamerica93.com.br\/home\/wp-json\/wp\/v2\/posts\/4825\/revisions\/4826"}],"wp:featuredmedia":[{"embeddable":true,"href":"https:\/\/transamerica93.com.br\/home\/wp-json\/wp\/v2\/media\/4813"}],"wp:attachment":[{"href":"https:\/\/transamerica93.com.br\/home\/wp-json\/wp\/v2\/media?parent=4825"}],"wp:term":[{"taxonomy":"category","embeddable":true,"href":"https:\/\/transamerica93.com.br\/home\/wp-json\/wp\/v2\/categories?post=4825"},{"taxonomy":"post_tag","embeddable":true,"href":"https:\/\/transamerica93.com.br\/home\/wp-json\/wp\/v2\/tags?post=4825"}],"curies":[{"name":"wp","href":"https:\/\/api.w.org\/{rel}","templated":true}]}}