{"id":4827,"date":"2025-03-12T09:00:59","date_gmt":"2025-03-12T12:00:59","guid":{"rendered":"https:\/\/transamerica93.com.br\/home\/?p=4827"},"modified":"2025-03-05T05:59:43","modified_gmt":"2025-03-05T08:59:43","slug":"entenda-nova-rodada-de-saques-do-fgts-a-quem-tem-saque-aniversario","status":"publish","type":"post","link":"https:\/\/transamerica93.com.br\/home\/entenda-nova-rodada-de-saques-do-fgts-a-quem-tem-saque-aniversario\/","title":{"rendered":"Entenda nova rodada de saques do FGTS a quem tem saque-anivers\u00e1rio"},"content":{"rendered":"<p>De 12,1 milh\u00f5es de trabalhadores demitidos de 2020 at\u00e9 a \u00faltima sexta-feira (28), apenas 2,5 milh\u00f5es v\u00e3o ter direito ao saldo integral dos dep\u00f3sitos feitos pelos antigos empregadores no Fundo de Garantia do Tempo de Servi\u00e7o (FGTS). Os 9,6 milh\u00f5es restantes ter\u00e3o descontada a antecipa\u00e7\u00e3o do saque-anivers\u00e1rio, tipo de empr\u00e9stimo oferecido por institui\u00e7\u00f5es financeiras.<img decoding=\"async\" data-src=\"https:\/\/agenciabrasil.ebc.com.br\/ebc.png?id=1632654&amp;o=node\" src=\"data:image\/svg+xml;base64,PHN2ZyB3aWR0aD0iMSIgaGVpZ2h0PSIxIiB4bWxucz0iaHR0cDovL3d3dy53My5vcmcvMjAwMC9zdmciPjwvc3ZnPg==\" class=\"lazyload\" \/><img decoding=\"async\" data-src=\"https:\/\/agenciabrasil.ebc.com.br\/ebc.gif?id=1632654&amp;o=node\" src=\"data:image\/svg+xml;base64,PHN2ZyB3aWR0aD0iMSIgaGVpZ2h0PSIxIiB4bWxucz0iaHR0cDovL3d3dy53My5vcmcvMjAwMC9zdmciPjwvc3ZnPg==\" class=\"lazyload\" \/><\/p>\n<p>Essa \u00e9 uma das regras da nova rodada de saques do FGTS, publicada na \u00faltima sexta-feira em medida provis\u00f3ria (MP) em edi\u00e7\u00e3o extraordin\u00e1ria do\u00a0<a href=\"https:\/\/www.in.gov.br\/web\/dou\/-\/medida-provisoria-n-1.290-de-28-de-fevereiro-de-2025-615734004\" target=\"_blank\" rel=\"noopener\"><em>Di\u00e1rio Oficial da Uni\u00e3o<\/em><\/a>.\u00a0\u00a0<a href=\"https:\/\/agenciabrasil.ebc.com.br\/economia\/noticia\/2025-02\/saque-aniversario-futuros-demitidos-continuam-com-fgts-bloqueado\" target=\"_blank\" rel=\"noopener\">Com a promessa de injetar R$ 12,1 bilh\u00f5es na economia, a medida \u00e9 excepcional e n\u00e3o afetar\u00e1 os futuros demitidos.\u00a0\u00a0<\/a><\/p>\n<p>A\u00a0<a href=\"https:\/\/agenciabrasil.ebc.com.br\/economia\/noticia\/2025-02\/governo-publica-medida-provisoria-que-autoriza-saque-do-fgts\" target=\"_blank\" rel=\"noopener\">MP publicada na \u00faltima sexta-feira<\/a>\u00a0n\u00e3o alterou as demais regras do saque-anivers\u00e1rio. Apenas liberou os valores bloqueados a quem foi demitido. O\u00a0<strong>dinheiro ser\u00e1 pago pela Caixa Econ\u00f4mica Federal em duas etapas: uma em mar\u00e7o e outra em junho<\/strong>.\u00a0<strong>Quem cadastrou a conta banc\u00e1ria no aplicativo FGTS, cerca de 85% do p\u00fablico-alvo, receber\u00e1 independentemente do m\u00eas de nascimento.<\/strong>\u00a0<strong>Entenda as principais mudan\u00e7as.<\/strong><\/p>\n<h2>Calend\u00e1rio<\/h2>\n<p>&gt;&gt;<strong>Valores at\u00e9 R$ 3 mil<\/strong><\/p>\n<p>\u2022 \u00a0 \u00a0 6 de marc\u0327o: nascidos em janeiro, fevereiro, marc\u0327o e abril e quem vinculou a conta banc\u00e1ria ao aplicativo FGTS;<\/p>\n<p>\u2022 \u00a0 \u00a0 7 de marc\u0327o: nascidos em maio, junho, julho e agosto;<\/p>\n<p>\u2022 \u00a0 \u00a0 10 de marc\u0327o: nascidos em setembro, outubro, novembro e dezembro.<\/p>\n<p><strong>&gt;&gt;Valores acima de R$ 3 mil<\/strong><\/p>\n<p>\u2022 \u00a0 \u00a0 Diferen\u00e7a entre os R$ 3 mil sacados em mar\u00e7o e o restante do saldo bloqueado;<\/p>\n<p>\u2022 \u00a0 \u00a0 17 de junho: nascidos janeiro, fevereiro, marc\u0327o e abril e nascidos em janeiro, fevereiro, marc\u0327o e abril e quem vinculou a conta banc\u00e1ria ao aplicativo FGTS;<\/p>\n<p>\u2022 \u00a0 \u00a0 18 de junho: nascidos em maio, junho, julho e agosto;<\/p>\n<p>\u2022 \u00a0 \u00a0 20 de junho: nascidos em setembro, outubro, novembro e dezembro.<\/p>\n<h2>Principais d\u00favidas<\/h2>\n<p><strong>&gt;&gt;O que \u00e9 o saque-anivers\u00e1rio?<\/strong><\/p>\n<blockquote><p>Criado em 2019 e em vigor desde 2020, o\u00a0<strong>saque-anivers\u00e1rio permite a retirada de parte do saldo de qualquer conta ativa ou inativa do fundo a cada ano, no m\u00eas de anivers\u00e1rio.<\/strong>\u00a0Em troca, o trabalhador n\u00e3o poder\u00e1 sacar o valor depositado pela empresa em caso de demiss\u00e3o sem justa causa, apenas a multa rescis\u00f3ria de 40%.<\/p>\n<p>A cada ano, o per\u00edodo de saques come\u00e7a no primeiro dia \u00fatil do m\u00eas de anivers\u00e1rio do trabalhador. Os<strong>\u00a0valores ficam dispon\u00edveis at\u00e9 o \u00faltimo dia \u00fatil do segundo m\u00eas subsequente.\u00a0<\/strong>Caso o dinheiro n\u00e3o seja retirado no prazo, volta para as contas do FGTS em nome do trabalhador.<\/p><\/blockquote>\n<p><strong>&gt;&gt;O que \u00e9 a antecipa\u00e7\u00e3o do saque-anivers\u00e1rio?<\/strong><\/p>\n<p>Modalidade de empr\u00e9stimo que usa como garantia o valor do saque-anivers\u00e1rio sacado anualmente. O Minist\u00e9rio do Trabalho e Emprego ret\u00e9m a quantia antecipada pelo trabalhador, at\u00e9 que o empr\u00e9stimo seja pago.<\/p>\n<p><strong>&gt;&gt;Quem conseguiu outro emprego ap\u00f3s ter sido demitido receber\u00e1 o dinheiro?<\/strong><\/p>\n<p>O trabalhador receber\u00e1 o saldo bloqueado, que corresponde aos dep\u00f3sitos do antigo empregador, mesmo que tenha conseguido outro emprego.\u00a0<strong>Caso tenha sido demitido sem justa causa de mais de um emprego, receber\u00e1 o saldo de todos os trabalhos somados.<\/strong><\/p>\n<p><strong>&gt;&gt;\u00c9 poss\u00edvel manter o valor no FGTS?<\/strong><\/p>\n<p>Caso queira, o\u00a0<strong>trabalhador pode optar por n\u00e3o retirar o valor.\u00a0<\/strong>Nesse caso, o dinheiro permanecer\u00e1 na conta do FGTS, sendo corrigido pelo rendimento do fundo:\u00a0<strong>Taxa Referencial mais 3% ao ano, acrescida da distribui\u00e7\u00e3o de lucros do FGTS<\/strong><\/p>\n<p><strong>&gt;&gt;\u00c9 poss\u00edvel desistir do saque-anivers\u00e1rio?<\/strong><\/p>\n<blockquote><p>Se o trabalhador n\u00e3o tiver antecipado o saque-anivers\u00e1rio em nenhuma institui\u00e7\u00e3o financeira, pode desistir do saque-anivers\u00e1rio. No entanto, como determina a lei que criou a modalidade, ter\u00e1 de esperar dois anos para receber o saque integral ao ser demitido sem justa causa. O retorno ao saque-rescis\u00e3o s\u00f3 entra em vigor no primeiro dia do 25\u00ba m\u00eas ap\u00f3s o pedido de sa\u00edda do saque-anivers\u00e1rio.<\/p><\/blockquote>\n<p><strong>&gt;&gt;Quem tem saque-anivers\u00e1rio pode financiar im\u00f3veis pelo FGTS?<\/strong><\/p>\n<p>A MP que desbloqueou o saldo do saque-anivers\u00e1rio n\u00e3o mudou as demais regras da modalidade. O\u00a0<strong>trabalhador pode usar o FGTS para financiar im\u00f3veis<\/strong>. Segundo a Caixa Econ\u00f4mica Federal, os recursos reservados ao saque-anivers\u00e1rio ficam em uma conta separada daquela destinada ao financiamento imobili\u00e1rio.<\/p>\n<p>&nbsp;<\/p>\n","protected":false},"excerpt":{"rendered":"<p>De 12,1 milh\u00f5es de trabalhadores demitidos de 2020 at\u00e9 a \u00faltima sexta-feira (28), apenas 2,5 milh\u00f5es v\u00e3o ter direito ao saldo integral dos dep\u00f3sitos feitos pelos antigos empregadores no Fundo de Garantia do Tempo de Servi\u00e7o (FGTS). Os 9,6 milh\u00f5es restantes ter\u00e3o descontada a antecipa\u00e7\u00e3o do saque-anivers\u00e1rio, tipo de empr\u00e9stimo oferecido por institui\u00e7\u00f5es financeiras. Essa &hellip;<\/p>\n","protected":false},"author":1,"featured_media":4814,"comment_status":"closed","ping_status":"closed","sticky":false,"template":"","format":"standard","meta":{"footnotes":""},"categories":[30],"tags":[],"class_list":["post-4827","post","type-post","status-publish","format-standard","has-post-thumbnail","hentry","category-geral"],"yoast_head":"<!-- This site is optimized with the Yoast SEO plugin v27.4 - https:\/\/yoast.com\/product\/yoast-seo-wordpress\/ -->\n<title>Entenda nova rodada de saques do FGTS a quem tem saque-anivers\u00e1rio - Transam\u00e9rica Mococa 93,3<\/title>\n<meta name=\"robots\" content=\"index, follow, max-snippet:-1, max-image-preview:large, max-video-preview:-1\" \/>\n<link rel=\"canonical\" href=\"https:\/\/transamerica93.com.br\/home\/entenda-nova-rodada-de-saques-do-fgts-a-quem-tem-saque-aniversario\/\" \/>\n<meta property=\"og:locale\" content=\"pt_BR\" \/>\n<meta property=\"og:type\" content=\"article\" \/>\n<meta property=\"og:title\" content=\"Entenda nova rodada de saques do FGTS a quem tem saque-anivers\u00e1rio - Transam\u00e9rica Mococa 93,3\" \/>\n<meta property=\"og:description\" content=\"De 12,1 milh\u00f5es de trabalhadores demitidos de 2020 at\u00e9 a \u00faltima sexta-feira (28), apenas 2,5 milh\u00f5es v\u00e3o ter direito ao saldo integral dos dep\u00f3sitos feitos pelos antigos empregadores no Fundo de Garantia do Tempo de Servi\u00e7o (FGTS). Os 9,6 milh\u00f5es restantes ter\u00e3o descontada a antecipa\u00e7\u00e3o do saque-anivers\u00e1rio, tipo de empr\u00e9stimo oferecido por institui\u00e7\u00f5es financeiras. Essa &hellip;\" \/>\n<meta property=\"og:url\" content=\"https:\/\/transamerica93.com.br\/home\/entenda-nova-rodada-de-saques-do-fgts-a-quem-tem-saque-aniversario\/\" \/>\n<meta property=\"og:site_name\" content=\"Transam\u00e9rica Mococa 93,3\" \/>\n<meta property=\"article:publisher\" content=\"https:\/\/www.facebook.com\/transamericamococa\" \/>\n<meta property=\"article:published_time\" content=\"2025-03-12T12:00:59+00:00\" \/>\n<meta property=\"og:image\" content=\"https:\/\/transamerica93.com.br\/home\/wp-content\/uploads\/2025\/03\/5.jpg\" \/>\n\t<meta property=\"og:image:width\" content=\"1170\" \/>\n\t<meta property=\"og:image:height\" content=\"700\" \/>\n\t<meta property=\"og:image:type\" content=\"image\/jpeg\" \/>\n<meta name=\"author\" content=\"Reda\u00e7\u00e3o\" \/>\n<meta name=\"twitter:card\" content=\"summary_large_image\" \/>\n<meta name=\"twitter:creator\" content=\"@transamerica933\" \/>\n<meta name=\"twitter:site\" content=\"@transamerica933\" \/>\n<meta name=\"twitter:label1\" content=\"Escrito por\" \/>\n\t<meta name=\"twitter:data1\" content=\"Reda\u00e7\u00e3o\" \/>\n\t<meta name=\"twitter:label2\" content=\"Est. tempo de leitura\" \/>\n\t<meta name=\"twitter:data2\" content=\"1 minuto\" \/>\n<script type=\"application\/ld+json\" class=\"yoast-schema-graph\">{\"@context\":\"https:\\\/\\\/schema.org\",\"@graph\":[{\"@type\":\"Article\",\"@id\":\"https:\\\/\\\/transamerica93.com.br\\\/home\\\/entenda-nova-rodada-de-saques-do-fgts-a-quem-tem-saque-aniversario\\\/#article\",\"isPartOf\":{\"@id\":\"https:\\\/\\\/transamerica93.com.br\\\/home\\\/entenda-nova-rodada-de-saques-do-fgts-a-quem-tem-saque-aniversario\\\/\"},\"author\":{\"name\":\"Reda\u00e7\u00e3o\",\"@id\":\"https:\\\/\\\/transamerica93.com.br\\\/home\\\/#\\\/schema\\\/person\\\/7fed7c99c0d4562efa8561bc0f543172\"},\"headline\":\"Entenda nova rodada de saques do FGTS a quem tem saque-anivers\u00e1rio\",\"datePublished\":\"2025-03-12T12:00:59+00:00\",\"mainEntityOfPage\":{\"@id\":\"https:\\\/\\\/transamerica93.com.br\\\/home\\\/entenda-nova-rodada-de-saques-do-fgts-a-quem-tem-saque-aniversario\\\/\"},\"wordCount\":729,\"publisher\":{\"@id\":\"https:\\\/\\\/transamerica93.com.br\\\/home\\\/#organization\"},\"image\":{\"@id\":\"https:\\\/\\\/transamerica93.com.br\\\/home\\\/entenda-nova-rodada-de-saques-do-fgts-a-quem-tem-saque-aniversario\\\/#primaryimage\"},\"thumbnailUrl\":\"https:\\\/\\\/transamerica93.com.br\\\/home\\\/wp-content\\\/uploads\\\/2025\\\/03\\\/5.jpg\",\"articleSection\":[\"Geral\"],\"inLanguage\":\"pt-BR\"},{\"@type\":\"WebPage\",\"@id\":\"https:\\\/\\\/transamerica93.com.br\\\/home\\\/entenda-nova-rodada-de-saques-do-fgts-a-quem-tem-saque-aniversario\\\/\",\"url\":\"https:\\\/\\\/transamerica93.com.br\\\/home\\\/entenda-nova-rodada-de-saques-do-fgts-a-quem-tem-saque-aniversario\\\/\",\"name\":\"Entenda nova rodada de saques do FGTS a quem tem saque-anivers\u00e1rio - Transam\u00e9rica Mococa 93,3\",\"isPartOf\":{\"@id\":\"https:\\\/\\\/transamerica93.com.br\\\/home\\\/#website\"},\"primaryImageOfPage\":{\"@id\":\"https:\\\/\\\/transamerica93.com.br\\\/home\\\/entenda-nova-rodada-de-saques-do-fgts-a-quem-tem-saque-aniversario\\\/#primaryimage\"},\"image\":{\"@id\":\"https:\\\/\\\/transamerica93.com.br\\\/home\\\/entenda-nova-rodada-de-saques-do-fgts-a-quem-tem-saque-aniversario\\\/#primaryimage\"},\"thumbnailUrl\":\"https:\\\/\\\/transamerica93.com.br\\\/home\\\/wp-content\\\/uploads\\\/2025\\\/03\\\/5.jpg\",\"datePublished\":\"2025-03-12T12:00:59+00:00\",\"breadcrumb\":{\"@id\":\"https:\\\/\\\/transamerica93.com.br\\\/home\\\/entenda-nova-rodada-de-saques-do-fgts-a-quem-tem-saque-aniversario\\\/#breadcrumb\"},\"inLanguage\":\"pt-BR\",\"potentialAction\":[{\"@type\":\"ReadAction\",\"target\":[\"https:\\\/\\\/transamerica93.com.br\\\/home\\\/entenda-nova-rodada-de-saques-do-fgts-a-quem-tem-saque-aniversario\\\/\"]}]},{\"@type\":\"ImageObject\",\"inLanguage\":\"pt-BR\",\"@id\":\"https:\\\/\\\/transamerica93.com.br\\\/home\\\/entenda-nova-rodada-de-saques-do-fgts-a-quem-tem-saque-aniversario\\\/#primaryimage\",\"url\":\"https:\\\/\\\/transamerica93.com.br\\\/home\\\/wp-content\\\/uploads\\\/2025\\\/03\\\/5.jpg\",\"contentUrl\":\"https:\\\/\\\/transamerica93.com.br\\\/home\\\/wp-content\\\/uploads\\\/2025\\\/03\\\/5.jpg\",\"width\":1170,\"height\":700,\"caption\":\"\u00a9 Jo\u00e9dson Alves\\\/Ag\u00eancia Brasil\"},{\"@type\":\"BreadcrumbList\",\"@id\":\"https:\\\/\\\/transamerica93.com.br\\\/home\\\/entenda-nova-rodada-de-saques-do-fgts-a-quem-tem-saque-aniversario\\\/#breadcrumb\",\"itemListElement\":[{\"@type\":\"ListItem\",\"position\":1,\"name\":\"In\u00edcio\",\"item\":\"https:\\\/\\\/transamerica93.com.br\\\/home\\\/\"},{\"@type\":\"ListItem\",\"position\":2,\"name\":\"Entenda nova rodada de saques do FGTS a quem tem saque-anivers\u00e1rio\"}]},{\"@type\":\"WebSite\",\"@id\":\"https:\\\/\\\/transamerica93.com.br\\\/home\\\/#website\",\"url\":\"https:\\\/\\\/transamerica93.com.br\\\/home\\\/\",\"name\":\"Transam\u00e9rica Mococa 93,3\",\"description\":\"\",\"publisher\":{\"@id\":\"https:\\\/\\\/transamerica93.com.br\\\/home\\\/#organization\"},\"potentialAction\":[{\"@type\":\"SearchAction\",\"target\":{\"@type\":\"EntryPoint\",\"urlTemplate\":\"https:\\\/\\\/transamerica93.com.br\\\/home\\\/?s={search_term_string}\"},\"query-input\":{\"@type\":\"PropertyValueSpecification\",\"valueRequired\":true,\"valueName\":\"search_term_string\"}}],\"inLanguage\":\"pt-BR\"},{\"@type\":\"Organization\",\"@id\":\"https:\\\/\\\/transamerica93.com.br\\\/home\\\/#organization\",\"name\":\"Transam\u00e9rica Mococa 93,3\",\"url\":\"https:\\\/\\\/transamerica93.com.br\\\/home\\\/\",\"logo\":{\"@type\":\"ImageObject\",\"inLanguage\":\"pt-BR\",\"@id\":\"https:\\\/\\\/transamerica93.com.br\\\/home\\\/#\\\/schema\\\/logo\\\/image\\\/\",\"url\":\"https:\\\/\\\/transamerica93.com.br\\\/home\\\/wp-content\\\/uploads\\\/2023\\\/10\\\/logo2.png\",\"contentUrl\":\"https:\\\/\\\/transamerica93.com.br\\\/home\\\/wp-content\\\/uploads\\\/2023\\\/10\\\/logo2.png\",\"width\":800,\"height\":500,\"caption\":\"Transam\u00e9rica Mococa 93,3\"},\"image\":{\"@id\":\"https:\\\/\\\/transamerica93.com.br\\\/home\\\/#\\\/schema\\\/logo\\\/image\\\/\"},\"sameAs\":[\"https:\\\/\\\/www.facebook.com\\\/transamericamococa\",\"https:\\\/\\\/x.com\\\/transamerica933\",\"https:\\\/\\\/www.instagram.com\\\/transamericamococa\"]},{\"@type\":\"Person\",\"@id\":\"https:\\\/\\\/transamerica93.com.br\\\/home\\\/#\\\/schema\\\/person\\\/7fed7c99c0d4562efa8561bc0f543172\",\"name\":\"Reda\u00e7\u00e3o\",\"image\":{\"@type\":\"ImageObject\",\"inLanguage\":\"pt-BR\",\"@id\":\"https:\\\/\\\/secure.gravatar.com\\\/avatar\\\/1072c6b775fb02ef8506ce967551d95926669a6b7d2c2147b42eea4d7c68395e?s=96&d=mm&r=g\",\"url\":\"https:\\\/\\\/secure.gravatar.com\\\/avatar\\\/1072c6b775fb02ef8506ce967551d95926669a6b7d2c2147b42eea4d7c68395e?s=96&d=mm&r=g\",\"contentUrl\":\"https:\\\/\\\/secure.gravatar.com\\\/avatar\\\/1072c6b775fb02ef8506ce967551d95926669a6b7d2c2147b42eea4d7c68395e?s=96&d=mm&r=g\",\"caption\":\"Reda\u00e7\u00e3o\"},\"sameAs\":[\"https:\\\/\\\/transamerica93.com.br\\\/home\"],\"url\":\"https:\\\/\\\/transamerica93.com.br\\\/home\\\/author\\\/william\\\/\"}]}<\/script>\n<!-- \/ Yoast SEO plugin. -->","yoast_head_json":{"title":"Entenda nova rodada de saques do FGTS a quem tem saque-anivers\u00e1rio - Transam\u00e9rica Mococa 93,3","robots":{"index":"index","follow":"follow","max-snippet":"max-snippet:-1","max-image-preview":"max-image-preview:large","max-video-preview":"max-video-preview:-1"},"canonical":"https:\/\/transamerica93.com.br\/home\/entenda-nova-rodada-de-saques-do-fgts-a-quem-tem-saque-aniversario\/","og_locale":"pt_BR","og_type":"article","og_title":"Entenda nova rodada de saques do FGTS a quem tem saque-anivers\u00e1rio - Transam\u00e9rica Mococa 93,3","og_description":"De 12,1 milh\u00f5es de trabalhadores demitidos de 2020 at\u00e9 a \u00faltima sexta-feira (28), apenas 2,5 milh\u00f5es v\u00e3o ter direito ao saldo integral dos dep\u00f3sitos feitos pelos antigos empregadores no Fundo de Garantia do Tempo de Servi\u00e7o (FGTS). Os 9,6 milh\u00f5es restantes ter\u00e3o descontada a antecipa\u00e7\u00e3o do saque-anivers\u00e1rio, tipo de empr\u00e9stimo oferecido por institui\u00e7\u00f5es financeiras. Essa &hellip;","og_url":"https:\/\/transamerica93.com.br\/home\/entenda-nova-rodada-de-saques-do-fgts-a-quem-tem-saque-aniversario\/","og_site_name":"Transam\u00e9rica Mococa 93,3","article_publisher":"https:\/\/www.facebook.com\/transamericamococa","article_published_time":"2025-03-12T12:00:59+00:00","og_image":[{"width":1170,"height":700,"url":"https:\/\/transamerica93.com.br\/home\/wp-content\/uploads\/2025\/03\/5.jpg","type":"image\/jpeg"}],"author":"Reda\u00e7\u00e3o","twitter_card":"summary_large_image","twitter_creator":"@transamerica933","twitter_site":"@transamerica933","twitter_misc":{"Escrito por":"Reda\u00e7\u00e3o","Est. tempo de leitura":"1 minuto"},"schema":{"@context":"https:\/\/schema.org","@graph":[{"@type":"Article","@id":"https:\/\/transamerica93.com.br\/home\/entenda-nova-rodada-de-saques-do-fgts-a-quem-tem-saque-aniversario\/#article","isPartOf":{"@id":"https:\/\/transamerica93.com.br\/home\/entenda-nova-rodada-de-saques-do-fgts-a-quem-tem-saque-aniversario\/"},"author":{"name":"Reda\u00e7\u00e3o","@id":"https:\/\/transamerica93.com.br\/home\/#\/schema\/person\/7fed7c99c0d4562efa8561bc0f543172"},"headline":"Entenda nova rodada de saques do FGTS a quem tem saque-anivers\u00e1rio","datePublished":"2025-03-12T12:00:59+00:00","mainEntityOfPage":{"@id":"https:\/\/transamerica93.com.br\/home\/entenda-nova-rodada-de-saques-do-fgts-a-quem-tem-saque-aniversario\/"},"wordCount":729,"publisher":{"@id":"https:\/\/transamerica93.com.br\/home\/#organization"},"image":{"@id":"https:\/\/transamerica93.com.br\/home\/entenda-nova-rodada-de-saques-do-fgts-a-quem-tem-saque-aniversario\/#primaryimage"},"thumbnailUrl":"https:\/\/transamerica93.com.br\/home\/wp-content\/uploads\/2025\/03\/5.jpg","articleSection":["Geral"],"inLanguage":"pt-BR"},{"@type":"WebPage","@id":"https:\/\/transamerica93.com.br\/home\/entenda-nova-rodada-de-saques-do-fgts-a-quem-tem-saque-aniversario\/","url":"https:\/\/transamerica93.com.br\/home\/entenda-nova-rodada-de-saques-do-fgts-a-quem-tem-saque-aniversario\/","name":"Entenda nova rodada de saques do FGTS a quem tem saque-anivers\u00e1rio - Transam\u00e9rica Mococa 93,3","isPartOf":{"@id":"https:\/\/transamerica93.com.br\/home\/#website"},"primaryImageOfPage":{"@id":"https:\/\/transamerica93.com.br\/home\/entenda-nova-rodada-de-saques-do-fgts-a-quem-tem-saque-aniversario\/#primaryimage"},"image":{"@id":"https:\/\/transamerica93.com.br\/home\/entenda-nova-rodada-de-saques-do-fgts-a-quem-tem-saque-aniversario\/#primaryimage"},"thumbnailUrl":"https:\/\/transamerica93.com.br\/home\/wp-content\/uploads\/2025\/03\/5.jpg","datePublished":"2025-03-12T12:00:59+00:00","breadcrumb":{"@id":"https:\/\/transamerica93.com.br\/home\/entenda-nova-rodada-de-saques-do-fgts-a-quem-tem-saque-aniversario\/#breadcrumb"},"inLanguage":"pt-BR","potentialAction":[{"@type":"ReadAction","target":["https:\/\/transamerica93.com.br\/home\/entenda-nova-rodada-de-saques-do-fgts-a-quem-tem-saque-aniversario\/"]}]},{"@type":"ImageObject","inLanguage":"pt-BR","@id":"https:\/\/transamerica93.com.br\/home\/entenda-nova-rodada-de-saques-do-fgts-a-quem-tem-saque-aniversario\/#primaryimage","url":"https:\/\/transamerica93.com.br\/home\/wp-content\/uploads\/2025\/03\/5.jpg","contentUrl":"https:\/\/transamerica93.com.br\/home\/wp-content\/uploads\/2025\/03\/5.jpg","width":1170,"height":700,"caption":"\u00a9 Jo\u00e9dson Alves\/Ag\u00eancia Brasil"},{"@type":"BreadcrumbList","@id":"https:\/\/transamerica93.com.br\/home\/entenda-nova-rodada-de-saques-do-fgts-a-quem-tem-saque-aniversario\/#breadcrumb","itemListElement":[{"@type":"ListItem","position":1,"name":"In\u00edcio","item":"https:\/\/transamerica93.com.br\/home\/"},{"@type":"ListItem","position":2,"name":"Entenda nova rodada de saques do FGTS a quem tem saque-anivers\u00e1rio"}]},{"@type":"WebSite","@id":"https:\/\/transamerica93.com.br\/home\/#website","url":"https:\/\/transamerica93.com.br\/home\/","name":"Transam\u00e9rica Mococa 93,3","description":"","publisher":{"@id":"https:\/\/transamerica93.com.br\/home\/#organization"},"potentialAction":[{"@type":"SearchAction","target":{"@type":"EntryPoint","urlTemplate":"https:\/\/transamerica93.com.br\/home\/?s={search_term_string}"},"query-input":{"@type":"PropertyValueSpecification","valueRequired":true,"valueName":"search_term_string"}}],"inLanguage":"pt-BR"},{"@type":"Organization","@id":"https:\/\/transamerica93.com.br\/home\/#organization","name":"Transam\u00e9rica Mococa 93,3","url":"https:\/\/transamerica93.com.br\/home\/","logo":{"@type":"ImageObject","inLanguage":"pt-BR","@id":"https:\/\/transamerica93.com.br\/home\/#\/schema\/logo\/image\/","url":"https:\/\/transamerica93.com.br\/home\/wp-content\/uploads\/2023\/10\/logo2.png","contentUrl":"https:\/\/transamerica93.com.br\/home\/wp-content\/uploads\/2023\/10\/logo2.png","width":800,"height":500,"caption":"Transam\u00e9rica Mococa 93,3"},"image":{"@id":"https:\/\/transamerica93.com.br\/home\/#\/schema\/logo\/image\/"},"sameAs":["https:\/\/www.facebook.com\/transamericamococa","https:\/\/x.com\/transamerica933","https:\/\/www.instagram.com\/transamericamococa"]},{"@type":"Person","@id":"https:\/\/transamerica93.com.br\/home\/#\/schema\/person\/7fed7c99c0d4562efa8561bc0f543172","name":"Reda\u00e7\u00e3o","image":{"@type":"ImageObject","inLanguage":"pt-BR","@id":"https:\/\/secure.gravatar.com\/avatar\/1072c6b775fb02ef8506ce967551d95926669a6b7d2c2147b42eea4d7c68395e?s=96&d=mm&r=g","url":"https:\/\/secure.gravatar.com\/avatar\/1072c6b775fb02ef8506ce967551d95926669a6b7d2c2147b42eea4d7c68395e?s=96&d=mm&r=g","contentUrl":"https:\/\/secure.gravatar.com\/avatar\/1072c6b775fb02ef8506ce967551d95926669a6b7d2c2147b42eea4d7c68395e?s=96&d=mm&r=g","caption":"Reda\u00e7\u00e3o"},"sameAs":["https:\/\/transamerica93.com.br\/home"],"url":"https:\/\/transamerica93.com.br\/home\/author\/william\/"}]}},"_links":{"self":[{"href":"https:\/\/transamerica93.com.br\/home\/wp-json\/wp\/v2\/posts\/4827","targetHints":{"allow":["GET"]}}],"collection":[{"href":"https:\/\/transamerica93.com.br\/home\/wp-json\/wp\/v2\/posts"}],"about":[{"href":"https:\/\/transamerica93.com.br\/home\/wp-json\/wp\/v2\/types\/post"}],"author":[{"embeddable":true,"href":"https:\/\/transamerica93.com.br\/home\/wp-json\/wp\/v2\/users\/1"}],"replies":[{"embeddable":true,"href":"https:\/\/transamerica93.com.br\/home\/wp-json\/wp\/v2\/comments?post=4827"}],"version-history":[{"count":1,"href":"https:\/\/transamerica93.com.br\/home\/wp-json\/wp\/v2\/posts\/4827\/revisions"}],"predecessor-version":[{"id":4828,"href":"https:\/\/transamerica93.com.br\/home\/wp-json\/wp\/v2\/posts\/4827\/revisions\/4828"}],"wp:featuredmedia":[{"embeddable":true,"href":"https:\/\/transamerica93.com.br\/home\/wp-json\/wp\/v2\/media\/4814"}],"wp:attachment":[{"href":"https:\/\/transamerica93.com.br\/home\/wp-json\/wp\/v2\/media?parent=4827"}],"wp:term":[{"taxonomy":"category","embeddable":true,"href":"https:\/\/transamerica93.com.br\/home\/wp-json\/wp\/v2\/categories?post=4827"},{"taxonomy":"post_tag","embeddable":true,"href":"https:\/\/transamerica93.com.br\/home\/wp-json\/wp\/v2\/tags?post=4827"}],"curies":[{"name":"wp","href":"https:\/\/api.w.org\/{rel}","templated":true}]}}