{"id":4829,"date":"2025-03-13T09:00:52","date_gmt":"2025-03-13T12:00:52","guid":{"rendered":"https:\/\/transamerica93.com.br\/home\/?p=4829"},"modified":"2025-03-05T06:00:38","modified_gmt":"2025-03-05T09:00:38","slug":"extremista-e-preso-apos-tentativa-de-invasao-no-stf","status":"publish","type":"post","link":"https:\/\/transamerica93.com.br\/home\/extremista-e-preso-apos-tentativa-de-invasao-no-stf\/","title":{"rendered":"Extremista \u00e9 preso ap\u00f3s tentativa de invas\u00e3o no STF"},"content":{"rendered":"<p>Um homem de 52 anos de idade\u00a0<strong>tentou invadir o pr\u00e9dio do Supremo Tribunal Federal (STF) na quarta-feira (26)<\/strong>, onde teria \u201cproferido diversas amea\u00e7as, ofensas e hostiliza\u00e7\u00f5es\u201d contra ministros da corte, informou, neste s\u00e1bado (1\u00ba) a Pol\u00edcia Civil do Distrito Federal.<img decoding=\"async\" data-src=\"https:\/\/agenciabrasil.ebc.com.br\/ebc.png?id=1632514&amp;o=node\" src=\"data:image\/svg+xml;base64,PHN2ZyB3aWR0aD0iMSIgaGVpZ2h0PSIxIiB4bWxucz0iaHR0cDovL3d3dy53My5vcmcvMjAwMC9zdmciPjwvc3ZnPg==\" class=\"lazyload\" \/><img decoding=\"async\" data-src=\"https:\/\/agenciabrasil.ebc.com.br\/ebc.gif?id=1632514&amp;o=node\" src=\"data:image\/svg+xml;base64,PHN2ZyB3aWR0aD0iMSIgaGVpZ2h0PSIxIiB4bWxucz0iaHR0cDovL3d3dy53My5vcmcvMjAwMC9zdmciPjwvc3ZnPg==\" class=\"lazyload\" \/><\/p>\n<p><strong>Identificado e localizado na cidade de Samambaia<\/strong>, regi\u00e3o administrativa do DF, o suspeito de \u201ca\u00e7\u00f5es extremistas\u201d foi abordado durante o cumprimento de mandado de busca e apreens\u00e3o domiciliar.<\/p>\n<p>O homem resistiu \u00e0 pris\u00e3o, al\u00e9m de desacatar os policiais, motivo pelo qual foi autuado em flagrante pelos delitos de resist\u00eancia e desacato.<\/p>\n<p>O caso ganhou mais relev\u00e2ncia ap\u00f3s a Pol\u00edcia Civil ter\u00a0<strong>encontrado na resist\u00eancia dele artefatos para a constru\u00e7\u00e3o de bomba caseira<\/strong>, al\u00e9m de \u201cbilhetes confirmando as suas inten\u00e7\u00f5es violentas\u201d.<\/p>\n<blockquote><p>\u201cAl\u00e9m disso, foi apreendido um casaco de uso exclusivo da Pol\u00edcia Militar do DF, utilizado indevidamente pelo acusado, um aparelho celular e um computador\u201d, informou, em nota, a PCDF.<\/p><\/blockquote>\n<p>As investiga\u00e7\u00f5es continuam, segundo a Pol\u00edcia Civil,\u00a0<strong>na busca por mais informa\u00e7\u00f5es que corroborem com o crime de apologia ao crime e de amea\u00e7as \u00e0s autoridades.<\/strong><\/p>\n<p>No final da tarde a Pol\u00edcia Civil informou que o suspeito foi solto.<\/p>\n","protected":false},"excerpt":{"rendered":"<p>Um homem de 52 anos de idade\u00a0tentou invadir o pr\u00e9dio do Supremo Tribunal Federal (STF) na quarta-feira (26), onde teria \u201cproferido diversas amea\u00e7as, ofensas e hostiliza\u00e7\u00f5es\u201d contra ministros da corte, informou, neste s\u00e1bado (1\u00ba) a Pol\u00edcia Civil do Distrito Federal. Identificado e localizado na cidade de Samambaia, regi\u00e3o administrativa do DF, o suspeito de \u201ca\u00e7\u00f5es &hellip;<\/p>\n","protected":false},"author":1,"featured_media":4815,"comment_status":"closed","ping_status":"closed","sticky":false,"template":"","format":"standard","meta":{"footnotes":""},"categories":[30],"tags":[],"class_list":["post-4829","post","type-post","status-publish","format-standard","has-post-thumbnail","hentry","category-geral"],"yoast_head":"<!-- This site is optimized with the Yoast SEO plugin v27.4 - https:\/\/yoast.com\/product\/yoast-seo-wordpress\/ -->\n<title>Extremista \u00e9 preso ap\u00f3s tentativa de invas\u00e3o no STF - Transam\u00e9rica Mococa 93,3<\/title>\n<meta name=\"robots\" content=\"index, follow, max-snippet:-1, max-image-preview:large, max-video-preview:-1\" \/>\n<link rel=\"canonical\" href=\"https:\/\/transamerica93.com.br\/home\/extremista-e-preso-apos-tentativa-de-invasao-no-stf\/\" \/>\n<meta property=\"og:locale\" content=\"pt_BR\" \/>\n<meta property=\"og:type\" content=\"article\" \/>\n<meta property=\"og:title\" content=\"Extremista \u00e9 preso ap\u00f3s tentativa de invas\u00e3o no STF - Transam\u00e9rica Mococa 93,3\" \/>\n<meta property=\"og:description\" content=\"Um homem de 52 anos de idade\u00a0tentou invadir o pr\u00e9dio do Supremo Tribunal Federal (STF) na quarta-feira (26), onde teria \u201cproferido diversas amea\u00e7as, ofensas e hostiliza\u00e7\u00f5es\u201d contra ministros da corte, informou, neste s\u00e1bado (1\u00ba) a Pol\u00edcia Civil do Distrito Federal. Identificado e localizado na cidade de Samambaia, regi\u00e3o administrativa do DF, o suspeito de \u201ca\u00e7\u00f5es &hellip;\" \/>\n<meta property=\"og:url\" content=\"https:\/\/transamerica93.com.br\/home\/extremista-e-preso-apos-tentativa-de-invasao-no-stf\/\" \/>\n<meta property=\"og:site_name\" content=\"Transam\u00e9rica Mococa 93,3\" \/>\n<meta property=\"article:publisher\" content=\"https:\/\/www.facebook.com\/transamericamococa\" \/>\n<meta property=\"article:published_time\" content=\"2025-03-13T12:00:52+00:00\" \/>\n<meta property=\"og:image\" content=\"https:\/\/transamerica93.com.br\/home\/wp-content\/uploads\/2025\/03\/6.jpg\" \/>\n\t<meta property=\"og:image:width\" content=\"1170\" \/>\n\t<meta property=\"og:image:height\" content=\"700\" \/>\n\t<meta property=\"og:image:type\" content=\"image\/jpeg\" \/>\n<meta name=\"author\" content=\"Reda\u00e7\u00e3o\" \/>\n<meta name=\"twitter:card\" content=\"summary_large_image\" \/>\n<meta name=\"twitter:creator\" content=\"@transamerica933\" \/>\n<meta name=\"twitter:site\" content=\"@transamerica933\" \/>\n<meta name=\"twitter:label1\" content=\"Escrito por\" \/>\n\t<meta name=\"twitter:data1\" content=\"Reda\u00e7\u00e3o\" \/>\n\t<meta name=\"twitter:label2\" content=\"Est. tempo de leitura\" \/>\n\t<meta name=\"twitter:data2\" content=\"1 minuto\" \/>\n<script type=\"application\/ld+json\" class=\"yoast-schema-graph\">{\"@context\":\"https:\\\/\\\/schema.org\",\"@graph\":[{\"@type\":\"Article\",\"@id\":\"https:\\\/\\\/transamerica93.com.br\\\/home\\\/extremista-e-preso-apos-tentativa-de-invasao-no-stf\\\/#article\",\"isPartOf\":{\"@id\":\"https:\\\/\\\/transamerica93.com.br\\\/home\\\/extremista-e-preso-apos-tentativa-de-invasao-no-stf\\\/\"},\"author\":{\"name\":\"Reda\u00e7\u00e3o\",\"@id\":\"https:\\\/\\\/transamerica93.com.br\\\/home\\\/#\\\/schema\\\/person\\\/7fed7c99c0d4562efa8561bc0f543172\"},\"headline\":\"Extremista \u00e9 preso ap\u00f3s tentativa de invas\u00e3o no STF\",\"datePublished\":\"2025-03-13T12:00:52+00:00\",\"mainEntityOfPage\":{\"@id\":\"https:\\\/\\\/transamerica93.com.br\\\/home\\\/extremista-e-preso-apos-tentativa-de-invasao-no-stf\\\/\"},\"wordCount\":220,\"publisher\":{\"@id\":\"https:\\\/\\\/transamerica93.com.br\\\/home\\\/#organization\"},\"image\":{\"@id\":\"https:\\\/\\\/transamerica93.com.br\\\/home\\\/extremista-e-preso-apos-tentativa-de-invasao-no-stf\\\/#primaryimage\"},\"thumbnailUrl\":\"https:\\\/\\\/transamerica93.com.br\\\/home\\\/wp-content\\\/uploads\\\/2025\\\/03\\\/6.jpg\",\"articleSection\":[\"Geral\"],\"inLanguage\":\"pt-BR\"},{\"@type\":\"WebPage\",\"@id\":\"https:\\\/\\\/transamerica93.com.br\\\/home\\\/extremista-e-preso-apos-tentativa-de-invasao-no-stf\\\/\",\"url\":\"https:\\\/\\\/transamerica93.com.br\\\/home\\\/extremista-e-preso-apos-tentativa-de-invasao-no-stf\\\/\",\"name\":\"Extremista \u00e9 preso ap\u00f3s tentativa de invas\u00e3o no STF - Transam\u00e9rica Mococa 93,3\",\"isPartOf\":{\"@id\":\"https:\\\/\\\/transamerica93.com.br\\\/home\\\/#website\"},\"primaryImageOfPage\":{\"@id\":\"https:\\\/\\\/transamerica93.com.br\\\/home\\\/extremista-e-preso-apos-tentativa-de-invasao-no-stf\\\/#primaryimage\"},\"image\":{\"@id\":\"https:\\\/\\\/transamerica93.com.br\\\/home\\\/extremista-e-preso-apos-tentativa-de-invasao-no-stf\\\/#primaryimage\"},\"thumbnailUrl\":\"https:\\\/\\\/transamerica93.com.br\\\/home\\\/wp-content\\\/uploads\\\/2025\\\/03\\\/6.jpg\",\"datePublished\":\"2025-03-13T12:00:52+00:00\",\"breadcrumb\":{\"@id\":\"https:\\\/\\\/transamerica93.com.br\\\/home\\\/extremista-e-preso-apos-tentativa-de-invasao-no-stf\\\/#breadcrumb\"},\"inLanguage\":\"pt-BR\",\"potentialAction\":[{\"@type\":\"ReadAction\",\"target\":[\"https:\\\/\\\/transamerica93.com.br\\\/home\\\/extremista-e-preso-apos-tentativa-de-invasao-no-stf\\\/\"]}]},{\"@type\":\"ImageObject\",\"inLanguage\":\"pt-BR\",\"@id\":\"https:\\\/\\\/transamerica93.com.br\\\/home\\\/extremista-e-preso-apos-tentativa-de-invasao-no-stf\\\/#primaryimage\",\"url\":\"https:\\\/\\\/transamerica93.com.br\\\/home\\\/wp-content\\\/uploads\\\/2025\\\/03\\\/6.jpg\",\"contentUrl\":\"https:\\\/\\\/transamerica93.com.br\\\/home\\\/wp-content\\\/uploads\\\/2025\\\/03\\\/6.jpg\",\"width\":1170,\"height\":700,\"caption\":\"\u00a9 Marcello Casal JrAg\u00eancia Brasil\"},{\"@type\":\"BreadcrumbList\",\"@id\":\"https:\\\/\\\/transamerica93.com.br\\\/home\\\/extremista-e-preso-apos-tentativa-de-invasao-no-stf\\\/#breadcrumb\",\"itemListElement\":[{\"@type\":\"ListItem\",\"position\":1,\"name\":\"In\u00edcio\",\"item\":\"https:\\\/\\\/transamerica93.com.br\\\/home\\\/\"},{\"@type\":\"ListItem\",\"position\":2,\"name\":\"Extremista \u00e9 preso ap\u00f3s tentativa de invas\u00e3o no STF\"}]},{\"@type\":\"WebSite\",\"@id\":\"https:\\\/\\\/transamerica93.com.br\\\/home\\\/#website\",\"url\":\"https:\\\/\\\/transamerica93.com.br\\\/home\\\/\",\"name\":\"Transam\u00e9rica Mococa 93,3\",\"description\":\"\",\"publisher\":{\"@id\":\"https:\\\/\\\/transamerica93.com.br\\\/home\\\/#organization\"},\"potentialAction\":[{\"@type\":\"SearchAction\",\"target\":{\"@type\":\"EntryPoint\",\"urlTemplate\":\"https:\\\/\\\/transamerica93.com.br\\\/home\\\/?s={search_term_string}\"},\"query-input\":{\"@type\":\"PropertyValueSpecification\",\"valueRequired\":true,\"valueName\":\"search_term_string\"}}],\"inLanguage\":\"pt-BR\"},{\"@type\":\"Organization\",\"@id\":\"https:\\\/\\\/transamerica93.com.br\\\/home\\\/#organization\",\"name\":\"Transam\u00e9rica Mococa 93,3\",\"url\":\"https:\\\/\\\/transamerica93.com.br\\\/home\\\/\",\"logo\":{\"@type\":\"ImageObject\",\"inLanguage\":\"pt-BR\",\"@id\":\"https:\\\/\\\/transamerica93.com.br\\\/home\\\/#\\\/schema\\\/logo\\\/image\\\/\",\"url\":\"https:\\\/\\\/transamerica93.com.br\\\/home\\\/wp-content\\\/uploads\\\/2023\\\/10\\\/logo2.png\",\"contentUrl\":\"https:\\\/\\\/transamerica93.com.br\\\/home\\\/wp-content\\\/uploads\\\/2023\\\/10\\\/logo2.png\",\"width\":800,\"height\":500,\"caption\":\"Transam\u00e9rica Mococa 93,3\"},\"image\":{\"@id\":\"https:\\\/\\\/transamerica93.com.br\\\/home\\\/#\\\/schema\\\/logo\\\/image\\\/\"},\"sameAs\":[\"https:\\\/\\\/www.facebook.com\\\/transamericamococa\",\"https:\\\/\\\/x.com\\\/transamerica933\",\"https:\\\/\\\/www.instagram.com\\\/transamericamococa\"]},{\"@type\":\"Person\",\"@id\":\"https:\\\/\\\/transamerica93.com.br\\\/home\\\/#\\\/schema\\\/person\\\/7fed7c99c0d4562efa8561bc0f543172\",\"name\":\"Reda\u00e7\u00e3o\",\"image\":{\"@type\":\"ImageObject\",\"inLanguage\":\"pt-BR\",\"@id\":\"https:\\\/\\\/secure.gravatar.com\\\/avatar\\\/1072c6b775fb02ef8506ce967551d95926669a6b7d2c2147b42eea4d7c68395e?s=96&d=mm&r=g\",\"url\":\"https:\\\/\\\/secure.gravatar.com\\\/avatar\\\/1072c6b775fb02ef8506ce967551d95926669a6b7d2c2147b42eea4d7c68395e?s=96&d=mm&r=g\",\"contentUrl\":\"https:\\\/\\\/secure.gravatar.com\\\/avatar\\\/1072c6b775fb02ef8506ce967551d95926669a6b7d2c2147b42eea4d7c68395e?s=96&d=mm&r=g\",\"caption\":\"Reda\u00e7\u00e3o\"},\"sameAs\":[\"https:\\\/\\\/transamerica93.com.br\\\/home\"],\"url\":\"https:\\\/\\\/transamerica93.com.br\\\/home\\\/author\\\/william\\\/\"}]}<\/script>\n<!-- \/ Yoast SEO plugin. -->","yoast_head_json":{"title":"Extremista \u00e9 preso ap\u00f3s tentativa de invas\u00e3o no STF - Transam\u00e9rica Mococa 93,3","robots":{"index":"index","follow":"follow","max-snippet":"max-snippet:-1","max-image-preview":"max-image-preview:large","max-video-preview":"max-video-preview:-1"},"canonical":"https:\/\/transamerica93.com.br\/home\/extremista-e-preso-apos-tentativa-de-invasao-no-stf\/","og_locale":"pt_BR","og_type":"article","og_title":"Extremista \u00e9 preso ap\u00f3s tentativa de invas\u00e3o no STF - Transam\u00e9rica Mococa 93,3","og_description":"Um homem de 52 anos de idade\u00a0tentou invadir o pr\u00e9dio do Supremo Tribunal Federal (STF) na quarta-feira (26), onde teria \u201cproferido diversas amea\u00e7as, ofensas e hostiliza\u00e7\u00f5es\u201d contra ministros da corte, informou, neste s\u00e1bado (1\u00ba) a Pol\u00edcia Civil do Distrito Federal. Identificado e localizado na cidade de Samambaia, regi\u00e3o administrativa do DF, o suspeito de \u201ca\u00e7\u00f5es &hellip;","og_url":"https:\/\/transamerica93.com.br\/home\/extremista-e-preso-apos-tentativa-de-invasao-no-stf\/","og_site_name":"Transam\u00e9rica Mococa 93,3","article_publisher":"https:\/\/www.facebook.com\/transamericamococa","article_published_time":"2025-03-13T12:00:52+00:00","og_image":[{"width":1170,"height":700,"url":"https:\/\/transamerica93.com.br\/home\/wp-content\/uploads\/2025\/03\/6.jpg","type":"image\/jpeg"}],"author":"Reda\u00e7\u00e3o","twitter_card":"summary_large_image","twitter_creator":"@transamerica933","twitter_site":"@transamerica933","twitter_misc":{"Escrito por":"Reda\u00e7\u00e3o","Est. tempo de leitura":"1 minuto"},"schema":{"@context":"https:\/\/schema.org","@graph":[{"@type":"Article","@id":"https:\/\/transamerica93.com.br\/home\/extremista-e-preso-apos-tentativa-de-invasao-no-stf\/#article","isPartOf":{"@id":"https:\/\/transamerica93.com.br\/home\/extremista-e-preso-apos-tentativa-de-invasao-no-stf\/"},"author":{"name":"Reda\u00e7\u00e3o","@id":"https:\/\/transamerica93.com.br\/home\/#\/schema\/person\/7fed7c99c0d4562efa8561bc0f543172"},"headline":"Extremista \u00e9 preso ap\u00f3s tentativa de invas\u00e3o no STF","datePublished":"2025-03-13T12:00:52+00:00","mainEntityOfPage":{"@id":"https:\/\/transamerica93.com.br\/home\/extremista-e-preso-apos-tentativa-de-invasao-no-stf\/"},"wordCount":220,"publisher":{"@id":"https:\/\/transamerica93.com.br\/home\/#organization"},"image":{"@id":"https:\/\/transamerica93.com.br\/home\/extremista-e-preso-apos-tentativa-de-invasao-no-stf\/#primaryimage"},"thumbnailUrl":"https:\/\/transamerica93.com.br\/home\/wp-content\/uploads\/2025\/03\/6.jpg","articleSection":["Geral"],"inLanguage":"pt-BR"},{"@type":"WebPage","@id":"https:\/\/transamerica93.com.br\/home\/extremista-e-preso-apos-tentativa-de-invasao-no-stf\/","url":"https:\/\/transamerica93.com.br\/home\/extremista-e-preso-apos-tentativa-de-invasao-no-stf\/","name":"Extremista \u00e9 preso ap\u00f3s tentativa de invas\u00e3o no STF - Transam\u00e9rica Mococa 93,3","isPartOf":{"@id":"https:\/\/transamerica93.com.br\/home\/#website"},"primaryImageOfPage":{"@id":"https:\/\/transamerica93.com.br\/home\/extremista-e-preso-apos-tentativa-de-invasao-no-stf\/#primaryimage"},"image":{"@id":"https:\/\/transamerica93.com.br\/home\/extremista-e-preso-apos-tentativa-de-invasao-no-stf\/#primaryimage"},"thumbnailUrl":"https:\/\/transamerica93.com.br\/home\/wp-content\/uploads\/2025\/03\/6.jpg","datePublished":"2025-03-13T12:00:52+00:00","breadcrumb":{"@id":"https:\/\/transamerica93.com.br\/home\/extremista-e-preso-apos-tentativa-de-invasao-no-stf\/#breadcrumb"},"inLanguage":"pt-BR","potentialAction":[{"@type":"ReadAction","target":["https:\/\/transamerica93.com.br\/home\/extremista-e-preso-apos-tentativa-de-invasao-no-stf\/"]}]},{"@type":"ImageObject","inLanguage":"pt-BR","@id":"https:\/\/transamerica93.com.br\/home\/extremista-e-preso-apos-tentativa-de-invasao-no-stf\/#primaryimage","url":"https:\/\/transamerica93.com.br\/home\/wp-content\/uploads\/2025\/03\/6.jpg","contentUrl":"https:\/\/transamerica93.com.br\/home\/wp-content\/uploads\/2025\/03\/6.jpg","width":1170,"height":700,"caption":"\u00a9 Marcello Casal JrAg\u00eancia Brasil"},{"@type":"BreadcrumbList","@id":"https:\/\/transamerica93.com.br\/home\/extremista-e-preso-apos-tentativa-de-invasao-no-stf\/#breadcrumb","itemListElement":[{"@type":"ListItem","position":1,"name":"In\u00edcio","item":"https:\/\/transamerica93.com.br\/home\/"},{"@type":"ListItem","position":2,"name":"Extremista \u00e9 preso ap\u00f3s tentativa de invas\u00e3o no STF"}]},{"@type":"WebSite","@id":"https:\/\/transamerica93.com.br\/home\/#website","url":"https:\/\/transamerica93.com.br\/home\/","name":"Transam\u00e9rica Mococa 93,3","description":"","publisher":{"@id":"https:\/\/transamerica93.com.br\/home\/#organization"},"potentialAction":[{"@type":"SearchAction","target":{"@type":"EntryPoint","urlTemplate":"https:\/\/transamerica93.com.br\/home\/?s={search_term_string}"},"query-input":{"@type":"PropertyValueSpecification","valueRequired":true,"valueName":"search_term_string"}}],"inLanguage":"pt-BR"},{"@type":"Organization","@id":"https:\/\/transamerica93.com.br\/home\/#organization","name":"Transam\u00e9rica Mococa 93,3","url":"https:\/\/transamerica93.com.br\/home\/","logo":{"@type":"ImageObject","inLanguage":"pt-BR","@id":"https:\/\/transamerica93.com.br\/home\/#\/schema\/logo\/image\/","url":"https:\/\/transamerica93.com.br\/home\/wp-content\/uploads\/2023\/10\/logo2.png","contentUrl":"https:\/\/transamerica93.com.br\/home\/wp-content\/uploads\/2023\/10\/logo2.png","width":800,"height":500,"caption":"Transam\u00e9rica Mococa 93,3"},"image":{"@id":"https:\/\/transamerica93.com.br\/home\/#\/schema\/logo\/image\/"},"sameAs":["https:\/\/www.facebook.com\/transamericamococa","https:\/\/x.com\/transamerica933","https:\/\/www.instagram.com\/transamericamococa"]},{"@type":"Person","@id":"https:\/\/transamerica93.com.br\/home\/#\/schema\/person\/7fed7c99c0d4562efa8561bc0f543172","name":"Reda\u00e7\u00e3o","image":{"@type":"ImageObject","inLanguage":"pt-BR","@id":"https:\/\/secure.gravatar.com\/avatar\/1072c6b775fb02ef8506ce967551d95926669a6b7d2c2147b42eea4d7c68395e?s=96&d=mm&r=g","url":"https:\/\/secure.gravatar.com\/avatar\/1072c6b775fb02ef8506ce967551d95926669a6b7d2c2147b42eea4d7c68395e?s=96&d=mm&r=g","contentUrl":"https:\/\/secure.gravatar.com\/avatar\/1072c6b775fb02ef8506ce967551d95926669a6b7d2c2147b42eea4d7c68395e?s=96&d=mm&r=g","caption":"Reda\u00e7\u00e3o"},"sameAs":["https:\/\/transamerica93.com.br\/home"],"url":"https:\/\/transamerica93.com.br\/home\/author\/william\/"}]}},"_links":{"self":[{"href":"https:\/\/transamerica93.com.br\/home\/wp-json\/wp\/v2\/posts\/4829","targetHints":{"allow":["GET"]}}],"collection":[{"href":"https:\/\/transamerica93.com.br\/home\/wp-json\/wp\/v2\/posts"}],"about":[{"href":"https:\/\/transamerica93.com.br\/home\/wp-json\/wp\/v2\/types\/post"}],"author":[{"embeddable":true,"href":"https:\/\/transamerica93.com.br\/home\/wp-json\/wp\/v2\/users\/1"}],"replies":[{"embeddable":true,"href":"https:\/\/transamerica93.com.br\/home\/wp-json\/wp\/v2\/comments?post=4829"}],"version-history":[{"count":1,"href":"https:\/\/transamerica93.com.br\/home\/wp-json\/wp\/v2\/posts\/4829\/revisions"}],"predecessor-version":[{"id":4830,"href":"https:\/\/transamerica93.com.br\/home\/wp-json\/wp\/v2\/posts\/4829\/revisions\/4830"}],"wp:featuredmedia":[{"embeddable":true,"href":"https:\/\/transamerica93.com.br\/home\/wp-json\/wp\/v2\/media\/4815"}],"wp:attachment":[{"href":"https:\/\/transamerica93.com.br\/home\/wp-json\/wp\/v2\/media?parent=4829"}],"wp:term":[{"taxonomy":"category","embeddable":true,"href":"https:\/\/transamerica93.com.br\/home\/wp-json\/wp\/v2\/categories?post=4829"},{"taxonomy":"post_tag","embeddable":true,"href":"https:\/\/transamerica93.com.br\/home\/wp-json\/wp\/v2\/tags?post=4829"}],"curies":[{"name":"wp","href":"https:\/\/api.w.org\/{rel}","templated":true}]}}