{"id":4844,"date":"2025-03-06T12:00:25","date_gmt":"2025-03-06T15:00:25","guid":{"rendered":"https:\/\/transamerica93.com.br\/home\/?p=4844"},"modified":"2025-03-05T06:11:17","modified_gmt":"2025-03-05T09:11:17","slug":"acidente-com-jogadores-do-bragantino-deixa-um-em-estado-grave","status":"publish","type":"post","link":"https:\/\/transamerica93.com.br\/home\/acidente-com-jogadores-do-bragantino-deixa-um-em-estado-grave\/","title":{"rendered":"Acidente com jogadores do Bragantino deixa um em estado grave"},"content":{"rendered":"<p>Dois jogadores da equipe sub-20 do Bragantino \u2013 Pedro Castro e Pedro Severino \u2013 ficaram feridos em um acidente que aconteceu na madrugada desta ter\u00e7a-feira (4) na Rodovia Anhanguera, quando retornavam do per\u00edodo de folga para apresenta\u00e7\u00e3o no clube paulista.<img decoding=\"async\" data-src=\"https:\/\/agenciabrasil.ebc.com.br\/ebc.png?id=1633128&amp;o=node\" src=\"data:image\/svg+xml;base64,PHN2ZyB3aWR0aD0iMSIgaGVpZ2h0PSIxIiB4bWxucz0iaHR0cDovL3d3dy53My5vcmcvMjAwMC9zdmciPjwvc3ZnPg==\" class=\"lazyload\" \/><img decoding=\"async\" data-src=\"https:\/\/agenciabrasil.ebc.com.br\/ebc.gif?id=1633128&amp;o=node\" src=\"data:image\/svg+xml;base64,PHN2ZyB3aWR0aD0iMSIgaGVpZ2h0PSIxIiB4bWxucz0iaHR0cDovL3d3dy53My5vcmcvMjAwMC9zdmciPjwvc3ZnPg==\" class=\"lazyload\" \/><\/p>\n<p><strong>Em nota, o Bragantino informou que ambos os atletas estavam em um ve\u00edculo que colidiu com uma carreta<\/strong>. Segundo o clube, nenhum dos jogadores dirigia o ve\u00edculo no momento do acidente.<\/p>\n<p>O Hospital Municipal Waldemar Tebaldi, para onde os jogadores foram levados, informou que os atletas chegaram ao pronto-socorro da unidade por volta das 6h17 e foram prontamente atendidos pela equipe m\u00e9dica, seguindo todos os protocolos de emerg\u00eancia estabelecidos.<\/p>\n<blockquote><p>\u201cUm dos jovens, de 19 anos, chegou em estado cr\u00edtico, inconsciente, apresentando um trauma grave na cabe\u00e7a. Devido \u00e0 severidade do ferimento, o paciente foi imediatamente encaminhado para cirurgia de emerg\u00eancia. O procedimento foi realizado com sucesso, focando no tratamento do traumatismo craniano.\u201d<\/p><\/blockquote>\n<p>\u201cApesar da interven\u00e7\u00e3o cir\u00fargica, o quadro do paciente permanece extremamente delicado. Ele est\u00e1 atualmente sob cuidados intensivos, com suporte respirat\u00f3rio, e seu estado \u00e9 considerado grav\u00edssimo pela equipe m\u00e9dica\u201d, destacou o comunicado emitido pelo hospital.<\/p>\n<p>Ainda de acordo com a nota, a fam\u00edlia do jogador em estado grave deseja transferir o paciente para outro hospital, mas a transfer\u00eancia s\u00f3 poder\u00e1 ser realizada com seguran\u00e7a quando o quadro cl\u00ednico for devidamente estabilizado.<\/p>\n<p><strong>O outro jovem, segundo o hospital, apresentou ferimentos leves, com algumas escoria\u00e7\u00f5es pelo corpo<\/strong>.<\/p>\n<blockquote><p>\u201cEle est\u00e1 em observa\u00e7\u00e3o na unidade hospitalar, recebendo os cuidados necess\u00e1rios e passando por exames complementares para garantir que n\u00e3o haja complica\u00e7\u00f5es n\u00e3o identificadas inicialmente\u201d.<\/p><\/blockquote>\n<p>O jovem de 18 anos teve alta m\u00e9dica\u00a0\u00e0s 16h50, no Hospital Municipal Waldemar Tebaldi.\u00a0Com ferimentos e escoria\u00e7\u00f5es leves, o jovem ficou em observa\u00e7\u00e3o na unidade hospitalar, recebendo os cuidados necess\u00e1rios e exames complementares, at\u00e9 receber a alta m\u00e9dica.<\/p>\n","protected":false},"excerpt":{"rendered":"<p>Dois jogadores da equipe sub-20 do Bragantino \u2013 Pedro Castro e Pedro Severino \u2013 ficaram feridos em um acidente que aconteceu na madrugada desta ter\u00e7a-feira (4) na Rodovia Anhanguera, quando retornavam do per\u00edodo de folga para apresenta\u00e7\u00e3o no clube paulista. Em nota, o Bragantino informou que ambos os atletas estavam em um ve\u00edculo que colidiu &hellip;<\/p>\n","protected":false},"author":1,"featured_media":4835,"comment_status":"closed","ping_status":"closed","sticky":false,"template":"","format":"standard","meta":{"footnotes":""},"categories":[31],"tags":[],"class_list":["post-4844","post","type-post","status-publish","format-standard","has-post-thumbnail","hentry","category-esportes"],"yoast_head":"<!-- This site is optimized with the Yoast SEO plugin v27.4 - https:\/\/yoast.com\/product\/yoast-seo-wordpress\/ -->\n<title>Acidente com jogadores do Bragantino deixa um em estado grave - Transam\u00e9rica Mococa 93,3<\/title>\n<meta name=\"robots\" content=\"index, follow, max-snippet:-1, max-image-preview:large, max-video-preview:-1\" \/>\n<link rel=\"canonical\" href=\"https:\/\/transamerica93.com.br\/home\/acidente-com-jogadores-do-bragantino-deixa-um-em-estado-grave\/\" \/>\n<meta property=\"og:locale\" content=\"pt_BR\" \/>\n<meta property=\"og:type\" content=\"article\" \/>\n<meta property=\"og:title\" content=\"Acidente com jogadores do Bragantino deixa um em estado grave - Transam\u00e9rica Mococa 93,3\" \/>\n<meta property=\"og:description\" content=\"Dois jogadores da equipe sub-20 do Bragantino \u2013 Pedro Castro e Pedro Severino \u2013 ficaram feridos em um acidente que aconteceu na madrugada desta ter\u00e7a-feira (4) na Rodovia Anhanguera, quando retornavam do per\u00edodo de folga para apresenta\u00e7\u00e3o no clube paulista. Em nota, o Bragantino informou que ambos os atletas estavam em um ve\u00edculo que colidiu &hellip;\" \/>\n<meta property=\"og:url\" content=\"https:\/\/transamerica93.com.br\/home\/acidente-com-jogadores-do-bragantino-deixa-um-em-estado-grave\/\" \/>\n<meta property=\"og:site_name\" content=\"Transam\u00e9rica Mococa 93,3\" \/>\n<meta property=\"article:publisher\" content=\"https:\/\/www.facebook.com\/transamericamococa\" \/>\n<meta property=\"article:published_time\" content=\"2025-03-06T15:00:25+00:00\" \/>\n<meta property=\"og:image\" content=\"https:\/\/transamerica93.com.br\/home\/wp-content\/uploads\/2025\/03\/2-1.jpg\" \/>\n\t<meta property=\"og:image:width\" content=\"1170\" \/>\n\t<meta property=\"og:image:height\" content=\"700\" \/>\n\t<meta property=\"og:image:type\" content=\"image\/jpeg\" \/>\n<meta name=\"author\" content=\"Reda\u00e7\u00e3o\" \/>\n<meta name=\"twitter:card\" content=\"summary_large_image\" \/>\n<meta name=\"twitter:creator\" content=\"@transamerica933\" \/>\n<meta name=\"twitter:site\" content=\"@transamerica933\" \/>\n<meta name=\"twitter:label1\" content=\"Escrito por\" \/>\n\t<meta name=\"twitter:data1\" content=\"Reda\u00e7\u00e3o\" \/>\n\t<meta name=\"twitter:label2\" content=\"Est. tempo de leitura\" \/>\n\t<meta name=\"twitter:data2\" content=\"2 minutos\" \/>\n<script type=\"application\/ld+json\" class=\"yoast-schema-graph\">{\"@context\":\"https:\\\/\\\/schema.org\",\"@graph\":[{\"@type\":\"Article\",\"@id\":\"https:\\\/\\\/transamerica93.com.br\\\/home\\\/acidente-com-jogadores-do-bragantino-deixa-um-em-estado-grave\\\/#article\",\"isPartOf\":{\"@id\":\"https:\\\/\\\/transamerica93.com.br\\\/home\\\/acidente-com-jogadores-do-bragantino-deixa-um-em-estado-grave\\\/\"},\"author\":{\"name\":\"Reda\u00e7\u00e3o\",\"@id\":\"https:\\\/\\\/transamerica93.com.br\\\/home\\\/#\\\/schema\\\/person\\\/7fed7c99c0d4562efa8561bc0f543172\"},\"headline\":\"Acidente com jogadores do Bragantino deixa um em estado grave\",\"datePublished\":\"2025-03-06T15:00:25+00:00\",\"mainEntityOfPage\":{\"@id\":\"https:\\\/\\\/transamerica93.com.br\\\/home\\\/acidente-com-jogadores-do-bragantino-deixa-um-em-estado-grave\\\/\"},\"wordCount\":335,\"publisher\":{\"@id\":\"https:\\\/\\\/transamerica93.com.br\\\/home\\\/#organization\"},\"image\":{\"@id\":\"https:\\\/\\\/transamerica93.com.br\\\/home\\\/acidente-com-jogadores-do-bragantino-deixa-um-em-estado-grave\\\/#primaryimage\"},\"thumbnailUrl\":\"https:\\\/\\\/transamerica93.com.br\\\/home\\\/wp-content\\\/uploads\\\/2025\\\/03\\\/2-1.jpg\",\"articleSection\":[\"Esportes\"],\"inLanguage\":\"pt-BR\"},{\"@type\":\"WebPage\",\"@id\":\"https:\\\/\\\/transamerica93.com.br\\\/home\\\/acidente-com-jogadores-do-bragantino-deixa-um-em-estado-grave\\\/\",\"url\":\"https:\\\/\\\/transamerica93.com.br\\\/home\\\/acidente-com-jogadores-do-bragantino-deixa-um-em-estado-grave\\\/\",\"name\":\"Acidente com jogadores do Bragantino deixa um em estado grave - Transam\u00e9rica Mococa 93,3\",\"isPartOf\":{\"@id\":\"https:\\\/\\\/transamerica93.com.br\\\/home\\\/#website\"},\"primaryImageOfPage\":{\"@id\":\"https:\\\/\\\/transamerica93.com.br\\\/home\\\/acidente-com-jogadores-do-bragantino-deixa-um-em-estado-grave\\\/#primaryimage\"},\"image\":{\"@id\":\"https:\\\/\\\/transamerica93.com.br\\\/home\\\/acidente-com-jogadores-do-bragantino-deixa-um-em-estado-grave\\\/#primaryimage\"},\"thumbnailUrl\":\"https:\\\/\\\/transamerica93.com.br\\\/home\\\/wp-content\\\/uploads\\\/2025\\\/03\\\/2-1.jpg\",\"datePublished\":\"2025-03-06T15:00:25+00:00\",\"breadcrumb\":{\"@id\":\"https:\\\/\\\/transamerica93.com.br\\\/home\\\/acidente-com-jogadores-do-bragantino-deixa-um-em-estado-grave\\\/#breadcrumb\"},\"inLanguage\":\"pt-BR\",\"potentialAction\":[{\"@type\":\"ReadAction\",\"target\":[\"https:\\\/\\\/transamerica93.com.br\\\/home\\\/acidente-com-jogadores-do-bragantino-deixa-um-em-estado-grave\\\/\"]}]},{\"@type\":\"ImageObject\",\"inLanguage\":\"pt-BR\",\"@id\":\"https:\\\/\\\/transamerica93.com.br\\\/home\\\/acidente-com-jogadores-do-bragantino-deixa-um-em-estado-grave\\\/#primaryimage\",\"url\":\"https:\\\/\\\/transamerica93.com.br\\\/home\\\/wp-content\\\/uploads\\\/2025\\\/03\\\/2-1.jpg\",\"contentUrl\":\"https:\\\/\\\/transamerica93.com.br\\\/home\\\/wp-content\\\/uploads\\\/2025\\\/03\\\/2-1.jpg\",\"width\":1170,\"height\":700},{\"@type\":\"BreadcrumbList\",\"@id\":\"https:\\\/\\\/transamerica93.com.br\\\/home\\\/acidente-com-jogadores-do-bragantino-deixa-um-em-estado-grave\\\/#breadcrumb\",\"itemListElement\":[{\"@type\":\"ListItem\",\"position\":1,\"name\":\"In\u00edcio\",\"item\":\"https:\\\/\\\/transamerica93.com.br\\\/home\\\/\"},{\"@type\":\"ListItem\",\"position\":2,\"name\":\"Acidente com jogadores do Bragantino deixa um em estado grave\"}]},{\"@type\":\"WebSite\",\"@id\":\"https:\\\/\\\/transamerica93.com.br\\\/home\\\/#website\",\"url\":\"https:\\\/\\\/transamerica93.com.br\\\/home\\\/\",\"name\":\"Transam\u00e9rica Mococa 93,3\",\"description\":\"\",\"publisher\":{\"@id\":\"https:\\\/\\\/transamerica93.com.br\\\/home\\\/#organization\"},\"potentialAction\":[{\"@type\":\"SearchAction\",\"target\":{\"@type\":\"EntryPoint\",\"urlTemplate\":\"https:\\\/\\\/transamerica93.com.br\\\/home\\\/?s={search_term_string}\"},\"query-input\":{\"@type\":\"PropertyValueSpecification\",\"valueRequired\":true,\"valueName\":\"search_term_string\"}}],\"inLanguage\":\"pt-BR\"},{\"@type\":\"Organization\",\"@id\":\"https:\\\/\\\/transamerica93.com.br\\\/home\\\/#organization\",\"name\":\"Transam\u00e9rica Mococa 93,3\",\"url\":\"https:\\\/\\\/transamerica93.com.br\\\/home\\\/\",\"logo\":{\"@type\":\"ImageObject\",\"inLanguage\":\"pt-BR\",\"@id\":\"https:\\\/\\\/transamerica93.com.br\\\/home\\\/#\\\/schema\\\/logo\\\/image\\\/\",\"url\":\"https:\\\/\\\/transamerica93.com.br\\\/home\\\/wp-content\\\/uploads\\\/2023\\\/10\\\/logo2.png\",\"contentUrl\":\"https:\\\/\\\/transamerica93.com.br\\\/home\\\/wp-content\\\/uploads\\\/2023\\\/10\\\/logo2.png\",\"width\":800,\"height\":500,\"caption\":\"Transam\u00e9rica Mococa 93,3\"},\"image\":{\"@id\":\"https:\\\/\\\/transamerica93.com.br\\\/home\\\/#\\\/schema\\\/logo\\\/image\\\/\"},\"sameAs\":[\"https:\\\/\\\/www.facebook.com\\\/transamericamococa\",\"https:\\\/\\\/x.com\\\/transamerica933\",\"https:\\\/\\\/www.instagram.com\\\/transamericamococa\"]},{\"@type\":\"Person\",\"@id\":\"https:\\\/\\\/transamerica93.com.br\\\/home\\\/#\\\/schema\\\/person\\\/7fed7c99c0d4562efa8561bc0f543172\",\"name\":\"Reda\u00e7\u00e3o\",\"image\":{\"@type\":\"ImageObject\",\"inLanguage\":\"pt-BR\",\"@id\":\"https:\\\/\\\/secure.gravatar.com\\\/avatar\\\/1072c6b775fb02ef8506ce967551d95926669a6b7d2c2147b42eea4d7c68395e?s=96&d=mm&r=g\",\"url\":\"https:\\\/\\\/secure.gravatar.com\\\/avatar\\\/1072c6b775fb02ef8506ce967551d95926669a6b7d2c2147b42eea4d7c68395e?s=96&d=mm&r=g\",\"contentUrl\":\"https:\\\/\\\/secure.gravatar.com\\\/avatar\\\/1072c6b775fb02ef8506ce967551d95926669a6b7d2c2147b42eea4d7c68395e?s=96&d=mm&r=g\",\"caption\":\"Reda\u00e7\u00e3o\"},\"sameAs\":[\"https:\\\/\\\/transamerica93.com.br\\\/home\"],\"url\":\"https:\\\/\\\/transamerica93.com.br\\\/home\\\/author\\\/william\\\/\"}]}<\/script>\n<!-- \/ Yoast SEO plugin. -->","yoast_head_json":{"title":"Acidente com jogadores do Bragantino deixa um em estado grave - Transam\u00e9rica Mococa 93,3","robots":{"index":"index","follow":"follow","max-snippet":"max-snippet:-1","max-image-preview":"max-image-preview:large","max-video-preview":"max-video-preview:-1"},"canonical":"https:\/\/transamerica93.com.br\/home\/acidente-com-jogadores-do-bragantino-deixa-um-em-estado-grave\/","og_locale":"pt_BR","og_type":"article","og_title":"Acidente com jogadores do Bragantino deixa um em estado grave - Transam\u00e9rica Mococa 93,3","og_description":"Dois jogadores da equipe sub-20 do Bragantino \u2013 Pedro Castro e Pedro Severino \u2013 ficaram feridos em um acidente que aconteceu na madrugada desta ter\u00e7a-feira (4) na Rodovia Anhanguera, quando retornavam do per\u00edodo de folga para apresenta\u00e7\u00e3o no clube paulista. Em nota, o Bragantino informou que ambos os atletas estavam em um ve\u00edculo que colidiu &hellip;","og_url":"https:\/\/transamerica93.com.br\/home\/acidente-com-jogadores-do-bragantino-deixa-um-em-estado-grave\/","og_site_name":"Transam\u00e9rica Mococa 93,3","article_publisher":"https:\/\/www.facebook.com\/transamericamococa","article_published_time":"2025-03-06T15:00:25+00:00","og_image":[{"width":1170,"height":700,"url":"https:\/\/transamerica93.com.br\/home\/wp-content\/uploads\/2025\/03\/2-1.jpg","type":"image\/jpeg"}],"author":"Reda\u00e7\u00e3o","twitter_card":"summary_large_image","twitter_creator":"@transamerica933","twitter_site":"@transamerica933","twitter_misc":{"Escrito por":"Reda\u00e7\u00e3o","Est. tempo de leitura":"2 minutos"},"schema":{"@context":"https:\/\/schema.org","@graph":[{"@type":"Article","@id":"https:\/\/transamerica93.com.br\/home\/acidente-com-jogadores-do-bragantino-deixa-um-em-estado-grave\/#article","isPartOf":{"@id":"https:\/\/transamerica93.com.br\/home\/acidente-com-jogadores-do-bragantino-deixa-um-em-estado-grave\/"},"author":{"name":"Reda\u00e7\u00e3o","@id":"https:\/\/transamerica93.com.br\/home\/#\/schema\/person\/7fed7c99c0d4562efa8561bc0f543172"},"headline":"Acidente com jogadores do Bragantino deixa um em estado grave","datePublished":"2025-03-06T15:00:25+00:00","mainEntityOfPage":{"@id":"https:\/\/transamerica93.com.br\/home\/acidente-com-jogadores-do-bragantino-deixa-um-em-estado-grave\/"},"wordCount":335,"publisher":{"@id":"https:\/\/transamerica93.com.br\/home\/#organization"},"image":{"@id":"https:\/\/transamerica93.com.br\/home\/acidente-com-jogadores-do-bragantino-deixa-um-em-estado-grave\/#primaryimage"},"thumbnailUrl":"https:\/\/transamerica93.com.br\/home\/wp-content\/uploads\/2025\/03\/2-1.jpg","articleSection":["Esportes"],"inLanguage":"pt-BR"},{"@type":"WebPage","@id":"https:\/\/transamerica93.com.br\/home\/acidente-com-jogadores-do-bragantino-deixa-um-em-estado-grave\/","url":"https:\/\/transamerica93.com.br\/home\/acidente-com-jogadores-do-bragantino-deixa-um-em-estado-grave\/","name":"Acidente com jogadores do Bragantino deixa um em estado grave - Transam\u00e9rica Mococa 93,3","isPartOf":{"@id":"https:\/\/transamerica93.com.br\/home\/#website"},"primaryImageOfPage":{"@id":"https:\/\/transamerica93.com.br\/home\/acidente-com-jogadores-do-bragantino-deixa-um-em-estado-grave\/#primaryimage"},"image":{"@id":"https:\/\/transamerica93.com.br\/home\/acidente-com-jogadores-do-bragantino-deixa-um-em-estado-grave\/#primaryimage"},"thumbnailUrl":"https:\/\/transamerica93.com.br\/home\/wp-content\/uploads\/2025\/03\/2-1.jpg","datePublished":"2025-03-06T15:00:25+00:00","breadcrumb":{"@id":"https:\/\/transamerica93.com.br\/home\/acidente-com-jogadores-do-bragantino-deixa-um-em-estado-grave\/#breadcrumb"},"inLanguage":"pt-BR","potentialAction":[{"@type":"ReadAction","target":["https:\/\/transamerica93.com.br\/home\/acidente-com-jogadores-do-bragantino-deixa-um-em-estado-grave\/"]}]},{"@type":"ImageObject","inLanguage":"pt-BR","@id":"https:\/\/transamerica93.com.br\/home\/acidente-com-jogadores-do-bragantino-deixa-um-em-estado-grave\/#primaryimage","url":"https:\/\/transamerica93.com.br\/home\/wp-content\/uploads\/2025\/03\/2-1.jpg","contentUrl":"https:\/\/transamerica93.com.br\/home\/wp-content\/uploads\/2025\/03\/2-1.jpg","width":1170,"height":700},{"@type":"BreadcrumbList","@id":"https:\/\/transamerica93.com.br\/home\/acidente-com-jogadores-do-bragantino-deixa-um-em-estado-grave\/#breadcrumb","itemListElement":[{"@type":"ListItem","position":1,"name":"In\u00edcio","item":"https:\/\/transamerica93.com.br\/home\/"},{"@type":"ListItem","position":2,"name":"Acidente com jogadores do Bragantino deixa um em estado grave"}]},{"@type":"WebSite","@id":"https:\/\/transamerica93.com.br\/home\/#website","url":"https:\/\/transamerica93.com.br\/home\/","name":"Transam\u00e9rica Mococa 93,3","description":"","publisher":{"@id":"https:\/\/transamerica93.com.br\/home\/#organization"},"potentialAction":[{"@type":"SearchAction","target":{"@type":"EntryPoint","urlTemplate":"https:\/\/transamerica93.com.br\/home\/?s={search_term_string}"},"query-input":{"@type":"PropertyValueSpecification","valueRequired":true,"valueName":"search_term_string"}}],"inLanguage":"pt-BR"},{"@type":"Organization","@id":"https:\/\/transamerica93.com.br\/home\/#organization","name":"Transam\u00e9rica Mococa 93,3","url":"https:\/\/transamerica93.com.br\/home\/","logo":{"@type":"ImageObject","inLanguage":"pt-BR","@id":"https:\/\/transamerica93.com.br\/home\/#\/schema\/logo\/image\/","url":"https:\/\/transamerica93.com.br\/home\/wp-content\/uploads\/2023\/10\/logo2.png","contentUrl":"https:\/\/transamerica93.com.br\/home\/wp-content\/uploads\/2023\/10\/logo2.png","width":800,"height":500,"caption":"Transam\u00e9rica Mococa 93,3"},"image":{"@id":"https:\/\/transamerica93.com.br\/home\/#\/schema\/logo\/image\/"},"sameAs":["https:\/\/www.facebook.com\/transamericamococa","https:\/\/x.com\/transamerica933","https:\/\/www.instagram.com\/transamericamococa"]},{"@type":"Person","@id":"https:\/\/transamerica93.com.br\/home\/#\/schema\/person\/7fed7c99c0d4562efa8561bc0f543172","name":"Reda\u00e7\u00e3o","image":{"@type":"ImageObject","inLanguage":"pt-BR","@id":"https:\/\/secure.gravatar.com\/avatar\/1072c6b775fb02ef8506ce967551d95926669a6b7d2c2147b42eea4d7c68395e?s=96&d=mm&r=g","url":"https:\/\/secure.gravatar.com\/avatar\/1072c6b775fb02ef8506ce967551d95926669a6b7d2c2147b42eea4d7c68395e?s=96&d=mm&r=g","contentUrl":"https:\/\/secure.gravatar.com\/avatar\/1072c6b775fb02ef8506ce967551d95926669a6b7d2c2147b42eea4d7c68395e?s=96&d=mm&r=g","caption":"Reda\u00e7\u00e3o"},"sameAs":["https:\/\/transamerica93.com.br\/home"],"url":"https:\/\/transamerica93.com.br\/home\/author\/william\/"}]}},"_links":{"self":[{"href":"https:\/\/transamerica93.com.br\/home\/wp-json\/wp\/v2\/posts\/4844","targetHints":{"allow":["GET"]}}],"collection":[{"href":"https:\/\/transamerica93.com.br\/home\/wp-json\/wp\/v2\/posts"}],"about":[{"href":"https:\/\/transamerica93.com.br\/home\/wp-json\/wp\/v2\/types\/post"}],"author":[{"embeddable":true,"href":"https:\/\/transamerica93.com.br\/home\/wp-json\/wp\/v2\/users\/1"}],"replies":[{"embeddable":true,"href":"https:\/\/transamerica93.com.br\/home\/wp-json\/wp\/v2\/comments?post=4844"}],"version-history":[{"count":1,"href":"https:\/\/transamerica93.com.br\/home\/wp-json\/wp\/v2\/posts\/4844\/revisions"}],"predecessor-version":[{"id":4845,"href":"https:\/\/transamerica93.com.br\/home\/wp-json\/wp\/v2\/posts\/4844\/revisions\/4845"}],"wp:featuredmedia":[{"embeddable":true,"href":"https:\/\/transamerica93.com.br\/home\/wp-json\/wp\/v2\/media\/4835"}],"wp:attachment":[{"href":"https:\/\/transamerica93.com.br\/home\/wp-json\/wp\/v2\/media?parent=4844"}],"wp:term":[{"taxonomy":"category","embeddable":true,"href":"https:\/\/transamerica93.com.br\/home\/wp-json\/wp\/v2\/categories?post=4844"},{"taxonomy":"post_tag","embeddable":true,"href":"https:\/\/transamerica93.com.br\/home\/wp-json\/wp\/v2\/tags?post=4844"}],"curies":[{"name":"wp","href":"https:\/\/api.w.org\/{rel}","templated":true}]}}