{"id":4850,"date":"2025-03-11T12:00:22","date_gmt":"2025-03-11T15:00:22","guid":{"rendered":"https:\/\/transamerica93.com.br\/home\/?p=4850"},"modified":"2025-03-05T06:14:11","modified_gmt":"2025-03-05T09:14:11","slug":"rebeca-andrade-e-indicada-ao-oscar-do-esporte","status":"publish","type":"post","link":"https:\/\/transamerica93.com.br\/home\/rebeca-andrade-e-indicada-ao-oscar-do-esporte\/","title":{"rendered":"Rebeca Andrade \u00e9 indicada ao Oscar do Esporte"},"content":{"rendered":"<p>Horas ap\u00f3s\u00a0o Brasil fazer hist\u00f3ria no Oscar, com a conquista de uma estatueta pelo filme\u00a0<em>Ainda Estou Aqui<\/em>, do diretor Walter Salles, na categoria de melhor filme internacional, a ginasta Rebeca Andrade foi indicada para concorrer a outro Oscar, o do esporte, o Pr\u00eamio Laureus.<img decoding=\"async\" data-src=\"https:\/\/agenciabrasil.ebc.com.br\/ebc.png?id=1632844&amp;o=node\" src=\"data:image\/svg+xml;base64,PHN2ZyB3aWR0aD0iMSIgaGVpZ2h0PSIxIiB4bWxucz0iaHR0cDovL3d3dy53My5vcmcvMjAwMC9zdmciPjwvc3ZnPg==\" class=\"lazyload\" \/><img decoding=\"async\" data-src=\"https:\/\/agenciabrasil.ebc.com.br\/ebc.gif?id=1632844&amp;o=node\" src=\"data:image\/svg+xml;base64,PHN2ZyB3aWR0aD0iMSIgaGVpZ2h0PSIxIiB4bWxucz0iaHR0cDovL3d3dy53My5vcmcvMjAwMC9zdmciPjwvc3ZnPg==\" class=\"lazyload\" \/><\/p>\n<p>Na manh\u00e3 desta segunda-feira (3), os organizadores do pr\u00eamio mais prestigioso do esporte anunciaram os concorrentes da edi\u00e7\u00e3o 2025 da premia\u00e7\u00e3o, na qual a campe\u00e3 ol\u00edmpica brasileira de 25 anos de idade foi indicada \u00e0 categoria de Retorno do Ano.<\/p>\n<p>\u201cCom um hist\u00f3rico de les\u00f5es no ligamento cruzado anterior, [Rebeca] Andrade sofreu v\u00e1rios contratempos em sua carreira, for\u00e7ando-a a pensar desistir da gin\u00e1stica. A brilhante brasileira havia conquistado uma medalha de ouro e prata nos Jogos Ol\u00edmpicos de T\u00f3quio em 2021, mas mal competiu em 2024 e havia preocupa\u00e7\u00f5es se ela chegaria a Paris [Jogos Ol\u00edmpicos]. No entanto, sua resili\u00eancia e determina\u00e7\u00e3o valeram a pena e ela ganhou ouro no solo, prata no individual geral e salto, e bronze no evento por equipes. Tendo conquistado um total de seis medalhas ol\u00edmpicas e nove no Campeonato Mundial, ela \u00e9 a ginasta brasileira e latino-americana mais condecorada de todas\u201d, afirmam os organizadores do Pr\u00eamio Laureus.<\/p>\n<p>Ela disputar\u00e1 o pr\u00eamio com o nadador norte-americano Caeleb Dressel, com a esquiadora su\u00ed\u00e7a Lara Gut-Behrami, com o piloto de MotoGP espanhol Marc M\u00e1rquez, com o jogador de cr\u00edquete indiano Rishabh Pant e a nadadora australiana Ariarne Titmus.<\/p>\n<p>Os vencedores da edi\u00e7\u00e3o 2025 do Pr\u00eamio Laureus ser\u00e3o anunciados no dia 21 de abril durante uma cerim\u00f4nia que ser\u00e1 realizada em Madri (Espanha). Os\u00a0vencedores ser\u00e3o escolhidos por 69 lendas esportivas que fazem parte da Academia de Esportes Laureus World.<\/p>\n","protected":false},"excerpt":{"rendered":"<p>Horas ap\u00f3s\u00a0o Brasil fazer hist\u00f3ria no Oscar, com a conquista de uma estatueta pelo filme\u00a0Ainda Estou Aqui, do diretor Walter Salles, na categoria de melhor filme internacional, a ginasta Rebeca Andrade foi indicada para concorrer a outro Oscar, o do esporte, o Pr\u00eamio Laureus. Na manh\u00e3 desta segunda-feira (3), os organizadores do pr\u00eamio mais prestigioso &hellip;<\/p>\n","protected":false},"author":1,"featured_media":4839,"comment_status":"closed","ping_status":"closed","sticky":false,"template":"","format":"standard","meta":{"footnotes":""},"categories":[31],"tags":[],"class_list":["post-4850","post","type-post","status-publish","format-standard","has-post-thumbnail","hentry","category-esportes"],"yoast_head":"<!-- This site is optimized with the Yoast SEO plugin v27.4 - https:\/\/yoast.com\/product\/yoast-seo-wordpress\/ -->\n<title>Rebeca Andrade \u00e9 indicada ao Oscar do Esporte - Transam\u00e9rica Mococa 93,3<\/title>\n<meta name=\"robots\" content=\"index, follow, max-snippet:-1, max-image-preview:large, max-video-preview:-1\" \/>\n<link rel=\"canonical\" href=\"https:\/\/transamerica93.com.br\/home\/rebeca-andrade-e-indicada-ao-oscar-do-esporte\/\" \/>\n<meta property=\"og:locale\" content=\"pt_BR\" \/>\n<meta property=\"og:type\" content=\"article\" \/>\n<meta property=\"og:title\" content=\"Rebeca Andrade \u00e9 indicada ao Oscar do Esporte - Transam\u00e9rica Mococa 93,3\" \/>\n<meta property=\"og:description\" content=\"Horas ap\u00f3s\u00a0o Brasil fazer hist\u00f3ria no Oscar, com a conquista de uma estatueta pelo filme\u00a0Ainda Estou Aqui, do diretor Walter Salles, na categoria de melhor filme internacional, a ginasta Rebeca Andrade foi indicada para concorrer a outro Oscar, o do esporte, o Pr\u00eamio Laureus. Na manh\u00e3 desta segunda-feira (3), os organizadores do pr\u00eamio mais prestigioso &hellip;\" \/>\n<meta property=\"og:url\" content=\"https:\/\/transamerica93.com.br\/home\/rebeca-andrade-e-indicada-ao-oscar-do-esporte\/\" \/>\n<meta property=\"og:site_name\" content=\"Transam\u00e9rica Mococa 93,3\" \/>\n<meta property=\"article:publisher\" content=\"https:\/\/www.facebook.com\/transamericamococa\" \/>\n<meta property=\"article:published_time\" content=\"2025-03-11T15:00:22+00:00\" \/>\n<meta property=\"og:image\" content=\"https:\/\/transamerica93.com.br\/home\/wp-content\/uploads\/2025\/03\/6-1.jpg\" \/>\n\t<meta property=\"og:image:width\" content=\"1170\" \/>\n\t<meta property=\"og:image:height\" content=\"700\" \/>\n\t<meta property=\"og:image:type\" content=\"image\/jpeg\" \/>\n<meta name=\"author\" content=\"Reda\u00e7\u00e3o\" \/>\n<meta name=\"twitter:card\" content=\"summary_large_image\" \/>\n<meta name=\"twitter:creator\" content=\"@transamerica933\" \/>\n<meta name=\"twitter:site\" content=\"@transamerica933\" \/>\n<meta name=\"twitter:label1\" content=\"Escrito por\" \/>\n\t<meta name=\"twitter:data1\" content=\"Reda\u00e7\u00e3o\" \/>\n\t<meta name=\"twitter:label2\" content=\"Est. tempo de leitura\" \/>\n\t<meta name=\"twitter:data2\" content=\"3 minutos\" \/>\n<script type=\"application\/ld+json\" class=\"yoast-schema-graph\">{\"@context\":\"https:\\\/\\\/schema.org\",\"@graph\":[{\"@type\":\"Article\",\"@id\":\"https:\\\/\\\/transamerica93.com.br\\\/home\\\/rebeca-andrade-e-indicada-ao-oscar-do-esporte\\\/#article\",\"isPartOf\":{\"@id\":\"https:\\\/\\\/transamerica93.com.br\\\/home\\\/rebeca-andrade-e-indicada-ao-oscar-do-esporte\\\/\"},\"author\":{\"name\":\"Reda\u00e7\u00e3o\",\"@id\":\"https:\\\/\\\/transamerica93.com.br\\\/home\\\/#\\\/schema\\\/person\\\/7fed7c99c0d4562efa8561bc0f543172\"},\"headline\":\"Rebeca Andrade \u00e9 indicada ao Oscar do Esporte\",\"datePublished\":\"2025-03-11T15:00:22+00:00\",\"mainEntityOfPage\":{\"@id\":\"https:\\\/\\\/transamerica93.com.br\\\/home\\\/rebeca-andrade-e-indicada-ao-oscar-do-esporte\\\/\"},\"wordCount\":304,\"publisher\":{\"@id\":\"https:\\\/\\\/transamerica93.com.br\\\/home\\\/#organization\"},\"image\":{\"@id\":\"https:\\\/\\\/transamerica93.com.br\\\/home\\\/rebeca-andrade-e-indicada-ao-oscar-do-esporte\\\/#primaryimage\"},\"thumbnailUrl\":\"https:\\\/\\\/transamerica93.com.br\\\/home\\\/wp-content\\\/uploads\\\/2025\\\/03\\\/6-1.jpg\",\"articleSection\":[\"Esportes\"],\"inLanguage\":\"pt-BR\"},{\"@type\":\"WebPage\",\"@id\":\"https:\\\/\\\/transamerica93.com.br\\\/home\\\/rebeca-andrade-e-indicada-ao-oscar-do-esporte\\\/\",\"url\":\"https:\\\/\\\/transamerica93.com.br\\\/home\\\/rebeca-andrade-e-indicada-ao-oscar-do-esporte\\\/\",\"name\":\"Rebeca Andrade \u00e9 indicada ao Oscar do Esporte - Transam\u00e9rica Mococa 93,3\",\"isPartOf\":{\"@id\":\"https:\\\/\\\/transamerica93.com.br\\\/home\\\/#website\"},\"primaryImageOfPage\":{\"@id\":\"https:\\\/\\\/transamerica93.com.br\\\/home\\\/rebeca-andrade-e-indicada-ao-oscar-do-esporte\\\/#primaryimage\"},\"image\":{\"@id\":\"https:\\\/\\\/transamerica93.com.br\\\/home\\\/rebeca-andrade-e-indicada-ao-oscar-do-esporte\\\/#primaryimage\"},\"thumbnailUrl\":\"https:\\\/\\\/transamerica93.com.br\\\/home\\\/wp-content\\\/uploads\\\/2025\\\/03\\\/6-1.jpg\",\"datePublished\":\"2025-03-11T15:00:22+00:00\",\"breadcrumb\":{\"@id\":\"https:\\\/\\\/transamerica93.com.br\\\/home\\\/rebeca-andrade-e-indicada-ao-oscar-do-esporte\\\/#breadcrumb\"},\"inLanguage\":\"pt-BR\",\"potentialAction\":[{\"@type\":\"ReadAction\",\"target\":[\"https:\\\/\\\/transamerica93.com.br\\\/home\\\/rebeca-andrade-e-indicada-ao-oscar-do-esporte\\\/\"]}]},{\"@type\":\"ImageObject\",\"inLanguage\":\"pt-BR\",\"@id\":\"https:\\\/\\\/transamerica93.com.br\\\/home\\\/rebeca-andrade-e-indicada-ao-oscar-do-esporte\\\/#primaryimage\",\"url\":\"https:\\\/\\\/transamerica93.com.br\\\/home\\\/wp-content\\\/uploads\\\/2025\\\/03\\\/6-1.jpg\",\"contentUrl\":\"https:\\\/\\\/transamerica93.com.br\\\/home\\\/wp-content\\\/uploads\\\/2025\\\/03\\\/6-1.jpg\",\"width\":1170,\"height\":700,\"caption\":\"\u00a9 Rafael Bello\\\/COB\\\/Direitos Reservados\"},{\"@type\":\"BreadcrumbList\",\"@id\":\"https:\\\/\\\/transamerica93.com.br\\\/home\\\/rebeca-andrade-e-indicada-ao-oscar-do-esporte\\\/#breadcrumb\",\"itemListElement\":[{\"@type\":\"ListItem\",\"position\":1,\"name\":\"In\u00edcio\",\"item\":\"https:\\\/\\\/transamerica93.com.br\\\/home\\\/\"},{\"@type\":\"ListItem\",\"position\":2,\"name\":\"Rebeca Andrade \u00e9 indicada ao Oscar do Esporte\"}]},{\"@type\":\"WebSite\",\"@id\":\"https:\\\/\\\/transamerica93.com.br\\\/home\\\/#website\",\"url\":\"https:\\\/\\\/transamerica93.com.br\\\/home\\\/\",\"name\":\"Transam\u00e9rica Mococa 93,3\",\"description\":\"\",\"publisher\":{\"@id\":\"https:\\\/\\\/transamerica93.com.br\\\/home\\\/#organization\"},\"potentialAction\":[{\"@type\":\"SearchAction\",\"target\":{\"@type\":\"EntryPoint\",\"urlTemplate\":\"https:\\\/\\\/transamerica93.com.br\\\/home\\\/?s={search_term_string}\"},\"query-input\":{\"@type\":\"PropertyValueSpecification\",\"valueRequired\":true,\"valueName\":\"search_term_string\"}}],\"inLanguage\":\"pt-BR\"},{\"@type\":\"Organization\",\"@id\":\"https:\\\/\\\/transamerica93.com.br\\\/home\\\/#organization\",\"name\":\"Transam\u00e9rica Mococa 93,3\",\"url\":\"https:\\\/\\\/transamerica93.com.br\\\/home\\\/\",\"logo\":{\"@type\":\"ImageObject\",\"inLanguage\":\"pt-BR\",\"@id\":\"https:\\\/\\\/transamerica93.com.br\\\/home\\\/#\\\/schema\\\/logo\\\/image\\\/\",\"url\":\"https:\\\/\\\/transamerica93.com.br\\\/home\\\/wp-content\\\/uploads\\\/2023\\\/10\\\/logo2.png\",\"contentUrl\":\"https:\\\/\\\/transamerica93.com.br\\\/home\\\/wp-content\\\/uploads\\\/2023\\\/10\\\/logo2.png\",\"width\":800,\"height\":500,\"caption\":\"Transam\u00e9rica Mococa 93,3\"},\"image\":{\"@id\":\"https:\\\/\\\/transamerica93.com.br\\\/home\\\/#\\\/schema\\\/logo\\\/image\\\/\"},\"sameAs\":[\"https:\\\/\\\/www.facebook.com\\\/transamericamococa\",\"https:\\\/\\\/x.com\\\/transamerica933\",\"https:\\\/\\\/www.instagram.com\\\/transamericamococa\"]},{\"@type\":\"Person\",\"@id\":\"https:\\\/\\\/transamerica93.com.br\\\/home\\\/#\\\/schema\\\/person\\\/7fed7c99c0d4562efa8561bc0f543172\",\"name\":\"Reda\u00e7\u00e3o\",\"image\":{\"@type\":\"ImageObject\",\"inLanguage\":\"pt-BR\",\"@id\":\"https:\\\/\\\/secure.gravatar.com\\\/avatar\\\/1072c6b775fb02ef8506ce967551d95926669a6b7d2c2147b42eea4d7c68395e?s=96&d=mm&r=g\",\"url\":\"https:\\\/\\\/secure.gravatar.com\\\/avatar\\\/1072c6b775fb02ef8506ce967551d95926669a6b7d2c2147b42eea4d7c68395e?s=96&d=mm&r=g\",\"contentUrl\":\"https:\\\/\\\/secure.gravatar.com\\\/avatar\\\/1072c6b775fb02ef8506ce967551d95926669a6b7d2c2147b42eea4d7c68395e?s=96&d=mm&r=g\",\"caption\":\"Reda\u00e7\u00e3o\"},\"sameAs\":[\"https:\\\/\\\/transamerica93.com.br\\\/home\"],\"url\":\"https:\\\/\\\/transamerica93.com.br\\\/home\\\/author\\\/william\\\/\"}]}<\/script>\n<!-- \/ Yoast SEO plugin. -->","yoast_head_json":{"title":"Rebeca Andrade \u00e9 indicada ao Oscar do Esporte - Transam\u00e9rica Mococa 93,3","robots":{"index":"index","follow":"follow","max-snippet":"max-snippet:-1","max-image-preview":"max-image-preview:large","max-video-preview":"max-video-preview:-1"},"canonical":"https:\/\/transamerica93.com.br\/home\/rebeca-andrade-e-indicada-ao-oscar-do-esporte\/","og_locale":"pt_BR","og_type":"article","og_title":"Rebeca Andrade \u00e9 indicada ao Oscar do Esporte - Transam\u00e9rica Mococa 93,3","og_description":"Horas ap\u00f3s\u00a0o Brasil fazer hist\u00f3ria no Oscar, com a conquista de uma estatueta pelo filme\u00a0Ainda Estou Aqui, do diretor Walter Salles, na categoria de melhor filme internacional, a ginasta Rebeca Andrade foi indicada para concorrer a outro Oscar, o do esporte, o Pr\u00eamio Laureus. Na manh\u00e3 desta segunda-feira (3), os organizadores do pr\u00eamio mais prestigioso &hellip;","og_url":"https:\/\/transamerica93.com.br\/home\/rebeca-andrade-e-indicada-ao-oscar-do-esporte\/","og_site_name":"Transam\u00e9rica Mococa 93,3","article_publisher":"https:\/\/www.facebook.com\/transamericamococa","article_published_time":"2025-03-11T15:00:22+00:00","og_image":[{"width":1170,"height":700,"url":"https:\/\/transamerica93.com.br\/home\/wp-content\/uploads\/2025\/03\/6-1.jpg","type":"image\/jpeg"}],"author":"Reda\u00e7\u00e3o","twitter_card":"summary_large_image","twitter_creator":"@transamerica933","twitter_site":"@transamerica933","twitter_misc":{"Escrito por":"Reda\u00e7\u00e3o","Est. tempo de leitura":"3 minutos"},"schema":{"@context":"https:\/\/schema.org","@graph":[{"@type":"Article","@id":"https:\/\/transamerica93.com.br\/home\/rebeca-andrade-e-indicada-ao-oscar-do-esporte\/#article","isPartOf":{"@id":"https:\/\/transamerica93.com.br\/home\/rebeca-andrade-e-indicada-ao-oscar-do-esporte\/"},"author":{"name":"Reda\u00e7\u00e3o","@id":"https:\/\/transamerica93.com.br\/home\/#\/schema\/person\/7fed7c99c0d4562efa8561bc0f543172"},"headline":"Rebeca Andrade \u00e9 indicada ao Oscar do Esporte","datePublished":"2025-03-11T15:00:22+00:00","mainEntityOfPage":{"@id":"https:\/\/transamerica93.com.br\/home\/rebeca-andrade-e-indicada-ao-oscar-do-esporte\/"},"wordCount":304,"publisher":{"@id":"https:\/\/transamerica93.com.br\/home\/#organization"},"image":{"@id":"https:\/\/transamerica93.com.br\/home\/rebeca-andrade-e-indicada-ao-oscar-do-esporte\/#primaryimage"},"thumbnailUrl":"https:\/\/transamerica93.com.br\/home\/wp-content\/uploads\/2025\/03\/6-1.jpg","articleSection":["Esportes"],"inLanguage":"pt-BR"},{"@type":"WebPage","@id":"https:\/\/transamerica93.com.br\/home\/rebeca-andrade-e-indicada-ao-oscar-do-esporte\/","url":"https:\/\/transamerica93.com.br\/home\/rebeca-andrade-e-indicada-ao-oscar-do-esporte\/","name":"Rebeca Andrade \u00e9 indicada ao Oscar do Esporte - Transam\u00e9rica Mococa 93,3","isPartOf":{"@id":"https:\/\/transamerica93.com.br\/home\/#website"},"primaryImageOfPage":{"@id":"https:\/\/transamerica93.com.br\/home\/rebeca-andrade-e-indicada-ao-oscar-do-esporte\/#primaryimage"},"image":{"@id":"https:\/\/transamerica93.com.br\/home\/rebeca-andrade-e-indicada-ao-oscar-do-esporte\/#primaryimage"},"thumbnailUrl":"https:\/\/transamerica93.com.br\/home\/wp-content\/uploads\/2025\/03\/6-1.jpg","datePublished":"2025-03-11T15:00:22+00:00","breadcrumb":{"@id":"https:\/\/transamerica93.com.br\/home\/rebeca-andrade-e-indicada-ao-oscar-do-esporte\/#breadcrumb"},"inLanguage":"pt-BR","potentialAction":[{"@type":"ReadAction","target":["https:\/\/transamerica93.com.br\/home\/rebeca-andrade-e-indicada-ao-oscar-do-esporte\/"]}]},{"@type":"ImageObject","inLanguage":"pt-BR","@id":"https:\/\/transamerica93.com.br\/home\/rebeca-andrade-e-indicada-ao-oscar-do-esporte\/#primaryimage","url":"https:\/\/transamerica93.com.br\/home\/wp-content\/uploads\/2025\/03\/6-1.jpg","contentUrl":"https:\/\/transamerica93.com.br\/home\/wp-content\/uploads\/2025\/03\/6-1.jpg","width":1170,"height":700,"caption":"\u00a9 Rafael Bello\/COB\/Direitos Reservados"},{"@type":"BreadcrumbList","@id":"https:\/\/transamerica93.com.br\/home\/rebeca-andrade-e-indicada-ao-oscar-do-esporte\/#breadcrumb","itemListElement":[{"@type":"ListItem","position":1,"name":"In\u00edcio","item":"https:\/\/transamerica93.com.br\/home\/"},{"@type":"ListItem","position":2,"name":"Rebeca Andrade \u00e9 indicada ao Oscar do Esporte"}]},{"@type":"WebSite","@id":"https:\/\/transamerica93.com.br\/home\/#website","url":"https:\/\/transamerica93.com.br\/home\/","name":"Transam\u00e9rica Mococa 93,3","description":"","publisher":{"@id":"https:\/\/transamerica93.com.br\/home\/#organization"},"potentialAction":[{"@type":"SearchAction","target":{"@type":"EntryPoint","urlTemplate":"https:\/\/transamerica93.com.br\/home\/?s={search_term_string}"},"query-input":{"@type":"PropertyValueSpecification","valueRequired":true,"valueName":"search_term_string"}}],"inLanguage":"pt-BR"},{"@type":"Organization","@id":"https:\/\/transamerica93.com.br\/home\/#organization","name":"Transam\u00e9rica Mococa 93,3","url":"https:\/\/transamerica93.com.br\/home\/","logo":{"@type":"ImageObject","inLanguage":"pt-BR","@id":"https:\/\/transamerica93.com.br\/home\/#\/schema\/logo\/image\/","url":"https:\/\/transamerica93.com.br\/home\/wp-content\/uploads\/2023\/10\/logo2.png","contentUrl":"https:\/\/transamerica93.com.br\/home\/wp-content\/uploads\/2023\/10\/logo2.png","width":800,"height":500,"caption":"Transam\u00e9rica Mococa 93,3"},"image":{"@id":"https:\/\/transamerica93.com.br\/home\/#\/schema\/logo\/image\/"},"sameAs":["https:\/\/www.facebook.com\/transamericamococa","https:\/\/x.com\/transamerica933","https:\/\/www.instagram.com\/transamericamococa"]},{"@type":"Person","@id":"https:\/\/transamerica93.com.br\/home\/#\/schema\/person\/7fed7c99c0d4562efa8561bc0f543172","name":"Reda\u00e7\u00e3o","image":{"@type":"ImageObject","inLanguage":"pt-BR","@id":"https:\/\/secure.gravatar.com\/avatar\/1072c6b775fb02ef8506ce967551d95926669a6b7d2c2147b42eea4d7c68395e?s=96&d=mm&r=g","url":"https:\/\/secure.gravatar.com\/avatar\/1072c6b775fb02ef8506ce967551d95926669a6b7d2c2147b42eea4d7c68395e?s=96&d=mm&r=g","contentUrl":"https:\/\/secure.gravatar.com\/avatar\/1072c6b775fb02ef8506ce967551d95926669a6b7d2c2147b42eea4d7c68395e?s=96&d=mm&r=g","caption":"Reda\u00e7\u00e3o"},"sameAs":["https:\/\/transamerica93.com.br\/home"],"url":"https:\/\/transamerica93.com.br\/home\/author\/william\/"}]}},"_links":{"self":[{"href":"https:\/\/transamerica93.com.br\/home\/wp-json\/wp\/v2\/posts\/4850","targetHints":{"allow":["GET"]}}],"collection":[{"href":"https:\/\/transamerica93.com.br\/home\/wp-json\/wp\/v2\/posts"}],"about":[{"href":"https:\/\/transamerica93.com.br\/home\/wp-json\/wp\/v2\/types\/post"}],"author":[{"embeddable":true,"href":"https:\/\/transamerica93.com.br\/home\/wp-json\/wp\/v2\/users\/1"}],"replies":[{"embeddable":true,"href":"https:\/\/transamerica93.com.br\/home\/wp-json\/wp\/v2\/comments?post=4850"}],"version-history":[{"count":1,"href":"https:\/\/transamerica93.com.br\/home\/wp-json\/wp\/v2\/posts\/4850\/revisions"}],"predecessor-version":[{"id":4851,"href":"https:\/\/transamerica93.com.br\/home\/wp-json\/wp\/v2\/posts\/4850\/revisions\/4851"}],"wp:featuredmedia":[{"embeddable":true,"href":"https:\/\/transamerica93.com.br\/home\/wp-json\/wp\/v2\/media\/4839"}],"wp:attachment":[{"href":"https:\/\/transamerica93.com.br\/home\/wp-json\/wp\/v2\/media?parent=4850"}],"wp:term":[{"taxonomy":"category","embeddable":true,"href":"https:\/\/transamerica93.com.br\/home\/wp-json\/wp\/v2\/categories?post=4850"},{"taxonomy":"post_tag","embeddable":true,"href":"https:\/\/transamerica93.com.br\/home\/wp-json\/wp\/v2\/tags?post=4850"}],"curies":[{"name":"wp","href":"https:\/\/api.w.org\/{rel}","templated":true}]}}