{"id":4854,"date":"2025-03-13T12:00:30","date_gmt":"2025-03-13T15:00:30","guid":{"rendered":"https:\/\/transamerica93.com.br\/home\/?p=4854"},"modified":"2025-03-05T06:16:15","modified_gmt":"2025-03-05T09:16:15","slug":"palmeiras-anuncia-acerto-com-o-atacante-vitor-roque","status":"publish","type":"post","link":"https:\/\/transamerica93.com.br\/home\/palmeiras-anuncia-acerto-com-o-atacante-vitor-roque\/","title":{"rendered":"Palmeiras anuncia acerto com o atacante Vitor Roque"},"content":{"rendered":"<p>O Palmeiras anunciou o acerto com o atacante Vitor Roque junto ao Barcelona (Espanha). A contrata\u00e7\u00e3o do jogador de 20 anos de idade, que vinha atuando pelo B\u00e9tis (Espanha), \u00e9 a mais cara j\u00e1 feita por uma equipe de futebol do Brasil, por cerca de R$ 154 milh\u00f5es.<img decoding=\"async\" data-src=\"https:\/\/agenciabrasil.ebc.com.br\/ebc.png?id=1632499&amp;o=node\" src=\"data:image\/svg+xml;base64,PHN2ZyB3aWR0aD0iMSIgaGVpZ2h0PSIxIiB4bWxucz0iaHR0cDovL3d3dy53My5vcmcvMjAwMC9zdmciPjwvc3ZnPg==\" class=\"lazyload\" \/><img decoding=\"async\" data-src=\"https:\/\/agenciabrasil.ebc.com.br\/ebc.gif?id=1632499&amp;o=node\" src=\"data:image\/svg+xml;base64,PHN2ZyB3aWR0aD0iMSIgaGVpZ2h0PSIxIiB4bWxucz0iaHR0cDovL3d3dy53My5vcmcvMjAwMC9zdmciPjwvc3ZnPg==\" class=\"lazyload\" \/><\/p>\n<p>\u201cEstou muito orgulhoso por fazer parte da fam\u00edlia Palmeiras. Foram dias tensos, de muita ansiedade para mim e para minha fam\u00edlia, mas, felizmente, deu tudo certo no final. \u00c9 uma honra vestir a camisa do maior campe\u00e3o do Brasil\u201d, disse o jovem natural de Tim\u00f3teo, interior de Minas Gerais, que firmou contrato com o Palmeiras por cinco temporadas, at\u00e9 dezembro de 2029.<\/p>\n<p>Um dos mais promissores centroavantes revelados pelo futebol brasileiro nos \u00faltimos tempos, o Tigrinho chegar\u00e1 a S\u00e3o Paulo nos pr\u00f3ximos dias para iniciar os treinamentos sob o comando da comiss\u00e3o t\u00e9cnica de Abel Ferreira.<\/p>\n<p>Vitor Roque acumula convoca\u00e7\u00f5es para as sele\u00e7\u00f5es sub-20 e sub-23 do Brasil. Em 2023 ele foi chamado pela primeira vez para defender a sele\u00e7\u00e3o principal, participando do amistoso contra o Marrocos.<\/p>\n<p>O atacante \u00e9 o sexto refor\u00e7o do Verd\u00e3o para 2025. Antes dele chegaram os zagueiros Bruno Fuchs (Atl\u00e9tico-MG) e Micael (Houston Dynamo-EUA), o meio-campista Emiliano Mart\u00ednez (Midtjylland-DIN) e os atacantes Paulinho (Atl\u00e9tico-MG) e Facundo Torres (Orlando City-EUA).<\/p>\n","protected":false},"excerpt":{"rendered":"<p>O Palmeiras anunciou o acerto com o atacante Vitor Roque junto ao Barcelona (Espanha). A contrata\u00e7\u00e3o do jogador de 20 anos de idade, que vinha atuando pelo B\u00e9tis (Espanha), \u00e9 a mais cara j\u00e1 feita por uma equipe de futebol do Brasil, por cerca de R$ 154 milh\u00f5es. \u201cEstou muito orgulhoso por fazer parte da &hellip;<\/p>\n","protected":false},"author":1,"featured_media":4841,"comment_status":"closed","ping_status":"closed","sticky":false,"template":"","format":"standard","meta":{"footnotes":""},"categories":[31],"tags":[],"class_list":["post-4854","post","type-post","status-publish","format-standard","has-post-thumbnail","hentry","category-esportes"],"yoast_head":"<!-- This site is optimized with the Yoast SEO plugin v27.4 - https:\/\/yoast.com\/product\/yoast-seo-wordpress\/ -->\n<title>Palmeiras anuncia acerto com o atacante Vitor Roque - Transam\u00e9rica Mococa 93,3<\/title>\n<meta name=\"robots\" content=\"index, follow, max-snippet:-1, max-image-preview:large, max-video-preview:-1\" \/>\n<link rel=\"canonical\" href=\"https:\/\/transamerica93.com.br\/home\/palmeiras-anuncia-acerto-com-o-atacante-vitor-roque\/\" \/>\n<meta property=\"og:locale\" content=\"pt_BR\" \/>\n<meta property=\"og:type\" content=\"article\" \/>\n<meta property=\"og:title\" content=\"Palmeiras anuncia acerto com o atacante Vitor Roque - Transam\u00e9rica Mococa 93,3\" \/>\n<meta property=\"og:description\" content=\"O Palmeiras anunciou o acerto com o atacante Vitor Roque junto ao Barcelona (Espanha). A contrata\u00e7\u00e3o do jogador de 20 anos de idade, que vinha atuando pelo B\u00e9tis (Espanha), \u00e9 a mais cara j\u00e1 feita por uma equipe de futebol do Brasil, por cerca de R$ 154 milh\u00f5es. \u201cEstou muito orgulhoso por fazer parte da &hellip;\" \/>\n<meta property=\"og:url\" content=\"https:\/\/transamerica93.com.br\/home\/palmeiras-anuncia-acerto-com-o-atacante-vitor-roque\/\" \/>\n<meta property=\"og:site_name\" content=\"Transam\u00e9rica Mococa 93,3\" \/>\n<meta property=\"article:publisher\" content=\"https:\/\/www.facebook.com\/transamericamococa\" \/>\n<meta property=\"article:published_time\" content=\"2025-03-13T15:00:30+00:00\" \/>\n<meta property=\"og:image\" content=\"https:\/\/transamerica93.com.br\/home\/wp-content\/uploads\/2025\/03\/8-1.jpg\" \/>\n\t<meta property=\"og:image:width\" content=\"1170\" \/>\n\t<meta property=\"og:image:height\" content=\"700\" \/>\n\t<meta property=\"og:image:type\" content=\"image\/jpeg\" \/>\n<meta name=\"author\" content=\"Reda\u00e7\u00e3o\" \/>\n<meta name=\"twitter:card\" content=\"summary_large_image\" \/>\n<meta name=\"twitter:creator\" content=\"@transamerica933\" \/>\n<meta name=\"twitter:site\" content=\"@transamerica933\" \/>\n<meta name=\"twitter:label1\" content=\"Escrito por\" \/>\n\t<meta name=\"twitter:data1\" content=\"Reda\u00e7\u00e3o\" \/>\n\t<meta name=\"twitter:label2\" content=\"Est. tempo de leitura\" \/>\n\t<meta name=\"twitter:data2\" content=\"2 minutos\" \/>\n<script type=\"application\/ld+json\" class=\"yoast-schema-graph\">{\"@context\":\"https:\\\/\\\/schema.org\",\"@graph\":[{\"@type\":\"Article\",\"@id\":\"https:\\\/\\\/transamerica93.com.br\\\/home\\\/palmeiras-anuncia-acerto-com-o-atacante-vitor-roque\\\/#article\",\"isPartOf\":{\"@id\":\"https:\\\/\\\/transamerica93.com.br\\\/home\\\/palmeiras-anuncia-acerto-com-o-atacante-vitor-roque\\\/\"},\"author\":{\"name\":\"Reda\u00e7\u00e3o\",\"@id\":\"https:\\\/\\\/transamerica93.com.br\\\/home\\\/#\\\/schema\\\/person\\\/7fed7c99c0d4562efa8561bc0f543172\"},\"headline\":\"Palmeiras anuncia acerto com o atacante Vitor Roque\",\"datePublished\":\"2025-03-13T15:00:30+00:00\",\"mainEntityOfPage\":{\"@id\":\"https:\\\/\\\/transamerica93.com.br\\\/home\\\/palmeiras-anuncia-acerto-com-o-atacante-vitor-roque\\\/\"},\"wordCount\":231,\"publisher\":{\"@id\":\"https:\\\/\\\/transamerica93.com.br\\\/home\\\/#organization\"},\"image\":{\"@id\":\"https:\\\/\\\/transamerica93.com.br\\\/home\\\/palmeiras-anuncia-acerto-com-o-atacante-vitor-roque\\\/#primaryimage\"},\"thumbnailUrl\":\"https:\\\/\\\/transamerica93.com.br\\\/home\\\/wp-content\\\/uploads\\\/2025\\\/03\\\/8-1.jpg\",\"articleSection\":[\"Esportes\"],\"inLanguage\":\"pt-BR\"},{\"@type\":\"WebPage\",\"@id\":\"https:\\\/\\\/transamerica93.com.br\\\/home\\\/palmeiras-anuncia-acerto-com-o-atacante-vitor-roque\\\/\",\"url\":\"https:\\\/\\\/transamerica93.com.br\\\/home\\\/palmeiras-anuncia-acerto-com-o-atacante-vitor-roque\\\/\",\"name\":\"Palmeiras anuncia acerto com o atacante Vitor Roque - Transam\u00e9rica Mococa 93,3\",\"isPartOf\":{\"@id\":\"https:\\\/\\\/transamerica93.com.br\\\/home\\\/#website\"},\"primaryImageOfPage\":{\"@id\":\"https:\\\/\\\/transamerica93.com.br\\\/home\\\/palmeiras-anuncia-acerto-com-o-atacante-vitor-roque\\\/#primaryimage\"},\"image\":{\"@id\":\"https:\\\/\\\/transamerica93.com.br\\\/home\\\/palmeiras-anuncia-acerto-com-o-atacante-vitor-roque\\\/#primaryimage\"},\"thumbnailUrl\":\"https:\\\/\\\/transamerica93.com.br\\\/home\\\/wp-content\\\/uploads\\\/2025\\\/03\\\/8-1.jpg\",\"datePublished\":\"2025-03-13T15:00:30+00:00\",\"breadcrumb\":{\"@id\":\"https:\\\/\\\/transamerica93.com.br\\\/home\\\/palmeiras-anuncia-acerto-com-o-atacante-vitor-roque\\\/#breadcrumb\"},\"inLanguage\":\"pt-BR\",\"potentialAction\":[{\"@type\":\"ReadAction\",\"target\":[\"https:\\\/\\\/transamerica93.com.br\\\/home\\\/palmeiras-anuncia-acerto-com-o-atacante-vitor-roque\\\/\"]}]},{\"@type\":\"ImageObject\",\"inLanguage\":\"pt-BR\",\"@id\":\"https:\\\/\\\/transamerica93.com.br\\\/home\\\/palmeiras-anuncia-acerto-com-o-atacante-vitor-roque\\\/#primaryimage\",\"url\":\"https:\\\/\\\/transamerica93.com.br\\\/home\\\/wp-content\\\/uploads\\\/2025\\\/03\\\/8-1.jpg\",\"contentUrl\":\"https:\\\/\\\/transamerica93.com.br\\\/home\\\/wp-content\\\/uploads\\\/2025\\\/03\\\/8-1.jpg\",\"width\":1170,\"height\":700,\"caption\":\"\u00a9 REUTERS\\\/Albert Gea\\\/Direitos reservados\"},{\"@type\":\"BreadcrumbList\",\"@id\":\"https:\\\/\\\/transamerica93.com.br\\\/home\\\/palmeiras-anuncia-acerto-com-o-atacante-vitor-roque\\\/#breadcrumb\",\"itemListElement\":[{\"@type\":\"ListItem\",\"position\":1,\"name\":\"In\u00edcio\",\"item\":\"https:\\\/\\\/transamerica93.com.br\\\/home\\\/\"},{\"@type\":\"ListItem\",\"position\":2,\"name\":\"Palmeiras anuncia acerto com o atacante Vitor Roque\"}]},{\"@type\":\"WebSite\",\"@id\":\"https:\\\/\\\/transamerica93.com.br\\\/home\\\/#website\",\"url\":\"https:\\\/\\\/transamerica93.com.br\\\/home\\\/\",\"name\":\"Transam\u00e9rica Mococa 93,3\",\"description\":\"\",\"publisher\":{\"@id\":\"https:\\\/\\\/transamerica93.com.br\\\/home\\\/#organization\"},\"potentialAction\":[{\"@type\":\"SearchAction\",\"target\":{\"@type\":\"EntryPoint\",\"urlTemplate\":\"https:\\\/\\\/transamerica93.com.br\\\/home\\\/?s={search_term_string}\"},\"query-input\":{\"@type\":\"PropertyValueSpecification\",\"valueRequired\":true,\"valueName\":\"search_term_string\"}}],\"inLanguage\":\"pt-BR\"},{\"@type\":\"Organization\",\"@id\":\"https:\\\/\\\/transamerica93.com.br\\\/home\\\/#organization\",\"name\":\"Transam\u00e9rica Mococa 93,3\",\"url\":\"https:\\\/\\\/transamerica93.com.br\\\/home\\\/\",\"logo\":{\"@type\":\"ImageObject\",\"inLanguage\":\"pt-BR\",\"@id\":\"https:\\\/\\\/transamerica93.com.br\\\/home\\\/#\\\/schema\\\/logo\\\/image\\\/\",\"url\":\"https:\\\/\\\/transamerica93.com.br\\\/home\\\/wp-content\\\/uploads\\\/2023\\\/10\\\/logo2.png\",\"contentUrl\":\"https:\\\/\\\/transamerica93.com.br\\\/home\\\/wp-content\\\/uploads\\\/2023\\\/10\\\/logo2.png\",\"width\":800,\"height\":500,\"caption\":\"Transam\u00e9rica Mococa 93,3\"},\"image\":{\"@id\":\"https:\\\/\\\/transamerica93.com.br\\\/home\\\/#\\\/schema\\\/logo\\\/image\\\/\"},\"sameAs\":[\"https:\\\/\\\/www.facebook.com\\\/transamericamococa\",\"https:\\\/\\\/x.com\\\/transamerica933\",\"https:\\\/\\\/www.instagram.com\\\/transamericamococa\"]},{\"@type\":\"Person\",\"@id\":\"https:\\\/\\\/transamerica93.com.br\\\/home\\\/#\\\/schema\\\/person\\\/7fed7c99c0d4562efa8561bc0f543172\",\"name\":\"Reda\u00e7\u00e3o\",\"image\":{\"@type\":\"ImageObject\",\"inLanguage\":\"pt-BR\",\"@id\":\"https:\\\/\\\/secure.gravatar.com\\\/avatar\\\/1072c6b775fb02ef8506ce967551d95926669a6b7d2c2147b42eea4d7c68395e?s=96&d=mm&r=g\",\"url\":\"https:\\\/\\\/secure.gravatar.com\\\/avatar\\\/1072c6b775fb02ef8506ce967551d95926669a6b7d2c2147b42eea4d7c68395e?s=96&d=mm&r=g\",\"contentUrl\":\"https:\\\/\\\/secure.gravatar.com\\\/avatar\\\/1072c6b775fb02ef8506ce967551d95926669a6b7d2c2147b42eea4d7c68395e?s=96&d=mm&r=g\",\"caption\":\"Reda\u00e7\u00e3o\"},\"sameAs\":[\"https:\\\/\\\/transamerica93.com.br\\\/home\"],\"url\":\"https:\\\/\\\/transamerica93.com.br\\\/home\\\/author\\\/william\\\/\"}]}<\/script>\n<!-- \/ Yoast SEO plugin. -->","yoast_head_json":{"title":"Palmeiras anuncia acerto com o atacante Vitor Roque - Transam\u00e9rica Mococa 93,3","robots":{"index":"index","follow":"follow","max-snippet":"max-snippet:-1","max-image-preview":"max-image-preview:large","max-video-preview":"max-video-preview:-1"},"canonical":"https:\/\/transamerica93.com.br\/home\/palmeiras-anuncia-acerto-com-o-atacante-vitor-roque\/","og_locale":"pt_BR","og_type":"article","og_title":"Palmeiras anuncia acerto com o atacante Vitor Roque - Transam\u00e9rica Mococa 93,3","og_description":"O Palmeiras anunciou o acerto com o atacante Vitor Roque junto ao Barcelona (Espanha). A contrata\u00e7\u00e3o do jogador de 20 anos de idade, que vinha atuando pelo B\u00e9tis (Espanha), \u00e9 a mais cara j\u00e1 feita por uma equipe de futebol do Brasil, por cerca de R$ 154 milh\u00f5es. \u201cEstou muito orgulhoso por fazer parte da &hellip;","og_url":"https:\/\/transamerica93.com.br\/home\/palmeiras-anuncia-acerto-com-o-atacante-vitor-roque\/","og_site_name":"Transam\u00e9rica Mococa 93,3","article_publisher":"https:\/\/www.facebook.com\/transamericamococa","article_published_time":"2025-03-13T15:00:30+00:00","og_image":[{"width":1170,"height":700,"url":"https:\/\/transamerica93.com.br\/home\/wp-content\/uploads\/2025\/03\/8-1.jpg","type":"image\/jpeg"}],"author":"Reda\u00e7\u00e3o","twitter_card":"summary_large_image","twitter_creator":"@transamerica933","twitter_site":"@transamerica933","twitter_misc":{"Escrito por":"Reda\u00e7\u00e3o","Est. tempo de leitura":"2 minutos"},"schema":{"@context":"https:\/\/schema.org","@graph":[{"@type":"Article","@id":"https:\/\/transamerica93.com.br\/home\/palmeiras-anuncia-acerto-com-o-atacante-vitor-roque\/#article","isPartOf":{"@id":"https:\/\/transamerica93.com.br\/home\/palmeiras-anuncia-acerto-com-o-atacante-vitor-roque\/"},"author":{"name":"Reda\u00e7\u00e3o","@id":"https:\/\/transamerica93.com.br\/home\/#\/schema\/person\/7fed7c99c0d4562efa8561bc0f543172"},"headline":"Palmeiras anuncia acerto com o atacante Vitor Roque","datePublished":"2025-03-13T15:00:30+00:00","mainEntityOfPage":{"@id":"https:\/\/transamerica93.com.br\/home\/palmeiras-anuncia-acerto-com-o-atacante-vitor-roque\/"},"wordCount":231,"publisher":{"@id":"https:\/\/transamerica93.com.br\/home\/#organization"},"image":{"@id":"https:\/\/transamerica93.com.br\/home\/palmeiras-anuncia-acerto-com-o-atacante-vitor-roque\/#primaryimage"},"thumbnailUrl":"https:\/\/transamerica93.com.br\/home\/wp-content\/uploads\/2025\/03\/8-1.jpg","articleSection":["Esportes"],"inLanguage":"pt-BR"},{"@type":"WebPage","@id":"https:\/\/transamerica93.com.br\/home\/palmeiras-anuncia-acerto-com-o-atacante-vitor-roque\/","url":"https:\/\/transamerica93.com.br\/home\/palmeiras-anuncia-acerto-com-o-atacante-vitor-roque\/","name":"Palmeiras anuncia acerto com o atacante Vitor Roque - Transam\u00e9rica Mococa 93,3","isPartOf":{"@id":"https:\/\/transamerica93.com.br\/home\/#website"},"primaryImageOfPage":{"@id":"https:\/\/transamerica93.com.br\/home\/palmeiras-anuncia-acerto-com-o-atacante-vitor-roque\/#primaryimage"},"image":{"@id":"https:\/\/transamerica93.com.br\/home\/palmeiras-anuncia-acerto-com-o-atacante-vitor-roque\/#primaryimage"},"thumbnailUrl":"https:\/\/transamerica93.com.br\/home\/wp-content\/uploads\/2025\/03\/8-1.jpg","datePublished":"2025-03-13T15:00:30+00:00","breadcrumb":{"@id":"https:\/\/transamerica93.com.br\/home\/palmeiras-anuncia-acerto-com-o-atacante-vitor-roque\/#breadcrumb"},"inLanguage":"pt-BR","potentialAction":[{"@type":"ReadAction","target":["https:\/\/transamerica93.com.br\/home\/palmeiras-anuncia-acerto-com-o-atacante-vitor-roque\/"]}]},{"@type":"ImageObject","inLanguage":"pt-BR","@id":"https:\/\/transamerica93.com.br\/home\/palmeiras-anuncia-acerto-com-o-atacante-vitor-roque\/#primaryimage","url":"https:\/\/transamerica93.com.br\/home\/wp-content\/uploads\/2025\/03\/8-1.jpg","contentUrl":"https:\/\/transamerica93.com.br\/home\/wp-content\/uploads\/2025\/03\/8-1.jpg","width":1170,"height":700,"caption":"\u00a9 REUTERS\/Albert Gea\/Direitos reservados"},{"@type":"BreadcrumbList","@id":"https:\/\/transamerica93.com.br\/home\/palmeiras-anuncia-acerto-com-o-atacante-vitor-roque\/#breadcrumb","itemListElement":[{"@type":"ListItem","position":1,"name":"In\u00edcio","item":"https:\/\/transamerica93.com.br\/home\/"},{"@type":"ListItem","position":2,"name":"Palmeiras anuncia acerto com o atacante Vitor Roque"}]},{"@type":"WebSite","@id":"https:\/\/transamerica93.com.br\/home\/#website","url":"https:\/\/transamerica93.com.br\/home\/","name":"Transam\u00e9rica Mococa 93,3","description":"","publisher":{"@id":"https:\/\/transamerica93.com.br\/home\/#organization"},"potentialAction":[{"@type":"SearchAction","target":{"@type":"EntryPoint","urlTemplate":"https:\/\/transamerica93.com.br\/home\/?s={search_term_string}"},"query-input":{"@type":"PropertyValueSpecification","valueRequired":true,"valueName":"search_term_string"}}],"inLanguage":"pt-BR"},{"@type":"Organization","@id":"https:\/\/transamerica93.com.br\/home\/#organization","name":"Transam\u00e9rica Mococa 93,3","url":"https:\/\/transamerica93.com.br\/home\/","logo":{"@type":"ImageObject","inLanguage":"pt-BR","@id":"https:\/\/transamerica93.com.br\/home\/#\/schema\/logo\/image\/","url":"https:\/\/transamerica93.com.br\/home\/wp-content\/uploads\/2023\/10\/logo2.png","contentUrl":"https:\/\/transamerica93.com.br\/home\/wp-content\/uploads\/2023\/10\/logo2.png","width":800,"height":500,"caption":"Transam\u00e9rica Mococa 93,3"},"image":{"@id":"https:\/\/transamerica93.com.br\/home\/#\/schema\/logo\/image\/"},"sameAs":["https:\/\/www.facebook.com\/transamericamococa","https:\/\/x.com\/transamerica933","https:\/\/www.instagram.com\/transamericamococa"]},{"@type":"Person","@id":"https:\/\/transamerica93.com.br\/home\/#\/schema\/person\/7fed7c99c0d4562efa8561bc0f543172","name":"Reda\u00e7\u00e3o","image":{"@type":"ImageObject","inLanguage":"pt-BR","@id":"https:\/\/secure.gravatar.com\/avatar\/1072c6b775fb02ef8506ce967551d95926669a6b7d2c2147b42eea4d7c68395e?s=96&d=mm&r=g","url":"https:\/\/secure.gravatar.com\/avatar\/1072c6b775fb02ef8506ce967551d95926669a6b7d2c2147b42eea4d7c68395e?s=96&d=mm&r=g","contentUrl":"https:\/\/secure.gravatar.com\/avatar\/1072c6b775fb02ef8506ce967551d95926669a6b7d2c2147b42eea4d7c68395e?s=96&d=mm&r=g","caption":"Reda\u00e7\u00e3o"},"sameAs":["https:\/\/transamerica93.com.br\/home"],"url":"https:\/\/transamerica93.com.br\/home\/author\/william\/"}]}},"_links":{"self":[{"href":"https:\/\/transamerica93.com.br\/home\/wp-json\/wp\/v2\/posts\/4854","targetHints":{"allow":["GET"]}}],"collection":[{"href":"https:\/\/transamerica93.com.br\/home\/wp-json\/wp\/v2\/posts"}],"about":[{"href":"https:\/\/transamerica93.com.br\/home\/wp-json\/wp\/v2\/types\/post"}],"author":[{"embeddable":true,"href":"https:\/\/transamerica93.com.br\/home\/wp-json\/wp\/v2\/users\/1"}],"replies":[{"embeddable":true,"href":"https:\/\/transamerica93.com.br\/home\/wp-json\/wp\/v2\/comments?post=4854"}],"version-history":[{"count":1,"href":"https:\/\/transamerica93.com.br\/home\/wp-json\/wp\/v2\/posts\/4854\/revisions"}],"predecessor-version":[{"id":4855,"href":"https:\/\/transamerica93.com.br\/home\/wp-json\/wp\/v2\/posts\/4854\/revisions\/4855"}],"wp:featuredmedia":[{"embeddable":true,"href":"https:\/\/transamerica93.com.br\/home\/wp-json\/wp\/v2\/media\/4841"}],"wp:attachment":[{"href":"https:\/\/transamerica93.com.br\/home\/wp-json\/wp\/v2\/media?parent=4854"}],"wp:term":[{"taxonomy":"category","embeddable":true,"href":"https:\/\/transamerica93.com.br\/home\/wp-json\/wp\/v2\/categories?post=4854"},{"taxonomy":"post_tag","embeddable":true,"href":"https:\/\/transamerica93.com.br\/home\/wp-json\/wp\/v2\/tags?post=4854"}],"curies":[{"name":"wp","href":"https:\/\/api.w.org\/{rel}","templated":true}]}}