{"id":4867,"date":"2025-03-05T18:00:01","date_gmt":"2025-03-05T21:00:01","guid":{"rendered":"https:\/\/transamerica93.com.br\/home\/?p=4867"},"modified":"2025-03-05T07:01:35","modified_gmt":"2025-03-05T10:01:35","slug":"lexa-faz-desabafo-sobre-morte-da-filha-um-mes-apos-nascimento-dor-dilacerante","status":"publish","type":"post","link":"https:\/\/transamerica93.com.br\/home\/lexa-faz-desabafo-sobre-morte-da-filha-um-mes-apos-nascimento-dor-dilacerante\/","title":{"rendered":"Lexa faz desabafo sobre morte da filha, um m\u00eas ap\u00f3s nascimento: &#8216;Dor dilacerante&#8217;"},"content":{"rendered":"<div id=\"Corpo\">\n<h6 class=\"Assina\">Por Reda\u00e7\u00e3o E+<\/h6>\n<p>Neste domingo, 2, Lexa, de 30 anos, compartilhou um relato sobre a perda de sua filha, Sofia. A beb\u00ea, fruto do relacionamento com Ricardo Vianna, nasceu prematura no dia 2 de fevereiro e morreu tr\u00eas dias depois.<\/p>\n<p>Depois de um m\u00eas, a cantora publicou uma s\u00e9rie de fotos da gesta\u00e7\u00e3o e prestou uma homenagem \u00e0 filha. &#8220;H\u00e1 um m\u00eas eu dava \u00e0 luz! Filha, mam\u00e3e nunca esquecer\u00e1 o dia 2\/2!&#8221;, escreveu na legenda.<\/p>\n<p>Em seu depoimento, Lexa relembrou os primeiros dias de luto e como lidou com a dor intensa da perda. &#8220;No come\u00e7o, o desespero tomou conta de mim. N\u00e3o queria ver nada de beb\u00eas, nenhuma foto minha gr\u00e1vida&#8230; queria apagar tudo. A dor \u00e9 dilacerante!&#8221;, desabafou.<\/p>\n<p>Com o tempo, a artista contou que passou a olhar as imagens da gravidez com um novo sentimento. &#8220;Hoje eu consigo contemplar essas fotos com muito amor no cora\u00e7\u00e3o. N\u00e3o tem um dia que eu n\u00e3o lembre de voc\u00ea, minha filha, e assim ser\u00e1 para sempre. Dia 2\/2 \u00e9 o dia da minha anjinha&#8221;, escreveu.<\/p>\n<p>Lexa tamb\u00e9m mencionou o apoio do noivo, Ricardo Vianna, nesse processo de luto. &#8220;Parab\u00e9ns pra n\u00f3s, Ricardo, que fizemos essa princesa linda e fizemos tudo da melhor maneira poss\u00edvel. Quando te abra\u00e7o, sinto a Sofia. Eu vejo voc\u00ea, Sofia! Para sempre verei! E eu sei que voc\u00ea me v\u00ea a\u00ed de cima tamb\u00e9m.&#8221;<\/p>\n<p><b>O que aconteceu com Lexa e Sofia<\/b><\/p>\n<p>A perda de Sofia foi anunciada publicamente no dia 10 de fevereiro. Lexa e Ricardo Vianna comunicaram que a beb\u00ea n\u00e3o resistiu \u00e0s complica\u00e7\u00f5es do parto prematuro.<\/p>\n<p>A cantora estava internada desde 21 de janeiro com um quadro grave de pr\u00e9-ecl\u00e2mpsia precoce, uma condi\u00e7\u00e3o que pode levar a complica\u00e7\u00f5es graves para m\u00e3e e beb\u00ea. Durante a interna\u00e7\u00e3o, ela desenvolveu a s\u00edndrome de HELLP, que afeta o funcionamento do f\u00edgado e dos rins, tornando sua gravidez ainda mais delicada.<\/p>\n<p>&#8220;Foram 25 semanas e 4 dias de uma gesta\u00e7\u00e3o muito desejada! Uma pr\u00e9-ecl\u00e2mpsia precoce com s\u00edndrome de HELLP, 17 dias de interna\u00e7\u00e3o, Clexane, mais de 100 tubos de sangue na semi-intensiva e 3 na UTI, sulfatando e lutando pelas nossas vidas, minha filha&#8221;, escreveu Lexa na \u00e9poca.<\/p>\n<p>A cantora destacou que, mesmo tendo feito um pr\u00e9-natal rigoroso e seguindo todas as recomenda\u00e7\u00f5es m\u00e9dicas, a gravidade do quadro surpreendeu a equipe m\u00e9dica. &#8220;Tomei AAS e c\u00e1lcio na gesta\u00e7\u00e3o toda, fiz um pr\u00e9-natal perfeito, fiz tudo, mas minha pr\u00e9-ecl\u00e2mpsia foi muito precoce, extremamente rara e grave\u2026 O meu f\u00edgado come\u00e7ou a comprometer, os meus rins e o doppler da minha bebezinha tamb\u00e9m. Mais um dia e eu n\u00e3o estaria aqui pra contar nem a minha hist\u00f3ria e nem a dela&#8221;, revelou.<\/p>\n<p><b>Luto e apoio dos f\u00e3s<\/b><\/p>\n<p>Desde a perda, Lexa tem recebido o carinho do p\u00fablico e de amigos do meio art\u00edstico. Na publica\u00e7\u00e3o mais recente, em que relembra a filha, diversas mensagens de apoio surgiram nos coment\u00e1rios. F\u00e3s, familiares e outros artistas manifestaram solidariedade \u00e0 cantora, que segue se recuperando do trauma.<\/p>\n<p>Lexa, que havia decidido n\u00e3o participar do carnaval 2025 por quest\u00f5es de sa\u00fade, ainda n\u00e3o revelou quando retornar\u00e1 aos palcos, mas segue compartilhando seu processo de luto com o p\u00fablico. &#8220;Minha filha sempre estar\u00e1 comigo&#8221;, declarou.<\/p><\/div>\n","protected":false},"excerpt":{"rendered":"<p>Por Reda\u00e7\u00e3o E+ Neste domingo, 2, Lexa, de 30 anos, compartilhou um relato sobre a perda de sua filha, Sofia. A beb\u00ea, fruto do relacionamento com Ricardo Vianna, nasceu prematura no dia 2 de fevereiro e morreu tr\u00eas dias depois. Depois de um m\u00eas, a cantora publicou uma s\u00e9rie de fotos da gesta\u00e7\u00e3o e prestou &hellip;<\/p>\n","protected":false},"author":1,"featured_media":4868,"comment_status":"closed","ping_status":"closed","sticky":false,"template":"","format":"standard","meta":{"footnotes":""},"categories":[24],"tags":[],"class_list":["post-4867","post","type-post","status-publish","format-standard","has-post-thumbnail","hentry","category-entretenimento"],"yoast_head":"<!-- This site is optimized with the Yoast SEO plugin v27.4 - https:\/\/yoast.com\/product\/yoast-seo-wordpress\/ -->\n<title>Lexa faz desabafo sobre morte da filha, um m\u00eas ap\u00f3s nascimento: &#039;Dor dilacerante&#039; - Transam\u00e9rica Mococa 93,3<\/title>\n<meta name=\"robots\" content=\"index, follow, max-snippet:-1, max-image-preview:large, max-video-preview:-1\" \/>\n<link rel=\"canonical\" href=\"https:\/\/transamerica93.com.br\/home\/lexa-faz-desabafo-sobre-morte-da-filha-um-mes-apos-nascimento-dor-dilacerante\/\" \/>\n<meta property=\"og:locale\" content=\"pt_BR\" \/>\n<meta property=\"og:type\" content=\"article\" \/>\n<meta property=\"og:title\" content=\"Lexa faz desabafo sobre morte da filha, um m\u00eas ap\u00f3s nascimento: &#039;Dor dilacerante&#039; - Transam\u00e9rica Mococa 93,3\" \/>\n<meta property=\"og:description\" content=\"Por Reda\u00e7\u00e3o E+ Neste domingo, 2, Lexa, de 30 anos, compartilhou um relato sobre a perda de sua filha, Sofia. A beb\u00ea, fruto do relacionamento com Ricardo Vianna, nasceu prematura no dia 2 de fevereiro e morreu tr\u00eas dias depois. Depois de um m\u00eas, a cantora publicou uma s\u00e9rie de fotos da gesta\u00e7\u00e3o e prestou &hellip;\" \/>\n<meta property=\"og:url\" content=\"https:\/\/transamerica93.com.br\/home\/lexa-faz-desabafo-sobre-morte-da-filha-um-mes-apos-nascimento-dor-dilacerante\/\" \/>\n<meta property=\"og:site_name\" content=\"Transam\u00e9rica Mococa 93,3\" \/>\n<meta property=\"article:publisher\" content=\"https:\/\/www.facebook.com\/transamericamococa\" \/>\n<meta property=\"article:published_time\" content=\"2025-03-05T21:00:01+00:00\" \/>\n<meta property=\"og:image\" content=\"https:\/\/transamerica93.com.br\/home\/wp-content\/uploads\/2025\/03\/1-2546.jpg\" \/>\n\t<meta property=\"og:image:width\" content=\"1200\" \/>\n\t<meta property=\"og:image:height\" content=\"800\" \/>\n\t<meta property=\"og:image:type\" content=\"image\/jpeg\" \/>\n<meta name=\"author\" content=\"Reda\u00e7\u00e3o\" \/>\n<meta name=\"twitter:card\" content=\"summary_large_image\" \/>\n<meta name=\"twitter:creator\" content=\"@transamerica933\" \/>\n<meta name=\"twitter:site\" content=\"@transamerica933\" \/>\n<meta name=\"twitter:label1\" content=\"Escrito por\" \/>\n\t<meta name=\"twitter:data1\" content=\"Reda\u00e7\u00e3o\" \/>\n\t<meta name=\"twitter:label2\" content=\"Est. tempo de leitura\" \/>\n\t<meta name=\"twitter:data2\" content=\"4 minutos\" \/>\n<script type=\"application\/ld+json\" class=\"yoast-schema-graph\">{\"@context\":\"https:\\\/\\\/schema.org\",\"@graph\":[{\"@type\":\"Article\",\"@id\":\"https:\\\/\\\/transamerica93.com.br\\\/home\\\/lexa-faz-desabafo-sobre-morte-da-filha-um-mes-apos-nascimento-dor-dilacerante\\\/#article\",\"isPartOf\":{\"@id\":\"https:\\\/\\\/transamerica93.com.br\\\/home\\\/lexa-faz-desabafo-sobre-morte-da-filha-um-mes-apos-nascimento-dor-dilacerante\\\/\"},\"author\":{\"name\":\"Reda\u00e7\u00e3o\",\"@id\":\"https:\\\/\\\/transamerica93.com.br\\\/home\\\/#\\\/schema\\\/person\\\/7fed7c99c0d4562efa8561bc0f543172\"},\"headline\":\"Lexa faz desabafo sobre morte da filha, um m\u00eas ap\u00f3s nascimento: &#8216;Dor dilacerante&#8217;\",\"datePublished\":\"2025-03-05T21:00:01+00:00\",\"mainEntityOfPage\":{\"@id\":\"https:\\\/\\\/transamerica93.com.br\\\/home\\\/lexa-faz-desabafo-sobre-morte-da-filha-um-mes-apos-nascimento-dor-dilacerante\\\/\"},\"wordCount\":588,\"publisher\":{\"@id\":\"https:\\\/\\\/transamerica93.com.br\\\/home\\\/#organization\"},\"image\":{\"@id\":\"https:\\\/\\\/transamerica93.com.br\\\/home\\\/lexa-faz-desabafo-sobre-morte-da-filha-um-mes-apos-nascimento-dor-dilacerante\\\/#primaryimage\"},\"thumbnailUrl\":\"https:\\\/\\\/transamerica93.com.br\\\/home\\\/wp-content\\\/uploads\\\/2025\\\/03\\\/1-2546.jpg\",\"articleSection\":[\"Entretenimento\"],\"inLanguage\":\"pt-BR\"},{\"@type\":\"WebPage\",\"@id\":\"https:\\\/\\\/transamerica93.com.br\\\/home\\\/lexa-faz-desabafo-sobre-morte-da-filha-um-mes-apos-nascimento-dor-dilacerante\\\/\",\"url\":\"https:\\\/\\\/transamerica93.com.br\\\/home\\\/lexa-faz-desabafo-sobre-morte-da-filha-um-mes-apos-nascimento-dor-dilacerante\\\/\",\"name\":\"Lexa faz desabafo sobre morte da filha, um m\u00eas ap\u00f3s nascimento: 'Dor dilacerante' - Transam\u00e9rica Mococa 93,3\",\"isPartOf\":{\"@id\":\"https:\\\/\\\/transamerica93.com.br\\\/home\\\/#website\"},\"primaryImageOfPage\":{\"@id\":\"https:\\\/\\\/transamerica93.com.br\\\/home\\\/lexa-faz-desabafo-sobre-morte-da-filha-um-mes-apos-nascimento-dor-dilacerante\\\/#primaryimage\"},\"image\":{\"@id\":\"https:\\\/\\\/transamerica93.com.br\\\/home\\\/lexa-faz-desabafo-sobre-morte-da-filha-um-mes-apos-nascimento-dor-dilacerante\\\/#primaryimage\"},\"thumbnailUrl\":\"https:\\\/\\\/transamerica93.com.br\\\/home\\\/wp-content\\\/uploads\\\/2025\\\/03\\\/1-2546.jpg\",\"datePublished\":\"2025-03-05T21:00:01+00:00\",\"breadcrumb\":{\"@id\":\"https:\\\/\\\/transamerica93.com.br\\\/home\\\/lexa-faz-desabafo-sobre-morte-da-filha-um-mes-apos-nascimento-dor-dilacerante\\\/#breadcrumb\"},\"inLanguage\":\"pt-BR\",\"potentialAction\":[{\"@type\":\"ReadAction\",\"target\":[\"https:\\\/\\\/transamerica93.com.br\\\/home\\\/lexa-faz-desabafo-sobre-morte-da-filha-um-mes-apos-nascimento-dor-dilacerante\\\/\"]}]},{\"@type\":\"ImageObject\",\"inLanguage\":\"pt-BR\",\"@id\":\"https:\\\/\\\/transamerica93.com.br\\\/home\\\/lexa-faz-desabafo-sobre-morte-da-filha-um-mes-apos-nascimento-dor-dilacerante\\\/#primaryimage\",\"url\":\"https:\\\/\\\/transamerica93.com.br\\\/home\\\/wp-content\\\/uploads\\\/2025\\\/03\\\/1-2546.jpg\",\"contentUrl\":\"https:\\\/\\\/transamerica93.com.br\\\/home\\\/wp-content\\\/uploads\\\/2025\\\/03\\\/1-2546.jpg\",\"width\":1200,\"height\":800},{\"@type\":\"BreadcrumbList\",\"@id\":\"https:\\\/\\\/transamerica93.com.br\\\/home\\\/lexa-faz-desabafo-sobre-morte-da-filha-um-mes-apos-nascimento-dor-dilacerante\\\/#breadcrumb\",\"itemListElement\":[{\"@type\":\"ListItem\",\"position\":1,\"name\":\"In\u00edcio\",\"item\":\"https:\\\/\\\/transamerica93.com.br\\\/home\\\/\"},{\"@type\":\"ListItem\",\"position\":2,\"name\":\"Lexa faz desabafo sobre morte da filha, um m\u00eas ap\u00f3s nascimento: &#8216;Dor dilacerante&#8217;\"}]},{\"@type\":\"WebSite\",\"@id\":\"https:\\\/\\\/transamerica93.com.br\\\/home\\\/#website\",\"url\":\"https:\\\/\\\/transamerica93.com.br\\\/home\\\/\",\"name\":\"Transam\u00e9rica Mococa 93,3\",\"description\":\"\",\"publisher\":{\"@id\":\"https:\\\/\\\/transamerica93.com.br\\\/home\\\/#organization\"},\"potentialAction\":[{\"@type\":\"SearchAction\",\"target\":{\"@type\":\"EntryPoint\",\"urlTemplate\":\"https:\\\/\\\/transamerica93.com.br\\\/home\\\/?s={search_term_string}\"},\"query-input\":{\"@type\":\"PropertyValueSpecification\",\"valueRequired\":true,\"valueName\":\"search_term_string\"}}],\"inLanguage\":\"pt-BR\"},{\"@type\":\"Organization\",\"@id\":\"https:\\\/\\\/transamerica93.com.br\\\/home\\\/#organization\",\"name\":\"Transam\u00e9rica Mococa 93,3\",\"url\":\"https:\\\/\\\/transamerica93.com.br\\\/home\\\/\",\"logo\":{\"@type\":\"ImageObject\",\"inLanguage\":\"pt-BR\",\"@id\":\"https:\\\/\\\/transamerica93.com.br\\\/home\\\/#\\\/schema\\\/logo\\\/image\\\/\",\"url\":\"https:\\\/\\\/transamerica93.com.br\\\/home\\\/wp-content\\\/uploads\\\/2023\\\/10\\\/logo2.png\",\"contentUrl\":\"https:\\\/\\\/transamerica93.com.br\\\/home\\\/wp-content\\\/uploads\\\/2023\\\/10\\\/logo2.png\",\"width\":800,\"height\":500,\"caption\":\"Transam\u00e9rica Mococa 93,3\"},\"image\":{\"@id\":\"https:\\\/\\\/transamerica93.com.br\\\/home\\\/#\\\/schema\\\/logo\\\/image\\\/\"},\"sameAs\":[\"https:\\\/\\\/www.facebook.com\\\/transamericamococa\",\"https:\\\/\\\/x.com\\\/transamerica933\",\"https:\\\/\\\/www.instagram.com\\\/transamericamococa\"]},{\"@type\":\"Person\",\"@id\":\"https:\\\/\\\/transamerica93.com.br\\\/home\\\/#\\\/schema\\\/person\\\/7fed7c99c0d4562efa8561bc0f543172\",\"name\":\"Reda\u00e7\u00e3o\",\"image\":{\"@type\":\"ImageObject\",\"inLanguage\":\"pt-BR\",\"@id\":\"https:\\\/\\\/secure.gravatar.com\\\/avatar\\\/1072c6b775fb02ef8506ce967551d95926669a6b7d2c2147b42eea4d7c68395e?s=96&d=mm&r=g\",\"url\":\"https:\\\/\\\/secure.gravatar.com\\\/avatar\\\/1072c6b775fb02ef8506ce967551d95926669a6b7d2c2147b42eea4d7c68395e?s=96&d=mm&r=g\",\"contentUrl\":\"https:\\\/\\\/secure.gravatar.com\\\/avatar\\\/1072c6b775fb02ef8506ce967551d95926669a6b7d2c2147b42eea4d7c68395e?s=96&d=mm&r=g\",\"caption\":\"Reda\u00e7\u00e3o\"},\"sameAs\":[\"https:\\\/\\\/transamerica93.com.br\\\/home\"],\"url\":\"https:\\\/\\\/transamerica93.com.br\\\/home\\\/author\\\/william\\\/\"}]}<\/script>\n<!-- \/ Yoast SEO plugin. -->","yoast_head_json":{"title":"Lexa faz desabafo sobre morte da filha, um m\u00eas ap\u00f3s nascimento: 'Dor dilacerante' - Transam\u00e9rica Mococa 93,3","robots":{"index":"index","follow":"follow","max-snippet":"max-snippet:-1","max-image-preview":"max-image-preview:large","max-video-preview":"max-video-preview:-1"},"canonical":"https:\/\/transamerica93.com.br\/home\/lexa-faz-desabafo-sobre-morte-da-filha-um-mes-apos-nascimento-dor-dilacerante\/","og_locale":"pt_BR","og_type":"article","og_title":"Lexa faz desabafo sobre morte da filha, um m\u00eas ap\u00f3s nascimento: 'Dor dilacerante' - Transam\u00e9rica Mococa 93,3","og_description":"Por Reda\u00e7\u00e3o E+ Neste domingo, 2, Lexa, de 30 anos, compartilhou um relato sobre a perda de sua filha, Sofia. A beb\u00ea, fruto do relacionamento com Ricardo Vianna, nasceu prematura no dia 2 de fevereiro e morreu tr\u00eas dias depois. Depois de um m\u00eas, a cantora publicou uma s\u00e9rie de fotos da gesta\u00e7\u00e3o e prestou &hellip;","og_url":"https:\/\/transamerica93.com.br\/home\/lexa-faz-desabafo-sobre-morte-da-filha-um-mes-apos-nascimento-dor-dilacerante\/","og_site_name":"Transam\u00e9rica Mococa 93,3","article_publisher":"https:\/\/www.facebook.com\/transamericamococa","article_published_time":"2025-03-05T21:00:01+00:00","og_image":[{"width":1200,"height":800,"url":"https:\/\/transamerica93.com.br\/home\/wp-content\/uploads\/2025\/03\/1-2546.jpg","type":"image\/jpeg"}],"author":"Reda\u00e7\u00e3o","twitter_card":"summary_large_image","twitter_creator":"@transamerica933","twitter_site":"@transamerica933","twitter_misc":{"Escrito por":"Reda\u00e7\u00e3o","Est. tempo de leitura":"4 minutos"},"schema":{"@context":"https:\/\/schema.org","@graph":[{"@type":"Article","@id":"https:\/\/transamerica93.com.br\/home\/lexa-faz-desabafo-sobre-morte-da-filha-um-mes-apos-nascimento-dor-dilacerante\/#article","isPartOf":{"@id":"https:\/\/transamerica93.com.br\/home\/lexa-faz-desabafo-sobre-morte-da-filha-um-mes-apos-nascimento-dor-dilacerante\/"},"author":{"name":"Reda\u00e7\u00e3o","@id":"https:\/\/transamerica93.com.br\/home\/#\/schema\/person\/7fed7c99c0d4562efa8561bc0f543172"},"headline":"Lexa faz desabafo sobre morte da filha, um m\u00eas ap\u00f3s nascimento: &#8216;Dor dilacerante&#8217;","datePublished":"2025-03-05T21:00:01+00:00","mainEntityOfPage":{"@id":"https:\/\/transamerica93.com.br\/home\/lexa-faz-desabafo-sobre-morte-da-filha-um-mes-apos-nascimento-dor-dilacerante\/"},"wordCount":588,"publisher":{"@id":"https:\/\/transamerica93.com.br\/home\/#organization"},"image":{"@id":"https:\/\/transamerica93.com.br\/home\/lexa-faz-desabafo-sobre-morte-da-filha-um-mes-apos-nascimento-dor-dilacerante\/#primaryimage"},"thumbnailUrl":"https:\/\/transamerica93.com.br\/home\/wp-content\/uploads\/2025\/03\/1-2546.jpg","articleSection":["Entretenimento"],"inLanguage":"pt-BR"},{"@type":"WebPage","@id":"https:\/\/transamerica93.com.br\/home\/lexa-faz-desabafo-sobre-morte-da-filha-um-mes-apos-nascimento-dor-dilacerante\/","url":"https:\/\/transamerica93.com.br\/home\/lexa-faz-desabafo-sobre-morte-da-filha-um-mes-apos-nascimento-dor-dilacerante\/","name":"Lexa faz desabafo sobre morte da filha, um m\u00eas ap\u00f3s nascimento: 'Dor dilacerante' - Transam\u00e9rica Mococa 93,3","isPartOf":{"@id":"https:\/\/transamerica93.com.br\/home\/#website"},"primaryImageOfPage":{"@id":"https:\/\/transamerica93.com.br\/home\/lexa-faz-desabafo-sobre-morte-da-filha-um-mes-apos-nascimento-dor-dilacerante\/#primaryimage"},"image":{"@id":"https:\/\/transamerica93.com.br\/home\/lexa-faz-desabafo-sobre-morte-da-filha-um-mes-apos-nascimento-dor-dilacerante\/#primaryimage"},"thumbnailUrl":"https:\/\/transamerica93.com.br\/home\/wp-content\/uploads\/2025\/03\/1-2546.jpg","datePublished":"2025-03-05T21:00:01+00:00","breadcrumb":{"@id":"https:\/\/transamerica93.com.br\/home\/lexa-faz-desabafo-sobre-morte-da-filha-um-mes-apos-nascimento-dor-dilacerante\/#breadcrumb"},"inLanguage":"pt-BR","potentialAction":[{"@type":"ReadAction","target":["https:\/\/transamerica93.com.br\/home\/lexa-faz-desabafo-sobre-morte-da-filha-um-mes-apos-nascimento-dor-dilacerante\/"]}]},{"@type":"ImageObject","inLanguage":"pt-BR","@id":"https:\/\/transamerica93.com.br\/home\/lexa-faz-desabafo-sobre-morte-da-filha-um-mes-apos-nascimento-dor-dilacerante\/#primaryimage","url":"https:\/\/transamerica93.com.br\/home\/wp-content\/uploads\/2025\/03\/1-2546.jpg","contentUrl":"https:\/\/transamerica93.com.br\/home\/wp-content\/uploads\/2025\/03\/1-2546.jpg","width":1200,"height":800},{"@type":"BreadcrumbList","@id":"https:\/\/transamerica93.com.br\/home\/lexa-faz-desabafo-sobre-morte-da-filha-um-mes-apos-nascimento-dor-dilacerante\/#breadcrumb","itemListElement":[{"@type":"ListItem","position":1,"name":"In\u00edcio","item":"https:\/\/transamerica93.com.br\/home\/"},{"@type":"ListItem","position":2,"name":"Lexa faz desabafo sobre morte da filha, um m\u00eas ap\u00f3s nascimento: &#8216;Dor dilacerante&#8217;"}]},{"@type":"WebSite","@id":"https:\/\/transamerica93.com.br\/home\/#website","url":"https:\/\/transamerica93.com.br\/home\/","name":"Transam\u00e9rica Mococa 93,3","description":"","publisher":{"@id":"https:\/\/transamerica93.com.br\/home\/#organization"},"potentialAction":[{"@type":"SearchAction","target":{"@type":"EntryPoint","urlTemplate":"https:\/\/transamerica93.com.br\/home\/?s={search_term_string}"},"query-input":{"@type":"PropertyValueSpecification","valueRequired":true,"valueName":"search_term_string"}}],"inLanguage":"pt-BR"},{"@type":"Organization","@id":"https:\/\/transamerica93.com.br\/home\/#organization","name":"Transam\u00e9rica Mococa 93,3","url":"https:\/\/transamerica93.com.br\/home\/","logo":{"@type":"ImageObject","inLanguage":"pt-BR","@id":"https:\/\/transamerica93.com.br\/home\/#\/schema\/logo\/image\/","url":"https:\/\/transamerica93.com.br\/home\/wp-content\/uploads\/2023\/10\/logo2.png","contentUrl":"https:\/\/transamerica93.com.br\/home\/wp-content\/uploads\/2023\/10\/logo2.png","width":800,"height":500,"caption":"Transam\u00e9rica Mococa 93,3"},"image":{"@id":"https:\/\/transamerica93.com.br\/home\/#\/schema\/logo\/image\/"},"sameAs":["https:\/\/www.facebook.com\/transamericamococa","https:\/\/x.com\/transamerica933","https:\/\/www.instagram.com\/transamericamococa"]},{"@type":"Person","@id":"https:\/\/transamerica93.com.br\/home\/#\/schema\/person\/7fed7c99c0d4562efa8561bc0f543172","name":"Reda\u00e7\u00e3o","image":{"@type":"ImageObject","inLanguage":"pt-BR","@id":"https:\/\/secure.gravatar.com\/avatar\/1072c6b775fb02ef8506ce967551d95926669a6b7d2c2147b42eea4d7c68395e?s=96&d=mm&r=g","url":"https:\/\/secure.gravatar.com\/avatar\/1072c6b775fb02ef8506ce967551d95926669a6b7d2c2147b42eea4d7c68395e?s=96&d=mm&r=g","contentUrl":"https:\/\/secure.gravatar.com\/avatar\/1072c6b775fb02ef8506ce967551d95926669a6b7d2c2147b42eea4d7c68395e?s=96&d=mm&r=g","caption":"Reda\u00e7\u00e3o"},"sameAs":["https:\/\/transamerica93.com.br\/home"],"url":"https:\/\/transamerica93.com.br\/home\/author\/william\/"}]}},"_links":{"self":[{"href":"https:\/\/transamerica93.com.br\/home\/wp-json\/wp\/v2\/posts\/4867","targetHints":{"allow":["GET"]}}],"collection":[{"href":"https:\/\/transamerica93.com.br\/home\/wp-json\/wp\/v2\/posts"}],"about":[{"href":"https:\/\/transamerica93.com.br\/home\/wp-json\/wp\/v2\/types\/post"}],"author":[{"embeddable":true,"href":"https:\/\/transamerica93.com.br\/home\/wp-json\/wp\/v2\/users\/1"}],"replies":[{"embeddable":true,"href":"https:\/\/transamerica93.com.br\/home\/wp-json\/wp\/v2\/comments?post=4867"}],"version-history":[{"count":1,"href":"https:\/\/transamerica93.com.br\/home\/wp-json\/wp\/v2\/posts\/4867\/revisions"}],"predecessor-version":[{"id":4869,"href":"https:\/\/transamerica93.com.br\/home\/wp-json\/wp\/v2\/posts\/4867\/revisions\/4869"}],"wp:featuredmedia":[{"embeddable":true,"href":"https:\/\/transamerica93.com.br\/home\/wp-json\/wp\/v2\/media\/4868"}],"wp:attachment":[{"href":"https:\/\/transamerica93.com.br\/home\/wp-json\/wp\/v2\/media?parent=4867"}],"wp:term":[{"taxonomy":"category","embeddable":true,"href":"https:\/\/transamerica93.com.br\/home\/wp-json\/wp\/v2\/categories?post=4867"},{"taxonomy":"post_tag","embeddable":true,"href":"https:\/\/transamerica93.com.br\/home\/wp-json\/wp\/v2\/tags?post=4867"}],"curies":[{"name":"wp","href":"https:\/\/api.w.org\/{rel}","templated":true}]}}