{"id":4879,"date":"2025-03-07T18:00:17","date_gmt":"2025-03-07T21:00:17","guid":{"rendered":"https:\/\/transamerica93.com.br\/home\/?p=4879"},"modified":"2025-03-05T07:08:36","modified_gmt":"2025-03-05T10:08:36","slug":"fabio-porchat-e-namorada-posam-nus-em-meio-ao-carnaval-adao-e-eva","status":"publish","type":"post","link":"https:\/\/transamerica93.com.br\/home\/fabio-porchat-e-namorada-posam-nus-em-meio-ao-carnaval-adao-e-eva\/","title":{"rendered":"Fabio Porchat e namorada posam nus em meio ao carnaval: &#8216;Ad\u00e3o e Eva&#8217;"},"content":{"rendered":"<h6 class=\"Assina\">Por Daniel Vila Nova<\/h6>\n<p>O comediante Fabio Porchat e sua namorada, a tamb\u00e9m humorista Priscila Castello Branco, posaram nus para uma foto durante uma viagem nesta segunda-feira, 3. No Instagram do apresentador, o casal compartilhou o momento em uma praia paradis\u00edaca.<\/p>\n<p>&#8220;Nossa fantasia do carnaval: Ad\u00e3o e Eva no Para\u00edso!&#8221;, escreveu Porchat. Na publica\u00e7\u00e3o os dois aparecem pelados, mas as regi\u00f5es genitais de ambos est\u00e3o cobertas por conchas brancas.<\/p>\n<p>Na mesma publica\u00e7\u00e3o, Porchat tamb\u00e9m aproveitou para celebrar a vit\u00f3ria brasileira no Oscar. &#8220;O Oscar \u00e9 nosso!&#8221;, escreveu, ilustrando a comemora\u00e7\u00e3o com uma foto sua nadando na praia.<\/p>\n<p>Neste domingo, 2, o Brasil conquistou o primeiro Oscar de sua hist\u00f3ria. O longa\u00a0<i>Ainda Estou Aqui<\/i>, de Walter Salles, faturou o pr\u00eamio de Melhor Filme Internacional. A obra ainda concorria nas categorias de Melhor Filme e Melhor Atriz, mas acabou sendo preterida por Anora.<\/p>\n","protected":false},"excerpt":{"rendered":"<p>Por Daniel Vila Nova O comediante Fabio Porchat e sua namorada, a tamb\u00e9m humorista Priscila Castello Branco, posaram nus para uma foto durante uma viagem nesta segunda-feira, 3. No Instagram do apresentador, o casal compartilhou o momento em uma praia paradis\u00edaca. &#8220;Nossa fantasia do carnaval: Ad\u00e3o e Eva no Para\u00edso!&#8221;, escreveu Porchat. Na publica\u00e7\u00e3o os &hellip;<\/p>\n","protected":false},"author":1,"featured_media":4880,"comment_status":"closed","ping_status":"closed","sticky":false,"template":"","format":"standard","meta":{"footnotes":""},"categories":[24],"tags":[],"class_list":["post-4879","post","type-post","status-publish","format-standard","has-post-thumbnail","hentry","category-entretenimento"],"yoast_head":"<!-- This site is optimized with the Yoast SEO plugin v27.4 - https:\/\/yoast.com\/product\/yoast-seo-wordpress\/ -->\n<title>Fabio Porchat e namorada posam nus em meio ao carnaval: &#039;Ad\u00e3o e Eva&#039; - Transam\u00e9rica Mococa 93,3<\/title>\n<meta name=\"robots\" content=\"index, follow, max-snippet:-1, max-image-preview:large, max-video-preview:-1\" \/>\n<link rel=\"canonical\" href=\"https:\/\/transamerica93.com.br\/home\/fabio-porchat-e-namorada-posam-nus-em-meio-ao-carnaval-adao-e-eva\/\" \/>\n<meta property=\"og:locale\" content=\"pt_BR\" \/>\n<meta property=\"og:type\" content=\"article\" \/>\n<meta property=\"og:title\" content=\"Fabio Porchat e namorada posam nus em meio ao carnaval: &#039;Ad\u00e3o e Eva&#039; - Transam\u00e9rica Mococa 93,3\" \/>\n<meta property=\"og:description\" content=\"Por Daniel Vila Nova O comediante Fabio Porchat e sua namorada, a tamb\u00e9m humorista Priscila Castello Branco, posaram nus para uma foto durante uma viagem nesta segunda-feira, 3. No Instagram do apresentador, o casal compartilhou o momento em uma praia paradis\u00edaca. &#8220;Nossa fantasia do carnaval: Ad\u00e3o e Eva no Para\u00edso!&#8221;, escreveu Porchat. Na publica\u00e7\u00e3o os &hellip;\" \/>\n<meta property=\"og:url\" content=\"https:\/\/transamerica93.com.br\/home\/fabio-porchat-e-namorada-posam-nus-em-meio-ao-carnaval-adao-e-eva\/\" \/>\n<meta property=\"og:site_name\" content=\"Transam\u00e9rica Mococa 93,3\" \/>\n<meta property=\"article:publisher\" content=\"https:\/\/www.facebook.com\/transamericamococa\" \/>\n<meta property=\"article:published_time\" content=\"2025-03-07T21:00:17+00:00\" \/>\n<meta property=\"og:image\" content=\"https:\/\/transamerica93.com.br\/home\/wp-content\/uploads\/2025\/03\/1-8.jpg\" \/>\n\t<meta property=\"og:image:width\" content=\"1200\" \/>\n\t<meta property=\"og:image:height\" content=\"720\" \/>\n\t<meta property=\"og:image:type\" content=\"image\/jpeg\" \/>\n<meta name=\"author\" content=\"Reda\u00e7\u00e3o\" \/>\n<meta name=\"twitter:card\" content=\"summary_large_image\" \/>\n<meta name=\"twitter:creator\" content=\"@transamerica933\" \/>\n<meta name=\"twitter:site\" content=\"@transamerica933\" \/>\n<meta name=\"twitter:label1\" content=\"Escrito por\" \/>\n\t<meta name=\"twitter:data1\" content=\"Reda\u00e7\u00e3o\" \/>\n\t<meta name=\"twitter:label2\" content=\"Est. tempo de leitura\" \/>\n\t<meta name=\"twitter:data2\" content=\"1 minuto\" \/>\n<script type=\"application\/ld+json\" class=\"yoast-schema-graph\">{\"@context\":\"https:\\\/\\\/schema.org\",\"@graph\":[{\"@type\":\"Article\",\"@id\":\"https:\\\/\\\/transamerica93.com.br\\\/home\\\/fabio-porchat-e-namorada-posam-nus-em-meio-ao-carnaval-adao-e-eva\\\/#article\",\"isPartOf\":{\"@id\":\"https:\\\/\\\/transamerica93.com.br\\\/home\\\/fabio-porchat-e-namorada-posam-nus-em-meio-ao-carnaval-adao-e-eva\\\/\"},\"author\":{\"name\":\"Reda\u00e7\u00e3o\",\"@id\":\"https:\\\/\\\/transamerica93.com.br\\\/home\\\/#\\\/schema\\\/person\\\/7fed7c99c0d4562efa8561bc0f543172\"},\"headline\":\"Fabio Porchat e namorada posam nus em meio ao carnaval: &#8216;Ad\u00e3o e Eva&#8217;\",\"datePublished\":\"2025-03-07T21:00:17+00:00\",\"mainEntityOfPage\":{\"@id\":\"https:\\\/\\\/transamerica93.com.br\\\/home\\\/fabio-porchat-e-namorada-posam-nus-em-meio-ao-carnaval-adao-e-eva\\\/\"},\"wordCount\":166,\"publisher\":{\"@id\":\"https:\\\/\\\/transamerica93.com.br\\\/home\\\/#organization\"},\"image\":{\"@id\":\"https:\\\/\\\/transamerica93.com.br\\\/home\\\/fabio-porchat-e-namorada-posam-nus-em-meio-ao-carnaval-adao-e-eva\\\/#primaryimage\"},\"thumbnailUrl\":\"https:\\\/\\\/transamerica93.com.br\\\/home\\\/wp-content\\\/uploads\\\/2025\\\/03\\\/1-8.jpg\",\"articleSection\":[\"Entretenimento\"],\"inLanguage\":\"pt-BR\"},{\"@type\":\"WebPage\",\"@id\":\"https:\\\/\\\/transamerica93.com.br\\\/home\\\/fabio-porchat-e-namorada-posam-nus-em-meio-ao-carnaval-adao-e-eva\\\/\",\"url\":\"https:\\\/\\\/transamerica93.com.br\\\/home\\\/fabio-porchat-e-namorada-posam-nus-em-meio-ao-carnaval-adao-e-eva\\\/\",\"name\":\"Fabio Porchat e namorada posam nus em meio ao carnaval: 'Ad\u00e3o e Eva' - Transam\u00e9rica Mococa 93,3\",\"isPartOf\":{\"@id\":\"https:\\\/\\\/transamerica93.com.br\\\/home\\\/#website\"},\"primaryImageOfPage\":{\"@id\":\"https:\\\/\\\/transamerica93.com.br\\\/home\\\/fabio-porchat-e-namorada-posam-nus-em-meio-ao-carnaval-adao-e-eva\\\/#primaryimage\"},\"image\":{\"@id\":\"https:\\\/\\\/transamerica93.com.br\\\/home\\\/fabio-porchat-e-namorada-posam-nus-em-meio-ao-carnaval-adao-e-eva\\\/#primaryimage\"},\"thumbnailUrl\":\"https:\\\/\\\/transamerica93.com.br\\\/home\\\/wp-content\\\/uploads\\\/2025\\\/03\\\/1-8.jpg\",\"datePublished\":\"2025-03-07T21:00:17+00:00\",\"breadcrumb\":{\"@id\":\"https:\\\/\\\/transamerica93.com.br\\\/home\\\/fabio-porchat-e-namorada-posam-nus-em-meio-ao-carnaval-adao-e-eva\\\/#breadcrumb\"},\"inLanguage\":\"pt-BR\",\"potentialAction\":[{\"@type\":\"ReadAction\",\"target\":[\"https:\\\/\\\/transamerica93.com.br\\\/home\\\/fabio-porchat-e-namorada-posam-nus-em-meio-ao-carnaval-adao-e-eva\\\/\"]}]},{\"@type\":\"ImageObject\",\"inLanguage\":\"pt-BR\",\"@id\":\"https:\\\/\\\/transamerica93.com.br\\\/home\\\/fabio-porchat-e-namorada-posam-nus-em-meio-ao-carnaval-adao-e-eva\\\/#primaryimage\",\"url\":\"https:\\\/\\\/transamerica93.com.br\\\/home\\\/wp-content\\\/uploads\\\/2025\\\/03\\\/1-8.jpg\",\"contentUrl\":\"https:\\\/\\\/transamerica93.com.br\\\/home\\\/wp-content\\\/uploads\\\/2025\\\/03\\\/1-8.jpg\",\"width\":1200,\"height\":720},{\"@type\":\"BreadcrumbList\",\"@id\":\"https:\\\/\\\/transamerica93.com.br\\\/home\\\/fabio-porchat-e-namorada-posam-nus-em-meio-ao-carnaval-adao-e-eva\\\/#breadcrumb\",\"itemListElement\":[{\"@type\":\"ListItem\",\"position\":1,\"name\":\"In\u00edcio\",\"item\":\"https:\\\/\\\/transamerica93.com.br\\\/home\\\/\"},{\"@type\":\"ListItem\",\"position\":2,\"name\":\"Fabio Porchat e namorada posam nus em meio ao carnaval: &#8216;Ad\u00e3o e Eva&#8217;\"}]},{\"@type\":\"WebSite\",\"@id\":\"https:\\\/\\\/transamerica93.com.br\\\/home\\\/#website\",\"url\":\"https:\\\/\\\/transamerica93.com.br\\\/home\\\/\",\"name\":\"Transam\u00e9rica Mococa 93,3\",\"description\":\"\",\"publisher\":{\"@id\":\"https:\\\/\\\/transamerica93.com.br\\\/home\\\/#organization\"},\"potentialAction\":[{\"@type\":\"SearchAction\",\"target\":{\"@type\":\"EntryPoint\",\"urlTemplate\":\"https:\\\/\\\/transamerica93.com.br\\\/home\\\/?s={search_term_string}\"},\"query-input\":{\"@type\":\"PropertyValueSpecification\",\"valueRequired\":true,\"valueName\":\"search_term_string\"}}],\"inLanguage\":\"pt-BR\"},{\"@type\":\"Organization\",\"@id\":\"https:\\\/\\\/transamerica93.com.br\\\/home\\\/#organization\",\"name\":\"Transam\u00e9rica Mococa 93,3\",\"url\":\"https:\\\/\\\/transamerica93.com.br\\\/home\\\/\",\"logo\":{\"@type\":\"ImageObject\",\"inLanguage\":\"pt-BR\",\"@id\":\"https:\\\/\\\/transamerica93.com.br\\\/home\\\/#\\\/schema\\\/logo\\\/image\\\/\",\"url\":\"https:\\\/\\\/transamerica93.com.br\\\/home\\\/wp-content\\\/uploads\\\/2023\\\/10\\\/logo2.png\",\"contentUrl\":\"https:\\\/\\\/transamerica93.com.br\\\/home\\\/wp-content\\\/uploads\\\/2023\\\/10\\\/logo2.png\",\"width\":800,\"height\":500,\"caption\":\"Transam\u00e9rica Mococa 93,3\"},\"image\":{\"@id\":\"https:\\\/\\\/transamerica93.com.br\\\/home\\\/#\\\/schema\\\/logo\\\/image\\\/\"},\"sameAs\":[\"https:\\\/\\\/www.facebook.com\\\/transamericamococa\",\"https:\\\/\\\/x.com\\\/transamerica933\",\"https:\\\/\\\/www.instagram.com\\\/transamericamococa\"]},{\"@type\":\"Person\",\"@id\":\"https:\\\/\\\/transamerica93.com.br\\\/home\\\/#\\\/schema\\\/person\\\/7fed7c99c0d4562efa8561bc0f543172\",\"name\":\"Reda\u00e7\u00e3o\",\"image\":{\"@type\":\"ImageObject\",\"inLanguage\":\"pt-BR\",\"@id\":\"https:\\\/\\\/secure.gravatar.com\\\/avatar\\\/1072c6b775fb02ef8506ce967551d95926669a6b7d2c2147b42eea4d7c68395e?s=96&d=mm&r=g\",\"url\":\"https:\\\/\\\/secure.gravatar.com\\\/avatar\\\/1072c6b775fb02ef8506ce967551d95926669a6b7d2c2147b42eea4d7c68395e?s=96&d=mm&r=g\",\"contentUrl\":\"https:\\\/\\\/secure.gravatar.com\\\/avatar\\\/1072c6b775fb02ef8506ce967551d95926669a6b7d2c2147b42eea4d7c68395e?s=96&d=mm&r=g\",\"caption\":\"Reda\u00e7\u00e3o\"},\"sameAs\":[\"https:\\\/\\\/transamerica93.com.br\\\/home\"],\"url\":\"https:\\\/\\\/transamerica93.com.br\\\/home\\\/author\\\/william\\\/\"}]}<\/script>\n<!-- \/ Yoast SEO plugin. -->","yoast_head_json":{"title":"Fabio Porchat e namorada posam nus em meio ao carnaval: 'Ad\u00e3o e Eva' - Transam\u00e9rica Mococa 93,3","robots":{"index":"index","follow":"follow","max-snippet":"max-snippet:-1","max-image-preview":"max-image-preview:large","max-video-preview":"max-video-preview:-1"},"canonical":"https:\/\/transamerica93.com.br\/home\/fabio-porchat-e-namorada-posam-nus-em-meio-ao-carnaval-adao-e-eva\/","og_locale":"pt_BR","og_type":"article","og_title":"Fabio Porchat e namorada posam nus em meio ao carnaval: 'Ad\u00e3o e Eva' - Transam\u00e9rica Mococa 93,3","og_description":"Por Daniel Vila Nova O comediante Fabio Porchat e sua namorada, a tamb\u00e9m humorista Priscila Castello Branco, posaram nus para uma foto durante uma viagem nesta segunda-feira, 3. No Instagram do apresentador, o casal compartilhou o momento em uma praia paradis\u00edaca. &#8220;Nossa fantasia do carnaval: Ad\u00e3o e Eva no Para\u00edso!&#8221;, escreveu Porchat. Na publica\u00e7\u00e3o os &hellip;","og_url":"https:\/\/transamerica93.com.br\/home\/fabio-porchat-e-namorada-posam-nus-em-meio-ao-carnaval-adao-e-eva\/","og_site_name":"Transam\u00e9rica Mococa 93,3","article_publisher":"https:\/\/www.facebook.com\/transamericamococa","article_published_time":"2025-03-07T21:00:17+00:00","og_image":[{"width":1200,"height":720,"url":"https:\/\/transamerica93.com.br\/home\/wp-content\/uploads\/2025\/03\/1-8.jpg","type":"image\/jpeg"}],"author":"Reda\u00e7\u00e3o","twitter_card":"summary_large_image","twitter_creator":"@transamerica933","twitter_site":"@transamerica933","twitter_misc":{"Escrito por":"Reda\u00e7\u00e3o","Est. tempo de leitura":"1 minuto"},"schema":{"@context":"https:\/\/schema.org","@graph":[{"@type":"Article","@id":"https:\/\/transamerica93.com.br\/home\/fabio-porchat-e-namorada-posam-nus-em-meio-ao-carnaval-adao-e-eva\/#article","isPartOf":{"@id":"https:\/\/transamerica93.com.br\/home\/fabio-porchat-e-namorada-posam-nus-em-meio-ao-carnaval-adao-e-eva\/"},"author":{"name":"Reda\u00e7\u00e3o","@id":"https:\/\/transamerica93.com.br\/home\/#\/schema\/person\/7fed7c99c0d4562efa8561bc0f543172"},"headline":"Fabio Porchat e namorada posam nus em meio ao carnaval: &#8216;Ad\u00e3o e Eva&#8217;","datePublished":"2025-03-07T21:00:17+00:00","mainEntityOfPage":{"@id":"https:\/\/transamerica93.com.br\/home\/fabio-porchat-e-namorada-posam-nus-em-meio-ao-carnaval-adao-e-eva\/"},"wordCount":166,"publisher":{"@id":"https:\/\/transamerica93.com.br\/home\/#organization"},"image":{"@id":"https:\/\/transamerica93.com.br\/home\/fabio-porchat-e-namorada-posam-nus-em-meio-ao-carnaval-adao-e-eva\/#primaryimage"},"thumbnailUrl":"https:\/\/transamerica93.com.br\/home\/wp-content\/uploads\/2025\/03\/1-8.jpg","articleSection":["Entretenimento"],"inLanguage":"pt-BR"},{"@type":"WebPage","@id":"https:\/\/transamerica93.com.br\/home\/fabio-porchat-e-namorada-posam-nus-em-meio-ao-carnaval-adao-e-eva\/","url":"https:\/\/transamerica93.com.br\/home\/fabio-porchat-e-namorada-posam-nus-em-meio-ao-carnaval-adao-e-eva\/","name":"Fabio Porchat e namorada posam nus em meio ao carnaval: 'Ad\u00e3o e Eva' - Transam\u00e9rica Mococa 93,3","isPartOf":{"@id":"https:\/\/transamerica93.com.br\/home\/#website"},"primaryImageOfPage":{"@id":"https:\/\/transamerica93.com.br\/home\/fabio-porchat-e-namorada-posam-nus-em-meio-ao-carnaval-adao-e-eva\/#primaryimage"},"image":{"@id":"https:\/\/transamerica93.com.br\/home\/fabio-porchat-e-namorada-posam-nus-em-meio-ao-carnaval-adao-e-eva\/#primaryimage"},"thumbnailUrl":"https:\/\/transamerica93.com.br\/home\/wp-content\/uploads\/2025\/03\/1-8.jpg","datePublished":"2025-03-07T21:00:17+00:00","breadcrumb":{"@id":"https:\/\/transamerica93.com.br\/home\/fabio-porchat-e-namorada-posam-nus-em-meio-ao-carnaval-adao-e-eva\/#breadcrumb"},"inLanguage":"pt-BR","potentialAction":[{"@type":"ReadAction","target":["https:\/\/transamerica93.com.br\/home\/fabio-porchat-e-namorada-posam-nus-em-meio-ao-carnaval-adao-e-eva\/"]}]},{"@type":"ImageObject","inLanguage":"pt-BR","@id":"https:\/\/transamerica93.com.br\/home\/fabio-porchat-e-namorada-posam-nus-em-meio-ao-carnaval-adao-e-eva\/#primaryimage","url":"https:\/\/transamerica93.com.br\/home\/wp-content\/uploads\/2025\/03\/1-8.jpg","contentUrl":"https:\/\/transamerica93.com.br\/home\/wp-content\/uploads\/2025\/03\/1-8.jpg","width":1200,"height":720},{"@type":"BreadcrumbList","@id":"https:\/\/transamerica93.com.br\/home\/fabio-porchat-e-namorada-posam-nus-em-meio-ao-carnaval-adao-e-eva\/#breadcrumb","itemListElement":[{"@type":"ListItem","position":1,"name":"In\u00edcio","item":"https:\/\/transamerica93.com.br\/home\/"},{"@type":"ListItem","position":2,"name":"Fabio Porchat e namorada posam nus em meio ao carnaval: &#8216;Ad\u00e3o e Eva&#8217;"}]},{"@type":"WebSite","@id":"https:\/\/transamerica93.com.br\/home\/#website","url":"https:\/\/transamerica93.com.br\/home\/","name":"Transam\u00e9rica Mococa 93,3","description":"","publisher":{"@id":"https:\/\/transamerica93.com.br\/home\/#organization"},"potentialAction":[{"@type":"SearchAction","target":{"@type":"EntryPoint","urlTemplate":"https:\/\/transamerica93.com.br\/home\/?s={search_term_string}"},"query-input":{"@type":"PropertyValueSpecification","valueRequired":true,"valueName":"search_term_string"}}],"inLanguage":"pt-BR"},{"@type":"Organization","@id":"https:\/\/transamerica93.com.br\/home\/#organization","name":"Transam\u00e9rica Mococa 93,3","url":"https:\/\/transamerica93.com.br\/home\/","logo":{"@type":"ImageObject","inLanguage":"pt-BR","@id":"https:\/\/transamerica93.com.br\/home\/#\/schema\/logo\/image\/","url":"https:\/\/transamerica93.com.br\/home\/wp-content\/uploads\/2023\/10\/logo2.png","contentUrl":"https:\/\/transamerica93.com.br\/home\/wp-content\/uploads\/2023\/10\/logo2.png","width":800,"height":500,"caption":"Transam\u00e9rica Mococa 93,3"},"image":{"@id":"https:\/\/transamerica93.com.br\/home\/#\/schema\/logo\/image\/"},"sameAs":["https:\/\/www.facebook.com\/transamericamococa","https:\/\/x.com\/transamerica933","https:\/\/www.instagram.com\/transamericamococa"]},{"@type":"Person","@id":"https:\/\/transamerica93.com.br\/home\/#\/schema\/person\/7fed7c99c0d4562efa8561bc0f543172","name":"Reda\u00e7\u00e3o","image":{"@type":"ImageObject","inLanguage":"pt-BR","@id":"https:\/\/secure.gravatar.com\/avatar\/1072c6b775fb02ef8506ce967551d95926669a6b7d2c2147b42eea4d7c68395e?s=96&d=mm&r=g","url":"https:\/\/secure.gravatar.com\/avatar\/1072c6b775fb02ef8506ce967551d95926669a6b7d2c2147b42eea4d7c68395e?s=96&d=mm&r=g","contentUrl":"https:\/\/secure.gravatar.com\/avatar\/1072c6b775fb02ef8506ce967551d95926669a6b7d2c2147b42eea4d7c68395e?s=96&d=mm&r=g","caption":"Reda\u00e7\u00e3o"},"sameAs":["https:\/\/transamerica93.com.br\/home"],"url":"https:\/\/transamerica93.com.br\/home\/author\/william\/"}]}},"_links":{"self":[{"href":"https:\/\/transamerica93.com.br\/home\/wp-json\/wp\/v2\/posts\/4879","targetHints":{"allow":["GET"]}}],"collection":[{"href":"https:\/\/transamerica93.com.br\/home\/wp-json\/wp\/v2\/posts"}],"about":[{"href":"https:\/\/transamerica93.com.br\/home\/wp-json\/wp\/v2\/types\/post"}],"author":[{"embeddable":true,"href":"https:\/\/transamerica93.com.br\/home\/wp-json\/wp\/v2\/users\/1"}],"replies":[{"embeddable":true,"href":"https:\/\/transamerica93.com.br\/home\/wp-json\/wp\/v2\/comments?post=4879"}],"version-history":[{"count":1,"href":"https:\/\/transamerica93.com.br\/home\/wp-json\/wp\/v2\/posts\/4879\/revisions"}],"predecessor-version":[{"id":4881,"href":"https:\/\/transamerica93.com.br\/home\/wp-json\/wp\/v2\/posts\/4879\/revisions\/4881"}],"wp:featuredmedia":[{"embeddable":true,"href":"https:\/\/transamerica93.com.br\/home\/wp-json\/wp\/v2\/media\/4880"}],"wp:attachment":[{"href":"https:\/\/transamerica93.com.br\/home\/wp-json\/wp\/v2\/media?parent=4879"}],"wp:term":[{"taxonomy":"category","embeddable":true,"href":"https:\/\/transamerica93.com.br\/home\/wp-json\/wp\/v2\/categories?post=4879"},{"taxonomy":"post_tag","embeddable":true,"href":"https:\/\/transamerica93.com.br\/home\/wp-json\/wp\/v2\/tags?post=4879"}],"curies":[{"name":"wp","href":"https:\/\/api.w.org\/{rel}","templated":true}]}}