{"id":4882,"date":"2025-03-14T15:00:10","date_gmt":"2025-03-14T18:00:10","guid":{"rendered":"https:\/\/transamerica93.com.br\/home\/?p=4882"},"modified":"2025-03-10T14:03:18","modified_gmt":"2025-03-10T17:03:18","slug":"daniela-mercury-volta-a-criticar-tony-salles-e-diz-que-foi-violento-o-que-ele-fez-no-carnaval","status":"publish","type":"post","link":"https:\/\/transamerica93.com.br\/home\/daniela-mercury-volta-a-criticar-tony-salles-e-diz-que-foi-violento-o-que-ele-fez-no-carnaval\/","title":{"rendered":"Daniela Mercury volta a criticar Tony Salles e diz que &#8216;foi violento&#8217; o que ele fez no carnaval"},"content":{"rendered":"<div id=\"Corpo\">Por Reda\u00e7\u00e3o E+<\/p>\n<p>Daniela Mercury voltou a criticar Tony Salles ap\u00f3s o desentendimento ocorrido no carnaval de Salvador. A cantora afirmou que, apesar de ter desculpado o pagodeiro, ainda est\u00e1 incomodada com a forma como tudo aconteceu na folia baiana.<\/p>\n<p>O atrito entre os artistas ocorreu quando o trio el\u00e9trico de Tony Salles se aproximou excessivamente do de Daniela na madrugada de ter\u00e7a-feira, 4, o que comprometeu a qualidade do som da apresenta\u00e7\u00e3o da artista. Ela reagiu publicamente ao ocorrido e refor\u00e7ou sua insatisfa\u00e7\u00e3o com o epis\u00f3dio.<\/p>\n<p>&#8220;Me impor diante de situa\u00e7\u00f5es como essa \u00e9 considerado exagero apenas porque sou mulher e LGBT+. Foi violento o que ele fez. N\u00e3o sei se ele faria o mesmo com Bell Marques&#8221;, declarou a cantora em entrevista ao UOL.<\/p>\n<p>Apesar de ressaltar que seu carnaval foi positivo, Daniela lamentou que o epis\u00f3dio tenha tomado uma propor\u00e7\u00e3o t\u00e3o grande. &#8220;\u00c9 uma pena que um ato de total desrespeito de um colega tenha chamado tanta aten\u00e7\u00e3o nesse carnaval, que foi espetacular para mim e importante para o g\u00eanero&#8221;, disse.<\/p>\n<p>Ela tamb\u00e9m destacou que, caso sua esposa, Malu Ver\u00e7osa, n\u00e3o tivesse esclarecido a situa\u00e7\u00e3o logo ap\u00f3s o ocorrido, a opini\u00e3o p\u00fablica poderia t\u00ea-la responsabilizado pelo atraso do trio de Tony Salles.<\/p>\n<p><b>Entenda o caso<\/b><\/p>\n<p>O desentendimento entre Daniela Mercury e Tony Salles aconteceu na madrugada de ter\u00e7a-feira, 4, no circuito Dod\u00f4 (Barra-Ondina), em Salvador. A cantora interrompeu sua apresenta\u00e7\u00e3o para reclamar da proximidade do trio de Tony, que, segundo ela, prejudicou sua performance.<\/p>\n<p>&#8220;Respeite, que eu n\u00e3o sou moleque! Ficou feio, viu, bicho?&#8221;, declarou Daniela no momento da confus\u00e3o.<\/p>\n<p>Tony Salles, por sua vez, justificou que a programa\u00e7\u00e3o dos trios estava atrasada e que precisava avan\u00e7ar no percurso. Sem citar diretamente a cantora, o artista mencionou que o trio el\u00e9trico &#8220;precisa andar&#8221; e afirmou que n\u00e3o deveria ser tratado de forma diferente por ser do pagode e de origem perif\u00e9rica.<\/p>\n<p>Procurada pelo\u00a0<b>Estad\u00e3o<\/b>, a equipe de Daniela informou que o posicionamento da cantora est\u00e1 no depoimento escrito por sua esposa, Malu Ver\u00e7osa. Leia na \u00edntegra abaixo.<\/p>\n<p><i>&#8220;Sou da \u00e9poca do encontro de trios, da festa da m\u00fasica no Carnaval de Salvador, da magia da percuss\u00e3o e da nossa cultura. Mas a cena que vi no desfile dessa segunda no circuito Barra Ondina foi de desrespeito, principalmente com o p\u00fablico, mas tamb\u00e9m com a minha artista. O cantor Tony Salles chegou atrasad\u00edssimo no Farol da Barra e o fiscal nos pediu para passar na frente j\u00e1 que est\u00e1vamos prontos. Passou o artista Guga Meira e em seguida Daniela, tamanho o atraso dele. Ali\u00e1s \u00e9 assim que tem que ser para o carnaval n\u00e3o parar e n\u00e3o atrasar o desfile. Registre-se que seguimos o fluxo do desfile respeitando a dist\u00e2ncia do trio da nossa frente. O trio do cantor Tony Salles veio colado no nosso trio a partir do Cristo da Barra at\u00e9 Ondina, atrapalhando o desfile ao ponto de fazer Daniela parar de cantar em alguns momentos. Ao ponto da Band noticiar isso (que vergonha). E ele justifica dizendo que estava atrasado pro show no camarote. Chegasse no hor\u00e1rio ent\u00e3o. Quem tem compromisso, n\u00e3o atrasa. Coisa feia. E sabe o que \u00e9 pior? Encerramos o desfile e ele, que estava atrasado, ainda ficou mais meia hora cantando. Respeite a rainha, Tony Salles.&#8221;<\/i><\/p>\n<p>A equipe de Tony Salles n\u00e3o respondeu \u00e0 reportagem.<\/p>\n<p>Ap\u00f3s a repercuss\u00e3o do epis\u00f3dio, Tony pediu desculpas publicamente a Daniela e afirmou que n\u00e3o teve a inten\u00e7\u00e3o de desrespeit\u00e1-la. &#8220;Tenho um carinho muito grande por Daniela. Me perdoe pelo que aconteceu, porque n\u00e3o foi intencional&#8221;, declarou<\/p><\/div>\n","protected":false},"excerpt":{"rendered":"<p>Por Reda\u00e7\u00e3o E+ Daniela Mercury voltou a criticar Tony Salles ap\u00f3s o desentendimento ocorrido no carnaval de Salvador. A cantora afirmou que, apesar de ter desculpado o pagodeiro, ainda est\u00e1 incomodada com a forma como tudo aconteceu na folia baiana. O atrito entre os artistas ocorreu quando o trio el\u00e9trico de Tony Salles se aproximou &hellip;<\/p>\n","protected":false},"author":1,"featured_media":4871,"comment_status":"closed","ping_status":"closed","sticky":false,"template":"","format":"standard","meta":{"footnotes":""},"categories":[25],"tags":[],"class_list":["post-4882","post","type-post","status-publish","format-standard","has-post-thumbnail","hentry","category-musica"],"yoast_head":"<!-- This site is optimized with the Yoast SEO plugin v27.4 - https:\/\/yoast.com\/product\/yoast-seo-wordpress\/ -->\n<title>Daniela Mercury volta a criticar Tony Salles e diz que &#039;foi violento&#039; o que ele fez no carnaval - Transam\u00e9rica Mococa 93,3<\/title>\n<meta name=\"robots\" content=\"index, follow, max-snippet:-1, max-image-preview:large, max-video-preview:-1\" \/>\n<link rel=\"canonical\" href=\"https:\/\/transamerica93.com.br\/home\/daniela-mercury-volta-a-criticar-tony-salles-e-diz-que-foi-violento-o-que-ele-fez-no-carnaval\/\" \/>\n<meta property=\"og:locale\" content=\"pt_BR\" \/>\n<meta property=\"og:type\" content=\"article\" \/>\n<meta property=\"og:title\" content=\"Daniela Mercury volta a criticar Tony Salles e diz que &#039;foi violento&#039; o que ele fez no carnaval - Transam\u00e9rica Mococa 93,3\" \/>\n<meta property=\"og:description\" content=\"Por Reda\u00e7\u00e3o E+ Daniela Mercury voltou a criticar Tony Salles ap\u00f3s o desentendimento ocorrido no carnaval de Salvador. A cantora afirmou que, apesar de ter desculpado o pagodeiro, ainda est\u00e1 incomodada com a forma como tudo aconteceu na folia baiana. O atrito entre os artistas ocorreu quando o trio el\u00e9trico de Tony Salles se aproximou &hellip;\" \/>\n<meta property=\"og:url\" content=\"https:\/\/transamerica93.com.br\/home\/daniela-mercury-volta-a-criticar-tony-salles-e-diz-que-foi-violento-o-que-ele-fez-no-carnaval\/\" \/>\n<meta property=\"og:site_name\" content=\"Transam\u00e9rica Mococa 93,3\" \/>\n<meta property=\"article:publisher\" content=\"https:\/\/www.facebook.com\/transamericamococa\" \/>\n<meta property=\"article:published_time\" content=\"2025-03-14T18:00:10+00:00\" \/>\n<meta property=\"og:image\" content=\"https:\/\/transamerica93.com.br\/home\/wp-content\/uploads\/2025\/03\/1-5.jpg\" \/>\n\t<meta property=\"og:image:width\" content=\"1200\" \/>\n\t<meta property=\"og:image:height\" content=\"720\" \/>\n\t<meta property=\"og:image:type\" content=\"image\/jpeg\" \/>\n<meta name=\"author\" content=\"Reda\u00e7\u00e3o\" \/>\n<meta name=\"twitter:card\" content=\"summary_large_image\" \/>\n<meta name=\"twitter:creator\" content=\"@transamerica933\" \/>\n<meta name=\"twitter:site\" content=\"@transamerica933\" \/>\n<meta name=\"twitter:label1\" content=\"Escrito por\" \/>\n\t<meta name=\"twitter:data1\" content=\"Reda\u00e7\u00e3o\" \/>\n\t<meta name=\"twitter:label2\" content=\"Est. tempo de leitura\" \/>\n\t<meta name=\"twitter:data2\" content=\"4 minutos\" \/>\n<script type=\"application\/ld+json\" class=\"yoast-schema-graph\">{\"@context\":\"https:\\\/\\\/schema.org\",\"@graph\":[{\"@type\":\"Article\",\"@id\":\"https:\\\/\\\/transamerica93.com.br\\\/home\\\/daniela-mercury-volta-a-criticar-tony-salles-e-diz-que-foi-violento-o-que-ele-fez-no-carnaval\\\/#article\",\"isPartOf\":{\"@id\":\"https:\\\/\\\/transamerica93.com.br\\\/home\\\/daniela-mercury-volta-a-criticar-tony-salles-e-diz-que-foi-violento-o-que-ele-fez-no-carnaval\\\/\"},\"author\":{\"name\":\"Reda\u00e7\u00e3o\",\"@id\":\"https:\\\/\\\/transamerica93.com.br\\\/home\\\/#\\\/schema\\\/person\\\/7fed7c99c0d4562efa8561bc0f543172\"},\"headline\":\"Daniela Mercury volta a criticar Tony Salles e diz que &#8216;foi violento&#8217; o que ele fez no carnaval\",\"datePublished\":\"2025-03-14T18:00:10+00:00\",\"mainEntityOfPage\":{\"@id\":\"https:\\\/\\\/transamerica93.com.br\\\/home\\\/daniela-mercury-volta-a-criticar-tony-salles-e-diz-que-foi-violento-o-que-ele-fez-no-carnaval\\\/\"},\"wordCount\":657,\"publisher\":{\"@id\":\"https:\\\/\\\/transamerica93.com.br\\\/home\\\/#organization\"},\"image\":{\"@id\":\"https:\\\/\\\/transamerica93.com.br\\\/home\\\/daniela-mercury-volta-a-criticar-tony-salles-e-diz-que-foi-violento-o-que-ele-fez-no-carnaval\\\/#primaryimage\"},\"thumbnailUrl\":\"https:\\\/\\\/transamerica93.com.br\\\/home\\\/wp-content\\\/uploads\\\/2025\\\/03\\\/1-5.jpg\",\"articleSection\":[\"M\u00fasica\"],\"inLanguage\":\"pt-BR\"},{\"@type\":\"WebPage\",\"@id\":\"https:\\\/\\\/transamerica93.com.br\\\/home\\\/daniela-mercury-volta-a-criticar-tony-salles-e-diz-que-foi-violento-o-que-ele-fez-no-carnaval\\\/\",\"url\":\"https:\\\/\\\/transamerica93.com.br\\\/home\\\/daniela-mercury-volta-a-criticar-tony-salles-e-diz-que-foi-violento-o-que-ele-fez-no-carnaval\\\/\",\"name\":\"Daniela Mercury volta a criticar Tony Salles e diz que 'foi violento' o que ele fez no carnaval - Transam\u00e9rica Mococa 93,3\",\"isPartOf\":{\"@id\":\"https:\\\/\\\/transamerica93.com.br\\\/home\\\/#website\"},\"primaryImageOfPage\":{\"@id\":\"https:\\\/\\\/transamerica93.com.br\\\/home\\\/daniela-mercury-volta-a-criticar-tony-salles-e-diz-que-foi-violento-o-que-ele-fez-no-carnaval\\\/#primaryimage\"},\"image\":{\"@id\":\"https:\\\/\\\/transamerica93.com.br\\\/home\\\/daniela-mercury-volta-a-criticar-tony-salles-e-diz-que-foi-violento-o-que-ele-fez-no-carnaval\\\/#primaryimage\"},\"thumbnailUrl\":\"https:\\\/\\\/transamerica93.com.br\\\/home\\\/wp-content\\\/uploads\\\/2025\\\/03\\\/1-5.jpg\",\"datePublished\":\"2025-03-14T18:00:10+00:00\",\"breadcrumb\":{\"@id\":\"https:\\\/\\\/transamerica93.com.br\\\/home\\\/daniela-mercury-volta-a-criticar-tony-salles-e-diz-que-foi-violento-o-que-ele-fez-no-carnaval\\\/#breadcrumb\"},\"inLanguage\":\"pt-BR\",\"potentialAction\":[{\"@type\":\"ReadAction\",\"target\":[\"https:\\\/\\\/transamerica93.com.br\\\/home\\\/daniela-mercury-volta-a-criticar-tony-salles-e-diz-que-foi-violento-o-que-ele-fez-no-carnaval\\\/\"]}]},{\"@type\":\"ImageObject\",\"inLanguage\":\"pt-BR\",\"@id\":\"https:\\\/\\\/transamerica93.com.br\\\/home\\\/daniela-mercury-volta-a-criticar-tony-salles-e-diz-que-foi-violento-o-que-ele-fez-no-carnaval\\\/#primaryimage\",\"url\":\"https:\\\/\\\/transamerica93.com.br\\\/home\\\/wp-content\\\/uploads\\\/2025\\\/03\\\/1-5.jpg\",\"contentUrl\":\"https:\\\/\\\/transamerica93.com.br\\\/home\\\/wp-content\\\/uploads\\\/2025\\\/03\\\/1-5.jpg\",\"width\":1200,\"height\":720},{\"@type\":\"BreadcrumbList\",\"@id\":\"https:\\\/\\\/transamerica93.com.br\\\/home\\\/daniela-mercury-volta-a-criticar-tony-salles-e-diz-que-foi-violento-o-que-ele-fez-no-carnaval\\\/#breadcrumb\",\"itemListElement\":[{\"@type\":\"ListItem\",\"position\":1,\"name\":\"In\u00edcio\",\"item\":\"https:\\\/\\\/transamerica93.com.br\\\/home\\\/\"},{\"@type\":\"ListItem\",\"position\":2,\"name\":\"Daniela Mercury volta a criticar Tony Salles e diz que &#8216;foi violento&#8217; o que ele fez no carnaval\"}]},{\"@type\":\"WebSite\",\"@id\":\"https:\\\/\\\/transamerica93.com.br\\\/home\\\/#website\",\"url\":\"https:\\\/\\\/transamerica93.com.br\\\/home\\\/\",\"name\":\"Transam\u00e9rica Mococa 93,3\",\"description\":\"\",\"publisher\":{\"@id\":\"https:\\\/\\\/transamerica93.com.br\\\/home\\\/#organization\"},\"potentialAction\":[{\"@type\":\"SearchAction\",\"target\":{\"@type\":\"EntryPoint\",\"urlTemplate\":\"https:\\\/\\\/transamerica93.com.br\\\/home\\\/?s={search_term_string}\"},\"query-input\":{\"@type\":\"PropertyValueSpecification\",\"valueRequired\":true,\"valueName\":\"search_term_string\"}}],\"inLanguage\":\"pt-BR\"},{\"@type\":\"Organization\",\"@id\":\"https:\\\/\\\/transamerica93.com.br\\\/home\\\/#organization\",\"name\":\"Transam\u00e9rica Mococa 93,3\",\"url\":\"https:\\\/\\\/transamerica93.com.br\\\/home\\\/\",\"logo\":{\"@type\":\"ImageObject\",\"inLanguage\":\"pt-BR\",\"@id\":\"https:\\\/\\\/transamerica93.com.br\\\/home\\\/#\\\/schema\\\/logo\\\/image\\\/\",\"url\":\"https:\\\/\\\/transamerica93.com.br\\\/home\\\/wp-content\\\/uploads\\\/2023\\\/10\\\/logo2.png\",\"contentUrl\":\"https:\\\/\\\/transamerica93.com.br\\\/home\\\/wp-content\\\/uploads\\\/2023\\\/10\\\/logo2.png\",\"width\":800,\"height\":500,\"caption\":\"Transam\u00e9rica Mococa 93,3\"},\"image\":{\"@id\":\"https:\\\/\\\/transamerica93.com.br\\\/home\\\/#\\\/schema\\\/logo\\\/image\\\/\"},\"sameAs\":[\"https:\\\/\\\/www.facebook.com\\\/transamericamococa\",\"https:\\\/\\\/x.com\\\/transamerica933\",\"https:\\\/\\\/www.instagram.com\\\/transamericamococa\"]},{\"@type\":\"Person\",\"@id\":\"https:\\\/\\\/transamerica93.com.br\\\/home\\\/#\\\/schema\\\/person\\\/7fed7c99c0d4562efa8561bc0f543172\",\"name\":\"Reda\u00e7\u00e3o\",\"image\":{\"@type\":\"ImageObject\",\"inLanguage\":\"pt-BR\",\"@id\":\"https:\\\/\\\/secure.gravatar.com\\\/avatar\\\/1072c6b775fb02ef8506ce967551d95926669a6b7d2c2147b42eea4d7c68395e?s=96&d=mm&r=g\",\"url\":\"https:\\\/\\\/secure.gravatar.com\\\/avatar\\\/1072c6b775fb02ef8506ce967551d95926669a6b7d2c2147b42eea4d7c68395e?s=96&d=mm&r=g\",\"contentUrl\":\"https:\\\/\\\/secure.gravatar.com\\\/avatar\\\/1072c6b775fb02ef8506ce967551d95926669a6b7d2c2147b42eea4d7c68395e?s=96&d=mm&r=g\",\"caption\":\"Reda\u00e7\u00e3o\"},\"sameAs\":[\"https:\\\/\\\/transamerica93.com.br\\\/home\"],\"url\":\"https:\\\/\\\/transamerica93.com.br\\\/home\\\/author\\\/william\\\/\"}]}<\/script>\n<!-- \/ Yoast SEO plugin. -->","yoast_head_json":{"title":"Daniela Mercury volta a criticar Tony Salles e diz que 'foi violento' o que ele fez no carnaval - Transam\u00e9rica Mococa 93,3","robots":{"index":"index","follow":"follow","max-snippet":"max-snippet:-1","max-image-preview":"max-image-preview:large","max-video-preview":"max-video-preview:-1"},"canonical":"https:\/\/transamerica93.com.br\/home\/daniela-mercury-volta-a-criticar-tony-salles-e-diz-que-foi-violento-o-que-ele-fez-no-carnaval\/","og_locale":"pt_BR","og_type":"article","og_title":"Daniela Mercury volta a criticar Tony Salles e diz que 'foi violento' o que ele fez no carnaval - Transam\u00e9rica Mococa 93,3","og_description":"Por Reda\u00e7\u00e3o E+ Daniela Mercury voltou a criticar Tony Salles ap\u00f3s o desentendimento ocorrido no carnaval de Salvador. A cantora afirmou que, apesar de ter desculpado o pagodeiro, ainda est\u00e1 incomodada com a forma como tudo aconteceu na folia baiana. O atrito entre os artistas ocorreu quando o trio el\u00e9trico de Tony Salles se aproximou &hellip;","og_url":"https:\/\/transamerica93.com.br\/home\/daniela-mercury-volta-a-criticar-tony-salles-e-diz-que-foi-violento-o-que-ele-fez-no-carnaval\/","og_site_name":"Transam\u00e9rica Mococa 93,3","article_publisher":"https:\/\/www.facebook.com\/transamericamococa","article_published_time":"2025-03-14T18:00:10+00:00","og_image":[{"width":1200,"height":720,"url":"https:\/\/transamerica93.com.br\/home\/wp-content\/uploads\/2025\/03\/1-5.jpg","type":"image\/jpeg"}],"author":"Reda\u00e7\u00e3o","twitter_card":"summary_large_image","twitter_creator":"@transamerica933","twitter_site":"@transamerica933","twitter_misc":{"Escrito por":"Reda\u00e7\u00e3o","Est. tempo de leitura":"4 minutos"},"schema":{"@context":"https:\/\/schema.org","@graph":[{"@type":"Article","@id":"https:\/\/transamerica93.com.br\/home\/daniela-mercury-volta-a-criticar-tony-salles-e-diz-que-foi-violento-o-que-ele-fez-no-carnaval\/#article","isPartOf":{"@id":"https:\/\/transamerica93.com.br\/home\/daniela-mercury-volta-a-criticar-tony-salles-e-diz-que-foi-violento-o-que-ele-fez-no-carnaval\/"},"author":{"name":"Reda\u00e7\u00e3o","@id":"https:\/\/transamerica93.com.br\/home\/#\/schema\/person\/7fed7c99c0d4562efa8561bc0f543172"},"headline":"Daniela Mercury volta a criticar Tony Salles e diz que &#8216;foi violento&#8217; o que ele fez no carnaval","datePublished":"2025-03-14T18:00:10+00:00","mainEntityOfPage":{"@id":"https:\/\/transamerica93.com.br\/home\/daniela-mercury-volta-a-criticar-tony-salles-e-diz-que-foi-violento-o-que-ele-fez-no-carnaval\/"},"wordCount":657,"publisher":{"@id":"https:\/\/transamerica93.com.br\/home\/#organization"},"image":{"@id":"https:\/\/transamerica93.com.br\/home\/daniela-mercury-volta-a-criticar-tony-salles-e-diz-que-foi-violento-o-que-ele-fez-no-carnaval\/#primaryimage"},"thumbnailUrl":"https:\/\/transamerica93.com.br\/home\/wp-content\/uploads\/2025\/03\/1-5.jpg","articleSection":["M\u00fasica"],"inLanguage":"pt-BR"},{"@type":"WebPage","@id":"https:\/\/transamerica93.com.br\/home\/daniela-mercury-volta-a-criticar-tony-salles-e-diz-que-foi-violento-o-que-ele-fez-no-carnaval\/","url":"https:\/\/transamerica93.com.br\/home\/daniela-mercury-volta-a-criticar-tony-salles-e-diz-que-foi-violento-o-que-ele-fez-no-carnaval\/","name":"Daniela Mercury volta a criticar Tony Salles e diz que 'foi violento' o que ele fez no carnaval - Transam\u00e9rica Mococa 93,3","isPartOf":{"@id":"https:\/\/transamerica93.com.br\/home\/#website"},"primaryImageOfPage":{"@id":"https:\/\/transamerica93.com.br\/home\/daniela-mercury-volta-a-criticar-tony-salles-e-diz-que-foi-violento-o-que-ele-fez-no-carnaval\/#primaryimage"},"image":{"@id":"https:\/\/transamerica93.com.br\/home\/daniela-mercury-volta-a-criticar-tony-salles-e-diz-que-foi-violento-o-que-ele-fez-no-carnaval\/#primaryimage"},"thumbnailUrl":"https:\/\/transamerica93.com.br\/home\/wp-content\/uploads\/2025\/03\/1-5.jpg","datePublished":"2025-03-14T18:00:10+00:00","breadcrumb":{"@id":"https:\/\/transamerica93.com.br\/home\/daniela-mercury-volta-a-criticar-tony-salles-e-diz-que-foi-violento-o-que-ele-fez-no-carnaval\/#breadcrumb"},"inLanguage":"pt-BR","potentialAction":[{"@type":"ReadAction","target":["https:\/\/transamerica93.com.br\/home\/daniela-mercury-volta-a-criticar-tony-salles-e-diz-que-foi-violento-o-que-ele-fez-no-carnaval\/"]}]},{"@type":"ImageObject","inLanguage":"pt-BR","@id":"https:\/\/transamerica93.com.br\/home\/daniela-mercury-volta-a-criticar-tony-salles-e-diz-que-foi-violento-o-que-ele-fez-no-carnaval\/#primaryimage","url":"https:\/\/transamerica93.com.br\/home\/wp-content\/uploads\/2025\/03\/1-5.jpg","contentUrl":"https:\/\/transamerica93.com.br\/home\/wp-content\/uploads\/2025\/03\/1-5.jpg","width":1200,"height":720},{"@type":"BreadcrumbList","@id":"https:\/\/transamerica93.com.br\/home\/daniela-mercury-volta-a-criticar-tony-salles-e-diz-que-foi-violento-o-que-ele-fez-no-carnaval\/#breadcrumb","itemListElement":[{"@type":"ListItem","position":1,"name":"In\u00edcio","item":"https:\/\/transamerica93.com.br\/home\/"},{"@type":"ListItem","position":2,"name":"Daniela Mercury volta a criticar Tony Salles e diz que &#8216;foi violento&#8217; o que ele fez no carnaval"}]},{"@type":"WebSite","@id":"https:\/\/transamerica93.com.br\/home\/#website","url":"https:\/\/transamerica93.com.br\/home\/","name":"Transam\u00e9rica Mococa 93,3","description":"","publisher":{"@id":"https:\/\/transamerica93.com.br\/home\/#organization"},"potentialAction":[{"@type":"SearchAction","target":{"@type":"EntryPoint","urlTemplate":"https:\/\/transamerica93.com.br\/home\/?s={search_term_string}"},"query-input":{"@type":"PropertyValueSpecification","valueRequired":true,"valueName":"search_term_string"}}],"inLanguage":"pt-BR"},{"@type":"Organization","@id":"https:\/\/transamerica93.com.br\/home\/#organization","name":"Transam\u00e9rica Mococa 93,3","url":"https:\/\/transamerica93.com.br\/home\/","logo":{"@type":"ImageObject","inLanguage":"pt-BR","@id":"https:\/\/transamerica93.com.br\/home\/#\/schema\/logo\/image\/","url":"https:\/\/transamerica93.com.br\/home\/wp-content\/uploads\/2023\/10\/logo2.png","contentUrl":"https:\/\/transamerica93.com.br\/home\/wp-content\/uploads\/2023\/10\/logo2.png","width":800,"height":500,"caption":"Transam\u00e9rica Mococa 93,3"},"image":{"@id":"https:\/\/transamerica93.com.br\/home\/#\/schema\/logo\/image\/"},"sameAs":["https:\/\/www.facebook.com\/transamericamococa","https:\/\/x.com\/transamerica933","https:\/\/www.instagram.com\/transamericamococa"]},{"@type":"Person","@id":"https:\/\/transamerica93.com.br\/home\/#\/schema\/person\/7fed7c99c0d4562efa8561bc0f543172","name":"Reda\u00e7\u00e3o","image":{"@type":"ImageObject","inLanguage":"pt-BR","@id":"https:\/\/secure.gravatar.com\/avatar\/1072c6b775fb02ef8506ce967551d95926669a6b7d2c2147b42eea4d7c68395e?s=96&d=mm&r=g","url":"https:\/\/secure.gravatar.com\/avatar\/1072c6b775fb02ef8506ce967551d95926669a6b7d2c2147b42eea4d7c68395e?s=96&d=mm&r=g","contentUrl":"https:\/\/secure.gravatar.com\/avatar\/1072c6b775fb02ef8506ce967551d95926669a6b7d2c2147b42eea4d7c68395e?s=96&d=mm&r=g","caption":"Reda\u00e7\u00e3o"},"sameAs":["https:\/\/transamerica93.com.br\/home"],"url":"https:\/\/transamerica93.com.br\/home\/author\/william\/"}]}},"_links":{"self":[{"href":"https:\/\/transamerica93.com.br\/home\/wp-json\/wp\/v2\/posts\/4882","targetHints":{"allow":["GET"]}}],"collection":[{"href":"https:\/\/transamerica93.com.br\/home\/wp-json\/wp\/v2\/posts"}],"about":[{"href":"https:\/\/transamerica93.com.br\/home\/wp-json\/wp\/v2\/types\/post"}],"author":[{"embeddable":true,"href":"https:\/\/transamerica93.com.br\/home\/wp-json\/wp\/v2\/users\/1"}],"replies":[{"embeddable":true,"href":"https:\/\/transamerica93.com.br\/home\/wp-json\/wp\/v2\/comments?post=4882"}],"version-history":[{"count":1,"href":"https:\/\/transamerica93.com.br\/home\/wp-json\/wp\/v2\/posts\/4882\/revisions"}],"predecessor-version":[{"id":4883,"href":"https:\/\/transamerica93.com.br\/home\/wp-json\/wp\/v2\/posts\/4882\/revisions\/4883"}],"wp:featuredmedia":[{"embeddable":true,"href":"https:\/\/transamerica93.com.br\/home\/wp-json\/wp\/v2\/media\/4871"}],"wp:attachment":[{"href":"https:\/\/transamerica93.com.br\/home\/wp-json\/wp\/v2\/media?parent=4882"}],"wp:term":[{"taxonomy":"category","embeddable":true,"href":"https:\/\/transamerica93.com.br\/home\/wp-json\/wp\/v2\/categories?post=4882"},{"taxonomy":"post_tag","embeddable":true,"href":"https:\/\/transamerica93.com.br\/home\/wp-json\/wp\/v2\/tags?post=4882"}],"curies":[{"name":"wp","href":"https:\/\/api.w.org\/{rel}","templated":true}]}}