{"id":4884,"date":"2025-03-12T15:00:57","date_gmt":"2025-03-12T18:00:57","guid":{"rendered":"https:\/\/transamerica93.com.br\/home\/?p=4884"},"modified":"2025-03-10T14:06:47","modified_gmt":"2025-03-10T17:06:47","slug":"roberta-miranda-leva-cao-a-entrevista-e-destaca-suporte-emocional-dado-por-ele","status":"publish","type":"post","link":"https:\/\/transamerica93.com.br\/home\/roberta-miranda-leva-cao-a-entrevista-e-destaca-suporte-emocional-dado-por-ele\/","title":{"rendered":"Roberta Miranda leva c\u00e3o a entrevista e destaca &#8216;suporte emocional&#8217; dado por ele"},"content":{"rendered":"<div id=\"Corpo\">\n<h6 class=\"Assina\">Por Reda\u00e7\u00e3o E+<\/h6>\n<p>Roberta Miranda relembrou momentos dif\u00edceis de sua vida em entrevista ao\u00a0<i>Fant\u00e1stico<\/i>\u00a0exibida neste domingo, 9. Ela apareceu no programa acompanhada de seu cachorro e valorizou a import\u00e2ncia do animal em sua vida, especialmente desde que decidiu publicar sua biografia,\u00a0<i>Um Lugar Todinho Meu &#8211; A Hist\u00f3ria Inspiradora de Roberta Miranda<\/i>, lan\u00e7ada em dezembro passado.<\/p>\n<p>&#8220;O Severino foi um conselho da minha psic\u00f3loga, porque escrever esse livro, passar a minha hist\u00f3ria, foi algo dific\u00edlimo. Ele me d\u00e1 um suporte emocional incr\u00edvel&#8221;, explicou.<\/p>\n<p>Em seguida, Roberta Miranda relatou que sofreu um abuso sexual e um aborto durante a juventude, momentos que foram destacados em trechos fortes do livro.<\/p>\n<p>&#8220;Tudo aconteceu na minha fam\u00edlia a partir dos 14 anos. Tivemos uma desaven\u00e7a dentro da fam\u00edlia. Meu pai era um alco\u00f3latra e, quando ele n\u00e3o bebia, era o homem que eu mais amava. Quando bebia, era quem eu mais odiava. Me batia, me jogava para fora de casa. N\u00e3o aguentava mais aquele tipo de humilha\u00e7\u00e3o. Fui embora sem rumo.&#8221;<\/p>\n<p>Roberta Miranda continuou: &#8220;Eu n\u00e3o tinha onde dormir. Fui trabalhar na boate como cantora para ter um teto. Foi onde tinha uma pessoa que se invocou comigo. Meteu o rev\u00f3lver na minha cabe\u00e7a e me estuprou.&#8221;<\/p>\n<p>&#8220;Quando meu filho estava com cinco meses e meio, ele me queria outra vez. Dei uma cadeirada nele. &#8216;Agora n\u00e3o d\u00e1&#8217;. Eu tinha um \u00f3dio dele tremendo. Foi quando ele deu um chute na minha barriga e matou o meu filho&#8221;, concluiu.<\/p>\n<p>A cantora abra\u00e7ou o c\u00e3o com for\u00e7a ao terminar o relato, e recebeu um copo d&#8217;\u00e1gua das m\u00e3os da apresentadora, Poliana Abritta.<\/p>\n<p>Sobre o porqu\u00ea de trazer os relatos fortes ao livro, Roberta Miranda afirmou: &#8220;Essa decis\u00e3o eu levei muitos anos. Quando percebi que poderia ajudar ao meu pr\u00f3ximo, no caso, a mulher, a\u00ed tive coragem.&#8221;<\/p>\n<\/div>\n","protected":false},"excerpt":{"rendered":"<p>Por Reda\u00e7\u00e3o E+ Roberta Miranda relembrou momentos dif\u00edceis de sua vida em entrevista ao\u00a0Fant\u00e1stico\u00a0exibida neste domingo, 9. Ela apareceu no programa acompanhada de seu cachorro e valorizou a import\u00e2ncia do animal em sua vida, especialmente desde que decidiu publicar sua biografia,\u00a0Um Lugar Todinho Meu &#8211; A Hist\u00f3ria Inspiradora de Roberta Miranda, lan\u00e7ada em dezembro passado. &hellip;<\/p>\n","protected":false},"author":1,"featured_media":4885,"comment_status":"closed","ping_status":"closed","sticky":false,"template":"","format":"standard","meta":{"footnotes":""},"categories":[25],"tags":[],"class_list":["post-4884","post","type-post","status-publish","format-standard","has-post-thumbnail","hentry","category-musica"],"yoast_head":"<!-- This site is optimized with the Yoast SEO plugin v27.4 - https:\/\/yoast.com\/product\/yoast-seo-wordpress\/ -->\n<title>Roberta Miranda leva c\u00e3o a entrevista e destaca &#039;suporte emocional&#039; dado por ele - Transam\u00e9rica Mococa 93,3<\/title>\n<meta name=\"robots\" content=\"index, follow, max-snippet:-1, max-image-preview:large, max-video-preview:-1\" \/>\n<link rel=\"canonical\" href=\"https:\/\/transamerica93.com.br\/home\/roberta-miranda-leva-cao-a-entrevista-e-destaca-suporte-emocional-dado-por-ele\/\" \/>\n<meta property=\"og:locale\" content=\"pt_BR\" \/>\n<meta property=\"og:type\" content=\"article\" \/>\n<meta property=\"og:title\" content=\"Roberta Miranda leva c\u00e3o a entrevista e destaca &#039;suporte emocional&#039; dado por ele - Transam\u00e9rica Mococa 93,3\" \/>\n<meta property=\"og:description\" content=\"Por Reda\u00e7\u00e3o E+ Roberta Miranda relembrou momentos dif\u00edceis de sua vida em entrevista ao\u00a0Fant\u00e1stico\u00a0exibida neste domingo, 9. Ela apareceu no programa acompanhada de seu cachorro e valorizou a import\u00e2ncia do animal em sua vida, especialmente desde que decidiu publicar sua biografia,\u00a0Um Lugar Todinho Meu &#8211; A Hist\u00f3ria Inspiradora de Roberta Miranda, lan\u00e7ada em dezembro passado. &hellip;\" \/>\n<meta property=\"og:url\" content=\"https:\/\/transamerica93.com.br\/home\/roberta-miranda-leva-cao-a-entrevista-e-destaca-suporte-emocional-dado-por-ele\/\" \/>\n<meta property=\"og:site_name\" content=\"Transam\u00e9rica Mococa 93,3\" \/>\n<meta property=\"article:publisher\" content=\"https:\/\/www.facebook.com\/transamericamococa\" \/>\n<meta property=\"article:published_time\" content=\"2025-03-12T18:00:57+00:00\" \/>\n<meta property=\"og:image\" content=\"https:\/\/transamerica93.com.br\/home\/wp-content\/uploads\/2025\/03\/Image1.jpg\" \/>\n\t<meta property=\"og:image:width\" content=\"800\" \/>\n\t<meta property=\"og:image:height\" content=\"650\" \/>\n\t<meta property=\"og:image:type\" content=\"image\/jpeg\" \/>\n<meta name=\"author\" content=\"Reda\u00e7\u00e3o\" \/>\n<meta name=\"twitter:card\" content=\"summary_large_image\" \/>\n<meta name=\"twitter:creator\" content=\"@transamerica933\" \/>\n<meta name=\"twitter:site\" content=\"@transamerica933\" \/>\n<meta name=\"twitter:label1\" content=\"Escrito por\" \/>\n\t<meta name=\"twitter:data1\" content=\"Reda\u00e7\u00e3o\" \/>\n\t<meta name=\"twitter:label2\" content=\"Est. tempo de leitura\" \/>\n\t<meta name=\"twitter:data2\" content=\"2 minutos\" \/>\n<script type=\"application\/ld+json\" class=\"yoast-schema-graph\">{\"@context\":\"https:\\\/\\\/schema.org\",\"@graph\":[{\"@type\":\"Article\",\"@id\":\"https:\\\/\\\/transamerica93.com.br\\\/home\\\/roberta-miranda-leva-cao-a-entrevista-e-destaca-suporte-emocional-dado-por-ele\\\/#article\",\"isPartOf\":{\"@id\":\"https:\\\/\\\/transamerica93.com.br\\\/home\\\/roberta-miranda-leva-cao-a-entrevista-e-destaca-suporte-emocional-dado-por-ele\\\/\"},\"author\":{\"name\":\"Reda\u00e7\u00e3o\",\"@id\":\"https:\\\/\\\/transamerica93.com.br\\\/home\\\/#\\\/schema\\\/person\\\/7fed7c99c0d4562efa8561bc0f543172\"},\"headline\":\"Roberta Miranda leva c\u00e3o a entrevista e destaca &#8216;suporte emocional&#8217; dado por ele\",\"datePublished\":\"2025-03-12T18:00:57+00:00\",\"mainEntityOfPage\":{\"@id\":\"https:\\\/\\\/transamerica93.com.br\\\/home\\\/roberta-miranda-leva-cao-a-entrevista-e-destaca-suporte-emocional-dado-por-ele\\\/\"},\"wordCount\":343,\"publisher\":{\"@id\":\"https:\\\/\\\/transamerica93.com.br\\\/home\\\/#organization\"},\"image\":{\"@id\":\"https:\\\/\\\/transamerica93.com.br\\\/home\\\/roberta-miranda-leva-cao-a-entrevista-e-destaca-suporte-emocional-dado-por-ele\\\/#primaryimage\"},\"thumbnailUrl\":\"https:\\\/\\\/transamerica93.com.br\\\/home\\\/wp-content\\\/uploads\\\/2025\\\/03\\\/Image1.jpg\",\"articleSection\":[\"M\u00fasica\"],\"inLanguage\":\"pt-BR\"},{\"@type\":\"WebPage\",\"@id\":\"https:\\\/\\\/transamerica93.com.br\\\/home\\\/roberta-miranda-leva-cao-a-entrevista-e-destaca-suporte-emocional-dado-por-ele\\\/\",\"url\":\"https:\\\/\\\/transamerica93.com.br\\\/home\\\/roberta-miranda-leva-cao-a-entrevista-e-destaca-suporte-emocional-dado-por-ele\\\/\",\"name\":\"Roberta Miranda leva c\u00e3o a entrevista e destaca 'suporte emocional' dado por ele - Transam\u00e9rica Mococa 93,3\",\"isPartOf\":{\"@id\":\"https:\\\/\\\/transamerica93.com.br\\\/home\\\/#website\"},\"primaryImageOfPage\":{\"@id\":\"https:\\\/\\\/transamerica93.com.br\\\/home\\\/roberta-miranda-leva-cao-a-entrevista-e-destaca-suporte-emocional-dado-por-ele\\\/#primaryimage\"},\"image\":{\"@id\":\"https:\\\/\\\/transamerica93.com.br\\\/home\\\/roberta-miranda-leva-cao-a-entrevista-e-destaca-suporte-emocional-dado-por-ele\\\/#primaryimage\"},\"thumbnailUrl\":\"https:\\\/\\\/transamerica93.com.br\\\/home\\\/wp-content\\\/uploads\\\/2025\\\/03\\\/Image1.jpg\",\"datePublished\":\"2025-03-12T18:00:57+00:00\",\"breadcrumb\":{\"@id\":\"https:\\\/\\\/transamerica93.com.br\\\/home\\\/roberta-miranda-leva-cao-a-entrevista-e-destaca-suporte-emocional-dado-por-ele\\\/#breadcrumb\"},\"inLanguage\":\"pt-BR\",\"potentialAction\":[{\"@type\":\"ReadAction\",\"target\":[\"https:\\\/\\\/transamerica93.com.br\\\/home\\\/roberta-miranda-leva-cao-a-entrevista-e-destaca-suporte-emocional-dado-por-ele\\\/\"]}]},{\"@type\":\"ImageObject\",\"inLanguage\":\"pt-BR\",\"@id\":\"https:\\\/\\\/transamerica93.com.br\\\/home\\\/roberta-miranda-leva-cao-a-entrevista-e-destaca-suporte-emocional-dado-por-ele\\\/#primaryimage\",\"url\":\"https:\\\/\\\/transamerica93.com.br\\\/home\\\/wp-content\\\/uploads\\\/2025\\\/03\\\/Image1.jpg\",\"contentUrl\":\"https:\\\/\\\/transamerica93.com.br\\\/home\\\/wp-content\\\/uploads\\\/2025\\\/03\\\/Image1.jpg\",\"width\":800,\"height\":650},{\"@type\":\"BreadcrumbList\",\"@id\":\"https:\\\/\\\/transamerica93.com.br\\\/home\\\/roberta-miranda-leva-cao-a-entrevista-e-destaca-suporte-emocional-dado-por-ele\\\/#breadcrumb\",\"itemListElement\":[{\"@type\":\"ListItem\",\"position\":1,\"name\":\"In\u00edcio\",\"item\":\"https:\\\/\\\/transamerica93.com.br\\\/home\\\/\"},{\"@type\":\"ListItem\",\"position\":2,\"name\":\"Roberta Miranda leva c\u00e3o a entrevista e destaca &#8216;suporte emocional&#8217; dado por ele\"}]},{\"@type\":\"WebSite\",\"@id\":\"https:\\\/\\\/transamerica93.com.br\\\/home\\\/#website\",\"url\":\"https:\\\/\\\/transamerica93.com.br\\\/home\\\/\",\"name\":\"Transam\u00e9rica Mococa 93,3\",\"description\":\"\",\"publisher\":{\"@id\":\"https:\\\/\\\/transamerica93.com.br\\\/home\\\/#organization\"},\"potentialAction\":[{\"@type\":\"SearchAction\",\"target\":{\"@type\":\"EntryPoint\",\"urlTemplate\":\"https:\\\/\\\/transamerica93.com.br\\\/home\\\/?s={search_term_string}\"},\"query-input\":{\"@type\":\"PropertyValueSpecification\",\"valueRequired\":true,\"valueName\":\"search_term_string\"}}],\"inLanguage\":\"pt-BR\"},{\"@type\":\"Organization\",\"@id\":\"https:\\\/\\\/transamerica93.com.br\\\/home\\\/#organization\",\"name\":\"Transam\u00e9rica Mococa 93,3\",\"url\":\"https:\\\/\\\/transamerica93.com.br\\\/home\\\/\",\"logo\":{\"@type\":\"ImageObject\",\"inLanguage\":\"pt-BR\",\"@id\":\"https:\\\/\\\/transamerica93.com.br\\\/home\\\/#\\\/schema\\\/logo\\\/image\\\/\",\"url\":\"https:\\\/\\\/transamerica93.com.br\\\/home\\\/wp-content\\\/uploads\\\/2023\\\/10\\\/logo2.png\",\"contentUrl\":\"https:\\\/\\\/transamerica93.com.br\\\/home\\\/wp-content\\\/uploads\\\/2023\\\/10\\\/logo2.png\",\"width\":800,\"height\":500,\"caption\":\"Transam\u00e9rica Mococa 93,3\"},\"image\":{\"@id\":\"https:\\\/\\\/transamerica93.com.br\\\/home\\\/#\\\/schema\\\/logo\\\/image\\\/\"},\"sameAs\":[\"https:\\\/\\\/www.facebook.com\\\/transamericamococa\",\"https:\\\/\\\/x.com\\\/transamerica933\",\"https:\\\/\\\/www.instagram.com\\\/transamericamococa\"]},{\"@type\":\"Person\",\"@id\":\"https:\\\/\\\/transamerica93.com.br\\\/home\\\/#\\\/schema\\\/person\\\/7fed7c99c0d4562efa8561bc0f543172\",\"name\":\"Reda\u00e7\u00e3o\",\"image\":{\"@type\":\"ImageObject\",\"inLanguage\":\"pt-BR\",\"@id\":\"https:\\\/\\\/secure.gravatar.com\\\/avatar\\\/1072c6b775fb02ef8506ce967551d95926669a6b7d2c2147b42eea4d7c68395e?s=96&d=mm&r=g\",\"url\":\"https:\\\/\\\/secure.gravatar.com\\\/avatar\\\/1072c6b775fb02ef8506ce967551d95926669a6b7d2c2147b42eea4d7c68395e?s=96&d=mm&r=g\",\"contentUrl\":\"https:\\\/\\\/secure.gravatar.com\\\/avatar\\\/1072c6b775fb02ef8506ce967551d95926669a6b7d2c2147b42eea4d7c68395e?s=96&d=mm&r=g\",\"caption\":\"Reda\u00e7\u00e3o\"},\"sameAs\":[\"https:\\\/\\\/transamerica93.com.br\\\/home\"],\"url\":\"https:\\\/\\\/transamerica93.com.br\\\/home\\\/author\\\/william\\\/\"}]}<\/script>\n<!-- \/ Yoast SEO plugin. -->","yoast_head_json":{"title":"Roberta Miranda leva c\u00e3o a entrevista e destaca 'suporte emocional' dado por ele - Transam\u00e9rica Mococa 93,3","robots":{"index":"index","follow":"follow","max-snippet":"max-snippet:-1","max-image-preview":"max-image-preview:large","max-video-preview":"max-video-preview:-1"},"canonical":"https:\/\/transamerica93.com.br\/home\/roberta-miranda-leva-cao-a-entrevista-e-destaca-suporte-emocional-dado-por-ele\/","og_locale":"pt_BR","og_type":"article","og_title":"Roberta Miranda leva c\u00e3o a entrevista e destaca 'suporte emocional' dado por ele - Transam\u00e9rica Mococa 93,3","og_description":"Por Reda\u00e7\u00e3o E+ Roberta Miranda relembrou momentos dif\u00edceis de sua vida em entrevista ao\u00a0Fant\u00e1stico\u00a0exibida neste domingo, 9. Ela apareceu no programa acompanhada de seu cachorro e valorizou a import\u00e2ncia do animal em sua vida, especialmente desde que decidiu publicar sua biografia,\u00a0Um Lugar Todinho Meu &#8211; A Hist\u00f3ria Inspiradora de Roberta Miranda, lan\u00e7ada em dezembro passado. &hellip;","og_url":"https:\/\/transamerica93.com.br\/home\/roberta-miranda-leva-cao-a-entrevista-e-destaca-suporte-emocional-dado-por-ele\/","og_site_name":"Transam\u00e9rica Mococa 93,3","article_publisher":"https:\/\/www.facebook.com\/transamericamococa","article_published_time":"2025-03-12T18:00:57+00:00","og_image":[{"width":800,"height":650,"url":"https:\/\/transamerica93.com.br\/home\/wp-content\/uploads\/2025\/03\/Image1.jpg","type":"image\/jpeg"}],"author":"Reda\u00e7\u00e3o","twitter_card":"summary_large_image","twitter_creator":"@transamerica933","twitter_site":"@transamerica933","twitter_misc":{"Escrito por":"Reda\u00e7\u00e3o","Est. tempo de leitura":"2 minutos"},"schema":{"@context":"https:\/\/schema.org","@graph":[{"@type":"Article","@id":"https:\/\/transamerica93.com.br\/home\/roberta-miranda-leva-cao-a-entrevista-e-destaca-suporte-emocional-dado-por-ele\/#article","isPartOf":{"@id":"https:\/\/transamerica93.com.br\/home\/roberta-miranda-leva-cao-a-entrevista-e-destaca-suporte-emocional-dado-por-ele\/"},"author":{"name":"Reda\u00e7\u00e3o","@id":"https:\/\/transamerica93.com.br\/home\/#\/schema\/person\/7fed7c99c0d4562efa8561bc0f543172"},"headline":"Roberta Miranda leva c\u00e3o a entrevista e destaca &#8216;suporte emocional&#8217; dado por ele","datePublished":"2025-03-12T18:00:57+00:00","mainEntityOfPage":{"@id":"https:\/\/transamerica93.com.br\/home\/roberta-miranda-leva-cao-a-entrevista-e-destaca-suporte-emocional-dado-por-ele\/"},"wordCount":343,"publisher":{"@id":"https:\/\/transamerica93.com.br\/home\/#organization"},"image":{"@id":"https:\/\/transamerica93.com.br\/home\/roberta-miranda-leva-cao-a-entrevista-e-destaca-suporte-emocional-dado-por-ele\/#primaryimage"},"thumbnailUrl":"https:\/\/transamerica93.com.br\/home\/wp-content\/uploads\/2025\/03\/Image1.jpg","articleSection":["M\u00fasica"],"inLanguage":"pt-BR"},{"@type":"WebPage","@id":"https:\/\/transamerica93.com.br\/home\/roberta-miranda-leva-cao-a-entrevista-e-destaca-suporte-emocional-dado-por-ele\/","url":"https:\/\/transamerica93.com.br\/home\/roberta-miranda-leva-cao-a-entrevista-e-destaca-suporte-emocional-dado-por-ele\/","name":"Roberta Miranda leva c\u00e3o a entrevista e destaca 'suporte emocional' dado por ele - Transam\u00e9rica Mococa 93,3","isPartOf":{"@id":"https:\/\/transamerica93.com.br\/home\/#website"},"primaryImageOfPage":{"@id":"https:\/\/transamerica93.com.br\/home\/roberta-miranda-leva-cao-a-entrevista-e-destaca-suporte-emocional-dado-por-ele\/#primaryimage"},"image":{"@id":"https:\/\/transamerica93.com.br\/home\/roberta-miranda-leva-cao-a-entrevista-e-destaca-suporte-emocional-dado-por-ele\/#primaryimage"},"thumbnailUrl":"https:\/\/transamerica93.com.br\/home\/wp-content\/uploads\/2025\/03\/Image1.jpg","datePublished":"2025-03-12T18:00:57+00:00","breadcrumb":{"@id":"https:\/\/transamerica93.com.br\/home\/roberta-miranda-leva-cao-a-entrevista-e-destaca-suporte-emocional-dado-por-ele\/#breadcrumb"},"inLanguage":"pt-BR","potentialAction":[{"@type":"ReadAction","target":["https:\/\/transamerica93.com.br\/home\/roberta-miranda-leva-cao-a-entrevista-e-destaca-suporte-emocional-dado-por-ele\/"]}]},{"@type":"ImageObject","inLanguage":"pt-BR","@id":"https:\/\/transamerica93.com.br\/home\/roberta-miranda-leva-cao-a-entrevista-e-destaca-suporte-emocional-dado-por-ele\/#primaryimage","url":"https:\/\/transamerica93.com.br\/home\/wp-content\/uploads\/2025\/03\/Image1.jpg","contentUrl":"https:\/\/transamerica93.com.br\/home\/wp-content\/uploads\/2025\/03\/Image1.jpg","width":800,"height":650},{"@type":"BreadcrumbList","@id":"https:\/\/transamerica93.com.br\/home\/roberta-miranda-leva-cao-a-entrevista-e-destaca-suporte-emocional-dado-por-ele\/#breadcrumb","itemListElement":[{"@type":"ListItem","position":1,"name":"In\u00edcio","item":"https:\/\/transamerica93.com.br\/home\/"},{"@type":"ListItem","position":2,"name":"Roberta Miranda leva c\u00e3o a entrevista e destaca &#8216;suporte emocional&#8217; dado por ele"}]},{"@type":"WebSite","@id":"https:\/\/transamerica93.com.br\/home\/#website","url":"https:\/\/transamerica93.com.br\/home\/","name":"Transam\u00e9rica Mococa 93,3","description":"","publisher":{"@id":"https:\/\/transamerica93.com.br\/home\/#organization"},"potentialAction":[{"@type":"SearchAction","target":{"@type":"EntryPoint","urlTemplate":"https:\/\/transamerica93.com.br\/home\/?s={search_term_string}"},"query-input":{"@type":"PropertyValueSpecification","valueRequired":true,"valueName":"search_term_string"}}],"inLanguage":"pt-BR"},{"@type":"Organization","@id":"https:\/\/transamerica93.com.br\/home\/#organization","name":"Transam\u00e9rica Mococa 93,3","url":"https:\/\/transamerica93.com.br\/home\/","logo":{"@type":"ImageObject","inLanguage":"pt-BR","@id":"https:\/\/transamerica93.com.br\/home\/#\/schema\/logo\/image\/","url":"https:\/\/transamerica93.com.br\/home\/wp-content\/uploads\/2023\/10\/logo2.png","contentUrl":"https:\/\/transamerica93.com.br\/home\/wp-content\/uploads\/2023\/10\/logo2.png","width":800,"height":500,"caption":"Transam\u00e9rica Mococa 93,3"},"image":{"@id":"https:\/\/transamerica93.com.br\/home\/#\/schema\/logo\/image\/"},"sameAs":["https:\/\/www.facebook.com\/transamericamococa","https:\/\/x.com\/transamerica933","https:\/\/www.instagram.com\/transamericamococa"]},{"@type":"Person","@id":"https:\/\/transamerica93.com.br\/home\/#\/schema\/person\/7fed7c99c0d4562efa8561bc0f543172","name":"Reda\u00e7\u00e3o","image":{"@type":"ImageObject","inLanguage":"pt-BR","@id":"https:\/\/secure.gravatar.com\/avatar\/1072c6b775fb02ef8506ce967551d95926669a6b7d2c2147b42eea4d7c68395e?s=96&d=mm&r=g","url":"https:\/\/secure.gravatar.com\/avatar\/1072c6b775fb02ef8506ce967551d95926669a6b7d2c2147b42eea4d7c68395e?s=96&d=mm&r=g","contentUrl":"https:\/\/secure.gravatar.com\/avatar\/1072c6b775fb02ef8506ce967551d95926669a6b7d2c2147b42eea4d7c68395e?s=96&d=mm&r=g","caption":"Reda\u00e7\u00e3o"},"sameAs":["https:\/\/transamerica93.com.br\/home"],"url":"https:\/\/transamerica93.com.br\/home\/author\/william\/"}]}},"_links":{"self":[{"href":"https:\/\/transamerica93.com.br\/home\/wp-json\/wp\/v2\/posts\/4884","targetHints":{"allow":["GET"]}}],"collection":[{"href":"https:\/\/transamerica93.com.br\/home\/wp-json\/wp\/v2\/posts"}],"about":[{"href":"https:\/\/transamerica93.com.br\/home\/wp-json\/wp\/v2\/types\/post"}],"author":[{"embeddable":true,"href":"https:\/\/transamerica93.com.br\/home\/wp-json\/wp\/v2\/users\/1"}],"replies":[{"embeddable":true,"href":"https:\/\/transamerica93.com.br\/home\/wp-json\/wp\/v2\/comments?post=4884"}],"version-history":[{"count":2,"href":"https:\/\/transamerica93.com.br\/home\/wp-json\/wp\/v2\/posts\/4884\/revisions"}],"predecessor-version":[{"id":4887,"href":"https:\/\/transamerica93.com.br\/home\/wp-json\/wp\/v2\/posts\/4884\/revisions\/4887"}],"wp:featuredmedia":[{"embeddable":true,"href":"https:\/\/transamerica93.com.br\/home\/wp-json\/wp\/v2\/media\/4885"}],"wp:attachment":[{"href":"https:\/\/transamerica93.com.br\/home\/wp-json\/wp\/v2\/media?parent=4884"}],"wp:term":[{"taxonomy":"category","embeddable":true,"href":"https:\/\/transamerica93.com.br\/home\/wp-json\/wp\/v2\/categories?post=4884"},{"taxonomy":"post_tag","embeddable":true,"href":"https:\/\/transamerica93.com.br\/home\/wp-json\/wp\/v2\/tags?post=4884"}],"curies":[{"name":"wp","href":"https:\/\/api.w.org\/{rel}","templated":true}]}}