{"id":4891,"date":"2025-03-10T18:00:17","date_gmt":"2025-03-10T21:00:17","guid":{"rendered":"https:\/\/transamerica93.com.br\/home\/?p=4891"},"modified":"2025-03-10T14:11:42","modified_gmt":"2025-03-10T17:11:42","slug":"joaquim-huck-completa-20-anos-e-ganha-declaracao-de-luciano-e-angelica","status":"publish","type":"post","link":"https:\/\/transamerica93.com.br\/home\/joaquim-huck-completa-20-anos-e-ganha-declaracao-de-luciano-e-angelica\/","title":{"rendered":"Joaquim Huck completa 20 anos e ganha declara\u00e7\u00e3o de Luciano e Ang\u00e9lica"},"content":{"rendered":"<h6 class=\"Assina\">Por Reda\u00e7\u00e3o E+<\/h6>\n<p>Luciano Huck e Ang\u00e9lica homenagearam o filho Joaquim com postagens feitas nas redes sociais no \u00faltimo s\u00e1bado, 8, quando ele completou 20 anos.<\/p>\n<p>A m\u00e3e escreveu, junto de fotos com Joaquim: &#8220;Hoje, meu cora\u00e7\u00e3o transborda de amor, orgulho e admira\u00e7\u00e3o por voc\u00ea. Vinte anos\u2026 como o tempo passou depressa!&#8221;.<\/p>\n<p>&#8220;Ainda \u2018ontem\u2019 voc\u00ea era t\u00e3o pequeno, fr\u00e1gil, cheio de curiosidade pelo mundo. E agora, vejo diante de mim um homem incr\u00edvel, forte, \u00edntegro e pronto para seguir sua pr\u00f3pria jornada. Voc\u00ea sempre esteve al\u00e9m da sua idade. Desde pequeno, carregou uma responsabilidade admir\u00e1vel, uma honestidade inabal\u00e1vel e um cora\u00e7\u00e3o gigante, capaz de acolher e cativar todos ao seu redor. Seu carisma deixa tudo mais leve, mais bonito, mais cheio de vida. Quanto orgulho da sua ess\u00eancia, meu filho! Te amo e te admiro demais! Que essa nova d\u00e9cada traga ainda mais conquistas, aprendizados e momentos inesquec\u00edveis. Seja feliz, meu filho! Estarei sempre aqui, torcendo, vibrando e te amando incondicionalmente&#8221;, finalizou.<\/p>\n<p><a href=\"https:\/\/www.instagram.com\/p\/DG8IK2Rublp\/?\" target=\"_blank\" rel=\"noopener\"><u>Confira aqui<\/u><\/a><\/p>\n<p>Huck tamb\u00e9m dedicou um espa\u00e7o nas redes sociais para o anivers\u00e1rio do filho.<\/p>\n<p>&#8220;H\u00e1 exatos 20 anos, no dia 8 de mar\u00e7o de 2005, em pleno Dia Internacional da Mulher e no anivers\u00e1rio de Hebe Camargo, ele chegou em nossas vidas: Joaquim.<\/p>\n<p>Com seus cabelos espetados, veio para transformar nosso mundo. Joaquim foi o primeiro passo para o salto mais importante da minha vida: nossa fam\u00edlia.<\/p>\n<p>Nosso primog\u00eanito nasceu sob os holofotes &#8211; sua chegada foi um evento. Teve uma inf\u00e2ncia muito diferente da nossa, cercada de privil\u00e9gios, passando de camarim em camarim, vivendo os bastidores da TV como poucos. Uma receita que poderia ter desandado.<\/p>\n<p>Mas n\u00e3o. Muito pelo contr\u00e1rio. Joaquim se tornou um homem curioso, interessado e interessante, fiel aos seus valores, inteligente, pronto para qualquer conversa e sempre com uma pitada de humor afiado &#8211; uma companhia deliciosa.<\/p>\n<p>Parab\u00e9ns, meu filho! Que voc\u00ea siga sendo esse cara incr\u00edvel. Te amo. Amor maior que eu.&#8221;<\/p>\n<p><a href=\"https:\/\/www.instagram.com\/p\/DG8KDVbRlgY\/?img_index=1\" target=\"_blank\" rel=\"noopener\"><u>Confira aqui<\/u><\/a><\/p>\n<p>Al\u00e9m de Joaquim, Luciano e Ang\u00e9lica s\u00e3o pais de Ben\u00edcio, de 16 anos, e de Eva, de 12.<\/p>\n","protected":false},"excerpt":{"rendered":"<p>Por Reda\u00e7\u00e3o E+ Luciano Huck e Ang\u00e9lica homenagearam o filho Joaquim com postagens feitas nas redes sociais no \u00faltimo s\u00e1bado, 8, quando ele completou 20 anos. A m\u00e3e escreveu, junto de fotos com Joaquim: &#8220;Hoje, meu cora\u00e7\u00e3o transborda de amor, orgulho e admira\u00e7\u00e3o por voc\u00ea. Vinte anos\u2026 como o tempo passou depressa!&#8221;. &#8220;Ainda \u2018ontem\u2019 voc\u00ea &hellip;<\/p>\n","protected":false},"author":1,"featured_media":4892,"comment_status":"closed","ping_status":"closed","sticky":false,"template":"","format":"standard","meta":{"footnotes":""},"categories":[24],"tags":[],"class_list":["post-4891","post","type-post","status-publish","format-standard","has-post-thumbnail","hentry","category-entretenimento"],"yoast_head":"<!-- This site is optimized with the Yoast SEO plugin v27.4 - https:\/\/yoast.com\/product\/yoast-seo-wordpress\/ -->\n<title>Joaquim Huck completa 20 anos e ganha declara\u00e7\u00e3o de Luciano e Ang\u00e9lica - Transam\u00e9rica Mococa 93,3<\/title>\n<meta name=\"robots\" content=\"index, follow, max-snippet:-1, max-image-preview:large, max-video-preview:-1\" \/>\n<link rel=\"canonical\" href=\"https:\/\/transamerica93.com.br\/home\/joaquim-huck-completa-20-anos-e-ganha-declaracao-de-luciano-e-angelica\/\" \/>\n<meta property=\"og:locale\" content=\"pt_BR\" \/>\n<meta property=\"og:type\" content=\"article\" \/>\n<meta property=\"og:title\" content=\"Joaquim Huck completa 20 anos e ganha declara\u00e7\u00e3o de Luciano e Ang\u00e9lica - Transam\u00e9rica Mococa 93,3\" \/>\n<meta property=\"og:description\" content=\"Por Reda\u00e7\u00e3o E+ Luciano Huck e Ang\u00e9lica homenagearam o filho Joaquim com postagens feitas nas redes sociais no \u00faltimo s\u00e1bado, 8, quando ele completou 20 anos. A m\u00e3e escreveu, junto de fotos com Joaquim: &#8220;Hoje, meu cora\u00e7\u00e3o transborda de amor, orgulho e admira\u00e7\u00e3o por voc\u00ea. Vinte anos\u2026 como o tempo passou depressa!&#8221;. &#8220;Ainda \u2018ontem\u2019 voc\u00ea &hellip;\" \/>\n<meta property=\"og:url\" content=\"https:\/\/transamerica93.com.br\/home\/joaquim-huck-completa-20-anos-e-ganha-declaracao-de-luciano-e-angelica\/\" \/>\n<meta property=\"og:site_name\" content=\"Transam\u00e9rica Mococa 93,3\" \/>\n<meta property=\"article:publisher\" content=\"https:\/\/www.facebook.com\/transamericamococa\" \/>\n<meta property=\"article:published_time\" content=\"2025-03-10T21:00:17+00:00\" \/>\n<meta property=\"og:image\" content=\"https:\/\/transamerica93.com.br\/home\/wp-content\/uploads\/2025\/03\/Sem-titulo.jpg\" \/>\n\t<meta property=\"og:image:width\" content=\"838\" \/>\n\t<meta property=\"og:image:height\" content=\"607\" \/>\n\t<meta property=\"og:image:type\" content=\"image\/jpeg\" \/>\n<meta name=\"author\" content=\"Reda\u00e7\u00e3o\" \/>\n<meta name=\"twitter:card\" content=\"summary_large_image\" \/>\n<meta name=\"twitter:creator\" content=\"@transamerica933\" \/>\n<meta name=\"twitter:site\" content=\"@transamerica933\" \/>\n<meta name=\"twitter:label1\" content=\"Escrito por\" \/>\n\t<meta name=\"twitter:data1\" content=\"Reda\u00e7\u00e3o\" \/>\n\t<meta name=\"twitter:label2\" content=\"Est. tempo de leitura\" \/>\n\t<meta name=\"twitter:data2\" content=\"3 minutos\" \/>\n<script type=\"application\/ld+json\" class=\"yoast-schema-graph\">{\"@context\":\"https:\\\/\\\/schema.org\",\"@graph\":[{\"@type\":\"Article\",\"@id\":\"https:\\\/\\\/transamerica93.com.br\\\/home\\\/joaquim-huck-completa-20-anos-e-ganha-declaracao-de-luciano-e-angelica\\\/#article\",\"isPartOf\":{\"@id\":\"https:\\\/\\\/transamerica93.com.br\\\/home\\\/joaquim-huck-completa-20-anos-e-ganha-declaracao-de-luciano-e-angelica\\\/\"},\"author\":{\"name\":\"Reda\u00e7\u00e3o\",\"@id\":\"https:\\\/\\\/transamerica93.com.br\\\/home\\\/#\\\/schema\\\/person\\\/7fed7c99c0d4562efa8561bc0f543172\"},\"headline\":\"Joaquim Huck completa 20 anos e ganha declara\u00e7\u00e3o de Luciano e Ang\u00e9lica\",\"datePublished\":\"2025-03-10T21:00:17+00:00\",\"mainEntityOfPage\":{\"@id\":\"https:\\\/\\\/transamerica93.com.br\\\/home\\\/joaquim-huck-completa-20-anos-e-ganha-declaracao-de-luciano-e-angelica\\\/\"},\"wordCount\":381,\"publisher\":{\"@id\":\"https:\\\/\\\/transamerica93.com.br\\\/home\\\/#organization\"},\"image\":{\"@id\":\"https:\\\/\\\/transamerica93.com.br\\\/home\\\/joaquim-huck-completa-20-anos-e-ganha-declaracao-de-luciano-e-angelica\\\/#primaryimage\"},\"thumbnailUrl\":\"https:\\\/\\\/transamerica93.com.br\\\/home\\\/wp-content\\\/uploads\\\/2025\\\/03\\\/Sem-titulo.jpg\",\"articleSection\":[\"Entretenimento\"],\"inLanguage\":\"pt-BR\"},{\"@type\":\"WebPage\",\"@id\":\"https:\\\/\\\/transamerica93.com.br\\\/home\\\/joaquim-huck-completa-20-anos-e-ganha-declaracao-de-luciano-e-angelica\\\/\",\"url\":\"https:\\\/\\\/transamerica93.com.br\\\/home\\\/joaquim-huck-completa-20-anos-e-ganha-declaracao-de-luciano-e-angelica\\\/\",\"name\":\"Joaquim Huck completa 20 anos e ganha declara\u00e7\u00e3o de Luciano e Ang\u00e9lica - Transam\u00e9rica Mococa 93,3\",\"isPartOf\":{\"@id\":\"https:\\\/\\\/transamerica93.com.br\\\/home\\\/#website\"},\"primaryImageOfPage\":{\"@id\":\"https:\\\/\\\/transamerica93.com.br\\\/home\\\/joaquim-huck-completa-20-anos-e-ganha-declaracao-de-luciano-e-angelica\\\/#primaryimage\"},\"image\":{\"@id\":\"https:\\\/\\\/transamerica93.com.br\\\/home\\\/joaquim-huck-completa-20-anos-e-ganha-declaracao-de-luciano-e-angelica\\\/#primaryimage\"},\"thumbnailUrl\":\"https:\\\/\\\/transamerica93.com.br\\\/home\\\/wp-content\\\/uploads\\\/2025\\\/03\\\/Sem-titulo.jpg\",\"datePublished\":\"2025-03-10T21:00:17+00:00\",\"breadcrumb\":{\"@id\":\"https:\\\/\\\/transamerica93.com.br\\\/home\\\/joaquim-huck-completa-20-anos-e-ganha-declaracao-de-luciano-e-angelica\\\/#breadcrumb\"},\"inLanguage\":\"pt-BR\",\"potentialAction\":[{\"@type\":\"ReadAction\",\"target\":[\"https:\\\/\\\/transamerica93.com.br\\\/home\\\/joaquim-huck-completa-20-anos-e-ganha-declaracao-de-luciano-e-angelica\\\/\"]}]},{\"@type\":\"ImageObject\",\"inLanguage\":\"pt-BR\",\"@id\":\"https:\\\/\\\/transamerica93.com.br\\\/home\\\/joaquim-huck-completa-20-anos-e-ganha-declaracao-de-luciano-e-angelica\\\/#primaryimage\",\"url\":\"https:\\\/\\\/transamerica93.com.br\\\/home\\\/wp-content\\\/uploads\\\/2025\\\/03\\\/Sem-titulo.jpg\",\"contentUrl\":\"https:\\\/\\\/transamerica93.com.br\\\/home\\\/wp-content\\\/uploads\\\/2025\\\/03\\\/Sem-titulo.jpg\",\"width\":838,\"height\":607},{\"@type\":\"BreadcrumbList\",\"@id\":\"https:\\\/\\\/transamerica93.com.br\\\/home\\\/joaquim-huck-completa-20-anos-e-ganha-declaracao-de-luciano-e-angelica\\\/#breadcrumb\",\"itemListElement\":[{\"@type\":\"ListItem\",\"position\":1,\"name\":\"In\u00edcio\",\"item\":\"https:\\\/\\\/transamerica93.com.br\\\/home\\\/\"},{\"@type\":\"ListItem\",\"position\":2,\"name\":\"Joaquim Huck completa 20 anos e ganha declara\u00e7\u00e3o de Luciano e Ang\u00e9lica\"}]},{\"@type\":\"WebSite\",\"@id\":\"https:\\\/\\\/transamerica93.com.br\\\/home\\\/#website\",\"url\":\"https:\\\/\\\/transamerica93.com.br\\\/home\\\/\",\"name\":\"Transam\u00e9rica Mococa 93,3\",\"description\":\"\",\"publisher\":{\"@id\":\"https:\\\/\\\/transamerica93.com.br\\\/home\\\/#organization\"},\"potentialAction\":[{\"@type\":\"SearchAction\",\"target\":{\"@type\":\"EntryPoint\",\"urlTemplate\":\"https:\\\/\\\/transamerica93.com.br\\\/home\\\/?s={search_term_string}\"},\"query-input\":{\"@type\":\"PropertyValueSpecification\",\"valueRequired\":true,\"valueName\":\"search_term_string\"}}],\"inLanguage\":\"pt-BR\"},{\"@type\":\"Organization\",\"@id\":\"https:\\\/\\\/transamerica93.com.br\\\/home\\\/#organization\",\"name\":\"Transam\u00e9rica Mococa 93,3\",\"url\":\"https:\\\/\\\/transamerica93.com.br\\\/home\\\/\",\"logo\":{\"@type\":\"ImageObject\",\"inLanguage\":\"pt-BR\",\"@id\":\"https:\\\/\\\/transamerica93.com.br\\\/home\\\/#\\\/schema\\\/logo\\\/image\\\/\",\"url\":\"https:\\\/\\\/transamerica93.com.br\\\/home\\\/wp-content\\\/uploads\\\/2023\\\/10\\\/logo2.png\",\"contentUrl\":\"https:\\\/\\\/transamerica93.com.br\\\/home\\\/wp-content\\\/uploads\\\/2023\\\/10\\\/logo2.png\",\"width\":800,\"height\":500,\"caption\":\"Transam\u00e9rica Mococa 93,3\"},\"image\":{\"@id\":\"https:\\\/\\\/transamerica93.com.br\\\/home\\\/#\\\/schema\\\/logo\\\/image\\\/\"},\"sameAs\":[\"https:\\\/\\\/www.facebook.com\\\/transamericamococa\",\"https:\\\/\\\/x.com\\\/transamerica933\",\"https:\\\/\\\/www.instagram.com\\\/transamericamococa\"]},{\"@type\":\"Person\",\"@id\":\"https:\\\/\\\/transamerica93.com.br\\\/home\\\/#\\\/schema\\\/person\\\/7fed7c99c0d4562efa8561bc0f543172\",\"name\":\"Reda\u00e7\u00e3o\",\"image\":{\"@type\":\"ImageObject\",\"inLanguage\":\"pt-BR\",\"@id\":\"https:\\\/\\\/secure.gravatar.com\\\/avatar\\\/1072c6b775fb02ef8506ce967551d95926669a6b7d2c2147b42eea4d7c68395e?s=96&d=mm&r=g\",\"url\":\"https:\\\/\\\/secure.gravatar.com\\\/avatar\\\/1072c6b775fb02ef8506ce967551d95926669a6b7d2c2147b42eea4d7c68395e?s=96&d=mm&r=g\",\"contentUrl\":\"https:\\\/\\\/secure.gravatar.com\\\/avatar\\\/1072c6b775fb02ef8506ce967551d95926669a6b7d2c2147b42eea4d7c68395e?s=96&d=mm&r=g\",\"caption\":\"Reda\u00e7\u00e3o\"},\"sameAs\":[\"https:\\\/\\\/transamerica93.com.br\\\/home\"],\"url\":\"https:\\\/\\\/transamerica93.com.br\\\/home\\\/author\\\/william\\\/\"}]}<\/script>\n<!-- \/ Yoast SEO plugin. -->","yoast_head_json":{"title":"Joaquim Huck completa 20 anos e ganha declara\u00e7\u00e3o de Luciano e Ang\u00e9lica - Transam\u00e9rica Mococa 93,3","robots":{"index":"index","follow":"follow","max-snippet":"max-snippet:-1","max-image-preview":"max-image-preview:large","max-video-preview":"max-video-preview:-1"},"canonical":"https:\/\/transamerica93.com.br\/home\/joaquim-huck-completa-20-anos-e-ganha-declaracao-de-luciano-e-angelica\/","og_locale":"pt_BR","og_type":"article","og_title":"Joaquim Huck completa 20 anos e ganha declara\u00e7\u00e3o de Luciano e Ang\u00e9lica - Transam\u00e9rica Mococa 93,3","og_description":"Por Reda\u00e7\u00e3o E+ Luciano Huck e Ang\u00e9lica homenagearam o filho Joaquim com postagens feitas nas redes sociais no \u00faltimo s\u00e1bado, 8, quando ele completou 20 anos. A m\u00e3e escreveu, junto de fotos com Joaquim: &#8220;Hoje, meu cora\u00e7\u00e3o transborda de amor, orgulho e admira\u00e7\u00e3o por voc\u00ea. Vinte anos\u2026 como o tempo passou depressa!&#8221;. &#8220;Ainda \u2018ontem\u2019 voc\u00ea &hellip;","og_url":"https:\/\/transamerica93.com.br\/home\/joaquim-huck-completa-20-anos-e-ganha-declaracao-de-luciano-e-angelica\/","og_site_name":"Transam\u00e9rica Mococa 93,3","article_publisher":"https:\/\/www.facebook.com\/transamericamococa","article_published_time":"2025-03-10T21:00:17+00:00","og_image":[{"width":838,"height":607,"url":"https:\/\/transamerica93.com.br\/home\/wp-content\/uploads\/2025\/03\/Sem-titulo.jpg","type":"image\/jpeg"}],"author":"Reda\u00e7\u00e3o","twitter_card":"summary_large_image","twitter_creator":"@transamerica933","twitter_site":"@transamerica933","twitter_misc":{"Escrito por":"Reda\u00e7\u00e3o","Est. tempo de leitura":"3 minutos"},"schema":{"@context":"https:\/\/schema.org","@graph":[{"@type":"Article","@id":"https:\/\/transamerica93.com.br\/home\/joaquim-huck-completa-20-anos-e-ganha-declaracao-de-luciano-e-angelica\/#article","isPartOf":{"@id":"https:\/\/transamerica93.com.br\/home\/joaquim-huck-completa-20-anos-e-ganha-declaracao-de-luciano-e-angelica\/"},"author":{"name":"Reda\u00e7\u00e3o","@id":"https:\/\/transamerica93.com.br\/home\/#\/schema\/person\/7fed7c99c0d4562efa8561bc0f543172"},"headline":"Joaquim Huck completa 20 anos e ganha declara\u00e7\u00e3o de Luciano e Ang\u00e9lica","datePublished":"2025-03-10T21:00:17+00:00","mainEntityOfPage":{"@id":"https:\/\/transamerica93.com.br\/home\/joaquim-huck-completa-20-anos-e-ganha-declaracao-de-luciano-e-angelica\/"},"wordCount":381,"publisher":{"@id":"https:\/\/transamerica93.com.br\/home\/#organization"},"image":{"@id":"https:\/\/transamerica93.com.br\/home\/joaquim-huck-completa-20-anos-e-ganha-declaracao-de-luciano-e-angelica\/#primaryimage"},"thumbnailUrl":"https:\/\/transamerica93.com.br\/home\/wp-content\/uploads\/2025\/03\/Sem-titulo.jpg","articleSection":["Entretenimento"],"inLanguage":"pt-BR"},{"@type":"WebPage","@id":"https:\/\/transamerica93.com.br\/home\/joaquim-huck-completa-20-anos-e-ganha-declaracao-de-luciano-e-angelica\/","url":"https:\/\/transamerica93.com.br\/home\/joaquim-huck-completa-20-anos-e-ganha-declaracao-de-luciano-e-angelica\/","name":"Joaquim Huck completa 20 anos e ganha declara\u00e7\u00e3o de Luciano e Ang\u00e9lica - Transam\u00e9rica Mococa 93,3","isPartOf":{"@id":"https:\/\/transamerica93.com.br\/home\/#website"},"primaryImageOfPage":{"@id":"https:\/\/transamerica93.com.br\/home\/joaquim-huck-completa-20-anos-e-ganha-declaracao-de-luciano-e-angelica\/#primaryimage"},"image":{"@id":"https:\/\/transamerica93.com.br\/home\/joaquim-huck-completa-20-anos-e-ganha-declaracao-de-luciano-e-angelica\/#primaryimage"},"thumbnailUrl":"https:\/\/transamerica93.com.br\/home\/wp-content\/uploads\/2025\/03\/Sem-titulo.jpg","datePublished":"2025-03-10T21:00:17+00:00","breadcrumb":{"@id":"https:\/\/transamerica93.com.br\/home\/joaquim-huck-completa-20-anos-e-ganha-declaracao-de-luciano-e-angelica\/#breadcrumb"},"inLanguage":"pt-BR","potentialAction":[{"@type":"ReadAction","target":["https:\/\/transamerica93.com.br\/home\/joaquim-huck-completa-20-anos-e-ganha-declaracao-de-luciano-e-angelica\/"]}]},{"@type":"ImageObject","inLanguage":"pt-BR","@id":"https:\/\/transamerica93.com.br\/home\/joaquim-huck-completa-20-anos-e-ganha-declaracao-de-luciano-e-angelica\/#primaryimage","url":"https:\/\/transamerica93.com.br\/home\/wp-content\/uploads\/2025\/03\/Sem-titulo.jpg","contentUrl":"https:\/\/transamerica93.com.br\/home\/wp-content\/uploads\/2025\/03\/Sem-titulo.jpg","width":838,"height":607},{"@type":"BreadcrumbList","@id":"https:\/\/transamerica93.com.br\/home\/joaquim-huck-completa-20-anos-e-ganha-declaracao-de-luciano-e-angelica\/#breadcrumb","itemListElement":[{"@type":"ListItem","position":1,"name":"In\u00edcio","item":"https:\/\/transamerica93.com.br\/home\/"},{"@type":"ListItem","position":2,"name":"Joaquim Huck completa 20 anos e ganha declara\u00e7\u00e3o de Luciano e Ang\u00e9lica"}]},{"@type":"WebSite","@id":"https:\/\/transamerica93.com.br\/home\/#website","url":"https:\/\/transamerica93.com.br\/home\/","name":"Transam\u00e9rica Mococa 93,3","description":"","publisher":{"@id":"https:\/\/transamerica93.com.br\/home\/#organization"},"potentialAction":[{"@type":"SearchAction","target":{"@type":"EntryPoint","urlTemplate":"https:\/\/transamerica93.com.br\/home\/?s={search_term_string}"},"query-input":{"@type":"PropertyValueSpecification","valueRequired":true,"valueName":"search_term_string"}}],"inLanguage":"pt-BR"},{"@type":"Organization","@id":"https:\/\/transamerica93.com.br\/home\/#organization","name":"Transam\u00e9rica Mococa 93,3","url":"https:\/\/transamerica93.com.br\/home\/","logo":{"@type":"ImageObject","inLanguage":"pt-BR","@id":"https:\/\/transamerica93.com.br\/home\/#\/schema\/logo\/image\/","url":"https:\/\/transamerica93.com.br\/home\/wp-content\/uploads\/2023\/10\/logo2.png","contentUrl":"https:\/\/transamerica93.com.br\/home\/wp-content\/uploads\/2023\/10\/logo2.png","width":800,"height":500,"caption":"Transam\u00e9rica Mococa 93,3"},"image":{"@id":"https:\/\/transamerica93.com.br\/home\/#\/schema\/logo\/image\/"},"sameAs":["https:\/\/www.facebook.com\/transamericamococa","https:\/\/x.com\/transamerica933","https:\/\/www.instagram.com\/transamericamococa"]},{"@type":"Person","@id":"https:\/\/transamerica93.com.br\/home\/#\/schema\/person\/7fed7c99c0d4562efa8561bc0f543172","name":"Reda\u00e7\u00e3o","image":{"@type":"ImageObject","inLanguage":"pt-BR","@id":"https:\/\/secure.gravatar.com\/avatar\/1072c6b775fb02ef8506ce967551d95926669a6b7d2c2147b42eea4d7c68395e?s=96&d=mm&r=g","url":"https:\/\/secure.gravatar.com\/avatar\/1072c6b775fb02ef8506ce967551d95926669a6b7d2c2147b42eea4d7c68395e?s=96&d=mm&r=g","contentUrl":"https:\/\/secure.gravatar.com\/avatar\/1072c6b775fb02ef8506ce967551d95926669a6b7d2c2147b42eea4d7c68395e?s=96&d=mm&r=g","caption":"Reda\u00e7\u00e3o"},"sameAs":["https:\/\/transamerica93.com.br\/home"],"url":"https:\/\/transamerica93.com.br\/home\/author\/william\/"}]}},"_links":{"self":[{"href":"https:\/\/transamerica93.com.br\/home\/wp-json\/wp\/v2\/posts\/4891","targetHints":{"allow":["GET"]}}],"collection":[{"href":"https:\/\/transamerica93.com.br\/home\/wp-json\/wp\/v2\/posts"}],"about":[{"href":"https:\/\/transamerica93.com.br\/home\/wp-json\/wp\/v2\/types\/post"}],"author":[{"embeddable":true,"href":"https:\/\/transamerica93.com.br\/home\/wp-json\/wp\/v2\/users\/1"}],"replies":[{"embeddable":true,"href":"https:\/\/transamerica93.com.br\/home\/wp-json\/wp\/v2\/comments?post=4891"}],"version-history":[{"count":1,"href":"https:\/\/transamerica93.com.br\/home\/wp-json\/wp\/v2\/posts\/4891\/revisions"}],"predecessor-version":[{"id":4893,"href":"https:\/\/transamerica93.com.br\/home\/wp-json\/wp\/v2\/posts\/4891\/revisions\/4893"}],"wp:featuredmedia":[{"embeddable":true,"href":"https:\/\/transamerica93.com.br\/home\/wp-json\/wp\/v2\/media\/4892"}],"wp:attachment":[{"href":"https:\/\/transamerica93.com.br\/home\/wp-json\/wp\/v2\/media?parent=4891"}],"wp:term":[{"taxonomy":"category","embeddable":true,"href":"https:\/\/transamerica93.com.br\/home\/wp-json\/wp\/v2\/categories?post=4891"},{"taxonomy":"post_tag","embeddable":true,"href":"https:\/\/transamerica93.com.br\/home\/wp-json\/wp\/v2\/tags?post=4891"}],"curies":[{"name":"wp","href":"https:\/\/api.w.org\/{rel}","templated":true}]}}