{"id":4894,"date":"2025-03-11T18:00:55","date_gmt":"2025-03-11T21:00:55","guid":{"rendered":"https:\/\/transamerica93.com.br\/home\/?p=4894"},"modified":"2025-03-10T14:13:59","modified_gmt":"2025-03-10T17:13:59","slug":"eu-nao-estou-dando-conta-rafa-justus-reflete-sobre-importancia-de-pedir-ajuda","status":"publish","type":"post","link":"https:\/\/transamerica93.com.br\/home\/eu-nao-estou-dando-conta-rafa-justus-reflete-sobre-importancia-de-pedir-ajuda\/","title":{"rendered":"&#8216;Eu n\u00e3o estou dando conta&#8217;: Rafa Justus reflete sobre import\u00e2ncia de pedir ajuda"},"content":{"rendered":"<h6 class=\"Assina\">Por Daniel Vila Nova<\/h6>\n<p>A influenciadora digital Rafa Justus, filha de Roberto Justus e Ticiane Pinheiro, desabafou nas redes sociais na madrugada desta segunda-feira, 10. Em um v\u00eddeo no Instagram, a garota de 15 anos falou sobre a import\u00e2ncia de pedir ajuda quando as coisas ficam dif\u00edceis.<\/p>\n<p>&#8220;Eu n\u00e3o estou dando conta&#8230; Em algum momento da vida, todo ser humano j\u00e1 precisou lidar com essa frase em diferentes circunst\u00e2ncias, seja em trabalho, estudos, fam\u00edlia, relacionamentos em geral e at\u00e9 mesmo sa\u00fade f\u00edsica e mental&#8221;, confessou para os seus seguidores.<\/p>\n<p>&#8220;Conforme o tempo vai passando, as responsabilidades se acumulam, as demandas sobre voc\u00ea te sobrecarregam, a exaust\u00e3o chega e esse sentimento de insufici\u00eancia toma conta de voc\u00ea. Se tem um ponto que eu quero chegar com tudo isso \u00e9 que a verdade \u00e9 uma e ela \u00e9 universal: n\u00e3o dar conta de tudo \u00e9 normal.&#8221;<\/p>\n<p>Ao longo do v\u00eddeo, Rafa reflete sobre a vida e afirma que errar \u00e9 humano e faz parte da nossa trajet\u00f3ria. &#8220;Nosso problema maior \u00e9 nos for\u00e7armos a acreditar que temos que enfrentar tudo isso sozinhos. Ent\u00e3o, meu conselho maior \u00e9 respire, se priorize, pe\u00e7a ajuda quando necess\u00e1rio e seja gentil consigo mesmo.&#8221;<\/p>\n<p>&#8220;A nossa mente nos for\u00e7a a acreditar que n\u00f3s conseguimos abra\u00e7ar o mundo em um curto per\u00edodo de tempo, estar com mil pessoas ao mesmo tempo em mil circunst\u00e2ncias diferentes. Quando, na verdade, a \u00fanica pessoa que a gente precisa estar \u00e9 com n\u00f3s mesmos.&#8221;<\/p>\n<p>Nos coment\u00e1rios, os pais da garota demonstraram apoio \u00e0 fala. &#8220;Filha, que orgulho dessa sua clareza, sua mente privilegiada e sua sensibilidade! Nem parece que tem apenas 15 anos!&#8221;, escreveu Justus. &#8220;Que lindo ver voc\u00ea crescendo com essa clareza da vida e com essa maturidade. Te amo e estarei sempre aqui, mesmo n\u00e3o dando conta de tudo&#8221;, comentou Ticiane.<\/p>\n","protected":false},"excerpt":{"rendered":"<p>Por Daniel Vila Nova A influenciadora digital Rafa Justus, filha de Roberto Justus e Ticiane Pinheiro, desabafou nas redes sociais na madrugada desta segunda-feira, 10. Em um v\u00eddeo no Instagram, a garota de 15 anos falou sobre a import\u00e2ncia de pedir ajuda quando as coisas ficam dif\u00edceis. &#8220;Eu n\u00e3o estou dando conta&#8230; Em algum momento &hellip;<\/p>\n","protected":false},"author":1,"featured_media":4896,"comment_status":"closed","ping_status":"closed","sticky":false,"template":"","format":"standard","meta":{"footnotes":""},"categories":[24],"tags":[],"class_list":["post-4894","post","type-post","status-publish","format-standard","has-post-thumbnail","hentry","category-entretenimento"],"yoast_head":"<!-- This site is optimized with the Yoast SEO plugin v27.4 - https:\/\/yoast.com\/product\/yoast-seo-wordpress\/ -->\n<title>&#039;Eu n\u00e3o estou dando conta&#039;: Rafa Justus reflete sobre import\u00e2ncia de pedir ajuda - Transam\u00e9rica Mococa 93,3<\/title>\n<meta name=\"robots\" content=\"index, follow, max-snippet:-1, max-image-preview:large, max-video-preview:-1\" \/>\n<link rel=\"canonical\" href=\"https:\/\/transamerica93.com.br\/home\/eu-nao-estou-dando-conta-rafa-justus-reflete-sobre-importancia-de-pedir-ajuda\/\" \/>\n<meta property=\"og:locale\" content=\"pt_BR\" \/>\n<meta property=\"og:type\" content=\"article\" \/>\n<meta property=\"og:title\" content=\"&#039;Eu n\u00e3o estou dando conta&#039;: Rafa Justus reflete sobre import\u00e2ncia de pedir ajuda - Transam\u00e9rica Mococa 93,3\" \/>\n<meta property=\"og:description\" content=\"Por Daniel Vila Nova A influenciadora digital Rafa Justus, filha de Roberto Justus e Ticiane Pinheiro, desabafou nas redes sociais na madrugada desta segunda-feira, 10. Em um v\u00eddeo no Instagram, a garota de 15 anos falou sobre a import\u00e2ncia de pedir ajuda quando as coisas ficam dif\u00edceis. &#8220;Eu n\u00e3o estou dando conta&#8230; Em algum momento &hellip;\" \/>\n<meta property=\"og:url\" content=\"https:\/\/transamerica93.com.br\/home\/eu-nao-estou-dando-conta-rafa-justus-reflete-sobre-importancia-de-pedir-ajuda\/\" \/>\n<meta property=\"og:site_name\" content=\"Transam\u00e9rica Mococa 93,3\" \/>\n<meta property=\"article:publisher\" content=\"https:\/\/www.facebook.com\/transamericamococa\" \/>\n<meta property=\"article:published_time\" content=\"2025-03-11T21:00:55+00:00\" \/>\n<meta property=\"og:image\" content=\"https:\/\/transamerica93.com.br\/home\/wp-content\/uploads\/2025\/03\/Sem-titulo-1.jpg\" \/>\n\t<meta property=\"og:image:width\" content=\"840\" \/>\n\t<meta property=\"og:image:height\" content=\"517\" \/>\n\t<meta property=\"og:image:type\" content=\"image\/jpeg\" \/>\n<meta name=\"author\" content=\"Reda\u00e7\u00e3o\" \/>\n<meta name=\"twitter:card\" content=\"summary_large_image\" \/>\n<meta name=\"twitter:creator\" content=\"@transamerica933\" \/>\n<meta name=\"twitter:site\" content=\"@transamerica933\" \/>\n<meta name=\"twitter:label1\" content=\"Escrito por\" \/>\n\t<meta name=\"twitter:data1\" content=\"Reda\u00e7\u00e3o\" \/>\n\t<meta name=\"twitter:label2\" content=\"Est. tempo de leitura\" \/>\n\t<meta name=\"twitter:data2\" content=\"2 minutos\" \/>\n<script type=\"application\/ld+json\" class=\"yoast-schema-graph\">{\"@context\":\"https:\\\/\\\/schema.org\",\"@graph\":[{\"@type\":\"Article\",\"@id\":\"https:\\\/\\\/transamerica93.com.br\\\/home\\\/eu-nao-estou-dando-conta-rafa-justus-reflete-sobre-importancia-de-pedir-ajuda\\\/#article\",\"isPartOf\":{\"@id\":\"https:\\\/\\\/transamerica93.com.br\\\/home\\\/eu-nao-estou-dando-conta-rafa-justus-reflete-sobre-importancia-de-pedir-ajuda\\\/\"},\"author\":{\"name\":\"Reda\u00e7\u00e3o\",\"@id\":\"https:\\\/\\\/transamerica93.com.br\\\/home\\\/#\\\/schema\\\/person\\\/7fed7c99c0d4562efa8561bc0f543172\"},\"headline\":\"&#8216;Eu n\u00e3o estou dando conta&#8217;: Rafa Justus reflete sobre import\u00e2ncia de pedir ajuda\",\"datePublished\":\"2025-03-11T21:00:55+00:00\",\"mainEntityOfPage\":{\"@id\":\"https:\\\/\\\/transamerica93.com.br\\\/home\\\/eu-nao-estou-dando-conta-rafa-justus-reflete-sobre-importancia-de-pedir-ajuda\\\/\"},\"wordCount\":329,\"publisher\":{\"@id\":\"https:\\\/\\\/transamerica93.com.br\\\/home\\\/#organization\"},\"image\":{\"@id\":\"https:\\\/\\\/transamerica93.com.br\\\/home\\\/eu-nao-estou-dando-conta-rafa-justus-reflete-sobre-importancia-de-pedir-ajuda\\\/#primaryimage\"},\"thumbnailUrl\":\"https:\\\/\\\/transamerica93.com.br\\\/home\\\/wp-content\\\/uploads\\\/2025\\\/03\\\/Sem-titulo-1.jpg\",\"articleSection\":[\"Entretenimento\"],\"inLanguage\":\"pt-BR\"},{\"@type\":\"WebPage\",\"@id\":\"https:\\\/\\\/transamerica93.com.br\\\/home\\\/eu-nao-estou-dando-conta-rafa-justus-reflete-sobre-importancia-de-pedir-ajuda\\\/\",\"url\":\"https:\\\/\\\/transamerica93.com.br\\\/home\\\/eu-nao-estou-dando-conta-rafa-justus-reflete-sobre-importancia-de-pedir-ajuda\\\/\",\"name\":\"'Eu n\u00e3o estou dando conta': Rafa Justus reflete sobre import\u00e2ncia de pedir ajuda - Transam\u00e9rica Mococa 93,3\",\"isPartOf\":{\"@id\":\"https:\\\/\\\/transamerica93.com.br\\\/home\\\/#website\"},\"primaryImageOfPage\":{\"@id\":\"https:\\\/\\\/transamerica93.com.br\\\/home\\\/eu-nao-estou-dando-conta-rafa-justus-reflete-sobre-importancia-de-pedir-ajuda\\\/#primaryimage\"},\"image\":{\"@id\":\"https:\\\/\\\/transamerica93.com.br\\\/home\\\/eu-nao-estou-dando-conta-rafa-justus-reflete-sobre-importancia-de-pedir-ajuda\\\/#primaryimage\"},\"thumbnailUrl\":\"https:\\\/\\\/transamerica93.com.br\\\/home\\\/wp-content\\\/uploads\\\/2025\\\/03\\\/Sem-titulo-1.jpg\",\"datePublished\":\"2025-03-11T21:00:55+00:00\",\"breadcrumb\":{\"@id\":\"https:\\\/\\\/transamerica93.com.br\\\/home\\\/eu-nao-estou-dando-conta-rafa-justus-reflete-sobre-importancia-de-pedir-ajuda\\\/#breadcrumb\"},\"inLanguage\":\"pt-BR\",\"potentialAction\":[{\"@type\":\"ReadAction\",\"target\":[\"https:\\\/\\\/transamerica93.com.br\\\/home\\\/eu-nao-estou-dando-conta-rafa-justus-reflete-sobre-importancia-de-pedir-ajuda\\\/\"]}]},{\"@type\":\"ImageObject\",\"inLanguage\":\"pt-BR\",\"@id\":\"https:\\\/\\\/transamerica93.com.br\\\/home\\\/eu-nao-estou-dando-conta-rafa-justus-reflete-sobre-importancia-de-pedir-ajuda\\\/#primaryimage\",\"url\":\"https:\\\/\\\/transamerica93.com.br\\\/home\\\/wp-content\\\/uploads\\\/2025\\\/03\\\/Sem-titulo-1.jpg\",\"contentUrl\":\"https:\\\/\\\/transamerica93.com.br\\\/home\\\/wp-content\\\/uploads\\\/2025\\\/03\\\/Sem-titulo-1.jpg\",\"width\":840,\"height\":517},{\"@type\":\"BreadcrumbList\",\"@id\":\"https:\\\/\\\/transamerica93.com.br\\\/home\\\/eu-nao-estou-dando-conta-rafa-justus-reflete-sobre-importancia-de-pedir-ajuda\\\/#breadcrumb\",\"itemListElement\":[{\"@type\":\"ListItem\",\"position\":1,\"name\":\"In\u00edcio\",\"item\":\"https:\\\/\\\/transamerica93.com.br\\\/home\\\/\"},{\"@type\":\"ListItem\",\"position\":2,\"name\":\"&#8216;Eu n\u00e3o estou dando conta&#8217;: Rafa Justus reflete sobre import\u00e2ncia de pedir ajuda\"}]},{\"@type\":\"WebSite\",\"@id\":\"https:\\\/\\\/transamerica93.com.br\\\/home\\\/#website\",\"url\":\"https:\\\/\\\/transamerica93.com.br\\\/home\\\/\",\"name\":\"Transam\u00e9rica Mococa 93,3\",\"description\":\"\",\"publisher\":{\"@id\":\"https:\\\/\\\/transamerica93.com.br\\\/home\\\/#organization\"},\"potentialAction\":[{\"@type\":\"SearchAction\",\"target\":{\"@type\":\"EntryPoint\",\"urlTemplate\":\"https:\\\/\\\/transamerica93.com.br\\\/home\\\/?s={search_term_string}\"},\"query-input\":{\"@type\":\"PropertyValueSpecification\",\"valueRequired\":true,\"valueName\":\"search_term_string\"}}],\"inLanguage\":\"pt-BR\"},{\"@type\":\"Organization\",\"@id\":\"https:\\\/\\\/transamerica93.com.br\\\/home\\\/#organization\",\"name\":\"Transam\u00e9rica Mococa 93,3\",\"url\":\"https:\\\/\\\/transamerica93.com.br\\\/home\\\/\",\"logo\":{\"@type\":\"ImageObject\",\"inLanguage\":\"pt-BR\",\"@id\":\"https:\\\/\\\/transamerica93.com.br\\\/home\\\/#\\\/schema\\\/logo\\\/image\\\/\",\"url\":\"https:\\\/\\\/transamerica93.com.br\\\/home\\\/wp-content\\\/uploads\\\/2023\\\/10\\\/logo2.png\",\"contentUrl\":\"https:\\\/\\\/transamerica93.com.br\\\/home\\\/wp-content\\\/uploads\\\/2023\\\/10\\\/logo2.png\",\"width\":800,\"height\":500,\"caption\":\"Transam\u00e9rica Mococa 93,3\"},\"image\":{\"@id\":\"https:\\\/\\\/transamerica93.com.br\\\/home\\\/#\\\/schema\\\/logo\\\/image\\\/\"},\"sameAs\":[\"https:\\\/\\\/www.facebook.com\\\/transamericamococa\",\"https:\\\/\\\/x.com\\\/transamerica933\",\"https:\\\/\\\/www.instagram.com\\\/transamericamococa\"]},{\"@type\":\"Person\",\"@id\":\"https:\\\/\\\/transamerica93.com.br\\\/home\\\/#\\\/schema\\\/person\\\/7fed7c99c0d4562efa8561bc0f543172\",\"name\":\"Reda\u00e7\u00e3o\",\"image\":{\"@type\":\"ImageObject\",\"inLanguage\":\"pt-BR\",\"@id\":\"https:\\\/\\\/secure.gravatar.com\\\/avatar\\\/1072c6b775fb02ef8506ce967551d95926669a6b7d2c2147b42eea4d7c68395e?s=96&d=mm&r=g\",\"url\":\"https:\\\/\\\/secure.gravatar.com\\\/avatar\\\/1072c6b775fb02ef8506ce967551d95926669a6b7d2c2147b42eea4d7c68395e?s=96&d=mm&r=g\",\"contentUrl\":\"https:\\\/\\\/secure.gravatar.com\\\/avatar\\\/1072c6b775fb02ef8506ce967551d95926669a6b7d2c2147b42eea4d7c68395e?s=96&d=mm&r=g\",\"caption\":\"Reda\u00e7\u00e3o\"},\"sameAs\":[\"https:\\\/\\\/transamerica93.com.br\\\/home\"],\"url\":\"https:\\\/\\\/transamerica93.com.br\\\/home\\\/author\\\/william\\\/\"}]}<\/script>\n<!-- \/ Yoast SEO plugin. -->","yoast_head_json":{"title":"'Eu n\u00e3o estou dando conta': Rafa Justus reflete sobre import\u00e2ncia de pedir ajuda - Transam\u00e9rica Mococa 93,3","robots":{"index":"index","follow":"follow","max-snippet":"max-snippet:-1","max-image-preview":"max-image-preview:large","max-video-preview":"max-video-preview:-1"},"canonical":"https:\/\/transamerica93.com.br\/home\/eu-nao-estou-dando-conta-rafa-justus-reflete-sobre-importancia-de-pedir-ajuda\/","og_locale":"pt_BR","og_type":"article","og_title":"'Eu n\u00e3o estou dando conta': Rafa Justus reflete sobre import\u00e2ncia de pedir ajuda - Transam\u00e9rica Mococa 93,3","og_description":"Por Daniel Vila Nova A influenciadora digital Rafa Justus, filha de Roberto Justus e Ticiane Pinheiro, desabafou nas redes sociais na madrugada desta segunda-feira, 10. Em um v\u00eddeo no Instagram, a garota de 15 anos falou sobre a import\u00e2ncia de pedir ajuda quando as coisas ficam dif\u00edceis. &#8220;Eu n\u00e3o estou dando conta&#8230; Em algum momento &hellip;","og_url":"https:\/\/transamerica93.com.br\/home\/eu-nao-estou-dando-conta-rafa-justus-reflete-sobre-importancia-de-pedir-ajuda\/","og_site_name":"Transam\u00e9rica Mococa 93,3","article_publisher":"https:\/\/www.facebook.com\/transamericamococa","article_published_time":"2025-03-11T21:00:55+00:00","og_image":[{"width":840,"height":517,"url":"https:\/\/transamerica93.com.br\/home\/wp-content\/uploads\/2025\/03\/Sem-titulo-1.jpg","type":"image\/jpeg"}],"author":"Reda\u00e7\u00e3o","twitter_card":"summary_large_image","twitter_creator":"@transamerica933","twitter_site":"@transamerica933","twitter_misc":{"Escrito por":"Reda\u00e7\u00e3o","Est. tempo de leitura":"2 minutos"},"schema":{"@context":"https:\/\/schema.org","@graph":[{"@type":"Article","@id":"https:\/\/transamerica93.com.br\/home\/eu-nao-estou-dando-conta-rafa-justus-reflete-sobre-importancia-de-pedir-ajuda\/#article","isPartOf":{"@id":"https:\/\/transamerica93.com.br\/home\/eu-nao-estou-dando-conta-rafa-justus-reflete-sobre-importancia-de-pedir-ajuda\/"},"author":{"name":"Reda\u00e7\u00e3o","@id":"https:\/\/transamerica93.com.br\/home\/#\/schema\/person\/7fed7c99c0d4562efa8561bc0f543172"},"headline":"&#8216;Eu n\u00e3o estou dando conta&#8217;: Rafa Justus reflete sobre import\u00e2ncia de pedir ajuda","datePublished":"2025-03-11T21:00:55+00:00","mainEntityOfPage":{"@id":"https:\/\/transamerica93.com.br\/home\/eu-nao-estou-dando-conta-rafa-justus-reflete-sobre-importancia-de-pedir-ajuda\/"},"wordCount":329,"publisher":{"@id":"https:\/\/transamerica93.com.br\/home\/#organization"},"image":{"@id":"https:\/\/transamerica93.com.br\/home\/eu-nao-estou-dando-conta-rafa-justus-reflete-sobre-importancia-de-pedir-ajuda\/#primaryimage"},"thumbnailUrl":"https:\/\/transamerica93.com.br\/home\/wp-content\/uploads\/2025\/03\/Sem-titulo-1.jpg","articleSection":["Entretenimento"],"inLanguage":"pt-BR"},{"@type":"WebPage","@id":"https:\/\/transamerica93.com.br\/home\/eu-nao-estou-dando-conta-rafa-justus-reflete-sobre-importancia-de-pedir-ajuda\/","url":"https:\/\/transamerica93.com.br\/home\/eu-nao-estou-dando-conta-rafa-justus-reflete-sobre-importancia-de-pedir-ajuda\/","name":"'Eu n\u00e3o estou dando conta': Rafa Justus reflete sobre import\u00e2ncia de pedir ajuda - Transam\u00e9rica Mococa 93,3","isPartOf":{"@id":"https:\/\/transamerica93.com.br\/home\/#website"},"primaryImageOfPage":{"@id":"https:\/\/transamerica93.com.br\/home\/eu-nao-estou-dando-conta-rafa-justus-reflete-sobre-importancia-de-pedir-ajuda\/#primaryimage"},"image":{"@id":"https:\/\/transamerica93.com.br\/home\/eu-nao-estou-dando-conta-rafa-justus-reflete-sobre-importancia-de-pedir-ajuda\/#primaryimage"},"thumbnailUrl":"https:\/\/transamerica93.com.br\/home\/wp-content\/uploads\/2025\/03\/Sem-titulo-1.jpg","datePublished":"2025-03-11T21:00:55+00:00","breadcrumb":{"@id":"https:\/\/transamerica93.com.br\/home\/eu-nao-estou-dando-conta-rafa-justus-reflete-sobre-importancia-de-pedir-ajuda\/#breadcrumb"},"inLanguage":"pt-BR","potentialAction":[{"@type":"ReadAction","target":["https:\/\/transamerica93.com.br\/home\/eu-nao-estou-dando-conta-rafa-justus-reflete-sobre-importancia-de-pedir-ajuda\/"]}]},{"@type":"ImageObject","inLanguage":"pt-BR","@id":"https:\/\/transamerica93.com.br\/home\/eu-nao-estou-dando-conta-rafa-justus-reflete-sobre-importancia-de-pedir-ajuda\/#primaryimage","url":"https:\/\/transamerica93.com.br\/home\/wp-content\/uploads\/2025\/03\/Sem-titulo-1.jpg","contentUrl":"https:\/\/transamerica93.com.br\/home\/wp-content\/uploads\/2025\/03\/Sem-titulo-1.jpg","width":840,"height":517},{"@type":"BreadcrumbList","@id":"https:\/\/transamerica93.com.br\/home\/eu-nao-estou-dando-conta-rafa-justus-reflete-sobre-importancia-de-pedir-ajuda\/#breadcrumb","itemListElement":[{"@type":"ListItem","position":1,"name":"In\u00edcio","item":"https:\/\/transamerica93.com.br\/home\/"},{"@type":"ListItem","position":2,"name":"&#8216;Eu n\u00e3o estou dando conta&#8217;: Rafa Justus reflete sobre import\u00e2ncia de pedir ajuda"}]},{"@type":"WebSite","@id":"https:\/\/transamerica93.com.br\/home\/#website","url":"https:\/\/transamerica93.com.br\/home\/","name":"Transam\u00e9rica Mococa 93,3","description":"","publisher":{"@id":"https:\/\/transamerica93.com.br\/home\/#organization"},"potentialAction":[{"@type":"SearchAction","target":{"@type":"EntryPoint","urlTemplate":"https:\/\/transamerica93.com.br\/home\/?s={search_term_string}"},"query-input":{"@type":"PropertyValueSpecification","valueRequired":true,"valueName":"search_term_string"}}],"inLanguage":"pt-BR"},{"@type":"Organization","@id":"https:\/\/transamerica93.com.br\/home\/#organization","name":"Transam\u00e9rica Mococa 93,3","url":"https:\/\/transamerica93.com.br\/home\/","logo":{"@type":"ImageObject","inLanguage":"pt-BR","@id":"https:\/\/transamerica93.com.br\/home\/#\/schema\/logo\/image\/","url":"https:\/\/transamerica93.com.br\/home\/wp-content\/uploads\/2023\/10\/logo2.png","contentUrl":"https:\/\/transamerica93.com.br\/home\/wp-content\/uploads\/2023\/10\/logo2.png","width":800,"height":500,"caption":"Transam\u00e9rica Mococa 93,3"},"image":{"@id":"https:\/\/transamerica93.com.br\/home\/#\/schema\/logo\/image\/"},"sameAs":["https:\/\/www.facebook.com\/transamericamococa","https:\/\/x.com\/transamerica933","https:\/\/www.instagram.com\/transamericamococa"]},{"@type":"Person","@id":"https:\/\/transamerica93.com.br\/home\/#\/schema\/person\/7fed7c99c0d4562efa8561bc0f543172","name":"Reda\u00e7\u00e3o","image":{"@type":"ImageObject","inLanguage":"pt-BR","@id":"https:\/\/secure.gravatar.com\/avatar\/1072c6b775fb02ef8506ce967551d95926669a6b7d2c2147b42eea4d7c68395e?s=96&d=mm&r=g","url":"https:\/\/secure.gravatar.com\/avatar\/1072c6b775fb02ef8506ce967551d95926669a6b7d2c2147b42eea4d7c68395e?s=96&d=mm&r=g","contentUrl":"https:\/\/secure.gravatar.com\/avatar\/1072c6b775fb02ef8506ce967551d95926669a6b7d2c2147b42eea4d7c68395e?s=96&d=mm&r=g","caption":"Reda\u00e7\u00e3o"},"sameAs":["https:\/\/transamerica93.com.br\/home"],"url":"https:\/\/transamerica93.com.br\/home\/author\/william\/"}]}},"_links":{"self":[{"href":"https:\/\/transamerica93.com.br\/home\/wp-json\/wp\/v2\/posts\/4894","targetHints":{"allow":["GET"]}}],"collection":[{"href":"https:\/\/transamerica93.com.br\/home\/wp-json\/wp\/v2\/posts"}],"about":[{"href":"https:\/\/transamerica93.com.br\/home\/wp-json\/wp\/v2\/types\/post"}],"author":[{"embeddable":true,"href":"https:\/\/transamerica93.com.br\/home\/wp-json\/wp\/v2\/users\/1"}],"replies":[{"embeddable":true,"href":"https:\/\/transamerica93.com.br\/home\/wp-json\/wp\/v2\/comments?post=4894"}],"version-history":[{"count":1,"href":"https:\/\/transamerica93.com.br\/home\/wp-json\/wp\/v2\/posts\/4894\/revisions"}],"predecessor-version":[{"id":4897,"href":"https:\/\/transamerica93.com.br\/home\/wp-json\/wp\/v2\/posts\/4894\/revisions\/4897"}],"wp:featuredmedia":[{"embeddable":true,"href":"https:\/\/transamerica93.com.br\/home\/wp-json\/wp\/v2\/media\/4896"}],"wp:attachment":[{"href":"https:\/\/transamerica93.com.br\/home\/wp-json\/wp\/v2\/media?parent=4894"}],"wp:term":[{"taxonomy":"category","embeddable":true,"href":"https:\/\/transamerica93.com.br\/home\/wp-json\/wp\/v2\/categories?post=4894"},{"taxonomy":"post_tag","embeddable":true,"href":"https:\/\/transamerica93.com.br\/home\/wp-json\/wp\/v2\/tags?post=4894"}],"curies":[{"name":"wp","href":"https:\/\/api.w.org\/{rel}","templated":true}]}}