{"id":4904,"date":"2025-03-14T18:00:01","date_gmt":"2025-03-14T21:00:01","guid":{"rendered":"https:\/\/transamerica93.com.br\/home\/?p=4904"},"modified":"2025-03-10T14:18:35","modified_gmt":"2025-03-10T17:18:35","slug":"paolla-oliveira-faz-desabafo-contra-nota-de-jurados-em-ultimo-desfile-pela-grande-rio","status":"publish","type":"post","link":"https:\/\/transamerica93.com.br\/home\/paolla-oliveira-faz-desabafo-contra-nota-de-jurados-em-ultimo-desfile-pela-grande-rio\/","title":{"rendered":"Paolla Oliveira faz desabafo contra nota de jurados em \u00faltimo desfile pela Grande Rio"},"content":{"rendered":"<p>Por Reda\u00e7\u00e3o O Estado de S. Paulo<\/p>\n<p>Paolla Oliveira chamou aten\u00e7\u00e3o durante o Desfile das Campe\u00e3s do carnaval do Rio de Janeiro na madrugada deste domingo, 9. Um v\u00eddeo em que ela, rainha de bateria da Grande Rio, aparentemente confronta uma das pessoas integrantes do corpo de jurados foi compartilhado nas redes sociais.<\/p>\n<p>Nele, \u00e9 poss\u00edvel ver a atriz demonstrando descontentamento na regi\u00e3o pr\u00f3xima a onde estariam os jurados.<\/p>\n<p>Em seguida, ela faz um gesto perguntando se a pessoa n\u00e3o estaria ouvindo direito.<\/p>\n<p>Pouco depois, parece bradar: &#8220;Ouviu agora, p***?!&#8221;.<\/p>\n<p>A Grande Rio foi vice-campe\u00e3 do carnaval carioca em 2025, perdendo o t\u00edtulo para a Beija-Flor por conta de um d\u00e9cimo no quesito bateria (tirou a nota 9.9).<\/p>\n<p>A motiva\u00e7\u00e3o seriam problemas na proje\u00e7\u00e3o sonora dos curimb\u00f3s durante o desfile.<\/p>\n","protected":false},"excerpt":{"rendered":"<p>Por Reda\u00e7\u00e3o O Estado de S. Paulo Paolla Oliveira chamou aten\u00e7\u00e3o durante o Desfile das Campe\u00e3s do carnaval do Rio de Janeiro na madrugada deste domingo, 9. Um v\u00eddeo em que ela, rainha de bateria da Grande Rio, aparentemente confronta uma das pessoas integrantes do corpo de jurados foi compartilhado nas redes sociais. Nele, \u00e9 &hellip;<\/p>\n","protected":false},"author":1,"featured_media":4905,"comment_status":"closed","ping_status":"closed","sticky":false,"template":"","format":"standard","meta":{"footnotes":""},"categories":[24],"tags":[],"class_list":["post-4904","post","type-post","status-publish","format-standard","has-post-thumbnail","hentry","category-entretenimento"],"yoast_head":"<!-- This site is optimized with the Yoast SEO plugin v27.4 - https:\/\/yoast.com\/product\/yoast-seo-wordpress\/ -->\n<title>Paolla Oliveira faz desabafo contra nota de jurados em \u00faltimo desfile pela Grande Rio - Transam\u00e9rica Mococa 93,3<\/title>\n<meta name=\"robots\" content=\"index, follow, max-snippet:-1, max-image-preview:large, max-video-preview:-1\" \/>\n<link rel=\"canonical\" href=\"https:\/\/transamerica93.com.br\/home\/paolla-oliveira-faz-desabafo-contra-nota-de-jurados-em-ultimo-desfile-pela-grande-rio\/\" \/>\n<meta property=\"og:locale\" content=\"pt_BR\" \/>\n<meta property=\"og:type\" content=\"article\" \/>\n<meta property=\"og:title\" content=\"Paolla Oliveira faz desabafo contra nota de jurados em \u00faltimo desfile pela Grande Rio - Transam\u00e9rica Mococa 93,3\" \/>\n<meta property=\"og:description\" content=\"Por Reda\u00e7\u00e3o O Estado de S. Paulo Paolla Oliveira chamou aten\u00e7\u00e3o durante o Desfile das Campe\u00e3s do carnaval do Rio de Janeiro na madrugada deste domingo, 9. Um v\u00eddeo em que ela, rainha de bateria da Grande Rio, aparentemente confronta uma das pessoas integrantes do corpo de jurados foi compartilhado nas redes sociais. Nele, \u00e9 &hellip;\" \/>\n<meta property=\"og:url\" content=\"https:\/\/transamerica93.com.br\/home\/paolla-oliveira-faz-desabafo-contra-nota-de-jurados-em-ultimo-desfile-pela-grande-rio\/\" \/>\n<meta property=\"og:site_name\" content=\"Transam\u00e9rica Mococa 93,3\" \/>\n<meta property=\"article:publisher\" content=\"https:\/\/www.facebook.com\/transamericamococa\" \/>\n<meta property=\"article:published_time\" content=\"2025-03-14T21:00:01+00:00\" \/>\n<meta property=\"og:image\" content=\"https:\/\/transamerica93.com.br\/home\/wp-content\/uploads\/2025\/03\/Sem-titulo-3.jpg\" \/>\n\t<meta property=\"og:image:width\" content=\"899\" \/>\n\t<meta property=\"og:image:height\" content=\"526\" \/>\n\t<meta property=\"og:image:type\" content=\"image\/jpeg\" \/>\n<meta name=\"author\" content=\"Reda\u00e7\u00e3o\" \/>\n<meta name=\"twitter:card\" content=\"summary_large_image\" \/>\n<meta name=\"twitter:creator\" content=\"@transamerica933\" \/>\n<meta name=\"twitter:site\" content=\"@transamerica933\" \/>\n<meta name=\"twitter:label1\" content=\"Escrito por\" \/>\n\t<meta name=\"twitter:data1\" content=\"Reda\u00e7\u00e3o\" \/>\n\t<meta name=\"twitter:label2\" content=\"Est. tempo de leitura\" \/>\n\t<meta name=\"twitter:data2\" content=\"1 minuto\" \/>\n<script type=\"application\/ld+json\" class=\"yoast-schema-graph\">{\"@context\":\"https:\\\/\\\/schema.org\",\"@graph\":[{\"@type\":\"Article\",\"@id\":\"https:\\\/\\\/transamerica93.com.br\\\/home\\\/paolla-oliveira-faz-desabafo-contra-nota-de-jurados-em-ultimo-desfile-pela-grande-rio\\\/#article\",\"isPartOf\":{\"@id\":\"https:\\\/\\\/transamerica93.com.br\\\/home\\\/paolla-oliveira-faz-desabafo-contra-nota-de-jurados-em-ultimo-desfile-pela-grande-rio\\\/\"},\"author\":{\"name\":\"Reda\u00e7\u00e3o\",\"@id\":\"https:\\\/\\\/transamerica93.com.br\\\/home\\\/#\\\/schema\\\/person\\\/7fed7c99c0d4562efa8561bc0f543172\"},\"headline\":\"Paolla Oliveira faz desabafo contra nota de jurados em \u00faltimo desfile pela Grande Rio\",\"datePublished\":\"2025-03-14T21:00:01+00:00\",\"mainEntityOfPage\":{\"@id\":\"https:\\\/\\\/transamerica93.com.br\\\/home\\\/paolla-oliveira-faz-desabafo-contra-nota-de-jurados-em-ultimo-desfile-pela-grande-rio\\\/\"},\"wordCount\":153,\"publisher\":{\"@id\":\"https:\\\/\\\/transamerica93.com.br\\\/home\\\/#organization\"},\"image\":{\"@id\":\"https:\\\/\\\/transamerica93.com.br\\\/home\\\/paolla-oliveira-faz-desabafo-contra-nota-de-jurados-em-ultimo-desfile-pela-grande-rio\\\/#primaryimage\"},\"thumbnailUrl\":\"https:\\\/\\\/transamerica93.com.br\\\/home\\\/wp-content\\\/uploads\\\/2025\\\/03\\\/Sem-titulo-3.jpg\",\"articleSection\":[\"Entretenimento\"],\"inLanguage\":\"pt-BR\"},{\"@type\":\"WebPage\",\"@id\":\"https:\\\/\\\/transamerica93.com.br\\\/home\\\/paolla-oliveira-faz-desabafo-contra-nota-de-jurados-em-ultimo-desfile-pela-grande-rio\\\/\",\"url\":\"https:\\\/\\\/transamerica93.com.br\\\/home\\\/paolla-oliveira-faz-desabafo-contra-nota-de-jurados-em-ultimo-desfile-pela-grande-rio\\\/\",\"name\":\"Paolla Oliveira faz desabafo contra nota de jurados em \u00faltimo desfile pela Grande Rio - Transam\u00e9rica Mococa 93,3\",\"isPartOf\":{\"@id\":\"https:\\\/\\\/transamerica93.com.br\\\/home\\\/#website\"},\"primaryImageOfPage\":{\"@id\":\"https:\\\/\\\/transamerica93.com.br\\\/home\\\/paolla-oliveira-faz-desabafo-contra-nota-de-jurados-em-ultimo-desfile-pela-grande-rio\\\/#primaryimage\"},\"image\":{\"@id\":\"https:\\\/\\\/transamerica93.com.br\\\/home\\\/paolla-oliveira-faz-desabafo-contra-nota-de-jurados-em-ultimo-desfile-pela-grande-rio\\\/#primaryimage\"},\"thumbnailUrl\":\"https:\\\/\\\/transamerica93.com.br\\\/home\\\/wp-content\\\/uploads\\\/2025\\\/03\\\/Sem-titulo-3.jpg\",\"datePublished\":\"2025-03-14T21:00:01+00:00\",\"breadcrumb\":{\"@id\":\"https:\\\/\\\/transamerica93.com.br\\\/home\\\/paolla-oliveira-faz-desabafo-contra-nota-de-jurados-em-ultimo-desfile-pela-grande-rio\\\/#breadcrumb\"},\"inLanguage\":\"pt-BR\",\"potentialAction\":[{\"@type\":\"ReadAction\",\"target\":[\"https:\\\/\\\/transamerica93.com.br\\\/home\\\/paolla-oliveira-faz-desabafo-contra-nota-de-jurados-em-ultimo-desfile-pela-grande-rio\\\/\"]}]},{\"@type\":\"ImageObject\",\"inLanguage\":\"pt-BR\",\"@id\":\"https:\\\/\\\/transamerica93.com.br\\\/home\\\/paolla-oliveira-faz-desabafo-contra-nota-de-jurados-em-ultimo-desfile-pela-grande-rio\\\/#primaryimage\",\"url\":\"https:\\\/\\\/transamerica93.com.br\\\/home\\\/wp-content\\\/uploads\\\/2025\\\/03\\\/Sem-titulo-3.jpg\",\"contentUrl\":\"https:\\\/\\\/transamerica93.com.br\\\/home\\\/wp-content\\\/uploads\\\/2025\\\/03\\\/Sem-titulo-3.jpg\",\"width\":899,\"height\":526},{\"@type\":\"BreadcrumbList\",\"@id\":\"https:\\\/\\\/transamerica93.com.br\\\/home\\\/paolla-oliveira-faz-desabafo-contra-nota-de-jurados-em-ultimo-desfile-pela-grande-rio\\\/#breadcrumb\",\"itemListElement\":[{\"@type\":\"ListItem\",\"position\":1,\"name\":\"In\u00edcio\",\"item\":\"https:\\\/\\\/transamerica93.com.br\\\/home\\\/\"},{\"@type\":\"ListItem\",\"position\":2,\"name\":\"Paolla Oliveira faz desabafo contra nota de jurados em \u00faltimo desfile pela Grande Rio\"}]},{\"@type\":\"WebSite\",\"@id\":\"https:\\\/\\\/transamerica93.com.br\\\/home\\\/#website\",\"url\":\"https:\\\/\\\/transamerica93.com.br\\\/home\\\/\",\"name\":\"Transam\u00e9rica Mococa 93,3\",\"description\":\"\",\"publisher\":{\"@id\":\"https:\\\/\\\/transamerica93.com.br\\\/home\\\/#organization\"},\"potentialAction\":[{\"@type\":\"SearchAction\",\"target\":{\"@type\":\"EntryPoint\",\"urlTemplate\":\"https:\\\/\\\/transamerica93.com.br\\\/home\\\/?s={search_term_string}\"},\"query-input\":{\"@type\":\"PropertyValueSpecification\",\"valueRequired\":true,\"valueName\":\"search_term_string\"}}],\"inLanguage\":\"pt-BR\"},{\"@type\":\"Organization\",\"@id\":\"https:\\\/\\\/transamerica93.com.br\\\/home\\\/#organization\",\"name\":\"Transam\u00e9rica Mococa 93,3\",\"url\":\"https:\\\/\\\/transamerica93.com.br\\\/home\\\/\",\"logo\":{\"@type\":\"ImageObject\",\"inLanguage\":\"pt-BR\",\"@id\":\"https:\\\/\\\/transamerica93.com.br\\\/home\\\/#\\\/schema\\\/logo\\\/image\\\/\",\"url\":\"https:\\\/\\\/transamerica93.com.br\\\/home\\\/wp-content\\\/uploads\\\/2023\\\/10\\\/logo2.png\",\"contentUrl\":\"https:\\\/\\\/transamerica93.com.br\\\/home\\\/wp-content\\\/uploads\\\/2023\\\/10\\\/logo2.png\",\"width\":800,\"height\":500,\"caption\":\"Transam\u00e9rica Mococa 93,3\"},\"image\":{\"@id\":\"https:\\\/\\\/transamerica93.com.br\\\/home\\\/#\\\/schema\\\/logo\\\/image\\\/\"},\"sameAs\":[\"https:\\\/\\\/www.facebook.com\\\/transamericamococa\",\"https:\\\/\\\/x.com\\\/transamerica933\",\"https:\\\/\\\/www.instagram.com\\\/transamericamococa\"]},{\"@type\":\"Person\",\"@id\":\"https:\\\/\\\/transamerica93.com.br\\\/home\\\/#\\\/schema\\\/person\\\/7fed7c99c0d4562efa8561bc0f543172\",\"name\":\"Reda\u00e7\u00e3o\",\"image\":{\"@type\":\"ImageObject\",\"inLanguage\":\"pt-BR\",\"@id\":\"https:\\\/\\\/secure.gravatar.com\\\/avatar\\\/1072c6b775fb02ef8506ce967551d95926669a6b7d2c2147b42eea4d7c68395e?s=96&d=mm&r=g\",\"url\":\"https:\\\/\\\/secure.gravatar.com\\\/avatar\\\/1072c6b775fb02ef8506ce967551d95926669a6b7d2c2147b42eea4d7c68395e?s=96&d=mm&r=g\",\"contentUrl\":\"https:\\\/\\\/secure.gravatar.com\\\/avatar\\\/1072c6b775fb02ef8506ce967551d95926669a6b7d2c2147b42eea4d7c68395e?s=96&d=mm&r=g\",\"caption\":\"Reda\u00e7\u00e3o\"},\"sameAs\":[\"https:\\\/\\\/transamerica93.com.br\\\/home\"],\"url\":\"https:\\\/\\\/transamerica93.com.br\\\/home\\\/author\\\/william\\\/\"}]}<\/script>\n<!-- \/ Yoast SEO plugin. -->","yoast_head_json":{"title":"Paolla Oliveira faz desabafo contra nota de jurados em \u00faltimo desfile pela Grande Rio - Transam\u00e9rica Mococa 93,3","robots":{"index":"index","follow":"follow","max-snippet":"max-snippet:-1","max-image-preview":"max-image-preview:large","max-video-preview":"max-video-preview:-1"},"canonical":"https:\/\/transamerica93.com.br\/home\/paolla-oliveira-faz-desabafo-contra-nota-de-jurados-em-ultimo-desfile-pela-grande-rio\/","og_locale":"pt_BR","og_type":"article","og_title":"Paolla Oliveira faz desabafo contra nota de jurados em \u00faltimo desfile pela Grande Rio - Transam\u00e9rica Mococa 93,3","og_description":"Por Reda\u00e7\u00e3o O Estado de S. Paulo Paolla Oliveira chamou aten\u00e7\u00e3o durante o Desfile das Campe\u00e3s do carnaval do Rio de Janeiro na madrugada deste domingo, 9. Um v\u00eddeo em que ela, rainha de bateria da Grande Rio, aparentemente confronta uma das pessoas integrantes do corpo de jurados foi compartilhado nas redes sociais. Nele, \u00e9 &hellip;","og_url":"https:\/\/transamerica93.com.br\/home\/paolla-oliveira-faz-desabafo-contra-nota-de-jurados-em-ultimo-desfile-pela-grande-rio\/","og_site_name":"Transam\u00e9rica Mococa 93,3","article_publisher":"https:\/\/www.facebook.com\/transamericamococa","article_published_time":"2025-03-14T21:00:01+00:00","og_image":[{"width":899,"height":526,"url":"https:\/\/transamerica93.com.br\/home\/wp-content\/uploads\/2025\/03\/Sem-titulo-3.jpg","type":"image\/jpeg"}],"author":"Reda\u00e7\u00e3o","twitter_card":"summary_large_image","twitter_creator":"@transamerica933","twitter_site":"@transamerica933","twitter_misc":{"Escrito por":"Reda\u00e7\u00e3o","Est. tempo de leitura":"1 minuto"},"schema":{"@context":"https:\/\/schema.org","@graph":[{"@type":"Article","@id":"https:\/\/transamerica93.com.br\/home\/paolla-oliveira-faz-desabafo-contra-nota-de-jurados-em-ultimo-desfile-pela-grande-rio\/#article","isPartOf":{"@id":"https:\/\/transamerica93.com.br\/home\/paolla-oliveira-faz-desabafo-contra-nota-de-jurados-em-ultimo-desfile-pela-grande-rio\/"},"author":{"name":"Reda\u00e7\u00e3o","@id":"https:\/\/transamerica93.com.br\/home\/#\/schema\/person\/7fed7c99c0d4562efa8561bc0f543172"},"headline":"Paolla Oliveira faz desabafo contra nota de jurados em \u00faltimo desfile pela Grande Rio","datePublished":"2025-03-14T21:00:01+00:00","mainEntityOfPage":{"@id":"https:\/\/transamerica93.com.br\/home\/paolla-oliveira-faz-desabafo-contra-nota-de-jurados-em-ultimo-desfile-pela-grande-rio\/"},"wordCount":153,"publisher":{"@id":"https:\/\/transamerica93.com.br\/home\/#organization"},"image":{"@id":"https:\/\/transamerica93.com.br\/home\/paolla-oliveira-faz-desabafo-contra-nota-de-jurados-em-ultimo-desfile-pela-grande-rio\/#primaryimage"},"thumbnailUrl":"https:\/\/transamerica93.com.br\/home\/wp-content\/uploads\/2025\/03\/Sem-titulo-3.jpg","articleSection":["Entretenimento"],"inLanguage":"pt-BR"},{"@type":"WebPage","@id":"https:\/\/transamerica93.com.br\/home\/paolla-oliveira-faz-desabafo-contra-nota-de-jurados-em-ultimo-desfile-pela-grande-rio\/","url":"https:\/\/transamerica93.com.br\/home\/paolla-oliveira-faz-desabafo-contra-nota-de-jurados-em-ultimo-desfile-pela-grande-rio\/","name":"Paolla Oliveira faz desabafo contra nota de jurados em \u00faltimo desfile pela Grande Rio - Transam\u00e9rica Mococa 93,3","isPartOf":{"@id":"https:\/\/transamerica93.com.br\/home\/#website"},"primaryImageOfPage":{"@id":"https:\/\/transamerica93.com.br\/home\/paolla-oliveira-faz-desabafo-contra-nota-de-jurados-em-ultimo-desfile-pela-grande-rio\/#primaryimage"},"image":{"@id":"https:\/\/transamerica93.com.br\/home\/paolla-oliveira-faz-desabafo-contra-nota-de-jurados-em-ultimo-desfile-pela-grande-rio\/#primaryimage"},"thumbnailUrl":"https:\/\/transamerica93.com.br\/home\/wp-content\/uploads\/2025\/03\/Sem-titulo-3.jpg","datePublished":"2025-03-14T21:00:01+00:00","breadcrumb":{"@id":"https:\/\/transamerica93.com.br\/home\/paolla-oliveira-faz-desabafo-contra-nota-de-jurados-em-ultimo-desfile-pela-grande-rio\/#breadcrumb"},"inLanguage":"pt-BR","potentialAction":[{"@type":"ReadAction","target":["https:\/\/transamerica93.com.br\/home\/paolla-oliveira-faz-desabafo-contra-nota-de-jurados-em-ultimo-desfile-pela-grande-rio\/"]}]},{"@type":"ImageObject","inLanguage":"pt-BR","@id":"https:\/\/transamerica93.com.br\/home\/paolla-oliveira-faz-desabafo-contra-nota-de-jurados-em-ultimo-desfile-pela-grande-rio\/#primaryimage","url":"https:\/\/transamerica93.com.br\/home\/wp-content\/uploads\/2025\/03\/Sem-titulo-3.jpg","contentUrl":"https:\/\/transamerica93.com.br\/home\/wp-content\/uploads\/2025\/03\/Sem-titulo-3.jpg","width":899,"height":526},{"@type":"BreadcrumbList","@id":"https:\/\/transamerica93.com.br\/home\/paolla-oliveira-faz-desabafo-contra-nota-de-jurados-em-ultimo-desfile-pela-grande-rio\/#breadcrumb","itemListElement":[{"@type":"ListItem","position":1,"name":"In\u00edcio","item":"https:\/\/transamerica93.com.br\/home\/"},{"@type":"ListItem","position":2,"name":"Paolla Oliveira faz desabafo contra nota de jurados em \u00faltimo desfile pela Grande Rio"}]},{"@type":"WebSite","@id":"https:\/\/transamerica93.com.br\/home\/#website","url":"https:\/\/transamerica93.com.br\/home\/","name":"Transam\u00e9rica Mococa 93,3","description":"","publisher":{"@id":"https:\/\/transamerica93.com.br\/home\/#organization"},"potentialAction":[{"@type":"SearchAction","target":{"@type":"EntryPoint","urlTemplate":"https:\/\/transamerica93.com.br\/home\/?s={search_term_string}"},"query-input":{"@type":"PropertyValueSpecification","valueRequired":true,"valueName":"search_term_string"}}],"inLanguage":"pt-BR"},{"@type":"Organization","@id":"https:\/\/transamerica93.com.br\/home\/#organization","name":"Transam\u00e9rica Mococa 93,3","url":"https:\/\/transamerica93.com.br\/home\/","logo":{"@type":"ImageObject","inLanguage":"pt-BR","@id":"https:\/\/transamerica93.com.br\/home\/#\/schema\/logo\/image\/","url":"https:\/\/transamerica93.com.br\/home\/wp-content\/uploads\/2023\/10\/logo2.png","contentUrl":"https:\/\/transamerica93.com.br\/home\/wp-content\/uploads\/2023\/10\/logo2.png","width":800,"height":500,"caption":"Transam\u00e9rica Mococa 93,3"},"image":{"@id":"https:\/\/transamerica93.com.br\/home\/#\/schema\/logo\/image\/"},"sameAs":["https:\/\/www.facebook.com\/transamericamococa","https:\/\/x.com\/transamerica933","https:\/\/www.instagram.com\/transamericamococa"]},{"@type":"Person","@id":"https:\/\/transamerica93.com.br\/home\/#\/schema\/person\/7fed7c99c0d4562efa8561bc0f543172","name":"Reda\u00e7\u00e3o","image":{"@type":"ImageObject","inLanguage":"pt-BR","@id":"https:\/\/secure.gravatar.com\/avatar\/1072c6b775fb02ef8506ce967551d95926669a6b7d2c2147b42eea4d7c68395e?s=96&d=mm&r=g","url":"https:\/\/secure.gravatar.com\/avatar\/1072c6b775fb02ef8506ce967551d95926669a6b7d2c2147b42eea4d7c68395e?s=96&d=mm&r=g","contentUrl":"https:\/\/secure.gravatar.com\/avatar\/1072c6b775fb02ef8506ce967551d95926669a6b7d2c2147b42eea4d7c68395e?s=96&d=mm&r=g","caption":"Reda\u00e7\u00e3o"},"sameAs":["https:\/\/transamerica93.com.br\/home"],"url":"https:\/\/transamerica93.com.br\/home\/author\/william\/"}]}},"_links":{"self":[{"href":"https:\/\/transamerica93.com.br\/home\/wp-json\/wp\/v2\/posts\/4904","targetHints":{"allow":["GET"]}}],"collection":[{"href":"https:\/\/transamerica93.com.br\/home\/wp-json\/wp\/v2\/posts"}],"about":[{"href":"https:\/\/transamerica93.com.br\/home\/wp-json\/wp\/v2\/types\/post"}],"author":[{"embeddable":true,"href":"https:\/\/transamerica93.com.br\/home\/wp-json\/wp\/v2\/users\/1"}],"replies":[{"embeddable":true,"href":"https:\/\/transamerica93.com.br\/home\/wp-json\/wp\/v2\/comments?post=4904"}],"version-history":[{"count":1,"href":"https:\/\/transamerica93.com.br\/home\/wp-json\/wp\/v2\/posts\/4904\/revisions"}],"predecessor-version":[{"id":4906,"href":"https:\/\/transamerica93.com.br\/home\/wp-json\/wp\/v2\/posts\/4904\/revisions\/4906"}],"wp:featuredmedia":[{"embeddable":true,"href":"https:\/\/transamerica93.com.br\/home\/wp-json\/wp\/v2\/media\/4905"}],"wp:attachment":[{"href":"https:\/\/transamerica93.com.br\/home\/wp-json\/wp\/v2\/media?parent=4904"}],"wp:term":[{"taxonomy":"category","embeddable":true,"href":"https:\/\/transamerica93.com.br\/home\/wp-json\/wp\/v2\/categories?post=4904"},{"taxonomy":"post_tag","embeddable":true,"href":"https:\/\/transamerica93.com.br\/home\/wp-json\/wp\/v2\/tags?post=4904"}],"curies":[{"name":"wp","href":"https:\/\/api.w.org\/{rel}","templated":true}]}}