{"id":4908,"date":"2025-03-17T09:00:08","date_gmt":"2025-03-17T12:00:08","guid":{"rendered":"https:\/\/transamerica93.com.br\/home\/?p=4908"},"modified":"2025-03-11T21:51:29","modified_gmt":"2025-03-12T00:51:29","slug":"producao-industrial-fica-estavel-em-janeiro-apos-tres-meses-de-baixa","status":"publish","type":"post","link":"https:\/\/transamerica93.com.br\/home\/producao-industrial-fica-estavel-em-janeiro-apos-tres-meses-de-baixa\/","title":{"rendered":"Produ\u00e7\u00e3o industrial fica est\u00e1vel em janeiro, ap\u00f3s tr\u00eas meses de baixa"},"content":{"rendered":"<p><strong>Ap\u00f3s tr\u00eas meses de baixa, a produ\u00e7\u00e3o da ind\u00fastria brasileira apresentou varia\u00e7\u00e3o nula na passagem de dezembro para janeiro, ou seja, n\u00e3o teve crescimento nem queda<\/strong>. O dado faz parte da Pesquisa Industrial Mensal, divulgada nesta ter\u00e7a-feira (11) pelo\u00a0<a href=\"https:\/\/agenciabrasil.ebc.com.br\/tags\/ibge\" target=\"_blank\" rel=\"noopener\">Instituto Brasileiro de Geografia e Estat\u00edstica<\/a>\u00a0(IBGE).\u00a0<img decoding=\"async\" data-src=\"https:\/\/agenciabrasil.ebc.com.br\/ebc.png?id=1634061&amp;o=node\" src=\"data:image\/svg+xml;base64,PHN2ZyB3aWR0aD0iMSIgaGVpZ2h0PSIxIiB4bWxucz0iaHR0cDovL3d3dy53My5vcmcvMjAwMC9zdmciPjwvc3ZnPg==\" class=\"lazyload\" \/><img decoding=\"async\" data-src=\"https:\/\/agenciabrasil.ebc.com.br\/ebc.gif?id=1634061&amp;o=node\" src=\"data:image\/svg+xml;base64,PHN2ZyB3aWR0aD0iMSIgaGVpZ2h0PSIxIiB4bWxucz0iaHR0cDovL3d3dy53My5vcmcvMjAwMC9zdmciPjwvc3ZnPg==\" class=\"lazyload\" \/><\/p>\n<p>Em rela\u00e7\u00e3o ao mesmo m\u00eas do ano anterior, o setor teve alta de 1,4%, a\u00a0oitava expans\u00e3o seguida nesse tipo de compara\u00e7\u00e3o.\u00a0<strong>No acumulado de 12 meses, houve expans\u00e3o de 2,9%.<\/strong><\/p>\n<p><strong>O resultado de janeiro deixa a ind\u00fastria brasileira 1,3% acima do patamar pr\u00e9-pandemia de covid-19, de fevereiro de 2020.<\/strong>\u00a0No entanto, a produ\u00e7\u00e3o do parque industrial brasileiro est\u00e1 15,6% abaixo do ponto mais alto da s\u00e9rie, alcan\u00e7ado em maio de 2011.<\/p>\n<p>O \u00edndice de difus\u00e3o mostra que 68,9% dos 789 produtos pesquisados apresentaram alta na produ\u00e7\u00e3o na passagem de dezembro para janeiro.<\/p>\n<p><strong>A varia\u00e7\u00e3o nula de janeiro interrompeu tr\u00eas meses de queda, quando a produ\u00e7\u00e3o encolheu 1,2%, conforme os dados abaixo<\/strong>:<\/p>\n<ul>\n<li>Outubro: -0,2%<\/li>\n<li>Novembro: &#8211; 0,7%<\/li>\n<li>Dezembro: -0,3%<\/li>\n<li>Janeiro: 0%<\/li>\n<\/ul>\n<p>A \u00faltima vez em que a produ\u00e7\u00e3o da ind\u00fastria nacional ficou quatro meses sem crescimento foi em 2015, de setembro a dezembro, acumulando 5,6% de recuo.<\/p>\n<h2>Espalhamento<\/h2>\n<blockquote><p>Apesar da varia\u00e7\u00e3o nula, o gerente da pesquisa, Andr\u00e9 Macedo, ressalta como positiva a interrup\u00e7\u00e3o do movimento de queda e o maior espalhamento dos resultados positivos.<\/p><\/blockquote>\n<p><strong>Macedo se refere\u00a0ao fato de que tr\u00eas das quatro grandes categorias econ\u00f4micas mostraram avan\u00e7o na produ\u00e7\u00e3o:<\/strong><\/p>\n<ul>\n<li>Bens de capital (m\u00e1quinas e equipamentos): 1,5%<\/li>\n<li>Bens intermedi\u00e1rios (utilizados para fabricar outros bens ou servi\u00e7os): -1,4%<\/li>\n<li>Bens de consumo dur\u00e1veis: 4,4%<\/li>\n<li>Bens de consumo semidur\u00e1veis e n\u00e3o dur\u00e1veis: 3,1%<\/li>\n<\/ul>\n<p><strong>Al\u00e9m disso, 18 dos 25 ramos pesquisados ficaram no terreno de expans\u00e3o. Entre os destaques, as principais contribui\u00e7\u00f5es positivas foram:<\/strong><\/p>\n<ul>\n<li>M\u00e1quinas e equipamentos (6,9%)<\/li>\n<li>Ve\u00edculos automotores, reboques e carrocerias (3%)<\/li>\n<li>Produtos de borracha e de material pl\u00e1stico (3,7%)<\/li>\n<li>Artefatos de couro, artigos para viagem e cal\u00e7ados (9,3%)<\/li>\n<li>Farmoqu\u00edmicos e farmac\u00eauticos (4,8%)<\/li>\n<li>Produtos diversos (10%)<\/li>\n<li>M\u00e1quinas, aparelhos e materiais el\u00e9tricos (4,3%)<\/li>\n<li>M\u00f3veis (6,8%)<\/li>\n<li>Manuten\u00e7\u00e3o, repara\u00e7\u00e3o e instala\u00e7\u00e3o de m\u00e1quinas e equipamentos (5%)<\/li>\n<li>Aliment\u00edcios (0,4%)<\/li>\n<\/ul>\n<p>De acordo com Andr\u00e9 Macedo, essas atividades v\u00eam de comportamento negativo no final de 2024, influenciadas, em grande medida, por f\u00e9rias coletivas neste per\u00edodo.<\/p>\n<blockquote><p>\u201cH\u00e1 um movimento de maior dinamismo para a produ\u00e7\u00e3o de janeiro de 2025 por causa da volta \u00e0 produ\u00e7\u00e3o e que elimina a perda registrada em dezembro de 2024\u201d, explica.<\/p><\/blockquote>\n<h2>Ind\u00fastrias extrativas<\/h2>\n<p>Seis segmentos industriais apresentaram queda na produ\u00e7\u00e3o. Nesse universo, se destaca a atividade de ind\u00fastrias extrativas (-2,4%), que exerceu o principal impacto em janeiro e interrompeu dois meses seguidos de crescimento na produ\u00e7\u00e3o.<\/p>\n<p><strong>O gerente do IBGE aponta\u00a0que a atividade de ind\u00fastrias extrativas foi influenciada pelo comportamento de seus dois principais itens: petr\u00f3leo e min\u00e9rios de ferro.<\/strong><\/p>\n<blockquote><p>\u201cOutro ponto importante, que deve ser considerado para explicarmos a queda deste m\u00eas,\u00a0\u00e9 o fato desse\u00a0ramo industrial ter mostrado crescimento nos dois \u00faltimos meses de 2024. Na atividade de petr\u00f3leo e g\u00e1s, observa-se algumas paralisa\u00e7\u00f5es em plataformas por conta de paradas programadas ou n\u00e3o\u201d, afirma.<\/p><\/blockquote>\n","protected":false},"excerpt":{"rendered":"<p>Ap\u00f3s tr\u00eas meses de baixa, a produ\u00e7\u00e3o da ind\u00fastria brasileira apresentou varia\u00e7\u00e3o nula na passagem de dezembro para janeiro, ou seja, n\u00e3o teve crescimento nem queda. O dado faz parte da Pesquisa Industrial Mensal, divulgada nesta ter\u00e7a-feira (11) pelo\u00a0Instituto Brasileiro de Geografia e Estat\u00edstica\u00a0(IBGE).\u00a0 Em rela\u00e7\u00e3o ao mesmo m\u00eas do ano anterior, o setor teve &hellip;<\/p>\n","protected":false},"author":1,"featured_media":4909,"comment_status":"closed","ping_status":"closed","sticky":false,"template":"","format":"standard","meta":{"footnotes":""},"categories":[30],"tags":[],"class_list":["post-4908","post","type-post","status-publish","format-standard","has-post-thumbnail","hentry","category-geral"],"yoast_head":"<!-- This site is optimized with the Yoast SEO plugin v27.4 - https:\/\/yoast.com\/product\/yoast-seo-wordpress\/ -->\n<title>Produ\u00e7\u00e3o industrial fica est\u00e1vel em janeiro, ap\u00f3s tr\u00eas meses de baixa - Transam\u00e9rica Mococa 93,3<\/title>\n<meta name=\"robots\" content=\"index, follow, max-snippet:-1, max-image-preview:large, max-video-preview:-1\" \/>\n<link rel=\"canonical\" href=\"https:\/\/transamerica93.com.br\/home\/producao-industrial-fica-estavel-em-janeiro-apos-tres-meses-de-baixa\/\" \/>\n<meta property=\"og:locale\" content=\"pt_BR\" \/>\n<meta property=\"og:type\" content=\"article\" \/>\n<meta property=\"og:title\" content=\"Produ\u00e7\u00e3o industrial fica est\u00e1vel em janeiro, ap\u00f3s tr\u00eas meses de baixa - Transam\u00e9rica Mococa 93,3\" \/>\n<meta property=\"og:description\" content=\"Ap\u00f3s tr\u00eas meses de baixa, a produ\u00e7\u00e3o da ind\u00fastria brasileira apresentou varia\u00e7\u00e3o nula na passagem de dezembro para janeiro, ou seja, n\u00e3o teve crescimento nem queda. O dado faz parte da Pesquisa Industrial Mensal, divulgada nesta ter\u00e7a-feira (11) pelo\u00a0Instituto Brasileiro de Geografia e Estat\u00edstica\u00a0(IBGE).\u00a0 Em rela\u00e7\u00e3o ao mesmo m\u00eas do ano anterior, o setor teve &hellip;\" \/>\n<meta property=\"og:url\" content=\"https:\/\/transamerica93.com.br\/home\/producao-industrial-fica-estavel-em-janeiro-apos-tres-meses-de-baixa\/\" \/>\n<meta property=\"og:site_name\" content=\"Transam\u00e9rica Mococa 93,3\" \/>\n<meta property=\"article:publisher\" content=\"https:\/\/www.facebook.com\/transamericamococa\" \/>\n<meta property=\"article:published_time\" content=\"2025-03-17T12:00:08+00:00\" \/>\n<meta property=\"og:image\" content=\"https:\/\/transamerica93.com.br\/home\/wp-content\/uploads\/2025\/03\/1-9.jpg\" \/>\n\t<meta property=\"og:image:width\" content=\"1170\" \/>\n\t<meta property=\"og:image:height\" content=\"700\" \/>\n\t<meta property=\"og:image:type\" content=\"image\/jpeg\" \/>\n<meta name=\"author\" content=\"Reda\u00e7\u00e3o\" \/>\n<meta name=\"twitter:card\" content=\"summary_large_image\" \/>\n<meta name=\"twitter:creator\" content=\"@transamerica933\" \/>\n<meta name=\"twitter:site\" content=\"@transamerica933\" \/>\n<meta name=\"twitter:label1\" content=\"Escrito por\" \/>\n\t<meta name=\"twitter:data1\" content=\"Reda\u00e7\u00e3o\" \/>\n\t<meta name=\"twitter:label2\" content=\"Est. tempo de leitura\" \/>\n\t<meta name=\"twitter:data2\" content=\"1 minuto\" \/>\n<script type=\"application\/ld+json\" class=\"yoast-schema-graph\">{\"@context\":\"https:\\\/\\\/schema.org\",\"@graph\":[{\"@type\":\"Article\",\"@id\":\"https:\\\/\\\/transamerica93.com.br\\\/home\\\/producao-industrial-fica-estavel-em-janeiro-apos-tres-meses-de-baixa\\\/#article\",\"isPartOf\":{\"@id\":\"https:\\\/\\\/transamerica93.com.br\\\/home\\\/producao-industrial-fica-estavel-em-janeiro-apos-tres-meses-de-baixa\\\/\"},\"author\":{\"name\":\"Reda\u00e7\u00e3o\",\"@id\":\"https:\\\/\\\/transamerica93.com.br\\\/home\\\/#\\\/schema\\\/person\\\/7fed7c99c0d4562efa8561bc0f543172\"},\"headline\":\"Produ\u00e7\u00e3o industrial fica est\u00e1vel em janeiro, ap\u00f3s tr\u00eas meses de baixa\",\"datePublished\":\"2025-03-17T12:00:08+00:00\",\"mainEntityOfPage\":{\"@id\":\"https:\\\/\\\/transamerica93.com.br\\\/home\\\/producao-industrial-fica-estavel-em-janeiro-apos-tres-meses-de-baixa\\\/\"},\"wordCount\":552,\"publisher\":{\"@id\":\"https:\\\/\\\/transamerica93.com.br\\\/home\\\/#organization\"},\"image\":{\"@id\":\"https:\\\/\\\/transamerica93.com.br\\\/home\\\/producao-industrial-fica-estavel-em-janeiro-apos-tres-meses-de-baixa\\\/#primaryimage\"},\"thumbnailUrl\":\"https:\\\/\\\/transamerica93.com.br\\\/home\\\/wp-content\\\/uploads\\\/2025\\\/03\\\/1-9.jpg\",\"articleSection\":[\"Geral\"],\"inLanguage\":\"pt-BR\"},{\"@type\":\"WebPage\",\"@id\":\"https:\\\/\\\/transamerica93.com.br\\\/home\\\/producao-industrial-fica-estavel-em-janeiro-apos-tres-meses-de-baixa\\\/\",\"url\":\"https:\\\/\\\/transamerica93.com.br\\\/home\\\/producao-industrial-fica-estavel-em-janeiro-apos-tres-meses-de-baixa\\\/\",\"name\":\"Produ\u00e7\u00e3o industrial fica est\u00e1vel em janeiro, ap\u00f3s tr\u00eas meses de baixa - Transam\u00e9rica Mococa 93,3\",\"isPartOf\":{\"@id\":\"https:\\\/\\\/transamerica93.com.br\\\/home\\\/#website\"},\"primaryImageOfPage\":{\"@id\":\"https:\\\/\\\/transamerica93.com.br\\\/home\\\/producao-industrial-fica-estavel-em-janeiro-apos-tres-meses-de-baixa\\\/#primaryimage\"},\"image\":{\"@id\":\"https:\\\/\\\/transamerica93.com.br\\\/home\\\/producao-industrial-fica-estavel-em-janeiro-apos-tres-meses-de-baixa\\\/#primaryimage\"},\"thumbnailUrl\":\"https:\\\/\\\/transamerica93.com.br\\\/home\\\/wp-content\\\/uploads\\\/2025\\\/03\\\/1-9.jpg\",\"datePublished\":\"2025-03-17T12:00:08+00:00\",\"breadcrumb\":{\"@id\":\"https:\\\/\\\/transamerica93.com.br\\\/home\\\/producao-industrial-fica-estavel-em-janeiro-apos-tres-meses-de-baixa\\\/#breadcrumb\"},\"inLanguage\":\"pt-BR\",\"potentialAction\":[{\"@type\":\"ReadAction\",\"target\":[\"https:\\\/\\\/transamerica93.com.br\\\/home\\\/producao-industrial-fica-estavel-em-janeiro-apos-tres-meses-de-baixa\\\/\"]}]},{\"@type\":\"ImageObject\",\"inLanguage\":\"pt-BR\",\"@id\":\"https:\\\/\\\/transamerica93.com.br\\\/home\\\/producao-industrial-fica-estavel-em-janeiro-apos-tres-meses-de-baixa\\\/#primaryimage\",\"url\":\"https:\\\/\\\/transamerica93.com.br\\\/home\\\/wp-content\\\/uploads\\\/2025\\\/03\\\/1-9.jpg\",\"contentUrl\":\"https:\\\/\\\/transamerica93.com.br\\\/home\\\/wp-content\\\/uploads\\\/2025\\\/03\\\/1-9.jpg\",\"width\":1170,\"height\":700,\"caption\":\"\u00a9 CNI\\\/Jos\u00e9 Paulo Lacerda\\\/Direitos reservados\"},{\"@type\":\"BreadcrumbList\",\"@id\":\"https:\\\/\\\/transamerica93.com.br\\\/home\\\/producao-industrial-fica-estavel-em-janeiro-apos-tres-meses-de-baixa\\\/#breadcrumb\",\"itemListElement\":[{\"@type\":\"ListItem\",\"position\":1,\"name\":\"In\u00edcio\",\"item\":\"https:\\\/\\\/transamerica93.com.br\\\/home\\\/\"},{\"@type\":\"ListItem\",\"position\":2,\"name\":\"Produ\u00e7\u00e3o industrial fica est\u00e1vel em janeiro, ap\u00f3s tr\u00eas meses de baixa\"}]},{\"@type\":\"WebSite\",\"@id\":\"https:\\\/\\\/transamerica93.com.br\\\/home\\\/#website\",\"url\":\"https:\\\/\\\/transamerica93.com.br\\\/home\\\/\",\"name\":\"Transam\u00e9rica Mococa 93,3\",\"description\":\"\",\"publisher\":{\"@id\":\"https:\\\/\\\/transamerica93.com.br\\\/home\\\/#organization\"},\"potentialAction\":[{\"@type\":\"SearchAction\",\"target\":{\"@type\":\"EntryPoint\",\"urlTemplate\":\"https:\\\/\\\/transamerica93.com.br\\\/home\\\/?s={search_term_string}\"},\"query-input\":{\"@type\":\"PropertyValueSpecification\",\"valueRequired\":true,\"valueName\":\"search_term_string\"}}],\"inLanguage\":\"pt-BR\"},{\"@type\":\"Organization\",\"@id\":\"https:\\\/\\\/transamerica93.com.br\\\/home\\\/#organization\",\"name\":\"Transam\u00e9rica Mococa 93,3\",\"url\":\"https:\\\/\\\/transamerica93.com.br\\\/home\\\/\",\"logo\":{\"@type\":\"ImageObject\",\"inLanguage\":\"pt-BR\",\"@id\":\"https:\\\/\\\/transamerica93.com.br\\\/home\\\/#\\\/schema\\\/logo\\\/image\\\/\",\"url\":\"https:\\\/\\\/transamerica93.com.br\\\/home\\\/wp-content\\\/uploads\\\/2023\\\/10\\\/logo2.png\",\"contentUrl\":\"https:\\\/\\\/transamerica93.com.br\\\/home\\\/wp-content\\\/uploads\\\/2023\\\/10\\\/logo2.png\",\"width\":800,\"height\":500,\"caption\":\"Transam\u00e9rica Mococa 93,3\"},\"image\":{\"@id\":\"https:\\\/\\\/transamerica93.com.br\\\/home\\\/#\\\/schema\\\/logo\\\/image\\\/\"},\"sameAs\":[\"https:\\\/\\\/www.facebook.com\\\/transamericamococa\",\"https:\\\/\\\/x.com\\\/transamerica933\",\"https:\\\/\\\/www.instagram.com\\\/transamericamococa\"]},{\"@type\":\"Person\",\"@id\":\"https:\\\/\\\/transamerica93.com.br\\\/home\\\/#\\\/schema\\\/person\\\/7fed7c99c0d4562efa8561bc0f543172\",\"name\":\"Reda\u00e7\u00e3o\",\"image\":{\"@type\":\"ImageObject\",\"inLanguage\":\"pt-BR\",\"@id\":\"https:\\\/\\\/secure.gravatar.com\\\/avatar\\\/1072c6b775fb02ef8506ce967551d95926669a6b7d2c2147b42eea4d7c68395e?s=96&d=mm&r=g\",\"url\":\"https:\\\/\\\/secure.gravatar.com\\\/avatar\\\/1072c6b775fb02ef8506ce967551d95926669a6b7d2c2147b42eea4d7c68395e?s=96&d=mm&r=g\",\"contentUrl\":\"https:\\\/\\\/secure.gravatar.com\\\/avatar\\\/1072c6b775fb02ef8506ce967551d95926669a6b7d2c2147b42eea4d7c68395e?s=96&d=mm&r=g\",\"caption\":\"Reda\u00e7\u00e3o\"},\"sameAs\":[\"https:\\\/\\\/transamerica93.com.br\\\/home\"],\"url\":\"https:\\\/\\\/transamerica93.com.br\\\/home\\\/author\\\/william\\\/\"}]}<\/script>\n<!-- \/ Yoast SEO plugin. -->","yoast_head_json":{"title":"Produ\u00e7\u00e3o industrial fica est\u00e1vel em janeiro, ap\u00f3s tr\u00eas meses de baixa - Transam\u00e9rica Mococa 93,3","robots":{"index":"index","follow":"follow","max-snippet":"max-snippet:-1","max-image-preview":"max-image-preview:large","max-video-preview":"max-video-preview:-1"},"canonical":"https:\/\/transamerica93.com.br\/home\/producao-industrial-fica-estavel-em-janeiro-apos-tres-meses-de-baixa\/","og_locale":"pt_BR","og_type":"article","og_title":"Produ\u00e7\u00e3o industrial fica est\u00e1vel em janeiro, ap\u00f3s tr\u00eas meses de baixa - Transam\u00e9rica Mococa 93,3","og_description":"Ap\u00f3s tr\u00eas meses de baixa, a produ\u00e7\u00e3o da ind\u00fastria brasileira apresentou varia\u00e7\u00e3o nula na passagem de dezembro para janeiro, ou seja, n\u00e3o teve crescimento nem queda. O dado faz parte da Pesquisa Industrial Mensal, divulgada nesta ter\u00e7a-feira (11) pelo\u00a0Instituto Brasileiro de Geografia e Estat\u00edstica\u00a0(IBGE).\u00a0 Em rela\u00e7\u00e3o ao mesmo m\u00eas do ano anterior, o setor teve &hellip;","og_url":"https:\/\/transamerica93.com.br\/home\/producao-industrial-fica-estavel-em-janeiro-apos-tres-meses-de-baixa\/","og_site_name":"Transam\u00e9rica Mococa 93,3","article_publisher":"https:\/\/www.facebook.com\/transamericamococa","article_published_time":"2025-03-17T12:00:08+00:00","og_image":[{"width":1170,"height":700,"url":"https:\/\/transamerica93.com.br\/home\/wp-content\/uploads\/2025\/03\/1-9.jpg","type":"image\/jpeg"}],"author":"Reda\u00e7\u00e3o","twitter_card":"summary_large_image","twitter_creator":"@transamerica933","twitter_site":"@transamerica933","twitter_misc":{"Escrito por":"Reda\u00e7\u00e3o","Est. tempo de leitura":"1 minuto"},"schema":{"@context":"https:\/\/schema.org","@graph":[{"@type":"Article","@id":"https:\/\/transamerica93.com.br\/home\/producao-industrial-fica-estavel-em-janeiro-apos-tres-meses-de-baixa\/#article","isPartOf":{"@id":"https:\/\/transamerica93.com.br\/home\/producao-industrial-fica-estavel-em-janeiro-apos-tres-meses-de-baixa\/"},"author":{"name":"Reda\u00e7\u00e3o","@id":"https:\/\/transamerica93.com.br\/home\/#\/schema\/person\/7fed7c99c0d4562efa8561bc0f543172"},"headline":"Produ\u00e7\u00e3o industrial fica est\u00e1vel em janeiro, ap\u00f3s tr\u00eas meses de baixa","datePublished":"2025-03-17T12:00:08+00:00","mainEntityOfPage":{"@id":"https:\/\/transamerica93.com.br\/home\/producao-industrial-fica-estavel-em-janeiro-apos-tres-meses-de-baixa\/"},"wordCount":552,"publisher":{"@id":"https:\/\/transamerica93.com.br\/home\/#organization"},"image":{"@id":"https:\/\/transamerica93.com.br\/home\/producao-industrial-fica-estavel-em-janeiro-apos-tres-meses-de-baixa\/#primaryimage"},"thumbnailUrl":"https:\/\/transamerica93.com.br\/home\/wp-content\/uploads\/2025\/03\/1-9.jpg","articleSection":["Geral"],"inLanguage":"pt-BR"},{"@type":"WebPage","@id":"https:\/\/transamerica93.com.br\/home\/producao-industrial-fica-estavel-em-janeiro-apos-tres-meses-de-baixa\/","url":"https:\/\/transamerica93.com.br\/home\/producao-industrial-fica-estavel-em-janeiro-apos-tres-meses-de-baixa\/","name":"Produ\u00e7\u00e3o industrial fica est\u00e1vel em janeiro, ap\u00f3s tr\u00eas meses de baixa - Transam\u00e9rica Mococa 93,3","isPartOf":{"@id":"https:\/\/transamerica93.com.br\/home\/#website"},"primaryImageOfPage":{"@id":"https:\/\/transamerica93.com.br\/home\/producao-industrial-fica-estavel-em-janeiro-apos-tres-meses-de-baixa\/#primaryimage"},"image":{"@id":"https:\/\/transamerica93.com.br\/home\/producao-industrial-fica-estavel-em-janeiro-apos-tres-meses-de-baixa\/#primaryimage"},"thumbnailUrl":"https:\/\/transamerica93.com.br\/home\/wp-content\/uploads\/2025\/03\/1-9.jpg","datePublished":"2025-03-17T12:00:08+00:00","breadcrumb":{"@id":"https:\/\/transamerica93.com.br\/home\/producao-industrial-fica-estavel-em-janeiro-apos-tres-meses-de-baixa\/#breadcrumb"},"inLanguage":"pt-BR","potentialAction":[{"@type":"ReadAction","target":["https:\/\/transamerica93.com.br\/home\/producao-industrial-fica-estavel-em-janeiro-apos-tres-meses-de-baixa\/"]}]},{"@type":"ImageObject","inLanguage":"pt-BR","@id":"https:\/\/transamerica93.com.br\/home\/producao-industrial-fica-estavel-em-janeiro-apos-tres-meses-de-baixa\/#primaryimage","url":"https:\/\/transamerica93.com.br\/home\/wp-content\/uploads\/2025\/03\/1-9.jpg","contentUrl":"https:\/\/transamerica93.com.br\/home\/wp-content\/uploads\/2025\/03\/1-9.jpg","width":1170,"height":700,"caption":"\u00a9 CNI\/Jos\u00e9 Paulo Lacerda\/Direitos reservados"},{"@type":"BreadcrumbList","@id":"https:\/\/transamerica93.com.br\/home\/producao-industrial-fica-estavel-em-janeiro-apos-tres-meses-de-baixa\/#breadcrumb","itemListElement":[{"@type":"ListItem","position":1,"name":"In\u00edcio","item":"https:\/\/transamerica93.com.br\/home\/"},{"@type":"ListItem","position":2,"name":"Produ\u00e7\u00e3o industrial fica est\u00e1vel em janeiro, ap\u00f3s tr\u00eas meses de baixa"}]},{"@type":"WebSite","@id":"https:\/\/transamerica93.com.br\/home\/#website","url":"https:\/\/transamerica93.com.br\/home\/","name":"Transam\u00e9rica Mococa 93,3","description":"","publisher":{"@id":"https:\/\/transamerica93.com.br\/home\/#organization"},"potentialAction":[{"@type":"SearchAction","target":{"@type":"EntryPoint","urlTemplate":"https:\/\/transamerica93.com.br\/home\/?s={search_term_string}"},"query-input":{"@type":"PropertyValueSpecification","valueRequired":true,"valueName":"search_term_string"}}],"inLanguage":"pt-BR"},{"@type":"Organization","@id":"https:\/\/transamerica93.com.br\/home\/#organization","name":"Transam\u00e9rica Mococa 93,3","url":"https:\/\/transamerica93.com.br\/home\/","logo":{"@type":"ImageObject","inLanguage":"pt-BR","@id":"https:\/\/transamerica93.com.br\/home\/#\/schema\/logo\/image\/","url":"https:\/\/transamerica93.com.br\/home\/wp-content\/uploads\/2023\/10\/logo2.png","contentUrl":"https:\/\/transamerica93.com.br\/home\/wp-content\/uploads\/2023\/10\/logo2.png","width":800,"height":500,"caption":"Transam\u00e9rica Mococa 93,3"},"image":{"@id":"https:\/\/transamerica93.com.br\/home\/#\/schema\/logo\/image\/"},"sameAs":["https:\/\/www.facebook.com\/transamericamococa","https:\/\/x.com\/transamerica933","https:\/\/www.instagram.com\/transamericamococa"]},{"@type":"Person","@id":"https:\/\/transamerica93.com.br\/home\/#\/schema\/person\/7fed7c99c0d4562efa8561bc0f543172","name":"Reda\u00e7\u00e3o","image":{"@type":"ImageObject","inLanguage":"pt-BR","@id":"https:\/\/secure.gravatar.com\/avatar\/1072c6b775fb02ef8506ce967551d95926669a6b7d2c2147b42eea4d7c68395e?s=96&d=mm&r=g","url":"https:\/\/secure.gravatar.com\/avatar\/1072c6b775fb02ef8506ce967551d95926669a6b7d2c2147b42eea4d7c68395e?s=96&d=mm&r=g","contentUrl":"https:\/\/secure.gravatar.com\/avatar\/1072c6b775fb02ef8506ce967551d95926669a6b7d2c2147b42eea4d7c68395e?s=96&d=mm&r=g","caption":"Reda\u00e7\u00e3o"},"sameAs":["https:\/\/transamerica93.com.br\/home"],"url":"https:\/\/transamerica93.com.br\/home\/author\/william\/"}]}},"_links":{"self":[{"href":"https:\/\/transamerica93.com.br\/home\/wp-json\/wp\/v2\/posts\/4908","targetHints":{"allow":["GET"]}}],"collection":[{"href":"https:\/\/transamerica93.com.br\/home\/wp-json\/wp\/v2\/posts"}],"about":[{"href":"https:\/\/transamerica93.com.br\/home\/wp-json\/wp\/v2\/types\/post"}],"author":[{"embeddable":true,"href":"https:\/\/transamerica93.com.br\/home\/wp-json\/wp\/v2\/users\/1"}],"replies":[{"embeddable":true,"href":"https:\/\/transamerica93.com.br\/home\/wp-json\/wp\/v2\/comments?post=4908"}],"version-history":[{"count":1,"href":"https:\/\/transamerica93.com.br\/home\/wp-json\/wp\/v2\/posts\/4908\/revisions"}],"predecessor-version":[{"id":4910,"href":"https:\/\/transamerica93.com.br\/home\/wp-json\/wp\/v2\/posts\/4908\/revisions\/4910"}],"wp:featuredmedia":[{"embeddable":true,"href":"https:\/\/transamerica93.com.br\/home\/wp-json\/wp\/v2\/media\/4909"}],"wp:attachment":[{"href":"https:\/\/transamerica93.com.br\/home\/wp-json\/wp\/v2\/media?parent=4908"}],"wp:term":[{"taxonomy":"category","embeddable":true,"href":"https:\/\/transamerica93.com.br\/home\/wp-json\/wp\/v2\/categories?post=4908"},{"taxonomy":"post_tag","embeddable":true,"href":"https:\/\/transamerica93.com.br\/home\/wp-json\/wp\/v2\/tags?post=4908"}],"curies":[{"name":"wp","href":"https:\/\/api.w.org\/{rel}","templated":true}]}}