{"id":4914,"date":"2025-03-19T09:00:49","date_gmt":"2025-03-19T12:00:49","guid":{"rendered":"https:\/\/transamerica93.com.br\/home\/?p=4914"},"modified":"2025-03-11T21:53:31","modified_gmt":"2025-03-12T00:53:31","slug":"caixa-divulga-calendario-de-pagamento-do-fundo-pis-pasep","status":"publish","type":"post","link":"https:\/\/transamerica93.com.br\/home\/caixa-divulga-calendario-de-pagamento-do-fundo-pis-pasep\/","title":{"rendered":"Caixa divulga calend\u00e1rio de pagamento do Fundo PIS\/Pasep"},"content":{"rendered":"<p><strong>Os cerca de 10,5 milh\u00f5es de trabalhadores com carteira assinada entre 1971 e 1988 e seus herdeiros receber\u00e3o as cotas do antigo fundo do Programa de Integra\u00e7\u00e3o Social (PIS) e do Programa de Forma\u00e7\u00e3o de Patrim\u00f4nio do Servidor P\u00fablico (Pasep)\u00a0<\/strong>at\u00e9 janeiro de 2026, divulgou nesta ter\u00e7a-feira (11) a Caixa Econ\u00f4mica Federal. Os saques come\u00e7am em 28 de mar\u00e7o e v\u00e3o at\u00e9 26 de janeiro de 2026, dependendo da data do pedido.<img decoding=\"async\" data-src=\"https:\/\/agenciabrasil.ebc.com.br\/ebc.png?id=1634208&amp;o=node\" src=\"data:image\/svg+xml;base64,PHN2ZyB3aWR0aD0iMSIgaGVpZ2h0PSIxIiB4bWxucz0iaHR0cDovL3d3dy53My5vcmcvMjAwMC9zdmciPjwvc3ZnPg==\" class=\"lazyload\" \/><img decoding=\"async\" data-src=\"https:\/\/agenciabrasil.ebc.com.br\/ebc.gif?id=1634208&amp;o=node\" src=\"data:image\/svg+xml;base64,PHN2ZyB3aWR0aD0iMSIgaGVpZ2h0PSIxIiB4bWxucz0iaHR0cDovL3d3dy53My5vcmcvMjAwMC9zdmciPjwvc3ZnPg==\" class=\"lazyload\" \/><\/p>\n<p>O Minist\u00e9rio da Fazenda estima que\u00a0<strong>cada trabalhador receber\u00e1, em m\u00e9dia, R$ 2,8 mil<\/strong>. O dinheiro pode ser pedido tanto no aplicativo FGTS como na\u00a0<a href=\"https:\/\/repiscidadao.fazenda.gov.br\/\" target=\"_blank\" rel=\"noopener\">plataforma Repis Cidad\u00e3o<\/a>, lan\u00e7ada na segunda-feira (10) pela Fazenda com\u00a0<a href=\"https:\/\/agenciabrasil.ebc.com.br\/economia\/noticia\/2025-03\/fazenda-lanca-plataforma-para-saque-de-antigo-fundo-pispasep\" target=\"_blank\" rel=\"noopener\">cerca de seis meses de atraso<\/a>.<\/p>\n<p>O calend\u00e1rio de saques divulgado pela Caixa \u00e9\u00a0o seguinte:<\/p>\n<p>&nbsp;<\/p>\n<table border=\"2\" summary=\"Fonte: Caixa Econ\u00f4mica Federal\" cellspacing=\"1\" cellpadding=\"1\">\n<caption>\u00a0<\/caption>\n<thead><\/thead>\n<tbody>\n<tr>\n<td class=\"rtecenter\"><strong>Pedidos feitos at\u00e9\u2002<\/strong><\/td>\n<td class=\"rtecenter\"><strong>Data do pagamento<\/strong><\/td>\n<\/tr>\n<tr>\n<td>28\/02\/2025<\/td>\n<td>28\/03\/2025 (sexta-feira)<\/td>\n<\/tr>\n<tr>\n<td>31\/03\/2025<\/td>\n<td>25\/04\/2025 (sexta-feira)<\/td>\n<\/tr>\n<tr>\n<td>30\/04\/2025<\/td>\n<td>26\/05\/2025 (segunda-feira)<\/td>\n<\/tr>\n<tr>\n<td>31\/05\/2025<\/td>\n<td>25\/06\/2025 (quarta-feira)<\/td>\n<\/tr>\n<tr>\n<td>30\/06\/2025<\/td>\n<td>25\/07\/2025 (sexta-feira)<\/td>\n<\/tr>\n<tr>\n<td>31\/07\/2025<\/td>\n<td>25\/08\/2025 (segunda-feira)<\/td>\n<\/tr>\n<tr>\n<td>31\/08\/2025<\/td>\n<td>25\/09\/2025 (quinta-feira)<\/td>\n<\/tr>\n<tr>\n<td>30\/09\/2025<\/td>\n<td>27\/10\/2025 (segunda-feira)<\/td>\n<\/tr>\n<tr>\n<td>31\/10\/2025<\/td>\n<td>25\/11\/2025 (ter\u00e7a-feira)<\/td>\n<\/tr>\n<tr>\n<td>30\/11\/2025<\/td>\n<td>26\/12\/2025 (sexta-feira)<\/td>\n<\/tr>\n<tr>\n<td>31\/12\/2025<\/td>\n<td>26\/01\/2026 (segunda-feira)<\/td>\n<\/tr>\n<\/tbody>\n<\/table>\n<p class=\"rtecenter\">\n<p>Segundo a Caixa, desde setembro de 2023, quando o dinheiro do antigo Fundo PIS\/Pasep foi transferido para o Tesouro Nacional, cerca de 25 mil trabalhadores, herdeiros ou benefici\u00e1rios legais pediram o saque do dinheiro nas ag\u00eancias do banco. Esse contingente ser\u00e1 o primeiro a receber, no pr\u00f3ximo dia 28.<\/p>\n<p>Com a atualiza\u00e7\u00e3o do aplicativo FGTS e a nova plataforma do Minist\u00e9rio da Fazenda, os pedidos n\u00e3o precisam mais ser feitos nas ag\u00eancias da Caixa. Desde agosto de 2023, o dinheiro do antigo Fundo PIS\/Pasep, que soma\u00a0cerca de R$ 26 bilh\u00f5es, estava em poder do Tesouro Nacional. Por determina\u00e7\u00e3o da Emenda Constitucional da Transi\u00e7\u00e3o, de dezembro de 2022, os recursos tinham sido repassados ao Tesouro para refor\u00e7ar o caixa do governo em 2023.<\/p>\n<h2>Procedimento<\/h2>\n<p>A Caixa enviar\u00e1 ao Minist\u00e9rio da Fazenda os pedidos de saque aprovados.\u00a0<strong>Os valores ser\u00e3o corrigidos pelo \u00cdndice Nacional de Pre\u00e7os ao Consumidor Amplo 15 (IPCA-15).<\/strong>\u00a0<strong>O pagamento ser\u00e1 feito diretamente em conta banc\u00e1ria do interessado na Caixa ou por meio de conta poupan\u00e7a social digital, que pode ser movimentada pelo aplicativo Caixa Tem,\u00a0<\/strong>que permite pagar contas, fazer transfer\u00eancias, pagar em maquininhas de cart\u00f5es e fazer compras pelo cart\u00e3o de d\u00e9bito virtual.<\/p>\n<p>O pagamento est\u00e1 condicionado \u00e0 disponibilidade no Or\u00e7amento da Uni\u00e3o. Caso n\u00e3o haja recursos suficientes no or\u00e7amento do ano vigente, o valor ser\u00e1 pago no ano seguinte, com a devida corre\u00e7\u00e3o.<\/p>\n<h2>Hist\u00f3rico<\/h2>\n<p>Criado para complementar a renda dos trabalhadores com carteira assinada entre 1971 e 1988, o antigo Fundo PIS\/Pasep n\u00e3o tem rela\u00e7\u00e3o com o abono salarial do PIS\/Pasep, institu\u00eddo pela Constitui\u00e7\u00e3o atual e pago todos os anos pela Caixa Econ\u00f4mica Federal e pelo Banco do Brasil.<\/p>\n<p><strong>Semelhante ao Fundo de Garantia do Tempo de Servi\u00e7o (FGTS), o dinheiro do antigo Fundo PIS\/Pasep s\u00f3 podia ser sacado em situa\u00e7\u00f5es especiais, como aposentadoria ou doen\u00e7a.<\/strong>\u00a0No entanto, uma vez por ano, o trabalhador recebia os juros e a corre\u00e7\u00e3o das cotas do fundo.<\/p>\n<p>No entanto, muitos trabalhadores se esqueceram desse dinheiro ou n\u00e3o sabiam da exist\u00eancia dele, mesmo com maci\u00e7as campanhas na m\u00eddia. Em agosto de 2018, o governo\u00a0<a href=\"http:\/\/https\/\/agenciabrasil.ebc.com.br\/economia\/noticia\/2018-08\/liberacao-de-saques-do-pispasep-comeca-amanha-para-todas-idades\" target=\"_blank\" rel=\"noopener\">liberou o saque das antigas cotas<\/a>. Por oito meses, o dinheiro p\u00f4de ser retirado nas ag\u00eancias da Caixa (no caso do PIS) e do Banco do Brasil (no caso do Pasep). Na ocasi\u00e3o, havia R$ 35 bilh\u00f5es que poderiam ser resgatados.<\/p>\n<p>Em 2019, o\u00a0<a href=\"https:\/\/agenciabrasil.ebc.com.br\/economia\/noticia\/2019-08\/caixa-e-banco-do-brasil-iniciam-pagamento-de-cotas-do-pispasep\" target=\"_blank\" rel=\"noopener\">governo\u00a0flexibilizou as regras<\/a>\u00a0e simplificou o saque por herdeiros e benefici\u00e1rios legais de pessoas falecidas\u00a0que tinham cotas no antigo fundo.<\/p>\n<p>Em abril de 2020, no in\u00edcio da pandemia de covid-19, o governo editou uma\u00a0<a href=\"https:\/\/www.in.gov.br\/en\/web\/dou\/-\/medida-provisoria-n-946-de-7-de-abril-de-2020-251562794\" target=\"_blank\" rel=\"noopener\">medida provis\u00f3ria\u00a0que extinguiu o antigo Fundo PIS\/Pasep<\/a>\u00a0e transferiu os recursos \u00e0 conta do FGTS em nome do trabalhador. Em vez de ir a uma ag\u00eancia banc\u00e1ria, bastava o titular ou herdeiro requerer o dinheiro por meio do aplicativo FGTS, que transferia o saldo para qualquer conta banc\u00e1ria indicada pelo benefici\u00e1rio.<\/p>\n","protected":false},"excerpt":{"rendered":"<p>Os cerca de 10,5 milh\u00f5es de trabalhadores com carteira assinada entre 1971 e 1988 e seus herdeiros receber\u00e3o as cotas do antigo fundo do Programa de Integra\u00e7\u00e3o Social (PIS) e do Programa de Forma\u00e7\u00e3o de Patrim\u00f4nio do Servidor P\u00fablico (Pasep)\u00a0at\u00e9 janeiro de 2026, divulgou nesta ter\u00e7a-feira (11) a Caixa Econ\u00f4mica Federal. Os saques come\u00e7am em &hellip;<\/p>\n","protected":false},"author":1,"featured_media":4915,"comment_status":"closed","ping_status":"closed","sticky":false,"template":"","format":"standard","meta":{"footnotes":""},"categories":[30],"tags":[],"class_list":["post-4914","post","type-post","status-publish","format-standard","has-post-thumbnail","hentry","category-geral"],"yoast_head":"<!-- This site is optimized with the Yoast SEO plugin v27.4 - https:\/\/yoast.com\/product\/yoast-seo-wordpress\/ -->\n<title>Caixa divulga calend\u00e1rio de pagamento do Fundo PIS\/Pasep - Transam\u00e9rica Mococa 93,3<\/title>\n<meta name=\"robots\" content=\"index, follow, max-snippet:-1, max-image-preview:large, max-video-preview:-1\" \/>\n<link rel=\"canonical\" href=\"https:\/\/transamerica93.com.br\/home\/caixa-divulga-calendario-de-pagamento-do-fundo-pis-pasep\/\" \/>\n<meta property=\"og:locale\" content=\"pt_BR\" \/>\n<meta property=\"og:type\" content=\"article\" \/>\n<meta property=\"og:title\" content=\"Caixa divulga calend\u00e1rio de pagamento do Fundo PIS\/Pasep - Transam\u00e9rica Mococa 93,3\" \/>\n<meta property=\"og:description\" content=\"Os cerca de 10,5 milh\u00f5es de trabalhadores com carteira assinada entre 1971 e 1988 e seus herdeiros receber\u00e3o as cotas do antigo fundo do Programa de Integra\u00e7\u00e3o Social (PIS) e do Programa de Forma\u00e7\u00e3o de Patrim\u00f4nio do Servidor P\u00fablico (Pasep)\u00a0at\u00e9 janeiro de 2026, divulgou nesta ter\u00e7a-feira (11) a Caixa Econ\u00f4mica Federal. Os saques come\u00e7am em &hellip;\" \/>\n<meta property=\"og:url\" content=\"https:\/\/transamerica93.com.br\/home\/caixa-divulga-calendario-de-pagamento-do-fundo-pis-pasep\/\" \/>\n<meta property=\"og:site_name\" content=\"Transam\u00e9rica Mococa 93,3\" \/>\n<meta property=\"article:publisher\" content=\"https:\/\/www.facebook.com\/transamericamococa\" \/>\n<meta property=\"article:published_time\" content=\"2025-03-19T12:00:49+00:00\" \/>\n<meta property=\"og:image\" content=\"https:\/\/transamerica93.com.br\/home\/wp-content\/uploads\/2025\/03\/1-11.jpg\" \/>\n\t<meta property=\"og:image:width\" content=\"1170\" \/>\n\t<meta property=\"og:image:height\" content=\"700\" \/>\n\t<meta property=\"og:image:type\" content=\"image\/jpeg\" \/>\n<meta name=\"author\" content=\"Reda\u00e7\u00e3o\" \/>\n<meta name=\"twitter:card\" content=\"summary_large_image\" \/>\n<meta name=\"twitter:creator\" content=\"@transamerica933\" \/>\n<meta name=\"twitter:site\" content=\"@transamerica933\" \/>\n<meta name=\"twitter:label1\" content=\"Escrito por\" \/>\n\t<meta name=\"twitter:data1\" content=\"Reda\u00e7\u00e3o\" \/>\n\t<meta name=\"twitter:label2\" content=\"Est. tempo de leitura\" \/>\n\t<meta name=\"twitter:data2\" content=\"5 minutos\" \/>\n<script type=\"application\/ld+json\" class=\"yoast-schema-graph\">{\"@context\":\"https:\\\/\\\/schema.org\",\"@graph\":[{\"@type\":\"Article\",\"@id\":\"https:\\\/\\\/transamerica93.com.br\\\/home\\\/caixa-divulga-calendario-de-pagamento-do-fundo-pis-pasep\\\/#article\",\"isPartOf\":{\"@id\":\"https:\\\/\\\/transamerica93.com.br\\\/home\\\/caixa-divulga-calendario-de-pagamento-do-fundo-pis-pasep\\\/\"},\"author\":{\"name\":\"Reda\u00e7\u00e3o\",\"@id\":\"https:\\\/\\\/transamerica93.com.br\\\/home\\\/#\\\/schema\\\/person\\\/7fed7c99c0d4562efa8561bc0f543172\"},\"headline\":\"Caixa divulga calend\u00e1rio de pagamento do Fundo PIS\\\/Pasep\",\"datePublished\":\"2025-03-19T12:00:49+00:00\",\"mainEntityOfPage\":{\"@id\":\"https:\\\/\\\/transamerica93.com.br\\\/home\\\/caixa-divulga-calendario-de-pagamento-do-fundo-pis-pasep\\\/\"},\"wordCount\":674,\"publisher\":{\"@id\":\"https:\\\/\\\/transamerica93.com.br\\\/home\\\/#organization\"},\"image\":{\"@id\":\"https:\\\/\\\/transamerica93.com.br\\\/home\\\/caixa-divulga-calendario-de-pagamento-do-fundo-pis-pasep\\\/#primaryimage\"},\"thumbnailUrl\":\"https:\\\/\\\/transamerica93.com.br\\\/home\\\/wp-content\\\/uploads\\\/2025\\\/03\\\/1-11.jpg\",\"articleSection\":[\"Geral\"],\"inLanguage\":\"pt-BR\"},{\"@type\":\"WebPage\",\"@id\":\"https:\\\/\\\/transamerica93.com.br\\\/home\\\/caixa-divulga-calendario-de-pagamento-do-fundo-pis-pasep\\\/\",\"url\":\"https:\\\/\\\/transamerica93.com.br\\\/home\\\/caixa-divulga-calendario-de-pagamento-do-fundo-pis-pasep\\\/\",\"name\":\"Caixa divulga calend\u00e1rio de pagamento do Fundo PIS\\\/Pasep - Transam\u00e9rica Mococa 93,3\",\"isPartOf\":{\"@id\":\"https:\\\/\\\/transamerica93.com.br\\\/home\\\/#website\"},\"primaryImageOfPage\":{\"@id\":\"https:\\\/\\\/transamerica93.com.br\\\/home\\\/caixa-divulga-calendario-de-pagamento-do-fundo-pis-pasep\\\/#primaryimage\"},\"image\":{\"@id\":\"https:\\\/\\\/transamerica93.com.br\\\/home\\\/caixa-divulga-calendario-de-pagamento-do-fundo-pis-pasep\\\/#primaryimage\"},\"thumbnailUrl\":\"https:\\\/\\\/transamerica93.com.br\\\/home\\\/wp-content\\\/uploads\\\/2025\\\/03\\\/1-11.jpg\",\"datePublished\":\"2025-03-19T12:00:49+00:00\",\"breadcrumb\":{\"@id\":\"https:\\\/\\\/transamerica93.com.br\\\/home\\\/caixa-divulga-calendario-de-pagamento-do-fundo-pis-pasep\\\/#breadcrumb\"},\"inLanguage\":\"pt-BR\",\"potentialAction\":[{\"@type\":\"ReadAction\",\"target\":[\"https:\\\/\\\/transamerica93.com.br\\\/home\\\/caixa-divulga-calendario-de-pagamento-do-fundo-pis-pasep\\\/\"]}]},{\"@type\":\"ImageObject\",\"inLanguage\":\"pt-BR\",\"@id\":\"https:\\\/\\\/transamerica93.com.br\\\/home\\\/caixa-divulga-calendario-de-pagamento-do-fundo-pis-pasep\\\/#primaryimage\",\"url\":\"https:\\\/\\\/transamerica93.com.br\\\/home\\\/wp-content\\\/uploads\\\/2025\\\/03\\\/1-11.jpg\",\"contentUrl\":\"https:\\\/\\\/transamerica93.com.br\\\/home\\\/wp-content\\\/uploads\\\/2025\\\/03\\\/1-11.jpg\",\"width\":1170,\"height\":700,\"caption\":\"\u00a9 Marcelo Camargo\\\/Ag\u00eancia Brasil\"},{\"@type\":\"BreadcrumbList\",\"@id\":\"https:\\\/\\\/transamerica93.com.br\\\/home\\\/caixa-divulga-calendario-de-pagamento-do-fundo-pis-pasep\\\/#breadcrumb\",\"itemListElement\":[{\"@type\":\"ListItem\",\"position\":1,\"name\":\"In\u00edcio\",\"item\":\"https:\\\/\\\/transamerica93.com.br\\\/home\\\/\"},{\"@type\":\"ListItem\",\"position\":2,\"name\":\"Caixa divulga calend\u00e1rio de pagamento do Fundo PIS\\\/Pasep\"}]},{\"@type\":\"WebSite\",\"@id\":\"https:\\\/\\\/transamerica93.com.br\\\/home\\\/#website\",\"url\":\"https:\\\/\\\/transamerica93.com.br\\\/home\\\/\",\"name\":\"Transam\u00e9rica Mococa 93,3\",\"description\":\"\",\"publisher\":{\"@id\":\"https:\\\/\\\/transamerica93.com.br\\\/home\\\/#organization\"},\"potentialAction\":[{\"@type\":\"SearchAction\",\"target\":{\"@type\":\"EntryPoint\",\"urlTemplate\":\"https:\\\/\\\/transamerica93.com.br\\\/home\\\/?s={search_term_string}\"},\"query-input\":{\"@type\":\"PropertyValueSpecification\",\"valueRequired\":true,\"valueName\":\"search_term_string\"}}],\"inLanguage\":\"pt-BR\"},{\"@type\":\"Organization\",\"@id\":\"https:\\\/\\\/transamerica93.com.br\\\/home\\\/#organization\",\"name\":\"Transam\u00e9rica Mococa 93,3\",\"url\":\"https:\\\/\\\/transamerica93.com.br\\\/home\\\/\",\"logo\":{\"@type\":\"ImageObject\",\"inLanguage\":\"pt-BR\",\"@id\":\"https:\\\/\\\/transamerica93.com.br\\\/home\\\/#\\\/schema\\\/logo\\\/image\\\/\",\"url\":\"https:\\\/\\\/transamerica93.com.br\\\/home\\\/wp-content\\\/uploads\\\/2023\\\/10\\\/logo2.png\",\"contentUrl\":\"https:\\\/\\\/transamerica93.com.br\\\/home\\\/wp-content\\\/uploads\\\/2023\\\/10\\\/logo2.png\",\"width\":800,\"height\":500,\"caption\":\"Transam\u00e9rica Mococa 93,3\"},\"image\":{\"@id\":\"https:\\\/\\\/transamerica93.com.br\\\/home\\\/#\\\/schema\\\/logo\\\/image\\\/\"},\"sameAs\":[\"https:\\\/\\\/www.facebook.com\\\/transamericamococa\",\"https:\\\/\\\/x.com\\\/transamerica933\",\"https:\\\/\\\/www.instagram.com\\\/transamericamococa\"]},{\"@type\":\"Person\",\"@id\":\"https:\\\/\\\/transamerica93.com.br\\\/home\\\/#\\\/schema\\\/person\\\/7fed7c99c0d4562efa8561bc0f543172\",\"name\":\"Reda\u00e7\u00e3o\",\"image\":{\"@type\":\"ImageObject\",\"inLanguage\":\"pt-BR\",\"@id\":\"https:\\\/\\\/secure.gravatar.com\\\/avatar\\\/1072c6b775fb02ef8506ce967551d95926669a6b7d2c2147b42eea4d7c68395e?s=96&d=mm&r=g\",\"url\":\"https:\\\/\\\/secure.gravatar.com\\\/avatar\\\/1072c6b775fb02ef8506ce967551d95926669a6b7d2c2147b42eea4d7c68395e?s=96&d=mm&r=g\",\"contentUrl\":\"https:\\\/\\\/secure.gravatar.com\\\/avatar\\\/1072c6b775fb02ef8506ce967551d95926669a6b7d2c2147b42eea4d7c68395e?s=96&d=mm&r=g\",\"caption\":\"Reda\u00e7\u00e3o\"},\"sameAs\":[\"https:\\\/\\\/transamerica93.com.br\\\/home\"],\"url\":\"https:\\\/\\\/transamerica93.com.br\\\/home\\\/author\\\/william\\\/\"}]}<\/script>\n<!-- \/ Yoast SEO plugin. -->","yoast_head_json":{"title":"Caixa divulga calend\u00e1rio de pagamento do Fundo PIS\/Pasep - Transam\u00e9rica Mococa 93,3","robots":{"index":"index","follow":"follow","max-snippet":"max-snippet:-1","max-image-preview":"max-image-preview:large","max-video-preview":"max-video-preview:-1"},"canonical":"https:\/\/transamerica93.com.br\/home\/caixa-divulga-calendario-de-pagamento-do-fundo-pis-pasep\/","og_locale":"pt_BR","og_type":"article","og_title":"Caixa divulga calend\u00e1rio de pagamento do Fundo PIS\/Pasep - Transam\u00e9rica Mococa 93,3","og_description":"Os cerca de 10,5 milh\u00f5es de trabalhadores com carteira assinada entre 1971 e 1988 e seus herdeiros receber\u00e3o as cotas do antigo fundo do Programa de Integra\u00e7\u00e3o Social (PIS) e do Programa de Forma\u00e7\u00e3o de Patrim\u00f4nio do Servidor P\u00fablico (Pasep)\u00a0at\u00e9 janeiro de 2026, divulgou nesta ter\u00e7a-feira (11) a Caixa Econ\u00f4mica Federal. Os saques come\u00e7am em &hellip;","og_url":"https:\/\/transamerica93.com.br\/home\/caixa-divulga-calendario-de-pagamento-do-fundo-pis-pasep\/","og_site_name":"Transam\u00e9rica Mococa 93,3","article_publisher":"https:\/\/www.facebook.com\/transamericamococa","article_published_time":"2025-03-19T12:00:49+00:00","og_image":[{"width":1170,"height":700,"url":"https:\/\/transamerica93.com.br\/home\/wp-content\/uploads\/2025\/03\/1-11.jpg","type":"image\/jpeg"}],"author":"Reda\u00e7\u00e3o","twitter_card":"summary_large_image","twitter_creator":"@transamerica933","twitter_site":"@transamerica933","twitter_misc":{"Escrito por":"Reda\u00e7\u00e3o","Est. tempo de leitura":"5 minutos"},"schema":{"@context":"https:\/\/schema.org","@graph":[{"@type":"Article","@id":"https:\/\/transamerica93.com.br\/home\/caixa-divulga-calendario-de-pagamento-do-fundo-pis-pasep\/#article","isPartOf":{"@id":"https:\/\/transamerica93.com.br\/home\/caixa-divulga-calendario-de-pagamento-do-fundo-pis-pasep\/"},"author":{"name":"Reda\u00e7\u00e3o","@id":"https:\/\/transamerica93.com.br\/home\/#\/schema\/person\/7fed7c99c0d4562efa8561bc0f543172"},"headline":"Caixa divulga calend\u00e1rio de pagamento do Fundo PIS\/Pasep","datePublished":"2025-03-19T12:00:49+00:00","mainEntityOfPage":{"@id":"https:\/\/transamerica93.com.br\/home\/caixa-divulga-calendario-de-pagamento-do-fundo-pis-pasep\/"},"wordCount":674,"publisher":{"@id":"https:\/\/transamerica93.com.br\/home\/#organization"},"image":{"@id":"https:\/\/transamerica93.com.br\/home\/caixa-divulga-calendario-de-pagamento-do-fundo-pis-pasep\/#primaryimage"},"thumbnailUrl":"https:\/\/transamerica93.com.br\/home\/wp-content\/uploads\/2025\/03\/1-11.jpg","articleSection":["Geral"],"inLanguage":"pt-BR"},{"@type":"WebPage","@id":"https:\/\/transamerica93.com.br\/home\/caixa-divulga-calendario-de-pagamento-do-fundo-pis-pasep\/","url":"https:\/\/transamerica93.com.br\/home\/caixa-divulga-calendario-de-pagamento-do-fundo-pis-pasep\/","name":"Caixa divulga calend\u00e1rio de pagamento do Fundo PIS\/Pasep - Transam\u00e9rica Mococa 93,3","isPartOf":{"@id":"https:\/\/transamerica93.com.br\/home\/#website"},"primaryImageOfPage":{"@id":"https:\/\/transamerica93.com.br\/home\/caixa-divulga-calendario-de-pagamento-do-fundo-pis-pasep\/#primaryimage"},"image":{"@id":"https:\/\/transamerica93.com.br\/home\/caixa-divulga-calendario-de-pagamento-do-fundo-pis-pasep\/#primaryimage"},"thumbnailUrl":"https:\/\/transamerica93.com.br\/home\/wp-content\/uploads\/2025\/03\/1-11.jpg","datePublished":"2025-03-19T12:00:49+00:00","breadcrumb":{"@id":"https:\/\/transamerica93.com.br\/home\/caixa-divulga-calendario-de-pagamento-do-fundo-pis-pasep\/#breadcrumb"},"inLanguage":"pt-BR","potentialAction":[{"@type":"ReadAction","target":["https:\/\/transamerica93.com.br\/home\/caixa-divulga-calendario-de-pagamento-do-fundo-pis-pasep\/"]}]},{"@type":"ImageObject","inLanguage":"pt-BR","@id":"https:\/\/transamerica93.com.br\/home\/caixa-divulga-calendario-de-pagamento-do-fundo-pis-pasep\/#primaryimage","url":"https:\/\/transamerica93.com.br\/home\/wp-content\/uploads\/2025\/03\/1-11.jpg","contentUrl":"https:\/\/transamerica93.com.br\/home\/wp-content\/uploads\/2025\/03\/1-11.jpg","width":1170,"height":700,"caption":"\u00a9 Marcelo Camargo\/Ag\u00eancia Brasil"},{"@type":"BreadcrumbList","@id":"https:\/\/transamerica93.com.br\/home\/caixa-divulga-calendario-de-pagamento-do-fundo-pis-pasep\/#breadcrumb","itemListElement":[{"@type":"ListItem","position":1,"name":"In\u00edcio","item":"https:\/\/transamerica93.com.br\/home\/"},{"@type":"ListItem","position":2,"name":"Caixa divulga calend\u00e1rio de pagamento do Fundo PIS\/Pasep"}]},{"@type":"WebSite","@id":"https:\/\/transamerica93.com.br\/home\/#website","url":"https:\/\/transamerica93.com.br\/home\/","name":"Transam\u00e9rica Mococa 93,3","description":"","publisher":{"@id":"https:\/\/transamerica93.com.br\/home\/#organization"},"potentialAction":[{"@type":"SearchAction","target":{"@type":"EntryPoint","urlTemplate":"https:\/\/transamerica93.com.br\/home\/?s={search_term_string}"},"query-input":{"@type":"PropertyValueSpecification","valueRequired":true,"valueName":"search_term_string"}}],"inLanguage":"pt-BR"},{"@type":"Organization","@id":"https:\/\/transamerica93.com.br\/home\/#organization","name":"Transam\u00e9rica Mococa 93,3","url":"https:\/\/transamerica93.com.br\/home\/","logo":{"@type":"ImageObject","inLanguage":"pt-BR","@id":"https:\/\/transamerica93.com.br\/home\/#\/schema\/logo\/image\/","url":"https:\/\/transamerica93.com.br\/home\/wp-content\/uploads\/2023\/10\/logo2.png","contentUrl":"https:\/\/transamerica93.com.br\/home\/wp-content\/uploads\/2023\/10\/logo2.png","width":800,"height":500,"caption":"Transam\u00e9rica Mococa 93,3"},"image":{"@id":"https:\/\/transamerica93.com.br\/home\/#\/schema\/logo\/image\/"},"sameAs":["https:\/\/www.facebook.com\/transamericamococa","https:\/\/x.com\/transamerica933","https:\/\/www.instagram.com\/transamericamococa"]},{"@type":"Person","@id":"https:\/\/transamerica93.com.br\/home\/#\/schema\/person\/7fed7c99c0d4562efa8561bc0f543172","name":"Reda\u00e7\u00e3o","image":{"@type":"ImageObject","inLanguage":"pt-BR","@id":"https:\/\/secure.gravatar.com\/avatar\/1072c6b775fb02ef8506ce967551d95926669a6b7d2c2147b42eea4d7c68395e?s=96&d=mm&r=g","url":"https:\/\/secure.gravatar.com\/avatar\/1072c6b775fb02ef8506ce967551d95926669a6b7d2c2147b42eea4d7c68395e?s=96&d=mm&r=g","contentUrl":"https:\/\/secure.gravatar.com\/avatar\/1072c6b775fb02ef8506ce967551d95926669a6b7d2c2147b42eea4d7c68395e?s=96&d=mm&r=g","caption":"Reda\u00e7\u00e3o"},"sameAs":["https:\/\/transamerica93.com.br\/home"],"url":"https:\/\/transamerica93.com.br\/home\/author\/william\/"}]}},"_links":{"self":[{"href":"https:\/\/transamerica93.com.br\/home\/wp-json\/wp\/v2\/posts\/4914","targetHints":{"allow":["GET"]}}],"collection":[{"href":"https:\/\/transamerica93.com.br\/home\/wp-json\/wp\/v2\/posts"}],"about":[{"href":"https:\/\/transamerica93.com.br\/home\/wp-json\/wp\/v2\/types\/post"}],"author":[{"embeddable":true,"href":"https:\/\/transamerica93.com.br\/home\/wp-json\/wp\/v2\/users\/1"}],"replies":[{"embeddable":true,"href":"https:\/\/transamerica93.com.br\/home\/wp-json\/wp\/v2\/comments?post=4914"}],"version-history":[{"count":1,"href":"https:\/\/transamerica93.com.br\/home\/wp-json\/wp\/v2\/posts\/4914\/revisions"}],"predecessor-version":[{"id":4916,"href":"https:\/\/transamerica93.com.br\/home\/wp-json\/wp\/v2\/posts\/4914\/revisions\/4916"}],"wp:featuredmedia":[{"embeddable":true,"href":"https:\/\/transamerica93.com.br\/home\/wp-json\/wp\/v2\/media\/4915"}],"wp:attachment":[{"href":"https:\/\/transamerica93.com.br\/home\/wp-json\/wp\/v2\/media?parent=4914"}],"wp:term":[{"taxonomy":"category","embeddable":true,"href":"https:\/\/transamerica93.com.br\/home\/wp-json\/wp\/v2\/categories?post=4914"},{"taxonomy":"post_tag","embeddable":true,"href":"https:\/\/transamerica93.com.br\/home\/wp-json\/wp\/v2\/tags?post=4914"}],"curies":[{"name":"wp","href":"https:\/\/api.w.org\/{rel}","templated":true}]}}