{"id":4923,"date":"2025-03-24T09:00:35","date_gmt":"2025-03-24T12:00:35","guid":{"rendered":"https:\/\/transamerica93.com.br\/home\/?p=4923"},"modified":"2025-03-11T22:06:29","modified_gmt":"2025-03-12T01:06:29","slug":"stf-torna-reus-deputados-e-suplente-do-pl-por-suspeita-de-corrupcao","status":"publish","type":"post","link":"https:\/\/transamerica93.com.br\/home\/stf-torna-reus-deputados-e-suplente-do-pl-por-suspeita-de-corrupcao\/","title":{"rendered":"STF torna r\u00e9us deputados e suplente do PL por suspeita de corrup\u00e7\u00e3o"},"content":{"rendered":"<p>Por unanimidade, o Supremo Tribunal Federal (STF) tornou r\u00e9us nesta ter\u00e7a-feira (11) dois deputados federais e um suplente do Partido Liberal (PL) pelos crimes de\u00a0<strong>corrup\u00e7\u00e3o passiva e organiza\u00e7\u00e3o criminosa<\/strong>.\u00a0<a href=\"https:\/\/agenciabrasil.ebc.com.br\/justica\/noticia\/2025-03\/stf-torna-reus-deputados-do-pl-por-suspeita-de-propina-em-emendas\">A Corte j\u00e1 tinha maioria pela aceita\u00e7\u00e3o da den\u00fancia<\/a>, e a vota\u00e7\u00e3o foi conclu\u00edda nesta ter\u00e7a.<img decoding=\"async\" data-src=\"https:\/\/agenciabrasil.ebc.com.br\/ebc.png?id=1634184&amp;o=node\" src=\"data:image\/svg+xml;base64,PHN2ZyB3aWR0aD0iMSIgaGVpZ2h0PSIxIiB4bWxucz0iaHR0cDovL3d3dy53My5vcmcvMjAwMC9zdmciPjwvc3ZnPg==\" class=\"lazyload\" \/><img decoding=\"async\" data-src=\"https:\/\/agenciabrasil.ebc.com.br\/ebc.gif?id=1634184&amp;o=node\" src=\"data:image\/svg+xml;base64,PHN2ZyB3aWR0aD0iMSIgaGVpZ2h0PSIxIiB4bWxucz0iaHR0cDovL3d3dy53My5vcmcvMjAwMC9zdmciPjwvc3ZnPg==\" class=\"lazyload\" \/><\/p>\n<p>Com a decis\u00e3o,\u00a0<strong>v\u00e3o responder a processo no STF os parlamentares Josimar Maranh\u00e3ozinho (PL-MA) e Pastor Gil (PL-MA), al\u00e9m do suplente Bosco Costa (PL-SE)<\/strong>. Eles s\u00e3o acusados pela Procuradoria-Geral da Rep\u00fablica (PGR) de cobrar propina para a libera\u00e7\u00e3o de emendas parlamentares.<\/p>\n<p>A vota\u00e7\u00e3o ocorreu de forma virtual na Primeira Turma da Corte. A delibera\u00e7\u00e3o come\u00e7ou no dia 28 de fevereiro e foi finalizada nesta ter\u00e7a-feira.<\/p>\n<p>Al\u00e9m do relator, Cristiano Zanin, os ministros Alexandre de Moraes, C\u00e1rmen L\u00facia, Fl\u00e1vio Dino e Luiz Fux votaram para transformar os acusados em r\u00e9us.<\/p>\n<p><strong>De acordo com a PGR, entre janeiro e agosto de 2020, os acusados solicitaram vantagem indevida de R$ 1,6 milh\u00e3o para libera\u00e7\u00e3o de R$ 6,6 milh\u00f5es em emendas para o munic\u00edpio de S\u00e3o Jos\u00e9 de Ribamar (MA).<\/strong><\/p>\n<p>Segundo Zanin, h\u00e1 &#8220;ind\u00edcios suficientes&#8221; para o recebimento da den\u00fancia da procuradoria. Al\u00e9m disso, o ministro ponderou que, nesta fase processual, cabe ao Supremo apenas analisar o preenchimento das acusa\u00e7\u00f5es formais da acusa\u00e7\u00e3o.<\/p>\n<blockquote><p>&#8220;N\u00e3o se exige, para este ju\u00edzo de admissibilidade, prova completa do crime e de sua autoria, bastando a fundada suspeita quanto aos imputados e a prova da materialidade dos fatos. O recebimento da den\u00fancia, pois, n\u00e3o implica julgamento antecipado nem conduz \u00e0 conclus\u00e3o sobre culpabilidade&#8221;, escreveu Zanin.<\/p><\/blockquote>\n<h2>Defesas<\/h2>\n<p>A defesa do deputado Josimar Maranh\u00e3ozinho declarou ao Supremo que as acusa\u00e7\u00f5es da PGR contra o parlamentar se &#8220;mostram fr\u00e1geis e desfundamentadas&#8221;.<\/p>\n<p>Os advogados de Bosco Costa defenderam a rejei\u00e7\u00e3o da den\u00fancia por falta de provas. A defesa afirmou ao Supremo que a acusa\u00e7\u00e3o est\u00e1 baseada\u00a0 em &#8220;di\u00e1logos de terceiros e anota\u00e7\u00f5es manuscritas desconhecidas de Bosco&#8221;.<\/p>\n<p>A defesa de Pastor Gil defendeu a ilegalidade das provas obtidas na investiga\u00e7\u00e3o por entender que o caso deveria ter iniciado no STF, e n\u00e3o na Justi\u00e7a Federal do Maranh\u00e3o. Os advogados tamb\u00e9m acrescentaram que a den\u00fancia \u00e9 baseada em &#8220;hip\u00f3teses e conjecturas&#8221;.<\/p>\n","protected":false},"excerpt":{"rendered":"<p>Por unanimidade, o Supremo Tribunal Federal (STF) tornou r\u00e9us nesta ter\u00e7a-feira (11) dois deputados federais e um suplente do Partido Liberal (PL) pelos crimes de\u00a0corrup\u00e7\u00e3o passiva e organiza\u00e7\u00e3o criminosa.\u00a0A Corte j\u00e1 tinha maioria pela aceita\u00e7\u00e3o da den\u00fancia, e a vota\u00e7\u00e3o foi conclu\u00edda nesta ter\u00e7a. Com a decis\u00e3o,\u00a0v\u00e3o responder a processo no STF os parlamentares Josimar &hellip;<\/p>\n","protected":false},"author":1,"featured_media":4924,"comment_status":"closed","ping_status":"closed","sticky":false,"template":"","format":"standard","meta":{"footnotes":""},"categories":[30],"tags":[],"class_list":["post-4923","post","type-post","status-publish","format-standard","has-post-thumbnail","hentry","category-geral"],"yoast_head":"<!-- This site is optimized with the Yoast SEO plugin v27.4 - https:\/\/yoast.com\/product\/yoast-seo-wordpress\/ -->\n<title>STF torna r\u00e9us deputados e suplente do PL por suspeita de corrup\u00e7\u00e3o - Transam\u00e9rica Mococa 93,3<\/title>\n<meta name=\"robots\" content=\"index, follow, max-snippet:-1, max-image-preview:large, max-video-preview:-1\" \/>\n<link rel=\"canonical\" href=\"https:\/\/transamerica93.com.br\/home\/stf-torna-reus-deputados-e-suplente-do-pl-por-suspeita-de-corrupcao\/\" \/>\n<meta property=\"og:locale\" content=\"pt_BR\" \/>\n<meta property=\"og:type\" content=\"article\" \/>\n<meta property=\"og:title\" content=\"STF torna r\u00e9us deputados e suplente do PL por suspeita de corrup\u00e7\u00e3o - Transam\u00e9rica Mococa 93,3\" \/>\n<meta property=\"og:description\" content=\"Por unanimidade, o Supremo Tribunal Federal (STF) tornou r\u00e9us nesta ter\u00e7a-feira (11) dois deputados federais e um suplente do Partido Liberal (PL) pelos crimes de\u00a0corrup\u00e7\u00e3o passiva e organiza\u00e7\u00e3o criminosa.\u00a0A Corte j\u00e1 tinha maioria pela aceita\u00e7\u00e3o da den\u00fancia, e a vota\u00e7\u00e3o foi conclu\u00edda nesta ter\u00e7a. Com a decis\u00e3o,\u00a0v\u00e3o responder a processo no STF os parlamentares Josimar &hellip;\" \/>\n<meta property=\"og:url\" content=\"https:\/\/transamerica93.com.br\/home\/stf-torna-reus-deputados-e-suplente-do-pl-por-suspeita-de-corrupcao\/\" \/>\n<meta property=\"og:site_name\" content=\"Transam\u00e9rica Mococa 93,3\" \/>\n<meta property=\"article:publisher\" content=\"https:\/\/www.facebook.com\/transamericamococa\" \/>\n<meta property=\"article:published_time\" content=\"2025-03-24T12:00:35+00:00\" \/>\n<meta property=\"og:image\" content=\"https:\/\/transamerica93.com.br\/home\/wp-content\/uploads\/2025\/03\/1-14.jpg\" \/>\n\t<meta property=\"og:image:width\" content=\"1170\" \/>\n\t<meta property=\"og:image:height\" content=\"700\" \/>\n\t<meta property=\"og:image:type\" content=\"image\/jpeg\" \/>\n<meta name=\"author\" content=\"Reda\u00e7\u00e3o\" \/>\n<meta name=\"twitter:card\" content=\"summary_large_image\" \/>\n<meta name=\"twitter:creator\" content=\"@transamerica933\" \/>\n<meta name=\"twitter:site\" content=\"@transamerica933\" \/>\n<meta name=\"twitter:label1\" content=\"Escrito por\" \/>\n\t<meta name=\"twitter:data1\" content=\"Reda\u00e7\u00e3o\" \/>\n\t<meta name=\"twitter:label2\" content=\"Est. tempo de leitura\" \/>\n\t<meta name=\"twitter:data2\" content=\"3 minutos\" \/>\n<script type=\"application\/ld+json\" class=\"yoast-schema-graph\">{\"@context\":\"https:\\\/\\\/schema.org\",\"@graph\":[{\"@type\":\"Article\",\"@id\":\"https:\\\/\\\/transamerica93.com.br\\\/home\\\/stf-torna-reus-deputados-e-suplente-do-pl-por-suspeita-de-corrupcao\\\/#article\",\"isPartOf\":{\"@id\":\"https:\\\/\\\/transamerica93.com.br\\\/home\\\/stf-torna-reus-deputados-e-suplente-do-pl-por-suspeita-de-corrupcao\\\/\"},\"author\":{\"name\":\"Reda\u00e7\u00e3o\",\"@id\":\"https:\\\/\\\/transamerica93.com.br\\\/home\\\/#\\\/schema\\\/person\\\/7fed7c99c0d4562efa8561bc0f543172\"},\"headline\":\"STF torna r\u00e9us deputados e suplente do PL por suspeita de corrup\u00e7\u00e3o\",\"datePublished\":\"2025-03-24T12:00:35+00:00\",\"mainEntityOfPage\":{\"@id\":\"https:\\\/\\\/transamerica93.com.br\\\/home\\\/stf-torna-reus-deputados-e-suplente-do-pl-por-suspeita-de-corrupcao\\\/\"},\"wordCount\":414,\"publisher\":{\"@id\":\"https:\\\/\\\/transamerica93.com.br\\\/home\\\/#organization\"},\"image\":{\"@id\":\"https:\\\/\\\/transamerica93.com.br\\\/home\\\/stf-torna-reus-deputados-e-suplente-do-pl-por-suspeita-de-corrupcao\\\/#primaryimage\"},\"thumbnailUrl\":\"https:\\\/\\\/transamerica93.com.br\\\/home\\\/wp-content\\\/uploads\\\/2025\\\/03\\\/1-14.jpg\",\"articleSection\":[\"Geral\"],\"inLanguage\":\"pt-BR\"},{\"@type\":\"WebPage\",\"@id\":\"https:\\\/\\\/transamerica93.com.br\\\/home\\\/stf-torna-reus-deputados-e-suplente-do-pl-por-suspeita-de-corrupcao\\\/\",\"url\":\"https:\\\/\\\/transamerica93.com.br\\\/home\\\/stf-torna-reus-deputados-e-suplente-do-pl-por-suspeita-de-corrupcao\\\/\",\"name\":\"STF torna r\u00e9us deputados e suplente do PL por suspeita de corrup\u00e7\u00e3o - Transam\u00e9rica Mococa 93,3\",\"isPartOf\":{\"@id\":\"https:\\\/\\\/transamerica93.com.br\\\/home\\\/#website\"},\"primaryImageOfPage\":{\"@id\":\"https:\\\/\\\/transamerica93.com.br\\\/home\\\/stf-torna-reus-deputados-e-suplente-do-pl-por-suspeita-de-corrupcao\\\/#primaryimage\"},\"image\":{\"@id\":\"https:\\\/\\\/transamerica93.com.br\\\/home\\\/stf-torna-reus-deputados-e-suplente-do-pl-por-suspeita-de-corrupcao\\\/#primaryimage\"},\"thumbnailUrl\":\"https:\\\/\\\/transamerica93.com.br\\\/home\\\/wp-content\\\/uploads\\\/2025\\\/03\\\/1-14.jpg\",\"datePublished\":\"2025-03-24T12:00:35+00:00\",\"breadcrumb\":{\"@id\":\"https:\\\/\\\/transamerica93.com.br\\\/home\\\/stf-torna-reus-deputados-e-suplente-do-pl-por-suspeita-de-corrupcao\\\/#breadcrumb\"},\"inLanguage\":\"pt-BR\",\"potentialAction\":[{\"@type\":\"ReadAction\",\"target\":[\"https:\\\/\\\/transamerica93.com.br\\\/home\\\/stf-torna-reus-deputados-e-suplente-do-pl-por-suspeita-de-corrupcao\\\/\"]}]},{\"@type\":\"ImageObject\",\"inLanguage\":\"pt-BR\",\"@id\":\"https:\\\/\\\/transamerica93.com.br\\\/home\\\/stf-torna-reus-deputados-e-suplente-do-pl-por-suspeita-de-corrupcao\\\/#primaryimage\",\"url\":\"https:\\\/\\\/transamerica93.com.br\\\/home\\\/wp-content\\\/uploads\\\/2025\\\/03\\\/1-14.jpg\",\"contentUrl\":\"https:\\\/\\\/transamerica93.com.br\\\/home\\\/wp-content\\\/uploads\\\/2025\\\/03\\\/1-14.jpg\",\"width\":1170,\"height\":700,\"caption\":\"\u00a9 Fabio Rodrigues-Pozzebom\\\/ Ag\u00eancia Brasil\"},{\"@type\":\"BreadcrumbList\",\"@id\":\"https:\\\/\\\/transamerica93.com.br\\\/home\\\/stf-torna-reus-deputados-e-suplente-do-pl-por-suspeita-de-corrupcao\\\/#breadcrumb\",\"itemListElement\":[{\"@type\":\"ListItem\",\"position\":1,\"name\":\"In\u00edcio\",\"item\":\"https:\\\/\\\/transamerica93.com.br\\\/home\\\/\"},{\"@type\":\"ListItem\",\"position\":2,\"name\":\"STF torna r\u00e9us deputados e suplente do PL por suspeita de corrup\u00e7\u00e3o\"}]},{\"@type\":\"WebSite\",\"@id\":\"https:\\\/\\\/transamerica93.com.br\\\/home\\\/#website\",\"url\":\"https:\\\/\\\/transamerica93.com.br\\\/home\\\/\",\"name\":\"Transam\u00e9rica Mococa 93,3\",\"description\":\"\",\"publisher\":{\"@id\":\"https:\\\/\\\/transamerica93.com.br\\\/home\\\/#organization\"},\"potentialAction\":[{\"@type\":\"SearchAction\",\"target\":{\"@type\":\"EntryPoint\",\"urlTemplate\":\"https:\\\/\\\/transamerica93.com.br\\\/home\\\/?s={search_term_string}\"},\"query-input\":{\"@type\":\"PropertyValueSpecification\",\"valueRequired\":true,\"valueName\":\"search_term_string\"}}],\"inLanguage\":\"pt-BR\"},{\"@type\":\"Organization\",\"@id\":\"https:\\\/\\\/transamerica93.com.br\\\/home\\\/#organization\",\"name\":\"Transam\u00e9rica Mococa 93,3\",\"url\":\"https:\\\/\\\/transamerica93.com.br\\\/home\\\/\",\"logo\":{\"@type\":\"ImageObject\",\"inLanguage\":\"pt-BR\",\"@id\":\"https:\\\/\\\/transamerica93.com.br\\\/home\\\/#\\\/schema\\\/logo\\\/image\\\/\",\"url\":\"https:\\\/\\\/transamerica93.com.br\\\/home\\\/wp-content\\\/uploads\\\/2023\\\/10\\\/logo2.png\",\"contentUrl\":\"https:\\\/\\\/transamerica93.com.br\\\/home\\\/wp-content\\\/uploads\\\/2023\\\/10\\\/logo2.png\",\"width\":800,\"height\":500,\"caption\":\"Transam\u00e9rica Mococa 93,3\"},\"image\":{\"@id\":\"https:\\\/\\\/transamerica93.com.br\\\/home\\\/#\\\/schema\\\/logo\\\/image\\\/\"},\"sameAs\":[\"https:\\\/\\\/www.facebook.com\\\/transamericamococa\",\"https:\\\/\\\/x.com\\\/transamerica933\",\"https:\\\/\\\/www.instagram.com\\\/transamericamococa\"]},{\"@type\":\"Person\",\"@id\":\"https:\\\/\\\/transamerica93.com.br\\\/home\\\/#\\\/schema\\\/person\\\/7fed7c99c0d4562efa8561bc0f543172\",\"name\":\"Reda\u00e7\u00e3o\",\"image\":{\"@type\":\"ImageObject\",\"inLanguage\":\"pt-BR\",\"@id\":\"https:\\\/\\\/secure.gravatar.com\\\/avatar\\\/1072c6b775fb02ef8506ce967551d95926669a6b7d2c2147b42eea4d7c68395e?s=96&d=mm&r=g\",\"url\":\"https:\\\/\\\/secure.gravatar.com\\\/avatar\\\/1072c6b775fb02ef8506ce967551d95926669a6b7d2c2147b42eea4d7c68395e?s=96&d=mm&r=g\",\"contentUrl\":\"https:\\\/\\\/secure.gravatar.com\\\/avatar\\\/1072c6b775fb02ef8506ce967551d95926669a6b7d2c2147b42eea4d7c68395e?s=96&d=mm&r=g\",\"caption\":\"Reda\u00e7\u00e3o\"},\"sameAs\":[\"https:\\\/\\\/transamerica93.com.br\\\/home\"],\"url\":\"https:\\\/\\\/transamerica93.com.br\\\/home\\\/author\\\/william\\\/\"}]}<\/script>\n<!-- \/ Yoast SEO plugin. -->","yoast_head_json":{"title":"STF torna r\u00e9us deputados e suplente do PL por suspeita de corrup\u00e7\u00e3o - Transam\u00e9rica Mococa 93,3","robots":{"index":"index","follow":"follow","max-snippet":"max-snippet:-1","max-image-preview":"max-image-preview:large","max-video-preview":"max-video-preview:-1"},"canonical":"https:\/\/transamerica93.com.br\/home\/stf-torna-reus-deputados-e-suplente-do-pl-por-suspeita-de-corrupcao\/","og_locale":"pt_BR","og_type":"article","og_title":"STF torna r\u00e9us deputados e suplente do PL por suspeita de corrup\u00e7\u00e3o - Transam\u00e9rica Mococa 93,3","og_description":"Por unanimidade, o Supremo Tribunal Federal (STF) tornou r\u00e9us nesta ter\u00e7a-feira (11) dois deputados federais e um suplente do Partido Liberal (PL) pelos crimes de\u00a0corrup\u00e7\u00e3o passiva e organiza\u00e7\u00e3o criminosa.\u00a0A Corte j\u00e1 tinha maioria pela aceita\u00e7\u00e3o da den\u00fancia, e a vota\u00e7\u00e3o foi conclu\u00edda nesta ter\u00e7a. Com a decis\u00e3o,\u00a0v\u00e3o responder a processo no STF os parlamentares Josimar &hellip;","og_url":"https:\/\/transamerica93.com.br\/home\/stf-torna-reus-deputados-e-suplente-do-pl-por-suspeita-de-corrupcao\/","og_site_name":"Transam\u00e9rica Mococa 93,3","article_publisher":"https:\/\/www.facebook.com\/transamericamococa","article_published_time":"2025-03-24T12:00:35+00:00","og_image":[{"width":1170,"height":700,"url":"https:\/\/transamerica93.com.br\/home\/wp-content\/uploads\/2025\/03\/1-14.jpg","type":"image\/jpeg"}],"author":"Reda\u00e7\u00e3o","twitter_card":"summary_large_image","twitter_creator":"@transamerica933","twitter_site":"@transamerica933","twitter_misc":{"Escrito por":"Reda\u00e7\u00e3o","Est. tempo de leitura":"3 minutos"},"schema":{"@context":"https:\/\/schema.org","@graph":[{"@type":"Article","@id":"https:\/\/transamerica93.com.br\/home\/stf-torna-reus-deputados-e-suplente-do-pl-por-suspeita-de-corrupcao\/#article","isPartOf":{"@id":"https:\/\/transamerica93.com.br\/home\/stf-torna-reus-deputados-e-suplente-do-pl-por-suspeita-de-corrupcao\/"},"author":{"name":"Reda\u00e7\u00e3o","@id":"https:\/\/transamerica93.com.br\/home\/#\/schema\/person\/7fed7c99c0d4562efa8561bc0f543172"},"headline":"STF torna r\u00e9us deputados e suplente do PL por suspeita de corrup\u00e7\u00e3o","datePublished":"2025-03-24T12:00:35+00:00","mainEntityOfPage":{"@id":"https:\/\/transamerica93.com.br\/home\/stf-torna-reus-deputados-e-suplente-do-pl-por-suspeita-de-corrupcao\/"},"wordCount":414,"publisher":{"@id":"https:\/\/transamerica93.com.br\/home\/#organization"},"image":{"@id":"https:\/\/transamerica93.com.br\/home\/stf-torna-reus-deputados-e-suplente-do-pl-por-suspeita-de-corrupcao\/#primaryimage"},"thumbnailUrl":"https:\/\/transamerica93.com.br\/home\/wp-content\/uploads\/2025\/03\/1-14.jpg","articleSection":["Geral"],"inLanguage":"pt-BR"},{"@type":"WebPage","@id":"https:\/\/transamerica93.com.br\/home\/stf-torna-reus-deputados-e-suplente-do-pl-por-suspeita-de-corrupcao\/","url":"https:\/\/transamerica93.com.br\/home\/stf-torna-reus-deputados-e-suplente-do-pl-por-suspeita-de-corrupcao\/","name":"STF torna r\u00e9us deputados e suplente do PL por suspeita de corrup\u00e7\u00e3o - Transam\u00e9rica Mococa 93,3","isPartOf":{"@id":"https:\/\/transamerica93.com.br\/home\/#website"},"primaryImageOfPage":{"@id":"https:\/\/transamerica93.com.br\/home\/stf-torna-reus-deputados-e-suplente-do-pl-por-suspeita-de-corrupcao\/#primaryimage"},"image":{"@id":"https:\/\/transamerica93.com.br\/home\/stf-torna-reus-deputados-e-suplente-do-pl-por-suspeita-de-corrupcao\/#primaryimage"},"thumbnailUrl":"https:\/\/transamerica93.com.br\/home\/wp-content\/uploads\/2025\/03\/1-14.jpg","datePublished":"2025-03-24T12:00:35+00:00","breadcrumb":{"@id":"https:\/\/transamerica93.com.br\/home\/stf-torna-reus-deputados-e-suplente-do-pl-por-suspeita-de-corrupcao\/#breadcrumb"},"inLanguage":"pt-BR","potentialAction":[{"@type":"ReadAction","target":["https:\/\/transamerica93.com.br\/home\/stf-torna-reus-deputados-e-suplente-do-pl-por-suspeita-de-corrupcao\/"]}]},{"@type":"ImageObject","inLanguage":"pt-BR","@id":"https:\/\/transamerica93.com.br\/home\/stf-torna-reus-deputados-e-suplente-do-pl-por-suspeita-de-corrupcao\/#primaryimage","url":"https:\/\/transamerica93.com.br\/home\/wp-content\/uploads\/2025\/03\/1-14.jpg","contentUrl":"https:\/\/transamerica93.com.br\/home\/wp-content\/uploads\/2025\/03\/1-14.jpg","width":1170,"height":700,"caption":"\u00a9 Fabio Rodrigues-Pozzebom\/ Ag\u00eancia Brasil"},{"@type":"BreadcrumbList","@id":"https:\/\/transamerica93.com.br\/home\/stf-torna-reus-deputados-e-suplente-do-pl-por-suspeita-de-corrupcao\/#breadcrumb","itemListElement":[{"@type":"ListItem","position":1,"name":"In\u00edcio","item":"https:\/\/transamerica93.com.br\/home\/"},{"@type":"ListItem","position":2,"name":"STF torna r\u00e9us deputados e suplente do PL por suspeita de corrup\u00e7\u00e3o"}]},{"@type":"WebSite","@id":"https:\/\/transamerica93.com.br\/home\/#website","url":"https:\/\/transamerica93.com.br\/home\/","name":"Transam\u00e9rica Mococa 93,3","description":"","publisher":{"@id":"https:\/\/transamerica93.com.br\/home\/#organization"},"potentialAction":[{"@type":"SearchAction","target":{"@type":"EntryPoint","urlTemplate":"https:\/\/transamerica93.com.br\/home\/?s={search_term_string}"},"query-input":{"@type":"PropertyValueSpecification","valueRequired":true,"valueName":"search_term_string"}}],"inLanguage":"pt-BR"},{"@type":"Organization","@id":"https:\/\/transamerica93.com.br\/home\/#organization","name":"Transam\u00e9rica Mococa 93,3","url":"https:\/\/transamerica93.com.br\/home\/","logo":{"@type":"ImageObject","inLanguage":"pt-BR","@id":"https:\/\/transamerica93.com.br\/home\/#\/schema\/logo\/image\/","url":"https:\/\/transamerica93.com.br\/home\/wp-content\/uploads\/2023\/10\/logo2.png","contentUrl":"https:\/\/transamerica93.com.br\/home\/wp-content\/uploads\/2023\/10\/logo2.png","width":800,"height":500,"caption":"Transam\u00e9rica Mococa 93,3"},"image":{"@id":"https:\/\/transamerica93.com.br\/home\/#\/schema\/logo\/image\/"},"sameAs":["https:\/\/www.facebook.com\/transamericamococa","https:\/\/x.com\/transamerica933","https:\/\/www.instagram.com\/transamericamococa"]},{"@type":"Person","@id":"https:\/\/transamerica93.com.br\/home\/#\/schema\/person\/7fed7c99c0d4562efa8561bc0f543172","name":"Reda\u00e7\u00e3o","image":{"@type":"ImageObject","inLanguage":"pt-BR","@id":"https:\/\/secure.gravatar.com\/avatar\/1072c6b775fb02ef8506ce967551d95926669a6b7d2c2147b42eea4d7c68395e?s=96&d=mm&r=g","url":"https:\/\/secure.gravatar.com\/avatar\/1072c6b775fb02ef8506ce967551d95926669a6b7d2c2147b42eea4d7c68395e?s=96&d=mm&r=g","contentUrl":"https:\/\/secure.gravatar.com\/avatar\/1072c6b775fb02ef8506ce967551d95926669a6b7d2c2147b42eea4d7c68395e?s=96&d=mm&r=g","caption":"Reda\u00e7\u00e3o"},"sameAs":["https:\/\/transamerica93.com.br\/home"],"url":"https:\/\/transamerica93.com.br\/home\/author\/william\/"}]}},"_links":{"self":[{"href":"https:\/\/transamerica93.com.br\/home\/wp-json\/wp\/v2\/posts\/4923","targetHints":{"allow":["GET"]}}],"collection":[{"href":"https:\/\/transamerica93.com.br\/home\/wp-json\/wp\/v2\/posts"}],"about":[{"href":"https:\/\/transamerica93.com.br\/home\/wp-json\/wp\/v2\/types\/post"}],"author":[{"embeddable":true,"href":"https:\/\/transamerica93.com.br\/home\/wp-json\/wp\/v2\/users\/1"}],"replies":[{"embeddable":true,"href":"https:\/\/transamerica93.com.br\/home\/wp-json\/wp\/v2\/comments?post=4923"}],"version-history":[{"count":1,"href":"https:\/\/transamerica93.com.br\/home\/wp-json\/wp\/v2\/posts\/4923\/revisions"}],"predecessor-version":[{"id":4925,"href":"https:\/\/transamerica93.com.br\/home\/wp-json\/wp\/v2\/posts\/4923\/revisions\/4925"}],"wp:featuredmedia":[{"embeddable":true,"href":"https:\/\/transamerica93.com.br\/home\/wp-json\/wp\/v2\/media\/4924"}],"wp:attachment":[{"href":"https:\/\/transamerica93.com.br\/home\/wp-json\/wp\/v2\/media?parent=4923"}],"wp:term":[{"taxonomy":"category","embeddable":true,"href":"https:\/\/transamerica93.com.br\/home\/wp-json\/wp\/v2\/categories?post=4923"},{"taxonomy":"post_tag","embeddable":true,"href":"https:\/\/transamerica93.com.br\/home\/wp-json\/wp\/v2\/tags?post=4923"}],"curies":[{"name":"wp","href":"https:\/\/api.w.org\/{rel}","templated":true}]}}