{"id":4948,"date":"2025-04-03T09:00:41","date_gmt":"2025-04-03T12:00:41","guid":{"rendered":"https:\/\/transamerica93.com.br\/home\/?p=4948"},"modified":"2025-03-12T09:37:18","modified_gmt":"2025-03-12T12:37:18","slug":"cnj-registra-aumento-de-225-no-numero-de-julgamentos-de-feminicidio","status":"publish","type":"post","link":"https:\/\/transamerica93.com.br\/home\/cnj-registra-aumento-de-225-no-numero-de-julgamentos-de-feminicidio\/","title":{"rendered":"CNJ registra aumento de 225% no n\u00famero de julgamentos de feminic\u00eddio"},"content":{"rendered":"<p>O\u00a0<strong>Conselho Nacional de Justi\u00e7a (CNJ) registrou aumento de 225% nos julgamentos de casos de feminic\u00eddio<\/strong>\u00a0em todo o pa\u00eds no per\u00edodo de quatro anos. O n\u00famero faz parte do novo\u00a0<a href=\"https:\/\/justica-em-numeros.cnj.jus.br\/painel-violencia-contra-mulher\/\" target=\"_blank\" rel=\"noopener\"><em>Painel Viol\u00eancia Contra a Mulher<\/em><\/a>, lan\u00e7ado durante sess\u00e3o do CNJ.<img decoding=\"async\" data-src=\"https:\/\/agenciabrasil.ebc.com.br\/ebc.png?id=1634224&amp;o=node\" src=\"data:image\/svg+xml;base64,PHN2ZyB3aWR0aD0iMSIgaGVpZ2h0PSIxIiB4bWxucz0iaHR0cDovL3d3dy53My5vcmcvMjAwMC9zdmciPjwvc3ZnPg==\" class=\"lazyload\" \/><img decoding=\"async\" data-src=\"https:\/\/agenciabrasil.ebc.com.br\/ebc.gif?id=1634224&amp;o=node\" src=\"data:image\/svg+xml;base64,PHN2ZyB3aWR0aD0iMSIgaGVpZ2h0PSIxIiB4bWxucz0iaHR0cDovL3d3dy53My5vcmcvMjAwMC9zdmciPjwvc3ZnPg==\" class=\"lazyload\" \/><\/p>\n<p>Conforme o levantamento, o crescimento apresentou a seguinte evolu\u00e7\u00e3o de processos julgados: 2020 (3.375); 2021 (5.351); 2022 (6.989); 2023 (8.863) e 2024 (10.991).<\/p>\n<p>O conselho tamb\u00e9m registrou\u00a0<strong>aumento de novos casos julgados, que passaram de 3,5 mil em 2020, para 8,4 mil no ano passado<\/strong>. A eleva\u00e7\u00e3o tamb\u00e9m levou em conta os \u00faltimos quatro anos: 2020 (3.542); 2021 (5.043); 2022 (6.102); 2023 (7.388); 2024 (8.464).<\/p>\n<h2>Medidas protetivas<\/h2>\n<p>As informa\u00e7\u00f5es do painel tamb\u00e9m mostram\u00a0<strong>aumento do n\u00famero de medidas protetivas concedidas com base na Lei Maria da Penha<\/strong>.\u00a0<strong>O Judici\u00e1rio brasileiro chegou a 582.105 medidas concedidas em 2024<\/strong>.<\/p>\n<p><strong>O tempo m\u00e9dio de an\u00e1lise da medida protetiva pelo Judici\u00e1rio passou de 16 dias, em 2020, para cinco dias, no ano passado.<\/strong><\/p>\n<h2>Avalia\u00e7\u00e3o<\/h2>\n<p>Na avalia\u00e7\u00e3o do presidente do CNJ e do Supremo Tribunal Federal (STF),\u00a0<strong>ministro Lu\u00eds Roberto Barroso, os dados s\u00e3o &#8220;estarrecedores&#8221;\u00a0<\/strong>e v\u00e3o servir para a elabora\u00e7\u00e3o de pol\u00edticas p\u00fablicas de prote\u00e7\u00e3o \u00e0s mulheres.<\/p>\n<blockquote><p>&#8220;\u00c9 um n\u00famero que cresce a cada ano, o que revela a necessidade de prote\u00e7\u00e3o das mulheres pelo sistema de Justi\u00e7a. N\u00f3s n\u00e3o podemos fechar os olhos, nem virar o rosto para esse problema&#8221;, afirmou Barroso.<\/p><\/blockquote>\n<h2>Lei do Feminic\u00eddio<\/h2>\n<p>No \u00faltimo domingo (9), a\u00a0<a href=\"https:\/\/agenciabrasil.ebc.com.br\/direitos-humanos\/noticia\/2025-03\/lei-do-feminicidio-completa-10-anos\" target=\"_blank\" rel=\"noopener\"><strong>Lei do Feminic\u00eddio completou dez anos de vig\u00eancia<\/strong><\/a>. Sancionada em 2015 pela ent\u00e3o presidente Dilma Rousseff, a norma inseriu no C\u00f3digo Penal o crime de homic\u00eddio contra mulheres no contexto de viol\u00eancia dom\u00e9stica e de discrimina\u00e7\u00e3o.<\/p>\n<p>Em outubro do ano passado, o\u00a0<strong>presidente Luiz In\u00e1cio Lula da Silva sancionou a Lei 14.994\/24 e ampliou a pena para quem comete o crime<\/strong>. A pena, que variava entre 12 a 30 anos de pris\u00e3o, passou para m\u00ednimo de 20 e m\u00e1ximo de 40 anos.<\/p>\n","protected":false},"excerpt":{"rendered":"<p>O\u00a0Conselho Nacional de Justi\u00e7a (CNJ) registrou aumento de 225% nos julgamentos de casos de feminic\u00eddio\u00a0em todo o pa\u00eds no per\u00edodo de quatro anos. O n\u00famero faz parte do novo\u00a0Painel Viol\u00eancia Contra a Mulher, lan\u00e7ado durante sess\u00e3o do CNJ. Conforme o levantamento, o crescimento apresentou a seguinte evolu\u00e7\u00e3o de processos julgados: 2020 (3.375); 2021 (5.351); 2022 &hellip;<\/p>\n","protected":false},"author":1,"featured_media":4949,"comment_status":"closed","ping_status":"closed","sticky":false,"template":"","format":"standard","meta":{"footnotes":""},"categories":[30],"tags":[],"class_list":["post-4948","post","type-post","status-publish","format-standard","has-post-thumbnail","hentry","category-geral"],"yoast_head":"<!-- This site is optimized with the Yoast SEO plugin v27.4 - https:\/\/yoast.com\/product\/yoast-seo-wordpress\/ -->\n<title>CNJ registra aumento de 225% no n\u00famero de julgamentos de feminic\u00eddio - Transam\u00e9rica Mococa 93,3<\/title>\n<meta name=\"robots\" content=\"index, follow, max-snippet:-1, max-image-preview:large, max-video-preview:-1\" \/>\n<link rel=\"canonical\" href=\"https:\/\/transamerica93.com.br\/home\/cnj-registra-aumento-de-225-no-numero-de-julgamentos-de-feminicidio\/\" \/>\n<meta property=\"og:locale\" content=\"pt_BR\" \/>\n<meta property=\"og:type\" content=\"article\" \/>\n<meta property=\"og:title\" content=\"CNJ registra aumento de 225% no n\u00famero de julgamentos de feminic\u00eddio - Transam\u00e9rica Mococa 93,3\" \/>\n<meta property=\"og:description\" content=\"O\u00a0Conselho Nacional de Justi\u00e7a (CNJ) registrou aumento de 225% nos julgamentos de casos de feminic\u00eddio\u00a0em todo o pa\u00eds no per\u00edodo de quatro anos. O n\u00famero faz parte do novo\u00a0Painel Viol\u00eancia Contra a Mulher, lan\u00e7ado durante sess\u00e3o do CNJ. Conforme o levantamento, o crescimento apresentou a seguinte evolu\u00e7\u00e3o de processos julgados: 2020 (3.375); 2021 (5.351); 2022 &hellip;\" \/>\n<meta property=\"og:url\" content=\"https:\/\/transamerica93.com.br\/home\/cnj-registra-aumento-de-225-no-numero-de-julgamentos-de-feminicidio\/\" \/>\n<meta property=\"og:site_name\" content=\"Transam\u00e9rica Mococa 93,3\" \/>\n<meta property=\"article:publisher\" content=\"https:\/\/www.facebook.com\/transamericamococa\" \/>\n<meta property=\"article:published_time\" content=\"2025-04-03T12:00:41+00:00\" \/>\n<meta property=\"og:image\" content=\"https:\/\/transamerica93.com.br\/home\/wp-content\/uploads\/2025\/03\/1-22.jpg\" \/>\n\t<meta property=\"og:image:width\" content=\"1280\" \/>\n\t<meta property=\"og:image:height\" content=\"824\" \/>\n\t<meta property=\"og:image:type\" content=\"image\/jpeg\" \/>\n<meta name=\"author\" content=\"Reda\u00e7\u00e3o\" \/>\n<meta name=\"twitter:card\" content=\"summary_large_image\" \/>\n<meta name=\"twitter:creator\" content=\"@transamerica933\" \/>\n<meta name=\"twitter:site\" content=\"@transamerica933\" \/>\n<meta name=\"twitter:label1\" content=\"Escrito por\" \/>\n\t<meta name=\"twitter:data1\" content=\"Reda\u00e7\u00e3o\" \/>\n\t<meta name=\"twitter:label2\" content=\"Est. tempo de leitura\" \/>\n\t<meta name=\"twitter:data2\" content=\"3 minutos\" \/>\n<script type=\"application\/ld+json\" class=\"yoast-schema-graph\">{\"@context\":\"https:\\\/\\\/schema.org\",\"@graph\":[{\"@type\":\"Article\",\"@id\":\"https:\\\/\\\/transamerica93.com.br\\\/home\\\/cnj-registra-aumento-de-225-no-numero-de-julgamentos-de-feminicidio\\\/#article\",\"isPartOf\":{\"@id\":\"https:\\\/\\\/transamerica93.com.br\\\/home\\\/cnj-registra-aumento-de-225-no-numero-de-julgamentos-de-feminicidio\\\/\"},\"author\":{\"name\":\"Reda\u00e7\u00e3o\",\"@id\":\"https:\\\/\\\/transamerica93.com.br\\\/home\\\/#\\\/schema\\\/person\\\/7fed7c99c0d4562efa8561bc0f543172\"},\"headline\":\"CNJ registra aumento de 225% no n\u00famero de julgamentos de feminic\u00eddio\",\"datePublished\":\"2025-04-03T12:00:41+00:00\",\"mainEntityOfPage\":{\"@id\":\"https:\\\/\\\/transamerica93.com.br\\\/home\\\/cnj-registra-aumento-de-225-no-numero-de-julgamentos-de-feminicidio\\\/\"},\"wordCount\":342,\"publisher\":{\"@id\":\"https:\\\/\\\/transamerica93.com.br\\\/home\\\/#organization\"},\"image\":{\"@id\":\"https:\\\/\\\/transamerica93.com.br\\\/home\\\/cnj-registra-aumento-de-225-no-numero-de-julgamentos-de-feminicidio\\\/#primaryimage\"},\"thumbnailUrl\":\"https:\\\/\\\/transamerica93.com.br\\\/home\\\/wp-content\\\/uploads\\\/2025\\\/03\\\/1-22.jpg\",\"articleSection\":[\"Geral\"],\"inLanguage\":\"pt-BR\"},{\"@type\":\"WebPage\",\"@id\":\"https:\\\/\\\/transamerica93.com.br\\\/home\\\/cnj-registra-aumento-de-225-no-numero-de-julgamentos-de-feminicidio\\\/\",\"url\":\"https:\\\/\\\/transamerica93.com.br\\\/home\\\/cnj-registra-aumento-de-225-no-numero-de-julgamentos-de-feminicidio\\\/\",\"name\":\"CNJ registra aumento de 225% no n\u00famero de julgamentos de feminic\u00eddio - Transam\u00e9rica Mococa 93,3\",\"isPartOf\":{\"@id\":\"https:\\\/\\\/transamerica93.com.br\\\/home\\\/#website\"},\"primaryImageOfPage\":{\"@id\":\"https:\\\/\\\/transamerica93.com.br\\\/home\\\/cnj-registra-aumento-de-225-no-numero-de-julgamentos-de-feminicidio\\\/#primaryimage\"},\"image\":{\"@id\":\"https:\\\/\\\/transamerica93.com.br\\\/home\\\/cnj-registra-aumento-de-225-no-numero-de-julgamentos-de-feminicidio\\\/#primaryimage\"},\"thumbnailUrl\":\"https:\\\/\\\/transamerica93.com.br\\\/home\\\/wp-content\\\/uploads\\\/2025\\\/03\\\/1-22.jpg\",\"datePublished\":\"2025-04-03T12:00:41+00:00\",\"breadcrumb\":{\"@id\":\"https:\\\/\\\/transamerica93.com.br\\\/home\\\/cnj-registra-aumento-de-225-no-numero-de-julgamentos-de-feminicidio\\\/#breadcrumb\"},\"inLanguage\":\"pt-BR\",\"potentialAction\":[{\"@type\":\"ReadAction\",\"target\":[\"https:\\\/\\\/transamerica93.com.br\\\/home\\\/cnj-registra-aumento-de-225-no-numero-de-julgamentos-de-feminicidio\\\/\"]}]},{\"@type\":\"ImageObject\",\"inLanguage\":\"pt-BR\",\"@id\":\"https:\\\/\\\/transamerica93.com.br\\\/home\\\/cnj-registra-aumento-de-225-no-numero-de-julgamentos-de-feminicidio\\\/#primaryimage\",\"url\":\"https:\\\/\\\/transamerica93.com.br\\\/home\\\/wp-content\\\/uploads\\\/2025\\\/03\\\/1-22.jpg\",\"contentUrl\":\"https:\\\/\\\/transamerica93.com.br\\\/home\\\/wp-content\\\/uploads\\\/2025\\\/03\\\/1-22.jpg\",\"width\":1280,\"height\":824,\"caption\":\"\u00a9 T\u00e2nia R\u00eago\\\/Ag\u00eancia Brasil\"},{\"@type\":\"BreadcrumbList\",\"@id\":\"https:\\\/\\\/transamerica93.com.br\\\/home\\\/cnj-registra-aumento-de-225-no-numero-de-julgamentos-de-feminicidio\\\/#breadcrumb\",\"itemListElement\":[{\"@type\":\"ListItem\",\"position\":1,\"name\":\"In\u00edcio\",\"item\":\"https:\\\/\\\/transamerica93.com.br\\\/home\\\/\"},{\"@type\":\"ListItem\",\"position\":2,\"name\":\"CNJ registra aumento de 225% no n\u00famero de julgamentos de feminic\u00eddio\"}]},{\"@type\":\"WebSite\",\"@id\":\"https:\\\/\\\/transamerica93.com.br\\\/home\\\/#website\",\"url\":\"https:\\\/\\\/transamerica93.com.br\\\/home\\\/\",\"name\":\"Transam\u00e9rica Mococa 93,3\",\"description\":\"\",\"publisher\":{\"@id\":\"https:\\\/\\\/transamerica93.com.br\\\/home\\\/#organization\"},\"potentialAction\":[{\"@type\":\"SearchAction\",\"target\":{\"@type\":\"EntryPoint\",\"urlTemplate\":\"https:\\\/\\\/transamerica93.com.br\\\/home\\\/?s={search_term_string}\"},\"query-input\":{\"@type\":\"PropertyValueSpecification\",\"valueRequired\":true,\"valueName\":\"search_term_string\"}}],\"inLanguage\":\"pt-BR\"},{\"@type\":\"Organization\",\"@id\":\"https:\\\/\\\/transamerica93.com.br\\\/home\\\/#organization\",\"name\":\"Transam\u00e9rica Mococa 93,3\",\"url\":\"https:\\\/\\\/transamerica93.com.br\\\/home\\\/\",\"logo\":{\"@type\":\"ImageObject\",\"inLanguage\":\"pt-BR\",\"@id\":\"https:\\\/\\\/transamerica93.com.br\\\/home\\\/#\\\/schema\\\/logo\\\/image\\\/\",\"url\":\"https:\\\/\\\/transamerica93.com.br\\\/home\\\/wp-content\\\/uploads\\\/2023\\\/10\\\/logo2.png\",\"contentUrl\":\"https:\\\/\\\/transamerica93.com.br\\\/home\\\/wp-content\\\/uploads\\\/2023\\\/10\\\/logo2.png\",\"width\":800,\"height\":500,\"caption\":\"Transam\u00e9rica Mococa 93,3\"},\"image\":{\"@id\":\"https:\\\/\\\/transamerica93.com.br\\\/home\\\/#\\\/schema\\\/logo\\\/image\\\/\"},\"sameAs\":[\"https:\\\/\\\/www.facebook.com\\\/transamericamococa\",\"https:\\\/\\\/x.com\\\/transamerica933\",\"https:\\\/\\\/www.instagram.com\\\/transamericamococa\"]},{\"@type\":\"Person\",\"@id\":\"https:\\\/\\\/transamerica93.com.br\\\/home\\\/#\\\/schema\\\/person\\\/7fed7c99c0d4562efa8561bc0f543172\",\"name\":\"Reda\u00e7\u00e3o\",\"image\":{\"@type\":\"ImageObject\",\"inLanguage\":\"pt-BR\",\"@id\":\"https:\\\/\\\/secure.gravatar.com\\\/avatar\\\/1072c6b775fb02ef8506ce967551d95926669a6b7d2c2147b42eea4d7c68395e?s=96&d=mm&r=g\",\"url\":\"https:\\\/\\\/secure.gravatar.com\\\/avatar\\\/1072c6b775fb02ef8506ce967551d95926669a6b7d2c2147b42eea4d7c68395e?s=96&d=mm&r=g\",\"contentUrl\":\"https:\\\/\\\/secure.gravatar.com\\\/avatar\\\/1072c6b775fb02ef8506ce967551d95926669a6b7d2c2147b42eea4d7c68395e?s=96&d=mm&r=g\",\"caption\":\"Reda\u00e7\u00e3o\"},\"sameAs\":[\"https:\\\/\\\/transamerica93.com.br\\\/home\"],\"url\":\"https:\\\/\\\/transamerica93.com.br\\\/home\\\/author\\\/william\\\/\"}]}<\/script>\n<!-- \/ Yoast SEO plugin. -->","yoast_head_json":{"title":"CNJ registra aumento de 225% no n\u00famero de julgamentos de feminic\u00eddio - Transam\u00e9rica Mococa 93,3","robots":{"index":"index","follow":"follow","max-snippet":"max-snippet:-1","max-image-preview":"max-image-preview:large","max-video-preview":"max-video-preview:-1"},"canonical":"https:\/\/transamerica93.com.br\/home\/cnj-registra-aumento-de-225-no-numero-de-julgamentos-de-feminicidio\/","og_locale":"pt_BR","og_type":"article","og_title":"CNJ registra aumento de 225% no n\u00famero de julgamentos de feminic\u00eddio - Transam\u00e9rica Mococa 93,3","og_description":"O\u00a0Conselho Nacional de Justi\u00e7a (CNJ) registrou aumento de 225% nos julgamentos de casos de feminic\u00eddio\u00a0em todo o pa\u00eds no per\u00edodo de quatro anos. O n\u00famero faz parte do novo\u00a0Painel Viol\u00eancia Contra a Mulher, lan\u00e7ado durante sess\u00e3o do CNJ. Conforme o levantamento, o crescimento apresentou a seguinte evolu\u00e7\u00e3o de processos julgados: 2020 (3.375); 2021 (5.351); 2022 &hellip;","og_url":"https:\/\/transamerica93.com.br\/home\/cnj-registra-aumento-de-225-no-numero-de-julgamentos-de-feminicidio\/","og_site_name":"Transam\u00e9rica Mococa 93,3","article_publisher":"https:\/\/www.facebook.com\/transamericamococa","article_published_time":"2025-04-03T12:00:41+00:00","og_image":[{"width":1280,"height":824,"url":"https:\/\/transamerica93.com.br\/home\/wp-content\/uploads\/2025\/03\/1-22.jpg","type":"image\/jpeg"}],"author":"Reda\u00e7\u00e3o","twitter_card":"summary_large_image","twitter_creator":"@transamerica933","twitter_site":"@transamerica933","twitter_misc":{"Escrito por":"Reda\u00e7\u00e3o","Est. tempo de leitura":"3 minutos"},"schema":{"@context":"https:\/\/schema.org","@graph":[{"@type":"Article","@id":"https:\/\/transamerica93.com.br\/home\/cnj-registra-aumento-de-225-no-numero-de-julgamentos-de-feminicidio\/#article","isPartOf":{"@id":"https:\/\/transamerica93.com.br\/home\/cnj-registra-aumento-de-225-no-numero-de-julgamentos-de-feminicidio\/"},"author":{"name":"Reda\u00e7\u00e3o","@id":"https:\/\/transamerica93.com.br\/home\/#\/schema\/person\/7fed7c99c0d4562efa8561bc0f543172"},"headline":"CNJ registra aumento de 225% no n\u00famero de julgamentos de feminic\u00eddio","datePublished":"2025-04-03T12:00:41+00:00","mainEntityOfPage":{"@id":"https:\/\/transamerica93.com.br\/home\/cnj-registra-aumento-de-225-no-numero-de-julgamentos-de-feminicidio\/"},"wordCount":342,"publisher":{"@id":"https:\/\/transamerica93.com.br\/home\/#organization"},"image":{"@id":"https:\/\/transamerica93.com.br\/home\/cnj-registra-aumento-de-225-no-numero-de-julgamentos-de-feminicidio\/#primaryimage"},"thumbnailUrl":"https:\/\/transamerica93.com.br\/home\/wp-content\/uploads\/2025\/03\/1-22.jpg","articleSection":["Geral"],"inLanguage":"pt-BR"},{"@type":"WebPage","@id":"https:\/\/transamerica93.com.br\/home\/cnj-registra-aumento-de-225-no-numero-de-julgamentos-de-feminicidio\/","url":"https:\/\/transamerica93.com.br\/home\/cnj-registra-aumento-de-225-no-numero-de-julgamentos-de-feminicidio\/","name":"CNJ registra aumento de 225% no n\u00famero de julgamentos de feminic\u00eddio - Transam\u00e9rica Mococa 93,3","isPartOf":{"@id":"https:\/\/transamerica93.com.br\/home\/#website"},"primaryImageOfPage":{"@id":"https:\/\/transamerica93.com.br\/home\/cnj-registra-aumento-de-225-no-numero-de-julgamentos-de-feminicidio\/#primaryimage"},"image":{"@id":"https:\/\/transamerica93.com.br\/home\/cnj-registra-aumento-de-225-no-numero-de-julgamentos-de-feminicidio\/#primaryimage"},"thumbnailUrl":"https:\/\/transamerica93.com.br\/home\/wp-content\/uploads\/2025\/03\/1-22.jpg","datePublished":"2025-04-03T12:00:41+00:00","breadcrumb":{"@id":"https:\/\/transamerica93.com.br\/home\/cnj-registra-aumento-de-225-no-numero-de-julgamentos-de-feminicidio\/#breadcrumb"},"inLanguage":"pt-BR","potentialAction":[{"@type":"ReadAction","target":["https:\/\/transamerica93.com.br\/home\/cnj-registra-aumento-de-225-no-numero-de-julgamentos-de-feminicidio\/"]}]},{"@type":"ImageObject","inLanguage":"pt-BR","@id":"https:\/\/transamerica93.com.br\/home\/cnj-registra-aumento-de-225-no-numero-de-julgamentos-de-feminicidio\/#primaryimage","url":"https:\/\/transamerica93.com.br\/home\/wp-content\/uploads\/2025\/03\/1-22.jpg","contentUrl":"https:\/\/transamerica93.com.br\/home\/wp-content\/uploads\/2025\/03\/1-22.jpg","width":1280,"height":824,"caption":"\u00a9 T\u00e2nia R\u00eago\/Ag\u00eancia Brasil"},{"@type":"BreadcrumbList","@id":"https:\/\/transamerica93.com.br\/home\/cnj-registra-aumento-de-225-no-numero-de-julgamentos-de-feminicidio\/#breadcrumb","itemListElement":[{"@type":"ListItem","position":1,"name":"In\u00edcio","item":"https:\/\/transamerica93.com.br\/home\/"},{"@type":"ListItem","position":2,"name":"CNJ registra aumento de 225% no n\u00famero de julgamentos de feminic\u00eddio"}]},{"@type":"WebSite","@id":"https:\/\/transamerica93.com.br\/home\/#website","url":"https:\/\/transamerica93.com.br\/home\/","name":"Transam\u00e9rica Mococa 93,3","description":"","publisher":{"@id":"https:\/\/transamerica93.com.br\/home\/#organization"},"potentialAction":[{"@type":"SearchAction","target":{"@type":"EntryPoint","urlTemplate":"https:\/\/transamerica93.com.br\/home\/?s={search_term_string}"},"query-input":{"@type":"PropertyValueSpecification","valueRequired":true,"valueName":"search_term_string"}}],"inLanguage":"pt-BR"},{"@type":"Organization","@id":"https:\/\/transamerica93.com.br\/home\/#organization","name":"Transam\u00e9rica Mococa 93,3","url":"https:\/\/transamerica93.com.br\/home\/","logo":{"@type":"ImageObject","inLanguage":"pt-BR","@id":"https:\/\/transamerica93.com.br\/home\/#\/schema\/logo\/image\/","url":"https:\/\/transamerica93.com.br\/home\/wp-content\/uploads\/2023\/10\/logo2.png","contentUrl":"https:\/\/transamerica93.com.br\/home\/wp-content\/uploads\/2023\/10\/logo2.png","width":800,"height":500,"caption":"Transam\u00e9rica Mococa 93,3"},"image":{"@id":"https:\/\/transamerica93.com.br\/home\/#\/schema\/logo\/image\/"},"sameAs":["https:\/\/www.facebook.com\/transamericamococa","https:\/\/x.com\/transamerica933","https:\/\/www.instagram.com\/transamericamococa"]},{"@type":"Person","@id":"https:\/\/transamerica93.com.br\/home\/#\/schema\/person\/7fed7c99c0d4562efa8561bc0f543172","name":"Reda\u00e7\u00e3o","image":{"@type":"ImageObject","inLanguage":"pt-BR","@id":"https:\/\/secure.gravatar.com\/avatar\/1072c6b775fb02ef8506ce967551d95926669a6b7d2c2147b42eea4d7c68395e?s=96&d=mm&r=g","url":"https:\/\/secure.gravatar.com\/avatar\/1072c6b775fb02ef8506ce967551d95926669a6b7d2c2147b42eea4d7c68395e?s=96&d=mm&r=g","contentUrl":"https:\/\/secure.gravatar.com\/avatar\/1072c6b775fb02ef8506ce967551d95926669a6b7d2c2147b42eea4d7c68395e?s=96&d=mm&r=g","caption":"Reda\u00e7\u00e3o"},"sameAs":["https:\/\/transamerica93.com.br\/home"],"url":"https:\/\/transamerica93.com.br\/home\/author\/william\/"}]}},"_links":{"self":[{"href":"https:\/\/transamerica93.com.br\/home\/wp-json\/wp\/v2\/posts\/4948","targetHints":{"allow":["GET"]}}],"collection":[{"href":"https:\/\/transamerica93.com.br\/home\/wp-json\/wp\/v2\/posts"}],"about":[{"href":"https:\/\/transamerica93.com.br\/home\/wp-json\/wp\/v2\/types\/post"}],"author":[{"embeddable":true,"href":"https:\/\/transamerica93.com.br\/home\/wp-json\/wp\/v2\/users\/1"}],"replies":[{"embeddable":true,"href":"https:\/\/transamerica93.com.br\/home\/wp-json\/wp\/v2\/comments?post=4948"}],"version-history":[{"count":1,"href":"https:\/\/transamerica93.com.br\/home\/wp-json\/wp\/v2\/posts\/4948\/revisions"}],"predecessor-version":[{"id":4950,"href":"https:\/\/transamerica93.com.br\/home\/wp-json\/wp\/v2\/posts\/4948\/revisions\/4950"}],"wp:featuredmedia":[{"embeddable":true,"href":"https:\/\/transamerica93.com.br\/home\/wp-json\/wp\/v2\/media\/4949"}],"wp:attachment":[{"href":"https:\/\/transamerica93.com.br\/home\/wp-json\/wp\/v2\/media?parent=4948"}],"wp:term":[{"taxonomy":"category","embeddable":true,"href":"https:\/\/transamerica93.com.br\/home\/wp-json\/wp\/v2\/categories?post=4948"},{"taxonomy":"post_tag","embeddable":true,"href":"https:\/\/transamerica93.com.br\/home\/wp-json\/wp\/v2\/tags?post=4948"}],"curies":[{"name":"wp","href":"https:\/\/api.w.org\/{rel}","templated":true}]}}