{"id":4951,"date":"2025-04-04T09:00:42","date_gmt":"2025-04-04T12:00:42","guid":{"rendered":"https:\/\/transamerica93.com.br\/home\/?p=4951"},"modified":"2025-03-12T09:39:53","modified_gmt":"2025-03-12T12:39:53","slug":"stf-vai-decidir-se-fim-da-saidinha-se-aplica-a-condenados-antes-de-lei","status":"publish","type":"post","link":"https:\/\/transamerica93.com.br\/home\/stf-vai-decidir-se-fim-da-saidinha-se-aplica-a-condenados-antes-de-lei\/","title":{"rendered":"STF vai decidir se fim da saidinha se aplica a condenados antes de lei"},"content":{"rendered":"<p><strong>A maioria do plen\u00e1rio do Supremo Tribunal Federal (STF) votou para que a Corte defina se quem cumpria pena de pris\u00e3o quando o Congresso acabou com a chamada \u201csaidinha\u201d de presos continua a ter direito ao benef\u00edcio. \u00a0<\/strong><img decoding=\"async\" data-src=\"https:\/\/agenciabrasil.ebc.com.br\/ebc.png?id=1634109&amp;o=node\" src=\"data:image\/svg+xml;base64,PHN2ZyB3aWR0aD0iMSIgaGVpZ2h0PSIxIiB4bWxucz0iaHR0cDovL3d3dy53My5vcmcvMjAwMC9zdmciPjwvc3ZnPg==\" class=\"lazyload\" \/><img decoding=\"async\" data-src=\"https:\/\/agenciabrasil.ebc.com.br\/ebc.gif?id=1634109&amp;o=node\" src=\"data:image\/svg+xml;base64,PHN2ZyB3aWR0aD0iMSIgaGVpZ2h0PSIxIiB4bWxucz0iaHR0cDovL3d3dy53My5vcmcvMjAwMC9zdmciPjwvc3ZnPg==\" class=\"lazyload\" \/><\/p>\n<p>Nove dos 11 ministros do Supremo votaram para que um dos recursos que chegou \u00e0 Corte tenha repercuss\u00e3o geral. Isto \u00e9,\u00a0<strong>o desfecho do processo dever\u00e1 ser seguido para todos os casos semelhantes que tramitam em inst\u00e2ncias inferiores.\u00a0<\/strong><\/p>\n<p>A maioria tamb\u00e9m aprovou a suspens\u00e3o de todos os processos sobre o tema que estejam em tramita\u00e7\u00e3o na Justi\u00e7a brasileira. O assunto tamb\u00e9m \u00e9 discutido em ao menos quatro a\u00e7\u00f5es diretas de inconstitucionalidade (ADI), mas essa esp\u00e9cie de a\u00e7\u00e3o n\u00e3o permite a interrup\u00e7\u00e3o de processos nas inst\u00e2ncias inferiores.<\/p>\n<p><strong>Desde que a lei sobre o fim das sa\u00eddas tempor\u00e1rias foi promulgada pelo Congresso, em maio do ano passado, as defesas de milhares de presos t\u00eam acionado o Judici\u00e1rio para tentar impedir que proibi\u00e7\u00e3o das sa\u00eddas tempor\u00e1rias seja aplicada aos seus clientes.<\/strong><\/p>\n<p>O principal argumento \u00e9 o de que uma norma criminal n\u00e3o pode surtir efeito sobre casos anteriores a sua vig\u00eancia se for para prejudicar o preso. A garantia \u00e9 dada por um dos incisos do artigo 5\u00ba da Constitui\u00e7\u00e3o, segundo o qual \u201ca lei penal n\u00e3o retroagir\u00e1, salvo para beneficiar o r\u00e9u\u201d.<\/p>\n<p>O Minist\u00e9rio P\u00fablico, contudo, sustenta que a nova legisla\u00e7\u00e3o n\u00e3o \u00e9 penal, isto \u00e9, n\u00e3o trata da tipifica\u00e7\u00e3o de crimes, mas somente da execu\u00e7\u00e3o da pena para criminosos j\u00e1 condenados, raz\u00e3o pela qual n\u00e3o se aplicaria a garantia constitucional.<\/p>\n<p><strong>Em outas palavras, as condi\u00e7\u00f5es para a sa\u00edda tempor\u00e1ria s\u00e3o verificadas com base na legisla\u00e7\u00e3o em vigor no momento da concess\u00e3o do benef\u00edcio, e n\u00e3o das leis que regulamentavam a \u201csaidinha\u201d no momento do cometimento do crime, argumenta o MP.<\/strong><\/p>\n<p>Para o relator do caso, ministro Lu\u00eds Roberto Barroso, presidente do Supremo, a \u201cdefini\u00e7\u00e3o sobre a possibilidade de retroa\u00e7\u00e3o da Lei n\u00ba 14.843\/2024 para execu\u00e7\u00e3o de pena por crimes anteriores \u00e0 sua vig\u00eancia tem relevante impacto social, j\u00e1 que pode atingir parte expressiva da popula\u00e7\u00e3o carcer\u00e1ria brasileira\u201d.<\/p>\n<p>Barroso destacou que\u00a0<strong>o Brasil tem, por exemplo, mais de 110 mil presos em regime semiaberto, que foram afetados diretamente pela nova lei<\/strong>. \u201cCuida-se, pois, de mat\u00e9ria com repercuss\u00e3o geral, sob todos os pontos de vista (econ\u00f4mico, pol\u00edtico, social e jur\u00eddico), em raz\u00e3o da relev\u00e2ncia e transcend\u00eancia dos direitos envolvidos\u201d, afirmou o ministro.<\/p>\n<h2>Entenda<\/h2>\n<p>A repercuss\u00e3o geral foi aprovada pela maioria do Supremo em um caso no qual a Justi\u00e7a de Santa Catarina concedeu a sa\u00edda tempor\u00e1ria para visita \u00e0 fam\u00edlia a um preso do estado, sob a justificativa de que a n\u00e3o retroatividade de norma penal \u201c\u00e9 direito fundamental do cidad\u00e3o\u201d.<\/p>\n<p>Al\u00e9m do recurso de SC, onde\u00a0<strong>foram abertos ao menos 480 processos do tipo, outras 40 apela\u00e7\u00f5es sobre o assunto chegaram ao Supremo.\u00a0<\/strong><\/p>\n<p>A legisla\u00e7\u00e3o editada em 11 de abril de 2024 alterou a Lei de Execu\u00e7\u00f5es Penais para restringir a sa\u00edda tempor\u00e1ria de condenados por crimes hediondos ou violentos e acabar com as sa\u00eddas tempor\u00e1rias para visita a fam\u00edlia e ressocializa\u00e7\u00e3o dos presos em regime semiaberto.<\/p>\n<p>Antes da lei, os presos do semiaberto tinham direito de utilizar as sa\u00eddas tempor\u00e1rias para visitar familiares em feriados como P\u00e1scoa e Natal. Eles tamb\u00e9m podiam ficar soltos sem supervis\u00e3o por at\u00e9 sete dias para participar de atividades de ressocializa\u00e7\u00e3o. Ainda s\u00e3o permitidos outros tipos de sa\u00edda, como para estudar.<\/p>\n<p>Em todos os casos, as sa\u00eddas precisam de autoriza\u00e7\u00e3o do juiz respons\u00e1vel pela execu\u00e7\u00e3o penal. Os crit\u00e9rios a serem observados s\u00e3o: comportamento adequado na pris\u00e3o; cumprimento m\u00ednimo de um sexto\u00a0da pena, se o condenado for prim\u00e1rio, e um quarto, se reincidente; e compatibilidade do benef\u00edcio com os objetivos da pena.<\/p>\n","protected":false},"excerpt":{"rendered":"<p>A maioria do plen\u00e1rio do Supremo Tribunal Federal (STF) votou para que a Corte defina se quem cumpria pena de pris\u00e3o quando o Congresso acabou com a chamada \u201csaidinha\u201d de presos continua a ter direito ao benef\u00edcio. \u00a0 Nove dos 11 ministros do Supremo votaram para que um dos recursos que chegou \u00e0 Corte tenha &hellip;<\/p>\n","protected":false},"author":1,"featured_media":4952,"comment_status":"closed","ping_status":"closed","sticky":false,"template":"","format":"standard","meta":{"footnotes":""},"categories":[30],"tags":[],"class_list":["post-4951","post","type-post","status-publish","format-standard","has-post-thumbnail","hentry","category-geral"],"yoast_head":"<!-- This site is optimized with the Yoast SEO plugin v27.4 - https:\/\/yoast.com\/product\/yoast-seo-wordpress\/ -->\n<title>STF vai decidir se fim da saidinha se aplica a condenados antes de lei - Transam\u00e9rica Mococa 93,3<\/title>\n<meta name=\"robots\" content=\"index, follow, max-snippet:-1, max-image-preview:large, max-video-preview:-1\" \/>\n<link rel=\"canonical\" href=\"https:\/\/transamerica93.com.br\/home\/stf-vai-decidir-se-fim-da-saidinha-se-aplica-a-condenados-antes-de-lei\/\" \/>\n<meta property=\"og:locale\" content=\"pt_BR\" \/>\n<meta property=\"og:type\" content=\"article\" \/>\n<meta property=\"og:title\" content=\"STF vai decidir se fim da saidinha se aplica a condenados antes de lei - Transam\u00e9rica Mococa 93,3\" \/>\n<meta property=\"og:description\" content=\"A maioria do plen\u00e1rio do Supremo Tribunal Federal (STF) votou para que a Corte defina se quem cumpria pena de pris\u00e3o quando o Congresso acabou com a chamada \u201csaidinha\u201d de presos continua a ter direito ao benef\u00edcio. \u00a0 Nove dos 11 ministros do Supremo votaram para que um dos recursos que chegou \u00e0 Corte tenha &hellip;\" \/>\n<meta property=\"og:url\" content=\"https:\/\/transamerica93.com.br\/home\/stf-vai-decidir-se-fim-da-saidinha-se-aplica-a-condenados-antes-de-lei\/\" \/>\n<meta property=\"og:site_name\" content=\"Transam\u00e9rica Mococa 93,3\" \/>\n<meta property=\"article:publisher\" content=\"https:\/\/www.facebook.com\/transamericamococa\" \/>\n<meta property=\"article:published_time\" content=\"2025-04-04T12:00:42+00:00\" \/>\n<meta property=\"og:image\" content=\"https:\/\/transamerica93.com.br\/home\/wp-content\/uploads\/2025\/03\/1-23.jpg\" \/>\n\t<meta property=\"og:image:width\" content=\"1280\" \/>\n\t<meta property=\"og:image:height\" content=\"824\" \/>\n\t<meta property=\"og:image:type\" content=\"image\/jpeg\" \/>\n<meta name=\"author\" content=\"Reda\u00e7\u00e3o\" \/>\n<meta name=\"twitter:card\" content=\"summary_large_image\" \/>\n<meta name=\"twitter:creator\" content=\"@transamerica933\" \/>\n<meta name=\"twitter:site\" content=\"@transamerica933\" \/>\n<meta name=\"twitter:label1\" content=\"Escrito por\" \/>\n\t<meta name=\"twitter:data1\" content=\"Reda\u00e7\u00e3o\" \/>\n\t<meta name=\"twitter:label2\" content=\"Est. tempo de leitura\" \/>\n\t<meta name=\"twitter:data2\" content=\"4 minutos\" \/>\n<script type=\"application\/ld+json\" class=\"yoast-schema-graph\">{\"@context\":\"https:\\\/\\\/schema.org\",\"@graph\":[{\"@type\":\"Article\",\"@id\":\"https:\\\/\\\/transamerica93.com.br\\\/home\\\/stf-vai-decidir-se-fim-da-saidinha-se-aplica-a-condenados-antes-de-lei\\\/#article\",\"isPartOf\":{\"@id\":\"https:\\\/\\\/transamerica93.com.br\\\/home\\\/stf-vai-decidir-se-fim-da-saidinha-se-aplica-a-condenados-antes-de-lei\\\/\"},\"author\":{\"name\":\"Reda\u00e7\u00e3o\",\"@id\":\"https:\\\/\\\/transamerica93.com.br\\\/home\\\/#\\\/schema\\\/person\\\/7fed7c99c0d4562efa8561bc0f543172\"},\"headline\":\"STF vai decidir se fim da saidinha se aplica a condenados antes de lei\",\"datePublished\":\"2025-04-04T12:00:42+00:00\",\"mainEntityOfPage\":{\"@id\":\"https:\\\/\\\/transamerica93.com.br\\\/home\\\/stf-vai-decidir-se-fim-da-saidinha-se-aplica-a-condenados-antes-de-lei\\\/\"},\"wordCount\":704,\"publisher\":{\"@id\":\"https:\\\/\\\/transamerica93.com.br\\\/home\\\/#organization\"},\"image\":{\"@id\":\"https:\\\/\\\/transamerica93.com.br\\\/home\\\/stf-vai-decidir-se-fim-da-saidinha-se-aplica-a-condenados-antes-de-lei\\\/#primaryimage\"},\"thumbnailUrl\":\"https:\\\/\\\/transamerica93.com.br\\\/home\\\/wp-content\\\/uploads\\\/2025\\\/03\\\/1-23.jpg\",\"articleSection\":[\"Geral\"],\"inLanguage\":\"pt-BR\"},{\"@type\":\"WebPage\",\"@id\":\"https:\\\/\\\/transamerica93.com.br\\\/home\\\/stf-vai-decidir-se-fim-da-saidinha-se-aplica-a-condenados-antes-de-lei\\\/\",\"url\":\"https:\\\/\\\/transamerica93.com.br\\\/home\\\/stf-vai-decidir-se-fim-da-saidinha-se-aplica-a-condenados-antes-de-lei\\\/\",\"name\":\"STF vai decidir se fim da saidinha se aplica a condenados antes de lei - Transam\u00e9rica Mococa 93,3\",\"isPartOf\":{\"@id\":\"https:\\\/\\\/transamerica93.com.br\\\/home\\\/#website\"},\"primaryImageOfPage\":{\"@id\":\"https:\\\/\\\/transamerica93.com.br\\\/home\\\/stf-vai-decidir-se-fim-da-saidinha-se-aplica-a-condenados-antes-de-lei\\\/#primaryimage\"},\"image\":{\"@id\":\"https:\\\/\\\/transamerica93.com.br\\\/home\\\/stf-vai-decidir-se-fim-da-saidinha-se-aplica-a-condenados-antes-de-lei\\\/#primaryimage\"},\"thumbnailUrl\":\"https:\\\/\\\/transamerica93.com.br\\\/home\\\/wp-content\\\/uploads\\\/2025\\\/03\\\/1-23.jpg\",\"datePublished\":\"2025-04-04T12:00:42+00:00\",\"breadcrumb\":{\"@id\":\"https:\\\/\\\/transamerica93.com.br\\\/home\\\/stf-vai-decidir-se-fim-da-saidinha-se-aplica-a-condenados-antes-de-lei\\\/#breadcrumb\"},\"inLanguage\":\"pt-BR\",\"potentialAction\":[{\"@type\":\"ReadAction\",\"target\":[\"https:\\\/\\\/transamerica93.com.br\\\/home\\\/stf-vai-decidir-se-fim-da-saidinha-se-aplica-a-condenados-antes-de-lei\\\/\"]}]},{\"@type\":\"ImageObject\",\"inLanguage\":\"pt-BR\",\"@id\":\"https:\\\/\\\/transamerica93.com.br\\\/home\\\/stf-vai-decidir-se-fim-da-saidinha-se-aplica-a-condenados-antes-de-lei\\\/#primaryimage\",\"url\":\"https:\\\/\\\/transamerica93.com.br\\\/home\\\/wp-content\\\/uploads\\\/2025\\\/03\\\/1-23.jpg\",\"contentUrl\":\"https:\\\/\\\/transamerica93.com.br\\\/home\\\/wp-content\\\/uploads\\\/2025\\\/03\\\/1-23.jpg\",\"width\":1280,\"height\":824,\"caption\":\"\u00a9 Ricardo Wolffenb\u00fcttel\\\/ SECOM\"},{\"@type\":\"BreadcrumbList\",\"@id\":\"https:\\\/\\\/transamerica93.com.br\\\/home\\\/stf-vai-decidir-se-fim-da-saidinha-se-aplica-a-condenados-antes-de-lei\\\/#breadcrumb\",\"itemListElement\":[{\"@type\":\"ListItem\",\"position\":1,\"name\":\"In\u00edcio\",\"item\":\"https:\\\/\\\/transamerica93.com.br\\\/home\\\/\"},{\"@type\":\"ListItem\",\"position\":2,\"name\":\"STF vai decidir se fim da saidinha se aplica a condenados antes de lei\"}]},{\"@type\":\"WebSite\",\"@id\":\"https:\\\/\\\/transamerica93.com.br\\\/home\\\/#website\",\"url\":\"https:\\\/\\\/transamerica93.com.br\\\/home\\\/\",\"name\":\"Transam\u00e9rica Mococa 93,3\",\"description\":\"\",\"publisher\":{\"@id\":\"https:\\\/\\\/transamerica93.com.br\\\/home\\\/#organization\"},\"potentialAction\":[{\"@type\":\"SearchAction\",\"target\":{\"@type\":\"EntryPoint\",\"urlTemplate\":\"https:\\\/\\\/transamerica93.com.br\\\/home\\\/?s={search_term_string}\"},\"query-input\":{\"@type\":\"PropertyValueSpecification\",\"valueRequired\":true,\"valueName\":\"search_term_string\"}}],\"inLanguage\":\"pt-BR\"},{\"@type\":\"Organization\",\"@id\":\"https:\\\/\\\/transamerica93.com.br\\\/home\\\/#organization\",\"name\":\"Transam\u00e9rica Mococa 93,3\",\"url\":\"https:\\\/\\\/transamerica93.com.br\\\/home\\\/\",\"logo\":{\"@type\":\"ImageObject\",\"inLanguage\":\"pt-BR\",\"@id\":\"https:\\\/\\\/transamerica93.com.br\\\/home\\\/#\\\/schema\\\/logo\\\/image\\\/\",\"url\":\"https:\\\/\\\/transamerica93.com.br\\\/home\\\/wp-content\\\/uploads\\\/2023\\\/10\\\/logo2.png\",\"contentUrl\":\"https:\\\/\\\/transamerica93.com.br\\\/home\\\/wp-content\\\/uploads\\\/2023\\\/10\\\/logo2.png\",\"width\":800,\"height\":500,\"caption\":\"Transam\u00e9rica Mococa 93,3\"},\"image\":{\"@id\":\"https:\\\/\\\/transamerica93.com.br\\\/home\\\/#\\\/schema\\\/logo\\\/image\\\/\"},\"sameAs\":[\"https:\\\/\\\/www.facebook.com\\\/transamericamococa\",\"https:\\\/\\\/x.com\\\/transamerica933\",\"https:\\\/\\\/www.instagram.com\\\/transamericamococa\"]},{\"@type\":\"Person\",\"@id\":\"https:\\\/\\\/transamerica93.com.br\\\/home\\\/#\\\/schema\\\/person\\\/7fed7c99c0d4562efa8561bc0f543172\",\"name\":\"Reda\u00e7\u00e3o\",\"image\":{\"@type\":\"ImageObject\",\"inLanguage\":\"pt-BR\",\"@id\":\"https:\\\/\\\/secure.gravatar.com\\\/avatar\\\/1072c6b775fb02ef8506ce967551d95926669a6b7d2c2147b42eea4d7c68395e?s=96&d=mm&r=g\",\"url\":\"https:\\\/\\\/secure.gravatar.com\\\/avatar\\\/1072c6b775fb02ef8506ce967551d95926669a6b7d2c2147b42eea4d7c68395e?s=96&d=mm&r=g\",\"contentUrl\":\"https:\\\/\\\/secure.gravatar.com\\\/avatar\\\/1072c6b775fb02ef8506ce967551d95926669a6b7d2c2147b42eea4d7c68395e?s=96&d=mm&r=g\",\"caption\":\"Reda\u00e7\u00e3o\"},\"sameAs\":[\"https:\\\/\\\/transamerica93.com.br\\\/home\"],\"url\":\"https:\\\/\\\/transamerica93.com.br\\\/home\\\/author\\\/william\\\/\"}]}<\/script>\n<!-- \/ Yoast SEO plugin. -->","yoast_head_json":{"title":"STF vai decidir se fim da saidinha se aplica a condenados antes de lei - Transam\u00e9rica Mococa 93,3","robots":{"index":"index","follow":"follow","max-snippet":"max-snippet:-1","max-image-preview":"max-image-preview:large","max-video-preview":"max-video-preview:-1"},"canonical":"https:\/\/transamerica93.com.br\/home\/stf-vai-decidir-se-fim-da-saidinha-se-aplica-a-condenados-antes-de-lei\/","og_locale":"pt_BR","og_type":"article","og_title":"STF vai decidir se fim da saidinha se aplica a condenados antes de lei - Transam\u00e9rica Mococa 93,3","og_description":"A maioria do plen\u00e1rio do Supremo Tribunal Federal (STF) votou para que a Corte defina se quem cumpria pena de pris\u00e3o quando o Congresso acabou com a chamada \u201csaidinha\u201d de presos continua a ter direito ao benef\u00edcio. \u00a0 Nove dos 11 ministros do Supremo votaram para que um dos recursos que chegou \u00e0 Corte tenha &hellip;","og_url":"https:\/\/transamerica93.com.br\/home\/stf-vai-decidir-se-fim-da-saidinha-se-aplica-a-condenados-antes-de-lei\/","og_site_name":"Transam\u00e9rica Mococa 93,3","article_publisher":"https:\/\/www.facebook.com\/transamericamococa","article_published_time":"2025-04-04T12:00:42+00:00","og_image":[{"width":1280,"height":824,"url":"https:\/\/transamerica93.com.br\/home\/wp-content\/uploads\/2025\/03\/1-23.jpg","type":"image\/jpeg"}],"author":"Reda\u00e7\u00e3o","twitter_card":"summary_large_image","twitter_creator":"@transamerica933","twitter_site":"@transamerica933","twitter_misc":{"Escrito por":"Reda\u00e7\u00e3o","Est. tempo de leitura":"4 minutos"},"schema":{"@context":"https:\/\/schema.org","@graph":[{"@type":"Article","@id":"https:\/\/transamerica93.com.br\/home\/stf-vai-decidir-se-fim-da-saidinha-se-aplica-a-condenados-antes-de-lei\/#article","isPartOf":{"@id":"https:\/\/transamerica93.com.br\/home\/stf-vai-decidir-se-fim-da-saidinha-se-aplica-a-condenados-antes-de-lei\/"},"author":{"name":"Reda\u00e7\u00e3o","@id":"https:\/\/transamerica93.com.br\/home\/#\/schema\/person\/7fed7c99c0d4562efa8561bc0f543172"},"headline":"STF vai decidir se fim da saidinha se aplica a condenados antes de lei","datePublished":"2025-04-04T12:00:42+00:00","mainEntityOfPage":{"@id":"https:\/\/transamerica93.com.br\/home\/stf-vai-decidir-se-fim-da-saidinha-se-aplica-a-condenados-antes-de-lei\/"},"wordCount":704,"publisher":{"@id":"https:\/\/transamerica93.com.br\/home\/#organization"},"image":{"@id":"https:\/\/transamerica93.com.br\/home\/stf-vai-decidir-se-fim-da-saidinha-se-aplica-a-condenados-antes-de-lei\/#primaryimage"},"thumbnailUrl":"https:\/\/transamerica93.com.br\/home\/wp-content\/uploads\/2025\/03\/1-23.jpg","articleSection":["Geral"],"inLanguage":"pt-BR"},{"@type":"WebPage","@id":"https:\/\/transamerica93.com.br\/home\/stf-vai-decidir-se-fim-da-saidinha-se-aplica-a-condenados-antes-de-lei\/","url":"https:\/\/transamerica93.com.br\/home\/stf-vai-decidir-se-fim-da-saidinha-se-aplica-a-condenados-antes-de-lei\/","name":"STF vai decidir se fim da saidinha se aplica a condenados antes de lei - Transam\u00e9rica Mococa 93,3","isPartOf":{"@id":"https:\/\/transamerica93.com.br\/home\/#website"},"primaryImageOfPage":{"@id":"https:\/\/transamerica93.com.br\/home\/stf-vai-decidir-se-fim-da-saidinha-se-aplica-a-condenados-antes-de-lei\/#primaryimage"},"image":{"@id":"https:\/\/transamerica93.com.br\/home\/stf-vai-decidir-se-fim-da-saidinha-se-aplica-a-condenados-antes-de-lei\/#primaryimage"},"thumbnailUrl":"https:\/\/transamerica93.com.br\/home\/wp-content\/uploads\/2025\/03\/1-23.jpg","datePublished":"2025-04-04T12:00:42+00:00","breadcrumb":{"@id":"https:\/\/transamerica93.com.br\/home\/stf-vai-decidir-se-fim-da-saidinha-se-aplica-a-condenados-antes-de-lei\/#breadcrumb"},"inLanguage":"pt-BR","potentialAction":[{"@type":"ReadAction","target":["https:\/\/transamerica93.com.br\/home\/stf-vai-decidir-se-fim-da-saidinha-se-aplica-a-condenados-antes-de-lei\/"]}]},{"@type":"ImageObject","inLanguage":"pt-BR","@id":"https:\/\/transamerica93.com.br\/home\/stf-vai-decidir-se-fim-da-saidinha-se-aplica-a-condenados-antes-de-lei\/#primaryimage","url":"https:\/\/transamerica93.com.br\/home\/wp-content\/uploads\/2025\/03\/1-23.jpg","contentUrl":"https:\/\/transamerica93.com.br\/home\/wp-content\/uploads\/2025\/03\/1-23.jpg","width":1280,"height":824,"caption":"\u00a9 Ricardo Wolffenb\u00fcttel\/ SECOM"},{"@type":"BreadcrumbList","@id":"https:\/\/transamerica93.com.br\/home\/stf-vai-decidir-se-fim-da-saidinha-se-aplica-a-condenados-antes-de-lei\/#breadcrumb","itemListElement":[{"@type":"ListItem","position":1,"name":"In\u00edcio","item":"https:\/\/transamerica93.com.br\/home\/"},{"@type":"ListItem","position":2,"name":"STF vai decidir se fim da saidinha se aplica a condenados antes de lei"}]},{"@type":"WebSite","@id":"https:\/\/transamerica93.com.br\/home\/#website","url":"https:\/\/transamerica93.com.br\/home\/","name":"Transam\u00e9rica Mococa 93,3","description":"","publisher":{"@id":"https:\/\/transamerica93.com.br\/home\/#organization"},"potentialAction":[{"@type":"SearchAction","target":{"@type":"EntryPoint","urlTemplate":"https:\/\/transamerica93.com.br\/home\/?s={search_term_string}"},"query-input":{"@type":"PropertyValueSpecification","valueRequired":true,"valueName":"search_term_string"}}],"inLanguage":"pt-BR"},{"@type":"Organization","@id":"https:\/\/transamerica93.com.br\/home\/#organization","name":"Transam\u00e9rica Mococa 93,3","url":"https:\/\/transamerica93.com.br\/home\/","logo":{"@type":"ImageObject","inLanguage":"pt-BR","@id":"https:\/\/transamerica93.com.br\/home\/#\/schema\/logo\/image\/","url":"https:\/\/transamerica93.com.br\/home\/wp-content\/uploads\/2023\/10\/logo2.png","contentUrl":"https:\/\/transamerica93.com.br\/home\/wp-content\/uploads\/2023\/10\/logo2.png","width":800,"height":500,"caption":"Transam\u00e9rica Mococa 93,3"},"image":{"@id":"https:\/\/transamerica93.com.br\/home\/#\/schema\/logo\/image\/"},"sameAs":["https:\/\/www.facebook.com\/transamericamococa","https:\/\/x.com\/transamerica933","https:\/\/www.instagram.com\/transamericamococa"]},{"@type":"Person","@id":"https:\/\/transamerica93.com.br\/home\/#\/schema\/person\/7fed7c99c0d4562efa8561bc0f543172","name":"Reda\u00e7\u00e3o","image":{"@type":"ImageObject","inLanguage":"pt-BR","@id":"https:\/\/secure.gravatar.com\/avatar\/1072c6b775fb02ef8506ce967551d95926669a6b7d2c2147b42eea4d7c68395e?s=96&d=mm&r=g","url":"https:\/\/secure.gravatar.com\/avatar\/1072c6b775fb02ef8506ce967551d95926669a6b7d2c2147b42eea4d7c68395e?s=96&d=mm&r=g","contentUrl":"https:\/\/secure.gravatar.com\/avatar\/1072c6b775fb02ef8506ce967551d95926669a6b7d2c2147b42eea4d7c68395e?s=96&d=mm&r=g","caption":"Reda\u00e7\u00e3o"},"sameAs":["https:\/\/transamerica93.com.br\/home"],"url":"https:\/\/transamerica93.com.br\/home\/author\/william\/"}]}},"_links":{"self":[{"href":"https:\/\/transamerica93.com.br\/home\/wp-json\/wp\/v2\/posts\/4951","targetHints":{"allow":["GET"]}}],"collection":[{"href":"https:\/\/transamerica93.com.br\/home\/wp-json\/wp\/v2\/posts"}],"about":[{"href":"https:\/\/transamerica93.com.br\/home\/wp-json\/wp\/v2\/types\/post"}],"author":[{"embeddable":true,"href":"https:\/\/transamerica93.com.br\/home\/wp-json\/wp\/v2\/users\/1"}],"replies":[{"embeddable":true,"href":"https:\/\/transamerica93.com.br\/home\/wp-json\/wp\/v2\/comments?post=4951"}],"version-history":[{"count":1,"href":"https:\/\/transamerica93.com.br\/home\/wp-json\/wp\/v2\/posts\/4951\/revisions"}],"predecessor-version":[{"id":4953,"href":"https:\/\/transamerica93.com.br\/home\/wp-json\/wp\/v2\/posts\/4951\/revisions\/4953"}],"wp:featuredmedia":[{"embeddable":true,"href":"https:\/\/transamerica93.com.br\/home\/wp-json\/wp\/v2\/media\/4952"}],"wp:attachment":[{"href":"https:\/\/transamerica93.com.br\/home\/wp-json\/wp\/v2\/media?parent=4951"}],"wp:term":[{"taxonomy":"category","embeddable":true,"href":"https:\/\/transamerica93.com.br\/home\/wp-json\/wp\/v2\/categories?post=4951"},{"taxonomy":"post_tag","embeddable":true,"href":"https:\/\/transamerica93.com.br\/home\/wp-json\/wp\/v2\/tags?post=4951"}],"curies":[{"name":"wp","href":"https:\/\/api.w.org\/{rel}","templated":true}]}}