{"id":4978,"date":"2025-03-27T12:00:05","date_gmt":"2025-03-27T15:00:05","guid":{"rendered":"https:\/\/transamerica93.com.br\/home\/?p=4978"},"modified":"2025-03-12T10:03:29","modified_gmt":"2025-03-12T13:03:29","slug":"marcelo-teixeira-encerra-negociacao-por-thiago-maia-e-promete-adequar-folha-salarial-do-santos","status":"publish","type":"post","link":"https:\/\/transamerica93.com.br\/home\/marcelo-teixeira-encerra-negociacao-por-thiago-maia-e-promete-adequar-folha-salarial-do-santos\/","title":{"rendered":"Marcelo Teixeira encerra negocia\u00e7\u00e3o por Thiago Maia e promete adequar folha salarial do Santos"},"content":{"rendered":"<div id=\"Corpo\">O Santos desistiu oficialmente da contrata\u00e7\u00e3o do volante Thiago Maia. O presidente do clube, Marcelo Teixeira, confirmou que as tratativas foram encerradas ap\u00f3s dificuldades nas negocia\u00e7\u00f5es com Flamengo e Internacional. O jogador, que pertence ao clube rubro-negro e est\u00e1 emprestado ao time ga\u00facho, chegou a ser afastado do elenco para tentar viabilizar o retorno ao clube onde foi revelado.<\/p>\n<p>Marcelo Teixeira explicou que a quest\u00e3o financeira foi um fator determinante para a decis\u00e3o, refor\u00e7ando que o clube ainda passa por um per\u00edodo de reestrutura\u00e7\u00e3o. &#8220;J\u00e1 antecipo que, na quest\u00e3o Thiago Maia, pelo Santos, est\u00e1 encerrada. N\u00e3o temos nada mais que negociar. At\u00e9 pelo desgaste que tivemos na primeira negocia\u00e7\u00e3o com o Internacional. Depois, resolvemos com o Internacional, e houve as novas exig\u00eancias do Flamengo. Acho que no caso do Thiago Maia, por parte do Santos, est\u00e1 encerrada a negocia\u00e7\u00e3o&#8221;, afirmou o presidente \u00e0 TV Santa Cec\u00edlia.<\/p>\n<p>O volante demonstrou interesse em retornar ao clube desde a chegada de Neymar. No entanto, um dos impasses para a concretiza\u00e7\u00e3o do neg\u00f3cio foi a exig\u00eancia do Flamengo por garantias financeiras de que receberia o valor referente \u00e0 d\u00edvida do Internacional. O Santos n\u00e3o conseguiu apresentar as garantias exigidas, e a negocia\u00e7\u00e3o, que chegou a ser considerada avan\u00e7ada, acabou sendo interrompida.<\/p>\n<p>Al\u00e9m das dificuldades financeiras, a elimina\u00e7\u00e3o do Campeonato Paulista na semifinal para o Corinthians tamb\u00e9m pesou na decis\u00e3o Sem a premia\u00e7\u00e3o do torneio, a diretoria optou por n\u00e3o comprometer ainda mais o or\u00e7amento com a contrata\u00e7\u00e3o do meio-campista.<\/p>\n<p>&#8220;Precisamos adequar e acomodar. N\u00f3s vivemos um per\u00edodo complicado em 2024. Ainda \u00e9 grave a situa\u00e7\u00e3o financeira. Tiramos o Santos da UTI. Ele respira de uma maneira normal, mas isso n\u00e3o significa que ele esteja no patamar de outras equipes. Precisamos adequar o or\u00e7amento para que o Santos lute de igual para igual dentro e fora de campo. Precisamos adequar a folha salarial, que hoje continua alta&#8221;, completou o mandat\u00e1rio<\/p>\n<p>O clube agora volta suas aten\u00e7\u00f5es para o planejamento da temporada. O pr\u00f3ximo compromisso ser\u00e1 apenas no dia 30 de mar\u00e7o, contra o Vasco, pelo Campeonato Brasileiro. A comiss\u00e3o t\u00e9cnica de Pedro Caixinha pretende utilizar esse per\u00edodo para ajustes t\u00e1ticos e aprimoramento f\u00edsico do elenco.<\/p>\n<p>Um dos focos do departamento m\u00e9dico \u00e9 a recupera\u00e7\u00e3o de Neymar, que desfalcou o time na semifinal do Campeonato Paulista devido a um inc\u00f4modo muscular na coxa. A expectativa \u00e9 que o jogador aproveite o per\u00edodo sem jogos para recuperar a melhor condi\u00e7\u00e3o e estar apto para a estreia na competi\u00e7\u00e3o nacional.<\/p><\/div>\n","protected":false},"excerpt":{"rendered":"<p>O Santos desistiu oficialmente da contrata\u00e7\u00e3o do volante Thiago Maia. O presidente do clube, Marcelo Teixeira, confirmou que as tratativas foram encerradas ap\u00f3s dificuldades nas negocia\u00e7\u00f5es com Flamengo e Internacional. O jogador, que pertence ao clube rubro-negro e est\u00e1 emprestado ao time ga\u00facho, chegou a ser afastado do elenco para tentar viabilizar o retorno ao &hellip;<\/p>\n","protected":false},"author":1,"featured_media":4979,"comment_status":"closed","ping_status":"closed","sticky":false,"template":"","format":"standard","meta":{"footnotes":""},"categories":[31],"tags":[],"class_list":["post-4978","post","type-post","status-publish","format-standard","has-post-thumbnail","hentry","category-esportes"],"yoast_head":"<!-- This site is optimized with the Yoast SEO plugin v27.4 - https:\/\/yoast.com\/product\/yoast-seo-wordpress\/ -->\n<title>Marcelo Teixeira encerra negocia\u00e7\u00e3o por Thiago Maia e promete adequar folha salarial do Santos - Transam\u00e9rica Mococa 93,3<\/title>\n<meta name=\"robots\" content=\"index, follow, max-snippet:-1, max-image-preview:large, max-video-preview:-1\" \/>\n<link rel=\"canonical\" href=\"https:\/\/transamerica93.com.br\/home\/marcelo-teixeira-encerra-negociacao-por-thiago-maia-e-promete-adequar-folha-salarial-do-santos\/\" \/>\n<meta property=\"og:locale\" content=\"pt_BR\" \/>\n<meta property=\"og:type\" content=\"article\" \/>\n<meta property=\"og:title\" content=\"Marcelo Teixeira encerra negocia\u00e7\u00e3o por Thiago Maia e promete adequar folha salarial do Santos - Transam\u00e9rica Mococa 93,3\" \/>\n<meta property=\"og:description\" content=\"O Santos desistiu oficialmente da contrata\u00e7\u00e3o do volante Thiago Maia. O presidente do clube, Marcelo Teixeira, confirmou que as tratativas foram encerradas ap\u00f3s dificuldades nas negocia\u00e7\u00f5es com Flamengo e Internacional. O jogador, que pertence ao clube rubro-negro e est\u00e1 emprestado ao time ga\u00facho, chegou a ser afastado do elenco para tentar viabilizar o retorno ao &hellip;\" \/>\n<meta property=\"og:url\" content=\"https:\/\/transamerica93.com.br\/home\/marcelo-teixeira-encerra-negociacao-por-thiago-maia-e-promete-adequar-folha-salarial-do-santos\/\" \/>\n<meta property=\"og:site_name\" content=\"Transam\u00e9rica Mococa 93,3\" \/>\n<meta property=\"article:publisher\" content=\"https:\/\/www.facebook.com\/transamericamococa\" \/>\n<meta property=\"article:published_time\" content=\"2025-03-27T15:00:05+00:00\" \/>\n<meta property=\"og:image\" content=\"https:\/\/transamerica93.com.br\/home\/wp-content\/uploads\/2025\/03\/1-31.jpg\" \/>\n\t<meta property=\"og:image:width\" content=\"1600\" \/>\n\t<meta property=\"og:image:height\" content=\"900\" \/>\n\t<meta property=\"og:image:type\" content=\"image\/jpeg\" \/>\n<meta name=\"author\" content=\"Reda\u00e7\u00e3o\" \/>\n<meta name=\"twitter:card\" content=\"summary_large_image\" \/>\n<meta name=\"twitter:creator\" content=\"@transamerica933\" \/>\n<meta name=\"twitter:site\" content=\"@transamerica933\" \/>\n<meta name=\"twitter:label1\" content=\"Escrito por\" \/>\n\t<meta name=\"twitter:data1\" content=\"Reda\u00e7\u00e3o\" \/>\n\t<meta name=\"twitter:label2\" content=\"Est. tempo de leitura\" \/>\n\t<meta name=\"twitter:data2\" content=\"3 minutos\" \/>\n<script type=\"application\/ld+json\" class=\"yoast-schema-graph\">{\"@context\":\"https:\\\/\\\/schema.org\",\"@graph\":[{\"@type\":\"Article\",\"@id\":\"https:\\\/\\\/transamerica93.com.br\\\/home\\\/marcelo-teixeira-encerra-negociacao-por-thiago-maia-e-promete-adequar-folha-salarial-do-santos\\\/#article\",\"isPartOf\":{\"@id\":\"https:\\\/\\\/transamerica93.com.br\\\/home\\\/marcelo-teixeira-encerra-negociacao-por-thiago-maia-e-promete-adequar-folha-salarial-do-santos\\\/\"},\"author\":{\"name\":\"Reda\u00e7\u00e3o\",\"@id\":\"https:\\\/\\\/transamerica93.com.br\\\/home\\\/#\\\/schema\\\/person\\\/7fed7c99c0d4562efa8561bc0f543172\"},\"headline\":\"Marcelo Teixeira encerra negocia\u00e7\u00e3o por Thiago Maia e promete adequar folha salarial do Santos\",\"datePublished\":\"2025-03-27T15:00:05+00:00\",\"mainEntityOfPage\":{\"@id\":\"https:\\\/\\\/transamerica93.com.br\\\/home\\\/marcelo-teixeira-encerra-negociacao-por-thiago-maia-e-promete-adequar-folha-salarial-do-santos\\\/\"},\"wordCount\":470,\"publisher\":{\"@id\":\"https:\\\/\\\/transamerica93.com.br\\\/home\\\/#organization\"},\"image\":{\"@id\":\"https:\\\/\\\/transamerica93.com.br\\\/home\\\/marcelo-teixeira-encerra-negociacao-por-thiago-maia-e-promete-adequar-folha-salarial-do-santos\\\/#primaryimage\"},\"thumbnailUrl\":\"https:\\\/\\\/transamerica93.com.br\\\/home\\\/wp-content\\\/uploads\\\/2025\\\/03\\\/1-31.jpg\",\"articleSection\":[\"Esportes\"],\"inLanguage\":\"pt-BR\"},{\"@type\":\"WebPage\",\"@id\":\"https:\\\/\\\/transamerica93.com.br\\\/home\\\/marcelo-teixeira-encerra-negociacao-por-thiago-maia-e-promete-adequar-folha-salarial-do-santos\\\/\",\"url\":\"https:\\\/\\\/transamerica93.com.br\\\/home\\\/marcelo-teixeira-encerra-negociacao-por-thiago-maia-e-promete-adequar-folha-salarial-do-santos\\\/\",\"name\":\"Marcelo Teixeira encerra negocia\u00e7\u00e3o por Thiago Maia e promete adequar folha salarial do Santos - Transam\u00e9rica Mococa 93,3\",\"isPartOf\":{\"@id\":\"https:\\\/\\\/transamerica93.com.br\\\/home\\\/#website\"},\"primaryImageOfPage\":{\"@id\":\"https:\\\/\\\/transamerica93.com.br\\\/home\\\/marcelo-teixeira-encerra-negociacao-por-thiago-maia-e-promete-adequar-folha-salarial-do-santos\\\/#primaryimage\"},\"image\":{\"@id\":\"https:\\\/\\\/transamerica93.com.br\\\/home\\\/marcelo-teixeira-encerra-negociacao-por-thiago-maia-e-promete-adequar-folha-salarial-do-santos\\\/#primaryimage\"},\"thumbnailUrl\":\"https:\\\/\\\/transamerica93.com.br\\\/home\\\/wp-content\\\/uploads\\\/2025\\\/03\\\/1-31.jpg\",\"datePublished\":\"2025-03-27T15:00:05+00:00\",\"breadcrumb\":{\"@id\":\"https:\\\/\\\/transamerica93.com.br\\\/home\\\/marcelo-teixeira-encerra-negociacao-por-thiago-maia-e-promete-adequar-folha-salarial-do-santos\\\/#breadcrumb\"},\"inLanguage\":\"pt-BR\",\"potentialAction\":[{\"@type\":\"ReadAction\",\"target\":[\"https:\\\/\\\/transamerica93.com.br\\\/home\\\/marcelo-teixeira-encerra-negociacao-por-thiago-maia-e-promete-adequar-folha-salarial-do-santos\\\/\"]}]},{\"@type\":\"ImageObject\",\"inLanguage\":\"pt-BR\",\"@id\":\"https:\\\/\\\/transamerica93.com.br\\\/home\\\/marcelo-teixeira-encerra-negociacao-por-thiago-maia-e-promete-adequar-folha-salarial-do-santos\\\/#primaryimage\",\"url\":\"https:\\\/\\\/transamerica93.com.br\\\/home\\\/wp-content\\\/uploads\\\/2025\\\/03\\\/1-31.jpg\",\"contentUrl\":\"https:\\\/\\\/transamerica93.com.br\\\/home\\\/wp-content\\\/uploads\\\/2025\\\/03\\\/1-31.jpg\",\"width\":1600,\"height\":900},{\"@type\":\"BreadcrumbList\",\"@id\":\"https:\\\/\\\/transamerica93.com.br\\\/home\\\/marcelo-teixeira-encerra-negociacao-por-thiago-maia-e-promete-adequar-folha-salarial-do-santos\\\/#breadcrumb\",\"itemListElement\":[{\"@type\":\"ListItem\",\"position\":1,\"name\":\"In\u00edcio\",\"item\":\"https:\\\/\\\/transamerica93.com.br\\\/home\\\/\"},{\"@type\":\"ListItem\",\"position\":2,\"name\":\"Marcelo Teixeira encerra negocia\u00e7\u00e3o por Thiago Maia e promete adequar folha salarial do Santos\"}]},{\"@type\":\"WebSite\",\"@id\":\"https:\\\/\\\/transamerica93.com.br\\\/home\\\/#website\",\"url\":\"https:\\\/\\\/transamerica93.com.br\\\/home\\\/\",\"name\":\"Transam\u00e9rica Mococa 93,3\",\"description\":\"\",\"publisher\":{\"@id\":\"https:\\\/\\\/transamerica93.com.br\\\/home\\\/#organization\"},\"potentialAction\":[{\"@type\":\"SearchAction\",\"target\":{\"@type\":\"EntryPoint\",\"urlTemplate\":\"https:\\\/\\\/transamerica93.com.br\\\/home\\\/?s={search_term_string}\"},\"query-input\":{\"@type\":\"PropertyValueSpecification\",\"valueRequired\":true,\"valueName\":\"search_term_string\"}}],\"inLanguage\":\"pt-BR\"},{\"@type\":\"Organization\",\"@id\":\"https:\\\/\\\/transamerica93.com.br\\\/home\\\/#organization\",\"name\":\"Transam\u00e9rica Mococa 93,3\",\"url\":\"https:\\\/\\\/transamerica93.com.br\\\/home\\\/\",\"logo\":{\"@type\":\"ImageObject\",\"inLanguage\":\"pt-BR\",\"@id\":\"https:\\\/\\\/transamerica93.com.br\\\/home\\\/#\\\/schema\\\/logo\\\/image\\\/\",\"url\":\"https:\\\/\\\/transamerica93.com.br\\\/home\\\/wp-content\\\/uploads\\\/2023\\\/10\\\/logo2.png\",\"contentUrl\":\"https:\\\/\\\/transamerica93.com.br\\\/home\\\/wp-content\\\/uploads\\\/2023\\\/10\\\/logo2.png\",\"width\":800,\"height\":500,\"caption\":\"Transam\u00e9rica Mococa 93,3\"},\"image\":{\"@id\":\"https:\\\/\\\/transamerica93.com.br\\\/home\\\/#\\\/schema\\\/logo\\\/image\\\/\"},\"sameAs\":[\"https:\\\/\\\/www.facebook.com\\\/transamericamococa\",\"https:\\\/\\\/x.com\\\/transamerica933\",\"https:\\\/\\\/www.instagram.com\\\/transamericamococa\"]},{\"@type\":\"Person\",\"@id\":\"https:\\\/\\\/transamerica93.com.br\\\/home\\\/#\\\/schema\\\/person\\\/7fed7c99c0d4562efa8561bc0f543172\",\"name\":\"Reda\u00e7\u00e3o\",\"image\":{\"@type\":\"ImageObject\",\"inLanguage\":\"pt-BR\",\"@id\":\"https:\\\/\\\/secure.gravatar.com\\\/avatar\\\/1072c6b775fb02ef8506ce967551d95926669a6b7d2c2147b42eea4d7c68395e?s=96&d=mm&r=g\",\"url\":\"https:\\\/\\\/secure.gravatar.com\\\/avatar\\\/1072c6b775fb02ef8506ce967551d95926669a6b7d2c2147b42eea4d7c68395e?s=96&d=mm&r=g\",\"contentUrl\":\"https:\\\/\\\/secure.gravatar.com\\\/avatar\\\/1072c6b775fb02ef8506ce967551d95926669a6b7d2c2147b42eea4d7c68395e?s=96&d=mm&r=g\",\"caption\":\"Reda\u00e7\u00e3o\"},\"sameAs\":[\"https:\\\/\\\/transamerica93.com.br\\\/home\"],\"url\":\"https:\\\/\\\/transamerica93.com.br\\\/home\\\/author\\\/william\\\/\"}]}<\/script>\n<!-- \/ Yoast SEO plugin. -->","yoast_head_json":{"title":"Marcelo Teixeira encerra negocia\u00e7\u00e3o por Thiago Maia e promete adequar folha salarial do Santos - Transam\u00e9rica Mococa 93,3","robots":{"index":"index","follow":"follow","max-snippet":"max-snippet:-1","max-image-preview":"max-image-preview:large","max-video-preview":"max-video-preview:-1"},"canonical":"https:\/\/transamerica93.com.br\/home\/marcelo-teixeira-encerra-negociacao-por-thiago-maia-e-promete-adequar-folha-salarial-do-santos\/","og_locale":"pt_BR","og_type":"article","og_title":"Marcelo Teixeira encerra negocia\u00e7\u00e3o por Thiago Maia e promete adequar folha salarial do Santos - Transam\u00e9rica Mococa 93,3","og_description":"O Santos desistiu oficialmente da contrata\u00e7\u00e3o do volante Thiago Maia. O presidente do clube, Marcelo Teixeira, confirmou que as tratativas foram encerradas ap\u00f3s dificuldades nas negocia\u00e7\u00f5es com Flamengo e Internacional. O jogador, que pertence ao clube rubro-negro e est\u00e1 emprestado ao time ga\u00facho, chegou a ser afastado do elenco para tentar viabilizar o retorno ao &hellip;","og_url":"https:\/\/transamerica93.com.br\/home\/marcelo-teixeira-encerra-negociacao-por-thiago-maia-e-promete-adequar-folha-salarial-do-santos\/","og_site_name":"Transam\u00e9rica Mococa 93,3","article_publisher":"https:\/\/www.facebook.com\/transamericamococa","article_published_time":"2025-03-27T15:00:05+00:00","og_image":[{"width":1600,"height":900,"url":"https:\/\/transamerica93.com.br\/home\/wp-content\/uploads\/2025\/03\/1-31.jpg","type":"image\/jpeg"}],"author":"Reda\u00e7\u00e3o","twitter_card":"summary_large_image","twitter_creator":"@transamerica933","twitter_site":"@transamerica933","twitter_misc":{"Escrito por":"Reda\u00e7\u00e3o","Est. tempo de leitura":"3 minutos"},"schema":{"@context":"https:\/\/schema.org","@graph":[{"@type":"Article","@id":"https:\/\/transamerica93.com.br\/home\/marcelo-teixeira-encerra-negociacao-por-thiago-maia-e-promete-adequar-folha-salarial-do-santos\/#article","isPartOf":{"@id":"https:\/\/transamerica93.com.br\/home\/marcelo-teixeira-encerra-negociacao-por-thiago-maia-e-promete-adequar-folha-salarial-do-santos\/"},"author":{"name":"Reda\u00e7\u00e3o","@id":"https:\/\/transamerica93.com.br\/home\/#\/schema\/person\/7fed7c99c0d4562efa8561bc0f543172"},"headline":"Marcelo Teixeira encerra negocia\u00e7\u00e3o por Thiago Maia e promete adequar folha salarial do Santos","datePublished":"2025-03-27T15:00:05+00:00","mainEntityOfPage":{"@id":"https:\/\/transamerica93.com.br\/home\/marcelo-teixeira-encerra-negociacao-por-thiago-maia-e-promete-adequar-folha-salarial-do-santos\/"},"wordCount":470,"publisher":{"@id":"https:\/\/transamerica93.com.br\/home\/#organization"},"image":{"@id":"https:\/\/transamerica93.com.br\/home\/marcelo-teixeira-encerra-negociacao-por-thiago-maia-e-promete-adequar-folha-salarial-do-santos\/#primaryimage"},"thumbnailUrl":"https:\/\/transamerica93.com.br\/home\/wp-content\/uploads\/2025\/03\/1-31.jpg","articleSection":["Esportes"],"inLanguage":"pt-BR"},{"@type":"WebPage","@id":"https:\/\/transamerica93.com.br\/home\/marcelo-teixeira-encerra-negociacao-por-thiago-maia-e-promete-adequar-folha-salarial-do-santos\/","url":"https:\/\/transamerica93.com.br\/home\/marcelo-teixeira-encerra-negociacao-por-thiago-maia-e-promete-adequar-folha-salarial-do-santos\/","name":"Marcelo Teixeira encerra negocia\u00e7\u00e3o por Thiago Maia e promete adequar folha salarial do Santos - Transam\u00e9rica Mococa 93,3","isPartOf":{"@id":"https:\/\/transamerica93.com.br\/home\/#website"},"primaryImageOfPage":{"@id":"https:\/\/transamerica93.com.br\/home\/marcelo-teixeira-encerra-negociacao-por-thiago-maia-e-promete-adequar-folha-salarial-do-santos\/#primaryimage"},"image":{"@id":"https:\/\/transamerica93.com.br\/home\/marcelo-teixeira-encerra-negociacao-por-thiago-maia-e-promete-adequar-folha-salarial-do-santos\/#primaryimage"},"thumbnailUrl":"https:\/\/transamerica93.com.br\/home\/wp-content\/uploads\/2025\/03\/1-31.jpg","datePublished":"2025-03-27T15:00:05+00:00","breadcrumb":{"@id":"https:\/\/transamerica93.com.br\/home\/marcelo-teixeira-encerra-negociacao-por-thiago-maia-e-promete-adequar-folha-salarial-do-santos\/#breadcrumb"},"inLanguage":"pt-BR","potentialAction":[{"@type":"ReadAction","target":["https:\/\/transamerica93.com.br\/home\/marcelo-teixeira-encerra-negociacao-por-thiago-maia-e-promete-adequar-folha-salarial-do-santos\/"]}]},{"@type":"ImageObject","inLanguage":"pt-BR","@id":"https:\/\/transamerica93.com.br\/home\/marcelo-teixeira-encerra-negociacao-por-thiago-maia-e-promete-adequar-folha-salarial-do-santos\/#primaryimage","url":"https:\/\/transamerica93.com.br\/home\/wp-content\/uploads\/2025\/03\/1-31.jpg","contentUrl":"https:\/\/transamerica93.com.br\/home\/wp-content\/uploads\/2025\/03\/1-31.jpg","width":1600,"height":900},{"@type":"BreadcrumbList","@id":"https:\/\/transamerica93.com.br\/home\/marcelo-teixeira-encerra-negociacao-por-thiago-maia-e-promete-adequar-folha-salarial-do-santos\/#breadcrumb","itemListElement":[{"@type":"ListItem","position":1,"name":"In\u00edcio","item":"https:\/\/transamerica93.com.br\/home\/"},{"@type":"ListItem","position":2,"name":"Marcelo Teixeira encerra negocia\u00e7\u00e3o por Thiago Maia e promete adequar folha salarial do Santos"}]},{"@type":"WebSite","@id":"https:\/\/transamerica93.com.br\/home\/#website","url":"https:\/\/transamerica93.com.br\/home\/","name":"Transam\u00e9rica Mococa 93,3","description":"","publisher":{"@id":"https:\/\/transamerica93.com.br\/home\/#organization"},"potentialAction":[{"@type":"SearchAction","target":{"@type":"EntryPoint","urlTemplate":"https:\/\/transamerica93.com.br\/home\/?s={search_term_string}"},"query-input":{"@type":"PropertyValueSpecification","valueRequired":true,"valueName":"search_term_string"}}],"inLanguage":"pt-BR"},{"@type":"Organization","@id":"https:\/\/transamerica93.com.br\/home\/#organization","name":"Transam\u00e9rica Mococa 93,3","url":"https:\/\/transamerica93.com.br\/home\/","logo":{"@type":"ImageObject","inLanguage":"pt-BR","@id":"https:\/\/transamerica93.com.br\/home\/#\/schema\/logo\/image\/","url":"https:\/\/transamerica93.com.br\/home\/wp-content\/uploads\/2023\/10\/logo2.png","contentUrl":"https:\/\/transamerica93.com.br\/home\/wp-content\/uploads\/2023\/10\/logo2.png","width":800,"height":500,"caption":"Transam\u00e9rica Mococa 93,3"},"image":{"@id":"https:\/\/transamerica93.com.br\/home\/#\/schema\/logo\/image\/"},"sameAs":["https:\/\/www.facebook.com\/transamericamococa","https:\/\/x.com\/transamerica933","https:\/\/www.instagram.com\/transamericamococa"]},{"@type":"Person","@id":"https:\/\/transamerica93.com.br\/home\/#\/schema\/person\/7fed7c99c0d4562efa8561bc0f543172","name":"Reda\u00e7\u00e3o","image":{"@type":"ImageObject","inLanguage":"pt-BR","@id":"https:\/\/secure.gravatar.com\/avatar\/1072c6b775fb02ef8506ce967551d95926669a6b7d2c2147b42eea4d7c68395e?s=96&d=mm&r=g","url":"https:\/\/secure.gravatar.com\/avatar\/1072c6b775fb02ef8506ce967551d95926669a6b7d2c2147b42eea4d7c68395e?s=96&d=mm&r=g","contentUrl":"https:\/\/secure.gravatar.com\/avatar\/1072c6b775fb02ef8506ce967551d95926669a6b7d2c2147b42eea4d7c68395e?s=96&d=mm&r=g","caption":"Reda\u00e7\u00e3o"},"sameAs":["https:\/\/transamerica93.com.br\/home"],"url":"https:\/\/transamerica93.com.br\/home\/author\/william\/"}]}},"_links":{"self":[{"href":"https:\/\/transamerica93.com.br\/home\/wp-json\/wp\/v2\/posts\/4978","targetHints":{"allow":["GET"]}}],"collection":[{"href":"https:\/\/transamerica93.com.br\/home\/wp-json\/wp\/v2\/posts"}],"about":[{"href":"https:\/\/transamerica93.com.br\/home\/wp-json\/wp\/v2\/types\/post"}],"author":[{"embeddable":true,"href":"https:\/\/transamerica93.com.br\/home\/wp-json\/wp\/v2\/users\/1"}],"replies":[{"embeddable":true,"href":"https:\/\/transamerica93.com.br\/home\/wp-json\/wp\/v2\/comments?post=4978"}],"version-history":[{"count":1,"href":"https:\/\/transamerica93.com.br\/home\/wp-json\/wp\/v2\/posts\/4978\/revisions"}],"predecessor-version":[{"id":4980,"href":"https:\/\/transamerica93.com.br\/home\/wp-json\/wp\/v2\/posts\/4978\/revisions\/4980"}],"wp:featuredmedia":[{"embeddable":true,"href":"https:\/\/transamerica93.com.br\/home\/wp-json\/wp\/v2\/media\/4979"}],"wp:attachment":[{"href":"https:\/\/transamerica93.com.br\/home\/wp-json\/wp\/v2\/media?parent=4978"}],"wp:term":[{"taxonomy":"category","embeddable":true,"href":"https:\/\/transamerica93.com.br\/home\/wp-json\/wp\/v2\/categories?post=4978"},{"taxonomy":"post_tag","embeddable":true,"href":"https:\/\/transamerica93.com.br\/home\/wp-json\/wp\/v2\/tags?post=4978"}],"curies":[{"name":"wp","href":"https:\/\/api.w.org\/{rel}","templated":true}]}}