{"id":4987,"date":"2025-03-18T15:00:10","date_gmt":"2025-03-18T18:00:10","guid":{"rendered":"https:\/\/transamerica93.com.br\/home\/?p=4987"},"modified":"2025-03-12T18:06:48","modified_gmt":"2025-03-12T21:06:48","slug":"condenado-eduardo-costa-tem-habeas-corpus-negado-em-caso-envolvendo-fernanda-lima","status":"publish","type":"post","link":"https:\/\/transamerica93.com.br\/home\/condenado-eduardo-costa-tem-habeas-corpus-negado-em-caso-envolvendo-fernanda-lima\/","title":{"rendered":"Condenado, Eduardo Costa tem habeas corpus negado em caso envolvendo Fernanda Lima"},"content":{"rendered":"<h6 class=\"Assina\">Por Laysa Zanetti<\/h6>\n<p>A Justi\u00e7a do Rio de Janeiro negou um pedido de habeas corpus do cantor Eduardo Costa, condenado em processo movido por Fernanda Lima por crime de difama\u00e7\u00e3o. A informa\u00e7\u00e3o foi confirmada pelo\u00a0<b>Estad\u00e3o<\/b>.<\/p>\n<p>Na decis\u00e3o, o desembargador Luiz M\u00e1rcio Victor Alves Pereira, da 4\u00aa C\u00e2mara Criminal do Tribunal de Justi\u00e7a, concluiu pelo n\u00e3o seguimento do habeas corpus. A defesa do cantor recorreu, mas o desembargador manteve a decis\u00e3o, em movimenta\u00e7\u00e3o publicada nesta ter\u00e7a-feira, 11.<\/p>\n<p>Eduardo Costa foi condenado pelo TJ-RJ a prestar servi\u00e7os comunit\u00e1rios no Rio de Janeiro, durante oito meses, por sete horas semanais, e a realizar o pagamento de 26 dias-multa, no valor unit\u00e1rio de 1 sal\u00e1rio m\u00ednimo [R$ 1.518,00]. Ele foi condenado por proferir ofensas contra Fernanda Lima em 2018. Na \u00e9poca, o cantor fez ataques ap\u00f3s coment\u00e1rios dela durante o programa Amor &amp; Sexo, da Globo.<\/p>\n<p>Na ocasi\u00e3o, Fernanda foi chamada de &#8220;imbecil&#8221; (entre outras ofensas) por Eduardo Costa, que tamb\u00e9m afirmou, por meio de seu perfil no Instagram: &#8220;a mamata vai acabar, a corda sempre arrebenta pro lado mais fraco e o lado mais fraco hoje \u00e9 o que ela est\u00e1&#8221;.<\/p>\n<p>Posteriormente, o cantor voltou atr\u00e1s e pediu desculpas. No dia 30 de novembro do mesmo ano, Costa foi entrevistado pelo Conversa com Bial e se desculpou por meio de um v\u00eddeo.<\/p>\n<p><b>Defesa do cantor pediu mudan\u00e7a da pena<\/b><\/p>\n<p>Consta no documento do HC que a defesa de Eduardo Costa pediu a transfer\u00eancia do cumprimento da pena, j\u00e1 que ele reside em Minas Gerais e os servi\u00e7os devem ser prestados no Rio. O argumento de que a senten\u00e7a poderia interferir na sua agenda de compromissos profissionais n\u00e3o foi aceito.<\/p>\n<p>&#8220;Ao contr\u00e1rio, observo que os argumentos do MP, bem como os deitados na decis\u00e3o mencionada, apontam para a possibilidade do cumprimento da pena sem que haja demasiada interfer\u00eancia na agenda do r\u00e9u, tendo em vista a possibilidade de negocia\u00e7\u00e3o do hor\u00e1rio cab\u00edvel para presta\u00e7\u00e3o dos servi\u00e7os comunit\u00e1rios. No mesmo sentido, a alega\u00e7\u00e3o da defesa de que o r\u00e9u precisa dar shows e costuma se deslocar pelo pa\u00eds aponta exatamente a aus\u00eancia de \u00f3bice para o cumprimento no Rio de Janeiro, uma vez que o r\u00e9u j\u00e1 possui rotina de deslocamentos entre estados, detendo a log\u00edstica de alta capacidade que shows no Brasil inteiro requere.&#8221;<\/p>\n<p>Na senten\u00e7a, o desembargador refor\u00e7a que uma equipe vai garantir que o cumprimento dos servi\u00e7os comunit\u00e1rios n\u00e3o afete a agenda de shows do artista. A justificativa para a n\u00e3o transfer\u00eancia \u00e9 que ele n\u00e3o foi localizado em dois endere\u00e7os fornecidos pelos advogados, em Minas Gerais e em S\u00e3o Paulo.<\/p>\n<p>&#8220;Al\u00e9m disso, conforme anotado pelo 4\u00ba Juizado Especial Criminal, na tramita\u00e7\u00e3o do feito foram expedidas in\u00fameras intima\u00e7\u00f5es e cartas precat\u00f3rias para endere\u00e7os do apenado, indicados pelos advogados, no Estado de S\u00e3o Paulo e em Belo Horizonte. Por\u00e9m, o paciente n\u00e3o foi localizado em qualquer um deles, raz\u00e3o pela qual, em an\u00e1lise perfunct\u00f3ria, se justifica a manuten\u00e7\u00e3o da execu\u00e7\u00e3o da pena restritiva de direitos no Rio de Janeiro. A magistrada a quo salientou, inclusive, que a equipe da Central de Penas e Medidas Alternativas cuidar\u00e1 para que a presta\u00e7\u00e3o de servi\u00e7os comunit\u00e1rios n\u00e3o prejudique as atividades profissionais do apenado.&#8221;<\/p>\n<p><b>Entenda o caso<\/b><\/p>\n<p>Eduardo Costa foi processado por Fernanda Lima em 2018, por crime de difama\u00e7\u00e3o, ap\u00f3s proferir ofensas contra ela por declara\u00e7\u00f5es no programa Amor &amp; Sexo.<\/p>\n<p>Em 2023, o Minist\u00e9rio P\u00fablico condenou Costa a indenizar a apresentadora em R$ 70 mil e a prestar servi\u00e7os comunit\u00e1rios. Ele recorreu da senten\u00e7a, mas n\u00e3o conseguiu libera\u00e7\u00e3o. Ap\u00f3s ele n\u00e3o se manifestar na a\u00e7\u00e3o, o MP pediu que a pena fosse substitu\u00edda de restritiva de direitos para privativa de liberdade, mas a Justi\u00e7a do Rio negou.<\/p>\n","protected":false},"excerpt":{"rendered":"<p>Por Laysa Zanetti A Justi\u00e7a do Rio de Janeiro negou um pedido de habeas corpus do cantor Eduardo Costa, condenado em processo movido por Fernanda Lima por crime de difama\u00e7\u00e3o. A informa\u00e7\u00e3o foi confirmada pelo\u00a0Estad\u00e3o. Na decis\u00e3o, o desembargador Luiz M\u00e1rcio Victor Alves Pereira, da 4\u00aa C\u00e2mara Criminal do Tribunal de Justi\u00e7a, concluiu pelo n\u00e3o &hellip;<\/p>\n","protected":false},"author":1,"featured_media":4988,"comment_status":"closed","ping_status":"closed","sticky":false,"template":"","format":"standard","meta":{"footnotes":""},"categories":[25],"tags":[],"class_list":["post-4987","post","type-post","status-publish","format-standard","has-post-thumbnail","hentry","category-musica"],"yoast_head":"<!-- This site is optimized with the Yoast SEO plugin v27.4 - https:\/\/yoast.com\/product\/yoast-seo-wordpress\/ -->\n<title>Condenado, Eduardo Costa tem habeas corpus negado em caso envolvendo Fernanda Lima - Transam\u00e9rica Mococa 93,3<\/title>\n<meta name=\"robots\" content=\"index, follow, max-snippet:-1, max-image-preview:large, max-video-preview:-1\" \/>\n<link rel=\"canonical\" href=\"https:\/\/transamerica93.com.br\/home\/condenado-eduardo-costa-tem-habeas-corpus-negado-em-caso-envolvendo-fernanda-lima\/\" \/>\n<meta property=\"og:locale\" content=\"pt_BR\" \/>\n<meta property=\"og:type\" content=\"article\" \/>\n<meta property=\"og:title\" content=\"Condenado, Eduardo Costa tem habeas corpus negado em caso envolvendo Fernanda Lima - Transam\u00e9rica Mococa 93,3\" \/>\n<meta property=\"og:description\" content=\"Por Laysa Zanetti A Justi\u00e7a do Rio de Janeiro negou um pedido de habeas corpus do cantor Eduardo Costa, condenado em processo movido por Fernanda Lima por crime de difama\u00e7\u00e3o. A informa\u00e7\u00e3o foi confirmada pelo\u00a0Estad\u00e3o. Na decis\u00e3o, o desembargador Luiz M\u00e1rcio Victor Alves Pereira, da 4\u00aa C\u00e2mara Criminal do Tribunal de Justi\u00e7a, concluiu pelo n\u00e3o &hellip;\" \/>\n<meta property=\"og:url\" content=\"https:\/\/transamerica93.com.br\/home\/condenado-eduardo-costa-tem-habeas-corpus-negado-em-caso-envolvendo-fernanda-lima\/\" \/>\n<meta property=\"og:site_name\" content=\"Transam\u00e9rica Mococa 93,3\" \/>\n<meta property=\"article:publisher\" content=\"https:\/\/www.facebook.com\/transamericamococa\" \/>\n<meta property=\"article:published_time\" content=\"2025-03-18T18:00:10+00:00\" \/>\n<meta property=\"og:image\" content=\"https:\/\/transamerica93.com.br\/home\/wp-content\/uploads\/2025\/03\/Image1-3.jpg\" \/>\n\t<meta property=\"og:image:width\" content=\"800\" \/>\n\t<meta property=\"og:image:height\" content=\"500\" \/>\n\t<meta property=\"og:image:type\" content=\"image\/jpeg\" \/>\n<meta name=\"author\" content=\"Reda\u00e7\u00e3o\" \/>\n<meta name=\"twitter:card\" content=\"summary_large_image\" \/>\n<meta name=\"twitter:creator\" content=\"@transamerica933\" \/>\n<meta name=\"twitter:site\" content=\"@transamerica933\" \/>\n<meta name=\"twitter:label1\" content=\"Escrito por\" \/>\n\t<meta name=\"twitter:data1\" content=\"Reda\u00e7\u00e3o\" \/>\n\t<meta name=\"twitter:label2\" content=\"Est. tempo de leitura\" \/>\n\t<meta name=\"twitter:data2\" content=\"4 minutos\" \/>\n<script type=\"application\/ld+json\" class=\"yoast-schema-graph\">{\"@context\":\"https:\\\/\\\/schema.org\",\"@graph\":[{\"@type\":\"Article\",\"@id\":\"https:\\\/\\\/transamerica93.com.br\\\/home\\\/condenado-eduardo-costa-tem-habeas-corpus-negado-em-caso-envolvendo-fernanda-lima\\\/#article\",\"isPartOf\":{\"@id\":\"https:\\\/\\\/transamerica93.com.br\\\/home\\\/condenado-eduardo-costa-tem-habeas-corpus-negado-em-caso-envolvendo-fernanda-lima\\\/\"},\"author\":{\"name\":\"Reda\u00e7\u00e3o\",\"@id\":\"https:\\\/\\\/transamerica93.com.br\\\/home\\\/#\\\/schema\\\/person\\\/7fed7c99c0d4562efa8561bc0f543172\"},\"headline\":\"Condenado, Eduardo Costa tem habeas corpus negado em caso envolvendo Fernanda Lima\",\"datePublished\":\"2025-03-18T18:00:10+00:00\",\"mainEntityOfPage\":{\"@id\":\"https:\\\/\\\/transamerica93.com.br\\\/home\\\/condenado-eduardo-costa-tem-habeas-corpus-negado-em-caso-envolvendo-fernanda-lima\\\/\"},\"wordCount\":699,\"publisher\":{\"@id\":\"https:\\\/\\\/transamerica93.com.br\\\/home\\\/#organization\"},\"image\":{\"@id\":\"https:\\\/\\\/transamerica93.com.br\\\/home\\\/condenado-eduardo-costa-tem-habeas-corpus-negado-em-caso-envolvendo-fernanda-lima\\\/#primaryimage\"},\"thumbnailUrl\":\"https:\\\/\\\/transamerica93.com.br\\\/home\\\/wp-content\\\/uploads\\\/2025\\\/03\\\/Image1-3.jpg\",\"articleSection\":[\"M\u00fasica\"],\"inLanguage\":\"pt-BR\"},{\"@type\":\"WebPage\",\"@id\":\"https:\\\/\\\/transamerica93.com.br\\\/home\\\/condenado-eduardo-costa-tem-habeas-corpus-negado-em-caso-envolvendo-fernanda-lima\\\/\",\"url\":\"https:\\\/\\\/transamerica93.com.br\\\/home\\\/condenado-eduardo-costa-tem-habeas-corpus-negado-em-caso-envolvendo-fernanda-lima\\\/\",\"name\":\"Condenado, Eduardo Costa tem habeas corpus negado em caso envolvendo Fernanda Lima - Transam\u00e9rica Mococa 93,3\",\"isPartOf\":{\"@id\":\"https:\\\/\\\/transamerica93.com.br\\\/home\\\/#website\"},\"primaryImageOfPage\":{\"@id\":\"https:\\\/\\\/transamerica93.com.br\\\/home\\\/condenado-eduardo-costa-tem-habeas-corpus-negado-em-caso-envolvendo-fernanda-lima\\\/#primaryimage\"},\"image\":{\"@id\":\"https:\\\/\\\/transamerica93.com.br\\\/home\\\/condenado-eduardo-costa-tem-habeas-corpus-negado-em-caso-envolvendo-fernanda-lima\\\/#primaryimage\"},\"thumbnailUrl\":\"https:\\\/\\\/transamerica93.com.br\\\/home\\\/wp-content\\\/uploads\\\/2025\\\/03\\\/Image1-3.jpg\",\"datePublished\":\"2025-03-18T18:00:10+00:00\",\"breadcrumb\":{\"@id\":\"https:\\\/\\\/transamerica93.com.br\\\/home\\\/condenado-eduardo-costa-tem-habeas-corpus-negado-em-caso-envolvendo-fernanda-lima\\\/#breadcrumb\"},\"inLanguage\":\"pt-BR\",\"potentialAction\":[{\"@type\":\"ReadAction\",\"target\":[\"https:\\\/\\\/transamerica93.com.br\\\/home\\\/condenado-eduardo-costa-tem-habeas-corpus-negado-em-caso-envolvendo-fernanda-lima\\\/\"]}]},{\"@type\":\"ImageObject\",\"inLanguage\":\"pt-BR\",\"@id\":\"https:\\\/\\\/transamerica93.com.br\\\/home\\\/condenado-eduardo-costa-tem-habeas-corpus-negado-em-caso-envolvendo-fernanda-lima\\\/#primaryimage\",\"url\":\"https:\\\/\\\/transamerica93.com.br\\\/home\\\/wp-content\\\/uploads\\\/2025\\\/03\\\/Image1-3.jpg\",\"contentUrl\":\"https:\\\/\\\/transamerica93.com.br\\\/home\\\/wp-content\\\/uploads\\\/2025\\\/03\\\/Image1-3.jpg\",\"width\":800,\"height\":500},{\"@type\":\"BreadcrumbList\",\"@id\":\"https:\\\/\\\/transamerica93.com.br\\\/home\\\/condenado-eduardo-costa-tem-habeas-corpus-negado-em-caso-envolvendo-fernanda-lima\\\/#breadcrumb\",\"itemListElement\":[{\"@type\":\"ListItem\",\"position\":1,\"name\":\"In\u00edcio\",\"item\":\"https:\\\/\\\/transamerica93.com.br\\\/home\\\/\"},{\"@type\":\"ListItem\",\"position\":2,\"name\":\"Condenado, Eduardo Costa tem habeas corpus negado em caso envolvendo Fernanda Lima\"}]},{\"@type\":\"WebSite\",\"@id\":\"https:\\\/\\\/transamerica93.com.br\\\/home\\\/#website\",\"url\":\"https:\\\/\\\/transamerica93.com.br\\\/home\\\/\",\"name\":\"Transam\u00e9rica Mococa 93,3\",\"description\":\"\",\"publisher\":{\"@id\":\"https:\\\/\\\/transamerica93.com.br\\\/home\\\/#organization\"},\"potentialAction\":[{\"@type\":\"SearchAction\",\"target\":{\"@type\":\"EntryPoint\",\"urlTemplate\":\"https:\\\/\\\/transamerica93.com.br\\\/home\\\/?s={search_term_string}\"},\"query-input\":{\"@type\":\"PropertyValueSpecification\",\"valueRequired\":true,\"valueName\":\"search_term_string\"}}],\"inLanguage\":\"pt-BR\"},{\"@type\":\"Organization\",\"@id\":\"https:\\\/\\\/transamerica93.com.br\\\/home\\\/#organization\",\"name\":\"Transam\u00e9rica Mococa 93,3\",\"url\":\"https:\\\/\\\/transamerica93.com.br\\\/home\\\/\",\"logo\":{\"@type\":\"ImageObject\",\"inLanguage\":\"pt-BR\",\"@id\":\"https:\\\/\\\/transamerica93.com.br\\\/home\\\/#\\\/schema\\\/logo\\\/image\\\/\",\"url\":\"https:\\\/\\\/transamerica93.com.br\\\/home\\\/wp-content\\\/uploads\\\/2023\\\/10\\\/logo2.png\",\"contentUrl\":\"https:\\\/\\\/transamerica93.com.br\\\/home\\\/wp-content\\\/uploads\\\/2023\\\/10\\\/logo2.png\",\"width\":800,\"height\":500,\"caption\":\"Transam\u00e9rica Mococa 93,3\"},\"image\":{\"@id\":\"https:\\\/\\\/transamerica93.com.br\\\/home\\\/#\\\/schema\\\/logo\\\/image\\\/\"},\"sameAs\":[\"https:\\\/\\\/www.facebook.com\\\/transamericamococa\",\"https:\\\/\\\/x.com\\\/transamerica933\",\"https:\\\/\\\/www.instagram.com\\\/transamericamococa\"]},{\"@type\":\"Person\",\"@id\":\"https:\\\/\\\/transamerica93.com.br\\\/home\\\/#\\\/schema\\\/person\\\/7fed7c99c0d4562efa8561bc0f543172\",\"name\":\"Reda\u00e7\u00e3o\",\"image\":{\"@type\":\"ImageObject\",\"inLanguage\":\"pt-BR\",\"@id\":\"https:\\\/\\\/secure.gravatar.com\\\/avatar\\\/1072c6b775fb02ef8506ce967551d95926669a6b7d2c2147b42eea4d7c68395e?s=96&d=mm&r=g\",\"url\":\"https:\\\/\\\/secure.gravatar.com\\\/avatar\\\/1072c6b775fb02ef8506ce967551d95926669a6b7d2c2147b42eea4d7c68395e?s=96&d=mm&r=g\",\"contentUrl\":\"https:\\\/\\\/secure.gravatar.com\\\/avatar\\\/1072c6b775fb02ef8506ce967551d95926669a6b7d2c2147b42eea4d7c68395e?s=96&d=mm&r=g\",\"caption\":\"Reda\u00e7\u00e3o\"},\"sameAs\":[\"https:\\\/\\\/transamerica93.com.br\\\/home\"],\"url\":\"https:\\\/\\\/transamerica93.com.br\\\/home\\\/author\\\/william\\\/\"}]}<\/script>\n<!-- \/ Yoast SEO plugin. -->","yoast_head_json":{"title":"Condenado, Eduardo Costa tem habeas corpus negado em caso envolvendo Fernanda Lima - Transam\u00e9rica Mococa 93,3","robots":{"index":"index","follow":"follow","max-snippet":"max-snippet:-1","max-image-preview":"max-image-preview:large","max-video-preview":"max-video-preview:-1"},"canonical":"https:\/\/transamerica93.com.br\/home\/condenado-eduardo-costa-tem-habeas-corpus-negado-em-caso-envolvendo-fernanda-lima\/","og_locale":"pt_BR","og_type":"article","og_title":"Condenado, Eduardo Costa tem habeas corpus negado em caso envolvendo Fernanda Lima - Transam\u00e9rica Mococa 93,3","og_description":"Por Laysa Zanetti A Justi\u00e7a do Rio de Janeiro negou um pedido de habeas corpus do cantor Eduardo Costa, condenado em processo movido por Fernanda Lima por crime de difama\u00e7\u00e3o. A informa\u00e7\u00e3o foi confirmada pelo\u00a0Estad\u00e3o. Na decis\u00e3o, o desembargador Luiz M\u00e1rcio Victor Alves Pereira, da 4\u00aa C\u00e2mara Criminal do Tribunal de Justi\u00e7a, concluiu pelo n\u00e3o &hellip;","og_url":"https:\/\/transamerica93.com.br\/home\/condenado-eduardo-costa-tem-habeas-corpus-negado-em-caso-envolvendo-fernanda-lima\/","og_site_name":"Transam\u00e9rica Mococa 93,3","article_publisher":"https:\/\/www.facebook.com\/transamericamococa","article_published_time":"2025-03-18T18:00:10+00:00","og_image":[{"width":800,"height":500,"url":"https:\/\/transamerica93.com.br\/home\/wp-content\/uploads\/2025\/03\/Image1-3.jpg","type":"image\/jpeg"}],"author":"Reda\u00e7\u00e3o","twitter_card":"summary_large_image","twitter_creator":"@transamerica933","twitter_site":"@transamerica933","twitter_misc":{"Escrito por":"Reda\u00e7\u00e3o","Est. tempo de leitura":"4 minutos"},"schema":{"@context":"https:\/\/schema.org","@graph":[{"@type":"Article","@id":"https:\/\/transamerica93.com.br\/home\/condenado-eduardo-costa-tem-habeas-corpus-negado-em-caso-envolvendo-fernanda-lima\/#article","isPartOf":{"@id":"https:\/\/transamerica93.com.br\/home\/condenado-eduardo-costa-tem-habeas-corpus-negado-em-caso-envolvendo-fernanda-lima\/"},"author":{"name":"Reda\u00e7\u00e3o","@id":"https:\/\/transamerica93.com.br\/home\/#\/schema\/person\/7fed7c99c0d4562efa8561bc0f543172"},"headline":"Condenado, Eduardo Costa tem habeas corpus negado em caso envolvendo Fernanda Lima","datePublished":"2025-03-18T18:00:10+00:00","mainEntityOfPage":{"@id":"https:\/\/transamerica93.com.br\/home\/condenado-eduardo-costa-tem-habeas-corpus-negado-em-caso-envolvendo-fernanda-lima\/"},"wordCount":699,"publisher":{"@id":"https:\/\/transamerica93.com.br\/home\/#organization"},"image":{"@id":"https:\/\/transamerica93.com.br\/home\/condenado-eduardo-costa-tem-habeas-corpus-negado-em-caso-envolvendo-fernanda-lima\/#primaryimage"},"thumbnailUrl":"https:\/\/transamerica93.com.br\/home\/wp-content\/uploads\/2025\/03\/Image1-3.jpg","articleSection":["M\u00fasica"],"inLanguage":"pt-BR"},{"@type":"WebPage","@id":"https:\/\/transamerica93.com.br\/home\/condenado-eduardo-costa-tem-habeas-corpus-negado-em-caso-envolvendo-fernanda-lima\/","url":"https:\/\/transamerica93.com.br\/home\/condenado-eduardo-costa-tem-habeas-corpus-negado-em-caso-envolvendo-fernanda-lima\/","name":"Condenado, Eduardo Costa tem habeas corpus negado em caso envolvendo Fernanda Lima - Transam\u00e9rica Mococa 93,3","isPartOf":{"@id":"https:\/\/transamerica93.com.br\/home\/#website"},"primaryImageOfPage":{"@id":"https:\/\/transamerica93.com.br\/home\/condenado-eduardo-costa-tem-habeas-corpus-negado-em-caso-envolvendo-fernanda-lima\/#primaryimage"},"image":{"@id":"https:\/\/transamerica93.com.br\/home\/condenado-eduardo-costa-tem-habeas-corpus-negado-em-caso-envolvendo-fernanda-lima\/#primaryimage"},"thumbnailUrl":"https:\/\/transamerica93.com.br\/home\/wp-content\/uploads\/2025\/03\/Image1-3.jpg","datePublished":"2025-03-18T18:00:10+00:00","breadcrumb":{"@id":"https:\/\/transamerica93.com.br\/home\/condenado-eduardo-costa-tem-habeas-corpus-negado-em-caso-envolvendo-fernanda-lima\/#breadcrumb"},"inLanguage":"pt-BR","potentialAction":[{"@type":"ReadAction","target":["https:\/\/transamerica93.com.br\/home\/condenado-eduardo-costa-tem-habeas-corpus-negado-em-caso-envolvendo-fernanda-lima\/"]}]},{"@type":"ImageObject","inLanguage":"pt-BR","@id":"https:\/\/transamerica93.com.br\/home\/condenado-eduardo-costa-tem-habeas-corpus-negado-em-caso-envolvendo-fernanda-lima\/#primaryimage","url":"https:\/\/transamerica93.com.br\/home\/wp-content\/uploads\/2025\/03\/Image1-3.jpg","contentUrl":"https:\/\/transamerica93.com.br\/home\/wp-content\/uploads\/2025\/03\/Image1-3.jpg","width":800,"height":500},{"@type":"BreadcrumbList","@id":"https:\/\/transamerica93.com.br\/home\/condenado-eduardo-costa-tem-habeas-corpus-negado-em-caso-envolvendo-fernanda-lima\/#breadcrumb","itemListElement":[{"@type":"ListItem","position":1,"name":"In\u00edcio","item":"https:\/\/transamerica93.com.br\/home\/"},{"@type":"ListItem","position":2,"name":"Condenado, Eduardo Costa tem habeas corpus negado em caso envolvendo Fernanda Lima"}]},{"@type":"WebSite","@id":"https:\/\/transamerica93.com.br\/home\/#website","url":"https:\/\/transamerica93.com.br\/home\/","name":"Transam\u00e9rica Mococa 93,3","description":"","publisher":{"@id":"https:\/\/transamerica93.com.br\/home\/#organization"},"potentialAction":[{"@type":"SearchAction","target":{"@type":"EntryPoint","urlTemplate":"https:\/\/transamerica93.com.br\/home\/?s={search_term_string}"},"query-input":{"@type":"PropertyValueSpecification","valueRequired":true,"valueName":"search_term_string"}}],"inLanguage":"pt-BR"},{"@type":"Organization","@id":"https:\/\/transamerica93.com.br\/home\/#organization","name":"Transam\u00e9rica Mococa 93,3","url":"https:\/\/transamerica93.com.br\/home\/","logo":{"@type":"ImageObject","inLanguage":"pt-BR","@id":"https:\/\/transamerica93.com.br\/home\/#\/schema\/logo\/image\/","url":"https:\/\/transamerica93.com.br\/home\/wp-content\/uploads\/2023\/10\/logo2.png","contentUrl":"https:\/\/transamerica93.com.br\/home\/wp-content\/uploads\/2023\/10\/logo2.png","width":800,"height":500,"caption":"Transam\u00e9rica Mococa 93,3"},"image":{"@id":"https:\/\/transamerica93.com.br\/home\/#\/schema\/logo\/image\/"},"sameAs":["https:\/\/www.facebook.com\/transamericamococa","https:\/\/x.com\/transamerica933","https:\/\/www.instagram.com\/transamericamococa"]},{"@type":"Person","@id":"https:\/\/transamerica93.com.br\/home\/#\/schema\/person\/7fed7c99c0d4562efa8561bc0f543172","name":"Reda\u00e7\u00e3o","image":{"@type":"ImageObject","inLanguage":"pt-BR","@id":"https:\/\/secure.gravatar.com\/avatar\/1072c6b775fb02ef8506ce967551d95926669a6b7d2c2147b42eea4d7c68395e?s=96&d=mm&r=g","url":"https:\/\/secure.gravatar.com\/avatar\/1072c6b775fb02ef8506ce967551d95926669a6b7d2c2147b42eea4d7c68395e?s=96&d=mm&r=g","contentUrl":"https:\/\/secure.gravatar.com\/avatar\/1072c6b775fb02ef8506ce967551d95926669a6b7d2c2147b42eea4d7c68395e?s=96&d=mm&r=g","caption":"Reda\u00e7\u00e3o"},"sameAs":["https:\/\/transamerica93.com.br\/home"],"url":"https:\/\/transamerica93.com.br\/home\/author\/william\/"}]}},"_links":{"self":[{"href":"https:\/\/transamerica93.com.br\/home\/wp-json\/wp\/v2\/posts\/4987","targetHints":{"allow":["GET"]}}],"collection":[{"href":"https:\/\/transamerica93.com.br\/home\/wp-json\/wp\/v2\/posts"}],"about":[{"href":"https:\/\/transamerica93.com.br\/home\/wp-json\/wp\/v2\/types\/post"}],"author":[{"embeddable":true,"href":"https:\/\/transamerica93.com.br\/home\/wp-json\/wp\/v2\/users\/1"}],"replies":[{"embeddable":true,"href":"https:\/\/transamerica93.com.br\/home\/wp-json\/wp\/v2\/comments?post=4987"}],"version-history":[{"count":1,"href":"https:\/\/transamerica93.com.br\/home\/wp-json\/wp\/v2\/posts\/4987\/revisions"}],"predecessor-version":[{"id":4989,"href":"https:\/\/transamerica93.com.br\/home\/wp-json\/wp\/v2\/posts\/4987\/revisions\/4989"}],"wp:featuredmedia":[{"embeddable":true,"href":"https:\/\/transamerica93.com.br\/home\/wp-json\/wp\/v2\/media\/4988"}],"wp:attachment":[{"href":"https:\/\/transamerica93.com.br\/home\/wp-json\/wp\/v2\/media?parent=4987"}],"wp:term":[{"taxonomy":"category","embeddable":true,"href":"https:\/\/transamerica93.com.br\/home\/wp-json\/wp\/v2\/categories?post=4987"},{"taxonomy":"post_tag","embeddable":true,"href":"https:\/\/transamerica93.com.br\/home\/wp-json\/wp\/v2\/tags?post=4987"}],"curies":[{"name":"wp","href":"https:\/\/api.w.org\/{rel}","templated":true}]}}