{"id":4993,"date":"2025-03-19T15:00:53","date_gmt":"2025-03-19T18:00:53","guid":{"rendered":"https:\/\/transamerica93.com.br\/home\/?p=4993"},"modified":"2025-03-12T18:10:46","modified_gmt":"2025-03-12T21:10:46","slug":"francisco-sobre-preta-gil-ela-tem-uma-vontade-de-estar-viva-e-de-lutar-que-impressiona","status":"publish","type":"post","link":"https:\/\/transamerica93.com.br\/home\/francisco-sobre-preta-gil-ela-tem-uma-vontade-de-estar-viva-e-de-lutar-que-impressiona\/","title":{"rendered":"Francisco sobre Preta Gil: ela tem uma vontade de estar viva e de lutar que impressiona"},"content":{"rendered":"<div id=\"Corpo\">Por Daniel Vila Nova<\/p>\n<p>Ap\u00f3s uma nova interna\u00e7\u00e3o da cantora Preta Gil neste \u00faltimo s\u00e1bado, 8, o m\u00fasico Francisco Gil refletiu sobre o tratamento contra o c\u00e2ncer realizado por sua m\u00e3e e elogiou a for\u00e7a de vontade exibida por Preta ao longo dos \u00faltimos anos.<\/p>\n<p>Desde 2023, a cantora lida com um c\u00e2ncer agressivo e j\u00e1 foi internada e submetida a cirurgias em diferentes ocasi\u00f5es.<\/p>\n<p>&#8220;S\u00e3o viv\u00eancias que s\u00e3o naturais da vida, ent\u00e3o, vamos aprendendo com isso. Na verdade, a gente est\u00e1 sendo for\u00e7ado a lidar com as quest\u00f5es que a vida nos imp\u00f5e como a morte, a vida, a sa\u00fade, a doen\u00e7a&#8230;&#8221;, afirmou o m\u00fasico em entrevista ao site Gshow.<\/p>\n<p>Ao ser questionado sobre o seu maior desejo, Francisco se emocionou. Ele revelou que seu maior sonho era ver sua m\u00e3e livre do c\u00e2ncer.<\/p>\n<p>&#8220;N\u00e3o tem nada mais importante que a sa\u00fade dela. O processo de ver minha m\u00e3e bem \u00e9 uma fonte de vida. Ela nos inspira porque passa por isso tudo ensinando e mostrando que a vida \u00e9 isso. Ela recebe muito amor e da maneira mais bonita poss\u00edvel: em vida; tem uma for\u00e7a, uma vontade de estar viva e de lutar que impressiona.&#8221;<\/p>\n<p>&#8220;Isso potencializa o que vejo de mais importante na vida que \u00e9 o amor. Isso me colocou num lugar, numa dimens\u00e3o do amar muito maior!&#8221;, refletiu. Para o filho de Preta Gil, apesar das dificuldades enfrentadas pela m\u00e3e, ela vem lhe ensinando a lidar com os desafios da vida de forma mais saud\u00e1vel.<\/p>\n<p>&#8220;Por mais que a gente possa sofrer, temos que aprender e transformar isso em positividade. No meio desse caos, minha m\u00e3e tem vivido momentos incr\u00edveis e isso \u00e9 o que mais inspira. A forma como ela tem encarado tudo \u00e9 um motor. Mas \u00e9 um processo profundo&#8221;, revelou.<\/p>\n<p><b>Como est\u00e1 Preta Gil?<\/b><\/p>\n<p>A cantora Preta Gil foi internada com infec\u00e7\u00e3o urin\u00e1ria em um hospital particular de Salvador no \u00faltimo s\u00e1bado, 8. Conforme comunicado emitido pelo hospital, o quadro de sa\u00fade de Preta permanece est\u00e1vel.<\/p>\n<p>Na noite desta segunda-feira, 10, a artista publicou uma mensagem em uma rede social para acalmar os f\u00e3s. &#8220;Amores, fiquem tranquilos! Estou sendo bem cuidada e em breve estarei em casa. Amo voc\u00eas&#8221;, disse.<\/p><\/div>\n","protected":false},"excerpt":{"rendered":"<p>Por Daniel Vila Nova Ap\u00f3s uma nova interna\u00e7\u00e3o da cantora Preta Gil neste \u00faltimo s\u00e1bado, 8, o m\u00fasico Francisco Gil refletiu sobre o tratamento contra o c\u00e2ncer realizado por sua m\u00e3e e elogiou a for\u00e7a de vontade exibida por Preta ao longo dos \u00faltimos anos. Desde 2023, a cantora lida com um c\u00e2ncer agressivo e &hellip;<\/p>\n","protected":false},"author":1,"featured_media":4877,"comment_status":"closed","ping_status":"closed","sticky":false,"template":"","format":"standard","meta":{"footnotes":""},"categories":[25],"tags":[],"class_list":["post-4993","post","type-post","status-publish","format-standard","has-post-thumbnail","hentry","category-musica"],"yoast_head":"<!-- This site is optimized with the Yoast SEO plugin v27.4 - https:\/\/yoast.com\/product\/yoast-seo-wordpress\/ -->\n<title>Francisco sobre Preta Gil: ela tem uma vontade de estar viva e de lutar que impressiona - Transam\u00e9rica Mococa 93,3<\/title>\n<meta name=\"robots\" content=\"index, follow, max-snippet:-1, max-image-preview:large, max-video-preview:-1\" \/>\n<link rel=\"canonical\" href=\"https:\/\/transamerica93.com.br\/home\/francisco-sobre-preta-gil-ela-tem-uma-vontade-de-estar-viva-e-de-lutar-que-impressiona\/\" \/>\n<meta property=\"og:locale\" content=\"pt_BR\" \/>\n<meta property=\"og:type\" content=\"article\" \/>\n<meta property=\"og:title\" content=\"Francisco sobre Preta Gil: ela tem uma vontade de estar viva e de lutar que impressiona - Transam\u00e9rica Mococa 93,3\" \/>\n<meta property=\"og:description\" content=\"Por Daniel Vila Nova Ap\u00f3s uma nova interna\u00e7\u00e3o da cantora Preta Gil neste \u00faltimo s\u00e1bado, 8, o m\u00fasico Francisco Gil refletiu sobre o tratamento contra o c\u00e2ncer realizado por sua m\u00e3e e elogiou a for\u00e7a de vontade exibida por Preta ao longo dos \u00faltimos anos. Desde 2023, a cantora lida com um c\u00e2ncer agressivo e &hellip;\" \/>\n<meta property=\"og:url\" content=\"https:\/\/transamerica93.com.br\/home\/francisco-sobre-preta-gil-ela-tem-uma-vontade-de-estar-viva-e-de-lutar-que-impressiona\/\" \/>\n<meta property=\"og:site_name\" content=\"Transam\u00e9rica Mococa 93,3\" \/>\n<meta property=\"article:publisher\" content=\"https:\/\/www.facebook.com\/transamericamococa\" \/>\n<meta property=\"article:published_time\" content=\"2025-03-19T18:00:53+00:00\" \/>\n<meta property=\"og:image\" content=\"https:\/\/transamerica93.com.br\/home\/wp-content\/uploads\/2025\/03\/1-7.jpg\" \/>\n\t<meta property=\"og:image:width\" content=\"1200\" \/>\n\t<meta property=\"og:image:height\" content=\"720\" \/>\n\t<meta property=\"og:image:type\" content=\"image\/jpeg\" \/>\n<meta name=\"author\" content=\"Reda\u00e7\u00e3o\" \/>\n<meta name=\"twitter:card\" content=\"summary_large_image\" \/>\n<meta name=\"twitter:creator\" content=\"@transamerica933\" \/>\n<meta name=\"twitter:site\" content=\"@transamerica933\" \/>\n<meta name=\"twitter:label1\" content=\"Escrito por\" \/>\n\t<meta name=\"twitter:data1\" content=\"Reda\u00e7\u00e3o\" \/>\n\t<meta name=\"twitter:label2\" content=\"Est. tempo de leitura\" \/>\n\t<meta name=\"twitter:data2\" content=\"3 minutos\" \/>\n<script type=\"application\/ld+json\" class=\"yoast-schema-graph\">{\"@context\":\"https:\\\/\\\/schema.org\",\"@graph\":[{\"@type\":\"Article\",\"@id\":\"https:\\\/\\\/transamerica93.com.br\\\/home\\\/francisco-sobre-preta-gil-ela-tem-uma-vontade-de-estar-viva-e-de-lutar-que-impressiona\\\/#article\",\"isPartOf\":{\"@id\":\"https:\\\/\\\/transamerica93.com.br\\\/home\\\/francisco-sobre-preta-gil-ela-tem-uma-vontade-de-estar-viva-e-de-lutar-que-impressiona\\\/\"},\"author\":{\"name\":\"Reda\u00e7\u00e3o\",\"@id\":\"https:\\\/\\\/transamerica93.com.br\\\/home\\\/#\\\/schema\\\/person\\\/7fed7c99c0d4562efa8561bc0f543172\"},\"headline\":\"Francisco sobre Preta Gil: ela tem uma vontade de estar viva e de lutar que impressiona\",\"datePublished\":\"2025-03-19T18:00:53+00:00\",\"mainEntityOfPage\":{\"@id\":\"https:\\\/\\\/transamerica93.com.br\\\/home\\\/francisco-sobre-preta-gil-ela-tem-uma-vontade-de-estar-viva-e-de-lutar-que-impressiona\\\/\"},\"wordCount\":412,\"publisher\":{\"@id\":\"https:\\\/\\\/transamerica93.com.br\\\/home\\\/#organization\"},\"image\":{\"@id\":\"https:\\\/\\\/transamerica93.com.br\\\/home\\\/francisco-sobre-preta-gil-ela-tem-uma-vontade-de-estar-viva-e-de-lutar-que-impressiona\\\/#primaryimage\"},\"thumbnailUrl\":\"https:\\\/\\\/transamerica93.com.br\\\/home\\\/wp-content\\\/uploads\\\/2025\\\/03\\\/1-7.jpg\",\"articleSection\":[\"M\u00fasica\"],\"inLanguage\":\"pt-BR\"},{\"@type\":\"WebPage\",\"@id\":\"https:\\\/\\\/transamerica93.com.br\\\/home\\\/francisco-sobre-preta-gil-ela-tem-uma-vontade-de-estar-viva-e-de-lutar-que-impressiona\\\/\",\"url\":\"https:\\\/\\\/transamerica93.com.br\\\/home\\\/francisco-sobre-preta-gil-ela-tem-uma-vontade-de-estar-viva-e-de-lutar-que-impressiona\\\/\",\"name\":\"Francisco sobre Preta Gil: ela tem uma vontade de estar viva e de lutar que impressiona - Transam\u00e9rica Mococa 93,3\",\"isPartOf\":{\"@id\":\"https:\\\/\\\/transamerica93.com.br\\\/home\\\/#website\"},\"primaryImageOfPage\":{\"@id\":\"https:\\\/\\\/transamerica93.com.br\\\/home\\\/francisco-sobre-preta-gil-ela-tem-uma-vontade-de-estar-viva-e-de-lutar-que-impressiona\\\/#primaryimage\"},\"image\":{\"@id\":\"https:\\\/\\\/transamerica93.com.br\\\/home\\\/francisco-sobre-preta-gil-ela-tem-uma-vontade-de-estar-viva-e-de-lutar-que-impressiona\\\/#primaryimage\"},\"thumbnailUrl\":\"https:\\\/\\\/transamerica93.com.br\\\/home\\\/wp-content\\\/uploads\\\/2025\\\/03\\\/1-7.jpg\",\"datePublished\":\"2025-03-19T18:00:53+00:00\",\"breadcrumb\":{\"@id\":\"https:\\\/\\\/transamerica93.com.br\\\/home\\\/francisco-sobre-preta-gil-ela-tem-uma-vontade-de-estar-viva-e-de-lutar-que-impressiona\\\/#breadcrumb\"},\"inLanguage\":\"pt-BR\",\"potentialAction\":[{\"@type\":\"ReadAction\",\"target\":[\"https:\\\/\\\/transamerica93.com.br\\\/home\\\/francisco-sobre-preta-gil-ela-tem-uma-vontade-de-estar-viva-e-de-lutar-que-impressiona\\\/\"]}]},{\"@type\":\"ImageObject\",\"inLanguage\":\"pt-BR\",\"@id\":\"https:\\\/\\\/transamerica93.com.br\\\/home\\\/francisco-sobre-preta-gil-ela-tem-uma-vontade-de-estar-viva-e-de-lutar-que-impressiona\\\/#primaryimage\",\"url\":\"https:\\\/\\\/transamerica93.com.br\\\/home\\\/wp-content\\\/uploads\\\/2025\\\/03\\\/1-7.jpg\",\"contentUrl\":\"https:\\\/\\\/transamerica93.com.br\\\/home\\\/wp-content\\\/uploads\\\/2025\\\/03\\\/1-7.jpg\",\"width\":1200,\"height\":720},{\"@type\":\"BreadcrumbList\",\"@id\":\"https:\\\/\\\/transamerica93.com.br\\\/home\\\/francisco-sobre-preta-gil-ela-tem-uma-vontade-de-estar-viva-e-de-lutar-que-impressiona\\\/#breadcrumb\",\"itemListElement\":[{\"@type\":\"ListItem\",\"position\":1,\"name\":\"In\u00edcio\",\"item\":\"https:\\\/\\\/transamerica93.com.br\\\/home\\\/\"},{\"@type\":\"ListItem\",\"position\":2,\"name\":\"Francisco sobre Preta Gil: ela tem uma vontade de estar viva e de lutar que impressiona\"}]},{\"@type\":\"WebSite\",\"@id\":\"https:\\\/\\\/transamerica93.com.br\\\/home\\\/#website\",\"url\":\"https:\\\/\\\/transamerica93.com.br\\\/home\\\/\",\"name\":\"Transam\u00e9rica Mococa 93,3\",\"description\":\"\",\"publisher\":{\"@id\":\"https:\\\/\\\/transamerica93.com.br\\\/home\\\/#organization\"},\"potentialAction\":[{\"@type\":\"SearchAction\",\"target\":{\"@type\":\"EntryPoint\",\"urlTemplate\":\"https:\\\/\\\/transamerica93.com.br\\\/home\\\/?s={search_term_string}\"},\"query-input\":{\"@type\":\"PropertyValueSpecification\",\"valueRequired\":true,\"valueName\":\"search_term_string\"}}],\"inLanguage\":\"pt-BR\"},{\"@type\":\"Organization\",\"@id\":\"https:\\\/\\\/transamerica93.com.br\\\/home\\\/#organization\",\"name\":\"Transam\u00e9rica Mococa 93,3\",\"url\":\"https:\\\/\\\/transamerica93.com.br\\\/home\\\/\",\"logo\":{\"@type\":\"ImageObject\",\"inLanguage\":\"pt-BR\",\"@id\":\"https:\\\/\\\/transamerica93.com.br\\\/home\\\/#\\\/schema\\\/logo\\\/image\\\/\",\"url\":\"https:\\\/\\\/transamerica93.com.br\\\/home\\\/wp-content\\\/uploads\\\/2023\\\/10\\\/logo2.png\",\"contentUrl\":\"https:\\\/\\\/transamerica93.com.br\\\/home\\\/wp-content\\\/uploads\\\/2023\\\/10\\\/logo2.png\",\"width\":800,\"height\":500,\"caption\":\"Transam\u00e9rica Mococa 93,3\"},\"image\":{\"@id\":\"https:\\\/\\\/transamerica93.com.br\\\/home\\\/#\\\/schema\\\/logo\\\/image\\\/\"},\"sameAs\":[\"https:\\\/\\\/www.facebook.com\\\/transamericamococa\",\"https:\\\/\\\/x.com\\\/transamerica933\",\"https:\\\/\\\/www.instagram.com\\\/transamericamococa\"]},{\"@type\":\"Person\",\"@id\":\"https:\\\/\\\/transamerica93.com.br\\\/home\\\/#\\\/schema\\\/person\\\/7fed7c99c0d4562efa8561bc0f543172\",\"name\":\"Reda\u00e7\u00e3o\",\"image\":{\"@type\":\"ImageObject\",\"inLanguage\":\"pt-BR\",\"@id\":\"https:\\\/\\\/secure.gravatar.com\\\/avatar\\\/1072c6b775fb02ef8506ce967551d95926669a6b7d2c2147b42eea4d7c68395e?s=96&d=mm&r=g\",\"url\":\"https:\\\/\\\/secure.gravatar.com\\\/avatar\\\/1072c6b775fb02ef8506ce967551d95926669a6b7d2c2147b42eea4d7c68395e?s=96&d=mm&r=g\",\"contentUrl\":\"https:\\\/\\\/secure.gravatar.com\\\/avatar\\\/1072c6b775fb02ef8506ce967551d95926669a6b7d2c2147b42eea4d7c68395e?s=96&d=mm&r=g\",\"caption\":\"Reda\u00e7\u00e3o\"},\"sameAs\":[\"https:\\\/\\\/transamerica93.com.br\\\/home\"],\"url\":\"https:\\\/\\\/transamerica93.com.br\\\/home\\\/author\\\/william\\\/\"}]}<\/script>\n<!-- \/ Yoast SEO plugin. -->","yoast_head_json":{"title":"Francisco sobre Preta Gil: ela tem uma vontade de estar viva e de lutar que impressiona - Transam\u00e9rica Mococa 93,3","robots":{"index":"index","follow":"follow","max-snippet":"max-snippet:-1","max-image-preview":"max-image-preview:large","max-video-preview":"max-video-preview:-1"},"canonical":"https:\/\/transamerica93.com.br\/home\/francisco-sobre-preta-gil-ela-tem-uma-vontade-de-estar-viva-e-de-lutar-que-impressiona\/","og_locale":"pt_BR","og_type":"article","og_title":"Francisco sobre Preta Gil: ela tem uma vontade de estar viva e de lutar que impressiona - Transam\u00e9rica Mococa 93,3","og_description":"Por Daniel Vila Nova Ap\u00f3s uma nova interna\u00e7\u00e3o da cantora Preta Gil neste \u00faltimo s\u00e1bado, 8, o m\u00fasico Francisco Gil refletiu sobre o tratamento contra o c\u00e2ncer realizado por sua m\u00e3e e elogiou a for\u00e7a de vontade exibida por Preta ao longo dos \u00faltimos anos. Desde 2023, a cantora lida com um c\u00e2ncer agressivo e &hellip;","og_url":"https:\/\/transamerica93.com.br\/home\/francisco-sobre-preta-gil-ela-tem-uma-vontade-de-estar-viva-e-de-lutar-que-impressiona\/","og_site_name":"Transam\u00e9rica Mococa 93,3","article_publisher":"https:\/\/www.facebook.com\/transamericamococa","article_published_time":"2025-03-19T18:00:53+00:00","og_image":[{"width":1200,"height":720,"url":"https:\/\/transamerica93.com.br\/home\/wp-content\/uploads\/2025\/03\/1-7.jpg","type":"image\/jpeg"}],"author":"Reda\u00e7\u00e3o","twitter_card":"summary_large_image","twitter_creator":"@transamerica933","twitter_site":"@transamerica933","twitter_misc":{"Escrito por":"Reda\u00e7\u00e3o","Est. tempo de leitura":"3 minutos"},"schema":{"@context":"https:\/\/schema.org","@graph":[{"@type":"Article","@id":"https:\/\/transamerica93.com.br\/home\/francisco-sobre-preta-gil-ela-tem-uma-vontade-de-estar-viva-e-de-lutar-que-impressiona\/#article","isPartOf":{"@id":"https:\/\/transamerica93.com.br\/home\/francisco-sobre-preta-gil-ela-tem-uma-vontade-de-estar-viva-e-de-lutar-que-impressiona\/"},"author":{"name":"Reda\u00e7\u00e3o","@id":"https:\/\/transamerica93.com.br\/home\/#\/schema\/person\/7fed7c99c0d4562efa8561bc0f543172"},"headline":"Francisco sobre Preta Gil: ela tem uma vontade de estar viva e de lutar que impressiona","datePublished":"2025-03-19T18:00:53+00:00","mainEntityOfPage":{"@id":"https:\/\/transamerica93.com.br\/home\/francisco-sobre-preta-gil-ela-tem-uma-vontade-de-estar-viva-e-de-lutar-que-impressiona\/"},"wordCount":412,"publisher":{"@id":"https:\/\/transamerica93.com.br\/home\/#organization"},"image":{"@id":"https:\/\/transamerica93.com.br\/home\/francisco-sobre-preta-gil-ela-tem-uma-vontade-de-estar-viva-e-de-lutar-que-impressiona\/#primaryimage"},"thumbnailUrl":"https:\/\/transamerica93.com.br\/home\/wp-content\/uploads\/2025\/03\/1-7.jpg","articleSection":["M\u00fasica"],"inLanguage":"pt-BR"},{"@type":"WebPage","@id":"https:\/\/transamerica93.com.br\/home\/francisco-sobre-preta-gil-ela-tem-uma-vontade-de-estar-viva-e-de-lutar-que-impressiona\/","url":"https:\/\/transamerica93.com.br\/home\/francisco-sobre-preta-gil-ela-tem-uma-vontade-de-estar-viva-e-de-lutar-que-impressiona\/","name":"Francisco sobre Preta Gil: ela tem uma vontade de estar viva e de lutar que impressiona - Transam\u00e9rica Mococa 93,3","isPartOf":{"@id":"https:\/\/transamerica93.com.br\/home\/#website"},"primaryImageOfPage":{"@id":"https:\/\/transamerica93.com.br\/home\/francisco-sobre-preta-gil-ela-tem-uma-vontade-de-estar-viva-e-de-lutar-que-impressiona\/#primaryimage"},"image":{"@id":"https:\/\/transamerica93.com.br\/home\/francisco-sobre-preta-gil-ela-tem-uma-vontade-de-estar-viva-e-de-lutar-que-impressiona\/#primaryimage"},"thumbnailUrl":"https:\/\/transamerica93.com.br\/home\/wp-content\/uploads\/2025\/03\/1-7.jpg","datePublished":"2025-03-19T18:00:53+00:00","breadcrumb":{"@id":"https:\/\/transamerica93.com.br\/home\/francisco-sobre-preta-gil-ela-tem-uma-vontade-de-estar-viva-e-de-lutar-que-impressiona\/#breadcrumb"},"inLanguage":"pt-BR","potentialAction":[{"@type":"ReadAction","target":["https:\/\/transamerica93.com.br\/home\/francisco-sobre-preta-gil-ela-tem-uma-vontade-de-estar-viva-e-de-lutar-que-impressiona\/"]}]},{"@type":"ImageObject","inLanguage":"pt-BR","@id":"https:\/\/transamerica93.com.br\/home\/francisco-sobre-preta-gil-ela-tem-uma-vontade-de-estar-viva-e-de-lutar-que-impressiona\/#primaryimage","url":"https:\/\/transamerica93.com.br\/home\/wp-content\/uploads\/2025\/03\/1-7.jpg","contentUrl":"https:\/\/transamerica93.com.br\/home\/wp-content\/uploads\/2025\/03\/1-7.jpg","width":1200,"height":720},{"@type":"BreadcrumbList","@id":"https:\/\/transamerica93.com.br\/home\/francisco-sobre-preta-gil-ela-tem-uma-vontade-de-estar-viva-e-de-lutar-que-impressiona\/#breadcrumb","itemListElement":[{"@type":"ListItem","position":1,"name":"In\u00edcio","item":"https:\/\/transamerica93.com.br\/home\/"},{"@type":"ListItem","position":2,"name":"Francisco sobre Preta Gil: ela tem uma vontade de estar viva e de lutar que impressiona"}]},{"@type":"WebSite","@id":"https:\/\/transamerica93.com.br\/home\/#website","url":"https:\/\/transamerica93.com.br\/home\/","name":"Transam\u00e9rica Mococa 93,3","description":"","publisher":{"@id":"https:\/\/transamerica93.com.br\/home\/#organization"},"potentialAction":[{"@type":"SearchAction","target":{"@type":"EntryPoint","urlTemplate":"https:\/\/transamerica93.com.br\/home\/?s={search_term_string}"},"query-input":{"@type":"PropertyValueSpecification","valueRequired":true,"valueName":"search_term_string"}}],"inLanguage":"pt-BR"},{"@type":"Organization","@id":"https:\/\/transamerica93.com.br\/home\/#organization","name":"Transam\u00e9rica Mococa 93,3","url":"https:\/\/transamerica93.com.br\/home\/","logo":{"@type":"ImageObject","inLanguage":"pt-BR","@id":"https:\/\/transamerica93.com.br\/home\/#\/schema\/logo\/image\/","url":"https:\/\/transamerica93.com.br\/home\/wp-content\/uploads\/2023\/10\/logo2.png","contentUrl":"https:\/\/transamerica93.com.br\/home\/wp-content\/uploads\/2023\/10\/logo2.png","width":800,"height":500,"caption":"Transam\u00e9rica Mococa 93,3"},"image":{"@id":"https:\/\/transamerica93.com.br\/home\/#\/schema\/logo\/image\/"},"sameAs":["https:\/\/www.facebook.com\/transamericamococa","https:\/\/x.com\/transamerica933","https:\/\/www.instagram.com\/transamericamococa"]},{"@type":"Person","@id":"https:\/\/transamerica93.com.br\/home\/#\/schema\/person\/7fed7c99c0d4562efa8561bc0f543172","name":"Reda\u00e7\u00e3o","image":{"@type":"ImageObject","inLanguage":"pt-BR","@id":"https:\/\/secure.gravatar.com\/avatar\/1072c6b775fb02ef8506ce967551d95926669a6b7d2c2147b42eea4d7c68395e?s=96&d=mm&r=g","url":"https:\/\/secure.gravatar.com\/avatar\/1072c6b775fb02ef8506ce967551d95926669a6b7d2c2147b42eea4d7c68395e?s=96&d=mm&r=g","contentUrl":"https:\/\/secure.gravatar.com\/avatar\/1072c6b775fb02ef8506ce967551d95926669a6b7d2c2147b42eea4d7c68395e?s=96&d=mm&r=g","caption":"Reda\u00e7\u00e3o"},"sameAs":["https:\/\/transamerica93.com.br\/home"],"url":"https:\/\/transamerica93.com.br\/home\/author\/william\/"}]}},"_links":{"self":[{"href":"https:\/\/transamerica93.com.br\/home\/wp-json\/wp\/v2\/posts\/4993","targetHints":{"allow":["GET"]}}],"collection":[{"href":"https:\/\/transamerica93.com.br\/home\/wp-json\/wp\/v2\/posts"}],"about":[{"href":"https:\/\/transamerica93.com.br\/home\/wp-json\/wp\/v2\/types\/post"}],"author":[{"embeddable":true,"href":"https:\/\/transamerica93.com.br\/home\/wp-json\/wp\/v2\/users\/1"}],"replies":[{"embeddable":true,"href":"https:\/\/transamerica93.com.br\/home\/wp-json\/wp\/v2\/comments?post=4993"}],"version-history":[{"count":1,"href":"https:\/\/transamerica93.com.br\/home\/wp-json\/wp\/v2\/posts\/4993\/revisions"}],"predecessor-version":[{"id":4994,"href":"https:\/\/transamerica93.com.br\/home\/wp-json\/wp\/v2\/posts\/4993\/revisions\/4994"}],"wp:featuredmedia":[{"embeddable":true,"href":"https:\/\/transamerica93.com.br\/home\/wp-json\/wp\/v2\/media\/4877"}],"wp:attachment":[{"href":"https:\/\/transamerica93.com.br\/home\/wp-json\/wp\/v2\/media?parent=4993"}],"wp:term":[{"taxonomy":"category","embeddable":true,"href":"https:\/\/transamerica93.com.br\/home\/wp-json\/wp\/v2\/categories?post=4993"},{"taxonomy":"post_tag","embeddable":true,"href":"https:\/\/transamerica93.com.br\/home\/wp-json\/wp\/v2\/tags?post=4993"}],"curies":[{"name":"wp","href":"https:\/\/api.w.org\/{rel}","templated":true}]}}