{"id":5005,"date":"2025-03-20T18:00:11","date_gmt":"2025-03-20T21:00:11","guid":{"rendered":"https:\/\/transamerica93.com.br\/home\/?p=5005"},"modified":"2025-03-12T18:17:33","modified_gmt":"2025-03-12T21:17:33","slug":"nao-tenho-direito-sobre-minhas-imagens-reclama-caio-blat-sobre-beleza-fatal-na-tv-aberta","status":"publish","type":"post","link":"https:\/\/transamerica93.com.br\/home\/nao-tenho-direito-sobre-minhas-imagens-reclama-caio-blat-sobre-beleza-fatal-na-tv-aberta\/","title":{"rendered":"&#8216;N\u00e3o tenho direito sobre minhas imagens&#8217;, reclama Caio Blat sobre &#8216;Beleza Fatal&#8217; na TV aberta"},"content":{"rendered":"<p>Por Laysa Zanetti<\/p>\n<p>No ar em Beleza Fatal, novela de Raphael Montes original da Max, Caio Blat \u00e9 o convidado desta ter\u00e7a-feira, 11, do programa DR com Demori, da TV Brasil. O ator e diretor falou amplamente sobre a repercuss\u00e3o da novela, que est\u00e1 dispon\u00edvel no streaming e come\u00e7ou a ser exibida na TV aberta nesta segunda, 10.<\/p>\n<p>Produzida diretamente para a Max, Beleza Fatal foi rapidamente adquirida pela Band para a transmiss\u00e3o na TV aberta, e Blat ressaltou que, apesar de a novidade ser boa para a democratiza\u00e7\u00e3o do acesso, os atores n\u00e3o t\u00eam direitos ou ganhos adicionais sobre a negocia\u00e7\u00e3o.<\/p>\n<p>&#8220;Beleza Fatal \u00e9 uma das primeiras novelas nesse novo formato mais din\u00e2mico do streaming. Faz um sucesso gigantesco. S\u00e3o 40 epis\u00f3dios, dirigi algumas cenas (&#8230;) Fizemos a novela para a Max para abrir um novo campo de mercado. Imediatamente a novela foi vendida para uma emissora de TV aberta. A gente ficou feliz porque quer que ela chegue ao maior p\u00fablico poss\u00edvel, mas a gente n\u00e3o tem nenhum direito, nenhuma participa\u00e7\u00e3o sobre isso. Trabalhamos para o streaming por um valor, para aqueles assinantes. Agora eles negociam, os direitos todos s\u00e3o deles. Podem revender e reprisar.&#8221; O trecho foi adiantado pelo jornal\u00a0<i>Extra<\/i>\u00a0e confirmado pelo\u00a0<b>Estad\u00e3o<\/b>.<\/p>\n<p>Durante o papo, Blat defendeu que \u00e9 necess\u00e1rio revisar as legisla\u00e7\u00f5es atuais e garantir que haja remunera\u00e7\u00e3o em casos como este. Segundo o modelo vigente, os direitos s\u00e3o cedidos inteiramente \u00e0s plataformas. &#8220;Eu fui at\u00e9 o Congresso Nacional, quando estava se discutindo a lei de regulamenta\u00e7\u00e3o da internet, e os deputados ficaram chocados em saber que as nossas novelas, s\u00e9ries e filmes podem ser vendidos para as plataformas e reprisados ad infinitum sem a gente ter direito a nada. Tem atores desempregados vendo suas novelas passando na TV a cabo ou no streaming&#8221;, lamentou.<\/p>\n<p>Segundo ele, os atores est\u00e3o entre os que ficam desprotegidos nesta equa\u00e7\u00e3o. &#8220;N\u00f3s n\u00e3o temos direitos garantidos, n\u00e3o temos uma lei sobre os direitos conexos&#8221;, refor\u00e7ou. &#8220;N\u00e3o tenho direito sobre minhas imagens. Qualquer novela ou filme que j\u00e1 fiz pode ser colocado no streaming sem me comunicar, nem me pagar (&#8230;) S\u00f3 existe direito autoral para o autor da novela e para o diretor.&#8221;<\/p>\n<p>Beleza Fatal conta a hist\u00f3ria de vingan\u00e7a de Sofia (Camila Queiroz) contra Lola (Camila Pitanga), uma socialite que n\u00e3o mede esfor\u00e7os para ter fama e dinheiro. A trama explora uma sociedade na qual interven\u00e7\u00f5es est\u00e9ticas extremas se tornaram rotineiras, mas cujas consequ\u00eancias s\u00e3o devastadoras. Quando a jovem Sofia e a fam\u00edlia Paix\u00e3o s\u00e3o prejudicados pelos impulsos de poder de Lola e da poderosa fam\u00edlia Argento, eles se unem para tentar fazer justi\u00e7a. O elenco conta ainda com Giovanna Antonelli, Herson Capri, Murilo Rosa, Marcelo Serrado e Julia Stockler. Os \u00faltimos cinco cap\u00edtulos ser\u00e3o disponibilizados no streaming na pr\u00f3xima segunda, 17.<\/p>\n<p>O programa DR com Demori vai ao ar na TV Brasil nesta ter\u00e7a \u00e0s 23h, com transmiss\u00e3o simult\u00e2nea no YouTube. Na Band, Beleza Fatal \u00e9 exibida de segunda a sexta, \u00e0s 20h30.<\/p>\n","protected":false},"excerpt":{"rendered":"<p>Por Laysa Zanetti No ar em Beleza Fatal, novela de Raphael Montes original da Max, Caio Blat \u00e9 o convidado desta ter\u00e7a-feira, 11, do programa DR com Demori, da TV Brasil. O ator e diretor falou amplamente sobre a repercuss\u00e3o da novela, que est\u00e1 dispon\u00edvel no streaming e come\u00e7ou a ser exibida na TV aberta &hellip;<\/p>\n","protected":false},"author":1,"featured_media":5006,"comment_status":"closed","ping_status":"closed","sticky":false,"template":"","format":"standard","meta":{"footnotes":""},"categories":[24],"tags":[],"class_list":["post-5005","post","type-post","status-publish","format-standard","has-post-thumbnail","hentry","category-entretenimento"],"yoast_head":"<!-- This site is optimized with the Yoast SEO plugin v27.4 - https:\/\/yoast.com\/product\/yoast-seo-wordpress\/ -->\n<title>&#039;N\u00e3o tenho direito sobre minhas imagens&#039;, reclama Caio Blat sobre &#039;Beleza Fatal&#039; na TV aberta - Transam\u00e9rica Mococa 93,3<\/title>\n<meta name=\"robots\" content=\"index, follow, max-snippet:-1, max-image-preview:large, max-video-preview:-1\" \/>\n<link rel=\"canonical\" href=\"https:\/\/transamerica93.com.br\/home\/nao-tenho-direito-sobre-minhas-imagens-reclama-caio-blat-sobre-beleza-fatal-na-tv-aberta\/\" \/>\n<meta property=\"og:locale\" content=\"pt_BR\" \/>\n<meta property=\"og:type\" content=\"article\" \/>\n<meta property=\"og:title\" content=\"&#039;N\u00e3o tenho direito sobre minhas imagens&#039;, reclama Caio Blat sobre &#039;Beleza Fatal&#039; na TV aberta - Transam\u00e9rica Mococa 93,3\" \/>\n<meta property=\"og:description\" content=\"Por Laysa Zanetti No ar em Beleza Fatal, novela de Raphael Montes original da Max, Caio Blat \u00e9 o convidado desta ter\u00e7a-feira, 11, do programa DR com Demori, da TV Brasil. O ator e diretor falou amplamente sobre a repercuss\u00e3o da novela, que est\u00e1 dispon\u00edvel no streaming e come\u00e7ou a ser exibida na TV aberta &hellip;\" \/>\n<meta property=\"og:url\" content=\"https:\/\/transamerica93.com.br\/home\/nao-tenho-direito-sobre-minhas-imagens-reclama-caio-blat-sobre-beleza-fatal-na-tv-aberta\/\" \/>\n<meta property=\"og:site_name\" content=\"Transam\u00e9rica Mococa 93,3\" \/>\n<meta property=\"article:publisher\" content=\"https:\/\/www.facebook.com\/transamericamococa\" \/>\n<meta property=\"article:published_time\" content=\"2025-03-20T21:00:11+00:00\" \/>\n<meta property=\"og:image\" content=\"https:\/\/transamerica93.com.br\/home\/wp-content\/uploads\/2025\/03\/Image1-8.jpg\" \/>\n\t<meta property=\"og:image:width\" content=\"800\" \/>\n\t<meta property=\"og:image:height\" content=\"431\" \/>\n\t<meta property=\"og:image:type\" content=\"image\/jpeg\" \/>\n<meta name=\"author\" content=\"Reda\u00e7\u00e3o\" \/>\n<meta name=\"twitter:card\" content=\"summary_large_image\" \/>\n<meta name=\"twitter:creator\" content=\"@transamerica933\" \/>\n<meta name=\"twitter:site\" content=\"@transamerica933\" \/>\n<meta name=\"twitter:label1\" content=\"Escrito por\" \/>\n\t<meta name=\"twitter:data1\" content=\"Reda\u00e7\u00e3o\" \/>\n\t<meta name=\"twitter:label2\" content=\"Est. tempo de leitura\" \/>\n\t<meta name=\"twitter:data2\" content=\"3 minutos\" \/>\n<script type=\"application\/ld+json\" class=\"yoast-schema-graph\">{\"@context\":\"https:\\\/\\\/schema.org\",\"@graph\":[{\"@type\":\"Article\",\"@id\":\"https:\\\/\\\/transamerica93.com.br\\\/home\\\/nao-tenho-direito-sobre-minhas-imagens-reclama-caio-blat-sobre-beleza-fatal-na-tv-aberta\\\/#article\",\"isPartOf\":{\"@id\":\"https:\\\/\\\/transamerica93.com.br\\\/home\\\/nao-tenho-direito-sobre-minhas-imagens-reclama-caio-blat-sobre-beleza-fatal-na-tv-aberta\\\/\"},\"author\":{\"name\":\"Reda\u00e7\u00e3o\",\"@id\":\"https:\\\/\\\/transamerica93.com.br\\\/home\\\/#\\\/schema\\\/person\\\/7fed7c99c0d4562efa8561bc0f543172\"},\"headline\":\"&#8216;N\u00e3o tenho direito sobre minhas imagens&#8217;, reclama Caio Blat sobre &#8216;Beleza Fatal&#8217; na TV aberta\",\"datePublished\":\"2025-03-20T21:00:11+00:00\",\"mainEntityOfPage\":{\"@id\":\"https:\\\/\\\/transamerica93.com.br\\\/home\\\/nao-tenho-direito-sobre-minhas-imagens-reclama-caio-blat-sobre-beleza-fatal-na-tv-aberta\\\/\"},\"wordCount\":554,\"publisher\":{\"@id\":\"https:\\\/\\\/transamerica93.com.br\\\/home\\\/#organization\"},\"image\":{\"@id\":\"https:\\\/\\\/transamerica93.com.br\\\/home\\\/nao-tenho-direito-sobre-minhas-imagens-reclama-caio-blat-sobre-beleza-fatal-na-tv-aberta\\\/#primaryimage\"},\"thumbnailUrl\":\"https:\\\/\\\/transamerica93.com.br\\\/home\\\/wp-content\\\/uploads\\\/2025\\\/03\\\/Image1-8.jpg\",\"articleSection\":[\"Entretenimento\"],\"inLanguage\":\"pt-BR\"},{\"@type\":\"WebPage\",\"@id\":\"https:\\\/\\\/transamerica93.com.br\\\/home\\\/nao-tenho-direito-sobre-minhas-imagens-reclama-caio-blat-sobre-beleza-fatal-na-tv-aberta\\\/\",\"url\":\"https:\\\/\\\/transamerica93.com.br\\\/home\\\/nao-tenho-direito-sobre-minhas-imagens-reclama-caio-blat-sobre-beleza-fatal-na-tv-aberta\\\/\",\"name\":\"'N\u00e3o tenho direito sobre minhas imagens', reclama Caio Blat sobre 'Beleza Fatal' na TV aberta - Transam\u00e9rica Mococa 93,3\",\"isPartOf\":{\"@id\":\"https:\\\/\\\/transamerica93.com.br\\\/home\\\/#website\"},\"primaryImageOfPage\":{\"@id\":\"https:\\\/\\\/transamerica93.com.br\\\/home\\\/nao-tenho-direito-sobre-minhas-imagens-reclama-caio-blat-sobre-beleza-fatal-na-tv-aberta\\\/#primaryimage\"},\"image\":{\"@id\":\"https:\\\/\\\/transamerica93.com.br\\\/home\\\/nao-tenho-direito-sobre-minhas-imagens-reclama-caio-blat-sobre-beleza-fatal-na-tv-aberta\\\/#primaryimage\"},\"thumbnailUrl\":\"https:\\\/\\\/transamerica93.com.br\\\/home\\\/wp-content\\\/uploads\\\/2025\\\/03\\\/Image1-8.jpg\",\"datePublished\":\"2025-03-20T21:00:11+00:00\",\"breadcrumb\":{\"@id\":\"https:\\\/\\\/transamerica93.com.br\\\/home\\\/nao-tenho-direito-sobre-minhas-imagens-reclama-caio-blat-sobre-beleza-fatal-na-tv-aberta\\\/#breadcrumb\"},\"inLanguage\":\"pt-BR\",\"potentialAction\":[{\"@type\":\"ReadAction\",\"target\":[\"https:\\\/\\\/transamerica93.com.br\\\/home\\\/nao-tenho-direito-sobre-minhas-imagens-reclama-caio-blat-sobre-beleza-fatal-na-tv-aberta\\\/\"]}]},{\"@type\":\"ImageObject\",\"inLanguage\":\"pt-BR\",\"@id\":\"https:\\\/\\\/transamerica93.com.br\\\/home\\\/nao-tenho-direito-sobre-minhas-imagens-reclama-caio-blat-sobre-beleza-fatal-na-tv-aberta\\\/#primaryimage\",\"url\":\"https:\\\/\\\/transamerica93.com.br\\\/home\\\/wp-content\\\/uploads\\\/2025\\\/03\\\/Image1-8.jpg\",\"contentUrl\":\"https:\\\/\\\/transamerica93.com.br\\\/home\\\/wp-content\\\/uploads\\\/2025\\\/03\\\/Image1-8.jpg\",\"width\":800,\"height\":431},{\"@type\":\"BreadcrumbList\",\"@id\":\"https:\\\/\\\/transamerica93.com.br\\\/home\\\/nao-tenho-direito-sobre-minhas-imagens-reclama-caio-blat-sobre-beleza-fatal-na-tv-aberta\\\/#breadcrumb\",\"itemListElement\":[{\"@type\":\"ListItem\",\"position\":1,\"name\":\"In\u00edcio\",\"item\":\"https:\\\/\\\/transamerica93.com.br\\\/home\\\/\"},{\"@type\":\"ListItem\",\"position\":2,\"name\":\"&#8216;N\u00e3o tenho direito sobre minhas imagens&#8217;, reclama Caio Blat sobre &#8216;Beleza Fatal&#8217; na TV aberta\"}]},{\"@type\":\"WebSite\",\"@id\":\"https:\\\/\\\/transamerica93.com.br\\\/home\\\/#website\",\"url\":\"https:\\\/\\\/transamerica93.com.br\\\/home\\\/\",\"name\":\"Transam\u00e9rica Mococa 93,3\",\"description\":\"\",\"publisher\":{\"@id\":\"https:\\\/\\\/transamerica93.com.br\\\/home\\\/#organization\"},\"potentialAction\":[{\"@type\":\"SearchAction\",\"target\":{\"@type\":\"EntryPoint\",\"urlTemplate\":\"https:\\\/\\\/transamerica93.com.br\\\/home\\\/?s={search_term_string}\"},\"query-input\":{\"@type\":\"PropertyValueSpecification\",\"valueRequired\":true,\"valueName\":\"search_term_string\"}}],\"inLanguage\":\"pt-BR\"},{\"@type\":\"Organization\",\"@id\":\"https:\\\/\\\/transamerica93.com.br\\\/home\\\/#organization\",\"name\":\"Transam\u00e9rica Mococa 93,3\",\"url\":\"https:\\\/\\\/transamerica93.com.br\\\/home\\\/\",\"logo\":{\"@type\":\"ImageObject\",\"inLanguage\":\"pt-BR\",\"@id\":\"https:\\\/\\\/transamerica93.com.br\\\/home\\\/#\\\/schema\\\/logo\\\/image\\\/\",\"url\":\"https:\\\/\\\/transamerica93.com.br\\\/home\\\/wp-content\\\/uploads\\\/2023\\\/10\\\/logo2.png\",\"contentUrl\":\"https:\\\/\\\/transamerica93.com.br\\\/home\\\/wp-content\\\/uploads\\\/2023\\\/10\\\/logo2.png\",\"width\":800,\"height\":500,\"caption\":\"Transam\u00e9rica Mococa 93,3\"},\"image\":{\"@id\":\"https:\\\/\\\/transamerica93.com.br\\\/home\\\/#\\\/schema\\\/logo\\\/image\\\/\"},\"sameAs\":[\"https:\\\/\\\/www.facebook.com\\\/transamericamococa\",\"https:\\\/\\\/x.com\\\/transamerica933\",\"https:\\\/\\\/www.instagram.com\\\/transamericamococa\"]},{\"@type\":\"Person\",\"@id\":\"https:\\\/\\\/transamerica93.com.br\\\/home\\\/#\\\/schema\\\/person\\\/7fed7c99c0d4562efa8561bc0f543172\",\"name\":\"Reda\u00e7\u00e3o\",\"image\":{\"@type\":\"ImageObject\",\"inLanguage\":\"pt-BR\",\"@id\":\"https:\\\/\\\/secure.gravatar.com\\\/avatar\\\/1072c6b775fb02ef8506ce967551d95926669a6b7d2c2147b42eea4d7c68395e?s=96&d=mm&r=g\",\"url\":\"https:\\\/\\\/secure.gravatar.com\\\/avatar\\\/1072c6b775fb02ef8506ce967551d95926669a6b7d2c2147b42eea4d7c68395e?s=96&d=mm&r=g\",\"contentUrl\":\"https:\\\/\\\/secure.gravatar.com\\\/avatar\\\/1072c6b775fb02ef8506ce967551d95926669a6b7d2c2147b42eea4d7c68395e?s=96&d=mm&r=g\",\"caption\":\"Reda\u00e7\u00e3o\"},\"sameAs\":[\"https:\\\/\\\/transamerica93.com.br\\\/home\"],\"url\":\"https:\\\/\\\/transamerica93.com.br\\\/home\\\/author\\\/william\\\/\"}]}<\/script>\n<!-- \/ Yoast SEO plugin. -->","yoast_head_json":{"title":"'N\u00e3o tenho direito sobre minhas imagens', reclama Caio Blat sobre 'Beleza Fatal' na TV aberta - Transam\u00e9rica Mococa 93,3","robots":{"index":"index","follow":"follow","max-snippet":"max-snippet:-1","max-image-preview":"max-image-preview:large","max-video-preview":"max-video-preview:-1"},"canonical":"https:\/\/transamerica93.com.br\/home\/nao-tenho-direito-sobre-minhas-imagens-reclama-caio-blat-sobre-beleza-fatal-na-tv-aberta\/","og_locale":"pt_BR","og_type":"article","og_title":"'N\u00e3o tenho direito sobre minhas imagens', reclama Caio Blat sobre 'Beleza Fatal' na TV aberta - Transam\u00e9rica Mococa 93,3","og_description":"Por Laysa Zanetti No ar em Beleza Fatal, novela de Raphael Montes original da Max, Caio Blat \u00e9 o convidado desta ter\u00e7a-feira, 11, do programa DR com Demori, da TV Brasil. O ator e diretor falou amplamente sobre a repercuss\u00e3o da novela, que est\u00e1 dispon\u00edvel no streaming e come\u00e7ou a ser exibida na TV aberta &hellip;","og_url":"https:\/\/transamerica93.com.br\/home\/nao-tenho-direito-sobre-minhas-imagens-reclama-caio-blat-sobre-beleza-fatal-na-tv-aberta\/","og_site_name":"Transam\u00e9rica Mococa 93,3","article_publisher":"https:\/\/www.facebook.com\/transamericamococa","article_published_time":"2025-03-20T21:00:11+00:00","og_image":[{"width":800,"height":431,"url":"https:\/\/transamerica93.com.br\/home\/wp-content\/uploads\/2025\/03\/Image1-8.jpg","type":"image\/jpeg"}],"author":"Reda\u00e7\u00e3o","twitter_card":"summary_large_image","twitter_creator":"@transamerica933","twitter_site":"@transamerica933","twitter_misc":{"Escrito por":"Reda\u00e7\u00e3o","Est. tempo de leitura":"3 minutos"},"schema":{"@context":"https:\/\/schema.org","@graph":[{"@type":"Article","@id":"https:\/\/transamerica93.com.br\/home\/nao-tenho-direito-sobre-minhas-imagens-reclama-caio-blat-sobre-beleza-fatal-na-tv-aberta\/#article","isPartOf":{"@id":"https:\/\/transamerica93.com.br\/home\/nao-tenho-direito-sobre-minhas-imagens-reclama-caio-blat-sobre-beleza-fatal-na-tv-aberta\/"},"author":{"name":"Reda\u00e7\u00e3o","@id":"https:\/\/transamerica93.com.br\/home\/#\/schema\/person\/7fed7c99c0d4562efa8561bc0f543172"},"headline":"&#8216;N\u00e3o tenho direito sobre minhas imagens&#8217;, reclama Caio Blat sobre &#8216;Beleza Fatal&#8217; na TV aberta","datePublished":"2025-03-20T21:00:11+00:00","mainEntityOfPage":{"@id":"https:\/\/transamerica93.com.br\/home\/nao-tenho-direito-sobre-minhas-imagens-reclama-caio-blat-sobre-beleza-fatal-na-tv-aberta\/"},"wordCount":554,"publisher":{"@id":"https:\/\/transamerica93.com.br\/home\/#organization"},"image":{"@id":"https:\/\/transamerica93.com.br\/home\/nao-tenho-direito-sobre-minhas-imagens-reclama-caio-blat-sobre-beleza-fatal-na-tv-aberta\/#primaryimage"},"thumbnailUrl":"https:\/\/transamerica93.com.br\/home\/wp-content\/uploads\/2025\/03\/Image1-8.jpg","articleSection":["Entretenimento"],"inLanguage":"pt-BR"},{"@type":"WebPage","@id":"https:\/\/transamerica93.com.br\/home\/nao-tenho-direito-sobre-minhas-imagens-reclama-caio-blat-sobre-beleza-fatal-na-tv-aberta\/","url":"https:\/\/transamerica93.com.br\/home\/nao-tenho-direito-sobre-minhas-imagens-reclama-caio-blat-sobre-beleza-fatal-na-tv-aberta\/","name":"'N\u00e3o tenho direito sobre minhas imagens', reclama Caio Blat sobre 'Beleza Fatal' na TV aberta - Transam\u00e9rica Mococa 93,3","isPartOf":{"@id":"https:\/\/transamerica93.com.br\/home\/#website"},"primaryImageOfPage":{"@id":"https:\/\/transamerica93.com.br\/home\/nao-tenho-direito-sobre-minhas-imagens-reclama-caio-blat-sobre-beleza-fatal-na-tv-aberta\/#primaryimage"},"image":{"@id":"https:\/\/transamerica93.com.br\/home\/nao-tenho-direito-sobre-minhas-imagens-reclama-caio-blat-sobre-beleza-fatal-na-tv-aberta\/#primaryimage"},"thumbnailUrl":"https:\/\/transamerica93.com.br\/home\/wp-content\/uploads\/2025\/03\/Image1-8.jpg","datePublished":"2025-03-20T21:00:11+00:00","breadcrumb":{"@id":"https:\/\/transamerica93.com.br\/home\/nao-tenho-direito-sobre-minhas-imagens-reclama-caio-blat-sobre-beleza-fatal-na-tv-aberta\/#breadcrumb"},"inLanguage":"pt-BR","potentialAction":[{"@type":"ReadAction","target":["https:\/\/transamerica93.com.br\/home\/nao-tenho-direito-sobre-minhas-imagens-reclama-caio-blat-sobre-beleza-fatal-na-tv-aberta\/"]}]},{"@type":"ImageObject","inLanguage":"pt-BR","@id":"https:\/\/transamerica93.com.br\/home\/nao-tenho-direito-sobre-minhas-imagens-reclama-caio-blat-sobre-beleza-fatal-na-tv-aberta\/#primaryimage","url":"https:\/\/transamerica93.com.br\/home\/wp-content\/uploads\/2025\/03\/Image1-8.jpg","contentUrl":"https:\/\/transamerica93.com.br\/home\/wp-content\/uploads\/2025\/03\/Image1-8.jpg","width":800,"height":431},{"@type":"BreadcrumbList","@id":"https:\/\/transamerica93.com.br\/home\/nao-tenho-direito-sobre-minhas-imagens-reclama-caio-blat-sobre-beleza-fatal-na-tv-aberta\/#breadcrumb","itemListElement":[{"@type":"ListItem","position":1,"name":"In\u00edcio","item":"https:\/\/transamerica93.com.br\/home\/"},{"@type":"ListItem","position":2,"name":"&#8216;N\u00e3o tenho direito sobre minhas imagens&#8217;, reclama Caio Blat sobre &#8216;Beleza Fatal&#8217; na TV aberta"}]},{"@type":"WebSite","@id":"https:\/\/transamerica93.com.br\/home\/#website","url":"https:\/\/transamerica93.com.br\/home\/","name":"Transam\u00e9rica Mococa 93,3","description":"","publisher":{"@id":"https:\/\/transamerica93.com.br\/home\/#organization"},"potentialAction":[{"@type":"SearchAction","target":{"@type":"EntryPoint","urlTemplate":"https:\/\/transamerica93.com.br\/home\/?s={search_term_string}"},"query-input":{"@type":"PropertyValueSpecification","valueRequired":true,"valueName":"search_term_string"}}],"inLanguage":"pt-BR"},{"@type":"Organization","@id":"https:\/\/transamerica93.com.br\/home\/#organization","name":"Transam\u00e9rica Mococa 93,3","url":"https:\/\/transamerica93.com.br\/home\/","logo":{"@type":"ImageObject","inLanguage":"pt-BR","@id":"https:\/\/transamerica93.com.br\/home\/#\/schema\/logo\/image\/","url":"https:\/\/transamerica93.com.br\/home\/wp-content\/uploads\/2023\/10\/logo2.png","contentUrl":"https:\/\/transamerica93.com.br\/home\/wp-content\/uploads\/2023\/10\/logo2.png","width":800,"height":500,"caption":"Transam\u00e9rica Mococa 93,3"},"image":{"@id":"https:\/\/transamerica93.com.br\/home\/#\/schema\/logo\/image\/"},"sameAs":["https:\/\/www.facebook.com\/transamericamococa","https:\/\/x.com\/transamerica933","https:\/\/www.instagram.com\/transamericamococa"]},{"@type":"Person","@id":"https:\/\/transamerica93.com.br\/home\/#\/schema\/person\/7fed7c99c0d4562efa8561bc0f543172","name":"Reda\u00e7\u00e3o","image":{"@type":"ImageObject","inLanguage":"pt-BR","@id":"https:\/\/secure.gravatar.com\/avatar\/1072c6b775fb02ef8506ce967551d95926669a6b7d2c2147b42eea4d7c68395e?s=96&d=mm&r=g","url":"https:\/\/secure.gravatar.com\/avatar\/1072c6b775fb02ef8506ce967551d95926669a6b7d2c2147b42eea4d7c68395e?s=96&d=mm&r=g","contentUrl":"https:\/\/secure.gravatar.com\/avatar\/1072c6b775fb02ef8506ce967551d95926669a6b7d2c2147b42eea4d7c68395e?s=96&d=mm&r=g","caption":"Reda\u00e7\u00e3o"},"sameAs":["https:\/\/transamerica93.com.br\/home"],"url":"https:\/\/transamerica93.com.br\/home\/author\/william\/"}]}},"_links":{"self":[{"href":"https:\/\/transamerica93.com.br\/home\/wp-json\/wp\/v2\/posts\/5005","targetHints":{"allow":["GET"]}}],"collection":[{"href":"https:\/\/transamerica93.com.br\/home\/wp-json\/wp\/v2\/posts"}],"about":[{"href":"https:\/\/transamerica93.com.br\/home\/wp-json\/wp\/v2\/types\/post"}],"author":[{"embeddable":true,"href":"https:\/\/transamerica93.com.br\/home\/wp-json\/wp\/v2\/users\/1"}],"replies":[{"embeddable":true,"href":"https:\/\/transamerica93.com.br\/home\/wp-json\/wp\/v2\/comments?post=5005"}],"version-history":[{"count":1,"href":"https:\/\/transamerica93.com.br\/home\/wp-json\/wp\/v2\/posts\/5005\/revisions"}],"predecessor-version":[{"id":5007,"href":"https:\/\/transamerica93.com.br\/home\/wp-json\/wp\/v2\/posts\/5005\/revisions\/5007"}],"wp:featuredmedia":[{"embeddable":true,"href":"https:\/\/transamerica93.com.br\/home\/wp-json\/wp\/v2\/media\/5006"}],"wp:attachment":[{"href":"https:\/\/transamerica93.com.br\/home\/wp-json\/wp\/v2\/media?parent=5005"}],"wp:term":[{"taxonomy":"category","embeddable":true,"href":"https:\/\/transamerica93.com.br\/home\/wp-json\/wp\/v2\/categories?post=5005"},{"taxonomy":"post_tag","embeddable":true,"href":"https:\/\/transamerica93.com.br\/home\/wp-json\/wp\/v2\/tags?post=5005"}],"curies":[{"name":"wp","href":"https:\/\/api.w.org\/{rel}","templated":true}]}}