{"id":5032,"date":"2025-03-28T15:00:51","date_gmt":"2025-03-28T18:00:51","guid":{"rendered":"https:\/\/transamerica93.com.br\/home\/?p=5032"},"modified":"2025-03-12T18:32:48","modified_gmt":"2025-03-12T21:32:48","slug":"estou-sendo-bem-cuidada-diz-preta-gil-apos-internacao-em-uti","status":"publish","type":"post","link":"https:\/\/transamerica93.com.br\/home\/estou-sendo-bem-cuidada-diz-preta-gil-apos-internacao-em-uti\/","title":{"rendered":"&#8216;Estou sendo bem cuidada&#8217;, diz Preta Gil ap\u00f3s interna\u00e7\u00e3o em UTI"},"content":{"rendered":"<div id=\"Corpo\">\n<h6 class=\"Assina\">Por Erem Carla<\/h6>\n<p>&#8220;Amores, fiquem tranquilos! Estou sendo bem cuidada e em breve estarei em casa. Amo voc\u00eas.&#8221; Com essa mensagem publicada em suas redes sociais, Preta Gil acalmou os f\u00e3s ap\u00f3s ser internada na Unidade de Terapia Intensiva (UTI) do Hospital Alian\u00e7a Star, em Salvador, devido a uma infec\u00e7\u00e3o urin\u00e1ria.<\/p>\n<p>A interna\u00e7\u00e3o ocorreu no \u00faltimo s\u00e1bado, 8, conforme divulgado pela equipe da cantora. Segundo o boletim m\u00e9dico, ela segue sob monitoramento, mas seu estado de sa\u00fade \u00e9 considerado est\u00e1vel.<\/p>\n<p>Tratamento contra o c\u00e2ncer<\/p>\n<p>Preta Gil foi diagnosticada com c\u00e2ncer colorretal em janeiro de 2023 e iniciou um tratamento com quimioterapia e radioterapia. Apesar de um quadro inicial de cura, a doen\u00e7a voltou meses depois, atingindo quatro \u00e1reas do corpo: dois linfonodos, o perit\u00f4nio e o ureter.<\/p>\n<p>Em dezembro do ano passado, a cantora passou por uma cirurgia complexa de 21 horas para a remo\u00e7\u00e3o dos tumores, al\u00e9m de implantar uma bolsa de colostomia definitiva.<\/p>\n<p>Tr\u00eas dias antes de ser internada, a filha de Gilberto Gil curtiu o dia ensolarado em uma praia da capital baiana e revelou aos seguidores que teve libera\u00e7\u00e3o m\u00e9dica para ir \u00e0 praia dar um mergulho.<\/p><\/div>\n","protected":false},"excerpt":{"rendered":"<p>Por Erem Carla &#8220;Amores, fiquem tranquilos! Estou sendo bem cuidada e em breve estarei em casa. Amo voc\u00eas.&#8221; Com essa mensagem publicada em suas redes sociais, Preta Gil acalmou os f\u00e3s ap\u00f3s ser internada na Unidade de Terapia Intensiva (UTI) do Hospital Alian\u00e7a Star, em Salvador, devido a uma infec\u00e7\u00e3o urin\u00e1ria. A interna\u00e7\u00e3o ocorreu no &hellip;<\/p>\n","protected":false},"author":1,"featured_media":4877,"comment_status":"closed","ping_status":"closed","sticky":false,"template":"","format":"standard","meta":{"footnotes":""},"categories":[25],"tags":[],"class_list":["post-5032","post","type-post","status-publish","format-standard","has-post-thumbnail","hentry","category-musica"],"yoast_head":"<!-- This site is optimized with the Yoast SEO plugin v27.4 - https:\/\/yoast.com\/product\/yoast-seo-wordpress\/ -->\n<title>&#039;Estou sendo bem cuidada&#039;, diz Preta Gil ap\u00f3s interna\u00e7\u00e3o em UTI - Transam\u00e9rica Mococa 93,3<\/title>\n<meta name=\"robots\" content=\"index, follow, max-snippet:-1, max-image-preview:large, max-video-preview:-1\" \/>\n<link rel=\"canonical\" href=\"https:\/\/transamerica93.com.br\/home\/estou-sendo-bem-cuidada-diz-preta-gil-apos-internacao-em-uti\/\" \/>\n<meta property=\"og:locale\" content=\"pt_BR\" \/>\n<meta property=\"og:type\" content=\"article\" \/>\n<meta property=\"og:title\" content=\"&#039;Estou sendo bem cuidada&#039;, diz Preta Gil ap\u00f3s interna\u00e7\u00e3o em UTI - Transam\u00e9rica Mococa 93,3\" \/>\n<meta property=\"og:description\" content=\"Por Erem Carla &#8220;Amores, fiquem tranquilos! Estou sendo bem cuidada e em breve estarei em casa. Amo voc\u00eas.&#8221; Com essa mensagem publicada em suas redes sociais, Preta Gil acalmou os f\u00e3s ap\u00f3s ser internada na Unidade de Terapia Intensiva (UTI) do Hospital Alian\u00e7a Star, em Salvador, devido a uma infec\u00e7\u00e3o urin\u00e1ria. A interna\u00e7\u00e3o ocorreu no &hellip;\" \/>\n<meta property=\"og:url\" content=\"https:\/\/transamerica93.com.br\/home\/estou-sendo-bem-cuidada-diz-preta-gil-apos-internacao-em-uti\/\" \/>\n<meta property=\"og:site_name\" content=\"Transam\u00e9rica Mococa 93,3\" \/>\n<meta property=\"article:publisher\" content=\"https:\/\/www.facebook.com\/transamericamococa\" \/>\n<meta property=\"article:published_time\" content=\"2025-03-28T18:00:51+00:00\" \/>\n<meta property=\"og:image\" content=\"https:\/\/transamerica93.com.br\/home\/wp-content\/uploads\/2025\/03\/1-7.jpg\" \/>\n\t<meta property=\"og:image:width\" content=\"1200\" \/>\n\t<meta property=\"og:image:height\" content=\"720\" \/>\n\t<meta property=\"og:image:type\" content=\"image\/jpeg\" \/>\n<meta name=\"author\" content=\"Reda\u00e7\u00e3o\" \/>\n<meta name=\"twitter:card\" content=\"summary_large_image\" \/>\n<meta name=\"twitter:creator\" content=\"@transamerica933\" \/>\n<meta name=\"twitter:site\" content=\"@transamerica933\" \/>\n<meta name=\"twitter:label1\" content=\"Escrito por\" \/>\n\t<meta name=\"twitter:data1\" content=\"Reda\u00e7\u00e3o\" \/>\n\t<meta name=\"twitter:label2\" content=\"Est. tempo de leitura\" \/>\n\t<meta name=\"twitter:data2\" content=\"2 minutos\" \/>\n<script type=\"application\/ld+json\" class=\"yoast-schema-graph\">{\"@context\":\"https:\\\/\\\/schema.org\",\"@graph\":[{\"@type\":\"Article\",\"@id\":\"https:\\\/\\\/transamerica93.com.br\\\/home\\\/estou-sendo-bem-cuidada-diz-preta-gil-apos-internacao-em-uti\\\/#article\",\"isPartOf\":{\"@id\":\"https:\\\/\\\/transamerica93.com.br\\\/home\\\/estou-sendo-bem-cuidada-diz-preta-gil-apos-internacao-em-uti\\\/\"},\"author\":{\"name\":\"Reda\u00e7\u00e3o\",\"@id\":\"https:\\\/\\\/transamerica93.com.br\\\/home\\\/#\\\/schema\\\/person\\\/7fed7c99c0d4562efa8561bc0f543172\"},\"headline\":\"&#8216;Estou sendo bem cuidada&#8217;, diz Preta Gil ap\u00f3s interna\u00e7\u00e3o em UTI\",\"datePublished\":\"2025-03-28T18:00:51+00:00\",\"mainEntityOfPage\":{\"@id\":\"https:\\\/\\\/transamerica93.com.br\\\/home\\\/estou-sendo-bem-cuidada-diz-preta-gil-apos-internacao-em-uti\\\/\"},\"wordCount\":219,\"publisher\":{\"@id\":\"https:\\\/\\\/transamerica93.com.br\\\/home\\\/#organization\"},\"image\":{\"@id\":\"https:\\\/\\\/transamerica93.com.br\\\/home\\\/estou-sendo-bem-cuidada-diz-preta-gil-apos-internacao-em-uti\\\/#primaryimage\"},\"thumbnailUrl\":\"https:\\\/\\\/transamerica93.com.br\\\/home\\\/wp-content\\\/uploads\\\/2025\\\/03\\\/1-7.jpg\",\"articleSection\":[\"M\u00fasica\"],\"inLanguage\":\"pt-BR\"},{\"@type\":\"WebPage\",\"@id\":\"https:\\\/\\\/transamerica93.com.br\\\/home\\\/estou-sendo-bem-cuidada-diz-preta-gil-apos-internacao-em-uti\\\/\",\"url\":\"https:\\\/\\\/transamerica93.com.br\\\/home\\\/estou-sendo-bem-cuidada-diz-preta-gil-apos-internacao-em-uti\\\/\",\"name\":\"'Estou sendo bem cuidada', diz Preta Gil ap\u00f3s interna\u00e7\u00e3o em UTI - Transam\u00e9rica Mococa 93,3\",\"isPartOf\":{\"@id\":\"https:\\\/\\\/transamerica93.com.br\\\/home\\\/#website\"},\"primaryImageOfPage\":{\"@id\":\"https:\\\/\\\/transamerica93.com.br\\\/home\\\/estou-sendo-bem-cuidada-diz-preta-gil-apos-internacao-em-uti\\\/#primaryimage\"},\"image\":{\"@id\":\"https:\\\/\\\/transamerica93.com.br\\\/home\\\/estou-sendo-bem-cuidada-diz-preta-gil-apos-internacao-em-uti\\\/#primaryimage\"},\"thumbnailUrl\":\"https:\\\/\\\/transamerica93.com.br\\\/home\\\/wp-content\\\/uploads\\\/2025\\\/03\\\/1-7.jpg\",\"datePublished\":\"2025-03-28T18:00:51+00:00\",\"breadcrumb\":{\"@id\":\"https:\\\/\\\/transamerica93.com.br\\\/home\\\/estou-sendo-bem-cuidada-diz-preta-gil-apos-internacao-em-uti\\\/#breadcrumb\"},\"inLanguage\":\"pt-BR\",\"potentialAction\":[{\"@type\":\"ReadAction\",\"target\":[\"https:\\\/\\\/transamerica93.com.br\\\/home\\\/estou-sendo-bem-cuidada-diz-preta-gil-apos-internacao-em-uti\\\/\"]}]},{\"@type\":\"ImageObject\",\"inLanguage\":\"pt-BR\",\"@id\":\"https:\\\/\\\/transamerica93.com.br\\\/home\\\/estou-sendo-bem-cuidada-diz-preta-gil-apos-internacao-em-uti\\\/#primaryimage\",\"url\":\"https:\\\/\\\/transamerica93.com.br\\\/home\\\/wp-content\\\/uploads\\\/2025\\\/03\\\/1-7.jpg\",\"contentUrl\":\"https:\\\/\\\/transamerica93.com.br\\\/home\\\/wp-content\\\/uploads\\\/2025\\\/03\\\/1-7.jpg\",\"width\":1200,\"height\":720},{\"@type\":\"BreadcrumbList\",\"@id\":\"https:\\\/\\\/transamerica93.com.br\\\/home\\\/estou-sendo-bem-cuidada-diz-preta-gil-apos-internacao-em-uti\\\/#breadcrumb\",\"itemListElement\":[{\"@type\":\"ListItem\",\"position\":1,\"name\":\"In\u00edcio\",\"item\":\"https:\\\/\\\/transamerica93.com.br\\\/home\\\/\"},{\"@type\":\"ListItem\",\"position\":2,\"name\":\"&#8216;Estou sendo bem cuidada&#8217;, diz Preta Gil ap\u00f3s interna\u00e7\u00e3o em UTI\"}]},{\"@type\":\"WebSite\",\"@id\":\"https:\\\/\\\/transamerica93.com.br\\\/home\\\/#website\",\"url\":\"https:\\\/\\\/transamerica93.com.br\\\/home\\\/\",\"name\":\"Transam\u00e9rica Mococa 93,3\",\"description\":\"\",\"publisher\":{\"@id\":\"https:\\\/\\\/transamerica93.com.br\\\/home\\\/#organization\"},\"potentialAction\":[{\"@type\":\"SearchAction\",\"target\":{\"@type\":\"EntryPoint\",\"urlTemplate\":\"https:\\\/\\\/transamerica93.com.br\\\/home\\\/?s={search_term_string}\"},\"query-input\":{\"@type\":\"PropertyValueSpecification\",\"valueRequired\":true,\"valueName\":\"search_term_string\"}}],\"inLanguage\":\"pt-BR\"},{\"@type\":\"Organization\",\"@id\":\"https:\\\/\\\/transamerica93.com.br\\\/home\\\/#organization\",\"name\":\"Transam\u00e9rica Mococa 93,3\",\"url\":\"https:\\\/\\\/transamerica93.com.br\\\/home\\\/\",\"logo\":{\"@type\":\"ImageObject\",\"inLanguage\":\"pt-BR\",\"@id\":\"https:\\\/\\\/transamerica93.com.br\\\/home\\\/#\\\/schema\\\/logo\\\/image\\\/\",\"url\":\"https:\\\/\\\/transamerica93.com.br\\\/home\\\/wp-content\\\/uploads\\\/2023\\\/10\\\/logo2.png\",\"contentUrl\":\"https:\\\/\\\/transamerica93.com.br\\\/home\\\/wp-content\\\/uploads\\\/2023\\\/10\\\/logo2.png\",\"width\":800,\"height\":500,\"caption\":\"Transam\u00e9rica Mococa 93,3\"},\"image\":{\"@id\":\"https:\\\/\\\/transamerica93.com.br\\\/home\\\/#\\\/schema\\\/logo\\\/image\\\/\"},\"sameAs\":[\"https:\\\/\\\/www.facebook.com\\\/transamericamococa\",\"https:\\\/\\\/x.com\\\/transamerica933\",\"https:\\\/\\\/www.instagram.com\\\/transamericamococa\"]},{\"@type\":\"Person\",\"@id\":\"https:\\\/\\\/transamerica93.com.br\\\/home\\\/#\\\/schema\\\/person\\\/7fed7c99c0d4562efa8561bc0f543172\",\"name\":\"Reda\u00e7\u00e3o\",\"image\":{\"@type\":\"ImageObject\",\"inLanguage\":\"pt-BR\",\"@id\":\"https:\\\/\\\/secure.gravatar.com\\\/avatar\\\/1072c6b775fb02ef8506ce967551d95926669a6b7d2c2147b42eea4d7c68395e?s=96&d=mm&r=g\",\"url\":\"https:\\\/\\\/secure.gravatar.com\\\/avatar\\\/1072c6b775fb02ef8506ce967551d95926669a6b7d2c2147b42eea4d7c68395e?s=96&d=mm&r=g\",\"contentUrl\":\"https:\\\/\\\/secure.gravatar.com\\\/avatar\\\/1072c6b775fb02ef8506ce967551d95926669a6b7d2c2147b42eea4d7c68395e?s=96&d=mm&r=g\",\"caption\":\"Reda\u00e7\u00e3o\"},\"sameAs\":[\"https:\\\/\\\/transamerica93.com.br\\\/home\"],\"url\":\"https:\\\/\\\/transamerica93.com.br\\\/home\\\/author\\\/william\\\/\"}]}<\/script>\n<!-- \/ Yoast SEO plugin. -->","yoast_head_json":{"title":"'Estou sendo bem cuidada', diz Preta Gil ap\u00f3s interna\u00e7\u00e3o em UTI - Transam\u00e9rica Mococa 93,3","robots":{"index":"index","follow":"follow","max-snippet":"max-snippet:-1","max-image-preview":"max-image-preview:large","max-video-preview":"max-video-preview:-1"},"canonical":"https:\/\/transamerica93.com.br\/home\/estou-sendo-bem-cuidada-diz-preta-gil-apos-internacao-em-uti\/","og_locale":"pt_BR","og_type":"article","og_title":"'Estou sendo bem cuidada', diz Preta Gil ap\u00f3s interna\u00e7\u00e3o em UTI - Transam\u00e9rica Mococa 93,3","og_description":"Por Erem Carla &#8220;Amores, fiquem tranquilos! Estou sendo bem cuidada e em breve estarei em casa. Amo voc\u00eas.&#8221; Com essa mensagem publicada em suas redes sociais, Preta Gil acalmou os f\u00e3s ap\u00f3s ser internada na Unidade de Terapia Intensiva (UTI) do Hospital Alian\u00e7a Star, em Salvador, devido a uma infec\u00e7\u00e3o urin\u00e1ria. A interna\u00e7\u00e3o ocorreu no &hellip;","og_url":"https:\/\/transamerica93.com.br\/home\/estou-sendo-bem-cuidada-diz-preta-gil-apos-internacao-em-uti\/","og_site_name":"Transam\u00e9rica Mococa 93,3","article_publisher":"https:\/\/www.facebook.com\/transamericamococa","article_published_time":"2025-03-28T18:00:51+00:00","og_image":[{"width":1200,"height":720,"url":"https:\/\/transamerica93.com.br\/home\/wp-content\/uploads\/2025\/03\/1-7.jpg","type":"image\/jpeg"}],"author":"Reda\u00e7\u00e3o","twitter_card":"summary_large_image","twitter_creator":"@transamerica933","twitter_site":"@transamerica933","twitter_misc":{"Escrito por":"Reda\u00e7\u00e3o","Est. tempo de leitura":"2 minutos"},"schema":{"@context":"https:\/\/schema.org","@graph":[{"@type":"Article","@id":"https:\/\/transamerica93.com.br\/home\/estou-sendo-bem-cuidada-diz-preta-gil-apos-internacao-em-uti\/#article","isPartOf":{"@id":"https:\/\/transamerica93.com.br\/home\/estou-sendo-bem-cuidada-diz-preta-gil-apos-internacao-em-uti\/"},"author":{"name":"Reda\u00e7\u00e3o","@id":"https:\/\/transamerica93.com.br\/home\/#\/schema\/person\/7fed7c99c0d4562efa8561bc0f543172"},"headline":"&#8216;Estou sendo bem cuidada&#8217;, diz Preta Gil ap\u00f3s interna\u00e7\u00e3o em UTI","datePublished":"2025-03-28T18:00:51+00:00","mainEntityOfPage":{"@id":"https:\/\/transamerica93.com.br\/home\/estou-sendo-bem-cuidada-diz-preta-gil-apos-internacao-em-uti\/"},"wordCount":219,"publisher":{"@id":"https:\/\/transamerica93.com.br\/home\/#organization"},"image":{"@id":"https:\/\/transamerica93.com.br\/home\/estou-sendo-bem-cuidada-diz-preta-gil-apos-internacao-em-uti\/#primaryimage"},"thumbnailUrl":"https:\/\/transamerica93.com.br\/home\/wp-content\/uploads\/2025\/03\/1-7.jpg","articleSection":["M\u00fasica"],"inLanguage":"pt-BR"},{"@type":"WebPage","@id":"https:\/\/transamerica93.com.br\/home\/estou-sendo-bem-cuidada-diz-preta-gil-apos-internacao-em-uti\/","url":"https:\/\/transamerica93.com.br\/home\/estou-sendo-bem-cuidada-diz-preta-gil-apos-internacao-em-uti\/","name":"'Estou sendo bem cuidada', diz Preta Gil ap\u00f3s interna\u00e7\u00e3o em UTI - Transam\u00e9rica Mococa 93,3","isPartOf":{"@id":"https:\/\/transamerica93.com.br\/home\/#website"},"primaryImageOfPage":{"@id":"https:\/\/transamerica93.com.br\/home\/estou-sendo-bem-cuidada-diz-preta-gil-apos-internacao-em-uti\/#primaryimage"},"image":{"@id":"https:\/\/transamerica93.com.br\/home\/estou-sendo-bem-cuidada-diz-preta-gil-apos-internacao-em-uti\/#primaryimage"},"thumbnailUrl":"https:\/\/transamerica93.com.br\/home\/wp-content\/uploads\/2025\/03\/1-7.jpg","datePublished":"2025-03-28T18:00:51+00:00","breadcrumb":{"@id":"https:\/\/transamerica93.com.br\/home\/estou-sendo-bem-cuidada-diz-preta-gil-apos-internacao-em-uti\/#breadcrumb"},"inLanguage":"pt-BR","potentialAction":[{"@type":"ReadAction","target":["https:\/\/transamerica93.com.br\/home\/estou-sendo-bem-cuidada-diz-preta-gil-apos-internacao-em-uti\/"]}]},{"@type":"ImageObject","inLanguage":"pt-BR","@id":"https:\/\/transamerica93.com.br\/home\/estou-sendo-bem-cuidada-diz-preta-gil-apos-internacao-em-uti\/#primaryimage","url":"https:\/\/transamerica93.com.br\/home\/wp-content\/uploads\/2025\/03\/1-7.jpg","contentUrl":"https:\/\/transamerica93.com.br\/home\/wp-content\/uploads\/2025\/03\/1-7.jpg","width":1200,"height":720},{"@type":"BreadcrumbList","@id":"https:\/\/transamerica93.com.br\/home\/estou-sendo-bem-cuidada-diz-preta-gil-apos-internacao-em-uti\/#breadcrumb","itemListElement":[{"@type":"ListItem","position":1,"name":"In\u00edcio","item":"https:\/\/transamerica93.com.br\/home\/"},{"@type":"ListItem","position":2,"name":"&#8216;Estou sendo bem cuidada&#8217;, diz Preta Gil ap\u00f3s interna\u00e7\u00e3o em UTI"}]},{"@type":"WebSite","@id":"https:\/\/transamerica93.com.br\/home\/#website","url":"https:\/\/transamerica93.com.br\/home\/","name":"Transam\u00e9rica Mococa 93,3","description":"","publisher":{"@id":"https:\/\/transamerica93.com.br\/home\/#organization"},"potentialAction":[{"@type":"SearchAction","target":{"@type":"EntryPoint","urlTemplate":"https:\/\/transamerica93.com.br\/home\/?s={search_term_string}"},"query-input":{"@type":"PropertyValueSpecification","valueRequired":true,"valueName":"search_term_string"}}],"inLanguage":"pt-BR"},{"@type":"Organization","@id":"https:\/\/transamerica93.com.br\/home\/#organization","name":"Transam\u00e9rica Mococa 93,3","url":"https:\/\/transamerica93.com.br\/home\/","logo":{"@type":"ImageObject","inLanguage":"pt-BR","@id":"https:\/\/transamerica93.com.br\/home\/#\/schema\/logo\/image\/","url":"https:\/\/transamerica93.com.br\/home\/wp-content\/uploads\/2023\/10\/logo2.png","contentUrl":"https:\/\/transamerica93.com.br\/home\/wp-content\/uploads\/2023\/10\/logo2.png","width":800,"height":500,"caption":"Transam\u00e9rica Mococa 93,3"},"image":{"@id":"https:\/\/transamerica93.com.br\/home\/#\/schema\/logo\/image\/"},"sameAs":["https:\/\/www.facebook.com\/transamericamococa","https:\/\/x.com\/transamerica933","https:\/\/www.instagram.com\/transamericamococa"]},{"@type":"Person","@id":"https:\/\/transamerica93.com.br\/home\/#\/schema\/person\/7fed7c99c0d4562efa8561bc0f543172","name":"Reda\u00e7\u00e3o","image":{"@type":"ImageObject","inLanguage":"pt-BR","@id":"https:\/\/secure.gravatar.com\/avatar\/1072c6b775fb02ef8506ce967551d95926669a6b7d2c2147b42eea4d7c68395e?s=96&d=mm&r=g","url":"https:\/\/secure.gravatar.com\/avatar\/1072c6b775fb02ef8506ce967551d95926669a6b7d2c2147b42eea4d7c68395e?s=96&d=mm&r=g","contentUrl":"https:\/\/secure.gravatar.com\/avatar\/1072c6b775fb02ef8506ce967551d95926669a6b7d2c2147b42eea4d7c68395e?s=96&d=mm&r=g","caption":"Reda\u00e7\u00e3o"},"sameAs":["https:\/\/transamerica93.com.br\/home"],"url":"https:\/\/transamerica93.com.br\/home\/author\/william\/"}]}},"_links":{"self":[{"href":"https:\/\/transamerica93.com.br\/home\/wp-json\/wp\/v2\/posts\/5032","targetHints":{"allow":["GET"]}}],"collection":[{"href":"https:\/\/transamerica93.com.br\/home\/wp-json\/wp\/v2\/posts"}],"about":[{"href":"https:\/\/transamerica93.com.br\/home\/wp-json\/wp\/v2\/types\/post"}],"author":[{"embeddable":true,"href":"https:\/\/transamerica93.com.br\/home\/wp-json\/wp\/v2\/users\/1"}],"replies":[{"embeddable":true,"href":"https:\/\/transamerica93.com.br\/home\/wp-json\/wp\/v2\/comments?post=5032"}],"version-history":[{"count":1,"href":"https:\/\/transamerica93.com.br\/home\/wp-json\/wp\/v2\/posts\/5032\/revisions"}],"predecessor-version":[{"id":5033,"href":"https:\/\/transamerica93.com.br\/home\/wp-json\/wp\/v2\/posts\/5032\/revisions\/5033"}],"wp:featuredmedia":[{"embeddable":true,"href":"https:\/\/transamerica93.com.br\/home\/wp-json\/wp\/v2\/media\/4877"}],"wp:attachment":[{"href":"https:\/\/transamerica93.com.br\/home\/wp-json\/wp\/v2\/media?parent=5032"}],"wp:term":[{"taxonomy":"category","embeddable":true,"href":"https:\/\/transamerica93.com.br\/home\/wp-json\/wp\/v2\/categories?post=5032"},{"taxonomy":"post_tag","embeddable":true,"href":"https:\/\/transamerica93.com.br\/home\/wp-json\/wp\/v2\/tags?post=5032"}],"curies":[{"name":"wp","href":"https:\/\/api.w.org\/{rel}","templated":true}]}}