{"id":5037,"date":"2025-03-28T18:00:58","date_gmt":"2025-03-28T21:00:58","guid":{"rendered":"https:\/\/transamerica93.com.br\/home\/?p=5037"},"modified":"2025-03-12T18:38:19","modified_gmt":"2025-03-12T21:38:19","slug":"padre-julio-lancelotti-elogia-conclave-belo-filme","status":"publish","type":"post","link":"https:\/\/transamerica93.com.br\/home\/padre-julio-lancelotti-elogia-conclave-belo-filme\/","title":{"rendered":"Padre J\u00falio Lancelotti elogia &#8216;Conclave&#8217;: &#8216;Belo filme&#8217;"},"content":{"rendered":"<div id=\"Corpo\">\n<h6 class=\"Assina\">Por Reda\u00e7\u00e3o, O Estado de S. Paulo<\/h6>\n<p>Bastante ativo nas redes sociais, o padre J\u00falio Lancelotti aprovou o filme Conclave, vencedor do Oscar de Melhor Roteiro Adaptado. O sacerdote publicou uma imagem em seu perfil no Instagram com uma cita\u00e7\u00e3o do longa, e elogiou: &#8220;Belo texto num belo filme!&#8221;<\/p>\n<p>O trecho em quest\u00e3o \u00e9 uma fala do Cardeal Thomas Lawrence, interpretado por Ralph Fiennes, e diz: &#8220;A certeza \u00e9 a inimiga mortal da toler\u00e2ncia. A nossa f\u00e9 \u00e9 viva precisamente porque ela anda de m\u00e3os dadas com a d\u00favida. Se houvesse apenas certeza e nenhuma d\u00favida, n\u00e3o haveria mist\u00e9rio e, portanto, nenhuma necessidade de f\u00e9.&#8221;<\/p>\n<p><b>O que \u00e9 o filme &#8216;conclave&#8217;?<\/b><\/p>\n<p>Inspirado no livro hom\u00f4nimo de Robert Harris (Conclave, publicado pela Alfaguara), o filme mostra o que acontece a portas fechadas no Vaticano durante um Conclave ap\u00f3s a morte inesperada do antigo Sumo Pont\u00edfice.<\/p>\n<p>Na trama, o Cardeal Lawrence (Fiennes), bra\u00e7o direito do antigo Papa, se v\u00ea a contragosto com a miss\u00e3o de liderar a nova elei\u00e7\u00e3o, e precisa equilibrar o pr\u00f3prio luto com a preocupa\u00e7\u00e3o com a integridade do processo e as indaga\u00e7\u00f5es sobre sua pr\u00f3pria f\u00e9. Aos poucos, ele percebe que est\u00e1 no meio de uma teia de segredos perigosos que podem abalar todo o alicerce da igreja cat\u00f3lica. O longa segue em cartaz nos cinemas brasileiros.<\/p><\/div>\n","protected":false},"excerpt":{"rendered":"<p>Por Reda\u00e7\u00e3o, O Estado de S. Paulo Bastante ativo nas redes sociais, o padre J\u00falio Lancelotti aprovou o filme Conclave, vencedor do Oscar de Melhor Roteiro Adaptado. O sacerdote publicou uma imagem em seu perfil no Instagram com uma cita\u00e7\u00e3o do longa, e elogiou: &#8220;Belo texto num belo filme!&#8221; O trecho em quest\u00e3o \u00e9 uma &hellip;<\/p>\n","protected":false},"author":1,"featured_media":5038,"comment_status":"closed","ping_status":"closed","sticky":false,"template":"","format":"standard","meta":{"footnotes":""},"categories":[24],"tags":[],"class_list":["post-5037","post","type-post","status-publish","format-standard","has-post-thumbnail","hentry","category-entretenimento"],"yoast_head":"<!-- This site is optimized with the Yoast SEO plugin v27.4 - https:\/\/yoast.com\/product\/yoast-seo-wordpress\/ -->\n<title>Padre J\u00falio Lancelotti elogia &#039;Conclave&#039;: &#039;Belo filme&#039; - Transam\u00e9rica Mococa 93,3<\/title>\n<meta name=\"robots\" content=\"index, follow, max-snippet:-1, max-image-preview:large, max-video-preview:-1\" \/>\n<link rel=\"canonical\" href=\"https:\/\/transamerica93.com.br\/home\/padre-julio-lancelotti-elogia-conclave-belo-filme\/\" \/>\n<meta property=\"og:locale\" content=\"pt_BR\" \/>\n<meta property=\"og:type\" content=\"article\" \/>\n<meta property=\"og:title\" content=\"Padre J\u00falio Lancelotti elogia &#039;Conclave&#039;: &#039;Belo filme&#039; - Transam\u00e9rica Mococa 93,3\" \/>\n<meta property=\"og:description\" content=\"Por Reda\u00e7\u00e3o, O Estado de S. Paulo Bastante ativo nas redes sociais, o padre J\u00falio Lancelotti aprovou o filme Conclave, vencedor do Oscar de Melhor Roteiro Adaptado. O sacerdote publicou uma imagem em seu perfil no Instagram com uma cita\u00e7\u00e3o do longa, e elogiou: &#8220;Belo texto num belo filme!&#8221; O trecho em quest\u00e3o \u00e9 uma &hellip;\" \/>\n<meta property=\"og:url\" content=\"https:\/\/transamerica93.com.br\/home\/padre-julio-lancelotti-elogia-conclave-belo-filme\/\" \/>\n<meta property=\"og:site_name\" content=\"Transam\u00e9rica Mococa 93,3\" \/>\n<meta property=\"article:publisher\" content=\"https:\/\/www.facebook.com\/transamericamococa\" \/>\n<meta property=\"article:published_time\" content=\"2025-03-28T21:00:58+00:00\" \/>\n<meta property=\"og:image\" content=\"https:\/\/transamerica93.com.br\/home\/wp-content\/uploads\/2025\/03\/Image1-18.jpg\" \/>\n\t<meta property=\"og:image:width\" content=\"800\" \/>\n\t<meta property=\"og:image:height\" content=\"431\" \/>\n\t<meta property=\"og:image:type\" content=\"image\/jpeg\" \/>\n<meta name=\"author\" content=\"Reda\u00e7\u00e3o\" \/>\n<meta name=\"twitter:card\" content=\"summary_large_image\" \/>\n<meta name=\"twitter:creator\" content=\"@transamerica933\" \/>\n<meta name=\"twitter:site\" content=\"@transamerica933\" \/>\n<meta name=\"twitter:label1\" content=\"Escrito por\" \/>\n\t<meta name=\"twitter:data1\" content=\"Reda\u00e7\u00e3o\" \/>\n\t<meta name=\"twitter:label2\" content=\"Est. tempo de leitura\" \/>\n\t<meta name=\"twitter:data2\" content=\"2 minutos\" \/>\n<script type=\"application\/ld+json\" class=\"yoast-schema-graph\">{\"@context\":\"https:\\\/\\\/schema.org\",\"@graph\":[{\"@type\":\"Article\",\"@id\":\"https:\\\/\\\/transamerica93.com.br\\\/home\\\/padre-julio-lancelotti-elogia-conclave-belo-filme\\\/#article\",\"isPartOf\":{\"@id\":\"https:\\\/\\\/transamerica93.com.br\\\/home\\\/padre-julio-lancelotti-elogia-conclave-belo-filme\\\/\"},\"author\":{\"name\":\"Reda\u00e7\u00e3o\",\"@id\":\"https:\\\/\\\/transamerica93.com.br\\\/home\\\/#\\\/schema\\\/person\\\/7fed7c99c0d4562efa8561bc0f543172\"},\"headline\":\"Padre J\u00falio Lancelotti elogia &#8216;Conclave&#8217;: &#8216;Belo filme&#8217;\",\"datePublished\":\"2025-03-28T21:00:58+00:00\",\"mainEntityOfPage\":{\"@id\":\"https:\\\/\\\/transamerica93.com.br\\\/home\\\/padre-julio-lancelotti-elogia-conclave-belo-filme\\\/\"},\"wordCount\":244,\"publisher\":{\"@id\":\"https:\\\/\\\/transamerica93.com.br\\\/home\\\/#organization\"},\"image\":{\"@id\":\"https:\\\/\\\/transamerica93.com.br\\\/home\\\/padre-julio-lancelotti-elogia-conclave-belo-filme\\\/#primaryimage\"},\"thumbnailUrl\":\"https:\\\/\\\/transamerica93.com.br\\\/home\\\/wp-content\\\/uploads\\\/2025\\\/03\\\/Image1-18.jpg\",\"articleSection\":[\"Entretenimento\"],\"inLanguage\":\"pt-BR\"},{\"@type\":\"WebPage\",\"@id\":\"https:\\\/\\\/transamerica93.com.br\\\/home\\\/padre-julio-lancelotti-elogia-conclave-belo-filme\\\/\",\"url\":\"https:\\\/\\\/transamerica93.com.br\\\/home\\\/padre-julio-lancelotti-elogia-conclave-belo-filme\\\/\",\"name\":\"Padre J\u00falio Lancelotti elogia 'Conclave': 'Belo filme' - Transam\u00e9rica Mococa 93,3\",\"isPartOf\":{\"@id\":\"https:\\\/\\\/transamerica93.com.br\\\/home\\\/#website\"},\"primaryImageOfPage\":{\"@id\":\"https:\\\/\\\/transamerica93.com.br\\\/home\\\/padre-julio-lancelotti-elogia-conclave-belo-filme\\\/#primaryimage\"},\"image\":{\"@id\":\"https:\\\/\\\/transamerica93.com.br\\\/home\\\/padre-julio-lancelotti-elogia-conclave-belo-filme\\\/#primaryimage\"},\"thumbnailUrl\":\"https:\\\/\\\/transamerica93.com.br\\\/home\\\/wp-content\\\/uploads\\\/2025\\\/03\\\/Image1-18.jpg\",\"datePublished\":\"2025-03-28T21:00:58+00:00\",\"breadcrumb\":{\"@id\":\"https:\\\/\\\/transamerica93.com.br\\\/home\\\/padre-julio-lancelotti-elogia-conclave-belo-filme\\\/#breadcrumb\"},\"inLanguage\":\"pt-BR\",\"potentialAction\":[{\"@type\":\"ReadAction\",\"target\":[\"https:\\\/\\\/transamerica93.com.br\\\/home\\\/padre-julio-lancelotti-elogia-conclave-belo-filme\\\/\"]}]},{\"@type\":\"ImageObject\",\"inLanguage\":\"pt-BR\",\"@id\":\"https:\\\/\\\/transamerica93.com.br\\\/home\\\/padre-julio-lancelotti-elogia-conclave-belo-filme\\\/#primaryimage\",\"url\":\"https:\\\/\\\/transamerica93.com.br\\\/home\\\/wp-content\\\/uploads\\\/2025\\\/03\\\/Image1-18.jpg\",\"contentUrl\":\"https:\\\/\\\/transamerica93.com.br\\\/home\\\/wp-content\\\/uploads\\\/2025\\\/03\\\/Image1-18.jpg\",\"width\":800,\"height\":431},{\"@type\":\"BreadcrumbList\",\"@id\":\"https:\\\/\\\/transamerica93.com.br\\\/home\\\/padre-julio-lancelotti-elogia-conclave-belo-filme\\\/#breadcrumb\",\"itemListElement\":[{\"@type\":\"ListItem\",\"position\":1,\"name\":\"In\u00edcio\",\"item\":\"https:\\\/\\\/transamerica93.com.br\\\/home\\\/\"},{\"@type\":\"ListItem\",\"position\":2,\"name\":\"Padre J\u00falio Lancelotti elogia &#8216;Conclave&#8217;: &#8216;Belo filme&#8217;\"}]},{\"@type\":\"WebSite\",\"@id\":\"https:\\\/\\\/transamerica93.com.br\\\/home\\\/#website\",\"url\":\"https:\\\/\\\/transamerica93.com.br\\\/home\\\/\",\"name\":\"Transam\u00e9rica Mococa 93,3\",\"description\":\"\",\"publisher\":{\"@id\":\"https:\\\/\\\/transamerica93.com.br\\\/home\\\/#organization\"},\"potentialAction\":[{\"@type\":\"SearchAction\",\"target\":{\"@type\":\"EntryPoint\",\"urlTemplate\":\"https:\\\/\\\/transamerica93.com.br\\\/home\\\/?s={search_term_string}\"},\"query-input\":{\"@type\":\"PropertyValueSpecification\",\"valueRequired\":true,\"valueName\":\"search_term_string\"}}],\"inLanguage\":\"pt-BR\"},{\"@type\":\"Organization\",\"@id\":\"https:\\\/\\\/transamerica93.com.br\\\/home\\\/#organization\",\"name\":\"Transam\u00e9rica Mococa 93,3\",\"url\":\"https:\\\/\\\/transamerica93.com.br\\\/home\\\/\",\"logo\":{\"@type\":\"ImageObject\",\"inLanguage\":\"pt-BR\",\"@id\":\"https:\\\/\\\/transamerica93.com.br\\\/home\\\/#\\\/schema\\\/logo\\\/image\\\/\",\"url\":\"https:\\\/\\\/transamerica93.com.br\\\/home\\\/wp-content\\\/uploads\\\/2023\\\/10\\\/logo2.png\",\"contentUrl\":\"https:\\\/\\\/transamerica93.com.br\\\/home\\\/wp-content\\\/uploads\\\/2023\\\/10\\\/logo2.png\",\"width\":800,\"height\":500,\"caption\":\"Transam\u00e9rica Mococa 93,3\"},\"image\":{\"@id\":\"https:\\\/\\\/transamerica93.com.br\\\/home\\\/#\\\/schema\\\/logo\\\/image\\\/\"},\"sameAs\":[\"https:\\\/\\\/www.facebook.com\\\/transamericamococa\",\"https:\\\/\\\/x.com\\\/transamerica933\",\"https:\\\/\\\/www.instagram.com\\\/transamericamococa\"]},{\"@type\":\"Person\",\"@id\":\"https:\\\/\\\/transamerica93.com.br\\\/home\\\/#\\\/schema\\\/person\\\/7fed7c99c0d4562efa8561bc0f543172\",\"name\":\"Reda\u00e7\u00e3o\",\"image\":{\"@type\":\"ImageObject\",\"inLanguage\":\"pt-BR\",\"@id\":\"https:\\\/\\\/secure.gravatar.com\\\/avatar\\\/1072c6b775fb02ef8506ce967551d95926669a6b7d2c2147b42eea4d7c68395e?s=96&d=mm&r=g\",\"url\":\"https:\\\/\\\/secure.gravatar.com\\\/avatar\\\/1072c6b775fb02ef8506ce967551d95926669a6b7d2c2147b42eea4d7c68395e?s=96&d=mm&r=g\",\"contentUrl\":\"https:\\\/\\\/secure.gravatar.com\\\/avatar\\\/1072c6b775fb02ef8506ce967551d95926669a6b7d2c2147b42eea4d7c68395e?s=96&d=mm&r=g\",\"caption\":\"Reda\u00e7\u00e3o\"},\"sameAs\":[\"https:\\\/\\\/transamerica93.com.br\\\/home\"],\"url\":\"https:\\\/\\\/transamerica93.com.br\\\/home\\\/author\\\/william\\\/\"}]}<\/script>\n<!-- \/ Yoast SEO plugin. -->","yoast_head_json":{"title":"Padre J\u00falio Lancelotti elogia 'Conclave': 'Belo filme' - Transam\u00e9rica Mococa 93,3","robots":{"index":"index","follow":"follow","max-snippet":"max-snippet:-1","max-image-preview":"max-image-preview:large","max-video-preview":"max-video-preview:-1"},"canonical":"https:\/\/transamerica93.com.br\/home\/padre-julio-lancelotti-elogia-conclave-belo-filme\/","og_locale":"pt_BR","og_type":"article","og_title":"Padre J\u00falio Lancelotti elogia 'Conclave': 'Belo filme' - Transam\u00e9rica Mococa 93,3","og_description":"Por Reda\u00e7\u00e3o, O Estado de S. Paulo Bastante ativo nas redes sociais, o padre J\u00falio Lancelotti aprovou o filme Conclave, vencedor do Oscar de Melhor Roteiro Adaptado. O sacerdote publicou uma imagem em seu perfil no Instagram com uma cita\u00e7\u00e3o do longa, e elogiou: &#8220;Belo texto num belo filme!&#8221; O trecho em quest\u00e3o \u00e9 uma &hellip;","og_url":"https:\/\/transamerica93.com.br\/home\/padre-julio-lancelotti-elogia-conclave-belo-filme\/","og_site_name":"Transam\u00e9rica Mococa 93,3","article_publisher":"https:\/\/www.facebook.com\/transamericamococa","article_published_time":"2025-03-28T21:00:58+00:00","og_image":[{"width":800,"height":431,"url":"https:\/\/transamerica93.com.br\/home\/wp-content\/uploads\/2025\/03\/Image1-18.jpg","type":"image\/jpeg"}],"author":"Reda\u00e7\u00e3o","twitter_card":"summary_large_image","twitter_creator":"@transamerica933","twitter_site":"@transamerica933","twitter_misc":{"Escrito por":"Reda\u00e7\u00e3o","Est. tempo de leitura":"2 minutos"},"schema":{"@context":"https:\/\/schema.org","@graph":[{"@type":"Article","@id":"https:\/\/transamerica93.com.br\/home\/padre-julio-lancelotti-elogia-conclave-belo-filme\/#article","isPartOf":{"@id":"https:\/\/transamerica93.com.br\/home\/padre-julio-lancelotti-elogia-conclave-belo-filme\/"},"author":{"name":"Reda\u00e7\u00e3o","@id":"https:\/\/transamerica93.com.br\/home\/#\/schema\/person\/7fed7c99c0d4562efa8561bc0f543172"},"headline":"Padre J\u00falio Lancelotti elogia &#8216;Conclave&#8217;: &#8216;Belo filme&#8217;","datePublished":"2025-03-28T21:00:58+00:00","mainEntityOfPage":{"@id":"https:\/\/transamerica93.com.br\/home\/padre-julio-lancelotti-elogia-conclave-belo-filme\/"},"wordCount":244,"publisher":{"@id":"https:\/\/transamerica93.com.br\/home\/#organization"},"image":{"@id":"https:\/\/transamerica93.com.br\/home\/padre-julio-lancelotti-elogia-conclave-belo-filme\/#primaryimage"},"thumbnailUrl":"https:\/\/transamerica93.com.br\/home\/wp-content\/uploads\/2025\/03\/Image1-18.jpg","articleSection":["Entretenimento"],"inLanguage":"pt-BR"},{"@type":"WebPage","@id":"https:\/\/transamerica93.com.br\/home\/padre-julio-lancelotti-elogia-conclave-belo-filme\/","url":"https:\/\/transamerica93.com.br\/home\/padre-julio-lancelotti-elogia-conclave-belo-filme\/","name":"Padre J\u00falio Lancelotti elogia 'Conclave': 'Belo filme' - Transam\u00e9rica Mococa 93,3","isPartOf":{"@id":"https:\/\/transamerica93.com.br\/home\/#website"},"primaryImageOfPage":{"@id":"https:\/\/transamerica93.com.br\/home\/padre-julio-lancelotti-elogia-conclave-belo-filme\/#primaryimage"},"image":{"@id":"https:\/\/transamerica93.com.br\/home\/padre-julio-lancelotti-elogia-conclave-belo-filme\/#primaryimage"},"thumbnailUrl":"https:\/\/transamerica93.com.br\/home\/wp-content\/uploads\/2025\/03\/Image1-18.jpg","datePublished":"2025-03-28T21:00:58+00:00","breadcrumb":{"@id":"https:\/\/transamerica93.com.br\/home\/padre-julio-lancelotti-elogia-conclave-belo-filme\/#breadcrumb"},"inLanguage":"pt-BR","potentialAction":[{"@type":"ReadAction","target":["https:\/\/transamerica93.com.br\/home\/padre-julio-lancelotti-elogia-conclave-belo-filme\/"]}]},{"@type":"ImageObject","inLanguage":"pt-BR","@id":"https:\/\/transamerica93.com.br\/home\/padre-julio-lancelotti-elogia-conclave-belo-filme\/#primaryimage","url":"https:\/\/transamerica93.com.br\/home\/wp-content\/uploads\/2025\/03\/Image1-18.jpg","contentUrl":"https:\/\/transamerica93.com.br\/home\/wp-content\/uploads\/2025\/03\/Image1-18.jpg","width":800,"height":431},{"@type":"BreadcrumbList","@id":"https:\/\/transamerica93.com.br\/home\/padre-julio-lancelotti-elogia-conclave-belo-filme\/#breadcrumb","itemListElement":[{"@type":"ListItem","position":1,"name":"In\u00edcio","item":"https:\/\/transamerica93.com.br\/home\/"},{"@type":"ListItem","position":2,"name":"Padre J\u00falio Lancelotti elogia &#8216;Conclave&#8217;: &#8216;Belo filme&#8217;"}]},{"@type":"WebSite","@id":"https:\/\/transamerica93.com.br\/home\/#website","url":"https:\/\/transamerica93.com.br\/home\/","name":"Transam\u00e9rica Mococa 93,3","description":"","publisher":{"@id":"https:\/\/transamerica93.com.br\/home\/#organization"},"potentialAction":[{"@type":"SearchAction","target":{"@type":"EntryPoint","urlTemplate":"https:\/\/transamerica93.com.br\/home\/?s={search_term_string}"},"query-input":{"@type":"PropertyValueSpecification","valueRequired":true,"valueName":"search_term_string"}}],"inLanguage":"pt-BR"},{"@type":"Organization","@id":"https:\/\/transamerica93.com.br\/home\/#organization","name":"Transam\u00e9rica Mococa 93,3","url":"https:\/\/transamerica93.com.br\/home\/","logo":{"@type":"ImageObject","inLanguage":"pt-BR","@id":"https:\/\/transamerica93.com.br\/home\/#\/schema\/logo\/image\/","url":"https:\/\/transamerica93.com.br\/home\/wp-content\/uploads\/2023\/10\/logo2.png","contentUrl":"https:\/\/transamerica93.com.br\/home\/wp-content\/uploads\/2023\/10\/logo2.png","width":800,"height":500,"caption":"Transam\u00e9rica Mococa 93,3"},"image":{"@id":"https:\/\/transamerica93.com.br\/home\/#\/schema\/logo\/image\/"},"sameAs":["https:\/\/www.facebook.com\/transamericamococa","https:\/\/x.com\/transamerica933","https:\/\/www.instagram.com\/transamericamococa"]},{"@type":"Person","@id":"https:\/\/transamerica93.com.br\/home\/#\/schema\/person\/7fed7c99c0d4562efa8561bc0f543172","name":"Reda\u00e7\u00e3o","image":{"@type":"ImageObject","inLanguage":"pt-BR","@id":"https:\/\/secure.gravatar.com\/avatar\/1072c6b775fb02ef8506ce967551d95926669a6b7d2c2147b42eea4d7c68395e?s=96&d=mm&r=g","url":"https:\/\/secure.gravatar.com\/avatar\/1072c6b775fb02ef8506ce967551d95926669a6b7d2c2147b42eea4d7c68395e?s=96&d=mm&r=g","contentUrl":"https:\/\/secure.gravatar.com\/avatar\/1072c6b775fb02ef8506ce967551d95926669a6b7d2c2147b42eea4d7c68395e?s=96&d=mm&r=g","caption":"Reda\u00e7\u00e3o"},"sameAs":["https:\/\/transamerica93.com.br\/home"],"url":"https:\/\/transamerica93.com.br\/home\/author\/william\/"}]}},"_links":{"self":[{"href":"https:\/\/transamerica93.com.br\/home\/wp-json\/wp\/v2\/posts\/5037","targetHints":{"allow":["GET"]}}],"collection":[{"href":"https:\/\/transamerica93.com.br\/home\/wp-json\/wp\/v2\/posts"}],"about":[{"href":"https:\/\/transamerica93.com.br\/home\/wp-json\/wp\/v2\/types\/post"}],"author":[{"embeddable":true,"href":"https:\/\/transamerica93.com.br\/home\/wp-json\/wp\/v2\/users\/1"}],"replies":[{"embeddable":true,"href":"https:\/\/transamerica93.com.br\/home\/wp-json\/wp\/v2\/comments?post=5037"}],"version-history":[{"count":1,"href":"https:\/\/transamerica93.com.br\/home\/wp-json\/wp\/v2\/posts\/5037\/revisions"}],"predecessor-version":[{"id":5039,"href":"https:\/\/transamerica93.com.br\/home\/wp-json\/wp\/v2\/posts\/5037\/revisions\/5039"}],"wp:featuredmedia":[{"embeddable":true,"href":"https:\/\/transamerica93.com.br\/home\/wp-json\/wp\/v2\/media\/5038"}],"wp:attachment":[{"href":"https:\/\/transamerica93.com.br\/home\/wp-json\/wp\/v2\/media?parent=5037"}],"wp:term":[{"taxonomy":"category","embeddable":true,"href":"https:\/\/transamerica93.com.br\/home\/wp-json\/wp\/v2\/categories?post=5037"},{"taxonomy":"post_tag","embeddable":true,"href":"https:\/\/transamerica93.com.br\/home\/wp-json\/wp\/v2\/tags?post=5037"}],"curies":[{"name":"wp","href":"https:\/\/api.w.org\/{rel}","templated":true}]}}